{"id":13158,"date":"2024-03-14T02:07:21","date_gmt":"2024-03-14T05:07:21","guid":{"rendered":"https:\/\/apuntesdesanluis.com\/?p=13158"},"modified":"2024-03-14T09:33:21","modified_gmt":"2024-03-14T12:33:21","slug":"los-gremios-estatales-haran-un-cese-de-actividades-y-movilizacion-el-viernes-22","status":"publish","type":"post","link":"https:\/\/apuntesdesanluis.com\/index.php\/2024\/03\/14\/los-gremios-estatales-haran-un-cese-de-actividades-y-movilizacion-el-viernes-22\/","title":{"rendered":"LOS GREMIOS ESTATALES HAR\u00c1N UN CESE DE ACTIVIDADES Y MOVILIZACI\u00d3N EL VIERNES 22"},"content":{"rendered":"<h3>As\u00ed lo resolvi\u00f3 este mi\u00e9rcoles el &#8220;Plenario Provincial de Sindicatos Estatales&#8221; que deliber\u00f3 en San Luis, con la presencia de aproximadamente 13 asociaciones sindicales provinciales, ante la falta de respuestas concretas del gobierno provincial al reclamo de recomposici\u00f3n salarial.<\/h3>\n<h3>Hubo un debate profundo, donde cada sector expuso las consecuencias del retraso salarial que padecen los estatales del mes mes de noviembre, al tiempo que se expresaron las problem\u00e1ticas espec\u00edficas de cada \u00e1mbito.<\/h3>\n<h3>Por \u00faltimo, se vot\u00f3 de manera un\u00e1nime como primera medida un \u201cCESE DE ACTIVIDADES, para el d\u00eda 22 de este mes a partir de las 12 hs, con MOVILIZACION a Terrazas de Portezuelo\u201d.<\/h3>\n<h3>Adem\u00e1s, se traz\u00f3 un \u201cplan de lucha estrat\u00e9gico y unificado, en la que cada gremio se mostr\u00f3 dispuesto a seguirlo en caso de que la dirigencia pol\u00edtica provincial no atienda las justas demandas de recomposici\u00f3n salarial, tan necesarias en un contexto de inflaci\u00f3n descontrolada, devaluaci\u00f3n, aumento de impuestos y quita de subsidios a nivel provincial y nacional\u201d.<\/h3>\n<p><img fetchpriority=\"high\" decoding=\"async\" class=\"wp-image-13160 aligncenter\" src=\"https:\/\/apuntesdesanluis.com\/wp-content\/uploads\/2024\/03\/estatales-plenario-300x163.png\" alt=\"\" width=\"606\" height=\"329\" srcset=\"https:\/\/apuntesdesanluis.com\/wp-content\/uploads\/2024\/03\/estatales-plenario-300x163.png 300w, https:\/\/apuntesdesanluis.com\/wp-content\/uploads\/2024\/03\/estatales-plenario.png 600w\" sizes=\"(max-width: 606px) 100vw, 606px\" \/><\/p>\n<h3>En este orden de ideas, tambi\u00e9n se vot\u00f3 positivamente una movilizaci\u00f3n a la Legislatura provincial para el d\u00eda primero de abril, dia de la apertura de sesiones que tendr\u00e1 a su cargo el gobernador Claudio Poggi.<\/h3>\n<h3><strong>JUDICIALES<\/strong><\/h3>\n<h3>El Sindicato Judiciales Puntanos inform\u00f3 que ambas resoluciones ser\u00e1n tratadas los d\u00edas jueves 14 y viernes 15 de marzo en las asambleas a llevarse a cabo en cada circunscripci\u00f3n judicial.<\/h3>\n<h3>\u201cEste hito marca el comienzo de un camino extenso, forjado tras dos a\u00f1os de esfuerzos de esta organizaci\u00f3n por lograr la unidad de todas las instituciones provinciales. Enfrentamos la falta de respuesta de un ejecutivo que hoy NO nos considera prioridad, precarizando nuestros salarios y la dignidad de trabajadores y trabajadoras en diversos sectores: docentes, universitarios, de la salud, legislativos, municipales, p\u00fablicos, judiciales, entre otros\u201d, enfatiz\u00f3 el SiJuPu.<\/h3>\n<p><img decoding=\"async\" class=\"wp-image-13161 aligncenter\" src=\"https:\/\/apuntesdesanluis.com\/wp-content\/uploads\/2024\/03\/judiciales-300x256.png\" alt=\"\" width=\"613\" height=\"523\" srcset=\"https:\/\/apuntesdesanluis.com\/wp-content\/uploads\/2024\/03\/judiciales-300x256.png 300w, https:\/\/apuntesdesanluis.com\/wp-content\/uploads\/2024\/03\/judiciales.png 600w\" sizes=\"(max-width: 613px) 100vw, 613px\" \/><\/p>\n<h3>El gremio que conduce <strong>Luciano Cardarelli<\/strong> se\u00f1al\u00f3: \u201cEste evento hist\u00f3rico cont\u00f3 con el respaldo y la participaci\u00f3n de las tres centrales de trabajadores\/as: CTA Aut\u00f3noma, CTA de los Trabajadores y CGT seccional San Luis y Villa Mercedes. Agradecemos tambi\u00e9n la presencia y apoyo de la Federaci\u00f3n Sindical de Profesionales de la Salud de la Rep\u00fablica Argentina, representantes de la Federaci\u00f3n Judicial Argentina, como la presencia destacada de Federico Emilio Cortelletti (adem\u00e1s Secretario General de AGEPJ e integrante del triunvirato de la CGT C\u00f3rdoba) y Martin Gonzalo M\u00e9ndez (Prosecretario de Prensa y Difusi\u00f3n AGEPJ), y de Rodolfo Ariel Aguiar, Secretario General de ATE Nacional.<\/h3>\n<h3>Nuestro agradecimiento profundo a cada sector presente y, sobre todo, a cada afiliado\/a y al cuerpo de delegados\/as que viajaron para ser parte de este encuentro significativo. Esta jornada marca un antes y un despu\u00e9s en la historia sindical de la provincia, fortaleciendo nuestro reclamo salarial con consenso y unidad de acci\u00f3n\u201d.<\/h3>\n<p>&nbsp;<\/p>\n<p>&nbsp;<\/p>\n<p>&nbsp;<\/p>\n<p>&nbsp;<\/p>\n<p>&nbsp;<\/p>\n<p>&nbsp;<\/p>\n","protected":false},"excerpt":{"rendered":"<p>As\u00ed lo resolvi\u00f3 este mi\u00e9rcoles el &#8220;Plenario Provincial de Sindicatos Estatales&#8221; que deliber\u00f3 en San&#8230;<\/p>\n","protected":false},"author":1,"featured_media":13159,"comment_status":"closed","ping_status":"closed","sticky":false,"template":"","format":"standard","meta":{"footnotes":""},"categories":[6],"tags":[],"class_list":["post-13158","post","type-post","status-publish","format-standard","has-post-thumbnail","hentry","category-ciudad-provincia"],"yoast_head":"<!-- This site is optimized with the Yoast SEO plugin v26.1.1 - https:\/\/yoast.com\/wordpress\/plugins\/seo\/ -->\n<title>LOS GREMIOS ESTATALES HAR\u00c1N UN CESE DE ACTIVIDADES Y MOVILIZACI\u00d3N EL VIERNES 22 - Apuntes de San Luis<\/title>\n<meta name=\"robots\" content=\"index, follow, max-snippet:-1, max-image-preview:large, max-video-preview:-1\" \/>\n<link rel=\"canonical\" href=\"https:\/\/apuntesdesanluis.com\/index.php\/2024\/03\/14\/los-gremios-estatales-haran-un-cese-de-actividades-y-movilizacion-el-viernes-22\/\" \/>\n<meta property=\"og:locale\" content=\"es_ES\" \/>\n<meta property=\"og:type\" content=\"article\" \/>\n<meta property=\"og:title\" content=\"LOS GREMIOS ESTATALES HAR\u00c1N UN CESE DE ACTIVIDADES Y MOVILIZACI\u00d3N EL VIERNES 22 - Apuntes de San Luis\" \/>\n<meta property=\"og:description\" content=\"As\u00ed lo resolvi\u00f3 este mi\u00e9rcoles el &#8220;Plenario Provincial de Sindicatos Estatales&#8221; que deliber\u00f3 en San...\" \/>\n<meta property=\"og:url\" content=\"https:\/\/apuntesdesanluis.com\/index.php\/2024\/03\/14\/los-gremios-estatales-haran-un-cese-de-actividades-y-movilizacion-el-viernes-22\/\" \/>\n<meta property=\"og:site_name\" content=\"Apuntes de San Luis\" \/>\n<meta property=\"article:published_time\" content=\"2024-03-14T05:07:21+00:00\" \/>\n<meta property=\"article:modified_time\" content=\"2024-03-14T12:33:21+00:00\" \/>\n<meta property=\"og:image\" content=\"https:\/\/apuntesdesanluis.com\/wp-content\/uploads\/2024\/03\/estatales-mesa.png\" \/>\n\t<meta property=\"og:image:width\" content=\"600\" \/>\n\t<meta property=\"og:image:height\" content=\"364\" \/>\n\t<meta property=\"og:image:type\" content=\"image\/png\" \/>\n<meta name=\"author\" content=\"apuntesdesanluis.com\" \/>\n<meta name=\"twitter:card\" content=\"summary_large_image\" \/>\n<meta name=\"twitter:label1\" content=\"Escrito por\" \/>\n\t<meta name=\"twitter:data1\" content=\"apuntesdesanluis.com\" \/>\n\t<meta name=\"twitter:label2\" content=\"Tiempo de lectura\" \/>\n\t<meta name=\"twitter:data2\" content=\"3 minutos\" \/>\n<script type=\"application\/ld+json\" class=\"yoast-schema-graph\">{\"@context\":\"https:\/\/schema.org\",\"@graph\":[{\"@type\":\"Article\",\"@id\":\"https:\/\/apuntesdesanluis.com\/index.php\/2024\/03\/14\/los-gremios-estatales-haran-un-cese-de-actividades-y-movilizacion-el-viernes-22\/#article\",\"isPartOf\":{\"@id\":\"https:\/\/apuntesdesanluis.com\/index.php\/2024\/03\/14\/los-gremios-estatales-haran-un-cese-de-actividades-y-movilizacion-el-viernes-22\/\"},\"author\":{\"name\":\"apuntesdesanluis.com\",\"@id\":\"https:\/\/apuntesdesanluis.com\/#\/schema\/person\/b55151d52296fcce64d1a72538a70b90\"},\"headline\":\"LOS GREMIOS ESTATALES HAR\u00c1N UN CESE DE ACTIVIDADES Y MOVILIZACI\u00d3N EL VIERNES 22\",\"datePublished\":\"2024-03-14T05:07:21+00:00\",\"dateModified\":\"2024-03-14T12:33:21+00:00\",\"mainEntityOfPage\":{\"@id\":\"https:\/\/apuntesdesanluis.com\/index.php\/2024\/03\/14\/los-gremios-estatales-haran-un-cese-de-actividades-y-movilizacion-el-viernes-22\/\"},\"wordCount\":505,\"publisher\":{\"@id\":\"https:\/\/apuntesdesanluis.com\/#\/schema\/person\/b55151d52296fcce64d1a72538a70b90\"},\"image\":{\"@id\":\"https:\/\/apuntesdesanluis.com\/index.php\/2024\/03\/14\/los-gremios-estatales-haran-un-cese-de-actividades-y-movilizacion-el-viernes-22\/#primaryimage\"},\"thumbnailUrl\":\"https:\/\/apuntesdesanluis.com\/wp-content\/uploads\/2024\/03\/estatales-mesa.png\",\"articleSection\":[\"Ciudad\/Provincia\"],\"inLanguage\":\"es-AR\"},{\"@type\":\"WebPage\",\"@id\":\"https:\/\/apuntesdesanluis.com\/index.php\/2024\/03\/14\/los-gremios-estatales-haran-un-cese-de-actividades-y-movilizacion-el-viernes-22\/\",\"url\":\"https:\/\/apuntesdesanluis.com\/index.php\/2024\/03\/14\/los-gremios-estatales-haran-un-cese-de-actividades-y-movilizacion-el-viernes-22\/\",\"name\":\"LOS GREMIOS ESTATALES HAR\u00c1N UN CESE DE ACTIVIDADES Y MOVILIZACI\u00d3N EL VIERNES 22 - Apuntes de San Luis\",\"isPartOf\":{\"@id\":\"https:\/\/apuntesdesanluis.com\/#website\"},\"primaryImageOfPage\":{\"@id\":\"https:\/\/apuntesdesanluis.com\/index.php\/2024\/03\/14\/los-gremios-estatales-haran-un-cese-de-actividades-y-movilizacion-el-viernes-22\/#primaryimage\"},\"image\":{\"@id\":\"https:\/\/apuntesdesanluis.com\/index.php\/2024\/03\/14\/los-gremios-estatales-haran-un-cese-de-actividades-y-movilizacion-el-viernes-22\/#primaryimage\"},\"thumbnailUrl\":\"https:\/\/apuntesdesanluis.com\/wp-content\/uploads\/2024\/03\/estatales-mesa.png\",\"datePublished\":\"2024-03-14T05:07:21+00:00\",\"dateModified\":\"2024-03-14T12:33:21+00:00\",\"breadcrumb\":{\"@id\":\"https:\/\/apuntesdesanluis.com\/index.php\/2024\/03\/14\/los-gremios-estatales-haran-un-cese-de-actividades-y-movilizacion-el-viernes-22\/#breadcrumb\"},\"inLanguage\":\"es-AR\",\"potentialAction\":[{\"@type\":\"ReadAction\",\"target\":[\"https:\/\/apuntesdesanluis.com\/index.php\/2024\/03\/14\/los-gremios-estatales-haran-un-cese-de-actividades-y-movilizacion-el-viernes-22\/\"]}]},{\"@type\":\"ImageObject\",\"inLanguage\":\"es-AR\",\"@id\":\"https:\/\/apuntesdesanluis.com\/index.php\/2024\/03\/14\/los-gremios-estatales-haran-un-cese-de-actividades-y-movilizacion-el-viernes-22\/#primaryimage\",\"url\":\"https:\/\/apuntesdesanluis.com\/wp-content\/uploads\/2024\/03\/estatales-mesa.png\",\"contentUrl\":\"https:\/\/apuntesdesanluis.com\/wp-content\/uploads\/2024\/03\/estatales-mesa.png\",\"width\":600,\"height\":364},{\"@type\":\"BreadcrumbList\",\"@id\":\"https:\/\/apuntesdesanluis.com\/index.php\/2024\/03\/14\/los-gremios-estatales-haran-un-cese-de-actividades-y-movilizacion-el-viernes-22\/#breadcrumb\",\"itemListElement\":[{\"@type\":\"ListItem\",\"position\":1,\"name\":\"Inicio\",\"item\":\"https:\/\/apuntesdesanluis.com\/\"},{\"@type\":\"ListItem\",\"position\":2,\"name\":\"LOS GREMIOS ESTATALES HAR\u00c1N UN CESE DE ACTIVIDADES Y MOVILIZACI\u00d3N EL VIERNES 22\"}]},{\"@type\":\"WebSite\",\"@id\":\"https:\/\/apuntesdesanluis.com\/#website\",\"url\":\"https:\/\/apuntesdesanluis.com\/\",\"name\":\"Apuntes de San Luis\",\"description\":\"\",\"publisher\":{\"@id\":\"https:\/\/apuntesdesanluis.com\/#\/schema\/person\/b55151d52296fcce64d1a72538a70b90\"},\"potentialAction\":[{\"@type\":\"SearchAction\",\"target\":{\"@type\":\"EntryPoint\",\"urlTemplate\":\"https:\/\/apuntesdesanluis.com\/?s={search_term_string}\"},\"query-input\":{\"@type\":\"PropertyValueSpecification\",\"valueRequired\":true,\"valueName\":\"search_term_string\"}}],\"inLanguage\":\"es-AR\"},{\"@type\":[\"Person\",\"Organization\"],\"@id\":\"https:\/\/apuntesdesanluis.com\/#\/schema\/person\/b55151d52296fcce64d1a72538a70b90\",\"name\":\"apuntesdesanluis.com\",\"image\":{\"@type\":\"ImageObject\",\"inLanguage\":\"es-AR\",\"@id\":\"https:\/\/apuntesdesanluis.com\/#\/schema\/person\/image\/\",\"url\":\"https:\/\/apuntesdesanluis.com\/wp-content\/uploads\/2023\/07\/cropped-apuntesdesanluis.png\",\"contentUrl\":\"https:\/\/apuntesdesanluis.com\/wp-content\/uploads\/2023\/07\/cropped-apuntesdesanluis.png\",\"width\":450,\"height\":112,\"caption\":\"apuntesdesanluis.com\"},\"logo\":{\"@id\":\"https:\/\/apuntesdesanluis.com\/#\/schema\/person\/image\/\"},\"sameAs\":[\"https:\/\/apuntesdesanluis.com\"],\"url\":\"https:\/\/apuntesdesanluis.com\/index.php\/author\/apuntesdesanluis-com\/\"}]}<\/script>\n<!-- \/ Yoast SEO plugin. -->","yoast_head_json":{"title":"LOS GREMIOS ESTATALES HAR\u00c1N UN CESE DE ACTIVIDADES Y MOVILIZACI\u00d3N EL VIERNES 22 - Apuntes de San Luis","robots":{"index":"index","follow":"follow","max-snippet":"max-snippet:-1","max-image-preview":"max-image-preview:large","max-video-preview":"max-video-preview:-1"},"canonical":"https:\/\/apuntesdesanluis.com\/index.php\/2024\/03\/14\/los-gremios-estatales-haran-un-cese-de-actividades-y-movilizacion-el-viernes-22\/","og_locale":"es_ES","og_type":"article","og_title":"LOS GREMIOS ESTATALES HAR\u00c1N UN CESE DE ACTIVIDADES Y MOVILIZACI\u00d3N EL VIERNES 22 - Apuntes de San Luis","og_description":"As\u00ed lo resolvi\u00f3 este mi\u00e9rcoles el &#8220;Plenario Provincial de Sindicatos Estatales&#8221; que deliber\u00f3 en San...","og_url":"https:\/\/apuntesdesanluis.com\/index.php\/2024\/03\/14\/los-gremios-estatales-haran-un-cese-de-actividades-y-movilizacion-el-viernes-22\/","og_site_name":"Apuntes de San Luis","article_published_time":"2024-03-14T05:07:21+00:00","article_modified_time":"2024-03-14T12:33:21+00:00","og_image":[{"width":600,"height":364,"url":"https:\/\/apuntesdesanluis.com\/wp-content\/uploads\/2024\/03\/estatales-mesa.png","type":"image\/png"}],"author":"apuntesdesanluis.com","twitter_card":"summary_large_image","twitter_misc":{"Escrito por":"apuntesdesanluis.com","Tiempo de lectura":"3 minutos"},"schema":{"@context":"https:\/\/schema.org","@graph":[{"@type":"Article","@id":"https:\/\/apuntesdesanluis.com\/index.php\/2024\/03\/14\/los-gremios-estatales-haran-un-cese-de-actividades-y-movilizacion-el-viernes-22\/#article","isPartOf":{"@id":"https:\/\/apuntesdesanluis.com\/index.php\/2024\/03\/14\/los-gremios-estatales-haran-un-cese-de-actividades-y-movilizacion-el-viernes-22\/"},"author":{"name":"apuntesdesanluis.com","@id":"https:\/\/apuntesdesanluis.com\/#\/schema\/person\/b55151d52296fcce64d1a72538a70b90"},"headline":"LOS GREMIOS ESTATALES HAR\u00c1N UN CESE DE ACTIVIDADES Y MOVILIZACI\u00d3N EL VIERNES 22","datePublished":"2024-03-14T05:07:21+00:00","dateModified":"2024-03-14T12:33:21+00:00","mainEntityOfPage":{"@id":"https:\/\/apuntesdesanluis.com\/index.php\/2024\/03\/14\/los-gremios-estatales-haran-un-cese-de-actividades-y-movilizacion-el-viernes-22\/"},"wordCount":505,"publisher":{"@id":"https:\/\/apuntesdesanluis.com\/#\/schema\/person\/b55151d52296fcce64d1a72538a70b90"},"image":{"@id":"https:\/\/apuntesdesanluis.com\/index.php\/2024\/03\/14\/los-gremios-estatales-haran-un-cese-de-actividades-y-movilizacion-el-viernes-22\/#primaryimage"},"thumbnailUrl":"https:\/\/apuntesdesanluis.com\/wp-content\/uploads\/2024\/03\/estatales-mesa.png","articleSection":["Ciudad\/Provincia"],"inLanguage":"es-AR"},{"@type":"WebPage","@id":"https:\/\/apuntesdesanluis.com\/index.php\/2024\/03\/14\/los-gremios-estatales-haran-un-cese-de-actividades-y-movilizacion-el-viernes-22\/","url":"https:\/\/apuntesdesanluis.com\/index.php\/2024\/03\/14\/los-gremios-estatales-haran-un-cese-de-actividades-y-movilizacion-el-viernes-22\/","name":"LOS GREMIOS ESTATALES HAR\u00c1N UN CESE DE ACTIVIDADES Y MOVILIZACI\u00d3N EL VIERNES 22 - Apuntes de San Luis","isPartOf":{"@id":"https:\/\/apuntesdesanluis.com\/#website"},"primaryImageOfPage":{"@id":"https:\/\/apuntesdesanluis.com\/index.php\/2024\/03\/14\/los-gremios-estatales-haran-un-cese-de-actividades-y-movilizacion-el-viernes-22\/#primaryimage"},"image":{"@id":"https:\/\/apuntesdesanluis.com\/index.php\/2024\/03\/14\/los-gremios-estatales-haran-un-cese-de-actividades-y-movilizacion-el-viernes-22\/#primaryimage"},"thumbnailUrl":"https:\/\/apuntesdesanluis.com\/wp-content\/uploads\/2024\/03\/estatales-mesa.png","datePublished":"2024-03-14T05:07:21+00:00","dateModified":"2024-03-14T12:33:21+00:00","breadcrumb":{"@id":"https:\/\/apuntesdesanluis.com\/index.php\/2024\/03\/14\/los-gremios-estatales-haran-un-cese-de-actividades-y-movilizacion-el-viernes-22\/#breadcrumb"},"inLanguage":"es-AR","potentialAction":[{"@type":"ReadAction","target":["https:\/\/apuntesdesanluis.com\/index.php\/2024\/03\/14\/los-gremios-estatales-haran-un-cese-de-actividades-y-movilizacion-el-viernes-22\/"]}]},{"@type":"ImageObject","inLanguage":"es-AR","@id":"https:\/\/apuntesdesanluis.com\/index.php\/2024\/03\/14\/los-gremios-estatales-haran-un-cese-de-actividades-y-movilizacion-el-viernes-22\/#primaryimage","url":"https:\/\/apuntesdesanluis.com\/wp-content\/uploads\/2024\/03\/estatales-mesa.png","contentUrl":"https:\/\/apuntesdesanluis.com\/wp-content\/uploads\/2024\/03\/estatales-mesa.png","width":600,"height":364},{"@type":"BreadcrumbList","@id":"https:\/\/apuntesdesanluis.com\/index.php\/2024\/03\/14\/los-gremios-estatales-haran-un-cese-de-actividades-y-movilizacion-el-viernes-22\/#breadcrumb","itemListElement":[{"@type":"ListItem","position":1,"name":"Inicio","item":"https:\/\/apuntesdesanluis.com\/"},{"@type":"ListItem","position":2,"name":"LOS GREMIOS ESTATALES HAR\u00c1N UN CESE DE ACTIVIDADES Y MOVILIZACI\u00d3N EL VIERNES 22"}]},{"@type":"WebSite","@id":"https:\/\/apuntesdesanluis.com\/#website","url":"https:\/\/apuntesdesanluis.com\/","name":"Apuntes de San Luis","description":"","publisher":{"@id":"https:\/\/apuntesdesanluis.com\/#\/schema\/person\/b55151d52296fcce64d1a72538a70b90"},"potentialAction":[{"@type":"SearchAction","target":{"@type":"EntryPoint","urlTemplate":"https:\/\/apuntesdesanluis.com\/?s={search_term_string}"},"query-input":{"@type":"PropertyValueSpecification","valueRequired":true,"valueName":"search_term_string"}}],"inLanguage":"es-AR"},{"@type":["Person","Organization"],"@id":"https:\/\/apuntesdesanluis.com\/#\/schema\/person\/b55151d52296fcce64d1a72538a70b90","name":"apuntesdesanluis.com","image":{"@type":"ImageObject","inLanguage":"es-AR","@id":"https:\/\/apuntesdesanluis.com\/#\/schema\/person\/image\/","url":"https:\/\/apuntesdesanluis.com\/wp-content\/uploads\/2023\/07\/cropped-apuntesdesanluis.png","contentUrl":"https:\/\/apuntesdesanluis.com\/wp-content\/uploads\/2023\/07\/cropped-apuntesdesanluis.png","width":450,"height":112,"caption":"apuntesdesanluis.com"},"logo":{"@id":"https:\/\/apuntesdesanluis.com\/#\/schema\/person\/image\/"},"sameAs":["https:\/\/apuntesdesanluis.com"],"url":"https:\/\/apuntesdesanluis.com\/index.php\/author\/apuntesdesanluis-com\/"}]}},"featured_image_urls":{"full":["https:\/\/apuntesdesanluis.com\/wp-content\/uploads\/2024\/03\/estatales-mesa.png",600,364,false],"thumbnail":["https:\/\/apuntesdesanluis.com\/wp-content\/uploads\/2024\/03\/estatales-mesa-150x150.png",150,150,true],"medium":["https:\/\/apuntesdesanluis.com\/wp-content\/uploads\/2024\/03\/estatales-mesa-300x182.png",300,182,true],"medium_large":["https:\/\/apuntesdesanluis.com\/wp-content\/uploads\/2024\/03\/estatales-mesa.png",600,364,false],"large":["https:\/\/apuntesdesanluis.com\/wp-content\/uploads\/2024\/03\/estatales-mesa.png",600,364,false],"1536x1536":["https:\/\/apuntesdesanluis.com\/wp-content\/uploads\/2024\/03\/estatales-mesa.png",600,364,false],"2048x2048":["https:\/\/apuntesdesanluis.com\/wp-content\/uploads\/2024\/03\/estatales-mesa.png",600,364,false],"newsever-slider-full":["https:\/\/apuntesdesanluis.com\/wp-content\/uploads\/2024\/03\/estatales-mesa.png",600,364,false],"newsever-featured":["https:\/\/apuntesdesanluis.com\/wp-content\/uploads\/2024\/03\/estatales-mesa.png",600,364,false],"newsever-medium":["https:\/\/apuntesdesanluis.com\/wp-content\/uploads\/2024\/03\/estatales-mesa.png",600,364,false]},"author_info":{"display_name":"apuntesdesanluis.com","author_link":"https:\/\/apuntesdesanluis.com\/index.php\/author\/apuntesdesanluis-com\/"},"category_info":"<a href=\"https:\/\/apuntesdesanluis.com\/index.php\/category\/ciudad-provincia\/\" rel=\"category tag\">Ciudad\/Provincia<\/a>","tag_info":"Ciudad\/Provincia","comment_count":"0","_links":{"self":[{"href":"https:\/\/apuntesdesanluis.com\/index.php\/wp-json\/wp\/v2\/posts\/13158","targetHints":{"allow":["GET"]}}],"collection":[{"href":"https:\/\/apuntesdesanluis.com\/index.php\/wp-json\/wp\/v2\/posts"}],"about":[{"href":"https:\/\/apuntesdesanluis.com\/index.php\/wp-json\/wp\/v2\/types\/post"}],"author":[{"embeddable":true,"href":"https:\/\/apuntesdesanluis.com\/index.php\/wp-json\/wp\/v2\/users\/1"}],"replies":[{"embeddable":true,"href":"https:\/\/apuntesdesanluis.com\/index.php\/wp-json\/wp\/v2\/comments?post=13158"}],"version-history":[{"count":3,"href":"https:\/\/apuntesdesanluis.com\/index.php\/wp-json\/wp\/v2\/posts\/13158\/revisions"}],"predecessor-version":[{"id":13168,"href":"https:\/\/apuntesdesanluis.com\/index.php\/wp-json\/wp\/v2\/posts\/13158\/revisions\/13168"}],"wp:featuredmedia":[{"embeddable":true,"href":"https:\/\/apuntesdesanluis.com\/index.php\/wp-json\/wp\/v2\/media\/13159"}],"wp:attachment":[{"href":"https:\/\/apuntesdesanluis.com\/index.php\/wp-json\/wp\/v2\/media?parent=13158"}],"wp:term":[{"taxonomy":"category","embeddable":true,"href":"https:\/\/apuntesdesanluis.com\/index.php\/wp-json\/wp\/v2\/categories?post=13158"},{"taxonomy":"post_tag","embeddable":true,"href":"https:\/\/apuntesdesanluis.com\/index.php\/wp-json\/wp\/v2\/tags?post=13158"}],"curies":[{"name":"wp","href":"https:\/\/api.w.org\/{rel}","templated":true}]}}