{"id":13169,"date":"2024-03-14T21:04:12","date_gmt":"2024-03-15T00:04:12","guid":{"rendered":"https:\/\/apuntesdesanluis.com\/?p=13169"},"modified":"2024-03-14T21:04:12","modified_gmt":"2024-03-15T00:04:12","slug":"poggi-hizo-la-apertura-del-encuentro-multinacional-de-referentes-turisticos-en-merlo","status":"publish","type":"post","link":"https:\/\/apuntesdesanluis.com\/index.php\/2024\/03\/14\/poggi-hizo-la-apertura-del-encuentro-multinacional-de-referentes-turisticos-en-merlo\/","title":{"rendered":"POGGI HIZO LA APERTURA DEL ENCUENTRO MULTINACIONAL DE REFERENTES TUR\u00cdSTICOS EN MERLO"},"content":{"rendered":"<h3>Con una de sus principales atracciones como sede, San Luis alberga el <strong>24\u00b0 Encuentro de la Red Federal de Municipios Tur\u00edsticos<\/strong>. Referentes nacionales de la rama p\u00fablica y privada, sumado a la invitaci\u00f3n de representantes de Chile y Uruguay, se congregar\u00e1n durante los pr\u00f3ximos tres d\u00edas en la Casa del Poeta para compartir conocimientos y experiencias recientes y diagramar un plan estrat\u00e9gico para darle impulso al sector de cara al futuro inmediato.<\/h3>\n<h3>Hace 23 a\u00f1os, tras el estallido que provoc\u00f3 la crisis socioecon\u00f3mica del 2001 en Argentina, la Villa de Merlo fue una de las localidades fundadoras de la Red Federal de Municipios Tur\u00edsticos, un organismo cuya finalidad es potenciar el sector tur\u00edstico a lo largo de todo el territorio nacional a trav\u00e9s del di\u00e1logo y la acci\u00f3n conjunta.<\/h3>\n<h3>Este a\u00f1o, nuevamente Merlo fue seleccionada para ser anfitriona del 24\u00b0 Encuentro de la Red, con la particularidad de ser la primera que invita a la participaci\u00f3n extranjera. Adem\u00e1s, aprovechar\u00e1n la convocatoria para gestar la creaci\u00f3n del Consejo de Destinos Tur\u00edsticos.<\/h3>\n<h3>Desde este jueves 14 hasta el s\u00e1bado 16 de marzo, referentes de la rama p\u00fablica y privada del turismo se reunir\u00e1n en la Casa del Poeta. El emblem\u00e1tico edificio local dispondr\u00e1 de una serie de talleres y espacios en com\u00fan pensados para compartir balances generales de la temporada veraniega en cada localidad y fomentar la concreci\u00f3n de negocios a trav\u00e9s del di\u00e1logo y propuestas conjuntas.<\/h3>\n<h3>El gobernador, Claudio Poggi, en su discurso de apertura reiter\u00f3 su convicci\u00f3n en generar puentes entre agentes p\u00fablicos y privados, porque son estos \u00faltimos los que tienen el potencial necesario y la capacidad para revertir la compleja situaci\u00f3n que atraviesa tanto San Luis como el pa\u00eds en general.<\/h3>\n<h3>\u201cDesde los distintos niveles del Estado lo m\u00e1s importante es garantizar las condiciones necesarias para que nuestro sector privado crezca y genere trabajo. Viendo la agenda que tienen, entiendo que puede ser muy rico para aprovechar y compartir experiencias, romper con la estacionalidad e interactuar en distintos niveles\u201d, se\u00f1al\u00f3. La jornada inaugural cont\u00f3 con 62 intendentes y secretarios de Turismo de distintos municipios nacionales, mientras que la parte privada estuvo representada por m\u00e1s de 10 c\u00e1maras de comercio que fueron invitadas por la que opera en Merlo.<\/h3>\n<h3>Acompa\u00f1ando al Gobernador, estuvo el intendente de Merlo Juan \u00c1lvarez Pinto y el ministro de Turismo y Cultura de San Luis, Juan Manuel Rigau, quien subray\u00f3 que un encuentro de tama\u00f1a magnitud sea celebrado en Merlo, demuestra que \u201cno solamente es un destino tur\u00edstico central para San Luis, sino tambi\u00e9n ya para el pa\u00eds\u201d, y coment\u00f3 acerca de los objetivos a cumplir en el transcurso de los pr\u00f3ximos d\u00edas.<\/h3>\n<h3>\u201cLa idea es que empecemos a hablar entre los referentes. Van a haber distintas actividades, charlas donde cada municipio comparte su situaci\u00f3n, sus estrategias, talleres tambi\u00e9n para capacitar y ver formas de optimizar recursos. Pero lo m\u00e1s importante es el di\u00e1logo, ver qu\u00e9 convenios pueden surgir y los negocios entre cada municipio que son fundamentales\u201d, argument\u00f3 el funcionario.<\/h3>\n<h3>Una de las novedades m\u00e1s importantes fue la inclusi\u00f3n de pa\u00edses vecinos en la convocatoria. Representantes de Chile y Uruguay se sumaron a la iniciativa, con la intenci\u00f3n de promover acuerdos y pol\u00edticas que sean beneficiosas para la explotaci\u00f3n tur\u00edstica de toda la regi\u00f3n sudamericana.<\/h3>\n<p>&nbsp;<\/p>\n<p>&nbsp;<\/p>\n<p>&nbsp;<\/p>\n<p>&nbsp;<\/p>\n<p>&nbsp;<\/p>\n","protected":false},"excerpt":{"rendered":"<p>Con una de sus principales atracciones como sede, San Luis alberga el 24\u00b0 Encuentro de&#8230;<\/p>\n","protected":false},"author":1,"featured_media":13170,"comment_status":"closed","ping_status":"closed","sticky":false,"template":"","format":"standard","meta":{"footnotes":""},"categories":[6],"tags":[],"class_list":["post-13169","post","type-post","status-publish","format-standard","has-post-thumbnail","hentry","category-ciudad-provincia"],"yoast_head":"<!-- This site is optimized with the Yoast SEO plugin v26.1.1 - https:\/\/yoast.com\/wordpress\/plugins\/seo\/ -->\n<title>POGGI HIZO LA APERTURA DEL ENCUENTRO MULTINACIONAL DE REFERENTES TUR\u00cdSTICOS EN MERLO - Apuntes de San Luis<\/title>\n<meta name=\"robots\" content=\"index, follow, max-snippet:-1, max-image-preview:large, max-video-preview:-1\" \/>\n<link rel=\"canonical\" href=\"https:\/\/apuntesdesanluis.com\/index.php\/2024\/03\/14\/poggi-hizo-la-apertura-del-encuentro-multinacional-de-referentes-turisticos-en-merlo\/\" \/>\n<meta property=\"og:locale\" content=\"es_ES\" \/>\n<meta property=\"og:type\" content=\"article\" \/>\n<meta property=\"og:title\" content=\"POGGI HIZO LA APERTURA DEL ENCUENTRO MULTINACIONAL DE REFERENTES TUR\u00cdSTICOS EN MERLO - Apuntes de San Luis\" \/>\n<meta property=\"og:description\" content=\"Con una de sus principales atracciones como sede, San Luis alberga el 24\u00b0 Encuentro de...\" \/>\n<meta property=\"og:url\" content=\"https:\/\/apuntesdesanluis.com\/index.php\/2024\/03\/14\/poggi-hizo-la-apertura-del-encuentro-multinacional-de-referentes-turisticos-en-merlo\/\" \/>\n<meta property=\"og:site_name\" content=\"Apuntes de San Luis\" \/>\n<meta property=\"article:published_time\" content=\"2024-03-15T00:04:12+00:00\" \/>\n<meta property=\"og:image\" content=\"https:\/\/apuntesdesanluis.com\/wp-content\/uploads\/2024\/03\/encuentro-turistico.png\" \/>\n\t<meta property=\"og:image:width\" content=\"600\" \/>\n\t<meta property=\"og:image:height\" content=\"377\" \/>\n\t<meta property=\"og:image:type\" content=\"image\/png\" \/>\n<meta name=\"author\" content=\"apuntesdesanluis.com\" \/>\n<meta name=\"twitter:card\" content=\"summary_large_image\" \/>\n<meta name=\"twitter:label1\" content=\"Escrito por\" \/>\n\t<meta name=\"twitter:data1\" content=\"apuntesdesanluis.com\" \/>\n\t<meta name=\"twitter:label2\" content=\"Tiempo de lectura\" \/>\n\t<meta name=\"twitter:data2\" content=\"3 minutos\" \/>\n<script type=\"application\/ld+json\" class=\"yoast-schema-graph\">{\"@context\":\"https:\/\/schema.org\",\"@graph\":[{\"@type\":\"Article\",\"@id\":\"https:\/\/apuntesdesanluis.com\/index.php\/2024\/03\/14\/poggi-hizo-la-apertura-del-encuentro-multinacional-de-referentes-turisticos-en-merlo\/#article\",\"isPartOf\":{\"@id\":\"https:\/\/apuntesdesanluis.com\/index.php\/2024\/03\/14\/poggi-hizo-la-apertura-del-encuentro-multinacional-de-referentes-turisticos-en-merlo\/\"},\"author\":{\"name\":\"apuntesdesanluis.com\",\"@id\":\"https:\/\/apuntesdesanluis.com\/#\/schema\/person\/b55151d52296fcce64d1a72538a70b90\"},\"headline\":\"POGGI HIZO LA APERTURA DEL ENCUENTRO MULTINACIONAL DE REFERENTES TUR\u00cdSTICOS EN MERLO\",\"datePublished\":\"2024-03-15T00:04:12+00:00\",\"mainEntityOfPage\":{\"@id\":\"https:\/\/apuntesdesanluis.com\/index.php\/2024\/03\/14\/poggi-hizo-la-apertura-del-encuentro-multinacional-de-referentes-turisticos-en-merlo\/\"},\"wordCount\":607,\"publisher\":{\"@id\":\"https:\/\/apuntesdesanluis.com\/#\/schema\/person\/b55151d52296fcce64d1a72538a70b90\"},\"image\":{\"@id\":\"https:\/\/apuntesdesanluis.com\/index.php\/2024\/03\/14\/poggi-hizo-la-apertura-del-encuentro-multinacional-de-referentes-turisticos-en-merlo\/#primaryimage\"},\"thumbnailUrl\":\"https:\/\/apuntesdesanluis.com\/wp-content\/uploads\/2024\/03\/encuentro-turistico.png\",\"articleSection\":[\"Ciudad\/Provincia\"],\"inLanguage\":\"es-AR\"},{\"@type\":\"WebPage\",\"@id\":\"https:\/\/apuntesdesanluis.com\/index.php\/2024\/03\/14\/poggi-hizo-la-apertura-del-encuentro-multinacional-de-referentes-turisticos-en-merlo\/\",\"url\":\"https:\/\/apuntesdesanluis.com\/index.php\/2024\/03\/14\/poggi-hizo-la-apertura-del-encuentro-multinacional-de-referentes-turisticos-en-merlo\/\",\"name\":\"POGGI HIZO LA APERTURA DEL ENCUENTRO MULTINACIONAL DE REFERENTES TUR\u00cdSTICOS EN MERLO - Apuntes de San Luis\",\"isPartOf\":{\"@id\":\"https:\/\/apuntesdesanluis.com\/#website\"},\"primaryImageOfPage\":{\"@id\":\"https:\/\/apuntesdesanluis.com\/index.php\/2024\/03\/14\/poggi-hizo-la-apertura-del-encuentro-multinacional-de-referentes-turisticos-en-merlo\/#primaryimage\"},\"image\":{\"@id\":\"https:\/\/apuntesdesanluis.com\/index.php\/2024\/03\/14\/poggi-hizo-la-apertura-del-encuentro-multinacional-de-referentes-turisticos-en-merlo\/#primaryimage\"},\"thumbnailUrl\":\"https:\/\/apuntesdesanluis.com\/wp-content\/uploads\/2024\/03\/encuentro-turistico.png\",\"datePublished\":\"2024-03-15T00:04:12+00:00\",\"breadcrumb\":{\"@id\":\"https:\/\/apuntesdesanluis.com\/index.php\/2024\/03\/14\/poggi-hizo-la-apertura-del-encuentro-multinacional-de-referentes-turisticos-en-merlo\/#breadcrumb\"},\"inLanguage\":\"es-AR\",\"potentialAction\":[{\"@type\":\"ReadAction\",\"target\":[\"https:\/\/apuntesdesanluis.com\/index.php\/2024\/03\/14\/poggi-hizo-la-apertura-del-encuentro-multinacional-de-referentes-turisticos-en-merlo\/\"]}]},{\"@type\":\"ImageObject\",\"inLanguage\":\"es-AR\",\"@id\":\"https:\/\/apuntesdesanluis.com\/index.php\/2024\/03\/14\/poggi-hizo-la-apertura-del-encuentro-multinacional-de-referentes-turisticos-en-merlo\/#primaryimage\",\"url\":\"https:\/\/apuntesdesanluis.com\/wp-content\/uploads\/2024\/03\/encuentro-turistico.png\",\"contentUrl\":\"https:\/\/apuntesdesanluis.com\/wp-content\/uploads\/2024\/03\/encuentro-turistico.png\",\"width\":600,\"height\":377},{\"@type\":\"BreadcrumbList\",\"@id\":\"https:\/\/apuntesdesanluis.com\/index.php\/2024\/03\/14\/poggi-hizo-la-apertura-del-encuentro-multinacional-de-referentes-turisticos-en-merlo\/#breadcrumb\",\"itemListElement\":[{\"@type\":\"ListItem\",\"position\":1,\"name\":\"Inicio\",\"item\":\"https:\/\/apuntesdesanluis.com\/\"},{\"@type\":\"ListItem\",\"position\":2,\"name\":\"POGGI HIZO LA APERTURA DEL ENCUENTRO MULTINACIONAL DE REFERENTES TUR\u00cdSTICOS EN MERLO\"}]},{\"@type\":\"WebSite\",\"@id\":\"https:\/\/apuntesdesanluis.com\/#website\",\"url\":\"https:\/\/apuntesdesanluis.com\/\",\"name\":\"Apuntes de San Luis\",\"description\":\"\",\"publisher\":{\"@id\":\"https:\/\/apuntesdesanluis.com\/#\/schema\/person\/b55151d52296fcce64d1a72538a70b90\"},\"potentialAction\":[{\"@type\":\"SearchAction\",\"target\":{\"@type\":\"EntryPoint\",\"urlTemplate\":\"https:\/\/apuntesdesanluis.com\/?s={search_term_string}\"},\"query-input\":{\"@type\":\"PropertyValueSpecification\",\"valueRequired\":true,\"valueName\":\"search_term_string\"}}],\"inLanguage\":\"es-AR\"},{\"@type\":[\"Person\",\"Organization\"],\"@id\":\"https:\/\/apuntesdesanluis.com\/#\/schema\/person\/b55151d52296fcce64d1a72538a70b90\",\"name\":\"apuntesdesanluis.com\",\"image\":{\"@type\":\"ImageObject\",\"inLanguage\":\"es-AR\",\"@id\":\"https:\/\/apuntesdesanluis.com\/#\/schema\/person\/image\/\",\"url\":\"https:\/\/apuntesdesanluis.com\/wp-content\/uploads\/2023\/07\/cropped-apuntesdesanluis.png\",\"contentUrl\":\"https:\/\/apuntesdesanluis.com\/wp-content\/uploads\/2023\/07\/cropped-apuntesdesanluis.png\",\"width\":450,\"height\":112,\"caption\":\"apuntesdesanluis.com\"},\"logo\":{\"@id\":\"https:\/\/apuntesdesanluis.com\/#\/schema\/person\/image\/\"},\"sameAs\":[\"https:\/\/apuntesdesanluis.com\"],\"url\":\"https:\/\/apuntesdesanluis.com\/index.php\/author\/apuntesdesanluis-com\/\"}]}<\/script>\n<!-- \/ Yoast SEO plugin. -->","yoast_head_json":{"title":"POGGI HIZO LA APERTURA DEL ENCUENTRO MULTINACIONAL DE REFERENTES TUR\u00cdSTICOS EN MERLO - Apuntes de San Luis","robots":{"index":"index","follow":"follow","max-snippet":"max-snippet:-1","max-image-preview":"max-image-preview:large","max-video-preview":"max-video-preview:-1"},"canonical":"https:\/\/apuntesdesanluis.com\/index.php\/2024\/03\/14\/poggi-hizo-la-apertura-del-encuentro-multinacional-de-referentes-turisticos-en-merlo\/","og_locale":"es_ES","og_type":"article","og_title":"POGGI HIZO LA APERTURA DEL ENCUENTRO MULTINACIONAL DE REFERENTES TUR\u00cdSTICOS EN MERLO - Apuntes de San Luis","og_description":"Con una de sus principales atracciones como sede, San Luis alberga el 24\u00b0 Encuentro de...","og_url":"https:\/\/apuntesdesanluis.com\/index.php\/2024\/03\/14\/poggi-hizo-la-apertura-del-encuentro-multinacional-de-referentes-turisticos-en-merlo\/","og_site_name":"Apuntes de San Luis","article_published_time":"2024-03-15T00:04:12+00:00","og_image":[{"width":600,"height":377,"url":"https:\/\/apuntesdesanluis.com\/wp-content\/uploads\/2024\/03\/encuentro-turistico.png","type":"image\/png"}],"author":"apuntesdesanluis.com","twitter_card":"summary_large_image","twitter_misc":{"Escrito por":"apuntesdesanluis.com","Tiempo de lectura":"3 minutos"},"schema":{"@context":"https:\/\/schema.org","@graph":[{"@type":"Article","@id":"https:\/\/apuntesdesanluis.com\/index.php\/2024\/03\/14\/poggi-hizo-la-apertura-del-encuentro-multinacional-de-referentes-turisticos-en-merlo\/#article","isPartOf":{"@id":"https:\/\/apuntesdesanluis.com\/index.php\/2024\/03\/14\/poggi-hizo-la-apertura-del-encuentro-multinacional-de-referentes-turisticos-en-merlo\/"},"author":{"name":"apuntesdesanluis.com","@id":"https:\/\/apuntesdesanluis.com\/#\/schema\/person\/b55151d52296fcce64d1a72538a70b90"},"headline":"POGGI HIZO LA APERTURA DEL ENCUENTRO MULTINACIONAL DE REFERENTES TUR\u00cdSTICOS EN MERLO","datePublished":"2024-03-15T00:04:12+00:00","mainEntityOfPage":{"@id":"https:\/\/apuntesdesanluis.com\/index.php\/2024\/03\/14\/poggi-hizo-la-apertura-del-encuentro-multinacional-de-referentes-turisticos-en-merlo\/"},"wordCount":607,"publisher":{"@id":"https:\/\/apuntesdesanluis.com\/#\/schema\/person\/b55151d52296fcce64d1a72538a70b90"},"image":{"@id":"https:\/\/apuntesdesanluis.com\/index.php\/2024\/03\/14\/poggi-hizo-la-apertura-del-encuentro-multinacional-de-referentes-turisticos-en-merlo\/#primaryimage"},"thumbnailUrl":"https:\/\/apuntesdesanluis.com\/wp-content\/uploads\/2024\/03\/encuentro-turistico.png","articleSection":["Ciudad\/Provincia"],"inLanguage":"es-AR"},{"@type":"WebPage","@id":"https:\/\/apuntesdesanluis.com\/index.php\/2024\/03\/14\/poggi-hizo-la-apertura-del-encuentro-multinacional-de-referentes-turisticos-en-merlo\/","url":"https:\/\/apuntesdesanluis.com\/index.php\/2024\/03\/14\/poggi-hizo-la-apertura-del-encuentro-multinacional-de-referentes-turisticos-en-merlo\/","name":"POGGI HIZO LA APERTURA DEL ENCUENTRO MULTINACIONAL DE REFERENTES TUR\u00cdSTICOS EN MERLO - Apuntes de San Luis","isPartOf":{"@id":"https:\/\/apuntesdesanluis.com\/#website"},"primaryImageOfPage":{"@id":"https:\/\/apuntesdesanluis.com\/index.php\/2024\/03\/14\/poggi-hizo-la-apertura-del-encuentro-multinacional-de-referentes-turisticos-en-merlo\/#primaryimage"},"image":{"@id":"https:\/\/apuntesdesanluis.com\/index.php\/2024\/03\/14\/poggi-hizo-la-apertura-del-encuentro-multinacional-de-referentes-turisticos-en-merlo\/#primaryimage"},"thumbnailUrl":"https:\/\/apuntesdesanluis.com\/wp-content\/uploads\/2024\/03\/encuentro-turistico.png","datePublished":"2024-03-15T00:04:12+00:00","breadcrumb":{"@id":"https:\/\/apuntesdesanluis.com\/index.php\/2024\/03\/14\/poggi-hizo-la-apertura-del-encuentro-multinacional-de-referentes-turisticos-en-merlo\/#breadcrumb"},"inLanguage":"es-AR","potentialAction":[{"@type":"ReadAction","target":["https:\/\/apuntesdesanluis.com\/index.php\/2024\/03\/14\/poggi-hizo-la-apertura-del-encuentro-multinacional-de-referentes-turisticos-en-merlo\/"]}]},{"@type":"ImageObject","inLanguage":"es-AR","@id":"https:\/\/apuntesdesanluis.com\/index.php\/2024\/03\/14\/poggi-hizo-la-apertura-del-encuentro-multinacional-de-referentes-turisticos-en-merlo\/#primaryimage","url":"https:\/\/apuntesdesanluis.com\/wp-content\/uploads\/2024\/03\/encuentro-turistico.png","contentUrl":"https:\/\/apuntesdesanluis.com\/wp-content\/uploads\/2024\/03\/encuentro-turistico.png","width":600,"height":377},{"@type":"BreadcrumbList","@id":"https:\/\/apuntesdesanluis.com\/index.php\/2024\/03\/14\/poggi-hizo-la-apertura-del-encuentro-multinacional-de-referentes-turisticos-en-merlo\/#breadcrumb","itemListElement":[{"@type":"ListItem","position":1,"name":"Inicio","item":"https:\/\/apuntesdesanluis.com\/"},{"@type":"ListItem","position":2,"name":"POGGI HIZO LA APERTURA DEL ENCUENTRO MULTINACIONAL DE REFERENTES TUR\u00cdSTICOS EN MERLO"}]},{"@type":"WebSite","@id":"https:\/\/apuntesdesanluis.com\/#website","url":"https:\/\/apuntesdesanluis.com\/","name":"Apuntes de San Luis","description":"","publisher":{"@id":"https:\/\/apuntesdesanluis.com\/#\/schema\/person\/b55151d52296fcce64d1a72538a70b90"},"potentialAction":[{"@type":"SearchAction","target":{"@type":"EntryPoint","urlTemplate":"https:\/\/apuntesdesanluis.com\/?s={search_term_string}"},"query-input":{"@type":"PropertyValueSpecification","valueRequired":true,"valueName":"search_term_string"}}],"inLanguage":"es-AR"},{"@type":["Person","Organization"],"@id":"https:\/\/apuntesdesanluis.com\/#\/schema\/person\/b55151d52296fcce64d1a72538a70b90","name":"apuntesdesanluis.com","image":{"@type":"ImageObject","inLanguage":"es-AR","@id":"https:\/\/apuntesdesanluis.com\/#\/schema\/person\/image\/","url":"https:\/\/apuntesdesanluis.com\/wp-content\/uploads\/2023\/07\/cropped-apuntesdesanluis.png","contentUrl":"https:\/\/apuntesdesanluis.com\/wp-content\/uploads\/2023\/07\/cropped-apuntesdesanluis.png","width":450,"height":112,"caption":"apuntesdesanluis.com"},"logo":{"@id":"https:\/\/apuntesdesanluis.com\/#\/schema\/person\/image\/"},"sameAs":["https:\/\/apuntesdesanluis.com"],"url":"https:\/\/apuntesdesanluis.com\/index.php\/author\/apuntesdesanluis-com\/"}]}},"featured_image_urls":{"full":["https:\/\/apuntesdesanluis.com\/wp-content\/uploads\/2024\/03\/encuentro-turistico.png",600,377,false],"thumbnail":["https:\/\/apuntesdesanluis.com\/wp-content\/uploads\/2024\/03\/encuentro-turistico-150x150.png",150,150,true],"medium":["https:\/\/apuntesdesanluis.com\/wp-content\/uploads\/2024\/03\/encuentro-turistico-300x189.png",300,189,true],"medium_large":["https:\/\/apuntesdesanluis.com\/wp-content\/uploads\/2024\/03\/encuentro-turistico.png",600,377,false],"large":["https:\/\/apuntesdesanluis.com\/wp-content\/uploads\/2024\/03\/encuentro-turistico.png",600,377,false],"1536x1536":["https:\/\/apuntesdesanluis.com\/wp-content\/uploads\/2024\/03\/encuentro-turistico.png",600,377,false],"2048x2048":["https:\/\/apuntesdesanluis.com\/wp-content\/uploads\/2024\/03\/encuentro-turistico.png",600,377,false],"newsever-slider-full":["https:\/\/apuntesdesanluis.com\/wp-content\/uploads\/2024\/03\/encuentro-turistico.png",600,377,false],"newsever-featured":["https:\/\/apuntesdesanluis.com\/wp-content\/uploads\/2024\/03\/encuentro-turistico.png",600,377,false],"newsever-medium":["https:\/\/apuntesdesanluis.com\/wp-content\/uploads\/2024\/03\/encuentro-turistico.png",600,377,false]},"author_info":{"display_name":"apuntesdesanluis.com","author_link":"https:\/\/apuntesdesanluis.com\/index.php\/author\/apuntesdesanluis-com\/"},"category_info":"<a href=\"https:\/\/apuntesdesanluis.com\/index.php\/category\/ciudad-provincia\/\" rel=\"category tag\">Ciudad\/Provincia<\/a>","tag_info":"Ciudad\/Provincia","comment_count":"0","_links":{"self":[{"href":"https:\/\/apuntesdesanluis.com\/index.php\/wp-json\/wp\/v2\/posts\/13169","targetHints":{"allow":["GET"]}}],"collection":[{"href":"https:\/\/apuntesdesanluis.com\/index.php\/wp-json\/wp\/v2\/posts"}],"about":[{"href":"https:\/\/apuntesdesanluis.com\/index.php\/wp-json\/wp\/v2\/types\/post"}],"author":[{"embeddable":true,"href":"https:\/\/apuntesdesanluis.com\/index.php\/wp-json\/wp\/v2\/users\/1"}],"replies":[{"embeddable":true,"href":"https:\/\/apuntesdesanluis.com\/index.php\/wp-json\/wp\/v2\/comments?post=13169"}],"version-history":[{"count":1,"href":"https:\/\/apuntesdesanluis.com\/index.php\/wp-json\/wp\/v2\/posts\/13169\/revisions"}],"predecessor-version":[{"id":13171,"href":"https:\/\/apuntesdesanluis.com\/index.php\/wp-json\/wp\/v2\/posts\/13169\/revisions\/13171"}],"wp:featuredmedia":[{"embeddable":true,"href":"https:\/\/apuntesdesanluis.com\/index.php\/wp-json\/wp\/v2\/media\/13170"}],"wp:attachment":[{"href":"https:\/\/apuntesdesanluis.com\/index.php\/wp-json\/wp\/v2\/media?parent=13169"}],"wp:term":[{"taxonomy":"category","embeddable":true,"href":"https:\/\/apuntesdesanluis.com\/index.php\/wp-json\/wp\/v2\/categories?post=13169"},{"taxonomy":"post_tag","embeddable":true,"href":"https:\/\/apuntesdesanluis.com\/index.php\/wp-json\/wp\/v2\/tags?post=13169"}],"curies":[{"name":"wp","href":"https:\/\/api.w.org\/{rel}","templated":true}]}}