{"id":13172,"date":"2024-03-14T21:10:48","date_gmt":"2024-03-15T00:10:48","guid":{"rendered":"https:\/\/apuntesdesanluis.com\/?p=13172"},"modified":"2024-03-14T21:10:48","modified_gmt":"2024-03-15T00:10:48","slug":"robo-y-cuando-fueron-a-detenerlo-gatillo-3-veces-contra-una-policia-pero-no-salieron-los-disparos","status":"publish","type":"post","link":"https:\/\/apuntesdesanluis.com\/index.php\/2024\/03\/14\/robo-y-cuando-fueron-a-detenerlo-gatillo-3-veces-contra-una-policia-pero-no-salieron-los-disparos\/","title":{"rendered":"ROB\u00d3 Y CUANDO FUERON A DETENERLO GATILL\u00d3 3 VECES CONTRA UNA POLIC\u00cdA PERO NO SALIERON LOS DISPAROS"},"content":{"rendered":"<h3>El primer hecho ocurri\u00f3 el 7 de marzo. La audiencia se desarroll\u00f3 este jueves en el Juzgado de Garant\u00eda N\u00ba 3 de la Segunda Circunscripci\u00f3n Judicial. Le dictaron prisi\u00f3n preventiva y lo imputaron por robo y tentativa de homicidio.<\/h3>\n<h3>El Ministerio P\u00fablico Fiscal investiga la participaci\u00f3n de un hombre por dos hechos ocurridos en Villa Mercedes. En la audiencia de este jueves, le formul\u00f3 cargos por los delitos de robo calificado por ser con arma de fuego cuya aptitud para el disparo ha sido acreditada y homicidio agravado por ser en contra de un miembro de la fuerzas de seguridad en grado de tentativa.<\/h3>\n<h3>Estuvieron presentes, el Dr. Maximiliano Bazla, Fiscal de Instrucci\u00f3n y las fiscales adjuntas, Dras. Cecilia Framini y Nayla Mu\u00f1oz. Como defensora del acusado ejerci\u00f3 la Dra. Eliana Pradel. Como secretaria intervino la Dra. Natalia Pereyra Cardini.<\/h3>\n<h3>La fiscal\u00eda relat\u00f3 que el primer hecho sucedi\u00f3 el 7 de marzo a las 20:20 aproximadamente en un local comercial de ropa ubicado en la Av. 25 de mayo de Villa Mercedes. En esa oportunidad el imputado ingres\u00f3 y amenaz\u00f3 a la cajera con un arma de fuego, se apoder\u00f3 de $20.000 y dos celulares.<\/h3>\n<h3>Se retir\u00f3 del lugar y la comerciante sali\u00f3 detr\u00e1s a increparlo, es en ese momento que el imputado efectu\u00f3 un disparo hacia arriba y se dirigi\u00f3 hacia la esquina del lugar para retirarse en una motocicleta.<\/h3>\n<h3>El segundo suceso, ocurri\u00f3 el 12 de marzo en el marco de la investigaci\u00f3n del primer hecho cuando realizaban allanamientos en el B\u00ba Eva Per\u00f3n III. Es all\u00ed cuando en uno de los allanamientos el imputado, desde el interior de una vivienda comenz\u00f3 a disparar, la polic\u00eda resguard\u00f3 su integridad y la de los testigos.<\/h3>\n<h3>M\u00e1s tarde, el denunciado sali\u00f3 por la parte trasera de la vivienda y agarr\u00f3 a un adolescente de 13 a\u00f1os utiliz\u00e1ndolo como escudo, apunt\u00f3 con su arma en direcci\u00f3n a una mujer polic\u00eda y gatill\u00f3 tres veces. Al no salir los disparos, el imputado tir\u00f3 el arma y se entreg\u00f3.<\/h3>\n<h3>La defensa manifest\u00f3 su desacuerdo en relaci\u00f3n a los hechos y a la formulaci\u00f3n de cargos y expres\u00f3 que no realizar\u00eda\u00a0 objeci\u00f3n en esta instancia sino que iniciar\u00eda con su investigaci\u00f3n para poder plantear lo que corresponda oportunamente.<\/h3>\n<h3>En relaci\u00f3n a la medida de coerci\u00f3n, la fiscal\u00eda solicit\u00f3 la prisi\u00f3n preventiva por el t\u00e9rmino de cuatro meses, fund\u00f3 su petici\u00f3n en el peligro de fuga, pedido de captura, antecedentes de condena, protecci\u00f3n de testigos, prueba pendiente de producir, la pena en expectativa, etc. La defensa, no formul\u00f3 objeciones en cu\u00e1nto al pedido de prisi\u00f3n preventiva. No obstante, no coincidi\u00f3 con algunos puntos. Expres\u00f3 que su defendido se allan\u00f3 al pedido porque es su deseo someterse al proceso.<\/h3>\n<h3>La Dra. Mirta Ucelay \u2013Jueza de Garant\u00eda N\u00ba 3- tuvo por formulado los cargos de manera provisoria por los delitos de robo calificado por ser con arma de fuego cuya aptitud para el disparo ha sido acreditada y homicidio agravado por ser en contra de un miembro de la fuerzas de seguridad en grado de tentativa. Entre otras cuestiones, tuvo en cuenta el principio de objetividad en relaci\u00f3n a la evidencia expuesta por fiscal\u00eda.<\/h3>\n<h3>Hizo lugar a la medida de coerci\u00f3n solicitada por el fiscal y orden\u00f3 la prisi\u00f3n preventiva por el t\u00e9rmino de cuatro meses a cumplirse en el Servicio Penitenciario Provincial.<\/h3>\n<p>&nbsp;<\/p>\n<p>&nbsp;<\/p>\n<p>&nbsp;<\/p>\n<p>&nbsp;<\/p>\n<p>&nbsp;<\/p>\n<p>&nbsp;<\/p>\n","protected":false},"excerpt":{"rendered":"<p>El primer hecho ocurri\u00f3 el 7 de marzo. La audiencia se desarroll\u00f3 este jueves en&#8230;<\/p>\n","protected":false},"author":1,"featured_media":13173,"comment_status":"closed","ping_status":"closed","sticky":false,"template":"","format":"standard","meta":{"footnotes":""},"categories":[6],"tags":[],"class_list":["post-13172","post","type-post","status-publish","format-standard","has-post-thumbnail","hentry","category-ciudad-provincia"],"yoast_head":"<!-- This site is optimized with the Yoast SEO plugin v26.1.1 - https:\/\/yoast.com\/wordpress\/plugins\/seo\/ -->\n<title>ROB\u00d3 Y CUANDO FUERON A DETENERLO GATILL\u00d3 3 VECES CONTRA UNA POLIC\u00cdA PERO NO SALIERON LOS DISPAROS - Apuntes de San Luis<\/title>\n<meta name=\"robots\" content=\"index, follow, max-snippet:-1, max-image-preview:large, max-video-preview:-1\" \/>\n<link rel=\"canonical\" href=\"https:\/\/apuntesdesanluis.com\/index.php\/2024\/03\/14\/robo-y-cuando-fueron-a-detenerlo-gatillo-3-veces-contra-una-policia-pero-no-salieron-los-disparos\/\" \/>\n<meta property=\"og:locale\" content=\"es_ES\" \/>\n<meta property=\"og:type\" content=\"article\" \/>\n<meta property=\"og:title\" content=\"ROB\u00d3 Y CUANDO FUERON A DETENERLO GATILL\u00d3 3 VECES CONTRA UNA POLIC\u00cdA PERO NO SALIERON LOS DISPAROS - Apuntes de San Luis\" \/>\n<meta property=\"og:description\" content=\"El primer hecho ocurri\u00f3 el 7 de marzo. La audiencia se desarroll\u00f3 este jueves en...\" \/>\n<meta property=\"og:url\" content=\"https:\/\/apuntesdesanluis.com\/index.php\/2024\/03\/14\/robo-y-cuando-fueron-a-detenerlo-gatillo-3-veces-contra-una-policia-pero-no-salieron-los-disparos\/\" \/>\n<meta property=\"og:site_name\" content=\"Apuntes de San Luis\" \/>\n<meta property=\"article:published_time\" content=\"2024-03-15T00:10:48+00:00\" \/>\n<meta property=\"og:image\" content=\"https:\/\/apuntesdesanluis.com\/wp-content\/uploads\/2024\/03\/audiencia-5.png\" \/>\n\t<meta property=\"og:image:width\" content=\"708\" \/>\n\t<meta property=\"og:image:height\" content=\"414\" \/>\n\t<meta property=\"og:image:type\" content=\"image\/png\" \/>\n<meta name=\"author\" content=\"apuntesdesanluis.com\" \/>\n<meta name=\"twitter:card\" content=\"summary_large_image\" \/>\n<meta name=\"twitter:label1\" content=\"Escrito por\" \/>\n\t<meta name=\"twitter:data1\" content=\"apuntesdesanluis.com\" \/>\n\t<meta name=\"twitter:label2\" content=\"Tiempo de lectura\" \/>\n\t<meta name=\"twitter:data2\" content=\"3 minutos\" \/>\n<script type=\"application\/ld+json\" class=\"yoast-schema-graph\">{\"@context\":\"https:\/\/schema.org\",\"@graph\":[{\"@type\":\"Article\",\"@id\":\"https:\/\/apuntesdesanluis.com\/index.php\/2024\/03\/14\/robo-y-cuando-fueron-a-detenerlo-gatillo-3-veces-contra-una-policia-pero-no-salieron-los-disparos\/#article\",\"isPartOf\":{\"@id\":\"https:\/\/apuntesdesanluis.com\/index.php\/2024\/03\/14\/robo-y-cuando-fueron-a-detenerlo-gatillo-3-veces-contra-una-policia-pero-no-salieron-los-disparos\/\"},\"author\":{\"name\":\"apuntesdesanluis.com\",\"@id\":\"https:\/\/apuntesdesanluis.com\/#\/schema\/person\/b55151d52296fcce64d1a72538a70b90\"},\"headline\":\"ROB\u00d3 Y CUANDO FUERON A DETENERLO GATILL\u00d3 3 VECES CONTRA UNA POLIC\u00cdA PERO NO SALIERON LOS DISPAROS\",\"datePublished\":\"2024-03-15T00:10:48+00:00\",\"mainEntityOfPage\":{\"@id\":\"https:\/\/apuntesdesanluis.com\/index.php\/2024\/03\/14\/robo-y-cuando-fueron-a-detenerlo-gatillo-3-veces-contra-una-policia-pero-no-salieron-los-disparos\/\"},\"wordCount\":609,\"publisher\":{\"@id\":\"https:\/\/apuntesdesanluis.com\/#\/schema\/person\/b55151d52296fcce64d1a72538a70b90\"},\"image\":{\"@id\":\"https:\/\/apuntesdesanluis.com\/index.php\/2024\/03\/14\/robo-y-cuando-fueron-a-detenerlo-gatillo-3-veces-contra-una-policia-pero-no-salieron-los-disparos\/#primaryimage\"},\"thumbnailUrl\":\"https:\/\/apuntesdesanluis.com\/wp-content\/uploads\/2024\/03\/audiencia-5.png\",\"articleSection\":[\"Ciudad\/Provincia\"],\"inLanguage\":\"es-AR\"},{\"@type\":\"WebPage\",\"@id\":\"https:\/\/apuntesdesanluis.com\/index.php\/2024\/03\/14\/robo-y-cuando-fueron-a-detenerlo-gatillo-3-veces-contra-una-policia-pero-no-salieron-los-disparos\/\",\"url\":\"https:\/\/apuntesdesanluis.com\/index.php\/2024\/03\/14\/robo-y-cuando-fueron-a-detenerlo-gatillo-3-veces-contra-una-policia-pero-no-salieron-los-disparos\/\",\"name\":\"ROB\u00d3 Y CUANDO FUERON A DETENERLO GATILL\u00d3 3 VECES CONTRA UNA POLIC\u00cdA PERO NO SALIERON LOS DISPAROS - Apuntes de San Luis\",\"isPartOf\":{\"@id\":\"https:\/\/apuntesdesanluis.com\/#website\"},\"primaryImageOfPage\":{\"@id\":\"https:\/\/apuntesdesanluis.com\/index.php\/2024\/03\/14\/robo-y-cuando-fueron-a-detenerlo-gatillo-3-veces-contra-una-policia-pero-no-salieron-los-disparos\/#primaryimage\"},\"image\":{\"@id\":\"https:\/\/apuntesdesanluis.com\/index.php\/2024\/03\/14\/robo-y-cuando-fueron-a-detenerlo-gatillo-3-veces-contra-una-policia-pero-no-salieron-los-disparos\/#primaryimage\"},\"thumbnailUrl\":\"https:\/\/apuntesdesanluis.com\/wp-content\/uploads\/2024\/03\/audiencia-5.png\",\"datePublished\":\"2024-03-15T00:10:48+00:00\",\"breadcrumb\":{\"@id\":\"https:\/\/apuntesdesanluis.com\/index.php\/2024\/03\/14\/robo-y-cuando-fueron-a-detenerlo-gatillo-3-veces-contra-una-policia-pero-no-salieron-los-disparos\/#breadcrumb\"},\"inLanguage\":\"es-AR\",\"potentialAction\":[{\"@type\":\"ReadAction\",\"target\":[\"https:\/\/apuntesdesanluis.com\/index.php\/2024\/03\/14\/robo-y-cuando-fueron-a-detenerlo-gatillo-3-veces-contra-una-policia-pero-no-salieron-los-disparos\/\"]}]},{\"@type\":\"ImageObject\",\"inLanguage\":\"es-AR\",\"@id\":\"https:\/\/apuntesdesanluis.com\/index.php\/2024\/03\/14\/robo-y-cuando-fueron-a-detenerlo-gatillo-3-veces-contra-una-policia-pero-no-salieron-los-disparos\/#primaryimage\",\"url\":\"https:\/\/apuntesdesanluis.com\/wp-content\/uploads\/2024\/03\/audiencia-5.png\",\"contentUrl\":\"https:\/\/apuntesdesanluis.com\/wp-content\/uploads\/2024\/03\/audiencia-5.png\",\"width\":708,\"height\":414},{\"@type\":\"BreadcrumbList\",\"@id\":\"https:\/\/apuntesdesanluis.com\/index.php\/2024\/03\/14\/robo-y-cuando-fueron-a-detenerlo-gatillo-3-veces-contra-una-policia-pero-no-salieron-los-disparos\/#breadcrumb\",\"itemListElement\":[{\"@type\":\"ListItem\",\"position\":1,\"name\":\"Inicio\",\"item\":\"https:\/\/apuntesdesanluis.com\/\"},{\"@type\":\"ListItem\",\"position\":2,\"name\":\"ROB\u00d3 Y CUANDO FUERON A DETENERLO GATILL\u00d3 3 VECES CONTRA UNA POLIC\u00cdA PERO NO SALIERON LOS DISPAROS\"}]},{\"@type\":\"WebSite\",\"@id\":\"https:\/\/apuntesdesanluis.com\/#website\",\"url\":\"https:\/\/apuntesdesanluis.com\/\",\"name\":\"Apuntes de San Luis\",\"description\":\"\",\"publisher\":{\"@id\":\"https:\/\/apuntesdesanluis.com\/#\/schema\/person\/b55151d52296fcce64d1a72538a70b90\"},\"potentialAction\":[{\"@type\":\"SearchAction\",\"target\":{\"@type\":\"EntryPoint\",\"urlTemplate\":\"https:\/\/apuntesdesanluis.com\/?s={search_term_string}\"},\"query-input\":{\"@type\":\"PropertyValueSpecification\",\"valueRequired\":true,\"valueName\":\"search_term_string\"}}],\"inLanguage\":\"es-AR\"},{\"@type\":[\"Person\",\"Organization\"],\"@id\":\"https:\/\/apuntesdesanluis.com\/#\/schema\/person\/b55151d52296fcce64d1a72538a70b90\",\"name\":\"apuntesdesanluis.com\",\"image\":{\"@type\":\"ImageObject\",\"inLanguage\":\"es-AR\",\"@id\":\"https:\/\/apuntesdesanluis.com\/#\/schema\/person\/image\/\",\"url\":\"https:\/\/apuntesdesanluis.com\/wp-content\/uploads\/2023\/07\/cropped-apuntesdesanluis.png\",\"contentUrl\":\"https:\/\/apuntesdesanluis.com\/wp-content\/uploads\/2023\/07\/cropped-apuntesdesanluis.png\",\"width\":450,\"height\":112,\"caption\":\"apuntesdesanluis.com\"},\"logo\":{\"@id\":\"https:\/\/apuntesdesanluis.com\/#\/schema\/person\/image\/\"},\"sameAs\":[\"https:\/\/apuntesdesanluis.com\"],\"url\":\"https:\/\/apuntesdesanluis.com\/index.php\/author\/apuntesdesanluis-com\/\"}]}<\/script>\n<!-- \/ Yoast SEO plugin. -->","yoast_head_json":{"title":"ROB\u00d3 Y CUANDO FUERON A DETENERLO GATILL\u00d3 3 VECES CONTRA UNA POLIC\u00cdA PERO NO SALIERON LOS DISPAROS - Apuntes de San Luis","robots":{"index":"index","follow":"follow","max-snippet":"max-snippet:-1","max-image-preview":"max-image-preview:large","max-video-preview":"max-video-preview:-1"},"canonical":"https:\/\/apuntesdesanluis.com\/index.php\/2024\/03\/14\/robo-y-cuando-fueron-a-detenerlo-gatillo-3-veces-contra-una-policia-pero-no-salieron-los-disparos\/","og_locale":"es_ES","og_type":"article","og_title":"ROB\u00d3 Y CUANDO FUERON A DETENERLO GATILL\u00d3 3 VECES CONTRA UNA POLIC\u00cdA PERO NO SALIERON LOS DISPAROS - Apuntes de San Luis","og_description":"El primer hecho ocurri\u00f3 el 7 de marzo. La audiencia se desarroll\u00f3 este jueves en...","og_url":"https:\/\/apuntesdesanluis.com\/index.php\/2024\/03\/14\/robo-y-cuando-fueron-a-detenerlo-gatillo-3-veces-contra-una-policia-pero-no-salieron-los-disparos\/","og_site_name":"Apuntes de San Luis","article_published_time":"2024-03-15T00:10:48+00:00","og_image":[{"width":708,"height":414,"url":"https:\/\/apuntesdesanluis.com\/wp-content\/uploads\/2024\/03\/audiencia-5.png","type":"image\/png"}],"author":"apuntesdesanluis.com","twitter_card":"summary_large_image","twitter_misc":{"Escrito por":"apuntesdesanluis.com","Tiempo de lectura":"3 minutos"},"schema":{"@context":"https:\/\/schema.org","@graph":[{"@type":"Article","@id":"https:\/\/apuntesdesanluis.com\/index.php\/2024\/03\/14\/robo-y-cuando-fueron-a-detenerlo-gatillo-3-veces-contra-una-policia-pero-no-salieron-los-disparos\/#article","isPartOf":{"@id":"https:\/\/apuntesdesanluis.com\/index.php\/2024\/03\/14\/robo-y-cuando-fueron-a-detenerlo-gatillo-3-veces-contra-una-policia-pero-no-salieron-los-disparos\/"},"author":{"name":"apuntesdesanluis.com","@id":"https:\/\/apuntesdesanluis.com\/#\/schema\/person\/b55151d52296fcce64d1a72538a70b90"},"headline":"ROB\u00d3 Y CUANDO FUERON A DETENERLO GATILL\u00d3 3 VECES CONTRA UNA POLIC\u00cdA PERO NO SALIERON LOS DISPAROS","datePublished":"2024-03-15T00:10:48+00:00","mainEntityOfPage":{"@id":"https:\/\/apuntesdesanluis.com\/index.php\/2024\/03\/14\/robo-y-cuando-fueron-a-detenerlo-gatillo-3-veces-contra-una-policia-pero-no-salieron-los-disparos\/"},"wordCount":609,"publisher":{"@id":"https:\/\/apuntesdesanluis.com\/#\/schema\/person\/b55151d52296fcce64d1a72538a70b90"},"image":{"@id":"https:\/\/apuntesdesanluis.com\/index.php\/2024\/03\/14\/robo-y-cuando-fueron-a-detenerlo-gatillo-3-veces-contra-una-policia-pero-no-salieron-los-disparos\/#primaryimage"},"thumbnailUrl":"https:\/\/apuntesdesanluis.com\/wp-content\/uploads\/2024\/03\/audiencia-5.png","articleSection":["Ciudad\/Provincia"],"inLanguage":"es-AR"},{"@type":"WebPage","@id":"https:\/\/apuntesdesanluis.com\/index.php\/2024\/03\/14\/robo-y-cuando-fueron-a-detenerlo-gatillo-3-veces-contra-una-policia-pero-no-salieron-los-disparos\/","url":"https:\/\/apuntesdesanluis.com\/index.php\/2024\/03\/14\/robo-y-cuando-fueron-a-detenerlo-gatillo-3-veces-contra-una-policia-pero-no-salieron-los-disparos\/","name":"ROB\u00d3 Y CUANDO FUERON A DETENERLO GATILL\u00d3 3 VECES CONTRA UNA POLIC\u00cdA PERO NO SALIERON LOS DISPAROS - Apuntes de San Luis","isPartOf":{"@id":"https:\/\/apuntesdesanluis.com\/#website"},"primaryImageOfPage":{"@id":"https:\/\/apuntesdesanluis.com\/index.php\/2024\/03\/14\/robo-y-cuando-fueron-a-detenerlo-gatillo-3-veces-contra-una-policia-pero-no-salieron-los-disparos\/#primaryimage"},"image":{"@id":"https:\/\/apuntesdesanluis.com\/index.php\/2024\/03\/14\/robo-y-cuando-fueron-a-detenerlo-gatillo-3-veces-contra-una-policia-pero-no-salieron-los-disparos\/#primaryimage"},"thumbnailUrl":"https:\/\/apuntesdesanluis.com\/wp-content\/uploads\/2024\/03\/audiencia-5.png","datePublished":"2024-03-15T00:10:48+00:00","breadcrumb":{"@id":"https:\/\/apuntesdesanluis.com\/index.php\/2024\/03\/14\/robo-y-cuando-fueron-a-detenerlo-gatillo-3-veces-contra-una-policia-pero-no-salieron-los-disparos\/#breadcrumb"},"inLanguage":"es-AR","potentialAction":[{"@type":"ReadAction","target":["https:\/\/apuntesdesanluis.com\/index.php\/2024\/03\/14\/robo-y-cuando-fueron-a-detenerlo-gatillo-3-veces-contra-una-policia-pero-no-salieron-los-disparos\/"]}]},{"@type":"ImageObject","inLanguage":"es-AR","@id":"https:\/\/apuntesdesanluis.com\/index.php\/2024\/03\/14\/robo-y-cuando-fueron-a-detenerlo-gatillo-3-veces-contra-una-policia-pero-no-salieron-los-disparos\/#primaryimage","url":"https:\/\/apuntesdesanluis.com\/wp-content\/uploads\/2024\/03\/audiencia-5.png","contentUrl":"https:\/\/apuntesdesanluis.com\/wp-content\/uploads\/2024\/03\/audiencia-5.png","width":708,"height":414},{"@type":"BreadcrumbList","@id":"https:\/\/apuntesdesanluis.com\/index.php\/2024\/03\/14\/robo-y-cuando-fueron-a-detenerlo-gatillo-3-veces-contra-una-policia-pero-no-salieron-los-disparos\/#breadcrumb","itemListElement":[{"@type":"ListItem","position":1,"name":"Inicio","item":"https:\/\/apuntesdesanluis.com\/"},{"@type":"ListItem","position":2,"name":"ROB\u00d3 Y CUANDO FUERON A DETENERLO GATILL\u00d3 3 VECES CONTRA UNA POLIC\u00cdA PERO NO SALIERON LOS DISPAROS"}]},{"@type":"WebSite","@id":"https:\/\/apuntesdesanluis.com\/#website","url":"https:\/\/apuntesdesanluis.com\/","name":"Apuntes de San Luis","description":"","publisher":{"@id":"https:\/\/apuntesdesanluis.com\/#\/schema\/person\/b55151d52296fcce64d1a72538a70b90"},"potentialAction":[{"@type":"SearchAction","target":{"@type":"EntryPoint","urlTemplate":"https:\/\/apuntesdesanluis.com\/?s={search_term_string}"},"query-input":{"@type":"PropertyValueSpecification","valueRequired":true,"valueName":"search_term_string"}}],"inLanguage":"es-AR"},{"@type":["Person","Organization"],"@id":"https:\/\/apuntesdesanluis.com\/#\/schema\/person\/b55151d52296fcce64d1a72538a70b90","name":"apuntesdesanluis.com","image":{"@type":"ImageObject","inLanguage":"es-AR","@id":"https:\/\/apuntesdesanluis.com\/#\/schema\/person\/image\/","url":"https:\/\/apuntesdesanluis.com\/wp-content\/uploads\/2023\/07\/cropped-apuntesdesanluis.png","contentUrl":"https:\/\/apuntesdesanluis.com\/wp-content\/uploads\/2023\/07\/cropped-apuntesdesanluis.png","width":450,"height":112,"caption":"apuntesdesanluis.com"},"logo":{"@id":"https:\/\/apuntesdesanluis.com\/#\/schema\/person\/image\/"},"sameAs":["https:\/\/apuntesdesanluis.com"],"url":"https:\/\/apuntesdesanluis.com\/index.php\/author\/apuntesdesanluis-com\/"}]}},"featured_image_urls":{"full":["https:\/\/apuntesdesanluis.com\/wp-content\/uploads\/2024\/03\/audiencia-5.png",708,414,false],"thumbnail":["https:\/\/apuntesdesanluis.com\/wp-content\/uploads\/2024\/03\/audiencia-5-150x150.png",150,150,true],"medium":["https:\/\/apuntesdesanluis.com\/wp-content\/uploads\/2024\/03\/audiencia-5-300x175.png",300,175,true],"medium_large":["https:\/\/apuntesdesanluis.com\/wp-content\/uploads\/2024\/03\/audiencia-5.png",640,374,false],"large":["https:\/\/apuntesdesanluis.com\/wp-content\/uploads\/2024\/03\/audiencia-5.png",640,374,false],"1536x1536":["https:\/\/apuntesdesanluis.com\/wp-content\/uploads\/2024\/03\/audiencia-5.png",708,414,false],"2048x2048":["https:\/\/apuntesdesanluis.com\/wp-content\/uploads\/2024\/03\/audiencia-5.png",708,414,false],"newsever-slider-full":["https:\/\/apuntesdesanluis.com\/wp-content\/uploads\/2024\/03\/audiencia-5.png",708,414,false],"newsever-featured":["https:\/\/apuntesdesanluis.com\/wp-content\/uploads\/2024\/03\/audiencia-5.png",708,414,false],"newsever-medium":["https:\/\/apuntesdesanluis.com\/wp-content\/uploads\/2024\/03\/audiencia-5.png",708,414,false]},"author_info":{"display_name":"apuntesdesanluis.com","author_link":"https:\/\/apuntesdesanluis.com\/index.php\/author\/apuntesdesanluis-com\/"},"category_info":"<a href=\"https:\/\/apuntesdesanluis.com\/index.php\/category\/ciudad-provincia\/\" rel=\"category tag\">Ciudad\/Provincia<\/a>","tag_info":"Ciudad\/Provincia","comment_count":"0","_links":{"self":[{"href":"https:\/\/apuntesdesanluis.com\/index.php\/wp-json\/wp\/v2\/posts\/13172","targetHints":{"allow":["GET"]}}],"collection":[{"href":"https:\/\/apuntesdesanluis.com\/index.php\/wp-json\/wp\/v2\/posts"}],"about":[{"href":"https:\/\/apuntesdesanluis.com\/index.php\/wp-json\/wp\/v2\/types\/post"}],"author":[{"embeddable":true,"href":"https:\/\/apuntesdesanluis.com\/index.php\/wp-json\/wp\/v2\/users\/1"}],"replies":[{"embeddable":true,"href":"https:\/\/apuntesdesanluis.com\/index.php\/wp-json\/wp\/v2\/comments?post=13172"}],"version-history":[{"count":1,"href":"https:\/\/apuntesdesanluis.com\/index.php\/wp-json\/wp\/v2\/posts\/13172\/revisions"}],"predecessor-version":[{"id":13174,"href":"https:\/\/apuntesdesanluis.com\/index.php\/wp-json\/wp\/v2\/posts\/13172\/revisions\/13174"}],"wp:featuredmedia":[{"embeddable":true,"href":"https:\/\/apuntesdesanluis.com\/index.php\/wp-json\/wp\/v2\/media\/13173"}],"wp:attachment":[{"href":"https:\/\/apuntesdesanluis.com\/index.php\/wp-json\/wp\/v2\/media?parent=13172"}],"wp:term":[{"taxonomy":"category","embeddable":true,"href":"https:\/\/apuntesdesanluis.com\/index.php\/wp-json\/wp\/v2\/categories?post=13172"},{"taxonomy":"post_tag","embeddable":true,"href":"https:\/\/apuntesdesanluis.com\/index.php\/wp-json\/wp\/v2\/tags?post=13172"}],"curies":[{"name":"wp","href":"https:\/\/api.w.org\/{rel}","templated":true}]}}