{"id":13179,"date":"2024-03-13T23:59:50","date_gmt":"2024-03-14T02:59:50","guid":{"rendered":"https:\/\/apuntesdesanluis.com\/?p=13179"},"modified":"2024-03-14T21:32:20","modified_gmt":"2024-03-15T00:32:20","slug":"la-universidad-de-san-luis-priorizara-las-becas-de-comedor","status":"publish","type":"post","link":"https:\/\/apuntesdesanluis.com\/index.php\/2024\/03\/13\/la-universidad-de-san-luis-priorizara-las-becas-de-comedor\/","title":{"rendered":"LA UNIVERSIDAD DE SAN LUIS PRIORIZAR\u00c1 LAS BECAS DE COMEDOR"},"content":{"rendered":"<h3>Este mi\u00e9rcoles y de forma un\u00e1nime, la <strong>Comisi\u00f3n de Becas y Residencias<\/strong>, acord\u00f3 priorizar la comida a la que diariamente accede el estudiantado y garantizar el funcionamiento del Comedor. La decisi\u00f3n se tom\u00f3 como consecuencia de tener que gestionar en el marco de un presupuesto reconducido. Esta medida se encuadra en lo dispuesto en la actual emergencia econ\u00f3mica, financiera y administrativa en el \u00e1mbito de la Universidad Nacional de San Luis.<\/h3>\n<h3>Esta Comisi\u00f3n, con representatividad de las ocho (8) Facultades, entendi\u00f3 la delicada situaci\u00f3n y la urgencia de tratar qu\u00e9 becas se otorgar\u00edan este a\u00f1o. \u00abHemos tratado c\u00f3mo contribuir a este lineamiento claro del Consejo Superior, hemos explicado la situaci\u00f3n, hemos expuesto la situaci\u00f3n del Comedor y de las becas de la Secretar\u00eda con n\u00fameros, con las pol\u00edticas que se vienen trabajando desde el a\u00f1o pasado\u00bb, explic\u00f3 el secretario de Asuntos Estudiantiles y Bienestar Universitario (Saebu), Lic. Ra\u00fal Rafael P\u00e1ez.<\/h3>\n<p><img fetchpriority=\"high\" decoding=\"async\" class=\"wp-image-13181 aligncenter\" src=\"https:\/\/apuntesdesanluis.com\/wp-content\/uploads\/2024\/03\/unsl-becas-comedor-300x163.png\" alt=\"\" width=\"652\" height=\"354\" srcset=\"https:\/\/apuntesdesanluis.com\/wp-content\/uploads\/2024\/03\/unsl-becas-comedor-300x163.png 300w, https:\/\/apuntesdesanluis.com\/wp-content\/uploads\/2024\/03\/unsl-becas-comedor.png 600w\" sizes=\"(max-width: 652px) 100vw, 652px\" \/><\/p>\n<h3>En consecuencia, se resolvi\u00f3 que todas las becas, tanto de la sede San Luis como del Centro Universitario de Villa Mercedes, est\u00e9n destinadas a becas del comedor. Esto permitir\u00e1 tambi\u00e9n que independientemente de futuros aumentos, en diciembre, el\/la estudiante contin\u00fae con sus 24 comidas estipuladas por Ordenanza.<\/h3>\n<h3>Paez adem\u00e1s expres\u00f3 que el estudiantado inscripto a otras becas, va a tener la posibilidad de optar por la de comedor. \u00abSi han salido preseleccionados en las becas que ellos han elegido para preinscribirse, nosotros desde el Departamento de Trabajo Social, los citamos para que lleven la documentaci\u00f3n y le damos la posibilidad que pueda recibir o no la beca de comedor\u00bb, manifest\u00f3 el titular de la Saebu y agreg\u00f3 que, si por alguna raz\u00f3n deciden no optar por esta beca, se consultar\u00e1 con el listado de espera.<\/h3>\n<h3>Tambi\u00e9n se remarc\u00f3 que las becas de discapacidad continuar\u00e1n en las sedes de San Luis, Villa Mercedes y Merlo. Por otra parte, el Centro de la Facultad de Turismo y Urbanismo, al no tener comedor, brindar\u00e1 becas de ayuda econ\u00f3mica.<\/h3>\n<p>&nbsp;<\/p>\n<p>&nbsp;<\/p>\n<p>&nbsp;<\/p>\n","protected":false},"excerpt":{"rendered":"<p>Este mi\u00e9rcoles y de forma un\u00e1nime, la Comisi\u00f3n de Becas y Residencias, acord\u00f3 priorizar la&#8230;<\/p>\n","protected":false},"author":1,"featured_media":13180,"comment_status":"closed","ping_status":"closed","sticky":false,"template":"","format":"standard","meta":{"footnotes":""},"categories":[6],"tags":[],"class_list":["post-13179","post","type-post","status-publish","format-standard","has-post-thumbnail","hentry","category-ciudad-provincia"],"yoast_head":"<!-- This site is optimized with the Yoast SEO plugin v26.1.1 - https:\/\/yoast.com\/wordpress\/plugins\/seo\/ -->\n<title>LA UNIVERSIDAD DE SAN LUIS PRIORIZAR\u00c1 LAS BECAS DE COMEDOR - Apuntes de San Luis<\/title>\n<meta name=\"robots\" content=\"index, follow, max-snippet:-1, max-image-preview:large, max-video-preview:-1\" \/>\n<link rel=\"canonical\" href=\"https:\/\/apuntesdesanluis.com\/index.php\/2024\/03\/13\/la-universidad-de-san-luis-priorizara-las-becas-de-comedor\/\" \/>\n<meta property=\"og:locale\" content=\"es_ES\" \/>\n<meta property=\"og:type\" content=\"article\" \/>\n<meta property=\"og:title\" content=\"LA UNIVERSIDAD DE SAN LUIS PRIORIZAR\u00c1 LAS BECAS DE COMEDOR - Apuntes de San Luis\" \/>\n<meta property=\"og:description\" content=\"Este mi\u00e9rcoles y de forma un\u00e1nime, la Comisi\u00f3n de Becas y Residencias, acord\u00f3 priorizar la...\" \/>\n<meta property=\"og:url\" content=\"https:\/\/apuntesdesanluis.com\/index.php\/2024\/03\/13\/la-universidad-de-san-luis-priorizara-las-becas-de-comedor\/\" \/>\n<meta property=\"og:site_name\" content=\"Apuntes de San Luis\" \/>\n<meta property=\"article:published_time\" content=\"2024-03-14T02:59:50+00:00\" \/>\n<meta property=\"article:modified_time\" content=\"2024-03-15T00:32:20+00:00\" \/>\n<meta property=\"og:image\" content=\"https:\/\/apuntesdesanluis.com\/wp-content\/uploads\/2024\/03\/comedor-vm.png\" \/>\n\t<meta property=\"og:image:width\" content=\"600\" \/>\n\t<meta property=\"og:image:height\" content=\"363\" \/>\n\t<meta property=\"og:image:type\" content=\"image\/png\" \/>\n<meta name=\"author\" content=\"apuntesdesanluis.com\" \/>\n<meta name=\"twitter:card\" content=\"summary_large_image\" \/>\n<meta name=\"twitter:label1\" content=\"Escrito por\" \/>\n\t<meta name=\"twitter:data1\" content=\"apuntesdesanluis.com\" \/>\n\t<meta name=\"twitter:label2\" content=\"Tiempo de lectura\" \/>\n\t<meta name=\"twitter:data2\" content=\"2 minutos\" \/>\n<script type=\"application\/ld+json\" class=\"yoast-schema-graph\">{\"@context\":\"https:\/\/schema.org\",\"@graph\":[{\"@type\":\"Article\",\"@id\":\"https:\/\/apuntesdesanluis.com\/index.php\/2024\/03\/13\/la-universidad-de-san-luis-priorizara-las-becas-de-comedor\/#article\",\"isPartOf\":{\"@id\":\"https:\/\/apuntesdesanluis.com\/index.php\/2024\/03\/13\/la-universidad-de-san-luis-priorizara-las-becas-de-comedor\/\"},\"author\":{\"name\":\"apuntesdesanluis.com\",\"@id\":\"https:\/\/apuntesdesanluis.com\/#\/schema\/person\/b55151d52296fcce64d1a72538a70b90\"},\"headline\":\"LA UNIVERSIDAD DE SAN LUIS PRIORIZAR\u00c1 LAS BECAS DE COMEDOR\",\"datePublished\":\"2024-03-14T02:59:50+00:00\",\"dateModified\":\"2024-03-15T00:32:20+00:00\",\"mainEntityOfPage\":{\"@id\":\"https:\/\/apuntesdesanluis.com\/index.php\/2024\/03\/13\/la-universidad-de-san-luis-priorizara-las-becas-de-comedor\/\"},\"wordCount\":364,\"publisher\":{\"@id\":\"https:\/\/apuntesdesanluis.com\/#\/schema\/person\/b55151d52296fcce64d1a72538a70b90\"},\"image\":{\"@id\":\"https:\/\/apuntesdesanluis.com\/index.php\/2024\/03\/13\/la-universidad-de-san-luis-priorizara-las-becas-de-comedor\/#primaryimage\"},\"thumbnailUrl\":\"https:\/\/apuntesdesanluis.com\/wp-content\/uploads\/2024\/03\/comedor-vm.png\",\"articleSection\":[\"Ciudad\/Provincia\"],\"inLanguage\":\"es-AR\"},{\"@type\":\"WebPage\",\"@id\":\"https:\/\/apuntesdesanluis.com\/index.php\/2024\/03\/13\/la-universidad-de-san-luis-priorizara-las-becas-de-comedor\/\",\"url\":\"https:\/\/apuntesdesanluis.com\/index.php\/2024\/03\/13\/la-universidad-de-san-luis-priorizara-las-becas-de-comedor\/\",\"name\":\"LA UNIVERSIDAD DE SAN LUIS PRIORIZAR\u00c1 LAS BECAS DE COMEDOR - Apuntes de San Luis\",\"isPartOf\":{\"@id\":\"https:\/\/apuntesdesanluis.com\/#website\"},\"primaryImageOfPage\":{\"@id\":\"https:\/\/apuntesdesanluis.com\/index.php\/2024\/03\/13\/la-universidad-de-san-luis-priorizara-las-becas-de-comedor\/#primaryimage\"},\"image\":{\"@id\":\"https:\/\/apuntesdesanluis.com\/index.php\/2024\/03\/13\/la-universidad-de-san-luis-priorizara-las-becas-de-comedor\/#primaryimage\"},\"thumbnailUrl\":\"https:\/\/apuntesdesanluis.com\/wp-content\/uploads\/2024\/03\/comedor-vm.png\",\"datePublished\":\"2024-03-14T02:59:50+00:00\",\"dateModified\":\"2024-03-15T00:32:20+00:00\",\"breadcrumb\":{\"@id\":\"https:\/\/apuntesdesanluis.com\/index.php\/2024\/03\/13\/la-universidad-de-san-luis-priorizara-las-becas-de-comedor\/#breadcrumb\"},\"inLanguage\":\"es-AR\",\"potentialAction\":[{\"@type\":\"ReadAction\",\"target\":[\"https:\/\/apuntesdesanluis.com\/index.php\/2024\/03\/13\/la-universidad-de-san-luis-priorizara-las-becas-de-comedor\/\"]}]},{\"@type\":\"ImageObject\",\"inLanguage\":\"es-AR\",\"@id\":\"https:\/\/apuntesdesanluis.com\/index.php\/2024\/03\/13\/la-universidad-de-san-luis-priorizara-las-becas-de-comedor\/#primaryimage\",\"url\":\"https:\/\/apuntesdesanluis.com\/wp-content\/uploads\/2024\/03\/comedor-vm.png\",\"contentUrl\":\"https:\/\/apuntesdesanluis.com\/wp-content\/uploads\/2024\/03\/comedor-vm.png\",\"width\":600,\"height\":363},{\"@type\":\"BreadcrumbList\",\"@id\":\"https:\/\/apuntesdesanluis.com\/index.php\/2024\/03\/13\/la-universidad-de-san-luis-priorizara-las-becas-de-comedor\/#breadcrumb\",\"itemListElement\":[{\"@type\":\"ListItem\",\"position\":1,\"name\":\"Inicio\",\"item\":\"https:\/\/apuntesdesanluis.com\/\"},{\"@type\":\"ListItem\",\"position\":2,\"name\":\"LA UNIVERSIDAD DE SAN LUIS PRIORIZAR\u00c1 LAS BECAS DE COMEDOR\"}]},{\"@type\":\"WebSite\",\"@id\":\"https:\/\/apuntesdesanluis.com\/#website\",\"url\":\"https:\/\/apuntesdesanluis.com\/\",\"name\":\"Apuntes de San Luis\",\"description\":\"\",\"publisher\":{\"@id\":\"https:\/\/apuntesdesanluis.com\/#\/schema\/person\/b55151d52296fcce64d1a72538a70b90\"},\"potentialAction\":[{\"@type\":\"SearchAction\",\"target\":{\"@type\":\"EntryPoint\",\"urlTemplate\":\"https:\/\/apuntesdesanluis.com\/?s={search_term_string}\"},\"query-input\":{\"@type\":\"PropertyValueSpecification\",\"valueRequired\":true,\"valueName\":\"search_term_string\"}}],\"inLanguage\":\"es-AR\"},{\"@type\":[\"Person\",\"Organization\"],\"@id\":\"https:\/\/apuntesdesanluis.com\/#\/schema\/person\/b55151d52296fcce64d1a72538a70b90\",\"name\":\"apuntesdesanluis.com\",\"image\":{\"@type\":\"ImageObject\",\"inLanguage\":\"es-AR\",\"@id\":\"https:\/\/apuntesdesanluis.com\/#\/schema\/person\/image\/\",\"url\":\"https:\/\/apuntesdesanluis.com\/wp-content\/uploads\/2023\/07\/cropped-apuntesdesanluis.png\",\"contentUrl\":\"https:\/\/apuntesdesanluis.com\/wp-content\/uploads\/2023\/07\/cropped-apuntesdesanluis.png\",\"width\":450,\"height\":112,\"caption\":\"apuntesdesanluis.com\"},\"logo\":{\"@id\":\"https:\/\/apuntesdesanluis.com\/#\/schema\/person\/image\/\"},\"sameAs\":[\"https:\/\/apuntesdesanluis.com\"],\"url\":\"https:\/\/apuntesdesanluis.com\/index.php\/author\/apuntesdesanluis-com\/\"}]}<\/script>\n<!-- \/ Yoast SEO plugin. -->","yoast_head_json":{"title":"LA UNIVERSIDAD DE SAN LUIS PRIORIZAR\u00c1 LAS BECAS DE COMEDOR - Apuntes de San Luis","robots":{"index":"index","follow":"follow","max-snippet":"max-snippet:-1","max-image-preview":"max-image-preview:large","max-video-preview":"max-video-preview:-1"},"canonical":"https:\/\/apuntesdesanluis.com\/index.php\/2024\/03\/13\/la-universidad-de-san-luis-priorizara-las-becas-de-comedor\/","og_locale":"es_ES","og_type":"article","og_title":"LA UNIVERSIDAD DE SAN LUIS PRIORIZAR\u00c1 LAS BECAS DE COMEDOR - Apuntes de San Luis","og_description":"Este mi\u00e9rcoles y de forma un\u00e1nime, la Comisi\u00f3n de Becas y Residencias, acord\u00f3 priorizar la...","og_url":"https:\/\/apuntesdesanluis.com\/index.php\/2024\/03\/13\/la-universidad-de-san-luis-priorizara-las-becas-de-comedor\/","og_site_name":"Apuntes de San Luis","article_published_time":"2024-03-14T02:59:50+00:00","article_modified_time":"2024-03-15T00:32:20+00:00","og_image":[{"width":600,"height":363,"url":"https:\/\/apuntesdesanluis.com\/wp-content\/uploads\/2024\/03\/comedor-vm.png","type":"image\/png"}],"author":"apuntesdesanluis.com","twitter_card":"summary_large_image","twitter_misc":{"Escrito por":"apuntesdesanluis.com","Tiempo de lectura":"2 minutos"},"schema":{"@context":"https:\/\/schema.org","@graph":[{"@type":"Article","@id":"https:\/\/apuntesdesanluis.com\/index.php\/2024\/03\/13\/la-universidad-de-san-luis-priorizara-las-becas-de-comedor\/#article","isPartOf":{"@id":"https:\/\/apuntesdesanluis.com\/index.php\/2024\/03\/13\/la-universidad-de-san-luis-priorizara-las-becas-de-comedor\/"},"author":{"name":"apuntesdesanluis.com","@id":"https:\/\/apuntesdesanluis.com\/#\/schema\/person\/b55151d52296fcce64d1a72538a70b90"},"headline":"LA UNIVERSIDAD DE SAN LUIS PRIORIZAR\u00c1 LAS BECAS DE COMEDOR","datePublished":"2024-03-14T02:59:50+00:00","dateModified":"2024-03-15T00:32:20+00:00","mainEntityOfPage":{"@id":"https:\/\/apuntesdesanluis.com\/index.php\/2024\/03\/13\/la-universidad-de-san-luis-priorizara-las-becas-de-comedor\/"},"wordCount":364,"publisher":{"@id":"https:\/\/apuntesdesanluis.com\/#\/schema\/person\/b55151d52296fcce64d1a72538a70b90"},"image":{"@id":"https:\/\/apuntesdesanluis.com\/index.php\/2024\/03\/13\/la-universidad-de-san-luis-priorizara-las-becas-de-comedor\/#primaryimage"},"thumbnailUrl":"https:\/\/apuntesdesanluis.com\/wp-content\/uploads\/2024\/03\/comedor-vm.png","articleSection":["Ciudad\/Provincia"],"inLanguage":"es-AR"},{"@type":"WebPage","@id":"https:\/\/apuntesdesanluis.com\/index.php\/2024\/03\/13\/la-universidad-de-san-luis-priorizara-las-becas-de-comedor\/","url":"https:\/\/apuntesdesanluis.com\/index.php\/2024\/03\/13\/la-universidad-de-san-luis-priorizara-las-becas-de-comedor\/","name":"LA UNIVERSIDAD DE SAN LUIS PRIORIZAR\u00c1 LAS BECAS DE COMEDOR - Apuntes de San Luis","isPartOf":{"@id":"https:\/\/apuntesdesanluis.com\/#website"},"primaryImageOfPage":{"@id":"https:\/\/apuntesdesanluis.com\/index.php\/2024\/03\/13\/la-universidad-de-san-luis-priorizara-las-becas-de-comedor\/#primaryimage"},"image":{"@id":"https:\/\/apuntesdesanluis.com\/index.php\/2024\/03\/13\/la-universidad-de-san-luis-priorizara-las-becas-de-comedor\/#primaryimage"},"thumbnailUrl":"https:\/\/apuntesdesanluis.com\/wp-content\/uploads\/2024\/03\/comedor-vm.png","datePublished":"2024-03-14T02:59:50+00:00","dateModified":"2024-03-15T00:32:20+00:00","breadcrumb":{"@id":"https:\/\/apuntesdesanluis.com\/index.php\/2024\/03\/13\/la-universidad-de-san-luis-priorizara-las-becas-de-comedor\/#breadcrumb"},"inLanguage":"es-AR","potentialAction":[{"@type":"ReadAction","target":["https:\/\/apuntesdesanluis.com\/index.php\/2024\/03\/13\/la-universidad-de-san-luis-priorizara-las-becas-de-comedor\/"]}]},{"@type":"ImageObject","inLanguage":"es-AR","@id":"https:\/\/apuntesdesanluis.com\/index.php\/2024\/03\/13\/la-universidad-de-san-luis-priorizara-las-becas-de-comedor\/#primaryimage","url":"https:\/\/apuntesdesanluis.com\/wp-content\/uploads\/2024\/03\/comedor-vm.png","contentUrl":"https:\/\/apuntesdesanluis.com\/wp-content\/uploads\/2024\/03\/comedor-vm.png","width":600,"height":363},{"@type":"BreadcrumbList","@id":"https:\/\/apuntesdesanluis.com\/index.php\/2024\/03\/13\/la-universidad-de-san-luis-priorizara-las-becas-de-comedor\/#breadcrumb","itemListElement":[{"@type":"ListItem","position":1,"name":"Inicio","item":"https:\/\/apuntesdesanluis.com\/"},{"@type":"ListItem","position":2,"name":"LA UNIVERSIDAD DE SAN LUIS PRIORIZAR\u00c1 LAS BECAS DE COMEDOR"}]},{"@type":"WebSite","@id":"https:\/\/apuntesdesanluis.com\/#website","url":"https:\/\/apuntesdesanluis.com\/","name":"Apuntes de San Luis","description":"","publisher":{"@id":"https:\/\/apuntesdesanluis.com\/#\/schema\/person\/b55151d52296fcce64d1a72538a70b90"},"potentialAction":[{"@type":"SearchAction","target":{"@type":"EntryPoint","urlTemplate":"https:\/\/apuntesdesanluis.com\/?s={search_term_string}"},"query-input":{"@type":"PropertyValueSpecification","valueRequired":true,"valueName":"search_term_string"}}],"inLanguage":"es-AR"},{"@type":["Person","Organization"],"@id":"https:\/\/apuntesdesanluis.com\/#\/schema\/person\/b55151d52296fcce64d1a72538a70b90","name":"apuntesdesanluis.com","image":{"@type":"ImageObject","inLanguage":"es-AR","@id":"https:\/\/apuntesdesanluis.com\/#\/schema\/person\/image\/","url":"https:\/\/apuntesdesanluis.com\/wp-content\/uploads\/2023\/07\/cropped-apuntesdesanluis.png","contentUrl":"https:\/\/apuntesdesanluis.com\/wp-content\/uploads\/2023\/07\/cropped-apuntesdesanluis.png","width":450,"height":112,"caption":"apuntesdesanluis.com"},"logo":{"@id":"https:\/\/apuntesdesanluis.com\/#\/schema\/person\/image\/"},"sameAs":["https:\/\/apuntesdesanluis.com"],"url":"https:\/\/apuntesdesanluis.com\/index.php\/author\/apuntesdesanluis-com\/"}]}},"featured_image_urls":{"full":["https:\/\/apuntesdesanluis.com\/wp-content\/uploads\/2024\/03\/comedor-vm.png",600,363,false],"thumbnail":["https:\/\/apuntesdesanluis.com\/wp-content\/uploads\/2024\/03\/comedor-vm-150x150.png",150,150,true],"medium":["https:\/\/apuntesdesanluis.com\/wp-content\/uploads\/2024\/03\/comedor-vm-300x182.png",300,182,true],"medium_large":["https:\/\/apuntesdesanluis.com\/wp-content\/uploads\/2024\/03\/comedor-vm.png",600,363,false],"large":["https:\/\/apuntesdesanluis.com\/wp-content\/uploads\/2024\/03\/comedor-vm.png",600,363,false],"1536x1536":["https:\/\/apuntesdesanluis.com\/wp-content\/uploads\/2024\/03\/comedor-vm.png",600,363,false],"2048x2048":["https:\/\/apuntesdesanluis.com\/wp-content\/uploads\/2024\/03\/comedor-vm.png",600,363,false],"newsever-slider-full":["https:\/\/apuntesdesanluis.com\/wp-content\/uploads\/2024\/03\/comedor-vm.png",600,363,false],"newsever-featured":["https:\/\/apuntesdesanluis.com\/wp-content\/uploads\/2024\/03\/comedor-vm.png",600,363,false],"newsever-medium":["https:\/\/apuntesdesanluis.com\/wp-content\/uploads\/2024\/03\/comedor-vm.png",600,363,false]},"author_info":{"display_name":"apuntesdesanluis.com","author_link":"https:\/\/apuntesdesanluis.com\/index.php\/author\/apuntesdesanluis-com\/"},"category_info":"<a href=\"https:\/\/apuntesdesanluis.com\/index.php\/category\/ciudad-provincia\/\" rel=\"category tag\">Ciudad\/Provincia<\/a>","tag_info":"Ciudad\/Provincia","comment_count":"0","_links":{"self":[{"href":"https:\/\/apuntesdesanluis.com\/index.php\/wp-json\/wp\/v2\/posts\/13179","targetHints":{"allow":["GET"]}}],"collection":[{"href":"https:\/\/apuntesdesanluis.com\/index.php\/wp-json\/wp\/v2\/posts"}],"about":[{"href":"https:\/\/apuntesdesanluis.com\/index.php\/wp-json\/wp\/v2\/types\/post"}],"author":[{"embeddable":true,"href":"https:\/\/apuntesdesanluis.com\/index.php\/wp-json\/wp\/v2\/users\/1"}],"replies":[{"embeddable":true,"href":"https:\/\/apuntesdesanluis.com\/index.php\/wp-json\/wp\/v2\/comments?post=13179"}],"version-history":[{"count":1,"href":"https:\/\/apuntesdesanluis.com\/index.php\/wp-json\/wp\/v2\/posts\/13179\/revisions"}],"predecessor-version":[{"id":13182,"href":"https:\/\/apuntesdesanluis.com\/index.php\/wp-json\/wp\/v2\/posts\/13179\/revisions\/13182"}],"wp:featuredmedia":[{"embeddable":true,"href":"https:\/\/apuntesdesanluis.com\/index.php\/wp-json\/wp\/v2\/media\/13180"}],"wp:attachment":[{"href":"https:\/\/apuntesdesanluis.com\/index.php\/wp-json\/wp\/v2\/media?parent=13179"}],"wp:term":[{"taxonomy":"category","embeddable":true,"href":"https:\/\/apuntesdesanluis.com\/index.php\/wp-json\/wp\/v2\/categories?post=13179"},{"taxonomy":"post_tag","embeddable":true,"href":"https:\/\/apuntesdesanluis.com\/index.php\/wp-json\/wp\/v2\/tags?post=13179"}],"curies":[{"name":"wp","href":"https:\/\/api.w.org\/{rel}","templated":true}]}}