{"id":1318,"date":"2023-08-08T21:18:37","date_gmt":"2023-08-09T00:18:37","guid":{"rendered":"https:\/\/apuntesdesanluis.com\/?p=1318"},"modified":"2023-08-08T21:22:51","modified_gmt":"2023-08-09T00:22:51","slug":"aprueban-solicitud-de-informes-sobre-el-aumento-autorizado-a-edesal","status":"publish","type":"post","link":"https:\/\/apuntesdesanluis.com\/index.php\/2023\/08\/08\/aprueban-solicitud-de-informes-sobre-el-aumento-autorizado-a-edesal\/","title":{"rendered":"APRUEBAN SOLICITUD DE INFORMES SOBRE EL AUMENTO AUTORIZADO A EDESAL"},"content":{"rendered":"<h3>Fue en la sesi\u00f3n ordinaria del Concejo Deliberante de Villa Mercedes, que se realiz\u00f3 este martes, bajo la presidencia provisional de la concejal <strong>Lucia Vanesa Lacerda<\/strong>.<\/h3>\n<h3>En el momento de ingresar proyectos al orden del d\u00eda y\/o realizar homenajes, el concejal <strong>Hugo Rossi<\/strong> hizo conocer su malestar en raz\u00f3n de que un proyecto de su autor\u00eda no ha recibido prioridad, relacionado con la &#8220;colocaci\u00f3n de un guardarrail o contenci\u00f3n en el canal pluvial ubicado sobre calle Maip\u00fa, lo cual pone en peligro las vidas de personas que circulan en veh\u00edculos y motocicletas en ese sector de la ciudad\u201d.<\/h3>\n<h3>En cuanto a los asuntos entrados fueron le\u00eddos por la Secretaria Legislativa, oportunidad en que fueron fundamentados por los autores de los proyectos presentados y remitidos a la comisi\u00f3n pertinente, salvo un proyecto de Comunicaci\u00f3n del Bloque Todos Unidos, que fue tratado sobre tablas.<\/h3>\n<h3>El mismo requiere \u201ca la Presidencia de la Comisi\u00f3n Reguladora Provincial de Energ\u00eda El\u00e9ctrica, un informe preciso y detallado sobre diversos aspectos inherentes a los incrementos otorgados a las tarifas de energ\u00eda el\u00e9ctrica por Resoluci\u00f3n N\u00b0118 a la empresa Edesal\u201d, el cual fue fundamentado por la Concejal<strong> Lucrecia Soria<\/strong> y aprobado de forma un\u00e1nime.<\/h3>\n<h3>En cuanto a los Expedientes Internos del Departamento Ejecutivo Municipal a trav\u00e9s del cual se tramita autorizaci\u00f3n para la extracci\u00f3n de \u00e1rboles fueron enviados a la comisi\u00f3n de Ecolog\u00eda Medio Ambiente e Higiene.<\/h3>\n<h3>INTERPRETACI\u00d3N Y ASUNTOS LEGALES<\/h3>\n<h3>El Expte. N\u00b0 21714-0\/23 Proyecto de Ordenanza referido a modificaci\u00f3n de los Art\u00edculos 22\u00b0) y 52\u00b0) de la Carta Org\u00e1nica Municipal, a efectos de establecer la edad de 21 a\u00f1os como uno de los requisitos para ocupar el cargo de Concejal de Villa Mercedes; con el correspondiente sometimiento Ad Refer\u00e9ndum de la decisi\u00f3n popular, conforme Art. 125\u00b0) del citado instrumento normativo, argumentado por la Concejal Flavia Coria y aprobado por unanimidad.<\/h3>\n<h3>El Expte. N\u00b0 21720-n\/23- Nota N\u00b0 18\/23- Sr. Nicol\u00e1s Oscar S\u00e1ez referido a Solicita excepciones a las Leyes Provinciales y Nacionales de Tr\u00e1nsito o Venia que le permita sacar el carnet de conducir profesional para desempe\u00f1arse como remisero; ya que el mismo es negado, porque sigue figurando en el certificado de reincidencia, pese haber cumplido la pena en 2018. (Archivo), la Concejal Flavia Coria ley\u00f3 el dictamen, el cual cont\u00f3 con la aprobaci\u00f3n del cuerpo.<\/h3>\n<h3>INTERPRETACI\u00d3N Y ASUNTOS LEGALES- HACIENDA Y PRESUPUESTO<\/h3>\n<h3>El Expte. N\u00b0 21688-h\/23- Departamento Ejecutivo Municipal- Expte. Interno N\u00b0 8008\/2023 referido a eleva Decreto Municipal N\u00b0 3211\/2023, de homologaci\u00f3n ad refer\u00e9ndum del Honorable Concejo Deliberante, de convenio suscripto entre la Municipalidad de Villa Mercedes y la Secretar\u00eda de Articulaci\u00f3n de Pol\u00edtica Social del Ministerio de Desarrollo Social de la Naci\u00f3n, en el marco del programa &#8220;Banco de Maquinarias, Herramientas y Materiales para la Emergencia Social&#8221;, argumentado por la Concejal Coria y aprobado de forma un\u00e1nime.<\/h3>\n<h3>INTERPRETACI\u00d3N Y ASUNTOS LEGALES &#8211; OBRAS Y SERVICIOS P\u00daBLICOS<\/h3>\n<h3>El Expte. N\u00b0 21708-0\/23 Proyecto de Ordenanza referido a Creaci\u00f3n del r\u00e9gimen jur\u00eddico aplicable al sistema de padrinazgo, tendiente a la construcci\u00f3n y posterior conservaci\u00f3n de paradores de transporte p\u00fablico de pasajeros, por unanimidad fue aprobado dicho despacho con la modificaci\u00f3n realizada previamente por las Concejalas Flavia Coria y Lucrecia Soria.<\/h3>\n<h3>OBRAS Y SERVICIOS P\u00daBLICOS<\/h3>\n<h3>Los Exptes. N\u00b0 19919-0\/21; N\u00b0 19958-c\/21; N\u00b0 20059-c\/21; N\u00b0 20069-c\/21; N\u00b0 20080- c\/21; N\u00b0 20159-c\/21; N\u00b0 20191-c\/21; N\u00b0 20202-c\/21; N\u00b0 20221-c\/21; N\u00b0 20243-c\/21; N\u00b0 20251-c\/21; N\u00b0 20253-c\/21 y N\u00b0 20257-c\/21- Proyectos de Comunicaciones referidos a Tem\u00e1ticas varias. (Archivo), el Concejal Hugo Rossi brind\u00f3 la lectura del despacho, los cuales fueron aprobados por mayor\u00eda.<\/h3>\n<h3>El Expte. N\u00b0 21060-c\/22 Proyecto de Comunicaci\u00f3n referido a Solicitar al Departamento Ejecutivo Municipal, estudio de factibilidad para la limpieza y desobstrucci\u00f3n de tramo de bicisenda existente en calle Rufino Barreiro, extremo sur; desmalezado de sus laterales e iluminaci\u00f3n en la zona. (Archivo) luego de dar la lectura del dictamen por parte del Concejal Rossi, se aprob\u00f3 por unanimidad.<\/h3>\n<h3>Los Exptes. N\u00b0 21507-c\/23; N\u00b0 21531-c\/23; N\u00b0 21555-c\/23; N\u00b0 21608-c\/23; N\u00b0 21615- c\/23; N\u00b0 21629-c\/23; N\u00b0 21646-c\/23; N\u00b0 21655-c\/23 y N\u00b0 21669-c\/23- Proyecto de Comunicaci\u00f3n referidos a solicitar al Departamento Ejecutivo Municipal estudie la factibilidad t\u00e9cnica y presupuestaria para la colocaci\u00f3n y reposici\u00f3n de luminarias en distintos sectores de la ciudad, de similar metodolog\u00eda el Concejal Hugo Rossi brind\u00f3 detalles del despacho y solicit\u00f3 su aprobaci\u00f3n un\u00e1nime, el cual cont\u00f3 con el acompa\u00f1amiento del cuerpo legislativo.<\/h3>\n<h3>Los Exptes. N\u00b0 21509-c\/23 y N\u00b0 21568-c\/23- Proyecto de Comunicaci\u00f3n referido a Requerir al Departamento Ejecutivo Municipal analice la factibilidad t\u00e9cnica y presupuestaria para proceder al ensanche de distintas arterias de la ciudad, el Edil Rossi ley\u00f3 el dictamen en cuesti\u00f3n, el cual cont\u00f3 con la aprobaci\u00f3n por unanimidad.<\/h3>\n<h3>OBRAS Y SERVICIOS P\u00daBLICOS &#8211; INTERPRETACI\u00d3N Y ASUNTOS LEGALES<\/h3>\n<h3>El Expte. N\u00b0 20190-c\/21 Proyecto de Comunicaci\u00f3n referido a Invitar al Se\u00f1or Ministro de Seguridad del gobierno de la Provincia de San Luis a visitar la instituci\u00f3n legislativa a efectos de mantener una reuni\u00f3n informativa respecto a temas inherentes a la seguridad ciudadana en Villa Mercedes, al uso y funcionamiento de las c\u00e1maras de seguridad e identificadores de dominio de automotores. (Archivo), el Concejal Hugo Rossi verti\u00f3 su fundamentaci\u00f3n el cual fue aprobado por mayor\u00eda.<\/h3>\n<h3>OBRAS Y SERVICIOS P\u00daBLICOS &#8211; HACIENDA Y PRESUPUESTO<\/h3>\n<h3>El Expte. N\u00b0 20150-0\/21 Proyecto de Ordenanza referido a El Departamento Ejecutivo Municipal destinar\u00e1 un sector de la zona sur de la ciudad para la construcci\u00f3n de una plaza de pr\u00e1cticas de skateboarding, parkour, bikes BMX y otros deportes similares. (Archivo), el Edil Hugo Rossi ley\u00f3 el dictamen, el cual cont\u00f3 con la aprobaci\u00f3n del todo el cuerpo.<\/h3>\n<h3>OBRAS Y SERVICIOS P\u00daBLICOS &#8211; MOVILIDAD URBANA<\/h3>\n<h3>Los Exptes. N\u00b0 20151-0\/21 y N\u00b0 20234-c\/21- referidos a Tem\u00e1ticas varias. (Archivo), el siguiente despacho fundamentado por el Concejal Rossi y aprobado por unanimidad.<\/h3>\n<h3>MOVILIDAD URBANA<\/h3>\n<h3>Los distintos despachos de esta comisi\u00f3n fueron argumentados por el Concejal Jorge Rosales y aprobados por unanimidad los expedientes A y B en tanto los expedientes C y D aprobados por mayor\u00eda.<\/h3>\n<h3>El Expte. N\u00b0 21067-c\/22 Proyecto de Comunicaci\u00f3n referido a Solicitar al Departamento Ejecutivo Municipal la colocaci\u00f3n de sem\u00e1foro con temporizador, en intersecci\u00f3n de calles Chacabuco y Montevideo del barrio SMATA.<\/h3>\n<h3>El Expte. N\u00b0 21510-c\/23- Proyecto de Comunicaci\u00f3n referido a Requerir al Departamento Ejecutivo Municipal, arbitre los mecanismos conducentes a dar pronta soluci\u00f3n a problem\u00e1tica en circulaci\u00f3n de tr\u00e1nsito vehicular de calles Justo Daract y General Paz, en Barrio Almirante Brown.<\/h3>\n<h3>El Expte. N\u00b0 21534-c\/23 Proyecto de Comunicaci\u00f3n referido a Solicitar al Departamento Ejecutivo Municipal, proceda a la sincronizaci\u00f3n &#8220;onda u ola verde&#8221; de los sem\u00e1foros ubicados en Avenida Presidente Per\u00f3n, en el tramo comprendido entre calles Justo Daract y Necochea.<\/h3>\n<h3>El Expte. N\u00b0 21626-c\/23 Proyecto de Comunicaci\u00f3n referido a Requerir al Departamento Ejecutivo Municipal, instalaci\u00f3n de reductor de velocidad de tipo &#8220;Tachas Reflectivas&#8221; o &#8220;Estoperoles&#8221; sobre calle Leonismo Argentino, antes de su intersecci\u00f3n con calle Jujuy.<\/h3>\n<h3>ECOLOG\u00cdA, MEDIO AMBIENTE E HIGIENE<\/h3>\n<h3>El Expte. N\u00b0 21711-c\/23- Proyecto de Comunicaci\u00f3n referido a solicitar al Departamento Ejecutivo Municipal, informe respecto a diversos aspectos relativos a las extracciones de especies arb\u00f3reas a\u00f1ejas que se est\u00e1n realizando en Plaza Lafinur, argumentado por la Concejal Soria aprobado por mayor\u00eda.<\/h3>\n<h3>Los Expedientes Internos del Departamento Ejecutivo Municipal N\u00b0 8872-2023 y N\u00b0 9437-2023, a trav\u00e9s de los cuales se tramita autorizaci\u00f3n para la extracci\u00f3n de \u00e1rboles. (Autorizados), el mismo fue aprobado por unanimidad previamente al argumento realizado por la Concejal Soria.<\/h3>\n","protected":false},"excerpt":{"rendered":"<p>Fue en la sesi\u00f3n ordinaria del Concejo Deliberante de Villa Mercedes, que se realiz\u00f3 este&#8230;<\/p>\n","protected":false},"author":1,"featured_media":1319,"comment_status":"closed","ping_status":"closed","sticky":false,"template":"","format":"standard","meta":{"footnotes":""},"categories":[6],"tags":[],"class_list":["post-1318","post","type-post","status-publish","format-standard","has-post-thumbnail","hentry","category-ciudad-provincia"],"yoast_head":"<!-- This site is optimized with the Yoast SEO plugin v26.1.1 - https:\/\/yoast.com\/wordpress\/plugins\/seo\/ -->\n<title>APRUEBAN SOLICITUD DE INFORMES SOBRE EL AUMENTO AUTORIZADO A EDESAL - Apuntes de San Luis<\/title>\n<meta name=\"robots\" content=\"index, follow, max-snippet:-1, max-image-preview:large, max-video-preview:-1\" \/>\n<link rel=\"canonical\" href=\"https:\/\/apuntesdesanluis.com\/index.php\/2023\/08\/08\/aprueban-solicitud-de-informes-sobre-el-aumento-autorizado-a-edesal\/\" \/>\n<meta property=\"og:locale\" content=\"es_ES\" \/>\n<meta property=\"og:type\" content=\"article\" \/>\n<meta property=\"og:title\" content=\"APRUEBAN SOLICITUD DE INFORMES SOBRE EL AUMENTO AUTORIZADO A EDESAL - Apuntes de San Luis\" \/>\n<meta property=\"og:description\" content=\"Fue en la sesi\u00f3n ordinaria del Concejo Deliberante de Villa Mercedes, que se realiz\u00f3 este...\" \/>\n<meta property=\"og:url\" content=\"https:\/\/apuntesdesanluis.com\/index.php\/2023\/08\/08\/aprueban-solicitud-de-informes-sobre-el-aumento-autorizado-a-edesal\/\" \/>\n<meta property=\"og:site_name\" content=\"Apuntes de San Luis\" \/>\n<meta property=\"article:published_time\" content=\"2023-08-09T00:18:37+00:00\" \/>\n<meta property=\"article:modified_time\" content=\"2023-08-09T00:22:51+00:00\" \/>\n<meta property=\"og:image\" content=\"https:\/\/apuntesdesanluis.com\/wp-content\/uploads\/2023\/08\/concejo-deliberante.png\" \/>\n\t<meta property=\"og:image:width\" content=\"600\" \/>\n\t<meta property=\"og:image:height\" content=\"340\" \/>\n\t<meta property=\"og:image:type\" content=\"image\/png\" \/>\n<meta name=\"author\" content=\"apuntesdesanluis.com\" \/>\n<meta name=\"twitter:card\" content=\"summary_large_image\" \/>\n<meta name=\"twitter:label1\" content=\"Escrito por\" \/>\n\t<meta name=\"twitter:data1\" content=\"apuntesdesanluis.com\" \/>\n\t<meta name=\"twitter:label2\" content=\"Tiempo de lectura\" \/>\n\t<meta name=\"twitter:data2\" content=\"6 minutos\" \/>\n<script type=\"application\/ld+json\" class=\"yoast-schema-graph\">{\"@context\":\"https:\/\/schema.org\",\"@graph\":[{\"@type\":\"Article\",\"@id\":\"https:\/\/apuntesdesanluis.com\/index.php\/2023\/08\/08\/aprueban-solicitud-de-informes-sobre-el-aumento-autorizado-a-edesal\/#article\",\"isPartOf\":{\"@id\":\"https:\/\/apuntesdesanluis.com\/index.php\/2023\/08\/08\/aprueban-solicitud-de-informes-sobre-el-aumento-autorizado-a-edesal\/\"},\"author\":{\"name\":\"apuntesdesanluis.com\",\"@id\":\"https:\/\/apuntesdesanluis.com\/#\/schema\/person\/b55151d52296fcce64d1a72538a70b90\"},\"headline\":\"APRUEBAN SOLICITUD DE INFORMES SOBRE EL AUMENTO AUTORIZADO A EDESAL\",\"datePublished\":\"2023-08-09T00:18:37+00:00\",\"dateModified\":\"2023-08-09T00:22:51+00:00\",\"mainEntityOfPage\":{\"@id\":\"https:\/\/apuntesdesanluis.com\/index.php\/2023\/08\/08\/aprueban-solicitud-de-informes-sobre-el-aumento-autorizado-a-edesal\/\"},\"wordCount\":1334,\"publisher\":{\"@id\":\"https:\/\/apuntesdesanluis.com\/#\/schema\/person\/b55151d52296fcce64d1a72538a70b90\"},\"image\":{\"@id\":\"https:\/\/apuntesdesanluis.com\/index.php\/2023\/08\/08\/aprueban-solicitud-de-informes-sobre-el-aumento-autorizado-a-edesal\/#primaryimage\"},\"thumbnailUrl\":\"https:\/\/apuntesdesanluis.com\/wp-content\/uploads\/2023\/08\/concejo-deliberante.png\",\"articleSection\":[\"Ciudad\/Provincia\"],\"inLanguage\":\"es-AR\"},{\"@type\":\"WebPage\",\"@id\":\"https:\/\/apuntesdesanluis.com\/index.php\/2023\/08\/08\/aprueban-solicitud-de-informes-sobre-el-aumento-autorizado-a-edesal\/\",\"url\":\"https:\/\/apuntesdesanluis.com\/index.php\/2023\/08\/08\/aprueban-solicitud-de-informes-sobre-el-aumento-autorizado-a-edesal\/\",\"name\":\"APRUEBAN SOLICITUD DE INFORMES SOBRE EL AUMENTO AUTORIZADO A EDESAL - Apuntes de San Luis\",\"isPartOf\":{\"@id\":\"https:\/\/apuntesdesanluis.com\/#website\"},\"primaryImageOfPage\":{\"@id\":\"https:\/\/apuntesdesanluis.com\/index.php\/2023\/08\/08\/aprueban-solicitud-de-informes-sobre-el-aumento-autorizado-a-edesal\/#primaryimage\"},\"image\":{\"@id\":\"https:\/\/apuntesdesanluis.com\/index.php\/2023\/08\/08\/aprueban-solicitud-de-informes-sobre-el-aumento-autorizado-a-edesal\/#primaryimage\"},\"thumbnailUrl\":\"https:\/\/apuntesdesanluis.com\/wp-content\/uploads\/2023\/08\/concejo-deliberante.png\",\"datePublished\":\"2023-08-09T00:18:37+00:00\",\"dateModified\":\"2023-08-09T00:22:51+00:00\",\"breadcrumb\":{\"@id\":\"https:\/\/apuntesdesanluis.com\/index.php\/2023\/08\/08\/aprueban-solicitud-de-informes-sobre-el-aumento-autorizado-a-edesal\/#breadcrumb\"},\"inLanguage\":\"es-AR\",\"potentialAction\":[{\"@type\":\"ReadAction\",\"target\":[\"https:\/\/apuntesdesanluis.com\/index.php\/2023\/08\/08\/aprueban-solicitud-de-informes-sobre-el-aumento-autorizado-a-edesal\/\"]}]},{\"@type\":\"ImageObject\",\"inLanguage\":\"es-AR\",\"@id\":\"https:\/\/apuntesdesanluis.com\/index.php\/2023\/08\/08\/aprueban-solicitud-de-informes-sobre-el-aumento-autorizado-a-edesal\/#primaryimage\",\"url\":\"https:\/\/apuntesdesanluis.com\/wp-content\/uploads\/2023\/08\/concejo-deliberante.png\",\"contentUrl\":\"https:\/\/apuntesdesanluis.com\/wp-content\/uploads\/2023\/08\/concejo-deliberante.png\",\"width\":600,\"height\":340},{\"@type\":\"BreadcrumbList\",\"@id\":\"https:\/\/apuntesdesanluis.com\/index.php\/2023\/08\/08\/aprueban-solicitud-de-informes-sobre-el-aumento-autorizado-a-edesal\/#breadcrumb\",\"itemListElement\":[{\"@type\":\"ListItem\",\"position\":1,\"name\":\"Inicio\",\"item\":\"https:\/\/apuntesdesanluis.com\/\"},{\"@type\":\"ListItem\",\"position\":2,\"name\":\"APRUEBAN SOLICITUD DE INFORMES SOBRE EL AUMENTO AUTORIZADO A EDESAL\"}]},{\"@type\":\"WebSite\",\"@id\":\"https:\/\/apuntesdesanluis.com\/#website\",\"url\":\"https:\/\/apuntesdesanluis.com\/\",\"name\":\"Apuntes de San Luis\",\"description\":\"\",\"publisher\":{\"@id\":\"https:\/\/apuntesdesanluis.com\/#\/schema\/person\/b55151d52296fcce64d1a72538a70b90\"},\"potentialAction\":[{\"@type\":\"SearchAction\",\"target\":{\"@type\":\"EntryPoint\",\"urlTemplate\":\"https:\/\/apuntesdesanluis.com\/?s={search_term_string}\"},\"query-input\":{\"@type\":\"PropertyValueSpecification\",\"valueRequired\":true,\"valueName\":\"search_term_string\"}}],\"inLanguage\":\"es-AR\"},{\"@type\":[\"Person\",\"Organization\"],\"@id\":\"https:\/\/apuntesdesanluis.com\/#\/schema\/person\/b55151d52296fcce64d1a72538a70b90\",\"name\":\"apuntesdesanluis.com\",\"image\":{\"@type\":\"ImageObject\",\"inLanguage\":\"es-AR\",\"@id\":\"https:\/\/apuntesdesanluis.com\/#\/schema\/person\/image\/\",\"url\":\"https:\/\/apuntesdesanluis.com\/wp-content\/uploads\/2023\/07\/cropped-apuntesdesanluis.png\",\"contentUrl\":\"https:\/\/apuntesdesanluis.com\/wp-content\/uploads\/2023\/07\/cropped-apuntesdesanluis.png\",\"width\":450,\"height\":112,\"caption\":\"apuntesdesanluis.com\"},\"logo\":{\"@id\":\"https:\/\/apuntesdesanluis.com\/#\/schema\/person\/image\/\"},\"sameAs\":[\"https:\/\/apuntesdesanluis.com\"],\"url\":\"https:\/\/apuntesdesanluis.com\/index.php\/author\/apuntesdesanluis-com\/\"}]}<\/script>\n<!-- \/ Yoast SEO plugin. -->","yoast_head_json":{"title":"APRUEBAN SOLICITUD DE INFORMES SOBRE EL AUMENTO AUTORIZADO A EDESAL - Apuntes de San Luis","robots":{"index":"index","follow":"follow","max-snippet":"max-snippet:-1","max-image-preview":"max-image-preview:large","max-video-preview":"max-video-preview:-1"},"canonical":"https:\/\/apuntesdesanluis.com\/index.php\/2023\/08\/08\/aprueban-solicitud-de-informes-sobre-el-aumento-autorizado-a-edesal\/","og_locale":"es_ES","og_type":"article","og_title":"APRUEBAN SOLICITUD DE INFORMES SOBRE EL AUMENTO AUTORIZADO A EDESAL - Apuntes de San Luis","og_description":"Fue en la sesi\u00f3n ordinaria del Concejo Deliberante de Villa Mercedes, que se realiz\u00f3 este...","og_url":"https:\/\/apuntesdesanluis.com\/index.php\/2023\/08\/08\/aprueban-solicitud-de-informes-sobre-el-aumento-autorizado-a-edesal\/","og_site_name":"Apuntes de San Luis","article_published_time":"2023-08-09T00:18:37+00:00","article_modified_time":"2023-08-09T00:22:51+00:00","og_image":[{"width":600,"height":340,"url":"https:\/\/apuntesdesanluis.com\/wp-content\/uploads\/2023\/08\/concejo-deliberante.png","type":"image\/png"}],"author":"apuntesdesanluis.com","twitter_card":"summary_large_image","twitter_misc":{"Escrito por":"apuntesdesanluis.com","Tiempo de lectura":"6 minutos"},"schema":{"@context":"https:\/\/schema.org","@graph":[{"@type":"Article","@id":"https:\/\/apuntesdesanluis.com\/index.php\/2023\/08\/08\/aprueban-solicitud-de-informes-sobre-el-aumento-autorizado-a-edesal\/#article","isPartOf":{"@id":"https:\/\/apuntesdesanluis.com\/index.php\/2023\/08\/08\/aprueban-solicitud-de-informes-sobre-el-aumento-autorizado-a-edesal\/"},"author":{"name":"apuntesdesanluis.com","@id":"https:\/\/apuntesdesanluis.com\/#\/schema\/person\/b55151d52296fcce64d1a72538a70b90"},"headline":"APRUEBAN SOLICITUD DE INFORMES SOBRE EL AUMENTO AUTORIZADO A EDESAL","datePublished":"2023-08-09T00:18:37+00:00","dateModified":"2023-08-09T00:22:51+00:00","mainEntityOfPage":{"@id":"https:\/\/apuntesdesanluis.com\/index.php\/2023\/08\/08\/aprueban-solicitud-de-informes-sobre-el-aumento-autorizado-a-edesal\/"},"wordCount":1334,"publisher":{"@id":"https:\/\/apuntesdesanluis.com\/#\/schema\/person\/b55151d52296fcce64d1a72538a70b90"},"image":{"@id":"https:\/\/apuntesdesanluis.com\/index.php\/2023\/08\/08\/aprueban-solicitud-de-informes-sobre-el-aumento-autorizado-a-edesal\/#primaryimage"},"thumbnailUrl":"https:\/\/apuntesdesanluis.com\/wp-content\/uploads\/2023\/08\/concejo-deliberante.png","articleSection":["Ciudad\/Provincia"],"inLanguage":"es-AR"},{"@type":"WebPage","@id":"https:\/\/apuntesdesanluis.com\/index.php\/2023\/08\/08\/aprueban-solicitud-de-informes-sobre-el-aumento-autorizado-a-edesal\/","url":"https:\/\/apuntesdesanluis.com\/index.php\/2023\/08\/08\/aprueban-solicitud-de-informes-sobre-el-aumento-autorizado-a-edesal\/","name":"APRUEBAN SOLICITUD DE INFORMES SOBRE EL AUMENTO AUTORIZADO A EDESAL - Apuntes de San Luis","isPartOf":{"@id":"https:\/\/apuntesdesanluis.com\/#website"},"primaryImageOfPage":{"@id":"https:\/\/apuntesdesanluis.com\/index.php\/2023\/08\/08\/aprueban-solicitud-de-informes-sobre-el-aumento-autorizado-a-edesal\/#primaryimage"},"image":{"@id":"https:\/\/apuntesdesanluis.com\/index.php\/2023\/08\/08\/aprueban-solicitud-de-informes-sobre-el-aumento-autorizado-a-edesal\/#primaryimage"},"thumbnailUrl":"https:\/\/apuntesdesanluis.com\/wp-content\/uploads\/2023\/08\/concejo-deliberante.png","datePublished":"2023-08-09T00:18:37+00:00","dateModified":"2023-08-09T00:22:51+00:00","breadcrumb":{"@id":"https:\/\/apuntesdesanluis.com\/index.php\/2023\/08\/08\/aprueban-solicitud-de-informes-sobre-el-aumento-autorizado-a-edesal\/#breadcrumb"},"inLanguage":"es-AR","potentialAction":[{"@type":"ReadAction","target":["https:\/\/apuntesdesanluis.com\/index.php\/2023\/08\/08\/aprueban-solicitud-de-informes-sobre-el-aumento-autorizado-a-edesal\/"]}]},{"@type":"ImageObject","inLanguage":"es-AR","@id":"https:\/\/apuntesdesanluis.com\/index.php\/2023\/08\/08\/aprueban-solicitud-de-informes-sobre-el-aumento-autorizado-a-edesal\/#primaryimage","url":"https:\/\/apuntesdesanluis.com\/wp-content\/uploads\/2023\/08\/concejo-deliberante.png","contentUrl":"https:\/\/apuntesdesanluis.com\/wp-content\/uploads\/2023\/08\/concejo-deliberante.png","width":600,"height":340},{"@type":"BreadcrumbList","@id":"https:\/\/apuntesdesanluis.com\/index.php\/2023\/08\/08\/aprueban-solicitud-de-informes-sobre-el-aumento-autorizado-a-edesal\/#breadcrumb","itemListElement":[{"@type":"ListItem","position":1,"name":"Inicio","item":"https:\/\/apuntesdesanluis.com\/"},{"@type":"ListItem","position":2,"name":"APRUEBAN SOLICITUD DE INFORMES SOBRE EL AUMENTO AUTORIZADO A EDESAL"}]},{"@type":"WebSite","@id":"https:\/\/apuntesdesanluis.com\/#website","url":"https:\/\/apuntesdesanluis.com\/","name":"Apuntes de San Luis","description":"","publisher":{"@id":"https:\/\/apuntesdesanluis.com\/#\/schema\/person\/b55151d52296fcce64d1a72538a70b90"},"potentialAction":[{"@type":"SearchAction","target":{"@type":"EntryPoint","urlTemplate":"https:\/\/apuntesdesanluis.com\/?s={search_term_string}"},"query-input":{"@type":"PropertyValueSpecification","valueRequired":true,"valueName":"search_term_string"}}],"inLanguage":"es-AR"},{"@type":["Person","Organization"],"@id":"https:\/\/apuntesdesanluis.com\/#\/schema\/person\/b55151d52296fcce64d1a72538a70b90","name":"apuntesdesanluis.com","image":{"@type":"ImageObject","inLanguage":"es-AR","@id":"https:\/\/apuntesdesanluis.com\/#\/schema\/person\/image\/","url":"https:\/\/apuntesdesanluis.com\/wp-content\/uploads\/2023\/07\/cropped-apuntesdesanluis.png","contentUrl":"https:\/\/apuntesdesanluis.com\/wp-content\/uploads\/2023\/07\/cropped-apuntesdesanluis.png","width":450,"height":112,"caption":"apuntesdesanluis.com"},"logo":{"@id":"https:\/\/apuntesdesanluis.com\/#\/schema\/person\/image\/"},"sameAs":["https:\/\/apuntesdesanluis.com"],"url":"https:\/\/apuntesdesanluis.com\/index.php\/author\/apuntesdesanluis-com\/"}]}},"featured_image_urls":{"full":["https:\/\/apuntesdesanluis.com\/wp-content\/uploads\/2023\/08\/concejo-deliberante.png",600,340,false],"thumbnail":["https:\/\/apuntesdesanluis.com\/wp-content\/uploads\/2023\/08\/concejo-deliberante-150x150.png",150,150,true],"medium":["https:\/\/apuntesdesanluis.com\/wp-content\/uploads\/2023\/08\/concejo-deliberante-300x170.png",300,170,true],"medium_large":["https:\/\/apuntesdesanluis.com\/wp-content\/uploads\/2023\/08\/concejo-deliberante.png",600,340,false],"large":["https:\/\/apuntesdesanluis.com\/wp-content\/uploads\/2023\/08\/concejo-deliberante.png",600,340,false],"1536x1536":["https:\/\/apuntesdesanluis.com\/wp-content\/uploads\/2023\/08\/concejo-deliberante.png",600,340,false],"2048x2048":["https:\/\/apuntesdesanluis.com\/wp-content\/uploads\/2023\/08\/concejo-deliberante.png",600,340,false],"newsever-slider-full":["https:\/\/apuntesdesanluis.com\/wp-content\/uploads\/2023\/08\/concejo-deliberante.png",600,340,false],"newsever-featured":["https:\/\/apuntesdesanluis.com\/wp-content\/uploads\/2023\/08\/concejo-deliberante.png",600,340,false],"newsever-medium":["https:\/\/apuntesdesanluis.com\/wp-content\/uploads\/2023\/08\/concejo-deliberante.png",600,340,false]},"author_info":{"display_name":"apuntesdesanluis.com","author_link":"https:\/\/apuntesdesanluis.com\/index.php\/author\/apuntesdesanluis-com\/"},"category_info":"<a href=\"https:\/\/apuntesdesanluis.com\/index.php\/category\/ciudad-provincia\/\" rel=\"category tag\">Ciudad\/Provincia<\/a>","tag_info":"Ciudad\/Provincia","comment_count":"0","_links":{"self":[{"href":"https:\/\/apuntesdesanluis.com\/index.php\/wp-json\/wp\/v2\/posts\/1318","targetHints":{"allow":["GET"]}}],"collection":[{"href":"https:\/\/apuntesdesanluis.com\/index.php\/wp-json\/wp\/v2\/posts"}],"about":[{"href":"https:\/\/apuntesdesanluis.com\/index.php\/wp-json\/wp\/v2\/types\/post"}],"author":[{"embeddable":true,"href":"https:\/\/apuntesdesanluis.com\/index.php\/wp-json\/wp\/v2\/users\/1"}],"replies":[{"embeddable":true,"href":"https:\/\/apuntesdesanluis.com\/index.php\/wp-json\/wp\/v2\/comments?post=1318"}],"version-history":[{"count":2,"href":"https:\/\/apuntesdesanluis.com\/index.php\/wp-json\/wp\/v2\/posts\/1318\/revisions"}],"predecessor-version":[{"id":1321,"href":"https:\/\/apuntesdesanluis.com\/index.php\/wp-json\/wp\/v2\/posts\/1318\/revisions\/1321"}],"wp:featuredmedia":[{"embeddable":true,"href":"https:\/\/apuntesdesanluis.com\/index.php\/wp-json\/wp\/v2\/media\/1319"}],"wp:attachment":[{"href":"https:\/\/apuntesdesanluis.com\/index.php\/wp-json\/wp\/v2\/media?parent=1318"}],"wp:term":[{"taxonomy":"category","embeddable":true,"href":"https:\/\/apuntesdesanluis.com\/index.php\/wp-json\/wp\/v2\/categories?post=1318"},{"taxonomy":"post_tag","embeddable":true,"href":"https:\/\/apuntesdesanluis.com\/index.php\/wp-json\/wp\/v2\/tags?post=1318"}],"curies":[{"name":"wp","href":"https:\/\/api.w.org\/{rel}","templated":true}]}}