{"id":13183,"date":"2024-03-14T23:13:56","date_gmt":"2024-03-15T02:13:56","guid":{"rendered":"https:\/\/apuntesdesanluis.com\/?p=13183"},"modified":"2024-03-14T23:13:56","modified_gmt":"2024-03-15T02:13:56","slug":"paro-de-universidades-elevado-acatamiento-y-abrazo-simbolico-en-la-unvime","status":"publish","type":"post","link":"https:\/\/apuntesdesanluis.com\/index.php\/2024\/03\/14\/paro-de-universidades-elevado-acatamiento-y-abrazo-simbolico-en-la-unvime\/","title":{"rendered":"PARO DE UNIVERSIDADES: ELEVADO ACATAMIENTO Y ABRAZO SIMB\u00d3LICO EN LA UNVIME"},"content":{"rendered":"<h3>Las universidades nacionales radicadas en nuestra provincia, al igual que en el resto del pa\u00eds, mostraron un absoluto acatamiento al paro general de este jueves, en defensa de la educaci\u00f3n p\u00fablica y en rechazo a las pol\u00edticas nacionales que han provocado el desfinanciamiento del sistema universitario en su conjunto.<\/h3>\n<h3>La principal actividad estuvo centrada en <strong>Villa Mercedes<\/strong>, donde el personal de la universidad que lleva su nombre cumpli\u00f3 con un \u201cparo activo\u201d que se concret\u00f3 en una radio abierta, en la esquina de Rectorado (Riobamba y Balcarce), y en un abrazo simb\u00f3lico.<\/h3>\n<p><img fetchpriority=\"high\" decoding=\"async\" class=\"wp-image-13185 aligncenter\" src=\"https:\/\/apuntesdesanluis.com\/wp-content\/uploads\/2024\/03\/paro-tapa-300x193.jpg\" alt=\"\" width=\"616\" height=\"396\" srcset=\"https:\/\/apuntesdesanluis.com\/wp-content\/uploads\/2024\/03\/paro-tapa-300x193.jpg 300w, https:\/\/apuntesdesanluis.com\/wp-content\/uploads\/2024\/03\/paro-tapa.jpg 600w\" sizes=\"(max-width: 616px) 100vw, 616px\" \/><\/p>\n<h3>La actividad comenz\u00f3 poco despu\u00e9s de las 10:00, con trabajadores del \u00e1rea de Comunicaci\u00f3n que condujeron un programa que se emiti\u00f3 por la radio y el Facebook de la universidad, por cuyos micr\u00f3fonos pasaron distintos integrantes de la comunidad universitaria, representantes de gremios docentes y no docentes de la UNViMe y tambi\u00e9n exponentes sindicales de otras organizaciones.<\/h3>\n<p><img decoding=\"async\" class=\"wp-image-13187 aligncenter\" src=\"https:\/\/apuntesdesanluis.com\/wp-content\/uploads\/2024\/03\/paro-lunardi-300x241.png\" alt=\"\" width=\"616\" height=\"495\" srcset=\"https:\/\/apuntesdesanluis.com\/wp-content\/uploads\/2024\/03\/paro-lunardi-300x241.png 300w, https:\/\/apuntesdesanluis.com\/wp-content\/uploads\/2024\/03\/paro-lunardi.png 600w\" sizes=\"(max-width: 616px) 100vw, 616px\" \/><\/p>\n<h3>Es as\u00ed como desfilaron dirigentes del gremio convocante SiTUNViMe, <strong>Walter Rold\u00e1n<\/strong>; de uno de los gremios docentes, ADOI; trabajadores NoDocentes, Estudiantes, Docentes, representantes estudiantiles de la UNSL; Reynaldo Lunardi, del Centro Empleados de Comercio; Fernando Soria, de la Asociaci\u00f3n Bancaria, entre otros.<\/h3>\n<p><img decoding=\"async\" class=\"wp-image-13188 aligncenter\" src=\"https:\/\/apuntesdesanluis.com\/wp-content\/uploads\/2024\/03\/paro-roldan-300x197.png\" alt=\"\" width=\"615\" height=\"404\" srcset=\"https:\/\/apuntesdesanluis.com\/wp-content\/uploads\/2024\/03\/paro-roldan-300x197.png 300w, https:\/\/apuntesdesanluis.com\/wp-content\/uploads\/2024\/03\/paro-roldan.png 600w\" sizes=\"(max-width: 615px) 100vw, 615px\" \/><\/p>\n<h3>Tambi\u00e9n se recibi\u00f3 el apoyo de otros dirigentes de gremios docentes y de la CGT, en la persona de<strong> An\u00edbal G\u00f3mez<\/strong>, tambi\u00e9n secretario general de ATSA San Luis, sector que d\u00edas atr\u00e1s llev\u00f3 adelante un contundente paro en la salud p\u00fablica.<\/h3>\n<p><img loading=\"lazy\" decoding=\"async\" class=\"wp-image-13190 aligncenter\" src=\"https:\/\/apuntesdesanluis.com\/wp-content\/uploads\/2024\/03\/paro-roldan-gomez-300x207.jpg\" alt=\"\" width=\"614\" height=\"424\" srcset=\"https:\/\/apuntesdesanluis.com\/wp-content\/uploads\/2024\/03\/paro-roldan-gomez-300x207.jpg 300w, https:\/\/apuntesdesanluis.com\/wp-content\/uploads\/2024\/03\/paro-roldan-gomez.jpg 600w\" sizes=\"(max-width: 614px) 100vw, 614px\" \/><\/p>\n<h3>En la radio abierta tambi\u00e9n particip\u00f3 el propio rector de la UNViMe, <strong>Dr. Marcelo Sosa<\/strong>, quien expres\u00f3 su apoyo a los manifestantes y puso en valor la defensa de la educaci\u00f3n p\u00fablica y la gratuidad de la ense\u00f1anza universitaria, \u201cpara garantizar el acceso de los trabajadores\u201d.<\/h3>\n<p><img loading=\"lazy\" decoding=\"async\" class=\"wp-image-13189 aligncenter\" src=\"https:\/\/apuntesdesanluis.com\/wp-content\/uploads\/2024\/03\/paro-sosa-300x251.png\" alt=\"\" width=\"616\" height=\"515\" srcset=\"https:\/\/apuntesdesanluis.com\/wp-content\/uploads\/2024\/03\/paro-sosa-300x251.png 300w, https:\/\/apuntesdesanluis.com\/wp-content\/uploads\/2024\/03\/paro-sosa.png 600w\" sizes=\"(max-width: 616px) 100vw, 616px\" \/><\/p>\n<h3>Asimismo, adelant\u00f3 su intenci\u00f3n \u2013a pesar de la crisis- de dar continuidad a la obra \u201ctan necesaria del Campus Universitario. Estamos pensando en solicitar autorizaci\u00f3n para lotear una parte de las 80 hect\u00e1reas que tiene la universidad, para que nuestros compa\u00f1eros docentes y no docentes se puedan construir sus viviendas y de ese modo obtener financiamiento para construir las aulas\u201d.<\/h3>\n<h3>Las actividad se cerr\u00f3 poco despu\u00e9s de las 12:30 h con un abrazo simb\u00f3lico de todos los sectores al edificio Centenario de la Reforma, que sell\u00f3 el compromiso de \u201cmantenerse unidos en defensa de la educaci\u00f3n p\u00fablica y por la continuidad del acceso libre e igualitario de los trabajadores a los estudios superiores, resistiendo los proyectos neoliberales que intentan imponer el arancelamiento\u201d.<\/h3>\n<!--[if lt IE 9]><script>document.createElement('video');<\/script><![endif]-->\n\t<div class=\"wp-playlist wp-video-playlist wp-playlist-light\">\n\t\t<video controls=\"controls\" preload=\"none\" width=\"618\"\n\t\t height=\"1099\"\t><\/video>\n\t<div class=\"wp-playlist-next\"><\/div>\n\t<div class=\"wp-playlist-prev\"><\/div>\n\t<noscript>\n\t<ol>\n\t\t<li><a href='https:\/\/apuntesdesanluis.com\/wp-content\/uploads\/2024\/03\/Abrazo-simbolico-en-la-UNViMe.mp4'>Abrazo simbolico en la UNViMe<\/a><\/li>\t<\/ol>\n\t<\/noscript>\n\t<script type=\"application\/json\" class=\"wp-playlist-script\">{\"type\":\"video\",\"tracklist\":true,\"tracknumbers\":true,\"images\":true,\"artists\":true,\"tracks\":[{\"src\":\"https:\\\/\\\/apuntesdesanluis.com\\\/wp-content\\\/uploads\\\/2024\\\/03\\\/Abrazo-simbolico-en-la-UNViMe.mp4\",\"type\":\"video\\\/mp4\",\"title\":\"Abrazo simbolico en la UNViMe\",\"caption\":\"\",\"description\":\"\",\"meta\":{\"length_formatted\":\"0:27\"},\"dimensions\":{\"original\":{\"width\":478,\"height\":850},\"resized\":{\"width\":618,\"height\":1099}},\"image\":{\"src\":\"https:\\\/\\\/apuntesdesanluis.com\\\/wp-includes\\\/images\\\/media\\\/video.svg\",\"width\":48,\"height\":64},\"thumb\":{\"src\":\"https:\\\/\\\/apuntesdesanluis.com\\\/wp-includes\\\/images\\\/media\\\/video.svg\",\"width\":48,\"height\":64}}]}<\/script>\n<\/div>\n\t\n<h3>En la <strong>Universidad Nacional de San Luis<\/strong> la protesta tambi\u00e9n registr\u00f3 un elevado acatamiento, al igual que en la <strong>Universidad Nacional de Los Comechingones. En esta \u00faltima <\/strong>se hizo adem\u00e1s una mateada de debate y visibilizaci\u00f3n del conflicto y un abrazo simb\u00f3lico a la instituci\u00f3n.<\/h3>\n<h3>Seg\u00fan la Federaci\u00f3n de Trabajadores de Universidades Nacionales (FATUN), la adhesi\u00f3n al paro en el pa\u00eds alcanz\u00f3 el 93%, siendo una de las m\u00e1s elevadas de la historia.<\/h3>\n<p><img loading=\"lazy\" decoding=\"async\" class=\"wp-image-13186 aligncenter\" src=\"https:\/\/apuntesdesanluis.com\/wp-content\/uploads\/2024\/03\/paro-unvime-300x208.png\" alt=\"\" width=\"622\" height=\"431\" srcset=\"https:\/\/apuntesdesanluis.com\/wp-content\/uploads\/2024\/03\/paro-unvime-300x208.png 300w, https:\/\/apuntesdesanluis.com\/wp-content\/uploads\/2024\/03\/paro-unvime.png 600w\" sizes=\"(max-width: 622px) 100vw, 622px\" \/><\/p>\n<p>&nbsp;<\/p>\n<p>&nbsp;<\/p>\n<p>&nbsp;<\/p>\n<p>&nbsp;<\/p>\n<p>&nbsp;<\/p>\n<p>&nbsp;<\/p>\n<p>&nbsp;<\/p>\n","protected":false},"excerpt":{"rendered":"<p>Las universidades nacionales radicadas en nuestra provincia, al igual que en el resto del pa\u00eds,&#8230;<\/p>\n","protected":false},"author":1,"featured_media":13184,"comment_status":"closed","ping_status":"closed","sticky":false,"template":"","format":"standard","meta":{"footnotes":""},"categories":[6],"tags":[],"class_list":["post-13183","post","type-post","status-publish","format-standard","has-post-thumbnail","hentry","category-ciudad-provincia"],"yoast_head":"<!-- This site is optimized with the Yoast SEO plugin v26.1.1 - https:\/\/yoast.com\/wordpress\/plugins\/seo\/ -->\n<title>PARO DE UNIVERSIDADES: ELEVADO ACATAMIENTO Y ABRAZO SIMB\u00d3LICO EN LA UNVIME - Apuntes de San Luis<\/title>\n<meta name=\"robots\" content=\"index, follow, max-snippet:-1, max-image-preview:large, max-video-preview:-1\" \/>\n<link rel=\"canonical\" href=\"https:\/\/apuntesdesanluis.com\/index.php\/2024\/03\/14\/paro-de-universidades-elevado-acatamiento-y-abrazo-simbolico-en-la-unvime\/\" \/>\n<meta property=\"og:locale\" content=\"es_ES\" \/>\n<meta property=\"og:type\" content=\"article\" \/>\n<meta property=\"og:title\" content=\"PARO DE UNIVERSIDADES: ELEVADO ACATAMIENTO Y ABRAZO SIMB\u00d3LICO EN LA UNVIME - Apuntes de San Luis\" \/>\n<meta property=\"og:description\" content=\"Las universidades nacionales radicadas en nuestra provincia, al igual que en el resto del pa\u00eds,...\" \/>\n<meta property=\"og:url\" content=\"https:\/\/apuntesdesanluis.com\/index.php\/2024\/03\/14\/paro-de-universidades-elevado-acatamiento-y-abrazo-simbolico-en-la-unvime\/\" \/>\n<meta property=\"og:site_name\" content=\"Apuntes de San Luis\" \/>\n<meta property=\"article:published_time\" content=\"2024-03-15T02:13:56+00:00\" \/>\n<meta property=\"og:image\" content=\"https:\/\/apuntesdesanluis.com\/wp-content\/uploads\/2024\/03\/paro-sosa.jpg\" \/>\n\t<meta property=\"og:image:width\" content=\"600\" \/>\n\t<meta property=\"og:image:height\" content=\"270\" \/>\n\t<meta property=\"og:image:type\" content=\"image\/jpeg\" \/>\n<meta name=\"author\" content=\"apuntesdesanluis.com\" \/>\n<meta name=\"twitter:card\" content=\"summary_large_image\" \/>\n<meta name=\"twitter:label1\" content=\"Escrito por\" \/>\n\t<meta name=\"twitter:data1\" content=\"apuntesdesanluis.com\" \/>\n\t<meta name=\"twitter:label2\" content=\"Tiempo de lectura\" \/>\n\t<meta name=\"twitter:data2\" content=\"4 minutos\" \/>\n<script type=\"application\/ld+json\" class=\"yoast-schema-graph\">{\"@context\":\"https:\/\/schema.org\",\"@graph\":[{\"@type\":\"Article\",\"@id\":\"https:\/\/apuntesdesanluis.com\/index.php\/2024\/03\/14\/paro-de-universidades-elevado-acatamiento-y-abrazo-simbolico-en-la-unvime\/#article\",\"isPartOf\":{\"@id\":\"https:\/\/apuntesdesanluis.com\/index.php\/2024\/03\/14\/paro-de-universidades-elevado-acatamiento-y-abrazo-simbolico-en-la-unvime\/\"},\"author\":{\"name\":\"apuntesdesanluis.com\",\"@id\":\"https:\/\/apuntesdesanluis.com\/#\/schema\/person\/b55151d52296fcce64d1a72538a70b90\"},\"headline\":\"PARO DE UNIVERSIDADES: ELEVADO ACATAMIENTO Y ABRAZO SIMB\u00d3LICO EN LA UNVIME\",\"datePublished\":\"2024-03-15T02:13:56+00:00\",\"mainEntityOfPage\":{\"@id\":\"https:\/\/apuntesdesanluis.com\/index.php\/2024\/03\/14\/paro-de-universidades-elevado-acatamiento-y-abrazo-simbolico-en-la-unvime\/\"},\"wordCount\":532,\"publisher\":{\"@id\":\"https:\/\/apuntesdesanluis.com\/#\/schema\/person\/b55151d52296fcce64d1a72538a70b90\"},\"image\":{\"@id\":\"https:\/\/apuntesdesanluis.com\/index.php\/2024\/03\/14\/paro-de-universidades-elevado-acatamiento-y-abrazo-simbolico-en-la-unvime\/#primaryimage\"},\"thumbnailUrl\":\"https:\/\/apuntesdesanluis.com\/wp-content\/uploads\/2024\/03\/paro-sosa.jpg\",\"articleSection\":[\"Ciudad\/Provincia\"],\"inLanguage\":\"es-AR\"},{\"@type\":\"WebPage\",\"@id\":\"https:\/\/apuntesdesanluis.com\/index.php\/2024\/03\/14\/paro-de-universidades-elevado-acatamiento-y-abrazo-simbolico-en-la-unvime\/\",\"url\":\"https:\/\/apuntesdesanluis.com\/index.php\/2024\/03\/14\/paro-de-universidades-elevado-acatamiento-y-abrazo-simbolico-en-la-unvime\/\",\"name\":\"PARO DE UNIVERSIDADES: ELEVADO ACATAMIENTO Y ABRAZO SIMB\u00d3LICO EN LA UNVIME - Apuntes de San Luis\",\"isPartOf\":{\"@id\":\"https:\/\/apuntesdesanluis.com\/#website\"},\"primaryImageOfPage\":{\"@id\":\"https:\/\/apuntesdesanluis.com\/index.php\/2024\/03\/14\/paro-de-universidades-elevado-acatamiento-y-abrazo-simbolico-en-la-unvime\/#primaryimage\"},\"image\":{\"@id\":\"https:\/\/apuntesdesanluis.com\/index.php\/2024\/03\/14\/paro-de-universidades-elevado-acatamiento-y-abrazo-simbolico-en-la-unvime\/#primaryimage\"},\"thumbnailUrl\":\"https:\/\/apuntesdesanluis.com\/wp-content\/uploads\/2024\/03\/paro-sosa.jpg\",\"datePublished\":\"2024-03-15T02:13:56+00:00\",\"breadcrumb\":{\"@id\":\"https:\/\/apuntesdesanluis.com\/index.php\/2024\/03\/14\/paro-de-universidades-elevado-acatamiento-y-abrazo-simbolico-en-la-unvime\/#breadcrumb\"},\"inLanguage\":\"es-AR\",\"potentialAction\":[{\"@type\":\"ReadAction\",\"target\":[\"https:\/\/apuntesdesanluis.com\/index.php\/2024\/03\/14\/paro-de-universidades-elevado-acatamiento-y-abrazo-simbolico-en-la-unvime\/\"]}]},{\"@type\":\"ImageObject\",\"inLanguage\":\"es-AR\",\"@id\":\"https:\/\/apuntesdesanluis.com\/index.php\/2024\/03\/14\/paro-de-universidades-elevado-acatamiento-y-abrazo-simbolico-en-la-unvime\/#primaryimage\",\"url\":\"https:\/\/apuntesdesanluis.com\/wp-content\/uploads\/2024\/03\/paro-sosa.jpg\",\"contentUrl\":\"https:\/\/apuntesdesanluis.com\/wp-content\/uploads\/2024\/03\/paro-sosa.jpg\",\"width\":600,\"height\":270},{\"@type\":\"BreadcrumbList\",\"@id\":\"https:\/\/apuntesdesanluis.com\/index.php\/2024\/03\/14\/paro-de-universidades-elevado-acatamiento-y-abrazo-simbolico-en-la-unvime\/#breadcrumb\",\"itemListElement\":[{\"@type\":\"ListItem\",\"position\":1,\"name\":\"Inicio\",\"item\":\"https:\/\/apuntesdesanluis.com\/\"},{\"@type\":\"ListItem\",\"position\":2,\"name\":\"PARO DE UNIVERSIDADES: ELEVADO ACATAMIENTO Y ABRAZO SIMB\u00d3LICO EN LA UNVIME\"}]},{\"@type\":\"WebSite\",\"@id\":\"https:\/\/apuntesdesanluis.com\/#website\",\"url\":\"https:\/\/apuntesdesanluis.com\/\",\"name\":\"Apuntes de San Luis\",\"description\":\"\",\"publisher\":{\"@id\":\"https:\/\/apuntesdesanluis.com\/#\/schema\/person\/b55151d52296fcce64d1a72538a70b90\"},\"potentialAction\":[{\"@type\":\"SearchAction\",\"target\":{\"@type\":\"EntryPoint\",\"urlTemplate\":\"https:\/\/apuntesdesanluis.com\/?s={search_term_string}\"},\"query-input\":{\"@type\":\"PropertyValueSpecification\",\"valueRequired\":true,\"valueName\":\"search_term_string\"}}],\"inLanguage\":\"es-AR\"},{\"@type\":[\"Person\",\"Organization\"],\"@id\":\"https:\/\/apuntesdesanluis.com\/#\/schema\/person\/b55151d52296fcce64d1a72538a70b90\",\"name\":\"apuntesdesanluis.com\",\"image\":{\"@type\":\"ImageObject\",\"inLanguage\":\"es-AR\",\"@id\":\"https:\/\/apuntesdesanluis.com\/#\/schema\/person\/image\/\",\"url\":\"https:\/\/apuntesdesanluis.com\/wp-content\/uploads\/2023\/07\/cropped-apuntesdesanluis.png\",\"contentUrl\":\"https:\/\/apuntesdesanluis.com\/wp-content\/uploads\/2023\/07\/cropped-apuntesdesanluis.png\",\"width\":450,\"height\":112,\"caption\":\"apuntesdesanluis.com\"},\"logo\":{\"@id\":\"https:\/\/apuntesdesanluis.com\/#\/schema\/person\/image\/\"},\"sameAs\":[\"https:\/\/apuntesdesanluis.com\"],\"url\":\"https:\/\/apuntesdesanluis.com\/index.php\/author\/apuntesdesanluis-com\/\"}]}<\/script>\n<!-- \/ Yoast SEO plugin. -->","yoast_head_json":{"title":"PARO DE UNIVERSIDADES: ELEVADO ACATAMIENTO Y ABRAZO SIMB\u00d3LICO EN LA UNVIME - Apuntes de San Luis","robots":{"index":"index","follow":"follow","max-snippet":"max-snippet:-1","max-image-preview":"max-image-preview:large","max-video-preview":"max-video-preview:-1"},"canonical":"https:\/\/apuntesdesanluis.com\/index.php\/2024\/03\/14\/paro-de-universidades-elevado-acatamiento-y-abrazo-simbolico-en-la-unvime\/","og_locale":"es_ES","og_type":"article","og_title":"PARO DE UNIVERSIDADES: ELEVADO ACATAMIENTO Y ABRAZO SIMB\u00d3LICO EN LA UNVIME - Apuntes de San Luis","og_description":"Las universidades nacionales radicadas en nuestra provincia, al igual que en el resto del pa\u00eds,...","og_url":"https:\/\/apuntesdesanluis.com\/index.php\/2024\/03\/14\/paro-de-universidades-elevado-acatamiento-y-abrazo-simbolico-en-la-unvime\/","og_site_name":"Apuntes de San Luis","article_published_time":"2024-03-15T02:13:56+00:00","og_image":[{"width":600,"height":270,"url":"https:\/\/apuntesdesanluis.com\/wp-content\/uploads\/2024\/03\/paro-sosa.jpg","type":"image\/jpeg"}],"author":"apuntesdesanluis.com","twitter_card":"summary_large_image","twitter_misc":{"Escrito por":"apuntesdesanluis.com","Tiempo de lectura":"4 minutos"},"schema":{"@context":"https:\/\/schema.org","@graph":[{"@type":"Article","@id":"https:\/\/apuntesdesanluis.com\/index.php\/2024\/03\/14\/paro-de-universidades-elevado-acatamiento-y-abrazo-simbolico-en-la-unvime\/#article","isPartOf":{"@id":"https:\/\/apuntesdesanluis.com\/index.php\/2024\/03\/14\/paro-de-universidades-elevado-acatamiento-y-abrazo-simbolico-en-la-unvime\/"},"author":{"name":"apuntesdesanluis.com","@id":"https:\/\/apuntesdesanluis.com\/#\/schema\/person\/b55151d52296fcce64d1a72538a70b90"},"headline":"PARO DE UNIVERSIDADES: ELEVADO ACATAMIENTO Y ABRAZO SIMB\u00d3LICO EN LA UNVIME","datePublished":"2024-03-15T02:13:56+00:00","mainEntityOfPage":{"@id":"https:\/\/apuntesdesanluis.com\/index.php\/2024\/03\/14\/paro-de-universidades-elevado-acatamiento-y-abrazo-simbolico-en-la-unvime\/"},"wordCount":532,"publisher":{"@id":"https:\/\/apuntesdesanluis.com\/#\/schema\/person\/b55151d52296fcce64d1a72538a70b90"},"image":{"@id":"https:\/\/apuntesdesanluis.com\/index.php\/2024\/03\/14\/paro-de-universidades-elevado-acatamiento-y-abrazo-simbolico-en-la-unvime\/#primaryimage"},"thumbnailUrl":"https:\/\/apuntesdesanluis.com\/wp-content\/uploads\/2024\/03\/paro-sosa.jpg","articleSection":["Ciudad\/Provincia"],"inLanguage":"es-AR"},{"@type":"WebPage","@id":"https:\/\/apuntesdesanluis.com\/index.php\/2024\/03\/14\/paro-de-universidades-elevado-acatamiento-y-abrazo-simbolico-en-la-unvime\/","url":"https:\/\/apuntesdesanluis.com\/index.php\/2024\/03\/14\/paro-de-universidades-elevado-acatamiento-y-abrazo-simbolico-en-la-unvime\/","name":"PARO DE UNIVERSIDADES: ELEVADO ACATAMIENTO Y ABRAZO SIMB\u00d3LICO EN LA UNVIME - Apuntes de San Luis","isPartOf":{"@id":"https:\/\/apuntesdesanluis.com\/#website"},"primaryImageOfPage":{"@id":"https:\/\/apuntesdesanluis.com\/index.php\/2024\/03\/14\/paro-de-universidades-elevado-acatamiento-y-abrazo-simbolico-en-la-unvime\/#primaryimage"},"image":{"@id":"https:\/\/apuntesdesanluis.com\/index.php\/2024\/03\/14\/paro-de-universidades-elevado-acatamiento-y-abrazo-simbolico-en-la-unvime\/#primaryimage"},"thumbnailUrl":"https:\/\/apuntesdesanluis.com\/wp-content\/uploads\/2024\/03\/paro-sosa.jpg","datePublished":"2024-03-15T02:13:56+00:00","breadcrumb":{"@id":"https:\/\/apuntesdesanluis.com\/index.php\/2024\/03\/14\/paro-de-universidades-elevado-acatamiento-y-abrazo-simbolico-en-la-unvime\/#breadcrumb"},"inLanguage":"es-AR","potentialAction":[{"@type":"ReadAction","target":["https:\/\/apuntesdesanluis.com\/index.php\/2024\/03\/14\/paro-de-universidades-elevado-acatamiento-y-abrazo-simbolico-en-la-unvime\/"]}]},{"@type":"ImageObject","inLanguage":"es-AR","@id":"https:\/\/apuntesdesanluis.com\/index.php\/2024\/03\/14\/paro-de-universidades-elevado-acatamiento-y-abrazo-simbolico-en-la-unvime\/#primaryimage","url":"https:\/\/apuntesdesanluis.com\/wp-content\/uploads\/2024\/03\/paro-sosa.jpg","contentUrl":"https:\/\/apuntesdesanluis.com\/wp-content\/uploads\/2024\/03\/paro-sosa.jpg","width":600,"height":270},{"@type":"BreadcrumbList","@id":"https:\/\/apuntesdesanluis.com\/index.php\/2024\/03\/14\/paro-de-universidades-elevado-acatamiento-y-abrazo-simbolico-en-la-unvime\/#breadcrumb","itemListElement":[{"@type":"ListItem","position":1,"name":"Inicio","item":"https:\/\/apuntesdesanluis.com\/"},{"@type":"ListItem","position":2,"name":"PARO DE UNIVERSIDADES: ELEVADO ACATAMIENTO Y ABRAZO SIMB\u00d3LICO EN LA UNVIME"}]},{"@type":"WebSite","@id":"https:\/\/apuntesdesanluis.com\/#website","url":"https:\/\/apuntesdesanluis.com\/","name":"Apuntes de San Luis","description":"","publisher":{"@id":"https:\/\/apuntesdesanluis.com\/#\/schema\/person\/b55151d52296fcce64d1a72538a70b90"},"potentialAction":[{"@type":"SearchAction","target":{"@type":"EntryPoint","urlTemplate":"https:\/\/apuntesdesanluis.com\/?s={search_term_string}"},"query-input":{"@type":"PropertyValueSpecification","valueRequired":true,"valueName":"search_term_string"}}],"inLanguage":"es-AR"},{"@type":["Person","Organization"],"@id":"https:\/\/apuntesdesanluis.com\/#\/schema\/person\/b55151d52296fcce64d1a72538a70b90","name":"apuntesdesanluis.com","image":{"@type":"ImageObject","inLanguage":"es-AR","@id":"https:\/\/apuntesdesanluis.com\/#\/schema\/person\/image\/","url":"https:\/\/apuntesdesanluis.com\/wp-content\/uploads\/2023\/07\/cropped-apuntesdesanluis.png","contentUrl":"https:\/\/apuntesdesanluis.com\/wp-content\/uploads\/2023\/07\/cropped-apuntesdesanluis.png","width":450,"height":112,"caption":"apuntesdesanluis.com"},"logo":{"@id":"https:\/\/apuntesdesanluis.com\/#\/schema\/person\/image\/"},"sameAs":["https:\/\/apuntesdesanluis.com"],"url":"https:\/\/apuntesdesanluis.com\/index.php\/author\/apuntesdesanluis-com\/"}]}},"featured_image_urls":{"full":["https:\/\/apuntesdesanluis.com\/wp-content\/uploads\/2024\/03\/paro-sosa.jpg",600,270,false],"thumbnail":["https:\/\/apuntesdesanluis.com\/wp-content\/uploads\/2024\/03\/paro-sosa-150x150.jpg",150,150,true],"medium":["https:\/\/apuntesdesanluis.com\/wp-content\/uploads\/2024\/03\/paro-sosa-300x135.jpg",300,135,true],"medium_large":["https:\/\/apuntesdesanluis.com\/wp-content\/uploads\/2024\/03\/paro-sosa.jpg",600,270,false],"large":["https:\/\/apuntesdesanluis.com\/wp-content\/uploads\/2024\/03\/paro-sosa.jpg",600,270,false],"1536x1536":["https:\/\/apuntesdesanluis.com\/wp-content\/uploads\/2024\/03\/paro-sosa.jpg",600,270,false],"2048x2048":["https:\/\/apuntesdesanluis.com\/wp-content\/uploads\/2024\/03\/paro-sosa.jpg",600,270,false],"newsever-slider-full":["https:\/\/apuntesdesanluis.com\/wp-content\/uploads\/2024\/03\/paro-sosa.jpg",600,270,false],"newsever-featured":["https:\/\/apuntesdesanluis.com\/wp-content\/uploads\/2024\/03\/paro-sosa.jpg",600,270,false],"newsever-medium":["https:\/\/apuntesdesanluis.com\/wp-content\/uploads\/2024\/03\/paro-sosa.jpg",600,270,false]},"author_info":{"display_name":"apuntesdesanluis.com","author_link":"https:\/\/apuntesdesanluis.com\/index.php\/author\/apuntesdesanluis-com\/"},"category_info":"<a href=\"https:\/\/apuntesdesanluis.com\/index.php\/category\/ciudad-provincia\/\" rel=\"category tag\">Ciudad\/Provincia<\/a>","tag_info":"Ciudad\/Provincia","comment_count":"0","_links":{"self":[{"href":"https:\/\/apuntesdesanluis.com\/index.php\/wp-json\/wp\/v2\/posts\/13183","targetHints":{"allow":["GET"]}}],"collection":[{"href":"https:\/\/apuntesdesanluis.com\/index.php\/wp-json\/wp\/v2\/posts"}],"about":[{"href":"https:\/\/apuntesdesanluis.com\/index.php\/wp-json\/wp\/v2\/types\/post"}],"author":[{"embeddable":true,"href":"https:\/\/apuntesdesanluis.com\/index.php\/wp-json\/wp\/v2\/users\/1"}],"replies":[{"embeddable":true,"href":"https:\/\/apuntesdesanluis.com\/index.php\/wp-json\/wp\/v2\/comments?post=13183"}],"version-history":[{"count":1,"href":"https:\/\/apuntesdesanluis.com\/index.php\/wp-json\/wp\/v2\/posts\/13183\/revisions"}],"predecessor-version":[{"id":13192,"href":"https:\/\/apuntesdesanluis.com\/index.php\/wp-json\/wp\/v2\/posts\/13183\/revisions\/13192"}],"wp:featuredmedia":[{"embeddable":true,"href":"https:\/\/apuntesdesanluis.com\/index.php\/wp-json\/wp\/v2\/media\/13184"}],"wp:attachment":[{"href":"https:\/\/apuntesdesanluis.com\/index.php\/wp-json\/wp\/v2\/media?parent=13183"}],"wp:term":[{"taxonomy":"category","embeddable":true,"href":"https:\/\/apuntesdesanluis.com\/index.php\/wp-json\/wp\/v2\/categories?post=13183"},{"taxonomy":"post_tag","embeddable":true,"href":"https:\/\/apuntesdesanluis.com\/index.php\/wp-json\/wp\/v2\/tags?post=13183"}],"curies":[{"name":"wp","href":"https:\/\/api.w.org\/{rel}","templated":true}]}}