{"id":13198,"date":"2024-03-14T23:32:27","date_gmt":"2024-03-15T02:32:27","guid":{"rendered":"https:\/\/apuntesdesanluis.com\/?p=13198"},"modified":"2024-03-14T23:32:54","modified_gmt":"2024-03-15T02:32:54","slug":"duro-comunicado-de-milei-por-el-rechazo-del-dnu-advirtiendo-que-pone-en-riesgo-el-pacto-de-mayo","status":"publish","type":"post","link":"https:\/\/apuntesdesanluis.com\/index.php\/2024\/03\/14\/duro-comunicado-de-milei-por-el-rechazo-del-dnu-advirtiendo-que-pone-en-riesgo-el-pacto-de-mayo\/","title":{"rendered":"DURO COMUNICADO DE MILEI POR EL RECHAZO DEL DNU, ADVIRTIENDO QUE PONE EN RIESGO EL PACTO DE MAYO"},"content":{"rendered":"<h3>El presidente <strong>Javier Milei<\/strong> emiti\u00f3 un duro comunicado luego del rechazo del DNU en el Senado y apunt\u00f3 nuevamente contra \u201cla clase pol\u00edtica\u201d por el rol que cumple en la historia al tomar esta decisi\u00f3n y consider\u00f3 que esa situaci\u00f3n es &#8220;como un intento de socavar el Pacto de Mayo&#8221;.<\/h3>\n<h3>\u201cQue la clase pol\u00edtica decida de qu\u00e9 lado de la historia quiere quedar\u201d, apunt\u00f3 el mandatario.<\/h3>\n<h3>Asimismo, remarc\u00f3 que el voto en el Senado pone en riesgo la convocatoria al Pacto de Mayo que realiz\u00f3 durante la Asamblea Legislativa.<\/h3>\n<h3>&#8220;Resulta imposible interpretar esta decisi\u00f3n de otra manera que como un intento de socavar el Pacto de Mayo, el Gobierno Nacional y el cambio elegido por los argentinos&#8221;, precis\u00f3 el comunicado de la cuenta oficial Oficina del jefe de Estado.<\/h3>\n<p><img fetchpriority=\"high\" decoding=\"async\" class=\"wp-image-13200 aligncenter\" src=\"https:\/\/apuntesdesanluis.com\/wp-content\/uploads\/2024\/03\/comunicado-258x300.png\" alt=\"\" width=\"566\" height=\"658\" srcset=\"https:\/\/apuntesdesanluis.com\/wp-content\/uploads\/2024\/03\/comunicado-258x300.png 258w, https:\/\/apuntesdesanluis.com\/wp-content\/uploads\/2024\/03\/comunicado.png 561w\" sizes=\"(max-width: 566px) 100vw, 566px\" \/><\/p>\n<h3>Y a\u00f1adi\u00f3: &#8220;El d\u00eda primero de marzo de 2024, el Presidente de la Naci\u00f3n extendi\u00f3 una invitaci\u00f3n, en un acontecimiento hist\u00f3rico sin precedentes, a todos los integrantes de la dirigencia pol\u00edtica, sin distinci\u00f3n partidaria, para firmar el Pacto de Mayo&#8221;.<\/h3>\n<h3>Adem\u00e1s, remarc\u00f3 que &#8220;este pacto constituye un acuerdo fundacional destinado a establecer diez pol\u00edticas de Estado que permitan edificar un nuevo orden econ\u00f3mico, rescatando a Argentina de la senda del fracaso y reinsert\u00e1ndola en el camino necesario para volver a ser una potencia mundial&#8221;.<\/h3>\n<h3>&#8220;Este acuerdo, largamente demandado por la clase pol\u00edtica durante d\u00e9cadas pero que nadie ha osado convocar, requiere necesariamente de la buena voluntad de todos los sectores de la vida pol\u00edtica nacional&#8221;, se\u00f1al\u00f3.<\/h3>\n<h3>Y advirti\u00f3: &#8220;Lo acontecido hoy en la C\u00e1mara de Senadores de la Naci\u00f3n atenta contra la convocatoria del Presidente. La misma C\u00e1mara que ha habilitado casi 500 Decretos de Necesidad y Urgencia del kirchnerismo, se ha encargado de rechazar el DNU del Presidente Javier Milei a solo 3 meses de su asunci\u00f3n&#8221;.<\/h3>\n<h3>Milei cerr\u00f3 el comunicado con cr\u00edticas a la oposici\u00f3n al se\u00f1alar: &#8220;Resulta imposible interpretar esta decisi\u00f3n de otra manera que como un intento de socavar el Pacto de Mayo, el Gobierno Nacional y el cambio elegido por los argentinos&#8221;.<\/h3>\n<h3>&#8220;En su discurso acerca del estado de la Naci\u00f3n, el Presidente plante\u00f3 dos alternativas: el acuerdo o la confrontaci\u00f3n. Ha llegado el momento de que la clase pol\u00edtica decida de qu\u00e9 lado de la historia quiere quedar&#8221;, precis\u00f3.<\/h3>\n<p>&nbsp;<\/p>\n<p>&nbsp;<\/p>\n<p>&nbsp;<\/p>\n<p>&nbsp;<\/p>\n<p>&nbsp;<\/p>\n<p>&nbsp;<\/p>\n","protected":false},"excerpt":{"rendered":"<p>El presidente Javier Milei emiti\u00f3 un duro comunicado luego del rechazo del DNU en el&#8230;<\/p>\n","protected":false},"author":1,"featured_media":13199,"comment_status":"closed","ping_status":"closed","sticky":false,"template":"","format":"standard","meta":{"footnotes":""},"categories":[5],"tags":[],"class_list":["post-13198","post","type-post","status-publish","format-standard","has-post-thumbnail","hentry","category-nacionales-internacionales"],"yoast_head":"<!-- This site is optimized with the Yoast SEO plugin v26.1.1 - https:\/\/yoast.com\/wordpress\/plugins\/seo\/ -->\n<title>DURO COMUNICADO DE MILEI POR EL RECHAZO DEL DNU, ADVIRTIENDO QUE PONE EN RIESGO EL PACTO DE MAYO - Apuntes de San Luis<\/title>\n<meta name=\"robots\" content=\"index, follow, max-snippet:-1, max-image-preview:large, max-video-preview:-1\" \/>\n<link rel=\"canonical\" href=\"https:\/\/apuntesdesanluis.com\/index.php\/2024\/03\/14\/duro-comunicado-de-milei-por-el-rechazo-del-dnu-advirtiendo-que-pone-en-riesgo-el-pacto-de-mayo\/\" \/>\n<meta property=\"og:locale\" content=\"es_ES\" \/>\n<meta property=\"og:type\" content=\"article\" \/>\n<meta property=\"og:title\" content=\"DURO COMUNICADO DE MILEI POR EL RECHAZO DEL DNU, ADVIRTIENDO QUE PONE EN RIESGO EL PACTO DE MAYO - Apuntes de San Luis\" \/>\n<meta property=\"og:description\" content=\"El presidente Javier Milei emiti\u00f3 un duro comunicado luego del rechazo del DNU en el...\" \/>\n<meta property=\"og:url\" content=\"https:\/\/apuntesdesanluis.com\/index.php\/2024\/03\/14\/duro-comunicado-de-milei-por-el-rechazo-del-dnu-advirtiendo-que-pone-en-riesgo-el-pacto-de-mayo\/\" \/>\n<meta property=\"og:site_name\" content=\"Apuntes de San Luis\" \/>\n<meta property=\"article:published_time\" content=\"2024-03-15T02:32:27+00:00\" \/>\n<meta property=\"article:modified_time\" content=\"2024-03-15T02:32:54+00:00\" \/>\n<meta property=\"og:image\" content=\"https:\/\/apuntesdesanluis.com\/wp-content\/uploads\/2024\/03\/milei-5.png\" \/>\n\t<meta property=\"og:image:width\" content=\"619\" \/>\n\t<meta property=\"og:image:height\" content=\"365\" \/>\n\t<meta property=\"og:image:type\" content=\"image\/png\" \/>\n<meta name=\"author\" content=\"apuntesdesanluis.com\" \/>\n<meta name=\"twitter:card\" content=\"summary_large_image\" \/>\n<meta name=\"twitter:label1\" content=\"Escrito por\" \/>\n\t<meta name=\"twitter:data1\" content=\"apuntesdesanluis.com\" \/>\n\t<meta name=\"twitter:label2\" content=\"Tiempo de lectura\" \/>\n\t<meta name=\"twitter:data2\" content=\"2 minutos\" \/>\n<script type=\"application\/ld+json\" class=\"yoast-schema-graph\">{\"@context\":\"https:\/\/schema.org\",\"@graph\":[{\"@type\":\"Article\",\"@id\":\"https:\/\/apuntesdesanluis.com\/index.php\/2024\/03\/14\/duro-comunicado-de-milei-por-el-rechazo-del-dnu-advirtiendo-que-pone-en-riesgo-el-pacto-de-mayo\/#article\",\"isPartOf\":{\"@id\":\"https:\/\/apuntesdesanluis.com\/index.php\/2024\/03\/14\/duro-comunicado-de-milei-por-el-rechazo-del-dnu-advirtiendo-que-pone-en-riesgo-el-pacto-de-mayo\/\"},\"author\":{\"name\":\"apuntesdesanluis.com\",\"@id\":\"https:\/\/apuntesdesanluis.com\/#\/schema\/person\/b55151d52296fcce64d1a72538a70b90\"},\"headline\":\"DURO COMUNICADO DE MILEI POR EL RECHAZO DEL DNU, ADVIRTIENDO QUE PONE EN RIESGO EL PACTO DE MAYO\",\"datePublished\":\"2024-03-15T02:32:27+00:00\",\"dateModified\":\"2024-03-15T02:32:54+00:00\",\"mainEntityOfPage\":{\"@id\":\"https:\/\/apuntesdesanluis.com\/index.php\/2024\/03\/14\/duro-comunicado-de-milei-por-el-rechazo-del-dnu-advirtiendo-que-pone-en-riesgo-el-pacto-de-mayo\/\"},\"wordCount\":426,\"publisher\":{\"@id\":\"https:\/\/apuntesdesanluis.com\/#\/schema\/person\/b55151d52296fcce64d1a72538a70b90\"},\"image\":{\"@id\":\"https:\/\/apuntesdesanluis.com\/index.php\/2024\/03\/14\/duro-comunicado-de-milei-por-el-rechazo-del-dnu-advirtiendo-que-pone-en-riesgo-el-pacto-de-mayo\/#primaryimage\"},\"thumbnailUrl\":\"https:\/\/apuntesdesanluis.com\/wp-content\/uploads\/2024\/03\/milei-5.png\",\"articleSection\":[\"Nacionales\/Internacionales\"],\"inLanguage\":\"es-AR\"},{\"@type\":\"WebPage\",\"@id\":\"https:\/\/apuntesdesanluis.com\/index.php\/2024\/03\/14\/duro-comunicado-de-milei-por-el-rechazo-del-dnu-advirtiendo-que-pone-en-riesgo-el-pacto-de-mayo\/\",\"url\":\"https:\/\/apuntesdesanluis.com\/index.php\/2024\/03\/14\/duro-comunicado-de-milei-por-el-rechazo-del-dnu-advirtiendo-que-pone-en-riesgo-el-pacto-de-mayo\/\",\"name\":\"DURO COMUNICADO DE MILEI POR EL RECHAZO DEL DNU, ADVIRTIENDO QUE PONE EN RIESGO EL PACTO DE MAYO - Apuntes de San Luis\",\"isPartOf\":{\"@id\":\"https:\/\/apuntesdesanluis.com\/#website\"},\"primaryImageOfPage\":{\"@id\":\"https:\/\/apuntesdesanluis.com\/index.php\/2024\/03\/14\/duro-comunicado-de-milei-por-el-rechazo-del-dnu-advirtiendo-que-pone-en-riesgo-el-pacto-de-mayo\/#primaryimage\"},\"image\":{\"@id\":\"https:\/\/apuntesdesanluis.com\/index.php\/2024\/03\/14\/duro-comunicado-de-milei-por-el-rechazo-del-dnu-advirtiendo-que-pone-en-riesgo-el-pacto-de-mayo\/#primaryimage\"},\"thumbnailUrl\":\"https:\/\/apuntesdesanluis.com\/wp-content\/uploads\/2024\/03\/milei-5.png\",\"datePublished\":\"2024-03-15T02:32:27+00:00\",\"dateModified\":\"2024-03-15T02:32:54+00:00\",\"breadcrumb\":{\"@id\":\"https:\/\/apuntesdesanluis.com\/index.php\/2024\/03\/14\/duro-comunicado-de-milei-por-el-rechazo-del-dnu-advirtiendo-que-pone-en-riesgo-el-pacto-de-mayo\/#breadcrumb\"},\"inLanguage\":\"es-AR\",\"potentialAction\":[{\"@type\":\"ReadAction\",\"target\":[\"https:\/\/apuntesdesanluis.com\/index.php\/2024\/03\/14\/duro-comunicado-de-milei-por-el-rechazo-del-dnu-advirtiendo-que-pone-en-riesgo-el-pacto-de-mayo\/\"]}]},{\"@type\":\"ImageObject\",\"inLanguage\":\"es-AR\",\"@id\":\"https:\/\/apuntesdesanluis.com\/index.php\/2024\/03\/14\/duro-comunicado-de-milei-por-el-rechazo-del-dnu-advirtiendo-que-pone-en-riesgo-el-pacto-de-mayo\/#primaryimage\",\"url\":\"https:\/\/apuntesdesanluis.com\/wp-content\/uploads\/2024\/03\/milei-5.png\",\"contentUrl\":\"https:\/\/apuntesdesanluis.com\/wp-content\/uploads\/2024\/03\/milei-5.png\",\"width\":619,\"height\":365},{\"@type\":\"BreadcrumbList\",\"@id\":\"https:\/\/apuntesdesanluis.com\/index.php\/2024\/03\/14\/duro-comunicado-de-milei-por-el-rechazo-del-dnu-advirtiendo-que-pone-en-riesgo-el-pacto-de-mayo\/#breadcrumb\",\"itemListElement\":[{\"@type\":\"ListItem\",\"position\":1,\"name\":\"Inicio\",\"item\":\"https:\/\/apuntesdesanluis.com\/\"},{\"@type\":\"ListItem\",\"position\":2,\"name\":\"DURO COMUNICADO DE MILEI POR EL RECHAZO DEL DNU, ADVIRTIENDO QUE PONE EN RIESGO EL PACTO DE MAYO\"}]},{\"@type\":\"WebSite\",\"@id\":\"https:\/\/apuntesdesanluis.com\/#website\",\"url\":\"https:\/\/apuntesdesanluis.com\/\",\"name\":\"Apuntes de San Luis\",\"description\":\"\",\"publisher\":{\"@id\":\"https:\/\/apuntesdesanluis.com\/#\/schema\/person\/b55151d52296fcce64d1a72538a70b90\"},\"potentialAction\":[{\"@type\":\"SearchAction\",\"target\":{\"@type\":\"EntryPoint\",\"urlTemplate\":\"https:\/\/apuntesdesanluis.com\/?s={search_term_string}\"},\"query-input\":{\"@type\":\"PropertyValueSpecification\",\"valueRequired\":true,\"valueName\":\"search_term_string\"}}],\"inLanguage\":\"es-AR\"},{\"@type\":[\"Person\",\"Organization\"],\"@id\":\"https:\/\/apuntesdesanluis.com\/#\/schema\/person\/b55151d52296fcce64d1a72538a70b90\",\"name\":\"apuntesdesanluis.com\",\"image\":{\"@type\":\"ImageObject\",\"inLanguage\":\"es-AR\",\"@id\":\"https:\/\/apuntesdesanluis.com\/#\/schema\/person\/image\/\",\"url\":\"https:\/\/apuntesdesanluis.com\/wp-content\/uploads\/2023\/07\/cropped-apuntesdesanluis.png\",\"contentUrl\":\"https:\/\/apuntesdesanluis.com\/wp-content\/uploads\/2023\/07\/cropped-apuntesdesanluis.png\",\"width\":450,\"height\":112,\"caption\":\"apuntesdesanluis.com\"},\"logo\":{\"@id\":\"https:\/\/apuntesdesanluis.com\/#\/schema\/person\/image\/\"},\"sameAs\":[\"https:\/\/apuntesdesanluis.com\"],\"url\":\"https:\/\/apuntesdesanluis.com\/index.php\/author\/apuntesdesanluis-com\/\"}]}<\/script>\n<!-- \/ Yoast SEO plugin. -->","yoast_head_json":{"title":"DURO COMUNICADO DE MILEI POR EL RECHAZO DEL DNU, ADVIRTIENDO QUE PONE EN RIESGO EL PACTO DE MAYO - Apuntes de San Luis","robots":{"index":"index","follow":"follow","max-snippet":"max-snippet:-1","max-image-preview":"max-image-preview:large","max-video-preview":"max-video-preview:-1"},"canonical":"https:\/\/apuntesdesanluis.com\/index.php\/2024\/03\/14\/duro-comunicado-de-milei-por-el-rechazo-del-dnu-advirtiendo-que-pone-en-riesgo-el-pacto-de-mayo\/","og_locale":"es_ES","og_type":"article","og_title":"DURO COMUNICADO DE MILEI POR EL RECHAZO DEL DNU, ADVIRTIENDO QUE PONE EN RIESGO EL PACTO DE MAYO - Apuntes de San Luis","og_description":"El presidente Javier Milei emiti\u00f3 un duro comunicado luego del rechazo del DNU en el...","og_url":"https:\/\/apuntesdesanluis.com\/index.php\/2024\/03\/14\/duro-comunicado-de-milei-por-el-rechazo-del-dnu-advirtiendo-que-pone-en-riesgo-el-pacto-de-mayo\/","og_site_name":"Apuntes de San Luis","article_published_time":"2024-03-15T02:32:27+00:00","article_modified_time":"2024-03-15T02:32:54+00:00","og_image":[{"width":619,"height":365,"url":"https:\/\/apuntesdesanluis.com\/wp-content\/uploads\/2024\/03\/milei-5.png","type":"image\/png"}],"author":"apuntesdesanluis.com","twitter_card":"summary_large_image","twitter_misc":{"Escrito por":"apuntesdesanluis.com","Tiempo de lectura":"2 minutos"},"schema":{"@context":"https:\/\/schema.org","@graph":[{"@type":"Article","@id":"https:\/\/apuntesdesanluis.com\/index.php\/2024\/03\/14\/duro-comunicado-de-milei-por-el-rechazo-del-dnu-advirtiendo-que-pone-en-riesgo-el-pacto-de-mayo\/#article","isPartOf":{"@id":"https:\/\/apuntesdesanluis.com\/index.php\/2024\/03\/14\/duro-comunicado-de-milei-por-el-rechazo-del-dnu-advirtiendo-que-pone-en-riesgo-el-pacto-de-mayo\/"},"author":{"name":"apuntesdesanluis.com","@id":"https:\/\/apuntesdesanluis.com\/#\/schema\/person\/b55151d52296fcce64d1a72538a70b90"},"headline":"DURO COMUNICADO DE MILEI POR EL RECHAZO DEL DNU, ADVIRTIENDO QUE PONE EN RIESGO EL PACTO DE MAYO","datePublished":"2024-03-15T02:32:27+00:00","dateModified":"2024-03-15T02:32:54+00:00","mainEntityOfPage":{"@id":"https:\/\/apuntesdesanluis.com\/index.php\/2024\/03\/14\/duro-comunicado-de-milei-por-el-rechazo-del-dnu-advirtiendo-que-pone-en-riesgo-el-pacto-de-mayo\/"},"wordCount":426,"publisher":{"@id":"https:\/\/apuntesdesanluis.com\/#\/schema\/person\/b55151d52296fcce64d1a72538a70b90"},"image":{"@id":"https:\/\/apuntesdesanluis.com\/index.php\/2024\/03\/14\/duro-comunicado-de-milei-por-el-rechazo-del-dnu-advirtiendo-que-pone-en-riesgo-el-pacto-de-mayo\/#primaryimage"},"thumbnailUrl":"https:\/\/apuntesdesanluis.com\/wp-content\/uploads\/2024\/03\/milei-5.png","articleSection":["Nacionales\/Internacionales"],"inLanguage":"es-AR"},{"@type":"WebPage","@id":"https:\/\/apuntesdesanluis.com\/index.php\/2024\/03\/14\/duro-comunicado-de-milei-por-el-rechazo-del-dnu-advirtiendo-que-pone-en-riesgo-el-pacto-de-mayo\/","url":"https:\/\/apuntesdesanluis.com\/index.php\/2024\/03\/14\/duro-comunicado-de-milei-por-el-rechazo-del-dnu-advirtiendo-que-pone-en-riesgo-el-pacto-de-mayo\/","name":"DURO COMUNICADO DE MILEI POR EL RECHAZO DEL DNU, ADVIRTIENDO QUE PONE EN RIESGO EL PACTO DE MAYO - Apuntes de San Luis","isPartOf":{"@id":"https:\/\/apuntesdesanluis.com\/#website"},"primaryImageOfPage":{"@id":"https:\/\/apuntesdesanluis.com\/index.php\/2024\/03\/14\/duro-comunicado-de-milei-por-el-rechazo-del-dnu-advirtiendo-que-pone-en-riesgo-el-pacto-de-mayo\/#primaryimage"},"image":{"@id":"https:\/\/apuntesdesanluis.com\/index.php\/2024\/03\/14\/duro-comunicado-de-milei-por-el-rechazo-del-dnu-advirtiendo-que-pone-en-riesgo-el-pacto-de-mayo\/#primaryimage"},"thumbnailUrl":"https:\/\/apuntesdesanluis.com\/wp-content\/uploads\/2024\/03\/milei-5.png","datePublished":"2024-03-15T02:32:27+00:00","dateModified":"2024-03-15T02:32:54+00:00","breadcrumb":{"@id":"https:\/\/apuntesdesanluis.com\/index.php\/2024\/03\/14\/duro-comunicado-de-milei-por-el-rechazo-del-dnu-advirtiendo-que-pone-en-riesgo-el-pacto-de-mayo\/#breadcrumb"},"inLanguage":"es-AR","potentialAction":[{"@type":"ReadAction","target":["https:\/\/apuntesdesanluis.com\/index.php\/2024\/03\/14\/duro-comunicado-de-milei-por-el-rechazo-del-dnu-advirtiendo-que-pone-en-riesgo-el-pacto-de-mayo\/"]}]},{"@type":"ImageObject","inLanguage":"es-AR","@id":"https:\/\/apuntesdesanluis.com\/index.php\/2024\/03\/14\/duro-comunicado-de-milei-por-el-rechazo-del-dnu-advirtiendo-que-pone-en-riesgo-el-pacto-de-mayo\/#primaryimage","url":"https:\/\/apuntesdesanluis.com\/wp-content\/uploads\/2024\/03\/milei-5.png","contentUrl":"https:\/\/apuntesdesanluis.com\/wp-content\/uploads\/2024\/03\/milei-5.png","width":619,"height":365},{"@type":"BreadcrumbList","@id":"https:\/\/apuntesdesanluis.com\/index.php\/2024\/03\/14\/duro-comunicado-de-milei-por-el-rechazo-del-dnu-advirtiendo-que-pone-en-riesgo-el-pacto-de-mayo\/#breadcrumb","itemListElement":[{"@type":"ListItem","position":1,"name":"Inicio","item":"https:\/\/apuntesdesanluis.com\/"},{"@type":"ListItem","position":2,"name":"DURO COMUNICADO DE MILEI POR EL RECHAZO DEL DNU, ADVIRTIENDO QUE PONE EN RIESGO EL PACTO DE MAYO"}]},{"@type":"WebSite","@id":"https:\/\/apuntesdesanluis.com\/#website","url":"https:\/\/apuntesdesanluis.com\/","name":"Apuntes de San Luis","description":"","publisher":{"@id":"https:\/\/apuntesdesanluis.com\/#\/schema\/person\/b55151d52296fcce64d1a72538a70b90"},"potentialAction":[{"@type":"SearchAction","target":{"@type":"EntryPoint","urlTemplate":"https:\/\/apuntesdesanluis.com\/?s={search_term_string}"},"query-input":{"@type":"PropertyValueSpecification","valueRequired":true,"valueName":"search_term_string"}}],"inLanguage":"es-AR"},{"@type":["Person","Organization"],"@id":"https:\/\/apuntesdesanluis.com\/#\/schema\/person\/b55151d52296fcce64d1a72538a70b90","name":"apuntesdesanluis.com","image":{"@type":"ImageObject","inLanguage":"es-AR","@id":"https:\/\/apuntesdesanluis.com\/#\/schema\/person\/image\/","url":"https:\/\/apuntesdesanluis.com\/wp-content\/uploads\/2023\/07\/cropped-apuntesdesanluis.png","contentUrl":"https:\/\/apuntesdesanluis.com\/wp-content\/uploads\/2023\/07\/cropped-apuntesdesanluis.png","width":450,"height":112,"caption":"apuntesdesanluis.com"},"logo":{"@id":"https:\/\/apuntesdesanluis.com\/#\/schema\/person\/image\/"},"sameAs":["https:\/\/apuntesdesanluis.com"],"url":"https:\/\/apuntesdesanluis.com\/index.php\/author\/apuntesdesanluis-com\/"}]}},"featured_image_urls":{"full":["https:\/\/apuntesdesanluis.com\/wp-content\/uploads\/2024\/03\/milei-5.png",619,365,false],"thumbnail":["https:\/\/apuntesdesanluis.com\/wp-content\/uploads\/2024\/03\/milei-5-150x150.png",150,150,true],"medium":["https:\/\/apuntesdesanluis.com\/wp-content\/uploads\/2024\/03\/milei-5-300x177.png",300,177,true],"medium_large":["https:\/\/apuntesdesanluis.com\/wp-content\/uploads\/2024\/03\/milei-5.png",619,365,false],"large":["https:\/\/apuntesdesanluis.com\/wp-content\/uploads\/2024\/03\/milei-5.png",619,365,false],"1536x1536":["https:\/\/apuntesdesanluis.com\/wp-content\/uploads\/2024\/03\/milei-5.png",619,365,false],"2048x2048":["https:\/\/apuntesdesanluis.com\/wp-content\/uploads\/2024\/03\/milei-5.png",619,365,false],"newsever-slider-full":["https:\/\/apuntesdesanluis.com\/wp-content\/uploads\/2024\/03\/milei-5.png",619,365,false],"newsever-featured":["https:\/\/apuntesdesanluis.com\/wp-content\/uploads\/2024\/03\/milei-5.png",619,365,false],"newsever-medium":["https:\/\/apuntesdesanluis.com\/wp-content\/uploads\/2024\/03\/milei-5.png",619,365,false]},"author_info":{"display_name":"apuntesdesanluis.com","author_link":"https:\/\/apuntesdesanluis.com\/index.php\/author\/apuntesdesanluis-com\/"},"category_info":"<a href=\"https:\/\/apuntesdesanluis.com\/index.php\/category\/nacionales-internacionales\/\" rel=\"category tag\">Nacionales\/Internacionales<\/a>","tag_info":"Nacionales\/Internacionales","comment_count":"0","_links":{"self":[{"href":"https:\/\/apuntesdesanluis.com\/index.php\/wp-json\/wp\/v2\/posts\/13198","targetHints":{"allow":["GET"]}}],"collection":[{"href":"https:\/\/apuntesdesanluis.com\/index.php\/wp-json\/wp\/v2\/posts"}],"about":[{"href":"https:\/\/apuntesdesanluis.com\/index.php\/wp-json\/wp\/v2\/types\/post"}],"author":[{"embeddable":true,"href":"https:\/\/apuntesdesanluis.com\/index.php\/wp-json\/wp\/v2\/users\/1"}],"replies":[{"embeddable":true,"href":"https:\/\/apuntesdesanluis.com\/index.php\/wp-json\/wp\/v2\/comments?post=13198"}],"version-history":[{"count":2,"href":"https:\/\/apuntesdesanluis.com\/index.php\/wp-json\/wp\/v2\/posts\/13198\/revisions"}],"predecessor-version":[{"id":13202,"href":"https:\/\/apuntesdesanluis.com\/index.php\/wp-json\/wp\/v2\/posts\/13198\/revisions\/13202"}],"wp:featuredmedia":[{"embeddable":true,"href":"https:\/\/apuntesdesanluis.com\/index.php\/wp-json\/wp\/v2\/media\/13199"}],"wp:attachment":[{"href":"https:\/\/apuntesdesanluis.com\/index.php\/wp-json\/wp\/v2\/media?parent=13198"}],"wp:term":[{"taxonomy":"category","embeddable":true,"href":"https:\/\/apuntesdesanluis.com\/index.php\/wp-json\/wp\/v2\/categories?post=13198"},{"taxonomy":"post_tag","embeddable":true,"href":"https:\/\/apuntesdesanluis.com\/index.php\/wp-json\/wp\/v2\/tags?post=13198"}],"curies":[{"name":"wp","href":"https:\/\/api.w.org\/{rel}","templated":true}]}}