{"id":13211,"date":"2024-03-14T23:45:22","date_gmt":"2024-03-15T02:45:22","guid":{"rendered":"https:\/\/apuntesdesanluis.com\/?p=13211"},"modified":"2024-03-15T00:18:58","modified_gmt":"2024-03-15T03:18:58","slug":"rosario-cuneo-libarona-anuncio-la-puesta-en-marcha-del-codigo-acusatorio-para-combatir-a-las-mafias","status":"publish","type":"post","link":"https:\/\/apuntesdesanluis.com\/index.php\/2024\/03\/14\/rosario-cuneo-libarona-anuncio-la-puesta-en-marcha-del-codigo-acusatorio-para-combatir-a-las-mafias\/","title":{"rendered":"ROSARIO: C\u00daNEO LIBARONA ANUNCI\u00d3 LA PUESTA EN MARCHA DEL C\u00d3DIGO ACUSATORIO PARA COMBATIR A LAS MAFIAS"},"content":{"rendered":"<h3>El ministro de Justicia, <strong>Mariano C\u00faneo Libarona<\/strong>, anunci\u00f3 hoy \u201cla inmediata entrada en vigencia del C\u00f3digo Procesal Penal Federal en el \u00e1mbito de la C\u00e1mara de Apelaciones de Rosario a partir del lunes 18 de marzo\u201d.<\/h3>\n<h3>Se trata de la aplicaci\u00f3n del denominado \u201cc\u00f3digo acusatorio\u201d, que otorga la facultad de la investigaci\u00f3n a los fiscales, les asigna a los jueces el control de las garant\u00edas constitucionales durante el proceso y procura acelerar los tiempos para la celebraci\u00f3n de los juicios orales.<\/h3>\n<h3>Seg\u00fan un Comunicado Oficial del Ministerio, la iniciativa apunta a \u201cla m\u00e1s eficaz persecuci\u00f3n de los responsables de los graves cr\u00edmenes como el narcotr\u00e1fico, la trata y el lavado de activos\u201d.<\/h3>\n<h3>\u201cTodo esto es especialmente importante en Rosario y su \u00e1rea metropolitana ya que alrededor del 70 por ciento de los 500 homicidios cometidos entre 2022 y 2023 son resultado de delitos complejos del orden federal\u201d, explic\u00f3 el documento.<\/h3>\n<h3>El C\u00f3digo Acusatorio fue sancionado durante el gobierno de Cristina Fern\u00e1ndez de Kirchner pero su puesta en marcha completa se fren\u00f3 en los albores de la presidencia de Mauricio Macri y actualmente se aplica s\u00f3lo en algunas jurisdicciones.<\/h3>\n<h3>A fines de febrero el gobierno de Javier Milei public\u00f3 en el Bolet\u00edn Oficial un Decreto de Necesidad y Urgencia (DNU) que le quit\u00f3 al Congreso la facultad de implementar paulatinamente el C\u00f3digo y le asign\u00f3 esa tarea al Ministerio de Justicia.<\/h3>\n<h3>\u00a0\u201cLa gravedad institucional de la situaci\u00f3n imperante justifica redefinir las funciones asignadas oportunamente a la Comisi\u00f3n Bicameral de Monitoreo e Implementaci\u00f3n del C\u00f3digo Procesal Penal Federal que, en lo sucesivo, velar\u00e1 por la armon\u00eda y unificaci\u00f3n de las propuestas de modificaciones a la legislaci\u00f3n relacionada a la reforma procesal penal federal\u201d, a\u00f1adi\u00f3.<\/h3>\n<h3>El Ministerio de Justicia anunci\u00f3 hoy que con la implementaci\u00f3n del C\u00f3digo en Rosario se propiciar\u00e1 \u201cla oralidad, publicidad, contradicci\u00f3n, concentraci\u00f3n, inmediaci\u00f3n, simplicidad, celeridad y no formalizaci\u00f3n\u201d en el tratamiento de las causas penales por delitos complejos.<\/h3>\n<p>&nbsp;<\/p>\n<p>&nbsp;<\/p>\n<p>&nbsp;<\/p>\n<p>&nbsp;<\/p>\n<p>&nbsp;<\/p>\n<p>&nbsp;<\/p>\n<p>&nbsp;<\/p>\n<p>&nbsp;<\/p>\n","protected":false},"excerpt":{"rendered":"<p>El ministro de Justicia, Mariano C\u00faneo Libarona, anunci\u00f3 hoy \u201cla inmediata entrada en vigencia del&#8230;<\/p>\n","protected":false},"author":1,"featured_media":13212,"comment_status":"closed","ping_status":"closed","sticky":false,"template":"","format":"standard","meta":{"footnotes":""},"categories":[5],"tags":[],"class_list":["post-13211","post","type-post","status-publish","format-standard","has-post-thumbnail","hentry","category-nacionales-internacionales"],"yoast_head":"<!-- This site is optimized with the Yoast SEO plugin v26.1.1 - https:\/\/yoast.com\/wordpress\/plugins\/seo\/ -->\n<title>ROSARIO: C\u00daNEO LIBARONA ANUNCI\u00d3 LA PUESTA EN MARCHA DEL C\u00d3DIGO ACUSATORIO PARA COMBATIR A LAS MAFIAS - Apuntes de San Luis<\/title>\n<meta name=\"robots\" content=\"index, follow, max-snippet:-1, max-image-preview:large, max-video-preview:-1\" \/>\n<link rel=\"canonical\" href=\"https:\/\/apuntesdesanluis.com\/index.php\/2024\/03\/14\/rosario-cuneo-libarona-anuncio-la-puesta-en-marcha-del-codigo-acusatorio-para-combatir-a-las-mafias\/\" \/>\n<meta property=\"og:locale\" content=\"es_ES\" \/>\n<meta property=\"og:type\" content=\"article\" \/>\n<meta property=\"og:title\" content=\"ROSARIO: C\u00daNEO LIBARONA ANUNCI\u00d3 LA PUESTA EN MARCHA DEL C\u00d3DIGO ACUSATORIO PARA COMBATIR A LAS MAFIAS - Apuntes de San Luis\" \/>\n<meta property=\"og:description\" content=\"El ministro de Justicia, Mariano C\u00faneo Libarona, anunci\u00f3 hoy \u201cla inmediata entrada en vigencia del...\" \/>\n<meta property=\"og:url\" content=\"https:\/\/apuntesdesanluis.com\/index.php\/2024\/03\/14\/rosario-cuneo-libarona-anuncio-la-puesta-en-marcha-del-codigo-acusatorio-para-combatir-a-las-mafias\/\" \/>\n<meta property=\"og:site_name\" content=\"Apuntes de San Luis\" \/>\n<meta property=\"article:published_time\" content=\"2024-03-15T02:45:22+00:00\" \/>\n<meta property=\"article:modified_time\" content=\"2024-03-15T03:18:58+00:00\" \/>\n<meta property=\"og:image\" content=\"https:\/\/apuntesdesanluis.com\/wp-content\/uploads\/2024\/03\/cuneo-libarona.png\" \/>\n\t<meta property=\"og:image:width\" content=\"639\" \/>\n\t<meta property=\"og:image:height\" content=\"409\" \/>\n\t<meta property=\"og:image:type\" content=\"image\/png\" \/>\n<meta name=\"author\" content=\"apuntesdesanluis.com\" \/>\n<meta name=\"twitter:card\" content=\"summary_large_image\" \/>\n<meta name=\"twitter:label1\" content=\"Escrito por\" \/>\n\t<meta name=\"twitter:data1\" content=\"apuntesdesanluis.com\" \/>\n\t<meta name=\"twitter:label2\" content=\"Tiempo de lectura\" \/>\n\t<meta name=\"twitter:data2\" content=\"2 minutos\" \/>\n<script type=\"application\/ld+json\" class=\"yoast-schema-graph\">{\"@context\":\"https:\/\/schema.org\",\"@graph\":[{\"@type\":\"Article\",\"@id\":\"https:\/\/apuntesdesanluis.com\/index.php\/2024\/03\/14\/rosario-cuneo-libarona-anuncio-la-puesta-en-marcha-del-codigo-acusatorio-para-combatir-a-las-mafias\/#article\",\"isPartOf\":{\"@id\":\"https:\/\/apuntesdesanluis.com\/index.php\/2024\/03\/14\/rosario-cuneo-libarona-anuncio-la-puesta-en-marcha-del-codigo-acusatorio-para-combatir-a-las-mafias\/\"},\"author\":{\"name\":\"apuntesdesanluis.com\",\"@id\":\"https:\/\/apuntesdesanluis.com\/#\/schema\/person\/b55151d52296fcce64d1a72538a70b90\"},\"headline\":\"ROSARIO: C\u00daNEO LIBARONA ANUNCI\u00d3 LA PUESTA EN MARCHA DEL C\u00d3DIGO ACUSATORIO PARA COMBATIR A LAS MAFIAS\",\"datePublished\":\"2024-03-15T02:45:22+00:00\",\"dateModified\":\"2024-03-15T03:18:58+00:00\",\"mainEntityOfPage\":{\"@id\":\"https:\/\/apuntesdesanluis.com\/index.php\/2024\/03\/14\/rosario-cuneo-libarona-anuncio-la-puesta-en-marcha-del-codigo-acusatorio-para-combatir-a-las-mafias\/\"},\"wordCount\":372,\"publisher\":{\"@id\":\"https:\/\/apuntesdesanluis.com\/#\/schema\/person\/b55151d52296fcce64d1a72538a70b90\"},\"image\":{\"@id\":\"https:\/\/apuntesdesanluis.com\/index.php\/2024\/03\/14\/rosario-cuneo-libarona-anuncio-la-puesta-en-marcha-del-codigo-acusatorio-para-combatir-a-las-mafias\/#primaryimage\"},\"thumbnailUrl\":\"https:\/\/apuntesdesanluis.com\/wp-content\/uploads\/2024\/03\/cuneo-libarona.png\",\"articleSection\":[\"Nacionales\/Internacionales\"],\"inLanguage\":\"es-AR\"},{\"@type\":\"WebPage\",\"@id\":\"https:\/\/apuntesdesanluis.com\/index.php\/2024\/03\/14\/rosario-cuneo-libarona-anuncio-la-puesta-en-marcha-del-codigo-acusatorio-para-combatir-a-las-mafias\/\",\"url\":\"https:\/\/apuntesdesanluis.com\/index.php\/2024\/03\/14\/rosario-cuneo-libarona-anuncio-la-puesta-en-marcha-del-codigo-acusatorio-para-combatir-a-las-mafias\/\",\"name\":\"ROSARIO: C\u00daNEO LIBARONA ANUNCI\u00d3 LA PUESTA EN MARCHA DEL C\u00d3DIGO ACUSATORIO PARA COMBATIR A LAS MAFIAS - Apuntes de San Luis\",\"isPartOf\":{\"@id\":\"https:\/\/apuntesdesanluis.com\/#website\"},\"primaryImageOfPage\":{\"@id\":\"https:\/\/apuntesdesanluis.com\/index.php\/2024\/03\/14\/rosario-cuneo-libarona-anuncio-la-puesta-en-marcha-del-codigo-acusatorio-para-combatir-a-las-mafias\/#primaryimage\"},\"image\":{\"@id\":\"https:\/\/apuntesdesanluis.com\/index.php\/2024\/03\/14\/rosario-cuneo-libarona-anuncio-la-puesta-en-marcha-del-codigo-acusatorio-para-combatir-a-las-mafias\/#primaryimage\"},\"thumbnailUrl\":\"https:\/\/apuntesdesanluis.com\/wp-content\/uploads\/2024\/03\/cuneo-libarona.png\",\"datePublished\":\"2024-03-15T02:45:22+00:00\",\"dateModified\":\"2024-03-15T03:18:58+00:00\",\"breadcrumb\":{\"@id\":\"https:\/\/apuntesdesanluis.com\/index.php\/2024\/03\/14\/rosario-cuneo-libarona-anuncio-la-puesta-en-marcha-del-codigo-acusatorio-para-combatir-a-las-mafias\/#breadcrumb\"},\"inLanguage\":\"es-AR\",\"potentialAction\":[{\"@type\":\"ReadAction\",\"target\":[\"https:\/\/apuntesdesanluis.com\/index.php\/2024\/03\/14\/rosario-cuneo-libarona-anuncio-la-puesta-en-marcha-del-codigo-acusatorio-para-combatir-a-las-mafias\/\"]}]},{\"@type\":\"ImageObject\",\"inLanguage\":\"es-AR\",\"@id\":\"https:\/\/apuntesdesanluis.com\/index.php\/2024\/03\/14\/rosario-cuneo-libarona-anuncio-la-puesta-en-marcha-del-codigo-acusatorio-para-combatir-a-las-mafias\/#primaryimage\",\"url\":\"https:\/\/apuntesdesanluis.com\/wp-content\/uploads\/2024\/03\/cuneo-libarona.png\",\"contentUrl\":\"https:\/\/apuntesdesanluis.com\/wp-content\/uploads\/2024\/03\/cuneo-libarona.png\",\"width\":639,\"height\":409},{\"@type\":\"BreadcrumbList\",\"@id\":\"https:\/\/apuntesdesanluis.com\/index.php\/2024\/03\/14\/rosario-cuneo-libarona-anuncio-la-puesta-en-marcha-del-codigo-acusatorio-para-combatir-a-las-mafias\/#breadcrumb\",\"itemListElement\":[{\"@type\":\"ListItem\",\"position\":1,\"name\":\"Inicio\",\"item\":\"https:\/\/apuntesdesanluis.com\/\"},{\"@type\":\"ListItem\",\"position\":2,\"name\":\"ROSARIO: C\u00daNEO LIBARONA ANUNCI\u00d3 LA PUESTA EN MARCHA DEL C\u00d3DIGO ACUSATORIO PARA COMBATIR A LAS MAFIAS\"}]},{\"@type\":\"WebSite\",\"@id\":\"https:\/\/apuntesdesanluis.com\/#website\",\"url\":\"https:\/\/apuntesdesanluis.com\/\",\"name\":\"Apuntes de San Luis\",\"description\":\"\",\"publisher\":{\"@id\":\"https:\/\/apuntesdesanluis.com\/#\/schema\/person\/b55151d52296fcce64d1a72538a70b90\"},\"potentialAction\":[{\"@type\":\"SearchAction\",\"target\":{\"@type\":\"EntryPoint\",\"urlTemplate\":\"https:\/\/apuntesdesanluis.com\/?s={search_term_string}\"},\"query-input\":{\"@type\":\"PropertyValueSpecification\",\"valueRequired\":true,\"valueName\":\"search_term_string\"}}],\"inLanguage\":\"es-AR\"},{\"@type\":[\"Person\",\"Organization\"],\"@id\":\"https:\/\/apuntesdesanluis.com\/#\/schema\/person\/b55151d52296fcce64d1a72538a70b90\",\"name\":\"apuntesdesanluis.com\",\"image\":{\"@type\":\"ImageObject\",\"inLanguage\":\"es-AR\",\"@id\":\"https:\/\/apuntesdesanluis.com\/#\/schema\/person\/image\/\",\"url\":\"https:\/\/apuntesdesanluis.com\/wp-content\/uploads\/2023\/07\/cropped-apuntesdesanluis.png\",\"contentUrl\":\"https:\/\/apuntesdesanluis.com\/wp-content\/uploads\/2023\/07\/cropped-apuntesdesanluis.png\",\"width\":450,\"height\":112,\"caption\":\"apuntesdesanluis.com\"},\"logo\":{\"@id\":\"https:\/\/apuntesdesanluis.com\/#\/schema\/person\/image\/\"},\"sameAs\":[\"https:\/\/apuntesdesanluis.com\"],\"url\":\"https:\/\/apuntesdesanluis.com\/index.php\/author\/apuntesdesanluis-com\/\"}]}<\/script>\n<!-- \/ Yoast SEO plugin. -->","yoast_head_json":{"title":"ROSARIO: C\u00daNEO LIBARONA ANUNCI\u00d3 LA PUESTA EN MARCHA DEL C\u00d3DIGO ACUSATORIO PARA COMBATIR A LAS MAFIAS - Apuntes de San Luis","robots":{"index":"index","follow":"follow","max-snippet":"max-snippet:-1","max-image-preview":"max-image-preview:large","max-video-preview":"max-video-preview:-1"},"canonical":"https:\/\/apuntesdesanluis.com\/index.php\/2024\/03\/14\/rosario-cuneo-libarona-anuncio-la-puesta-en-marcha-del-codigo-acusatorio-para-combatir-a-las-mafias\/","og_locale":"es_ES","og_type":"article","og_title":"ROSARIO: C\u00daNEO LIBARONA ANUNCI\u00d3 LA PUESTA EN MARCHA DEL C\u00d3DIGO ACUSATORIO PARA COMBATIR A LAS MAFIAS - Apuntes de San Luis","og_description":"El ministro de Justicia, Mariano C\u00faneo Libarona, anunci\u00f3 hoy \u201cla inmediata entrada en vigencia del...","og_url":"https:\/\/apuntesdesanluis.com\/index.php\/2024\/03\/14\/rosario-cuneo-libarona-anuncio-la-puesta-en-marcha-del-codigo-acusatorio-para-combatir-a-las-mafias\/","og_site_name":"Apuntes de San Luis","article_published_time":"2024-03-15T02:45:22+00:00","article_modified_time":"2024-03-15T03:18:58+00:00","og_image":[{"width":639,"height":409,"url":"https:\/\/apuntesdesanluis.com\/wp-content\/uploads\/2024\/03\/cuneo-libarona.png","type":"image\/png"}],"author":"apuntesdesanluis.com","twitter_card":"summary_large_image","twitter_misc":{"Escrito por":"apuntesdesanluis.com","Tiempo de lectura":"2 minutos"},"schema":{"@context":"https:\/\/schema.org","@graph":[{"@type":"Article","@id":"https:\/\/apuntesdesanluis.com\/index.php\/2024\/03\/14\/rosario-cuneo-libarona-anuncio-la-puesta-en-marcha-del-codigo-acusatorio-para-combatir-a-las-mafias\/#article","isPartOf":{"@id":"https:\/\/apuntesdesanluis.com\/index.php\/2024\/03\/14\/rosario-cuneo-libarona-anuncio-la-puesta-en-marcha-del-codigo-acusatorio-para-combatir-a-las-mafias\/"},"author":{"name":"apuntesdesanluis.com","@id":"https:\/\/apuntesdesanluis.com\/#\/schema\/person\/b55151d52296fcce64d1a72538a70b90"},"headline":"ROSARIO: C\u00daNEO LIBARONA ANUNCI\u00d3 LA PUESTA EN MARCHA DEL C\u00d3DIGO ACUSATORIO PARA COMBATIR A LAS MAFIAS","datePublished":"2024-03-15T02:45:22+00:00","dateModified":"2024-03-15T03:18:58+00:00","mainEntityOfPage":{"@id":"https:\/\/apuntesdesanluis.com\/index.php\/2024\/03\/14\/rosario-cuneo-libarona-anuncio-la-puesta-en-marcha-del-codigo-acusatorio-para-combatir-a-las-mafias\/"},"wordCount":372,"publisher":{"@id":"https:\/\/apuntesdesanluis.com\/#\/schema\/person\/b55151d52296fcce64d1a72538a70b90"},"image":{"@id":"https:\/\/apuntesdesanluis.com\/index.php\/2024\/03\/14\/rosario-cuneo-libarona-anuncio-la-puesta-en-marcha-del-codigo-acusatorio-para-combatir-a-las-mafias\/#primaryimage"},"thumbnailUrl":"https:\/\/apuntesdesanluis.com\/wp-content\/uploads\/2024\/03\/cuneo-libarona.png","articleSection":["Nacionales\/Internacionales"],"inLanguage":"es-AR"},{"@type":"WebPage","@id":"https:\/\/apuntesdesanluis.com\/index.php\/2024\/03\/14\/rosario-cuneo-libarona-anuncio-la-puesta-en-marcha-del-codigo-acusatorio-para-combatir-a-las-mafias\/","url":"https:\/\/apuntesdesanluis.com\/index.php\/2024\/03\/14\/rosario-cuneo-libarona-anuncio-la-puesta-en-marcha-del-codigo-acusatorio-para-combatir-a-las-mafias\/","name":"ROSARIO: C\u00daNEO LIBARONA ANUNCI\u00d3 LA PUESTA EN MARCHA DEL C\u00d3DIGO ACUSATORIO PARA COMBATIR A LAS MAFIAS - Apuntes de San Luis","isPartOf":{"@id":"https:\/\/apuntesdesanluis.com\/#website"},"primaryImageOfPage":{"@id":"https:\/\/apuntesdesanluis.com\/index.php\/2024\/03\/14\/rosario-cuneo-libarona-anuncio-la-puesta-en-marcha-del-codigo-acusatorio-para-combatir-a-las-mafias\/#primaryimage"},"image":{"@id":"https:\/\/apuntesdesanluis.com\/index.php\/2024\/03\/14\/rosario-cuneo-libarona-anuncio-la-puesta-en-marcha-del-codigo-acusatorio-para-combatir-a-las-mafias\/#primaryimage"},"thumbnailUrl":"https:\/\/apuntesdesanluis.com\/wp-content\/uploads\/2024\/03\/cuneo-libarona.png","datePublished":"2024-03-15T02:45:22+00:00","dateModified":"2024-03-15T03:18:58+00:00","breadcrumb":{"@id":"https:\/\/apuntesdesanluis.com\/index.php\/2024\/03\/14\/rosario-cuneo-libarona-anuncio-la-puesta-en-marcha-del-codigo-acusatorio-para-combatir-a-las-mafias\/#breadcrumb"},"inLanguage":"es-AR","potentialAction":[{"@type":"ReadAction","target":["https:\/\/apuntesdesanluis.com\/index.php\/2024\/03\/14\/rosario-cuneo-libarona-anuncio-la-puesta-en-marcha-del-codigo-acusatorio-para-combatir-a-las-mafias\/"]}]},{"@type":"ImageObject","inLanguage":"es-AR","@id":"https:\/\/apuntesdesanluis.com\/index.php\/2024\/03\/14\/rosario-cuneo-libarona-anuncio-la-puesta-en-marcha-del-codigo-acusatorio-para-combatir-a-las-mafias\/#primaryimage","url":"https:\/\/apuntesdesanluis.com\/wp-content\/uploads\/2024\/03\/cuneo-libarona.png","contentUrl":"https:\/\/apuntesdesanluis.com\/wp-content\/uploads\/2024\/03\/cuneo-libarona.png","width":639,"height":409},{"@type":"BreadcrumbList","@id":"https:\/\/apuntesdesanluis.com\/index.php\/2024\/03\/14\/rosario-cuneo-libarona-anuncio-la-puesta-en-marcha-del-codigo-acusatorio-para-combatir-a-las-mafias\/#breadcrumb","itemListElement":[{"@type":"ListItem","position":1,"name":"Inicio","item":"https:\/\/apuntesdesanluis.com\/"},{"@type":"ListItem","position":2,"name":"ROSARIO: C\u00daNEO LIBARONA ANUNCI\u00d3 LA PUESTA EN MARCHA DEL C\u00d3DIGO ACUSATORIO PARA COMBATIR A LAS MAFIAS"}]},{"@type":"WebSite","@id":"https:\/\/apuntesdesanluis.com\/#website","url":"https:\/\/apuntesdesanluis.com\/","name":"Apuntes de San Luis","description":"","publisher":{"@id":"https:\/\/apuntesdesanluis.com\/#\/schema\/person\/b55151d52296fcce64d1a72538a70b90"},"potentialAction":[{"@type":"SearchAction","target":{"@type":"EntryPoint","urlTemplate":"https:\/\/apuntesdesanluis.com\/?s={search_term_string}"},"query-input":{"@type":"PropertyValueSpecification","valueRequired":true,"valueName":"search_term_string"}}],"inLanguage":"es-AR"},{"@type":["Person","Organization"],"@id":"https:\/\/apuntesdesanluis.com\/#\/schema\/person\/b55151d52296fcce64d1a72538a70b90","name":"apuntesdesanluis.com","image":{"@type":"ImageObject","inLanguage":"es-AR","@id":"https:\/\/apuntesdesanluis.com\/#\/schema\/person\/image\/","url":"https:\/\/apuntesdesanluis.com\/wp-content\/uploads\/2023\/07\/cropped-apuntesdesanluis.png","contentUrl":"https:\/\/apuntesdesanluis.com\/wp-content\/uploads\/2023\/07\/cropped-apuntesdesanluis.png","width":450,"height":112,"caption":"apuntesdesanluis.com"},"logo":{"@id":"https:\/\/apuntesdesanluis.com\/#\/schema\/person\/image\/"},"sameAs":["https:\/\/apuntesdesanluis.com"],"url":"https:\/\/apuntesdesanluis.com\/index.php\/author\/apuntesdesanluis-com\/"}]}},"featured_image_urls":{"full":["https:\/\/apuntesdesanluis.com\/wp-content\/uploads\/2024\/03\/cuneo-libarona.png",639,409,false],"thumbnail":["https:\/\/apuntesdesanluis.com\/wp-content\/uploads\/2024\/03\/cuneo-libarona-150x150.png",150,150,true],"medium":["https:\/\/apuntesdesanluis.com\/wp-content\/uploads\/2024\/03\/cuneo-libarona-300x192.png",300,192,true],"medium_large":["https:\/\/apuntesdesanluis.com\/wp-content\/uploads\/2024\/03\/cuneo-libarona.png",639,409,false],"large":["https:\/\/apuntesdesanluis.com\/wp-content\/uploads\/2024\/03\/cuneo-libarona.png",639,409,false],"1536x1536":["https:\/\/apuntesdesanluis.com\/wp-content\/uploads\/2024\/03\/cuneo-libarona.png",639,409,false],"2048x2048":["https:\/\/apuntesdesanluis.com\/wp-content\/uploads\/2024\/03\/cuneo-libarona.png",639,409,false],"newsever-slider-full":["https:\/\/apuntesdesanluis.com\/wp-content\/uploads\/2024\/03\/cuneo-libarona.png",639,409,false],"newsever-featured":["https:\/\/apuntesdesanluis.com\/wp-content\/uploads\/2024\/03\/cuneo-libarona.png",639,409,false],"newsever-medium":["https:\/\/apuntesdesanluis.com\/wp-content\/uploads\/2024\/03\/cuneo-libarona.png",639,409,false]},"author_info":{"display_name":"apuntesdesanluis.com","author_link":"https:\/\/apuntesdesanluis.com\/index.php\/author\/apuntesdesanluis-com\/"},"category_info":"<a href=\"https:\/\/apuntesdesanluis.com\/index.php\/category\/nacionales-internacionales\/\" rel=\"category tag\">Nacionales\/Internacionales<\/a>","tag_info":"Nacionales\/Internacionales","comment_count":"0","_links":{"self":[{"href":"https:\/\/apuntesdesanluis.com\/index.php\/wp-json\/wp\/v2\/posts\/13211","targetHints":{"allow":["GET"]}}],"collection":[{"href":"https:\/\/apuntesdesanluis.com\/index.php\/wp-json\/wp\/v2\/posts"}],"about":[{"href":"https:\/\/apuntesdesanluis.com\/index.php\/wp-json\/wp\/v2\/types\/post"}],"author":[{"embeddable":true,"href":"https:\/\/apuntesdesanluis.com\/index.php\/wp-json\/wp\/v2\/users\/1"}],"replies":[{"embeddable":true,"href":"https:\/\/apuntesdesanluis.com\/index.php\/wp-json\/wp\/v2\/comments?post=13211"}],"version-history":[{"count":1,"href":"https:\/\/apuntesdesanluis.com\/index.php\/wp-json\/wp\/v2\/posts\/13211\/revisions"}],"predecessor-version":[{"id":13213,"href":"https:\/\/apuntesdesanluis.com\/index.php\/wp-json\/wp\/v2\/posts\/13211\/revisions\/13213"}],"wp:featuredmedia":[{"embeddable":true,"href":"https:\/\/apuntesdesanluis.com\/index.php\/wp-json\/wp\/v2\/media\/13212"}],"wp:attachment":[{"href":"https:\/\/apuntesdesanluis.com\/index.php\/wp-json\/wp\/v2\/media?parent=13211"}],"wp:term":[{"taxonomy":"category","embeddable":true,"href":"https:\/\/apuntesdesanluis.com\/index.php\/wp-json\/wp\/v2\/categories?post=13211"},{"taxonomy":"post_tag","embeddable":true,"href":"https:\/\/apuntesdesanluis.com\/index.php\/wp-json\/wp\/v2\/tags?post=13211"}],"curies":[{"name":"wp","href":"https:\/\/api.w.org\/{rel}","templated":true}]}}