{"id":13225,"date":"2024-03-15T10:58:29","date_gmt":"2024-03-15T13:58:29","guid":{"rendered":"https:\/\/apuntesdesanluis.com\/?p=13225"},"modified":"2024-03-16T13:12:17","modified_gmt":"2024-03-16T16:12:17","slug":"esta-es-la-mejor-cara-de-la-politica-la-que-es-capaz-de-cambiarle-la-vida-a-las-personas-mas-debiles","status":"publish","type":"post","link":"https:\/\/apuntesdesanluis.com\/index.php\/2024\/03\/15\/esta-es-la-mejor-cara-de-la-politica-la-que-es-capaz-de-cambiarle-la-vida-a-las-personas-mas-debiles\/","title":{"rendered":"\u201cESTA ES LA MEJOR CARA DE LA POL\u00cdTICA, LA QUE ES CAPAZ DE CAMBIARLE LA VIDA A LAS PERSONAS M\u00c1S D\u00c9BILES\u201d"},"content":{"rendered":"<h3>La definici\u00f3n pertenece al secretario de Personas con Discapacidad, <strong>Luis Giraudo<\/strong>, al t\u00e9rmino del acto realizado el jueves en la localidad de Fraga, donde la Municipalidad acababa de concretar la incorporaci\u00f3n de dos personas discapacitadas a su staff de personal.<\/h3>\n<h3>La localidad fue sede de un emotivo acto que culmin\u00f3 con la firma de contratos de trabajo de dos nuevos operarios que formar\u00e1n parte del personal. Se trata de <strong>Agustina Staurini<\/strong> y <strong>Ricardo Guzm\u00e1n<\/strong>, quienes realizar\u00e1n distintas tareas en la modalidad de pr\u00e1ctica laboral.<\/h3>\n<p><img fetchpriority=\"high\" decoding=\"async\" class=\"wp-image-13233 aligncenter\" src=\"https:\/\/apuntesdesanluis.com\/wp-content\/uploads\/2024\/03\/Luis-dos-300x199.png\" alt=\"\" width=\"734\" height=\"487\" srcset=\"https:\/\/apuntesdesanluis.com\/wp-content\/uploads\/2024\/03\/Luis-dos-300x199.png 300w, https:\/\/apuntesdesanluis.com\/wp-content\/uploads\/2024\/03\/Luis-dos-1024x678.png 1024w, https:\/\/apuntesdesanluis.com\/wp-content\/uploads\/2024\/03\/Luis-dos-768x508.png 768w, https:\/\/apuntesdesanluis.com\/wp-content\/uploads\/2024\/03\/Luis-dos.png 1203w\" sizes=\"(max-width: 734px) 100vw, 734px\" \/><\/p>\n<h3>\u201cEsta querida localidad de Fraga, su intendente, sus funcionarios, han demostrado lo que no abunda: sensibilidad. Hoy se ha convertido en capital de los municipios inclusivos\u201d, expres\u00f3 emocionado y enf\u00e1tico Giraudo, mientras abrazaba a Agustina y Ricardo, quienes junto a sus familiares no cab\u00edan de felicidad. A partir de ahora comenzar\u00e1n a realizar \u00a0pr\u00e1cticas laborales y tendr\u00e1n una remuneraci\u00f3n por sus tareas.<\/h3>\n<h3>El acto de firma de los contratos fue presidido por el intendente, <strong>Gast\u00f3n Argenio<\/strong>; la vice intendenta, <strong>Lorena Fr\u00edas<\/strong>, y el secretario de Personas con Discapacidad, <strong>Luis Giraudo<\/strong>.<\/h3>\n<h3>Argenio coment\u00f3 que trabajar\u00e1n en una ordenanza municipal que asegure el cupo laboral del 4% para personas con discapacidad y en la conformaci\u00f3n del Consejo Municipal de Discapacidad.<\/h3>\n<p><img decoding=\"async\" class=\"wp-image-13234 aligncenter\" src=\"https:\/\/apuntesdesanluis.com\/wp-content\/uploads\/2024\/03\/FIRMA-300x245.jpg\" alt=\"\" width=\"733\" height=\"599\" srcset=\"https:\/\/apuntesdesanluis.com\/wp-content\/uploads\/2024\/03\/FIRMA-300x245.jpg 300w, https:\/\/apuntesdesanluis.com\/wp-content\/uploads\/2024\/03\/FIRMA.jpg 600w\" sizes=\"(max-width: 733px) 100vw, 733px\" \/><\/p>\n<h3>Por su parte, el Secretario expres\u00f3 su alegr\u00eda al ver el trabajo que realiza la comuna, desde las mejoras en la accesibilidad de los edificios p\u00fablicos y ahora fomentando la inclusi\u00f3n laboral mediante la incorporaci\u00f3n de personas con discapacidad.<\/h3>\n<h3>\u201cEn estos 100 d\u00edas de gesti\u00f3n vengo recorriendo toda la provincia, los municipios, las escuelas y las instituciones que trabajan por las personas con discapacidad. Nuestro gobernador le ha dado rango ministerial al \u00e1rea, ha definido que ser\u00e1 una pol\u00edtica de estado. La municipalidad de Fraga con esta acci\u00f3n demuestra su pleno acompa\u00f1amiento y compromiso y le estoy muy agradecido. Sin dudas \u00e9sta es la mejor cara de la pol\u00edtica, la que es capaz de cambiarle la vida a las personas m\u00e1s necesitadas y d\u00e9biles, la que nos necesitan y debemos integrar\u201d, concluy\u00f3 Giraudo al felicitar al intendente Argenio y sus funcionarios.<\/h3>\n<p>&nbsp;<\/p>\n<p>&nbsp;<\/p>\n","protected":false},"excerpt":{"rendered":"<p>La definici\u00f3n pertenece al secretario de Personas con Discapacidad, Luis Giraudo, al t\u00e9rmino del acto&#8230;<\/p>\n","protected":false},"author":1,"featured_media":13232,"comment_status":"closed","ping_status":"closed","sticky":false,"template":"","format":"standard","meta":{"footnotes":""},"categories":[6],"tags":[],"class_list":["post-13225","post","type-post","status-publish","format-standard","has-post-thumbnail","hentry","category-ciudad-provincia"],"yoast_head":"<!-- This site is optimized with the Yoast SEO plugin v26.1.1 - https:\/\/yoast.com\/wordpress\/plugins\/seo\/ -->\n<title>\u201cESTA ES LA MEJOR CARA DE LA POL\u00cdTICA, LA QUE ES CAPAZ DE CAMBIARLE LA VIDA A LAS PERSONAS M\u00c1S D\u00c9BILES\u201d - Apuntes de San Luis<\/title>\n<meta name=\"robots\" content=\"index, follow, max-snippet:-1, max-image-preview:large, max-video-preview:-1\" \/>\n<link rel=\"canonical\" href=\"https:\/\/apuntesdesanluis.com\/index.php\/2024\/03\/15\/esta-es-la-mejor-cara-de-la-politica-la-que-es-capaz-de-cambiarle-la-vida-a-las-personas-mas-debiles\/\" \/>\n<meta property=\"og:locale\" content=\"es_ES\" \/>\n<meta property=\"og:type\" content=\"article\" \/>\n<meta property=\"og:title\" content=\"\u201cESTA ES LA MEJOR CARA DE LA POL\u00cdTICA, LA QUE ES CAPAZ DE CAMBIARLE LA VIDA A LAS PERSONAS M\u00c1S D\u00c9BILES\u201d - Apuntes de San Luis\" \/>\n<meta property=\"og:description\" content=\"La definici\u00f3n pertenece al secretario de Personas con Discapacidad, Luis Giraudo, al t\u00e9rmino del acto...\" \/>\n<meta property=\"og:url\" content=\"https:\/\/apuntesdesanluis.com\/index.php\/2024\/03\/15\/esta-es-la-mejor-cara-de-la-politica-la-que-es-capaz-de-cambiarle-la-vida-a-las-personas-mas-debiles\/\" \/>\n<meta property=\"og:site_name\" content=\"Apuntes de San Luis\" \/>\n<meta property=\"article:published_time\" content=\"2024-03-15T13:58:29+00:00\" \/>\n<meta property=\"article:modified_time\" content=\"2024-03-16T16:12:17+00:00\" \/>\n<meta property=\"og:image\" content=\"https:\/\/apuntesdesanluis.com\/wp-content\/uploads\/2024\/03\/fraga-grupal.jpg\" \/>\n\t<meta property=\"og:image:width\" content=\"578\" \/>\n\t<meta property=\"og:image:height\" content=\"366\" \/>\n\t<meta property=\"og:image:type\" content=\"image\/jpeg\" \/>\n<meta name=\"author\" content=\"apuntesdesanluis.com\" \/>\n<meta name=\"twitter:card\" content=\"summary_large_image\" \/>\n<meta name=\"twitter:label1\" content=\"Escrito por\" \/>\n\t<meta name=\"twitter:data1\" content=\"apuntesdesanluis.com\" \/>\n\t<meta name=\"twitter:label2\" content=\"Tiempo de lectura\" \/>\n\t<meta name=\"twitter:data2\" content=\"2 minutos\" \/>\n<script type=\"application\/ld+json\" class=\"yoast-schema-graph\">{\"@context\":\"https:\/\/schema.org\",\"@graph\":[{\"@type\":\"Article\",\"@id\":\"https:\/\/apuntesdesanluis.com\/index.php\/2024\/03\/15\/esta-es-la-mejor-cara-de-la-politica-la-que-es-capaz-de-cambiarle-la-vida-a-las-personas-mas-debiles\/#article\",\"isPartOf\":{\"@id\":\"https:\/\/apuntesdesanluis.com\/index.php\/2024\/03\/15\/esta-es-la-mejor-cara-de-la-politica-la-que-es-capaz-de-cambiarle-la-vida-a-las-personas-mas-debiles\/\"},\"author\":{\"name\":\"apuntesdesanluis.com\",\"@id\":\"https:\/\/apuntesdesanluis.com\/#\/schema\/person\/b55151d52296fcce64d1a72538a70b90\"},\"headline\":\"\u201cESTA ES LA MEJOR CARA DE LA POL\u00cdTICA, LA QUE ES CAPAZ DE CAMBIARLE LA VIDA A LAS PERSONAS M\u00c1S D\u00c9BILES\u201d\",\"datePublished\":\"2024-03-15T13:58:29+00:00\",\"dateModified\":\"2024-03-16T16:12:17+00:00\",\"mainEntityOfPage\":{\"@id\":\"https:\/\/apuntesdesanluis.com\/index.php\/2024\/03\/15\/esta-es-la-mejor-cara-de-la-politica-la-que-es-capaz-de-cambiarle-la-vida-a-las-personas-mas-debiles\/\"},\"wordCount\":396,\"publisher\":{\"@id\":\"https:\/\/apuntesdesanluis.com\/#\/schema\/person\/b55151d52296fcce64d1a72538a70b90\"},\"image\":{\"@id\":\"https:\/\/apuntesdesanluis.com\/index.php\/2024\/03\/15\/esta-es-la-mejor-cara-de-la-politica-la-que-es-capaz-de-cambiarle-la-vida-a-las-personas-mas-debiles\/#primaryimage\"},\"thumbnailUrl\":\"https:\/\/apuntesdesanluis.com\/wp-content\/uploads\/2024\/03\/fraga-grupal.jpg\",\"articleSection\":[\"Ciudad\/Provincia\"],\"inLanguage\":\"es-AR\"},{\"@type\":\"WebPage\",\"@id\":\"https:\/\/apuntesdesanluis.com\/index.php\/2024\/03\/15\/esta-es-la-mejor-cara-de-la-politica-la-que-es-capaz-de-cambiarle-la-vida-a-las-personas-mas-debiles\/\",\"url\":\"https:\/\/apuntesdesanluis.com\/index.php\/2024\/03\/15\/esta-es-la-mejor-cara-de-la-politica-la-que-es-capaz-de-cambiarle-la-vida-a-las-personas-mas-debiles\/\",\"name\":\"\u201cESTA ES LA MEJOR CARA DE LA POL\u00cdTICA, LA QUE ES CAPAZ DE CAMBIARLE LA VIDA A LAS PERSONAS M\u00c1S D\u00c9BILES\u201d - Apuntes de San Luis\",\"isPartOf\":{\"@id\":\"https:\/\/apuntesdesanluis.com\/#website\"},\"primaryImageOfPage\":{\"@id\":\"https:\/\/apuntesdesanluis.com\/index.php\/2024\/03\/15\/esta-es-la-mejor-cara-de-la-politica-la-que-es-capaz-de-cambiarle-la-vida-a-las-personas-mas-debiles\/#primaryimage\"},\"image\":{\"@id\":\"https:\/\/apuntesdesanluis.com\/index.php\/2024\/03\/15\/esta-es-la-mejor-cara-de-la-politica-la-que-es-capaz-de-cambiarle-la-vida-a-las-personas-mas-debiles\/#primaryimage\"},\"thumbnailUrl\":\"https:\/\/apuntesdesanluis.com\/wp-content\/uploads\/2024\/03\/fraga-grupal.jpg\",\"datePublished\":\"2024-03-15T13:58:29+00:00\",\"dateModified\":\"2024-03-16T16:12:17+00:00\",\"breadcrumb\":{\"@id\":\"https:\/\/apuntesdesanluis.com\/index.php\/2024\/03\/15\/esta-es-la-mejor-cara-de-la-politica-la-que-es-capaz-de-cambiarle-la-vida-a-las-personas-mas-debiles\/#breadcrumb\"},\"inLanguage\":\"es-AR\",\"potentialAction\":[{\"@type\":\"ReadAction\",\"target\":[\"https:\/\/apuntesdesanluis.com\/index.php\/2024\/03\/15\/esta-es-la-mejor-cara-de-la-politica-la-que-es-capaz-de-cambiarle-la-vida-a-las-personas-mas-debiles\/\"]}]},{\"@type\":\"ImageObject\",\"inLanguage\":\"es-AR\",\"@id\":\"https:\/\/apuntesdesanluis.com\/index.php\/2024\/03\/15\/esta-es-la-mejor-cara-de-la-politica-la-que-es-capaz-de-cambiarle-la-vida-a-las-personas-mas-debiles\/#primaryimage\",\"url\":\"https:\/\/apuntesdesanluis.com\/wp-content\/uploads\/2024\/03\/fraga-grupal.jpg\",\"contentUrl\":\"https:\/\/apuntesdesanluis.com\/wp-content\/uploads\/2024\/03\/fraga-grupal.jpg\",\"width\":578,\"height\":366},{\"@type\":\"BreadcrumbList\",\"@id\":\"https:\/\/apuntesdesanluis.com\/index.php\/2024\/03\/15\/esta-es-la-mejor-cara-de-la-politica-la-que-es-capaz-de-cambiarle-la-vida-a-las-personas-mas-debiles\/#breadcrumb\",\"itemListElement\":[{\"@type\":\"ListItem\",\"position\":1,\"name\":\"Inicio\",\"item\":\"https:\/\/apuntesdesanluis.com\/\"},{\"@type\":\"ListItem\",\"position\":2,\"name\":\"\u201cESTA ES LA MEJOR CARA DE LA POL\u00cdTICA, LA QUE ES CAPAZ DE CAMBIARLE LA VIDA A LAS PERSONAS M\u00c1S D\u00c9BILES\u201d\"}]},{\"@type\":\"WebSite\",\"@id\":\"https:\/\/apuntesdesanluis.com\/#website\",\"url\":\"https:\/\/apuntesdesanluis.com\/\",\"name\":\"Apuntes de San Luis\",\"description\":\"\",\"publisher\":{\"@id\":\"https:\/\/apuntesdesanluis.com\/#\/schema\/person\/b55151d52296fcce64d1a72538a70b90\"},\"potentialAction\":[{\"@type\":\"SearchAction\",\"target\":{\"@type\":\"EntryPoint\",\"urlTemplate\":\"https:\/\/apuntesdesanluis.com\/?s={search_term_string}\"},\"query-input\":{\"@type\":\"PropertyValueSpecification\",\"valueRequired\":true,\"valueName\":\"search_term_string\"}}],\"inLanguage\":\"es-AR\"},{\"@type\":[\"Person\",\"Organization\"],\"@id\":\"https:\/\/apuntesdesanluis.com\/#\/schema\/person\/b55151d52296fcce64d1a72538a70b90\",\"name\":\"apuntesdesanluis.com\",\"image\":{\"@type\":\"ImageObject\",\"inLanguage\":\"es-AR\",\"@id\":\"https:\/\/apuntesdesanluis.com\/#\/schema\/person\/image\/\",\"url\":\"https:\/\/apuntesdesanluis.com\/wp-content\/uploads\/2023\/07\/cropped-apuntesdesanluis.png\",\"contentUrl\":\"https:\/\/apuntesdesanluis.com\/wp-content\/uploads\/2023\/07\/cropped-apuntesdesanluis.png\",\"width\":450,\"height\":112,\"caption\":\"apuntesdesanluis.com\"},\"logo\":{\"@id\":\"https:\/\/apuntesdesanluis.com\/#\/schema\/person\/image\/\"},\"sameAs\":[\"https:\/\/apuntesdesanluis.com\"],\"url\":\"https:\/\/apuntesdesanluis.com\/index.php\/author\/apuntesdesanluis-com\/\"}]}<\/script>\n<!-- \/ Yoast SEO plugin. -->","yoast_head_json":{"title":"\u201cESTA ES LA MEJOR CARA DE LA POL\u00cdTICA, LA QUE ES CAPAZ DE CAMBIARLE LA VIDA A LAS PERSONAS M\u00c1S D\u00c9BILES\u201d - Apuntes de San Luis","robots":{"index":"index","follow":"follow","max-snippet":"max-snippet:-1","max-image-preview":"max-image-preview:large","max-video-preview":"max-video-preview:-1"},"canonical":"https:\/\/apuntesdesanluis.com\/index.php\/2024\/03\/15\/esta-es-la-mejor-cara-de-la-politica-la-que-es-capaz-de-cambiarle-la-vida-a-las-personas-mas-debiles\/","og_locale":"es_ES","og_type":"article","og_title":"\u201cESTA ES LA MEJOR CARA DE LA POL\u00cdTICA, LA QUE ES CAPAZ DE CAMBIARLE LA VIDA A LAS PERSONAS M\u00c1S D\u00c9BILES\u201d - Apuntes de San Luis","og_description":"La definici\u00f3n pertenece al secretario de Personas con Discapacidad, Luis Giraudo, al t\u00e9rmino del acto...","og_url":"https:\/\/apuntesdesanluis.com\/index.php\/2024\/03\/15\/esta-es-la-mejor-cara-de-la-politica-la-que-es-capaz-de-cambiarle-la-vida-a-las-personas-mas-debiles\/","og_site_name":"Apuntes de San Luis","article_published_time":"2024-03-15T13:58:29+00:00","article_modified_time":"2024-03-16T16:12:17+00:00","og_image":[{"width":578,"height":366,"url":"https:\/\/apuntesdesanluis.com\/wp-content\/uploads\/2024\/03\/fraga-grupal.jpg","type":"image\/jpeg"}],"author":"apuntesdesanluis.com","twitter_card":"summary_large_image","twitter_misc":{"Escrito por":"apuntesdesanluis.com","Tiempo de lectura":"2 minutos"},"schema":{"@context":"https:\/\/schema.org","@graph":[{"@type":"Article","@id":"https:\/\/apuntesdesanluis.com\/index.php\/2024\/03\/15\/esta-es-la-mejor-cara-de-la-politica-la-que-es-capaz-de-cambiarle-la-vida-a-las-personas-mas-debiles\/#article","isPartOf":{"@id":"https:\/\/apuntesdesanluis.com\/index.php\/2024\/03\/15\/esta-es-la-mejor-cara-de-la-politica-la-que-es-capaz-de-cambiarle-la-vida-a-las-personas-mas-debiles\/"},"author":{"name":"apuntesdesanluis.com","@id":"https:\/\/apuntesdesanluis.com\/#\/schema\/person\/b55151d52296fcce64d1a72538a70b90"},"headline":"\u201cESTA ES LA MEJOR CARA DE LA POL\u00cdTICA, LA QUE ES CAPAZ DE CAMBIARLE LA VIDA A LAS PERSONAS M\u00c1S D\u00c9BILES\u201d","datePublished":"2024-03-15T13:58:29+00:00","dateModified":"2024-03-16T16:12:17+00:00","mainEntityOfPage":{"@id":"https:\/\/apuntesdesanluis.com\/index.php\/2024\/03\/15\/esta-es-la-mejor-cara-de-la-politica-la-que-es-capaz-de-cambiarle-la-vida-a-las-personas-mas-debiles\/"},"wordCount":396,"publisher":{"@id":"https:\/\/apuntesdesanluis.com\/#\/schema\/person\/b55151d52296fcce64d1a72538a70b90"},"image":{"@id":"https:\/\/apuntesdesanluis.com\/index.php\/2024\/03\/15\/esta-es-la-mejor-cara-de-la-politica-la-que-es-capaz-de-cambiarle-la-vida-a-las-personas-mas-debiles\/#primaryimage"},"thumbnailUrl":"https:\/\/apuntesdesanluis.com\/wp-content\/uploads\/2024\/03\/fraga-grupal.jpg","articleSection":["Ciudad\/Provincia"],"inLanguage":"es-AR"},{"@type":"WebPage","@id":"https:\/\/apuntesdesanluis.com\/index.php\/2024\/03\/15\/esta-es-la-mejor-cara-de-la-politica-la-que-es-capaz-de-cambiarle-la-vida-a-las-personas-mas-debiles\/","url":"https:\/\/apuntesdesanluis.com\/index.php\/2024\/03\/15\/esta-es-la-mejor-cara-de-la-politica-la-que-es-capaz-de-cambiarle-la-vida-a-las-personas-mas-debiles\/","name":"\u201cESTA ES LA MEJOR CARA DE LA POL\u00cdTICA, LA QUE ES CAPAZ DE CAMBIARLE LA VIDA A LAS PERSONAS M\u00c1S D\u00c9BILES\u201d - Apuntes de San Luis","isPartOf":{"@id":"https:\/\/apuntesdesanluis.com\/#website"},"primaryImageOfPage":{"@id":"https:\/\/apuntesdesanluis.com\/index.php\/2024\/03\/15\/esta-es-la-mejor-cara-de-la-politica-la-que-es-capaz-de-cambiarle-la-vida-a-las-personas-mas-debiles\/#primaryimage"},"image":{"@id":"https:\/\/apuntesdesanluis.com\/index.php\/2024\/03\/15\/esta-es-la-mejor-cara-de-la-politica-la-que-es-capaz-de-cambiarle-la-vida-a-las-personas-mas-debiles\/#primaryimage"},"thumbnailUrl":"https:\/\/apuntesdesanluis.com\/wp-content\/uploads\/2024\/03\/fraga-grupal.jpg","datePublished":"2024-03-15T13:58:29+00:00","dateModified":"2024-03-16T16:12:17+00:00","breadcrumb":{"@id":"https:\/\/apuntesdesanluis.com\/index.php\/2024\/03\/15\/esta-es-la-mejor-cara-de-la-politica-la-que-es-capaz-de-cambiarle-la-vida-a-las-personas-mas-debiles\/#breadcrumb"},"inLanguage":"es-AR","potentialAction":[{"@type":"ReadAction","target":["https:\/\/apuntesdesanluis.com\/index.php\/2024\/03\/15\/esta-es-la-mejor-cara-de-la-politica-la-que-es-capaz-de-cambiarle-la-vida-a-las-personas-mas-debiles\/"]}]},{"@type":"ImageObject","inLanguage":"es-AR","@id":"https:\/\/apuntesdesanluis.com\/index.php\/2024\/03\/15\/esta-es-la-mejor-cara-de-la-politica-la-que-es-capaz-de-cambiarle-la-vida-a-las-personas-mas-debiles\/#primaryimage","url":"https:\/\/apuntesdesanluis.com\/wp-content\/uploads\/2024\/03\/fraga-grupal.jpg","contentUrl":"https:\/\/apuntesdesanluis.com\/wp-content\/uploads\/2024\/03\/fraga-grupal.jpg","width":578,"height":366},{"@type":"BreadcrumbList","@id":"https:\/\/apuntesdesanluis.com\/index.php\/2024\/03\/15\/esta-es-la-mejor-cara-de-la-politica-la-que-es-capaz-de-cambiarle-la-vida-a-las-personas-mas-debiles\/#breadcrumb","itemListElement":[{"@type":"ListItem","position":1,"name":"Inicio","item":"https:\/\/apuntesdesanluis.com\/"},{"@type":"ListItem","position":2,"name":"\u201cESTA ES LA MEJOR CARA DE LA POL\u00cdTICA, LA QUE ES CAPAZ DE CAMBIARLE LA VIDA A LAS PERSONAS M\u00c1S D\u00c9BILES\u201d"}]},{"@type":"WebSite","@id":"https:\/\/apuntesdesanluis.com\/#website","url":"https:\/\/apuntesdesanluis.com\/","name":"Apuntes de San Luis","description":"","publisher":{"@id":"https:\/\/apuntesdesanluis.com\/#\/schema\/person\/b55151d52296fcce64d1a72538a70b90"},"potentialAction":[{"@type":"SearchAction","target":{"@type":"EntryPoint","urlTemplate":"https:\/\/apuntesdesanluis.com\/?s={search_term_string}"},"query-input":{"@type":"PropertyValueSpecification","valueRequired":true,"valueName":"search_term_string"}}],"inLanguage":"es-AR"},{"@type":["Person","Organization"],"@id":"https:\/\/apuntesdesanluis.com\/#\/schema\/person\/b55151d52296fcce64d1a72538a70b90","name":"apuntesdesanluis.com","image":{"@type":"ImageObject","inLanguage":"es-AR","@id":"https:\/\/apuntesdesanluis.com\/#\/schema\/person\/image\/","url":"https:\/\/apuntesdesanluis.com\/wp-content\/uploads\/2023\/07\/cropped-apuntesdesanluis.png","contentUrl":"https:\/\/apuntesdesanluis.com\/wp-content\/uploads\/2023\/07\/cropped-apuntesdesanluis.png","width":450,"height":112,"caption":"apuntesdesanluis.com"},"logo":{"@id":"https:\/\/apuntesdesanluis.com\/#\/schema\/person\/image\/"},"sameAs":["https:\/\/apuntesdesanluis.com"],"url":"https:\/\/apuntesdesanluis.com\/index.php\/author\/apuntesdesanluis-com\/"}]}},"featured_image_urls":{"full":["https:\/\/apuntesdesanluis.com\/wp-content\/uploads\/2024\/03\/fraga-grupal.jpg",578,366,false],"thumbnail":["https:\/\/apuntesdesanluis.com\/wp-content\/uploads\/2024\/03\/fraga-grupal-150x150.jpg",150,150,true],"medium":["https:\/\/apuntesdesanluis.com\/wp-content\/uploads\/2024\/03\/fraga-grupal-300x190.jpg",300,190,true],"medium_large":["https:\/\/apuntesdesanluis.com\/wp-content\/uploads\/2024\/03\/fraga-grupal.jpg",578,366,false],"large":["https:\/\/apuntesdesanluis.com\/wp-content\/uploads\/2024\/03\/fraga-grupal.jpg",578,366,false],"1536x1536":["https:\/\/apuntesdesanluis.com\/wp-content\/uploads\/2024\/03\/fraga-grupal.jpg",578,366,false],"2048x2048":["https:\/\/apuntesdesanluis.com\/wp-content\/uploads\/2024\/03\/fraga-grupal.jpg",578,366,false],"newsever-slider-full":["https:\/\/apuntesdesanluis.com\/wp-content\/uploads\/2024\/03\/fraga-grupal.jpg",578,366,false],"newsever-featured":["https:\/\/apuntesdesanluis.com\/wp-content\/uploads\/2024\/03\/fraga-grupal.jpg",578,366,false],"newsever-medium":["https:\/\/apuntesdesanluis.com\/wp-content\/uploads\/2024\/03\/fraga-grupal.jpg",578,366,false]},"author_info":{"display_name":"apuntesdesanluis.com","author_link":"https:\/\/apuntesdesanluis.com\/index.php\/author\/apuntesdesanluis-com\/"},"category_info":"<a href=\"https:\/\/apuntesdesanluis.com\/index.php\/category\/ciudad-provincia\/\" rel=\"category tag\">Ciudad\/Provincia<\/a>","tag_info":"Ciudad\/Provincia","comment_count":"0","_links":{"self":[{"href":"https:\/\/apuntesdesanluis.com\/index.php\/wp-json\/wp\/v2\/posts\/13225","targetHints":{"allow":["GET"]}}],"collection":[{"href":"https:\/\/apuntesdesanluis.com\/index.php\/wp-json\/wp\/v2\/posts"}],"about":[{"href":"https:\/\/apuntesdesanluis.com\/index.php\/wp-json\/wp\/v2\/types\/post"}],"author":[{"embeddable":true,"href":"https:\/\/apuntesdesanluis.com\/index.php\/wp-json\/wp\/v2\/users\/1"}],"replies":[{"embeddable":true,"href":"https:\/\/apuntesdesanluis.com\/index.php\/wp-json\/wp\/v2\/comments?post=13225"}],"version-history":[{"count":2,"href":"https:\/\/apuntesdesanluis.com\/index.php\/wp-json\/wp\/v2\/posts\/13225\/revisions"}],"predecessor-version":[{"id":13235,"href":"https:\/\/apuntesdesanluis.com\/index.php\/wp-json\/wp\/v2\/posts\/13225\/revisions\/13235"}],"wp:featuredmedia":[{"embeddable":true,"href":"https:\/\/apuntesdesanluis.com\/index.php\/wp-json\/wp\/v2\/media\/13232"}],"wp:attachment":[{"href":"https:\/\/apuntesdesanluis.com\/index.php\/wp-json\/wp\/v2\/media?parent=13225"}],"wp:term":[{"taxonomy":"category","embeddable":true,"href":"https:\/\/apuntesdesanluis.com\/index.php\/wp-json\/wp\/v2\/categories?post=13225"},{"taxonomy":"post_tag","embeddable":true,"href":"https:\/\/apuntesdesanluis.com\/index.php\/wp-json\/wp\/v2\/tags?post=13225"}],"curies":[{"name":"wp","href":"https:\/\/api.w.org\/{rel}","templated":true}]}}