{"id":13246,"date":"2024-03-16T22:28:35","date_gmt":"2024-03-17T01:28:35","guid":{"rendered":"https:\/\/apuntesdesanluis.com\/?p=13246"},"modified":"2024-03-16T22:29:23","modified_gmt":"2024-03-17T01:29:23","slug":"una-mujer-fallecio-tras-un-vuelco-en-la-autopista-25-de-mayo","status":"publish","type":"post","link":"https:\/\/apuntesdesanluis.com\/index.php\/2024\/03\/16\/una-mujer-fallecio-tras-un-vuelco-en-la-autopista-25-de-mayo\/","title":{"rendered":"UNA MUJER FALLECI\u00d3 TRAS UN VUELCO EN LA AUTOPISTA 25 DE MAYO"},"content":{"rendered":"<h3>Este s\u00e1bado por la tarde se produjo un accidente de tr\u00e1nsito en la autopista 25 de Mayo, en cercan\u00edas a la ciudad de La Punta.<\/h3>\n<h3>Por razones que se tratan de establecer, un auto Volkswagen Gol volc\u00f3 en ese sector de la autopista y, debido a los golpes, una mujer que iba en el veh\u00edculo falleci\u00f3 en el lugar. La v\u00edctima ten\u00eda 41 a\u00f1os y no se dio a conocer su identidad ni la de sus acompa\u00f1antes.<\/h3>\n<h3>Asimismo, dos hombres (de 46 y 47 a\u00f1os de edad) que tambi\u00e9n viajaban en el auto fueron trasladados por personal m\u00e9dico del SEMPRO al Hospital Central \u201cDr. Ram\u00f3n Carrillo\u201d para su atenci\u00f3n.<\/h3>\n<h3>Por otra parte, en el lugar se trabaj\u00f3 en el corte y ordenamiento del tr\u00e1nsito vehicular para poder llevar a cabo los trabajos correspondientes en cuanto al siniestro.<\/h3>\n<h3>Tom\u00f3 intervenci\u00f3n el fiscal de Instrucci\u00f3n de turno de la Primera Circunscripci\u00f3n Judicial, Dr. Juan Pablo D\u00edaz Estopi\u00f1\u00e1n.<\/h3>\n<p>&nbsp;<\/p>\n<p>&nbsp;<\/p>\n<p>&nbsp;<\/p>\n","protected":false},"excerpt":{"rendered":"<p>Este s\u00e1bado por la tarde se produjo un accidente de tr\u00e1nsito en la autopista 25&#8230;<\/p>\n","protected":false},"author":1,"featured_media":13247,"comment_status":"closed","ping_status":"closed","sticky":false,"template":"","format":"standard","meta":{"footnotes":""},"categories":[6],"tags":[],"class_list":["post-13246","post","type-post","status-publish","format-standard","has-post-thumbnail","hentry","category-ciudad-provincia"],"yoast_head":"<!-- This site is optimized with the Yoast SEO plugin v26.1.1 - https:\/\/yoast.com\/wordpress\/plugins\/seo\/ -->\n<title>UNA MUJER FALLECI\u00d3 TRAS UN VUELCO EN LA AUTOPISTA 25 DE MAYO - Apuntes de San Luis<\/title>\n<meta name=\"robots\" content=\"index, follow, max-snippet:-1, max-image-preview:large, max-video-preview:-1\" \/>\n<link rel=\"canonical\" href=\"https:\/\/apuntesdesanluis.com\/index.php\/2024\/03\/16\/una-mujer-fallecio-tras-un-vuelco-en-la-autopista-25-de-mayo\/\" \/>\n<meta property=\"og:locale\" content=\"es_ES\" \/>\n<meta property=\"og:type\" content=\"article\" \/>\n<meta property=\"og:title\" content=\"UNA MUJER FALLECI\u00d3 TRAS UN VUELCO EN LA AUTOPISTA 25 DE MAYO - Apuntes de San Luis\" \/>\n<meta property=\"og:description\" content=\"Este s\u00e1bado por la tarde se produjo un accidente de tr\u00e1nsito en la autopista 25...\" \/>\n<meta property=\"og:url\" content=\"https:\/\/apuntesdesanluis.com\/index.php\/2024\/03\/16\/una-mujer-fallecio-tras-un-vuelco-en-la-autopista-25-de-mayo\/\" \/>\n<meta property=\"og:site_name\" content=\"Apuntes de San Luis\" \/>\n<meta property=\"article:published_time\" content=\"2024-03-17T01:28:35+00:00\" \/>\n<meta property=\"article:modified_time\" content=\"2024-03-17T01:29:23+00:00\" \/>\n<meta property=\"og:image\" content=\"https:\/\/apuntesdesanluis.com\/wp-content\/uploads\/2024\/03\/auto-volcado.jpg\" \/>\n\t<meta property=\"og:image:width\" content=\"535\" \/>\n\t<meta property=\"og:image:height\" content=\"383\" \/>\n\t<meta property=\"og:image:type\" content=\"image\/jpeg\" \/>\n<meta name=\"author\" content=\"apuntesdesanluis.com\" \/>\n<meta name=\"twitter:card\" content=\"summary_large_image\" \/>\n<meta name=\"twitter:label1\" content=\"Escrito por\" \/>\n\t<meta name=\"twitter:data1\" content=\"apuntesdesanluis.com\" \/>\n\t<meta name=\"twitter:label2\" content=\"Tiempo de lectura\" \/>\n\t<meta name=\"twitter:data2\" content=\"1 minuto\" \/>\n<script type=\"application\/ld+json\" class=\"yoast-schema-graph\">{\"@context\":\"https:\/\/schema.org\",\"@graph\":[{\"@type\":\"Article\",\"@id\":\"https:\/\/apuntesdesanluis.com\/index.php\/2024\/03\/16\/una-mujer-fallecio-tras-un-vuelco-en-la-autopista-25-de-mayo\/#article\",\"isPartOf\":{\"@id\":\"https:\/\/apuntesdesanluis.com\/index.php\/2024\/03\/16\/una-mujer-fallecio-tras-un-vuelco-en-la-autopista-25-de-mayo\/\"},\"author\":{\"name\":\"apuntesdesanluis.com\",\"@id\":\"https:\/\/apuntesdesanluis.com\/#\/schema\/person\/b55151d52296fcce64d1a72538a70b90\"},\"headline\":\"UNA MUJER FALLECI\u00d3 TRAS UN VUELCO EN LA AUTOPISTA 25 DE MAYO\",\"datePublished\":\"2024-03-17T01:28:35+00:00\",\"dateModified\":\"2024-03-17T01:29:23+00:00\",\"mainEntityOfPage\":{\"@id\":\"https:\/\/apuntesdesanluis.com\/index.php\/2024\/03\/16\/una-mujer-fallecio-tras-un-vuelco-en-la-autopista-25-de-mayo\/\"},\"wordCount\":184,\"publisher\":{\"@id\":\"https:\/\/apuntesdesanluis.com\/#\/schema\/person\/b55151d52296fcce64d1a72538a70b90\"},\"image\":{\"@id\":\"https:\/\/apuntesdesanluis.com\/index.php\/2024\/03\/16\/una-mujer-fallecio-tras-un-vuelco-en-la-autopista-25-de-mayo\/#primaryimage\"},\"thumbnailUrl\":\"https:\/\/apuntesdesanluis.com\/wp-content\/uploads\/2024\/03\/auto-volcado.jpg\",\"articleSection\":[\"Ciudad\/Provincia\"],\"inLanguage\":\"es-AR\"},{\"@type\":\"WebPage\",\"@id\":\"https:\/\/apuntesdesanluis.com\/index.php\/2024\/03\/16\/una-mujer-fallecio-tras-un-vuelco-en-la-autopista-25-de-mayo\/\",\"url\":\"https:\/\/apuntesdesanluis.com\/index.php\/2024\/03\/16\/una-mujer-fallecio-tras-un-vuelco-en-la-autopista-25-de-mayo\/\",\"name\":\"UNA MUJER FALLECI\u00d3 TRAS UN VUELCO EN LA AUTOPISTA 25 DE MAYO - Apuntes de San Luis\",\"isPartOf\":{\"@id\":\"https:\/\/apuntesdesanluis.com\/#website\"},\"primaryImageOfPage\":{\"@id\":\"https:\/\/apuntesdesanluis.com\/index.php\/2024\/03\/16\/una-mujer-fallecio-tras-un-vuelco-en-la-autopista-25-de-mayo\/#primaryimage\"},\"image\":{\"@id\":\"https:\/\/apuntesdesanluis.com\/index.php\/2024\/03\/16\/una-mujer-fallecio-tras-un-vuelco-en-la-autopista-25-de-mayo\/#primaryimage\"},\"thumbnailUrl\":\"https:\/\/apuntesdesanluis.com\/wp-content\/uploads\/2024\/03\/auto-volcado.jpg\",\"datePublished\":\"2024-03-17T01:28:35+00:00\",\"dateModified\":\"2024-03-17T01:29:23+00:00\",\"breadcrumb\":{\"@id\":\"https:\/\/apuntesdesanluis.com\/index.php\/2024\/03\/16\/una-mujer-fallecio-tras-un-vuelco-en-la-autopista-25-de-mayo\/#breadcrumb\"},\"inLanguage\":\"es-AR\",\"potentialAction\":[{\"@type\":\"ReadAction\",\"target\":[\"https:\/\/apuntesdesanluis.com\/index.php\/2024\/03\/16\/una-mujer-fallecio-tras-un-vuelco-en-la-autopista-25-de-mayo\/\"]}]},{\"@type\":\"ImageObject\",\"inLanguage\":\"es-AR\",\"@id\":\"https:\/\/apuntesdesanluis.com\/index.php\/2024\/03\/16\/una-mujer-fallecio-tras-un-vuelco-en-la-autopista-25-de-mayo\/#primaryimage\",\"url\":\"https:\/\/apuntesdesanluis.com\/wp-content\/uploads\/2024\/03\/auto-volcado.jpg\",\"contentUrl\":\"https:\/\/apuntesdesanluis.com\/wp-content\/uploads\/2024\/03\/auto-volcado.jpg\",\"width\":535,\"height\":383},{\"@type\":\"BreadcrumbList\",\"@id\":\"https:\/\/apuntesdesanluis.com\/index.php\/2024\/03\/16\/una-mujer-fallecio-tras-un-vuelco-en-la-autopista-25-de-mayo\/#breadcrumb\",\"itemListElement\":[{\"@type\":\"ListItem\",\"position\":1,\"name\":\"Inicio\",\"item\":\"https:\/\/apuntesdesanluis.com\/\"},{\"@type\":\"ListItem\",\"position\":2,\"name\":\"UNA MUJER FALLECI\u00d3 TRAS UN VUELCO EN LA AUTOPISTA 25 DE MAYO\"}]},{\"@type\":\"WebSite\",\"@id\":\"https:\/\/apuntesdesanluis.com\/#website\",\"url\":\"https:\/\/apuntesdesanluis.com\/\",\"name\":\"Apuntes de San Luis\",\"description\":\"\",\"publisher\":{\"@id\":\"https:\/\/apuntesdesanluis.com\/#\/schema\/person\/b55151d52296fcce64d1a72538a70b90\"},\"potentialAction\":[{\"@type\":\"SearchAction\",\"target\":{\"@type\":\"EntryPoint\",\"urlTemplate\":\"https:\/\/apuntesdesanluis.com\/?s={search_term_string}\"},\"query-input\":{\"@type\":\"PropertyValueSpecification\",\"valueRequired\":true,\"valueName\":\"search_term_string\"}}],\"inLanguage\":\"es-AR\"},{\"@type\":[\"Person\",\"Organization\"],\"@id\":\"https:\/\/apuntesdesanluis.com\/#\/schema\/person\/b55151d52296fcce64d1a72538a70b90\",\"name\":\"apuntesdesanluis.com\",\"image\":{\"@type\":\"ImageObject\",\"inLanguage\":\"es-AR\",\"@id\":\"https:\/\/apuntesdesanluis.com\/#\/schema\/person\/image\/\",\"url\":\"https:\/\/apuntesdesanluis.com\/wp-content\/uploads\/2023\/07\/cropped-apuntesdesanluis.png\",\"contentUrl\":\"https:\/\/apuntesdesanluis.com\/wp-content\/uploads\/2023\/07\/cropped-apuntesdesanluis.png\",\"width\":450,\"height\":112,\"caption\":\"apuntesdesanluis.com\"},\"logo\":{\"@id\":\"https:\/\/apuntesdesanluis.com\/#\/schema\/person\/image\/\"},\"sameAs\":[\"https:\/\/apuntesdesanluis.com\"],\"url\":\"https:\/\/apuntesdesanluis.com\/index.php\/author\/apuntesdesanluis-com\/\"}]}<\/script>\n<!-- \/ Yoast SEO plugin. -->","yoast_head_json":{"title":"UNA MUJER FALLECI\u00d3 TRAS UN VUELCO EN LA AUTOPISTA 25 DE MAYO - Apuntes de San Luis","robots":{"index":"index","follow":"follow","max-snippet":"max-snippet:-1","max-image-preview":"max-image-preview:large","max-video-preview":"max-video-preview:-1"},"canonical":"https:\/\/apuntesdesanluis.com\/index.php\/2024\/03\/16\/una-mujer-fallecio-tras-un-vuelco-en-la-autopista-25-de-mayo\/","og_locale":"es_ES","og_type":"article","og_title":"UNA MUJER FALLECI\u00d3 TRAS UN VUELCO EN LA AUTOPISTA 25 DE MAYO - Apuntes de San Luis","og_description":"Este s\u00e1bado por la tarde se produjo un accidente de tr\u00e1nsito en la autopista 25...","og_url":"https:\/\/apuntesdesanluis.com\/index.php\/2024\/03\/16\/una-mujer-fallecio-tras-un-vuelco-en-la-autopista-25-de-mayo\/","og_site_name":"Apuntes de San Luis","article_published_time":"2024-03-17T01:28:35+00:00","article_modified_time":"2024-03-17T01:29:23+00:00","og_image":[{"width":535,"height":383,"url":"https:\/\/apuntesdesanluis.com\/wp-content\/uploads\/2024\/03\/auto-volcado.jpg","type":"image\/jpeg"}],"author":"apuntesdesanluis.com","twitter_card":"summary_large_image","twitter_misc":{"Escrito por":"apuntesdesanluis.com","Tiempo de lectura":"1 minuto"},"schema":{"@context":"https:\/\/schema.org","@graph":[{"@type":"Article","@id":"https:\/\/apuntesdesanluis.com\/index.php\/2024\/03\/16\/una-mujer-fallecio-tras-un-vuelco-en-la-autopista-25-de-mayo\/#article","isPartOf":{"@id":"https:\/\/apuntesdesanluis.com\/index.php\/2024\/03\/16\/una-mujer-fallecio-tras-un-vuelco-en-la-autopista-25-de-mayo\/"},"author":{"name":"apuntesdesanluis.com","@id":"https:\/\/apuntesdesanluis.com\/#\/schema\/person\/b55151d52296fcce64d1a72538a70b90"},"headline":"UNA MUJER FALLECI\u00d3 TRAS UN VUELCO EN LA AUTOPISTA 25 DE MAYO","datePublished":"2024-03-17T01:28:35+00:00","dateModified":"2024-03-17T01:29:23+00:00","mainEntityOfPage":{"@id":"https:\/\/apuntesdesanluis.com\/index.php\/2024\/03\/16\/una-mujer-fallecio-tras-un-vuelco-en-la-autopista-25-de-mayo\/"},"wordCount":184,"publisher":{"@id":"https:\/\/apuntesdesanluis.com\/#\/schema\/person\/b55151d52296fcce64d1a72538a70b90"},"image":{"@id":"https:\/\/apuntesdesanluis.com\/index.php\/2024\/03\/16\/una-mujer-fallecio-tras-un-vuelco-en-la-autopista-25-de-mayo\/#primaryimage"},"thumbnailUrl":"https:\/\/apuntesdesanluis.com\/wp-content\/uploads\/2024\/03\/auto-volcado.jpg","articleSection":["Ciudad\/Provincia"],"inLanguage":"es-AR"},{"@type":"WebPage","@id":"https:\/\/apuntesdesanluis.com\/index.php\/2024\/03\/16\/una-mujer-fallecio-tras-un-vuelco-en-la-autopista-25-de-mayo\/","url":"https:\/\/apuntesdesanluis.com\/index.php\/2024\/03\/16\/una-mujer-fallecio-tras-un-vuelco-en-la-autopista-25-de-mayo\/","name":"UNA MUJER FALLECI\u00d3 TRAS UN VUELCO EN LA AUTOPISTA 25 DE MAYO - Apuntes de San Luis","isPartOf":{"@id":"https:\/\/apuntesdesanluis.com\/#website"},"primaryImageOfPage":{"@id":"https:\/\/apuntesdesanluis.com\/index.php\/2024\/03\/16\/una-mujer-fallecio-tras-un-vuelco-en-la-autopista-25-de-mayo\/#primaryimage"},"image":{"@id":"https:\/\/apuntesdesanluis.com\/index.php\/2024\/03\/16\/una-mujer-fallecio-tras-un-vuelco-en-la-autopista-25-de-mayo\/#primaryimage"},"thumbnailUrl":"https:\/\/apuntesdesanluis.com\/wp-content\/uploads\/2024\/03\/auto-volcado.jpg","datePublished":"2024-03-17T01:28:35+00:00","dateModified":"2024-03-17T01:29:23+00:00","breadcrumb":{"@id":"https:\/\/apuntesdesanluis.com\/index.php\/2024\/03\/16\/una-mujer-fallecio-tras-un-vuelco-en-la-autopista-25-de-mayo\/#breadcrumb"},"inLanguage":"es-AR","potentialAction":[{"@type":"ReadAction","target":["https:\/\/apuntesdesanluis.com\/index.php\/2024\/03\/16\/una-mujer-fallecio-tras-un-vuelco-en-la-autopista-25-de-mayo\/"]}]},{"@type":"ImageObject","inLanguage":"es-AR","@id":"https:\/\/apuntesdesanluis.com\/index.php\/2024\/03\/16\/una-mujer-fallecio-tras-un-vuelco-en-la-autopista-25-de-mayo\/#primaryimage","url":"https:\/\/apuntesdesanluis.com\/wp-content\/uploads\/2024\/03\/auto-volcado.jpg","contentUrl":"https:\/\/apuntesdesanluis.com\/wp-content\/uploads\/2024\/03\/auto-volcado.jpg","width":535,"height":383},{"@type":"BreadcrumbList","@id":"https:\/\/apuntesdesanluis.com\/index.php\/2024\/03\/16\/una-mujer-fallecio-tras-un-vuelco-en-la-autopista-25-de-mayo\/#breadcrumb","itemListElement":[{"@type":"ListItem","position":1,"name":"Inicio","item":"https:\/\/apuntesdesanluis.com\/"},{"@type":"ListItem","position":2,"name":"UNA MUJER FALLECI\u00d3 TRAS UN VUELCO EN LA AUTOPISTA 25 DE MAYO"}]},{"@type":"WebSite","@id":"https:\/\/apuntesdesanluis.com\/#website","url":"https:\/\/apuntesdesanluis.com\/","name":"Apuntes de San Luis","description":"","publisher":{"@id":"https:\/\/apuntesdesanluis.com\/#\/schema\/person\/b55151d52296fcce64d1a72538a70b90"},"potentialAction":[{"@type":"SearchAction","target":{"@type":"EntryPoint","urlTemplate":"https:\/\/apuntesdesanluis.com\/?s={search_term_string}"},"query-input":{"@type":"PropertyValueSpecification","valueRequired":true,"valueName":"search_term_string"}}],"inLanguage":"es-AR"},{"@type":["Person","Organization"],"@id":"https:\/\/apuntesdesanluis.com\/#\/schema\/person\/b55151d52296fcce64d1a72538a70b90","name":"apuntesdesanluis.com","image":{"@type":"ImageObject","inLanguage":"es-AR","@id":"https:\/\/apuntesdesanluis.com\/#\/schema\/person\/image\/","url":"https:\/\/apuntesdesanluis.com\/wp-content\/uploads\/2023\/07\/cropped-apuntesdesanluis.png","contentUrl":"https:\/\/apuntesdesanluis.com\/wp-content\/uploads\/2023\/07\/cropped-apuntesdesanluis.png","width":450,"height":112,"caption":"apuntesdesanluis.com"},"logo":{"@id":"https:\/\/apuntesdesanluis.com\/#\/schema\/person\/image\/"},"sameAs":["https:\/\/apuntesdesanluis.com"],"url":"https:\/\/apuntesdesanluis.com\/index.php\/author\/apuntesdesanluis-com\/"}]}},"featured_image_urls":{"full":["https:\/\/apuntesdesanluis.com\/wp-content\/uploads\/2024\/03\/auto-volcado.jpg",535,383,false],"thumbnail":["https:\/\/apuntesdesanluis.com\/wp-content\/uploads\/2024\/03\/auto-volcado-150x150.jpg",150,150,true],"medium":["https:\/\/apuntesdesanluis.com\/wp-content\/uploads\/2024\/03\/auto-volcado-300x215.jpg",300,215,true],"medium_large":["https:\/\/apuntesdesanluis.com\/wp-content\/uploads\/2024\/03\/auto-volcado.jpg",535,383,false],"large":["https:\/\/apuntesdesanluis.com\/wp-content\/uploads\/2024\/03\/auto-volcado.jpg",535,383,false],"1536x1536":["https:\/\/apuntesdesanluis.com\/wp-content\/uploads\/2024\/03\/auto-volcado.jpg",535,383,false],"2048x2048":["https:\/\/apuntesdesanluis.com\/wp-content\/uploads\/2024\/03\/auto-volcado.jpg",535,383,false],"newsever-slider-full":["https:\/\/apuntesdesanluis.com\/wp-content\/uploads\/2024\/03\/auto-volcado.jpg",535,383,false],"newsever-featured":["https:\/\/apuntesdesanluis.com\/wp-content\/uploads\/2024\/03\/auto-volcado.jpg",535,383,false],"newsever-medium":["https:\/\/apuntesdesanluis.com\/wp-content\/uploads\/2024\/03\/auto-volcado.jpg",535,383,false]},"author_info":{"display_name":"apuntesdesanluis.com","author_link":"https:\/\/apuntesdesanluis.com\/index.php\/author\/apuntesdesanluis-com\/"},"category_info":"<a href=\"https:\/\/apuntesdesanluis.com\/index.php\/category\/ciudad-provincia\/\" rel=\"category tag\">Ciudad\/Provincia<\/a>","tag_info":"Ciudad\/Provincia","comment_count":"0","_links":{"self":[{"href":"https:\/\/apuntesdesanluis.com\/index.php\/wp-json\/wp\/v2\/posts\/13246","targetHints":{"allow":["GET"]}}],"collection":[{"href":"https:\/\/apuntesdesanluis.com\/index.php\/wp-json\/wp\/v2\/posts"}],"about":[{"href":"https:\/\/apuntesdesanluis.com\/index.php\/wp-json\/wp\/v2\/types\/post"}],"author":[{"embeddable":true,"href":"https:\/\/apuntesdesanluis.com\/index.php\/wp-json\/wp\/v2\/users\/1"}],"replies":[{"embeddable":true,"href":"https:\/\/apuntesdesanluis.com\/index.php\/wp-json\/wp\/v2\/comments?post=13246"}],"version-history":[{"count":2,"href":"https:\/\/apuntesdesanluis.com\/index.php\/wp-json\/wp\/v2\/posts\/13246\/revisions"}],"predecessor-version":[{"id":13249,"href":"https:\/\/apuntesdesanluis.com\/index.php\/wp-json\/wp\/v2\/posts\/13246\/revisions\/13249"}],"wp:featuredmedia":[{"embeddable":true,"href":"https:\/\/apuntesdesanluis.com\/index.php\/wp-json\/wp\/v2\/media\/13247"}],"wp:attachment":[{"href":"https:\/\/apuntesdesanluis.com\/index.php\/wp-json\/wp\/v2\/media?parent=13246"}],"wp:term":[{"taxonomy":"category","embeddable":true,"href":"https:\/\/apuntesdesanluis.com\/index.php\/wp-json\/wp\/v2\/categories?post=13246"},{"taxonomy":"post_tag","embeddable":true,"href":"https:\/\/apuntesdesanluis.com\/index.php\/wp-json\/wp\/v2\/tags?post=13246"}],"curies":[{"name":"wp","href":"https:\/\/api.w.org\/{rel}","templated":true}]}}