{"id":13261,"date":"2024-03-16T23:22:22","date_gmt":"2024-03-17T02:22:22","guid":{"rendered":"https:\/\/apuntesdesanluis.com\/?p=13261"},"modified":"2024-03-16T23:22:22","modified_gmt":"2024-03-17T02:22:22","slug":"karina-milei-echo-al-jefe-de-la-casa-militar-porque-sospechaba-que-espiaba-para-macri","status":"publish","type":"post","link":"https:\/\/apuntesdesanluis.com\/index.php\/2024\/03\/16\/karina-milei-echo-al-jefe-de-la-casa-militar-porque-sospechaba-que-espiaba-para-macri\/","title":{"rendered":"KARINA MILEI ECH\u00d3 AL JEFE DE LA CASA MILITAR, PORQUE SOSPECHABA QUE ESPIABA PARA MACRI"},"content":{"rendered":"<h3>El coronel Sebasti\u00e1n Ignacio Ib\u00e1\u00f1ez es el nuevo jefe de la Casa Militar. Suceder\u00e1 a Alejandro Guglielmi, quien fue sorpresivamente echado del \u00f3rgano mixto de militares y civiles que se encarga de la seguridad presidencial, la Casa Rosada y la Residencia Oficial de Olivos.<\/h3>\n<h3>Guglielmi hab\u00eda llegado al cargo durante la administraci\u00f3n de Mauricio Macri y se mantuvo tambi\u00e9n durante los cuatro a\u00f1os de Alberto Fern\u00e1ndez.<\/h3>\n<h3>Su desplazamiento trascendi\u00f3 este viernes en Casa Rosada pero a\u00fan no se hab\u00eda comunicado la noticia de manera oficial. Por ende, tampoco se sab\u00eda el nombre del militar que lo suceder\u00e1 en el cargo.<\/h3>\n<p><img fetchpriority=\"high\" decoding=\"async\" class=\"wp-image-13263 aligncenter\" src=\"https:\/\/apuntesdesanluis.com\/wp-content\/uploads\/2024\/03\/823875-whatsapp-20image-202024-03-15-20at-2018-04-57-300x192.jpg\" alt=\"\" width=\"763\" height=\"488\" srcset=\"https:\/\/apuntesdesanluis.com\/wp-content\/uploads\/2024\/03\/823875-whatsapp-20image-202024-03-15-20at-2018-04-57-300x192.jpg 300w, https:\/\/apuntesdesanluis.com\/wp-content\/uploads\/2024\/03\/823875-whatsapp-20image-202024-03-15-20at-2018-04-57.jpg 527w\" sizes=\"(max-width: 763px) 100vw, 763px\" \/><\/p>\n<h4 style=\"text-align: center;\"><em>Alejandro Guglielmi, el encargado de la custodia presidencial echado por sospechas de espionaje.<\/em><\/h4>\n<h3>La Casa Militar est\u00e1 bajo la \u00f3rbita de la Secretar\u00eda General de la Presidencia, a cargo de la hermana del jefe de Estado, Karina Milei. Al parecer, la funcionaria habr\u00eda tenido algunos roces con Guglielmi, lo que deriv\u00f3 en su remoci\u00f3n.<\/h3>\n<h3>La Casa Militar tiene bajo su mando, en la \u00f3rbita del Poder Ejecutivo, el cuidado de las sedes presidenciales -tanto la Casa Rosada como la Quinta presidencial de Olivos- con apoyo en el Regimiento de Granaderos a Caballo del Ej\u00e9rcito, con un edec\u00e1n de Ej\u00e9rcito, naval, aeron\u00e1utico, de la agrupaci\u00f3n t\u00e9cnica y de Seguridad e Inteligencia.<\/h3>\n<h3><strong>SOSPECHAS PALACIEGAS<\/strong><\/h3>\n<h3>Karina Milei, la secretaria general de la Presidencia que tiene bajo su \u00f3rbita la Casa Militar, desplaz\u00f3 sorpresivamente a Guglielmi, el coronel de Caballer\u00eda que estaba en el cargo hac\u00eda varios a\u00f1os.<\/h3>\n<h3>Seg\u00fan trascendi\u00f3, el jefe de gabinete <strong>Nicol\u00e1s Posse<\/strong>, fue quien le sugiri\u00f3 a la hermana del presidente que deb\u00eda echar a Guglielmi.<\/h3>\n<h3>Posse sospecha que <strong>Mauricio Macri<\/strong> recib\u00eda de Casa Militar la informaci\u00f3n de todos los encuentros y visitas a la Rosada y Olivos. Las sospechas entre Posse y Macri son mutuas, toda vez que este \u00faltimo est\u00e1 convencido que el jefe de gabinete lo esp\u00eda a \u00e9l y a sus funcionarios.<\/h3>\n<h3>Es conocida la adicci\u00f3n de Macri por el espionaje, una faceta oscura que lo persigui\u00f3 a lo largo de toda su carrera pol\u00edtica.<\/h3>\n<h3>Se sabe que Milei es muy celoso de su custodia y usa un chaleco antibalas en todo momento. Por eso viste una campera de cuero por m\u00e1s que la temperatura sea superior a los 30 grados y somete a sus funcionarios a un aire acondicionado que hiela los huesos.<\/h3>\n<p>&nbsp;<\/p>\n<p>&nbsp;<\/p>\n<p>&nbsp;<\/p>\n<p>&nbsp;<\/p>\n<p>&nbsp;<\/p>\n<p>&nbsp;<\/p>\n<p>&nbsp;<\/p>\n<p>&nbsp;<\/p>\n<p>&nbsp;<\/p>\n","protected":false},"excerpt":{"rendered":"<p>El coronel Sebasti\u00e1n Ignacio Ib\u00e1\u00f1ez es el nuevo jefe de la Casa Militar. Suceder\u00e1 a&#8230;<\/p>\n","protected":false},"author":1,"featured_media":13262,"comment_status":"closed","ping_status":"closed","sticky":false,"template":"","format":"standard","meta":{"footnotes":""},"categories":[5],"tags":[],"class_list":["post-13261","post","type-post","status-publish","format-standard","has-post-thumbnail","hentry","category-nacionales-internacionales"],"yoast_head":"<!-- This site is optimized with the Yoast SEO plugin v26.1.1 - https:\/\/yoast.com\/wordpress\/plugins\/seo\/ -->\n<title>KARINA MILEI ECH\u00d3 AL JEFE DE LA CASA MILITAR, PORQUE SOSPECHABA QUE ESPIABA PARA MACRI - Apuntes de San Luis<\/title>\n<meta name=\"robots\" content=\"index, follow, max-snippet:-1, max-image-preview:large, max-video-preview:-1\" \/>\n<link rel=\"canonical\" href=\"https:\/\/apuntesdesanluis.com\/index.php\/2024\/03\/16\/karina-milei-echo-al-jefe-de-la-casa-militar-porque-sospechaba-que-espiaba-para-macri\/\" \/>\n<meta property=\"og:locale\" content=\"es_ES\" \/>\n<meta property=\"og:type\" content=\"article\" \/>\n<meta property=\"og:title\" content=\"KARINA MILEI ECH\u00d3 AL JEFE DE LA CASA MILITAR, PORQUE SOSPECHABA QUE ESPIABA PARA MACRI - Apuntes de San Luis\" \/>\n<meta property=\"og:description\" content=\"El coronel Sebasti\u00e1n Ignacio Ib\u00e1\u00f1ez es el nuevo jefe de la Casa Militar. Suceder\u00e1 a...\" \/>\n<meta property=\"og:url\" content=\"https:\/\/apuntesdesanluis.com\/index.php\/2024\/03\/16\/karina-milei-echo-al-jefe-de-la-casa-militar-porque-sospechaba-que-espiaba-para-macri\/\" \/>\n<meta property=\"og:site_name\" content=\"Apuntes de San Luis\" \/>\n<meta property=\"article:published_time\" content=\"2024-03-17T02:22:22+00:00\" \/>\n<meta property=\"og:image\" content=\"https:\/\/apuntesdesanluis.com\/wp-content\/uploads\/2024\/03\/karina.png\" \/>\n\t<meta property=\"og:image:width\" content=\"1552\" \/>\n\t<meta property=\"og:image:height\" content=\"949\" \/>\n\t<meta property=\"og:image:type\" content=\"image\/png\" \/>\n<meta name=\"author\" content=\"apuntesdesanluis.com\" \/>\n<meta name=\"twitter:card\" content=\"summary_large_image\" \/>\n<meta name=\"twitter:label1\" content=\"Escrito por\" \/>\n\t<meta name=\"twitter:data1\" content=\"apuntesdesanluis.com\" \/>\n\t<meta name=\"twitter:label2\" content=\"Tiempo de lectura\" \/>\n\t<meta name=\"twitter:data2\" content=\"2 minutos\" \/>\n<script type=\"application\/ld+json\" class=\"yoast-schema-graph\">{\"@context\":\"https:\/\/schema.org\",\"@graph\":[{\"@type\":\"Article\",\"@id\":\"https:\/\/apuntesdesanluis.com\/index.php\/2024\/03\/16\/karina-milei-echo-al-jefe-de-la-casa-militar-porque-sospechaba-que-espiaba-para-macri\/#article\",\"isPartOf\":{\"@id\":\"https:\/\/apuntesdesanluis.com\/index.php\/2024\/03\/16\/karina-milei-echo-al-jefe-de-la-casa-militar-porque-sospechaba-que-espiaba-para-macri\/\"},\"author\":{\"name\":\"apuntesdesanluis.com\",\"@id\":\"https:\/\/apuntesdesanluis.com\/#\/schema\/person\/b55151d52296fcce64d1a72538a70b90\"},\"headline\":\"KARINA MILEI ECH\u00d3 AL JEFE DE LA CASA MILITAR, PORQUE SOSPECHABA QUE ESPIABA PARA MACRI\",\"datePublished\":\"2024-03-17T02:22:22+00:00\",\"mainEntityOfPage\":{\"@id\":\"https:\/\/apuntesdesanluis.com\/index.php\/2024\/03\/16\/karina-milei-echo-al-jefe-de-la-casa-militar-porque-sospechaba-que-espiaba-para-macri\/\"},\"wordCount\":442,\"publisher\":{\"@id\":\"https:\/\/apuntesdesanluis.com\/#\/schema\/person\/b55151d52296fcce64d1a72538a70b90\"},\"image\":{\"@id\":\"https:\/\/apuntesdesanluis.com\/index.php\/2024\/03\/16\/karina-milei-echo-al-jefe-de-la-casa-militar-porque-sospechaba-que-espiaba-para-macri\/#primaryimage\"},\"thumbnailUrl\":\"https:\/\/apuntesdesanluis.com\/wp-content\/uploads\/2024\/03\/karina.png\",\"articleSection\":[\"Nacionales\/Internacionales\"],\"inLanguage\":\"es-AR\"},{\"@type\":\"WebPage\",\"@id\":\"https:\/\/apuntesdesanluis.com\/index.php\/2024\/03\/16\/karina-milei-echo-al-jefe-de-la-casa-militar-porque-sospechaba-que-espiaba-para-macri\/\",\"url\":\"https:\/\/apuntesdesanluis.com\/index.php\/2024\/03\/16\/karina-milei-echo-al-jefe-de-la-casa-militar-porque-sospechaba-que-espiaba-para-macri\/\",\"name\":\"KARINA MILEI ECH\u00d3 AL JEFE DE LA CASA MILITAR, PORQUE SOSPECHABA QUE ESPIABA PARA MACRI - Apuntes de San Luis\",\"isPartOf\":{\"@id\":\"https:\/\/apuntesdesanluis.com\/#website\"},\"primaryImageOfPage\":{\"@id\":\"https:\/\/apuntesdesanluis.com\/index.php\/2024\/03\/16\/karina-milei-echo-al-jefe-de-la-casa-militar-porque-sospechaba-que-espiaba-para-macri\/#primaryimage\"},\"image\":{\"@id\":\"https:\/\/apuntesdesanluis.com\/index.php\/2024\/03\/16\/karina-milei-echo-al-jefe-de-la-casa-militar-porque-sospechaba-que-espiaba-para-macri\/#primaryimage\"},\"thumbnailUrl\":\"https:\/\/apuntesdesanluis.com\/wp-content\/uploads\/2024\/03\/karina.png\",\"datePublished\":\"2024-03-17T02:22:22+00:00\",\"breadcrumb\":{\"@id\":\"https:\/\/apuntesdesanluis.com\/index.php\/2024\/03\/16\/karina-milei-echo-al-jefe-de-la-casa-militar-porque-sospechaba-que-espiaba-para-macri\/#breadcrumb\"},\"inLanguage\":\"es-AR\",\"potentialAction\":[{\"@type\":\"ReadAction\",\"target\":[\"https:\/\/apuntesdesanluis.com\/index.php\/2024\/03\/16\/karina-milei-echo-al-jefe-de-la-casa-militar-porque-sospechaba-que-espiaba-para-macri\/\"]}]},{\"@type\":\"ImageObject\",\"inLanguage\":\"es-AR\",\"@id\":\"https:\/\/apuntesdesanluis.com\/index.php\/2024\/03\/16\/karina-milei-echo-al-jefe-de-la-casa-militar-porque-sospechaba-que-espiaba-para-macri\/#primaryimage\",\"url\":\"https:\/\/apuntesdesanluis.com\/wp-content\/uploads\/2024\/03\/karina.png\",\"contentUrl\":\"https:\/\/apuntesdesanluis.com\/wp-content\/uploads\/2024\/03\/karina.png\",\"width\":1552,\"height\":949},{\"@type\":\"BreadcrumbList\",\"@id\":\"https:\/\/apuntesdesanluis.com\/index.php\/2024\/03\/16\/karina-milei-echo-al-jefe-de-la-casa-militar-porque-sospechaba-que-espiaba-para-macri\/#breadcrumb\",\"itemListElement\":[{\"@type\":\"ListItem\",\"position\":1,\"name\":\"Inicio\",\"item\":\"https:\/\/apuntesdesanluis.com\/\"},{\"@type\":\"ListItem\",\"position\":2,\"name\":\"KARINA MILEI ECH\u00d3 AL JEFE DE LA CASA MILITAR, PORQUE SOSPECHABA QUE ESPIABA PARA MACRI\"}]},{\"@type\":\"WebSite\",\"@id\":\"https:\/\/apuntesdesanluis.com\/#website\",\"url\":\"https:\/\/apuntesdesanluis.com\/\",\"name\":\"Apuntes de San Luis\",\"description\":\"\",\"publisher\":{\"@id\":\"https:\/\/apuntesdesanluis.com\/#\/schema\/person\/b55151d52296fcce64d1a72538a70b90\"},\"potentialAction\":[{\"@type\":\"SearchAction\",\"target\":{\"@type\":\"EntryPoint\",\"urlTemplate\":\"https:\/\/apuntesdesanluis.com\/?s={search_term_string}\"},\"query-input\":{\"@type\":\"PropertyValueSpecification\",\"valueRequired\":true,\"valueName\":\"search_term_string\"}}],\"inLanguage\":\"es-AR\"},{\"@type\":[\"Person\",\"Organization\"],\"@id\":\"https:\/\/apuntesdesanluis.com\/#\/schema\/person\/b55151d52296fcce64d1a72538a70b90\",\"name\":\"apuntesdesanluis.com\",\"image\":{\"@type\":\"ImageObject\",\"inLanguage\":\"es-AR\",\"@id\":\"https:\/\/apuntesdesanluis.com\/#\/schema\/person\/image\/\",\"url\":\"https:\/\/apuntesdesanluis.com\/wp-content\/uploads\/2023\/07\/cropped-apuntesdesanluis.png\",\"contentUrl\":\"https:\/\/apuntesdesanluis.com\/wp-content\/uploads\/2023\/07\/cropped-apuntesdesanluis.png\",\"width\":450,\"height\":112,\"caption\":\"apuntesdesanluis.com\"},\"logo\":{\"@id\":\"https:\/\/apuntesdesanluis.com\/#\/schema\/person\/image\/\"},\"sameAs\":[\"https:\/\/apuntesdesanluis.com\"],\"url\":\"https:\/\/apuntesdesanluis.com\/index.php\/author\/apuntesdesanluis-com\/\"}]}<\/script>\n<!-- \/ Yoast SEO plugin. -->","yoast_head_json":{"title":"KARINA MILEI ECH\u00d3 AL JEFE DE LA CASA MILITAR, PORQUE SOSPECHABA QUE ESPIABA PARA MACRI - Apuntes de San Luis","robots":{"index":"index","follow":"follow","max-snippet":"max-snippet:-1","max-image-preview":"max-image-preview:large","max-video-preview":"max-video-preview:-1"},"canonical":"https:\/\/apuntesdesanluis.com\/index.php\/2024\/03\/16\/karina-milei-echo-al-jefe-de-la-casa-militar-porque-sospechaba-que-espiaba-para-macri\/","og_locale":"es_ES","og_type":"article","og_title":"KARINA MILEI ECH\u00d3 AL JEFE DE LA CASA MILITAR, PORQUE SOSPECHABA QUE ESPIABA PARA MACRI - Apuntes de San Luis","og_description":"El coronel Sebasti\u00e1n Ignacio Ib\u00e1\u00f1ez es el nuevo jefe de la Casa Militar. Suceder\u00e1 a...","og_url":"https:\/\/apuntesdesanluis.com\/index.php\/2024\/03\/16\/karina-milei-echo-al-jefe-de-la-casa-militar-porque-sospechaba-que-espiaba-para-macri\/","og_site_name":"Apuntes de San Luis","article_published_time":"2024-03-17T02:22:22+00:00","og_image":[{"width":1552,"height":949,"url":"https:\/\/apuntesdesanluis.com\/wp-content\/uploads\/2024\/03\/karina.png","type":"image\/png"}],"author":"apuntesdesanluis.com","twitter_card":"summary_large_image","twitter_misc":{"Escrito por":"apuntesdesanluis.com","Tiempo de lectura":"2 minutos"},"schema":{"@context":"https:\/\/schema.org","@graph":[{"@type":"Article","@id":"https:\/\/apuntesdesanluis.com\/index.php\/2024\/03\/16\/karina-milei-echo-al-jefe-de-la-casa-militar-porque-sospechaba-que-espiaba-para-macri\/#article","isPartOf":{"@id":"https:\/\/apuntesdesanluis.com\/index.php\/2024\/03\/16\/karina-milei-echo-al-jefe-de-la-casa-militar-porque-sospechaba-que-espiaba-para-macri\/"},"author":{"name":"apuntesdesanluis.com","@id":"https:\/\/apuntesdesanluis.com\/#\/schema\/person\/b55151d52296fcce64d1a72538a70b90"},"headline":"KARINA MILEI ECH\u00d3 AL JEFE DE LA CASA MILITAR, PORQUE SOSPECHABA QUE ESPIABA PARA MACRI","datePublished":"2024-03-17T02:22:22+00:00","mainEntityOfPage":{"@id":"https:\/\/apuntesdesanluis.com\/index.php\/2024\/03\/16\/karina-milei-echo-al-jefe-de-la-casa-militar-porque-sospechaba-que-espiaba-para-macri\/"},"wordCount":442,"publisher":{"@id":"https:\/\/apuntesdesanluis.com\/#\/schema\/person\/b55151d52296fcce64d1a72538a70b90"},"image":{"@id":"https:\/\/apuntesdesanluis.com\/index.php\/2024\/03\/16\/karina-milei-echo-al-jefe-de-la-casa-militar-porque-sospechaba-que-espiaba-para-macri\/#primaryimage"},"thumbnailUrl":"https:\/\/apuntesdesanluis.com\/wp-content\/uploads\/2024\/03\/karina.png","articleSection":["Nacionales\/Internacionales"],"inLanguage":"es-AR"},{"@type":"WebPage","@id":"https:\/\/apuntesdesanluis.com\/index.php\/2024\/03\/16\/karina-milei-echo-al-jefe-de-la-casa-militar-porque-sospechaba-que-espiaba-para-macri\/","url":"https:\/\/apuntesdesanluis.com\/index.php\/2024\/03\/16\/karina-milei-echo-al-jefe-de-la-casa-militar-porque-sospechaba-que-espiaba-para-macri\/","name":"KARINA MILEI ECH\u00d3 AL JEFE DE LA CASA MILITAR, PORQUE SOSPECHABA QUE ESPIABA PARA MACRI - Apuntes de San Luis","isPartOf":{"@id":"https:\/\/apuntesdesanluis.com\/#website"},"primaryImageOfPage":{"@id":"https:\/\/apuntesdesanluis.com\/index.php\/2024\/03\/16\/karina-milei-echo-al-jefe-de-la-casa-militar-porque-sospechaba-que-espiaba-para-macri\/#primaryimage"},"image":{"@id":"https:\/\/apuntesdesanluis.com\/index.php\/2024\/03\/16\/karina-milei-echo-al-jefe-de-la-casa-militar-porque-sospechaba-que-espiaba-para-macri\/#primaryimage"},"thumbnailUrl":"https:\/\/apuntesdesanluis.com\/wp-content\/uploads\/2024\/03\/karina.png","datePublished":"2024-03-17T02:22:22+00:00","breadcrumb":{"@id":"https:\/\/apuntesdesanluis.com\/index.php\/2024\/03\/16\/karina-milei-echo-al-jefe-de-la-casa-militar-porque-sospechaba-que-espiaba-para-macri\/#breadcrumb"},"inLanguage":"es-AR","potentialAction":[{"@type":"ReadAction","target":["https:\/\/apuntesdesanluis.com\/index.php\/2024\/03\/16\/karina-milei-echo-al-jefe-de-la-casa-militar-porque-sospechaba-que-espiaba-para-macri\/"]}]},{"@type":"ImageObject","inLanguage":"es-AR","@id":"https:\/\/apuntesdesanluis.com\/index.php\/2024\/03\/16\/karina-milei-echo-al-jefe-de-la-casa-militar-porque-sospechaba-que-espiaba-para-macri\/#primaryimage","url":"https:\/\/apuntesdesanluis.com\/wp-content\/uploads\/2024\/03\/karina.png","contentUrl":"https:\/\/apuntesdesanluis.com\/wp-content\/uploads\/2024\/03\/karina.png","width":1552,"height":949},{"@type":"BreadcrumbList","@id":"https:\/\/apuntesdesanluis.com\/index.php\/2024\/03\/16\/karina-milei-echo-al-jefe-de-la-casa-militar-porque-sospechaba-que-espiaba-para-macri\/#breadcrumb","itemListElement":[{"@type":"ListItem","position":1,"name":"Inicio","item":"https:\/\/apuntesdesanluis.com\/"},{"@type":"ListItem","position":2,"name":"KARINA MILEI ECH\u00d3 AL JEFE DE LA CASA MILITAR, PORQUE SOSPECHABA QUE ESPIABA PARA MACRI"}]},{"@type":"WebSite","@id":"https:\/\/apuntesdesanluis.com\/#website","url":"https:\/\/apuntesdesanluis.com\/","name":"Apuntes de San Luis","description":"","publisher":{"@id":"https:\/\/apuntesdesanluis.com\/#\/schema\/person\/b55151d52296fcce64d1a72538a70b90"},"potentialAction":[{"@type":"SearchAction","target":{"@type":"EntryPoint","urlTemplate":"https:\/\/apuntesdesanluis.com\/?s={search_term_string}"},"query-input":{"@type":"PropertyValueSpecification","valueRequired":true,"valueName":"search_term_string"}}],"inLanguage":"es-AR"},{"@type":["Person","Organization"],"@id":"https:\/\/apuntesdesanluis.com\/#\/schema\/person\/b55151d52296fcce64d1a72538a70b90","name":"apuntesdesanluis.com","image":{"@type":"ImageObject","inLanguage":"es-AR","@id":"https:\/\/apuntesdesanluis.com\/#\/schema\/person\/image\/","url":"https:\/\/apuntesdesanluis.com\/wp-content\/uploads\/2023\/07\/cropped-apuntesdesanluis.png","contentUrl":"https:\/\/apuntesdesanluis.com\/wp-content\/uploads\/2023\/07\/cropped-apuntesdesanluis.png","width":450,"height":112,"caption":"apuntesdesanluis.com"},"logo":{"@id":"https:\/\/apuntesdesanluis.com\/#\/schema\/person\/image\/"},"sameAs":["https:\/\/apuntesdesanluis.com"],"url":"https:\/\/apuntesdesanluis.com\/index.php\/author\/apuntesdesanluis-com\/"}]}},"featured_image_urls":{"full":["https:\/\/apuntesdesanluis.com\/wp-content\/uploads\/2024\/03\/karina.png",1552,949,false],"thumbnail":["https:\/\/apuntesdesanluis.com\/wp-content\/uploads\/2024\/03\/karina-150x150.png",150,150,true],"medium":["https:\/\/apuntesdesanluis.com\/wp-content\/uploads\/2024\/03\/karina-300x183.png",300,183,true],"medium_large":["https:\/\/apuntesdesanluis.com\/wp-content\/uploads\/2024\/03\/karina-768x470.png",640,392,true],"large":["https:\/\/apuntesdesanluis.com\/wp-content\/uploads\/2024\/03\/karina-1024x626.png",640,391,true],"1536x1536":["https:\/\/apuntesdesanluis.com\/wp-content\/uploads\/2024\/03\/karina-1536x939.png",1536,939,true],"2048x2048":["https:\/\/apuntesdesanluis.com\/wp-content\/uploads\/2024\/03\/karina.png",1552,949,false],"newsever-slider-full":["https:\/\/apuntesdesanluis.com\/wp-content\/uploads\/2024\/03\/karina-1280x845.png",1280,845,true],"newsever-featured":["https:\/\/apuntesdesanluis.com\/wp-content\/uploads\/2024\/03\/karina-1024x626.png",1024,626,true],"newsever-medium":["https:\/\/apuntesdesanluis.com\/wp-content\/uploads\/2024\/03\/karina-720x475.png",720,475,true]},"author_info":{"display_name":"apuntesdesanluis.com","author_link":"https:\/\/apuntesdesanluis.com\/index.php\/author\/apuntesdesanluis-com\/"},"category_info":"<a href=\"https:\/\/apuntesdesanluis.com\/index.php\/category\/nacionales-internacionales\/\" rel=\"category tag\">Nacionales\/Internacionales<\/a>","tag_info":"Nacionales\/Internacionales","comment_count":"0","_links":{"self":[{"href":"https:\/\/apuntesdesanluis.com\/index.php\/wp-json\/wp\/v2\/posts\/13261","targetHints":{"allow":["GET"]}}],"collection":[{"href":"https:\/\/apuntesdesanluis.com\/index.php\/wp-json\/wp\/v2\/posts"}],"about":[{"href":"https:\/\/apuntesdesanluis.com\/index.php\/wp-json\/wp\/v2\/types\/post"}],"author":[{"embeddable":true,"href":"https:\/\/apuntesdesanluis.com\/index.php\/wp-json\/wp\/v2\/users\/1"}],"replies":[{"embeddable":true,"href":"https:\/\/apuntesdesanluis.com\/index.php\/wp-json\/wp\/v2\/comments?post=13261"}],"version-history":[{"count":1,"href":"https:\/\/apuntesdesanluis.com\/index.php\/wp-json\/wp\/v2\/posts\/13261\/revisions"}],"predecessor-version":[{"id":13264,"href":"https:\/\/apuntesdesanluis.com\/index.php\/wp-json\/wp\/v2\/posts\/13261\/revisions\/13264"}],"wp:featuredmedia":[{"embeddable":true,"href":"https:\/\/apuntesdesanluis.com\/index.php\/wp-json\/wp\/v2\/media\/13262"}],"wp:attachment":[{"href":"https:\/\/apuntesdesanluis.com\/index.php\/wp-json\/wp\/v2\/media?parent=13261"}],"wp:term":[{"taxonomy":"category","embeddable":true,"href":"https:\/\/apuntesdesanluis.com\/index.php\/wp-json\/wp\/v2\/categories?post=13261"},{"taxonomy":"post_tag","embeddable":true,"href":"https:\/\/apuntesdesanluis.com\/index.php\/wp-json\/wp\/v2\/tags?post=13261"}],"curies":[{"name":"wp","href":"https:\/\/api.w.org\/{rel}","templated":true}]}}