{"id":1328,"date":"2023-08-09T13:00:16","date_gmt":"2023-08-09T16:00:16","guid":{"rendered":"https:\/\/apuntesdesanluis.com\/?p=1328"},"modified":"2023-08-09T13:00:16","modified_gmt":"2023-08-09T16:00:16","slug":"condenaron-a-una-mujer-policia-por-haber-asesinado-a-su-abusador","status":"publish","type":"post","link":"https:\/\/apuntesdesanluis.com\/index.php\/2023\/08\/09\/condenaron-a-una-mujer-policia-por-haber-asesinado-a-su-abusador\/","title":{"rendered":"CONDENARON A UNA MUJER POLIC\u00cdA POR HABER ASESINADO A SU ABUSADOR"},"content":{"rendered":"<h3>La Justicia conden\u00f3 a una mujer polic\u00eda que asesin\u00f3 a su abusador el 22 de junio de 2021 en la localidad bonaerense de <strong>Juan Mar\u00eda Guti\u00e9rrez<\/strong>, en Berazategui.<\/h3>\n<h3>Se trata de <strong>Nahir Carrizo<\/strong>, que recibi\u00f3 la pena de 10 a\u00f1os y ocho meses de prisi\u00f3n por matar a balazos a un vecino que abus\u00f3 de ella y de sus hermanas cuando eran menores de edad.<\/h3>\n<h3>Carrizo era parte de la Polic\u00eda municipal de Quilmes y cumpl\u00eda funciones en el Comando Patrullas de Quilmes cuando ocurri\u00f3 el crimen.<\/h3>\n<h3>Es que ese a\u00f1o la joven de 29 a\u00f1os se enter\u00f3 que su vecino, al que llamaban t\u00edo, hab\u00eda abusado sexualmente de ella y de sus hermanas cuando eran chicas.<\/h3>\n<h3>Aquel 22 de junio la mujer polic\u00eda limpiaba su casa cuando escuch\u00f3 que una de las chicas lloraba de forma desconsolada en una de las habitaciones. Cuando se acerc\u00f3 a ver qu\u00e9 ocurr\u00eda se enter\u00f3 de la peor noticia.<\/h3>\n<h3>\u201cAh\u00ed mi mente explot\u00f3 y me agarr\u00f3 un fuerte dolor en el pecho y una angustia\u2026 Ten\u00eda mucho dolor en el pecho y en ese momento record\u00e9 los momentos previos de mi infancia, donde [ese hombre] desde los ocho a\u00f1os hasta los trece abus\u00f3 de m\u00ed\u201d, detall\u00f3 la mujer.<\/h3>\n<h3>En su relato indic\u00f3 que agarr\u00f3 su arma y fue hasta la casa de su vecino y sin mediar palabras lo asesin\u00f3 a balazos. Carrizo qued\u00f3 detenida pero al ser mam\u00e1 de una nena de cinco a\u00f1os la Justicia le otorg\u00f3 la prisi\u00f3n domiciliaria.<\/h3>\n<h3>Dos a\u00f1os despu\u00e9s el Tribunal Oral en lo Criminal (TOC) 5 de Quilmes la conden\u00f3 10 a\u00f1os y ocho meses de prisi\u00f3n por ser culpable del delito de \u201chomicidio agravado por el uso de arma de fuego\u201d.<\/h3>\n","protected":false},"excerpt":{"rendered":"<p>La Justicia conden\u00f3 a una mujer polic\u00eda que asesin\u00f3 a su abusador el 22 de&#8230;<\/p>\n","protected":false},"author":1,"featured_media":1329,"comment_status":"closed","ping_status":"closed","sticky":false,"template":"","format":"standard","meta":{"footnotes":""},"categories":[5],"tags":[],"class_list":["post-1328","post","type-post","status-publish","format-standard","has-post-thumbnail","hentry","category-nacionales-internacionales"],"yoast_head":"<!-- This site is optimized with the Yoast SEO plugin v26.1.1 - https:\/\/yoast.com\/wordpress\/plugins\/seo\/ -->\n<title>CONDENARON A UNA MUJER POLIC\u00cdA POR HABER ASESINADO A SU ABUSADOR - Apuntes de San Luis<\/title>\n<meta name=\"robots\" content=\"index, follow, max-snippet:-1, max-image-preview:large, max-video-preview:-1\" \/>\n<link rel=\"canonical\" href=\"https:\/\/apuntesdesanluis.com\/index.php\/2023\/08\/09\/condenaron-a-una-mujer-policia-por-haber-asesinado-a-su-abusador\/\" \/>\n<meta property=\"og:locale\" content=\"es_ES\" \/>\n<meta property=\"og:type\" content=\"article\" \/>\n<meta property=\"og:title\" content=\"CONDENARON A UNA MUJER POLIC\u00cdA POR HABER ASESINADO A SU ABUSADOR - Apuntes de San Luis\" \/>\n<meta property=\"og:description\" content=\"La Justicia conden\u00f3 a una mujer polic\u00eda que asesin\u00f3 a su abusador el 22 de...\" \/>\n<meta property=\"og:url\" content=\"https:\/\/apuntesdesanluis.com\/index.php\/2023\/08\/09\/condenaron-a-una-mujer-policia-por-haber-asesinado-a-su-abusador\/\" \/>\n<meta property=\"og:site_name\" content=\"Apuntes de San Luis\" \/>\n<meta property=\"article:published_time\" content=\"2023-08-09T16:00:16+00:00\" \/>\n<meta property=\"og:image\" content=\"https:\/\/apuntesdesanluis.com\/wp-content\/uploads\/2023\/08\/POLICIA-Y-ABUSADOR.png\" \/>\n\t<meta property=\"og:image:width\" content=\"600\" \/>\n\t<meta property=\"og:image:height\" content=\"366\" \/>\n\t<meta property=\"og:image:type\" content=\"image\/png\" \/>\n<meta name=\"author\" content=\"apuntesdesanluis.com\" \/>\n<meta name=\"twitter:card\" content=\"summary_large_image\" \/>\n<meta name=\"twitter:label1\" content=\"Escrito por\" \/>\n\t<meta name=\"twitter:data1\" content=\"apuntesdesanluis.com\" \/>\n\t<meta name=\"twitter:label2\" content=\"Tiempo de lectura\" \/>\n\t<meta name=\"twitter:data2\" content=\"2 minutos\" \/>\n<script type=\"application\/ld+json\" class=\"yoast-schema-graph\">{\"@context\":\"https:\/\/schema.org\",\"@graph\":[{\"@type\":\"Article\",\"@id\":\"https:\/\/apuntesdesanluis.com\/index.php\/2023\/08\/09\/condenaron-a-una-mujer-policia-por-haber-asesinado-a-su-abusador\/#article\",\"isPartOf\":{\"@id\":\"https:\/\/apuntesdesanluis.com\/index.php\/2023\/08\/09\/condenaron-a-una-mujer-policia-por-haber-asesinado-a-su-abusador\/\"},\"author\":{\"name\":\"apuntesdesanluis.com\",\"@id\":\"https:\/\/apuntesdesanluis.com\/#\/schema\/person\/b55151d52296fcce64d1a72538a70b90\"},\"headline\":\"CONDENARON A UNA MUJER POLIC\u00cdA POR HABER ASESINADO A SU ABUSADOR\",\"datePublished\":\"2023-08-09T16:00:16+00:00\",\"mainEntityOfPage\":{\"@id\":\"https:\/\/apuntesdesanluis.com\/index.php\/2023\/08\/09\/condenaron-a-una-mujer-policia-por-haber-asesinado-a-su-abusador\/\"},\"wordCount\":312,\"publisher\":{\"@id\":\"https:\/\/apuntesdesanluis.com\/#\/schema\/person\/b55151d52296fcce64d1a72538a70b90\"},\"image\":{\"@id\":\"https:\/\/apuntesdesanluis.com\/index.php\/2023\/08\/09\/condenaron-a-una-mujer-policia-por-haber-asesinado-a-su-abusador\/#primaryimage\"},\"thumbnailUrl\":\"https:\/\/apuntesdesanluis.com\/wp-content\/uploads\/2023\/08\/POLICIA-Y-ABUSADOR.png\",\"articleSection\":[\"Nacionales\/Internacionales\"],\"inLanguage\":\"es-AR\"},{\"@type\":\"WebPage\",\"@id\":\"https:\/\/apuntesdesanluis.com\/index.php\/2023\/08\/09\/condenaron-a-una-mujer-policia-por-haber-asesinado-a-su-abusador\/\",\"url\":\"https:\/\/apuntesdesanluis.com\/index.php\/2023\/08\/09\/condenaron-a-una-mujer-policia-por-haber-asesinado-a-su-abusador\/\",\"name\":\"CONDENARON A UNA MUJER POLIC\u00cdA POR HABER ASESINADO A SU ABUSADOR - Apuntes de San Luis\",\"isPartOf\":{\"@id\":\"https:\/\/apuntesdesanluis.com\/#website\"},\"primaryImageOfPage\":{\"@id\":\"https:\/\/apuntesdesanluis.com\/index.php\/2023\/08\/09\/condenaron-a-una-mujer-policia-por-haber-asesinado-a-su-abusador\/#primaryimage\"},\"image\":{\"@id\":\"https:\/\/apuntesdesanluis.com\/index.php\/2023\/08\/09\/condenaron-a-una-mujer-policia-por-haber-asesinado-a-su-abusador\/#primaryimage\"},\"thumbnailUrl\":\"https:\/\/apuntesdesanluis.com\/wp-content\/uploads\/2023\/08\/POLICIA-Y-ABUSADOR.png\",\"datePublished\":\"2023-08-09T16:00:16+00:00\",\"breadcrumb\":{\"@id\":\"https:\/\/apuntesdesanluis.com\/index.php\/2023\/08\/09\/condenaron-a-una-mujer-policia-por-haber-asesinado-a-su-abusador\/#breadcrumb\"},\"inLanguage\":\"es-AR\",\"potentialAction\":[{\"@type\":\"ReadAction\",\"target\":[\"https:\/\/apuntesdesanluis.com\/index.php\/2023\/08\/09\/condenaron-a-una-mujer-policia-por-haber-asesinado-a-su-abusador\/\"]}]},{\"@type\":\"ImageObject\",\"inLanguage\":\"es-AR\",\"@id\":\"https:\/\/apuntesdesanluis.com\/index.php\/2023\/08\/09\/condenaron-a-una-mujer-policia-por-haber-asesinado-a-su-abusador\/#primaryimage\",\"url\":\"https:\/\/apuntesdesanluis.com\/wp-content\/uploads\/2023\/08\/POLICIA-Y-ABUSADOR.png\",\"contentUrl\":\"https:\/\/apuntesdesanluis.com\/wp-content\/uploads\/2023\/08\/POLICIA-Y-ABUSADOR.png\",\"width\":600,\"height\":366},{\"@type\":\"BreadcrumbList\",\"@id\":\"https:\/\/apuntesdesanluis.com\/index.php\/2023\/08\/09\/condenaron-a-una-mujer-policia-por-haber-asesinado-a-su-abusador\/#breadcrumb\",\"itemListElement\":[{\"@type\":\"ListItem\",\"position\":1,\"name\":\"Inicio\",\"item\":\"https:\/\/apuntesdesanluis.com\/\"},{\"@type\":\"ListItem\",\"position\":2,\"name\":\"CONDENARON A UNA MUJER POLIC\u00cdA POR HABER ASESINADO A SU ABUSADOR\"}]},{\"@type\":\"WebSite\",\"@id\":\"https:\/\/apuntesdesanluis.com\/#website\",\"url\":\"https:\/\/apuntesdesanluis.com\/\",\"name\":\"Apuntes de San Luis\",\"description\":\"\",\"publisher\":{\"@id\":\"https:\/\/apuntesdesanluis.com\/#\/schema\/person\/b55151d52296fcce64d1a72538a70b90\"},\"potentialAction\":[{\"@type\":\"SearchAction\",\"target\":{\"@type\":\"EntryPoint\",\"urlTemplate\":\"https:\/\/apuntesdesanluis.com\/?s={search_term_string}\"},\"query-input\":{\"@type\":\"PropertyValueSpecification\",\"valueRequired\":true,\"valueName\":\"search_term_string\"}}],\"inLanguage\":\"es-AR\"},{\"@type\":[\"Person\",\"Organization\"],\"@id\":\"https:\/\/apuntesdesanluis.com\/#\/schema\/person\/b55151d52296fcce64d1a72538a70b90\",\"name\":\"apuntesdesanluis.com\",\"image\":{\"@type\":\"ImageObject\",\"inLanguage\":\"es-AR\",\"@id\":\"https:\/\/apuntesdesanluis.com\/#\/schema\/person\/image\/\",\"url\":\"https:\/\/apuntesdesanluis.com\/wp-content\/uploads\/2023\/07\/cropped-apuntesdesanluis.png\",\"contentUrl\":\"https:\/\/apuntesdesanluis.com\/wp-content\/uploads\/2023\/07\/cropped-apuntesdesanluis.png\",\"width\":450,\"height\":112,\"caption\":\"apuntesdesanluis.com\"},\"logo\":{\"@id\":\"https:\/\/apuntesdesanluis.com\/#\/schema\/person\/image\/\"},\"sameAs\":[\"https:\/\/apuntesdesanluis.com\"],\"url\":\"https:\/\/apuntesdesanluis.com\/index.php\/author\/apuntesdesanluis-com\/\"}]}<\/script>\n<!-- \/ Yoast SEO plugin. -->","yoast_head_json":{"title":"CONDENARON A UNA MUJER POLIC\u00cdA POR HABER ASESINADO A SU ABUSADOR - Apuntes de San Luis","robots":{"index":"index","follow":"follow","max-snippet":"max-snippet:-1","max-image-preview":"max-image-preview:large","max-video-preview":"max-video-preview:-1"},"canonical":"https:\/\/apuntesdesanluis.com\/index.php\/2023\/08\/09\/condenaron-a-una-mujer-policia-por-haber-asesinado-a-su-abusador\/","og_locale":"es_ES","og_type":"article","og_title":"CONDENARON A UNA MUJER POLIC\u00cdA POR HABER ASESINADO A SU ABUSADOR - Apuntes de San Luis","og_description":"La Justicia conden\u00f3 a una mujer polic\u00eda que asesin\u00f3 a su abusador el 22 de...","og_url":"https:\/\/apuntesdesanluis.com\/index.php\/2023\/08\/09\/condenaron-a-una-mujer-policia-por-haber-asesinado-a-su-abusador\/","og_site_name":"Apuntes de San Luis","article_published_time":"2023-08-09T16:00:16+00:00","og_image":[{"width":600,"height":366,"url":"https:\/\/apuntesdesanluis.com\/wp-content\/uploads\/2023\/08\/POLICIA-Y-ABUSADOR.png","type":"image\/png"}],"author":"apuntesdesanluis.com","twitter_card":"summary_large_image","twitter_misc":{"Escrito por":"apuntesdesanluis.com","Tiempo de lectura":"2 minutos"},"schema":{"@context":"https:\/\/schema.org","@graph":[{"@type":"Article","@id":"https:\/\/apuntesdesanluis.com\/index.php\/2023\/08\/09\/condenaron-a-una-mujer-policia-por-haber-asesinado-a-su-abusador\/#article","isPartOf":{"@id":"https:\/\/apuntesdesanluis.com\/index.php\/2023\/08\/09\/condenaron-a-una-mujer-policia-por-haber-asesinado-a-su-abusador\/"},"author":{"name":"apuntesdesanluis.com","@id":"https:\/\/apuntesdesanluis.com\/#\/schema\/person\/b55151d52296fcce64d1a72538a70b90"},"headline":"CONDENARON A UNA MUJER POLIC\u00cdA POR HABER ASESINADO A SU ABUSADOR","datePublished":"2023-08-09T16:00:16+00:00","mainEntityOfPage":{"@id":"https:\/\/apuntesdesanluis.com\/index.php\/2023\/08\/09\/condenaron-a-una-mujer-policia-por-haber-asesinado-a-su-abusador\/"},"wordCount":312,"publisher":{"@id":"https:\/\/apuntesdesanluis.com\/#\/schema\/person\/b55151d52296fcce64d1a72538a70b90"},"image":{"@id":"https:\/\/apuntesdesanluis.com\/index.php\/2023\/08\/09\/condenaron-a-una-mujer-policia-por-haber-asesinado-a-su-abusador\/#primaryimage"},"thumbnailUrl":"https:\/\/apuntesdesanluis.com\/wp-content\/uploads\/2023\/08\/POLICIA-Y-ABUSADOR.png","articleSection":["Nacionales\/Internacionales"],"inLanguage":"es-AR"},{"@type":"WebPage","@id":"https:\/\/apuntesdesanluis.com\/index.php\/2023\/08\/09\/condenaron-a-una-mujer-policia-por-haber-asesinado-a-su-abusador\/","url":"https:\/\/apuntesdesanluis.com\/index.php\/2023\/08\/09\/condenaron-a-una-mujer-policia-por-haber-asesinado-a-su-abusador\/","name":"CONDENARON A UNA MUJER POLIC\u00cdA POR HABER ASESINADO A SU ABUSADOR - Apuntes de San Luis","isPartOf":{"@id":"https:\/\/apuntesdesanluis.com\/#website"},"primaryImageOfPage":{"@id":"https:\/\/apuntesdesanluis.com\/index.php\/2023\/08\/09\/condenaron-a-una-mujer-policia-por-haber-asesinado-a-su-abusador\/#primaryimage"},"image":{"@id":"https:\/\/apuntesdesanluis.com\/index.php\/2023\/08\/09\/condenaron-a-una-mujer-policia-por-haber-asesinado-a-su-abusador\/#primaryimage"},"thumbnailUrl":"https:\/\/apuntesdesanluis.com\/wp-content\/uploads\/2023\/08\/POLICIA-Y-ABUSADOR.png","datePublished":"2023-08-09T16:00:16+00:00","breadcrumb":{"@id":"https:\/\/apuntesdesanluis.com\/index.php\/2023\/08\/09\/condenaron-a-una-mujer-policia-por-haber-asesinado-a-su-abusador\/#breadcrumb"},"inLanguage":"es-AR","potentialAction":[{"@type":"ReadAction","target":["https:\/\/apuntesdesanluis.com\/index.php\/2023\/08\/09\/condenaron-a-una-mujer-policia-por-haber-asesinado-a-su-abusador\/"]}]},{"@type":"ImageObject","inLanguage":"es-AR","@id":"https:\/\/apuntesdesanluis.com\/index.php\/2023\/08\/09\/condenaron-a-una-mujer-policia-por-haber-asesinado-a-su-abusador\/#primaryimage","url":"https:\/\/apuntesdesanluis.com\/wp-content\/uploads\/2023\/08\/POLICIA-Y-ABUSADOR.png","contentUrl":"https:\/\/apuntesdesanluis.com\/wp-content\/uploads\/2023\/08\/POLICIA-Y-ABUSADOR.png","width":600,"height":366},{"@type":"BreadcrumbList","@id":"https:\/\/apuntesdesanluis.com\/index.php\/2023\/08\/09\/condenaron-a-una-mujer-policia-por-haber-asesinado-a-su-abusador\/#breadcrumb","itemListElement":[{"@type":"ListItem","position":1,"name":"Inicio","item":"https:\/\/apuntesdesanluis.com\/"},{"@type":"ListItem","position":2,"name":"CONDENARON A UNA MUJER POLIC\u00cdA POR HABER ASESINADO A SU ABUSADOR"}]},{"@type":"WebSite","@id":"https:\/\/apuntesdesanluis.com\/#website","url":"https:\/\/apuntesdesanluis.com\/","name":"Apuntes de San Luis","description":"","publisher":{"@id":"https:\/\/apuntesdesanluis.com\/#\/schema\/person\/b55151d52296fcce64d1a72538a70b90"},"potentialAction":[{"@type":"SearchAction","target":{"@type":"EntryPoint","urlTemplate":"https:\/\/apuntesdesanluis.com\/?s={search_term_string}"},"query-input":{"@type":"PropertyValueSpecification","valueRequired":true,"valueName":"search_term_string"}}],"inLanguage":"es-AR"},{"@type":["Person","Organization"],"@id":"https:\/\/apuntesdesanluis.com\/#\/schema\/person\/b55151d52296fcce64d1a72538a70b90","name":"apuntesdesanluis.com","image":{"@type":"ImageObject","inLanguage":"es-AR","@id":"https:\/\/apuntesdesanluis.com\/#\/schema\/person\/image\/","url":"https:\/\/apuntesdesanluis.com\/wp-content\/uploads\/2023\/07\/cropped-apuntesdesanluis.png","contentUrl":"https:\/\/apuntesdesanluis.com\/wp-content\/uploads\/2023\/07\/cropped-apuntesdesanluis.png","width":450,"height":112,"caption":"apuntesdesanluis.com"},"logo":{"@id":"https:\/\/apuntesdesanluis.com\/#\/schema\/person\/image\/"},"sameAs":["https:\/\/apuntesdesanluis.com"],"url":"https:\/\/apuntesdesanluis.com\/index.php\/author\/apuntesdesanluis-com\/"}]}},"featured_image_urls":{"full":["https:\/\/apuntesdesanluis.com\/wp-content\/uploads\/2023\/08\/POLICIA-Y-ABUSADOR.png",600,366,false],"thumbnail":["https:\/\/apuntesdesanluis.com\/wp-content\/uploads\/2023\/08\/POLICIA-Y-ABUSADOR-150x150.png",150,150,true],"medium":["https:\/\/apuntesdesanluis.com\/wp-content\/uploads\/2023\/08\/POLICIA-Y-ABUSADOR-300x183.png",300,183,true],"medium_large":["https:\/\/apuntesdesanluis.com\/wp-content\/uploads\/2023\/08\/POLICIA-Y-ABUSADOR.png",600,366,false],"large":["https:\/\/apuntesdesanluis.com\/wp-content\/uploads\/2023\/08\/POLICIA-Y-ABUSADOR.png",600,366,false],"1536x1536":["https:\/\/apuntesdesanluis.com\/wp-content\/uploads\/2023\/08\/POLICIA-Y-ABUSADOR.png",600,366,false],"2048x2048":["https:\/\/apuntesdesanluis.com\/wp-content\/uploads\/2023\/08\/POLICIA-Y-ABUSADOR.png",600,366,false],"newsever-slider-full":["https:\/\/apuntesdesanluis.com\/wp-content\/uploads\/2023\/08\/POLICIA-Y-ABUSADOR.png",600,366,false],"newsever-featured":["https:\/\/apuntesdesanluis.com\/wp-content\/uploads\/2023\/08\/POLICIA-Y-ABUSADOR.png",600,366,false],"newsever-medium":["https:\/\/apuntesdesanluis.com\/wp-content\/uploads\/2023\/08\/POLICIA-Y-ABUSADOR.png",600,366,false]},"author_info":{"display_name":"apuntesdesanluis.com","author_link":"https:\/\/apuntesdesanluis.com\/index.php\/author\/apuntesdesanluis-com\/"},"category_info":"<a href=\"https:\/\/apuntesdesanluis.com\/index.php\/category\/nacionales-internacionales\/\" rel=\"category tag\">Nacionales\/Internacionales<\/a>","tag_info":"Nacionales\/Internacionales","comment_count":"0","_links":{"self":[{"href":"https:\/\/apuntesdesanluis.com\/index.php\/wp-json\/wp\/v2\/posts\/1328","targetHints":{"allow":["GET"]}}],"collection":[{"href":"https:\/\/apuntesdesanluis.com\/index.php\/wp-json\/wp\/v2\/posts"}],"about":[{"href":"https:\/\/apuntesdesanluis.com\/index.php\/wp-json\/wp\/v2\/types\/post"}],"author":[{"embeddable":true,"href":"https:\/\/apuntesdesanluis.com\/index.php\/wp-json\/wp\/v2\/users\/1"}],"replies":[{"embeddable":true,"href":"https:\/\/apuntesdesanluis.com\/index.php\/wp-json\/wp\/v2\/comments?post=1328"}],"version-history":[{"count":1,"href":"https:\/\/apuntesdesanluis.com\/index.php\/wp-json\/wp\/v2\/posts\/1328\/revisions"}],"predecessor-version":[{"id":1330,"href":"https:\/\/apuntesdesanluis.com\/index.php\/wp-json\/wp\/v2\/posts\/1328\/revisions\/1330"}],"wp:featuredmedia":[{"embeddable":true,"href":"https:\/\/apuntesdesanluis.com\/index.php\/wp-json\/wp\/v2\/media\/1329"}],"wp:attachment":[{"href":"https:\/\/apuntesdesanluis.com\/index.php\/wp-json\/wp\/v2\/media?parent=1328"}],"wp:term":[{"taxonomy":"category","embeddable":true,"href":"https:\/\/apuntesdesanluis.com\/index.php\/wp-json\/wp\/v2\/categories?post=1328"},{"taxonomy":"post_tag","embeddable":true,"href":"https:\/\/apuntesdesanluis.com\/index.php\/wp-json\/wp\/v2\/tags?post=1328"}],"curies":[{"name":"wp","href":"https:\/\/api.w.org\/{rel}","templated":true}]}}