{"id":13285,"date":"2024-03-18T20:42:36","date_gmt":"2024-03-18T23:42:36","guid":{"rendered":"https:\/\/apuntesdesanluis.com\/?p=13285"},"modified":"2024-03-18T20:42:52","modified_gmt":"2024-03-18T23:42:52","slug":"el-concejo-deliberante-sesiona-este-martes-con-un-extenso-temario","status":"publish","type":"post","link":"https:\/\/apuntesdesanluis.com\/index.php\/2024\/03\/18\/el-concejo-deliberante-sesiona-este-martes-con-un-extenso-temario\/","title":{"rendered":"EL CONCEJO DELIBERANTE SESIONA ESTE MARTES CON UN EXTENSO TEMARIO"},"content":{"rendered":"<h3>Bajo la presidencia de la Viceintendenta <strong>Silvina Galetto<\/strong>, el cuerpo deliberativo local se reunir\u00e1 a partir de las 10:00 del pr\u00f3ximo martes, en sesi\u00f3n ordinaria.<\/h3>\n<h3>En el orden del d\u00eda figuran los siguientes asuntos:<\/h3>\n<h3>&#8211; Expte. N\u00b0 22063-c\/24- Bloque Cambia San Luis- Proyecto de Comunicaci\u00f3n- Ref. a: Solicitar al Departamento Ejecutivo Municipal, estudio de factibilidad para la instalaci\u00f3n de reductor de velocidad en intersecciones de calle Miguel B. Pastor con calles Chile, Intendente Landaburu y Amaro Gal\u00e1n respectivamente y en esta \u00faltima, se\u00f1alizaci\u00f3n de paso peatonal.<\/h3>\n<h3>&#8211; Expte. N\u00b0 22064\/d\/24- Bloque Frente Unidad Justicialista- Proyecto de Declaraci\u00f3n[1]Ref. a: El Honorable Concejo Deliberante Reconoce y Distingue a la Asociaci\u00f3n Pro Ayuda al Discapacitado &#8220;APAD&#8221;, en el marco de su 40\u00b0 aniversario, por la importancia y destacada labor, compromiso y amor en la formaci\u00f3n de personas integras, aut\u00f3nomas y felices.<\/h3>\n<h3>&#8211; Expte. N\u00b0 22065-c\/24- Bloque Frente Unidad Justicialista- Proyecto de Comunicaci\u00f3n- Ref. a: Requerir al Departamento Ejecutivo Municipal, estudio de factibilidad para la donaci\u00f3n de mobiliario destinado al correcto funcionamiento de la sala Mapadres de la Maternidad Provincial de Villa Mercedes, &#8220;Dr. Carlos Alberto Luco&#8221;.<\/h3>\n<h3>&#8211; Expte. N\u00b0 22066-c\/24- Bloque Frente Unidad Justicialista- Proyecto de Comunicaci\u00f3n- Ref. a: Solicitar al Departamento Ejecutivo Municipal, el cumplimiento de la Ordenanza N\u00b0 1066-ASCE\/0\/2020, procediendo a la ejecuci\u00f3n y finalizaci\u00f3n de obra en intersecci\u00f3n sur- oeste de calle Jorge Luis Borges y Chacabuco.<\/h3>\n<h3>&#8211; Expte. N\u00b0 22067-c\/24- Bloque Cambia San Luis- Proyecto de Comunicaci\u00f3n- Ref. a: Requerir al Departamento Ejecutivo Municipal, estudio de factibilidad para la colocaci\u00f3n de reductor de velocidad en intersecci\u00f3n de calles Pueyrred\u00f3n y Estado de Israel.<\/h3>\n<h3>&#8211; Expte. N\u00b0 22068-\/24- Departamento Ejecutivo Municipal- Expte. Interno 3552\/2024, Ref. a: Decreto Municipal N\u00b0 7369\/2024 de aprobaci\u00f3n de Organigrama Municipal definitivo, en cumplimiento al Art. 5\u00b0) de la Ordenanza N\u00b0 1263 y disposici\u00f3n de bono mensual no remunerativo de $50.000 para Personal Municipal y de Obras Sanitarias a partir del 1\u00b0 de enero de 2024.<\/h3>\n<h3>&#8211; Expte. N\u00b0 22069-r\/24- Bloque Cambia San Luis- Proyecto de Resoluci\u00f3n- Ref. a: encomendar a Presidencia y Secretar\u00eda Administrativa del HCD, la colocaci\u00f3n de media sombra y\/o material similar para la cobertura de autom\u00f3viles de agentes legislativos.<\/h3>\n<h3>&#8211; Expte. N\u00b0 22070-c\/24- Bloque Frente Unidad Justicialista- Proyecto de Declaraci\u00f3n[1]Ref. a: El Honorable Concejo Deliberante Declara de Inter\u00e9s Legislativo, Educativo, Social y Cultural la conmemoraci\u00f3n del 30\u00b0 Aniversario del Instituto Superior de Lengua Inglesa (ISLI), destac\u00e1ndose en la formaci\u00f3n de profesionales de la docencia en el \u00e1mbito local, provincial y nacional.<\/h3>\n<h3>&#8211; Expte. N\u00b0 22071-d\/24- Bloque Cambia San Luis- Proyecto de Declaraci\u00f3n- Ref. a: El Honorable Concejo Deliberante Reconoce y Distingue a la Asociaci\u00f3n APPSIDO-Querer Es Poder-, por su valioso aporte a la inclusi\u00f3n de las personas con s\u00edndrome de Down y Declara de Inter\u00e9s Social y Educativo a la &#8220;Fiesta Del Sombrero&#8221;, organizada por dicha asociaci\u00f3n.<\/h3>\n<h3>Por otro lado, se tratar\u00e1n los siguientes despachos de la Comisi\u00f3n de Acci\u00f3n Social, Cultura y Educaci\u00f3n:<\/h3>\n<ul>\n<li>\n<h3>N\u00b0 22045-d124- Proyecto de Declaraci\u00f3n- Ref. a: El Honorable Concejo Deliberante Reconoce y Destaca la labor deportiva y social de la Asociaci\u00f3n Mercedinos Unidos por Newcom- A.M.U.N.<\/h3>\n<\/li>\n<li>\n<h3>N\u00b0 22049-d\/24- Proyecto de Declaraci\u00f3n- Ref. a: Declarar de Inter\u00e9s Legislativo, Musical, Cultural y Social la celebraci\u00f3n del 24\u00b0 Aniversario de creaci\u00f3n de &#8220;Las 100 Guitarras Mercedinas&#8221;.<\/h3>\n<\/li>\n<li>\n<h3>N\u00b0 22054-n\/24- Sr. Jos\u00e9 Alberto D\u00edaz- Miembro Fundhami- Nota N\u00b0 04\/2024- Ref. a: Solicita se iluminen el edificio municipal y del Honorable Concejo Deliberante de color p\u00farpura, idenlficatorio de la afecci\u00f3n &#8220;Epilepsia&#8221;, como respaldo a su labor social y educativa.<\/h3>\n<\/li>\n<\/ul>\n<h3>El resto de los despachos de comisiones ser\u00e1n girados a archivo.<\/h3>\n<p>&nbsp;<\/p>\n<p>&nbsp;<\/p>\n<p>&nbsp;<\/p>\n<p>&nbsp;<\/p>\n<p>&nbsp;<\/p>\n<p>&nbsp;<\/p>\n","protected":false},"excerpt":{"rendered":"<p>Bajo la presidencia de la Viceintendenta Silvina Galetto, el cuerpo deliberativo local se reunir\u00e1 a&#8230;<\/p>\n","protected":false},"author":1,"featured_media":8291,"comment_status":"closed","ping_status":"closed","sticky":false,"template":"","format":"standard","meta":{"footnotes":""},"categories":[6],"tags":[],"class_list":["post-13285","post","type-post","status-publish","format-standard","has-post-thumbnail","hentry","category-ciudad-provincia"],"yoast_head":"<!-- This site is optimized with the Yoast SEO plugin v26.1.1 - https:\/\/yoast.com\/wordpress\/plugins\/seo\/ -->\n<title>EL CONCEJO DELIBERANTE SESIONA ESTE MARTES CON UN EXTENSO TEMARIO - Apuntes de San Luis<\/title>\n<meta name=\"robots\" content=\"index, follow, max-snippet:-1, max-image-preview:large, max-video-preview:-1\" \/>\n<link rel=\"canonical\" href=\"https:\/\/apuntesdesanluis.com\/index.php\/2024\/03\/18\/el-concejo-deliberante-sesiona-este-martes-con-un-extenso-temario\/\" \/>\n<meta property=\"og:locale\" content=\"es_ES\" \/>\n<meta property=\"og:type\" content=\"article\" \/>\n<meta property=\"og:title\" content=\"EL CONCEJO DELIBERANTE SESIONA ESTE MARTES CON UN EXTENSO TEMARIO - Apuntes de San Luis\" \/>\n<meta property=\"og:description\" content=\"Bajo la presidencia de la Viceintendenta Silvina Galetto, el cuerpo deliberativo local se reunir\u00e1 a...\" \/>\n<meta property=\"og:url\" content=\"https:\/\/apuntesdesanluis.com\/index.php\/2024\/03\/18\/el-concejo-deliberante-sesiona-este-martes-con-un-extenso-temario\/\" \/>\n<meta property=\"og:site_name\" content=\"Apuntes de San Luis\" \/>\n<meta property=\"article:published_time\" content=\"2024-03-18T23:42:36+00:00\" \/>\n<meta property=\"article:modified_time\" content=\"2024-03-18T23:42:52+00:00\" \/>\n<meta property=\"og:image\" content=\"https:\/\/apuntesdesanluis.com\/wp-content\/uploads\/2023\/12\/concejo-deliberante.png\" \/>\n\t<meta property=\"og:image:width\" content=\"590\" \/>\n\t<meta property=\"og:image:height\" content=\"367\" \/>\n\t<meta property=\"og:image:type\" content=\"image\/png\" \/>\n<meta name=\"author\" content=\"apuntesdesanluis.com\" \/>\n<meta name=\"twitter:card\" content=\"summary_large_image\" \/>\n<meta name=\"twitter:label1\" content=\"Escrito por\" \/>\n\t<meta name=\"twitter:data1\" content=\"apuntesdesanluis.com\" \/>\n\t<meta name=\"twitter:label2\" content=\"Tiempo de lectura\" \/>\n\t<meta name=\"twitter:data2\" content=\"3 minutos\" \/>\n<script type=\"application\/ld+json\" class=\"yoast-schema-graph\">{\"@context\":\"https:\/\/schema.org\",\"@graph\":[{\"@type\":\"Article\",\"@id\":\"https:\/\/apuntesdesanluis.com\/index.php\/2024\/03\/18\/el-concejo-deliberante-sesiona-este-martes-con-un-extenso-temario\/#article\",\"isPartOf\":{\"@id\":\"https:\/\/apuntesdesanluis.com\/index.php\/2024\/03\/18\/el-concejo-deliberante-sesiona-este-martes-con-un-extenso-temario\/\"},\"author\":{\"name\":\"apuntesdesanluis.com\",\"@id\":\"https:\/\/apuntesdesanluis.com\/#\/schema\/person\/b55151d52296fcce64d1a72538a70b90\"},\"headline\":\"EL CONCEJO DELIBERANTE SESIONA ESTE MARTES CON UN EXTENSO TEMARIO\",\"datePublished\":\"2024-03-18T23:42:36+00:00\",\"dateModified\":\"2024-03-18T23:42:52+00:00\",\"mainEntityOfPage\":{\"@id\":\"https:\/\/apuntesdesanluis.com\/index.php\/2024\/03\/18\/el-concejo-deliberante-sesiona-este-martes-con-un-extenso-temario\/\"},\"wordCount\":662,\"publisher\":{\"@id\":\"https:\/\/apuntesdesanluis.com\/#\/schema\/person\/b55151d52296fcce64d1a72538a70b90\"},\"image\":{\"@id\":\"https:\/\/apuntesdesanluis.com\/index.php\/2024\/03\/18\/el-concejo-deliberante-sesiona-este-martes-con-un-extenso-temario\/#primaryimage\"},\"thumbnailUrl\":\"https:\/\/apuntesdesanluis.com\/wp-content\/uploads\/2023\/12\/concejo-deliberante.png\",\"articleSection\":[\"Ciudad\/Provincia\"],\"inLanguage\":\"es-AR\"},{\"@type\":\"WebPage\",\"@id\":\"https:\/\/apuntesdesanluis.com\/index.php\/2024\/03\/18\/el-concejo-deliberante-sesiona-este-martes-con-un-extenso-temario\/\",\"url\":\"https:\/\/apuntesdesanluis.com\/index.php\/2024\/03\/18\/el-concejo-deliberante-sesiona-este-martes-con-un-extenso-temario\/\",\"name\":\"EL CONCEJO DELIBERANTE SESIONA ESTE MARTES CON UN EXTENSO TEMARIO - Apuntes de San Luis\",\"isPartOf\":{\"@id\":\"https:\/\/apuntesdesanluis.com\/#website\"},\"primaryImageOfPage\":{\"@id\":\"https:\/\/apuntesdesanluis.com\/index.php\/2024\/03\/18\/el-concejo-deliberante-sesiona-este-martes-con-un-extenso-temario\/#primaryimage\"},\"image\":{\"@id\":\"https:\/\/apuntesdesanluis.com\/index.php\/2024\/03\/18\/el-concejo-deliberante-sesiona-este-martes-con-un-extenso-temario\/#primaryimage\"},\"thumbnailUrl\":\"https:\/\/apuntesdesanluis.com\/wp-content\/uploads\/2023\/12\/concejo-deliberante.png\",\"datePublished\":\"2024-03-18T23:42:36+00:00\",\"dateModified\":\"2024-03-18T23:42:52+00:00\",\"breadcrumb\":{\"@id\":\"https:\/\/apuntesdesanluis.com\/index.php\/2024\/03\/18\/el-concejo-deliberante-sesiona-este-martes-con-un-extenso-temario\/#breadcrumb\"},\"inLanguage\":\"es-AR\",\"potentialAction\":[{\"@type\":\"ReadAction\",\"target\":[\"https:\/\/apuntesdesanluis.com\/index.php\/2024\/03\/18\/el-concejo-deliberante-sesiona-este-martes-con-un-extenso-temario\/\"]}]},{\"@type\":\"ImageObject\",\"inLanguage\":\"es-AR\",\"@id\":\"https:\/\/apuntesdesanluis.com\/index.php\/2024\/03\/18\/el-concejo-deliberante-sesiona-este-martes-con-un-extenso-temario\/#primaryimage\",\"url\":\"https:\/\/apuntesdesanluis.com\/wp-content\/uploads\/2023\/12\/concejo-deliberante.png\",\"contentUrl\":\"https:\/\/apuntesdesanluis.com\/wp-content\/uploads\/2023\/12\/concejo-deliberante.png\",\"width\":590,\"height\":367},{\"@type\":\"BreadcrumbList\",\"@id\":\"https:\/\/apuntesdesanluis.com\/index.php\/2024\/03\/18\/el-concejo-deliberante-sesiona-este-martes-con-un-extenso-temario\/#breadcrumb\",\"itemListElement\":[{\"@type\":\"ListItem\",\"position\":1,\"name\":\"Inicio\",\"item\":\"https:\/\/apuntesdesanluis.com\/\"},{\"@type\":\"ListItem\",\"position\":2,\"name\":\"EL CONCEJO DELIBERANTE SESIONA ESTE MARTES CON UN EXTENSO TEMARIO\"}]},{\"@type\":\"WebSite\",\"@id\":\"https:\/\/apuntesdesanluis.com\/#website\",\"url\":\"https:\/\/apuntesdesanluis.com\/\",\"name\":\"Apuntes de San Luis\",\"description\":\"\",\"publisher\":{\"@id\":\"https:\/\/apuntesdesanluis.com\/#\/schema\/person\/b55151d52296fcce64d1a72538a70b90\"},\"potentialAction\":[{\"@type\":\"SearchAction\",\"target\":{\"@type\":\"EntryPoint\",\"urlTemplate\":\"https:\/\/apuntesdesanluis.com\/?s={search_term_string}\"},\"query-input\":{\"@type\":\"PropertyValueSpecification\",\"valueRequired\":true,\"valueName\":\"search_term_string\"}}],\"inLanguage\":\"es-AR\"},{\"@type\":[\"Person\",\"Organization\"],\"@id\":\"https:\/\/apuntesdesanluis.com\/#\/schema\/person\/b55151d52296fcce64d1a72538a70b90\",\"name\":\"apuntesdesanluis.com\",\"image\":{\"@type\":\"ImageObject\",\"inLanguage\":\"es-AR\",\"@id\":\"https:\/\/apuntesdesanluis.com\/#\/schema\/person\/image\/\",\"url\":\"https:\/\/apuntesdesanluis.com\/wp-content\/uploads\/2023\/07\/cropped-apuntesdesanluis.png\",\"contentUrl\":\"https:\/\/apuntesdesanluis.com\/wp-content\/uploads\/2023\/07\/cropped-apuntesdesanluis.png\",\"width\":450,\"height\":112,\"caption\":\"apuntesdesanluis.com\"},\"logo\":{\"@id\":\"https:\/\/apuntesdesanluis.com\/#\/schema\/person\/image\/\"},\"sameAs\":[\"https:\/\/apuntesdesanluis.com\"],\"url\":\"https:\/\/apuntesdesanluis.com\/index.php\/author\/apuntesdesanluis-com\/\"}]}<\/script>\n<!-- \/ Yoast SEO plugin. -->","yoast_head_json":{"title":"EL CONCEJO DELIBERANTE SESIONA ESTE MARTES CON UN EXTENSO TEMARIO - Apuntes de San Luis","robots":{"index":"index","follow":"follow","max-snippet":"max-snippet:-1","max-image-preview":"max-image-preview:large","max-video-preview":"max-video-preview:-1"},"canonical":"https:\/\/apuntesdesanluis.com\/index.php\/2024\/03\/18\/el-concejo-deliberante-sesiona-este-martes-con-un-extenso-temario\/","og_locale":"es_ES","og_type":"article","og_title":"EL CONCEJO DELIBERANTE SESIONA ESTE MARTES CON UN EXTENSO TEMARIO - Apuntes de San Luis","og_description":"Bajo la presidencia de la Viceintendenta Silvina Galetto, el cuerpo deliberativo local se reunir\u00e1 a...","og_url":"https:\/\/apuntesdesanluis.com\/index.php\/2024\/03\/18\/el-concejo-deliberante-sesiona-este-martes-con-un-extenso-temario\/","og_site_name":"Apuntes de San Luis","article_published_time":"2024-03-18T23:42:36+00:00","article_modified_time":"2024-03-18T23:42:52+00:00","og_image":[{"width":590,"height":367,"url":"https:\/\/apuntesdesanluis.com\/wp-content\/uploads\/2023\/12\/concejo-deliberante.png","type":"image\/png"}],"author":"apuntesdesanluis.com","twitter_card":"summary_large_image","twitter_misc":{"Escrito por":"apuntesdesanluis.com","Tiempo de lectura":"3 minutos"},"schema":{"@context":"https:\/\/schema.org","@graph":[{"@type":"Article","@id":"https:\/\/apuntesdesanluis.com\/index.php\/2024\/03\/18\/el-concejo-deliberante-sesiona-este-martes-con-un-extenso-temario\/#article","isPartOf":{"@id":"https:\/\/apuntesdesanluis.com\/index.php\/2024\/03\/18\/el-concejo-deliberante-sesiona-este-martes-con-un-extenso-temario\/"},"author":{"name":"apuntesdesanluis.com","@id":"https:\/\/apuntesdesanluis.com\/#\/schema\/person\/b55151d52296fcce64d1a72538a70b90"},"headline":"EL CONCEJO DELIBERANTE SESIONA ESTE MARTES CON UN EXTENSO TEMARIO","datePublished":"2024-03-18T23:42:36+00:00","dateModified":"2024-03-18T23:42:52+00:00","mainEntityOfPage":{"@id":"https:\/\/apuntesdesanluis.com\/index.php\/2024\/03\/18\/el-concejo-deliberante-sesiona-este-martes-con-un-extenso-temario\/"},"wordCount":662,"publisher":{"@id":"https:\/\/apuntesdesanluis.com\/#\/schema\/person\/b55151d52296fcce64d1a72538a70b90"},"image":{"@id":"https:\/\/apuntesdesanluis.com\/index.php\/2024\/03\/18\/el-concejo-deliberante-sesiona-este-martes-con-un-extenso-temario\/#primaryimage"},"thumbnailUrl":"https:\/\/apuntesdesanluis.com\/wp-content\/uploads\/2023\/12\/concejo-deliberante.png","articleSection":["Ciudad\/Provincia"],"inLanguage":"es-AR"},{"@type":"WebPage","@id":"https:\/\/apuntesdesanluis.com\/index.php\/2024\/03\/18\/el-concejo-deliberante-sesiona-este-martes-con-un-extenso-temario\/","url":"https:\/\/apuntesdesanluis.com\/index.php\/2024\/03\/18\/el-concejo-deliberante-sesiona-este-martes-con-un-extenso-temario\/","name":"EL CONCEJO DELIBERANTE SESIONA ESTE MARTES CON UN EXTENSO TEMARIO - Apuntes de San Luis","isPartOf":{"@id":"https:\/\/apuntesdesanluis.com\/#website"},"primaryImageOfPage":{"@id":"https:\/\/apuntesdesanluis.com\/index.php\/2024\/03\/18\/el-concejo-deliberante-sesiona-este-martes-con-un-extenso-temario\/#primaryimage"},"image":{"@id":"https:\/\/apuntesdesanluis.com\/index.php\/2024\/03\/18\/el-concejo-deliberante-sesiona-este-martes-con-un-extenso-temario\/#primaryimage"},"thumbnailUrl":"https:\/\/apuntesdesanluis.com\/wp-content\/uploads\/2023\/12\/concejo-deliberante.png","datePublished":"2024-03-18T23:42:36+00:00","dateModified":"2024-03-18T23:42:52+00:00","breadcrumb":{"@id":"https:\/\/apuntesdesanluis.com\/index.php\/2024\/03\/18\/el-concejo-deliberante-sesiona-este-martes-con-un-extenso-temario\/#breadcrumb"},"inLanguage":"es-AR","potentialAction":[{"@type":"ReadAction","target":["https:\/\/apuntesdesanluis.com\/index.php\/2024\/03\/18\/el-concejo-deliberante-sesiona-este-martes-con-un-extenso-temario\/"]}]},{"@type":"ImageObject","inLanguage":"es-AR","@id":"https:\/\/apuntesdesanluis.com\/index.php\/2024\/03\/18\/el-concejo-deliberante-sesiona-este-martes-con-un-extenso-temario\/#primaryimage","url":"https:\/\/apuntesdesanluis.com\/wp-content\/uploads\/2023\/12\/concejo-deliberante.png","contentUrl":"https:\/\/apuntesdesanluis.com\/wp-content\/uploads\/2023\/12\/concejo-deliberante.png","width":590,"height":367},{"@type":"BreadcrumbList","@id":"https:\/\/apuntesdesanluis.com\/index.php\/2024\/03\/18\/el-concejo-deliberante-sesiona-este-martes-con-un-extenso-temario\/#breadcrumb","itemListElement":[{"@type":"ListItem","position":1,"name":"Inicio","item":"https:\/\/apuntesdesanluis.com\/"},{"@type":"ListItem","position":2,"name":"EL CONCEJO DELIBERANTE SESIONA ESTE MARTES CON UN EXTENSO TEMARIO"}]},{"@type":"WebSite","@id":"https:\/\/apuntesdesanluis.com\/#website","url":"https:\/\/apuntesdesanluis.com\/","name":"Apuntes de San Luis","description":"","publisher":{"@id":"https:\/\/apuntesdesanluis.com\/#\/schema\/person\/b55151d52296fcce64d1a72538a70b90"},"potentialAction":[{"@type":"SearchAction","target":{"@type":"EntryPoint","urlTemplate":"https:\/\/apuntesdesanluis.com\/?s={search_term_string}"},"query-input":{"@type":"PropertyValueSpecification","valueRequired":true,"valueName":"search_term_string"}}],"inLanguage":"es-AR"},{"@type":["Person","Organization"],"@id":"https:\/\/apuntesdesanluis.com\/#\/schema\/person\/b55151d52296fcce64d1a72538a70b90","name":"apuntesdesanluis.com","image":{"@type":"ImageObject","inLanguage":"es-AR","@id":"https:\/\/apuntesdesanluis.com\/#\/schema\/person\/image\/","url":"https:\/\/apuntesdesanluis.com\/wp-content\/uploads\/2023\/07\/cropped-apuntesdesanluis.png","contentUrl":"https:\/\/apuntesdesanluis.com\/wp-content\/uploads\/2023\/07\/cropped-apuntesdesanluis.png","width":450,"height":112,"caption":"apuntesdesanluis.com"},"logo":{"@id":"https:\/\/apuntesdesanluis.com\/#\/schema\/person\/image\/"},"sameAs":["https:\/\/apuntesdesanluis.com"],"url":"https:\/\/apuntesdesanluis.com\/index.php\/author\/apuntesdesanluis-com\/"}]}},"featured_image_urls":{"full":["https:\/\/apuntesdesanluis.com\/wp-content\/uploads\/2023\/12\/concejo-deliberante.png",590,367,false],"thumbnail":["https:\/\/apuntesdesanluis.com\/wp-content\/uploads\/2023\/12\/concejo-deliberante-150x150.png",150,150,true],"medium":["https:\/\/apuntesdesanluis.com\/wp-content\/uploads\/2023\/12\/concejo-deliberante-300x187.png",300,187,true],"medium_large":["https:\/\/apuntesdesanluis.com\/wp-content\/uploads\/2023\/12\/concejo-deliberante.png",590,367,false],"large":["https:\/\/apuntesdesanluis.com\/wp-content\/uploads\/2023\/12\/concejo-deliberante.png",590,367,false],"1536x1536":["https:\/\/apuntesdesanluis.com\/wp-content\/uploads\/2023\/12\/concejo-deliberante.png",590,367,false],"2048x2048":["https:\/\/apuntesdesanluis.com\/wp-content\/uploads\/2023\/12\/concejo-deliberante.png",590,367,false],"newsever-slider-full":["https:\/\/apuntesdesanluis.com\/wp-content\/uploads\/2023\/12\/concejo-deliberante.png",590,367,false],"newsever-featured":["https:\/\/apuntesdesanluis.com\/wp-content\/uploads\/2023\/12\/concejo-deliberante.png",590,367,false],"newsever-medium":["https:\/\/apuntesdesanluis.com\/wp-content\/uploads\/2023\/12\/concejo-deliberante.png",590,367,false]},"author_info":{"display_name":"apuntesdesanluis.com","author_link":"https:\/\/apuntesdesanluis.com\/index.php\/author\/apuntesdesanluis-com\/"},"category_info":"<a href=\"https:\/\/apuntesdesanluis.com\/index.php\/category\/ciudad-provincia\/\" rel=\"category tag\">Ciudad\/Provincia<\/a>","tag_info":"Ciudad\/Provincia","comment_count":"0","_links":{"self":[{"href":"https:\/\/apuntesdesanluis.com\/index.php\/wp-json\/wp\/v2\/posts\/13285","targetHints":{"allow":["GET"]}}],"collection":[{"href":"https:\/\/apuntesdesanluis.com\/index.php\/wp-json\/wp\/v2\/posts"}],"about":[{"href":"https:\/\/apuntesdesanluis.com\/index.php\/wp-json\/wp\/v2\/types\/post"}],"author":[{"embeddable":true,"href":"https:\/\/apuntesdesanluis.com\/index.php\/wp-json\/wp\/v2\/users\/1"}],"replies":[{"embeddable":true,"href":"https:\/\/apuntesdesanluis.com\/index.php\/wp-json\/wp\/v2\/comments?post=13285"}],"version-history":[{"count":4,"href":"https:\/\/apuntesdesanluis.com\/index.php\/wp-json\/wp\/v2\/posts\/13285\/revisions"}],"predecessor-version":[{"id":13324,"href":"https:\/\/apuntesdesanluis.com\/index.php\/wp-json\/wp\/v2\/posts\/13285\/revisions\/13324"}],"wp:featuredmedia":[{"embeddable":true,"href":"https:\/\/apuntesdesanluis.com\/index.php\/wp-json\/wp\/v2\/media\/8291"}],"wp:attachment":[{"href":"https:\/\/apuntesdesanluis.com\/index.php\/wp-json\/wp\/v2\/media?parent=13285"}],"wp:term":[{"taxonomy":"category","embeddable":true,"href":"https:\/\/apuntesdesanluis.com\/index.php\/wp-json\/wp\/v2\/categories?post=13285"},{"taxonomy":"post_tag","embeddable":true,"href":"https:\/\/apuntesdesanluis.com\/index.php\/wp-json\/wp\/v2\/tags?post=13285"}],"curies":[{"name":"wp","href":"https:\/\/api.w.org\/{rel}","templated":true}]}}