{"id":13303,"date":"2024-03-16T20:45:49","date_gmt":"2024-03-16T23:45:49","guid":{"rendered":"https:\/\/apuntesdesanluis.com\/?p=13303"},"modified":"2024-03-17T20:48:14","modified_gmt":"2024-03-17T23:48:14","slug":"ola-de-calor-sin-precedentes-en-brasil-la-sensacion-termica-en-rio-de-janeiro-supero-los-60-grados","status":"publish","type":"post","link":"https:\/\/apuntesdesanluis.com\/index.php\/2024\/03\/16\/ola-de-calor-sin-precedentes-en-brasil-la-sensacion-termica-en-rio-de-janeiro-supero-los-60-grados\/","title":{"rendered":"OLA DE CALOR SIN PRECEDENTES EN BRASIL: LA SENSACI\u00d3N T\u00c9RMICA EN R\u00cdO DE JANEIRO SUPER\u00d3 LOS 60 GRADOS"},"content":{"rendered":"<h3>Las playas brasile\u00f1as se vieron invadidas por una ola de personas y sombrillas que intentaron pasar en el mar el d\u00eda m\u00e1s caluroso de la regi\u00f3n desde que se tienen registros.<\/h3>\n<h3>La regi\u00f3n oeste de R\u00edo de Janeiro, Brasil, el s\u00e1bado registr\u00f3 una sensaci\u00f3n t\u00e9rmica de 60,1\u00b0C, la &#8220;m\u00e1s alta registrada desde 2014\u201d, informaron desde el Sistema Alerta R\u00edo, organismo dependiente del Ayuntamiento de R\u00edo de Janeiro. La ola de calor llev\u00f3 este domingo a los habitantes de la zona a volcarse a las playas y los parques para resistir las altas temperaturas.<\/h3>\n<h3>De esta manera, las temperaturas superaron el r\u00e9cord registrado en noviembre de 2023, cuando la sensaci\u00f3n t\u00e9rmica alcanz\u00f3 los 59,7\u00b0C, en el marco de una intolerable ola de calor extremo.<\/h3>\n<h3>Ante un escenario de falta de lluvia que intensifica el calor, este domingo los term\u00f3metros marcaban entre 37 y 38 \u00baC en la mayor parte de la ciudad. Pero el organismo advirti\u00f3 que podr\u00edan subir hasta 42 \u00baC y habr\u00eda sensaciones t\u00e9rmicas superiores a los 50\u00b0C.<\/h3>\n<h3>Seg\u00fan el Sistema Alerta R\u00edo, la regi\u00f3n oeste de R\u00edo de Janeiro, m\u00e1s espec\u00edficamente la zona de Guaratiba, es propensa a tener estas temperaturas debido a algunas caracter\u00edsticas geogr\u00e1ficas particulares que favorecen este fen\u00f3meno climatol\u00f3gico, especialmente en las horas de la ma\u00f1ana. Cabe recordar que esta zona es h\u00fameda debido a las cercan\u00edas con el oc\u00e9ano y porque suele verse influenciadas por vientos c\u00e1lidos del norte.<\/h3>\n<h3>Ante esta ola de calor, desde UNICEF (Fondo de las Naciones Unidas para la Infancia) recomiendan a la poblaci\u00f3n hidratarse constantemente, evitar la exposici\u00f3n prolongada al sol, usar protector solar e intentar permanecer a la sombra o en su defecto utilizar sombreros y\/o sombrillas.<\/h3>\n<h3>Es por eso que mientras las autoridades publican consejos para sobrellevar las altas temperaturas, las emblem\u00e1ticas playas de Ipanema y Copacabana luc\u00edan repletas.<\/h3>\n<p><img fetchpriority=\"high\" decoding=\"async\" class=\"wp-image-13305 aligncenter\" src=\"https:\/\/apuntesdesanluis.com\/wp-content\/uploads\/2024\/03\/OLA-DE-CALOR-EN-BRASIL-300x194.png\" alt=\"\" width=\"735\" height=\"475\" srcset=\"https:\/\/apuntesdesanluis.com\/wp-content\/uploads\/2024\/03\/OLA-DE-CALOR-EN-BRASIL-300x194.png 300w, https:\/\/apuntesdesanluis.com\/wp-content\/uploads\/2024\/03\/OLA-DE-CALOR-EN-BRASIL.png 661w\" sizes=\"(max-width: 735px) 100vw, 735px\" \/><\/p>\n<h3>Los cariocas tambi\u00e9n acudieron a refugiarse en el parque de Tijuca, una importante reserva natural en plena ciudad. Una residente de 40 a\u00f1os le coment\u00f3 a AFP que &#8220;antes no ten\u00edan un calor como este&#8221;.<\/h3>\n<h3>En Sao Paulo, los habitantes llenaron parques y plazas, lo que caus\u00f3 grandes embotellamientos en los accesos a la zona. Seg\u00fan reportaron medios locales, este sabado hubo filas de autos de hasta 20 kil\u00f3metros.<\/h3>\n<h3>LLUVIAS E INUNDACIONES EN PARALELO<\/h3>\n<h3>En tanto, las lluvias extremas hac\u00edan estragos en el sur del Brasil y continuar\u00e1n la semana pr\u00f3xima. Estiman que podr\u00edan caer hasta 500 mm de lluvias, seg\u00fan Metsul.<\/h3>\n<h3>&#8220;La semana ser\u00e1 de muy alto riesgo en el Centro-Sur de Brasil por intensas lluvias y tormentas. El sistema m\u00e1s preocupante es un frente fr\u00edo muy intenso que llegar\u00e1 con lluvias torrenciales y posibles vendavales&#8221;, advirti\u00f3 el domingo la agencia de informaci\u00f3n meteorol\u00f3gica MetSul.<\/h3>\n<h3>En algunas localidades del estado sure\u00f1o de Rio Grande do Sul, estado fronterizo con Argentina y Uruguay, se registraron &#8220;vol\u00famenes excepcionalmente altos&#8221; de precipitaciones, de hasta 300 mil\u00edmetros.<\/h3>\n<h3>Cabe recordar que en febrero, Rio Grande do Sul se hab\u00eda visto sofocado por temperaturas extremas debido a una &#8220;c\u00fapula de calor extremo&#8221; proveniente de Argentina.<\/h3>\n<h3>La alcald\u00eda del municipio de Uruguaiana, el m\u00e1s castigado del estado, divulg\u00f3 im\u00e1genes de calles inundadas y autobuses sumergidos hasta la mitad en el agua. Adem\u00e1s, advierten que podr\u00edan caer hasta 500 mm de lluvias, seg\u00fan Metsul.<\/h3>\n<h3>Estos temporales, inusuales en esta \u00e9poca y atribuidos al desorden clim\u00e1tico provocado por el fen\u00f3meno El Ni\u00f1o, ya afectaron a unas 30.000 personas, muchas de las cuales perdieron sus viviendas y est\u00e1n desde entonces en residencias temporales alquiladas por las autoridades locales.<\/h3>\n<h3>Cabe mencionar que el a\u00f1o pasado Brasil ya vivi\u00f3 el que fue el a\u00f1o m\u00e1s caluroso de su historia. El pa\u00eds sufri\u00f3 hasta 9 olas de calor en todo el a\u00f1o y 15 estados estuvieron en alerta por altas temperaturas. Como consecuencia de este clima extremo, algunos r\u00edos de la Amazon\u00eda se secaron como nunca antes y las intensas lluvias dejaron decenas de muertos en el sur del pa\u00eds.<\/h3>\n<h3>Seg\u00fan los cient\u00edficos, las temperaturas a nivel global se calcula que est\u00e1n aproximadamente 1,2\u00ba C m\u00e1s altas en comparaci\u00f3n con mediados del siglo XIX, lo que causa un aumento de inundaciones, sequ\u00edas y olas de calor.<\/h3>\n<p>&nbsp;<\/p>\n<p>&nbsp;<\/p>\n<p>&nbsp;<\/p>\n<p>&nbsp;<\/p>\n<p>&nbsp;<\/p>\n<p>&nbsp;<\/p>\n","protected":false},"excerpt":{"rendered":"<p>Las playas brasile\u00f1as se vieron invadidas por una ola de personas y sombrillas que intentaron&#8230;<\/p>\n","protected":false},"author":1,"featured_media":13304,"comment_status":"closed","ping_status":"closed","sticky":false,"template":"","format":"standard","meta":{"footnotes":""},"categories":[5],"tags":[],"class_list":["post-13303","post","type-post","status-publish","format-standard","has-post-thumbnail","hentry","category-nacionales-internacionales"],"yoast_head":"<!-- This site is optimized with the Yoast SEO plugin v26.1.1 - https:\/\/yoast.com\/wordpress\/plugins\/seo\/ -->\n<title>OLA DE CALOR SIN PRECEDENTES EN BRASIL: LA SENSACI\u00d3N T\u00c9RMICA EN R\u00cdO DE JANEIRO SUPER\u00d3 LOS 60 GRADOS - Apuntes de San Luis<\/title>\n<meta name=\"robots\" content=\"index, follow, max-snippet:-1, max-image-preview:large, max-video-preview:-1\" \/>\n<link rel=\"canonical\" href=\"https:\/\/apuntesdesanluis.com\/index.php\/2024\/03\/16\/ola-de-calor-sin-precedentes-en-brasil-la-sensacion-termica-en-rio-de-janeiro-supero-los-60-grados\/\" \/>\n<meta property=\"og:locale\" content=\"es_ES\" \/>\n<meta property=\"og:type\" content=\"article\" \/>\n<meta property=\"og:title\" content=\"OLA DE CALOR SIN PRECEDENTES EN BRASIL: LA SENSACI\u00d3N T\u00c9RMICA EN R\u00cdO DE JANEIRO SUPER\u00d3 LOS 60 GRADOS - Apuntes de San Luis\" \/>\n<meta property=\"og:description\" content=\"Las playas brasile\u00f1as se vieron invadidas por una ola de personas y sombrillas que intentaron...\" \/>\n<meta property=\"og:url\" content=\"https:\/\/apuntesdesanluis.com\/index.php\/2024\/03\/16\/ola-de-calor-sin-precedentes-en-brasil-la-sensacion-termica-en-rio-de-janeiro-supero-los-60-grados\/\" \/>\n<meta property=\"og:site_name\" content=\"Apuntes de San Luis\" \/>\n<meta property=\"article:published_time\" content=\"2024-03-16T23:45:49+00:00\" \/>\n<meta property=\"article:modified_time\" content=\"2024-03-17T23:48:14+00:00\" \/>\n<meta property=\"og:image\" content=\"https:\/\/apuntesdesanluis.com\/wp-content\/uploads\/2024\/03\/BRASIL.png\" \/>\n\t<meta property=\"og:image:width\" content=\"706\" \/>\n\t<meta property=\"og:image:height\" content=\"427\" \/>\n\t<meta property=\"og:image:type\" content=\"image\/png\" \/>\n<meta name=\"author\" content=\"apuntesdesanluis.com\" \/>\n<meta name=\"twitter:card\" content=\"summary_large_image\" \/>\n<meta name=\"twitter:label1\" content=\"Escrito por\" \/>\n\t<meta name=\"twitter:data1\" content=\"apuntesdesanluis.com\" \/>\n\t<meta name=\"twitter:label2\" content=\"Tiempo de lectura\" \/>\n\t<meta name=\"twitter:data2\" content=\"4 minutos\" \/>\n<script type=\"application\/ld+json\" class=\"yoast-schema-graph\">{\"@context\":\"https:\/\/schema.org\",\"@graph\":[{\"@type\":\"Article\",\"@id\":\"https:\/\/apuntesdesanluis.com\/index.php\/2024\/03\/16\/ola-de-calor-sin-precedentes-en-brasil-la-sensacion-termica-en-rio-de-janeiro-supero-los-60-grados\/#article\",\"isPartOf\":{\"@id\":\"https:\/\/apuntesdesanluis.com\/index.php\/2024\/03\/16\/ola-de-calor-sin-precedentes-en-brasil-la-sensacion-termica-en-rio-de-janeiro-supero-los-60-grados\/\"},\"author\":{\"name\":\"apuntesdesanluis.com\",\"@id\":\"https:\/\/apuntesdesanluis.com\/#\/schema\/person\/b55151d52296fcce64d1a72538a70b90\"},\"headline\":\"OLA DE CALOR SIN PRECEDENTES EN BRASIL: LA SENSACI\u00d3N T\u00c9RMICA EN R\u00cdO DE JANEIRO SUPER\u00d3 LOS 60 GRADOS\",\"datePublished\":\"2024-03-16T23:45:49+00:00\",\"dateModified\":\"2024-03-17T23:48:14+00:00\",\"mainEntityOfPage\":{\"@id\":\"https:\/\/apuntesdesanluis.com\/index.php\/2024\/03\/16\/ola-de-calor-sin-precedentes-en-brasil-la-sensacion-termica-en-rio-de-janeiro-supero-los-60-grados\/\"},\"wordCount\":780,\"publisher\":{\"@id\":\"https:\/\/apuntesdesanluis.com\/#\/schema\/person\/b55151d52296fcce64d1a72538a70b90\"},\"image\":{\"@id\":\"https:\/\/apuntesdesanluis.com\/index.php\/2024\/03\/16\/ola-de-calor-sin-precedentes-en-brasil-la-sensacion-termica-en-rio-de-janeiro-supero-los-60-grados\/#primaryimage\"},\"thumbnailUrl\":\"https:\/\/apuntesdesanluis.com\/wp-content\/uploads\/2024\/03\/BRASIL.png\",\"articleSection\":[\"Nacionales\/Internacionales\"],\"inLanguage\":\"es-AR\"},{\"@type\":\"WebPage\",\"@id\":\"https:\/\/apuntesdesanluis.com\/index.php\/2024\/03\/16\/ola-de-calor-sin-precedentes-en-brasil-la-sensacion-termica-en-rio-de-janeiro-supero-los-60-grados\/\",\"url\":\"https:\/\/apuntesdesanluis.com\/index.php\/2024\/03\/16\/ola-de-calor-sin-precedentes-en-brasil-la-sensacion-termica-en-rio-de-janeiro-supero-los-60-grados\/\",\"name\":\"OLA DE CALOR SIN PRECEDENTES EN BRASIL: LA SENSACI\u00d3N T\u00c9RMICA EN R\u00cdO DE JANEIRO SUPER\u00d3 LOS 60 GRADOS - Apuntes de San Luis\",\"isPartOf\":{\"@id\":\"https:\/\/apuntesdesanluis.com\/#website\"},\"primaryImageOfPage\":{\"@id\":\"https:\/\/apuntesdesanluis.com\/index.php\/2024\/03\/16\/ola-de-calor-sin-precedentes-en-brasil-la-sensacion-termica-en-rio-de-janeiro-supero-los-60-grados\/#primaryimage\"},\"image\":{\"@id\":\"https:\/\/apuntesdesanluis.com\/index.php\/2024\/03\/16\/ola-de-calor-sin-precedentes-en-brasil-la-sensacion-termica-en-rio-de-janeiro-supero-los-60-grados\/#primaryimage\"},\"thumbnailUrl\":\"https:\/\/apuntesdesanluis.com\/wp-content\/uploads\/2024\/03\/BRASIL.png\",\"datePublished\":\"2024-03-16T23:45:49+00:00\",\"dateModified\":\"2024-03-17T23:48:14+00:00\",\"breadcrumb\":{\"@id\":\"https:\/\/apuntesdesanluis.com\/index.php\/2024\/03\/16\/ola-de-calor-sin-precedentes-en-brasil-la-sensacion-termica-en-rio-de-janeiro-supero-los-60-grados\/#breadcrumb\"},\"inLanguage\":\"es-AR\",\"potentialAction\":[{\"@type\":\"ReadAction\",\"target\":[\"https:\/\/apuntesdesanluis.com\/index.php\/2024\/03\/16\/ola-de-calor-sin-precedentes-en-brasil-la-sensacion-termica-en-rio-de-janeiro-supero-los-60-grados\/\"]}]},{\"@type\":\"ImageObject\",\"inLanguage\":\"es-AR\",\"@id\":\"https:\/\/apuntesdesanluis.com\/index.php\/2024\/03\/16\/ola-de-calor-sin-precedentes-en-brasil-la-sensacion-termica-en-rio-de-janeiro-supero-los-60-grados\/#primaryimage\",\"url\":\"https:\/\/apuntesdesanluis.com\/wp-content\/uploads\/2024\/03\/BRASIL.png\",\"contentUrl\":\"https:\/\/apuntesdesanluis.com\/wp-content\/uploads\/2024\/03\/BRASIL.png\",\"width\":706,\"height\":427},{\"@type\":\"BreadcrumbList\",\"@id\":\"https:\/\/apuntesdesanluis.com\/index.php\/2024\/03\/16\/ola-de-calor-sin-precedentes-en-brasil-la-sensacion-termica-en-rio-de-janeiro-supero-los-60-grados\/#breadcrumb\",\"itemListElement\":[{\"@type\":\"ListItem\",\"position\":1,\"name\":\"Inicio\",\"item\":\"https:\/\/apuntesdesanluis.com\/\"},{\"@type\":\"ListItem\",\"position\":2,\"name\":\"OLA DE CALOR SIN PRECEDENTES EN BRASIL: LA SENSACI\u00d3N T\u00c9RMICA EN R\u00cdO DE JANEIRO SUPER\u00d3 LOS 60 GRADOS\"}]},{\"@type\":\"WebSite\",\"@id\":\"https:\/\/apuntesdesanluis.com\/#website\",\"url\":\"https:\/\/apuntesdesanluis.com\/\",\"name\":\"Apuntes de San Luis\",\"description\":\"\",\"publisher\":{\"@id\":\"https:\/\/apuntesdesanluis.com\/#\/schema\/person\/b55151d52296fcce64d1a72538a70b90\"},\"potentialAction\":[{\"@type\":\"SearchAction\",\"target\":{\"@type\":\"EntryPoint\",\"urlTemplate\":\"https:\/\/apuntesdesanluis.com\/?s={search_term_string}\"},\"query-input\":{\"@type\":\"PropertyValueSpecification\",\"valueRequired\":true,\"valueName\":\"search_term_string\"}}],\"inLanguage\":\"es-AR\"},{\"@type\":[\"Person\",\"Organization\"],\"@id\":\"https:\/\/apuntesdesanluis.com\/#\/schema\/person\/b55151d52296fcce64d1a72538a70b90\",\"name\":\"apuntesdesanluis.com\",\"image\":{\"@type\":\"ImageObject\",\"inLanguage\":\"es-AR\",\"@id\":\"https:\/\/apuntesdesanluis.com\/#\/schema\/person\/image\/\",\"url\":\"https:\/\/apuntesdesanluis.com\/wp-content\/uploads\/2023\/07\/cropped-apuntesdesanluis.png\",\"contentUrl\":\"https:\/\/apuntesdesanluis.com\/wp-content\/uploads\/2023\/07\/cropped-apuntesdesanluis.png\",\"width\":450,\"height\":112,\"caption\":\"apuntesdesanluis.com\"},\"logo\":{\"@id\":\"https:\/\/apuntesdesanluis.com\/#\/schema\/person\/image\/\"},\"sameAs\":[\"https:\/\/apuntesdesanluis.com\"],\"url\":\"https:\/\/apuntesdesanluis.com\/index.php\/author\/apuntesdesanluis-com\/\"}]}<\/script>\n<!-- \/ Yoast SEO plugin. -->","yoast_head_json":{"title":"OLA DE CALOR SIN PRECEDENTES EN BRASIL: LA SENSACI\u00d3N T\u00c9RMICA EN R\u00cdO DE JANEIRO SUPER\u00d3 LOS 60 GRADOS - Apuntes de San Luis","robots":{"index":"index","follow":"follow","max-snippet":"max-snippet:-1","max-image-preview":"max-image-preview:large","max-video-preview":"max-video-preview:-1"},"canonical":"https:\/\/apuntesdesanluis.com\/index.php\/2024\/03\/16\/ola-de-calor-sin-precedentes-en-brasil-la-sensacion-termica-en-rio-de-janeiro-supero-los-60-grados\/","og_locale":"es_ES","og_type":"article","og_title":"OLA DE CALOR SIN PRECEDENTES EN BRASIL: LA SENSACI\u00d3N T\u00c9RMICA EN R\u00cdO DE JANEIRO SUPER\u00d3 LOS 60 GRADOS - Apuntes de San Luis","og_description":"Las playas brasile\u00f1as se vieron invadidas por una ola de personas y sombrillas que intentaron...","og_url":"https:\/\/apuntesdesanluis.com\/index.php\/2024\/03\/16\/ola-de-calor-sin-precedentes-en-brasil-la-sensacion-termica-en-rio-de-janeiro-supero-los-60-grados\/","og_site_name":"Apuntes de San Luis","article_published_time":"2024-03-16T23:45:49+00:00","article_modified_time":"2024-03-17T23:48:14+00:00","og_image":[{"width":706,"height":427,"url":"https:\/\/apuntesdesanluis.com\/wp-content\/uploads\/2024\/03\/BRASIL.png","type":"image\/png"}],"author":"apuntesdesanluis.com","twitter_card":"summary_large_image","twitter_misc":{"Escrito por":"apuntesdesanluis.com","Tiempo de lectura":"4 minutos"},"schema":{"@context":"https:\/\/schema.org","@graph":[{"@type":"Article","@id":"https:\/\/apuntesdesanluis.com\/index.php\/2024\/03\/16\/ola-de-calor-sin-precedentes-en-brasil-la-sensacion-termica-en-rio-de-janeiro-supero-los-60-grados\/#article","isPartOf":{"@id":"https:\/\/apuntesdesanluis.com\/index.php\/2024\/03\/16\/ola-de-calor-sin-precedentes-en-brasil-la-sensacion-termica-en-rio-de-janeiro-supero-los-60-grados\/"},"author":{"name":"apuntesdesanluis.com","@id":"https:\/\/apuntesdesanluis.com\/#\/schema\/person\/b55151d52296fcce64d1a72538a70b90"},"headline":"OLA DE CALOR SIN PRECEDENTES EN BRASIL: LA SENSACI\u00d3N T\u00c9RMICA EN R\u00cdO DE JANEIRO SUPER\u00d3 LOS 60 GRADOS","datePublished":"2024-03-16T23:45:49+00:00","dateModified":"2024-03-17T23:48:14+00:00","mainEntityOfPage":{"@id":"https:\/\/apuntesdesanluis.com\/index.php\/2024\/03\/16\/ola-de-calor-sin-precedentes-en-brasil-la-sensacion-termica-en-rio-de-janeiro-supero-los-60-grados\/"},"wordCount":780,"publisher":{"@id":"https:\/\/apuntesdesanluis.com\/#\/schema\/person\/b55151d52296fcce64d1a72538a70b90"},"image":{"@id":"https:\/\/apuntesdesanluis.com\/index.php\/2024\/03\/16\/ola-de-calor-sin-precedentes-en-brasil-la-sensacion-termica-en-rio-de-janeiro-supero-los-60-grados\/#primaryimage"},"thumbnailUrl":"https:\/\/apuntesdesanluis.com\/wp-content\/uploads\/2024\/03\/BRASIL.png","articleSection":["Nacionales\/Internacionales"],"inLanguage":"es-AR"},{"@type":"WebPage","@id":"https:\/\/apuntesdesanluis.com\/index.php\/2024\/03\/16\/ola-de-calor-sin-precedentes-en-brasil-la-sensacion-termica-en-rio-de-janeiro-supero-los-60-grados\/","url":"https:\/\/apuntesdesanluis.com\/index.php\/2024\/03\/16\/ola-de-calor-sin-precedentes-en-brasil-la-sensacion-termica-en-rio-de-janeiro-supero-los-60-grados\/","name":"OLA DE CALOR SIN PRECEDENTES EN BRASIL: LA SENSACI\u00d3N T\u00c9RMICA EN R\u00cdO DE JANEIRO SUPER\u00d3 LOS 60 GRADOS - Apuntes de San Luis","isPartOf":{"@id":"https:\/\/apuntesdesanluis.com\/#website"},"primaryImageOfPage":{"@id":"https:\/\/apuntesdesanluis.com\/index.php\/2024\/03\/16\/ola-de-calor-sin-precedentes-en-brasil-la-sensacion-termica-en-rio-de-janeiro-supero-los-60-grados\/#primaryimage"},"image":{"@id":"https:\/\/apuntesdesanluis.com\/index.php\/2024\/03\/16\/ola-de-calor-sin-precedentes-en-brasil-la-sensacion-termica-en-rio-de-janeiro-supero-los-60-grados\/#primaryimage"},"thumbnailUrl":"https:\/\/apuntesdesanluis.com\/wp-content\/uploads\/2024\/03\/BRASIL.png","datePublished":"2024-03-16T23:45:49+00:00","dateModified":"2024-03-17T23:48:14+00:00","breadcrumb":{"@id":"https:\/\/apuntesdesanluis.com\/index.php\/2024\/03\/16\/ola-de-calor-sin-precedentes-en-brasil-la-sensacion-termica-en-rio-de-janeiro-supero-los-60-grados\/#breadcrumb"},"inLanguage":"es-AR","potentialAction":[{"@type":"ReadAction","target":["https:\/\/apuntesdesanluis.com\/index.php\/2024\/03\/16\/ola-de-calor-sin-precedentes-en-brasil-la-sensacion-termica-en-rio-de-janeiro-supero-los-60-grados\/"]}]},{"@type":"ImageObject","inLanguage":"es-AR","@id":"https:\/\/apuntesdesanluis.com\/index.php\/2024\/03\/16\/ola-de-calor-sin-precedentes-en-brasil-la-sensacion-termica-en-rio-de-janeiro-supero-los-60-grados\/#primaryimage","url":"https:\/\/apuntesdesanluis.com\/wp-content\/uploads\/2024\/03\/BRASIL.png","contentUrl":"https:\/\/apuntesdesanluis.com\/wp-content\/uploads\/2024\/03\/BRASIL.png","width":706,"height":427},{"@type":"BreadcrumbList","@id":"https:\/\/apuntesdesanluis.com\/index.php\/2024\/03\/16\/ola-de-calor-sin-precedentes-en-brasil-la-sensacion-termica-en-rio-de-janeiro-supero-los-60-grados\/#breadcrumb","itemListElement":[{"@type":"ListItem","position":1,"name":"Inicio","item":"https:\/\/apuntesdesanluis.com\/"},{"@type":"ListItem","position":2,"name":"OLA DE CALOR SIN PRECEDENTES EN BRASIL: LA SENSACI\u00d3N T\u00c9RMICA EN R\u00cdO DE JANEIRO SUPER\u00d3 LOS 60 GRADOS"}]},{"@type":"WebSite","@id":"https:\/\/apuntesdesanluis.com\/#website","url":"https:\/\/apuntesdesanluis.com\/","name":"Apuntes de San Luis","description":"","publisher":{"@id":"https:\/\/apuntesdesanluis.com\/#\/schema\/person\/b55151d52296fcce64d1a72538a70b90"},"potentialAction":[{"@type":"SearchAction","target":{"@type":"EntryPoint","urlTemplate":"https:\/\/apuntesdesanluis.com\/?s={search_term_string}"},"query-input":{"@type":"PropertyValueSpecification","valueRequired":true,"valueName":"search_term_string"}}],"inLanguage":"es-AR"},{"@type":["Person","Organization"],"@id":"https:\/\/apuntesdesanluis.com\/#\/schema\/person\/b55151d52296fcce64d1a72538a70b90","name":"apuntesdesanluis.com","image":{"@type":"ImageObject","inLanguage":"es-AR","@id":"https:\/\/apuntesdesanluis.com\/#\/schema\/person\/image\/","url":"https:\/\/apuntesdesanluis.com\/wp-content\/uploads\/2023\/07\/cropped-apuntesdesanluis.png","contentUrl":"https:\/\/apuntesdesanluis.com\/wp-content\/uploads\/2023\/07\/cropped-apuntesdesanluis.png","width":450,"height":112,"caption":"apuntesdesanluis.com"},"logo":{"@id":"https:\/\/apuntesdesanluis.com\/#\/schema\/person\/image\/"},"sameAs":["https:\/\/apuntesdesanluis.com"],"url":"https:\/\/apuntesdesanluis.com\/index.php\/author\/apuntesdesanluis-com\/"}]}},"featured_image_urls":{"full":["https:\/\/apuntesdesanluis.com\/wp-content\/uploads\/2024\/03\/BRASIL.png",706,427,false],"thumbnail":["https:\/\/apuntesdesanluis.com\/wp-content\/uploads\/2024\/03\/BRASIL-150x150.png",150,150,true],"medium":["https:\/\/apuntesdesanluis.com\/wp-content\/uploads\/2024\/03\/BRASIL-300x181.png",300,181,true],"medium_large":["https:\/\/apuntesdesanluis.com\/wp-content\/uploads\/2024\/03\/BRASIL.png",640,387,false],"large":["https:\/\/apuntesdesanluis.com\/wp-content\/uploads\/2024\/03\/BRASIL.png",640,387,false],"1536x1536":["https:\/\/apuntesdesanluis.com\/wp-content\/uploads\/2024\/03\/BRASIL.png",706,427,false],"2048x2048":["https:\/\/apuntesdesanluis.com\/wp-content\/uploads\/2024\/03\/BRASIL.png",706,427,false],"newsever-slider-full":["https:\/\/apuntesdesanluis.com\/wp-content\/uploads\/2024\/03\/BRASIL.png",706,427,false],"newsever-featured":["https:\/\/apuntesdesanluis.com\/wp-content\/uploads\/2024\/03\/BRASIL.png",706,427,false],"newsever-medium":["https:\/\/apuntesdesanluis.com\/wp-content\/uploads\/2024\/03\/BRASIL.png",706,427,false]},"author_info":{"display_name":"apuntesdesanluis.com","author_link":"https:\/\/apuntesdesanluis.com\/index.php\/author\/apuntesdesanluis-com\/"},"category_info":"<a href=\"https:\/\/apuntesdesanluis.com\/index.php\/category\/nacionales-internacionales\/\" rel=\"category tag\">Nacionales\/Internacionales<\/a>","tag_info":"Nacionales\/Internacionales","comment_count":"0","_links":{"self":[{"href":"https:\/\/apuntesdesanluis.com\/index.php\/wp-json\/wp\/v2\/posts\/13303","targetHints":{"allow":["GET"]}}],"collection":[{"href":"https:\/\/apuntesdesanluis.com\/index.php\/wp-json\/wp\/v2\/posts"}],"about":[{"href":"https:\/\/apuntesdesanluis.com\/index.php\/wp-json\/wp\/v2\/types\/post"}],"author":[{"embeddable":true,"href":"https:\/\/apuntesdesanluis.com\/index.php\/wp-json\/wp\/v2\/users\/1"}],"replies":[{"embeddable":true,"href":"https:\/\/apuntesdesanluis.com\/index.php\/wp-json\/wp\/v2\/comments?post=13303"}],"version-history":[{"count":2,"href":"https:\/\/apuntesdesanluis.com\/index.php\/wp-json\/wp\/v2\/posts\/13303\/revisions"}],"predecessor-version":[{"id":13307,"href":"https:\/\/apuntesdesanluis.com\/index.php\/wp-json\/wp\/v2\/posts\/13303\/revisions\/13307"}],"wp:featuredmedia":[{"embeddable":true,"href":"https:\/\/apuntesdesanluis.com\/index.php\/wp-json\/wp\/v2\/media\/13304"}],"wp:attachment":[{"href":"https:\/\/apuntesdesanluis.com\/index.php\/wp-json\/wp\/v2\/media?parent=13303"}],"wp:term":[{"taxonomy":"category","embeddable":true,"href":"https:\/\/apuntesdesanluis.com\/index.php\/wp-json\/wp\/v2\/categories?post=13303"},{"taxonomy":"post_tag","embeddable":true,"href":"https:\/\/apuntesdesanluis.com\/index.php\/wp-json\/wp\/v2\/tags?post=13303"}],"curies":[{"name":"wp","href":"https:\/\/api.w.org\/{rel}","templated":true}]}}