{"id":13312,"date":"2024-03-17T21:09:21","date_gmt":"2024-03-18T00:09:21","guid":{"rendered":"https:\/\/apuntesdesanluis.com\/?p=13312"},"modified":"2024-03-17T21:09:21","modified_gmt":"2024-03-18T00:09:21","slug":"morales-y-varios-historicos-del-radicalismo-apoyaron-a-lousteau-tras-su-voto-contra-el-dnu-de-milei","status":"publish","type":"post","link":"https:\/\/apuntesdesanluis.com\/index.php\/2024\/03\/17\/morales-y-varios-historicos-del-radicalismo-apoyaron-a-lousteau-tras-su-voto-contra-el-dnu-de-milei\/","title":{"rendered":"MORALES Y VARIOS HIST\u00d3RICOS DEL RADICALISMO APOYARON A LOUSTEAU TRAS SU VOTO CONTRA EL DNU DE MILEI"},"content":{"rendered":"<h3>Numerosos referentes de la UCR, entre ellos <strong>Walter Ceballos<\/strong>, firmaron un comunicado en el que sostuvieron que el voto negativo en el Senado del presidente del Comit\u00e9 Nacional \u201cfue un posicionamiento adecuado para resguardar los m\u00e1rgenes constitucionales&#8221;, considerando que el proyecto de Milei \u201csolo busca ensa\u00f1arse en denostar a la pol\u00edtica y al Estado\u201d.<\/h3>\n<h3>Este fin de semana, dirigentes de la UCR emitieron un comunicado bajo el nombre &#8220;Una Argentina moderna en el marco de la Constituci\u00f3n y la Ley&#8221; para expresar su apoyo a Mart\u00edn Lousteau, presidente del Comit\u00e9 Nacional, tras su voto negativo en el Senado al DNU 70\/2023 del presidente Javier Milei para desregular la econom\u00eda.<\/h3>\n<h3>Al respecto, se\u00f1alaron que este posicionamiento &#8220;constituye una declaraci\u00f3n contundente de revalidaci\u00f3n de los principios y de la trayectoria institucional y republicana de la Uni\u00f3n C\u00edvica Radical&#8221; y que consideran &#8220;innegociable&#8221; a &#8220;cualquier pol\u00edtica que ponga en riesgo el sistema democr\u00e1tico y la Constituci\u00f3n Nacional&#8221;.<\/h3>\n<h3><strong>COMUNICADO DE LA UCR<\/strong><\/h3>\n<h3>&#8220;La UCR est\u00e1 integrada por miles de hombres y mujeres dirigentes, militantes y especialistas en todo el pa\u00eds, quienes estamos dispuestos a dar lo mejor para sacar a la Argentina de esta debacle nacional como consecuencia de p\u00e9simos gobiernos que han dejado diezmado a nuestro pa\u00eds&#8221;, continu\u00f3 el comunicado.<\/h3>\n<h3>Luego, aseguraron: &#8220;Tenemos importantes proyectos para aportar, innovadoras soluciones a los problemas que aquejan a la ciudadan\u00eda. Estamos dispuestos a impulsar y a dar los debates m\u00e1s audaces y profundos para reformar definitivamente las pol\u00edticas, los programas, los presupuestos y los modelos de gesti\u00f3n que en la actualidad da\u00f1an la paz social y el bienestar general&#8221;.<\/h3>\n<h3>Al respecto, sostuvieron que la vocaci\u00f3n por el respeto a la Constituci\u00f3n y al sistema democr\u00e1tico es un &#8220;mandato indeclinable&#8221; tanto para Lousteau como para la dirigencia que lo acompa\u00f1a.<\/h3>\n<h3>&#8220;No existe justificaci\u00f3n alguna para poner en riesgo la construcci\u00f3n democr\u00e1tica, pac\u00edfica y moderna que permita cambiar el rumbo definitivamente de la Argentina&#8221;, agregaron.<\/h3>\n<h3>Finalmente, concluyeron: &#8220;Las y los abajo firmantes ratificamos el apoyo a la Presidencia de la UCR y a los m\u00e1ximos \u00f3rganos partidarios que han garantizado el posicionamiento adecuado para resguardar los m\u00e1rgenes constitucionales y evitar una discusi\u00f3n peligrosa que solo busca ensa\u00f1arse en denostar a la pol\u00edtica y al Estado y a todas las personas que tienen diversos pensamientos, sin evidenciar concretamente los planes que permitir\u00e1n el verdadero despegue de la Argentina&#8221;.<\/h3>\n<h3>Entre las firmas destacadas en el comunicado se encuentran Juan Manuel Casella, Elva Roulet, Federico Storani, Laura Echezarreta, Adriano Morone, Felipe Michlig, Mabel Bianco, Luis C\u00e1ceres, Rafael Pascual, Maria Luisa Storani, Carlos Becerra, Cristina Guevara, Ra\u00fal Galv\u00e1n, Liliana Denot, Daniel Larriqueta, Ricardo Barrios Arrechea, Norma Allegrone, Gerardo Merino, Lorena Matzen, Jos\u00e9 Cano, Martin Ocampo, Lucia Alberti, Gerardo, Morales, Teresita Villavicencio, Dami\u00e1n Biss, Marcelo Alegre, Ariel Santurio, Antonio Marchiolo, Fabi\u00e1n Zaccardi, Federico Recagno, Rodolfo Parente, <strong>Walter Ceballos<\/strong>, Nicolas Giri, entre otros.<\/h3>\n<p>&nbsp;<\/p>\n<p>&nbsp;<\/p>\n<p>&nbsp;<\/p>\n<p>&nbsp;<\/p>\n<p>&nbsp;<\/p>\n<p>&nbsp;<\/p>\n","protected":false},"excerpt":{"rendered":"<p>Numerosos referentes de la UCR, entre ellos Walter Ceballos, firmaron un comunicado en el que&#8230;<\/p>\n","protected":false},"author":1,"featured_media":13313,"comment_status":"closed","ping_status":"closed","sticky":false,"template":"","format":"standard","meta":{"footnotes":""},"categories":[5],"tags":[],"class_list":["post-13312","post","type-post","status-publish","format-standard","has-post-thumbnail","hentry","category-nacionales-internacionales"],"yoast_head":"<!-- This site is optimized with the Yoast SEO plugin v26.1.1 - https:\/\/yoast.com\/wordpress\/plugins\/seo\/ -->\n<title>MORALES Y VARIOS HIST\u00d3RICOS DEL RADICALISMO APOYARON A LOUSTEAU TRAS SU VOTO CONTRA EL DNU DE MILEI - Apuntes de San Luis<\/title>\n<meta name=\"robots\" content=\"index, follow, max-snippet:-1, max-image-preview:large, max-video-preview:-1\" \/>\n<link rel=\"canonical\" href=\"https:\/\/apuntesdesanluis.com\/index.php\/2024\/03\/17\/morales-y-varios-historicos-del-radicalismo-apoyaron-a-lousteau-tras-su-voto-contra-el-dnu-de-milei\/\" \/>\n<meta property=\"og:locale\" content=\"es_ES\" \/>\n<meta property=\"og:type\" content=\"article\" \/>\n<meta property=\"og:title\" content=\"MORALES Y VARIOS HIST\u00d3RICOS DEL RADICALISMO APOYARON A LOUSTEAU TRAS SU VOTO CONTRA EL DNU DE MILEI - Apuntes de San Luis\" \/>\n<meta property=\"og:description\" content=\"Numerosos referentes de la UCR, entre ellos Walter Ceballos, firmaron un comunicado en el que...\" \/>\n<meta property=\"og:url\" content=\"https:\/\/apuntesdesanluis.com\/index.php\/2024\/03\/17\/morales-y-varios-historicos-del-radicalismo-apoyaron-a-lousteau-tras-su-voto-contra-el-dnu-de-milei\/\" \/>\n<meta property=\"og:site_name\" content=\"Apuntes de San Luis\" \/>\n<meta property=\"article:published_time\" content=\"2024-03-18T00:09:21+00:00\" \/>\n<meta property=\"og:image\" content=\"https:\/\/apuntesdesanluis.com\/wp-content\/uploads\/2024\/03\/morales-con-lousteau.png\" \/>\n\t<meta property=\"og:image:width\" content=\"662\" \/>\n\t<meta property=\"og:image:height\" content=\"386\" \/>\n\t<meta property=\"og:image:type\" content=\"image\/png\" \/>\n<meta name=\"author\" content=\"apuntesdesanluis.com\" \/>\n<meta name=\"twitter:card\" content=\"summary_large_image\" \/>\n<meta name=\"twitter:label1\" content=\"Escrito por\" \/>\n\t<meta name=\"twitter:data1\" content=\"apuntesdesanluis.com\" \/>\n\t<meta name=\"twitter:label2\" content=\"Tiempo de lectura\" \/>\n\t<meta name=\"twitter:data2\" content=\"3 minutos\" \/>\n<script type=\"application\/ld+json\" class=\"yoast-schema-graph\">{\"@context\":\"https:\/\/schema.org\",\"@graph\":[{\"@type\":\"Article\",\"@id\":\"https:\/\/apuntesdesanluis.com\/index.php\/2024\/03\/17\/morales-y-varios-historicos-del-radicalismo-apoyaron-a-lousteau-tras-su-voto-contra-el-dnu-de-milei\/#article\",\"isPartOf\":{\"@id\":\"https:\/\/apuntesdesanluis.com\/index.php\/2024\/03\/17\/morales-y-varios-historicos-del-radicalismo-apoyaron-a-lousteau-tras-su-voto-contra-el-dnu-de-milei\/\"},\"author\":{\"name\":\"apuntesdesanluis.com\",\"@id\":\"https:\/\/apuntesdesanluis.com\/#\/schema\/person\/b55151d52296fcce64d1a72538a70b90\"},\"headline\":\"MORALES Y VARIOS HIST\u00d3RICOS DEL RADICALISMO APOYARON A LOUSTEAU TRAS SU VOTO CONTRA EL DNU DE MILEI\",\"datePublished\":\"2024-03-18T00:09:21+00:00\",\"mainEntityOfPage\":{\"@id\":\"https:\/\/apuntesdesanluis.com\/index.php\/2024\/03\/17\/morales-y-varios-historicos-del-radicalismo-apoyaron-a-lousteau-tras-su-voto-contra-el-dnu-de-milei\/\"},\"wordCount\":533,\"publisher\":{\"@id\":\"https:\/\/apuntesdesanluis.com\/#\/schema\/person\/b55151d52296fcce64d1a72538a70b90\"},\"image\":{\"@id\":\"https:\/\/apuntesdesanluis.com\/index.php\/2024\/03\/17\/morales-y-varios-historicos-del-radicalismo-apoyaron-a-lousteau-tras-su-voto-contra-el-dnu-de-milei\/#primaryimage\"},\"thumbnailUrl\":\"https:\/\/apuntesdesanluis.com\/wp-content\/uploads\/2024\/03\/morales-con-lousteau.png\",\"articleSection\":[\"Nacionales\/Internacionales\"],\"inLanguage\":\"es-AR\"},{\"@type\":\"WebPage\",\"@id\":\"https:\/\/apuntesdesanluis.com\/index.php\/2024\/03\/17\/morales-y-varios-historicos-del-radicalismo-apoyaron-a-lousteau-tras-su-voto-contra-el-dnu-de-milei\/\",\"url\":\"https:\/\/apuntesdesanluis.com\/index.php\/2024\/03\/17\/morales-y-varios-historicos-del-radicalismo-apoyaron-a-lousteau-tras-su-voto-contra-el-dnu-de-milei\/\",\"name\":\"MORALES Y VARIOS HIST\u00d3RICOS DEL RADICALISMO APOYARON A LOUSTEAU TRAS SU VOTO CONTRA EL DNU DE MILEI - Apuntes de San Luis\",\"isPartOf\":{\"@id\":\"https:\/\/apuntesdesanluis.com\/#website\"},\"primaryImageOfPage\":{\"@id\":\"https:\/\/apuntesdesanluis.com\/index.php\/2024\/03\/17\/morales-y-varios-historicos-del-radicalismo-apoyaron-a-lousteau-tras-su-voto-contra-el-dnu-de-milei\/#primaryimage\"},\"image\":{\"@id\":\"https:\/\/apuntesdesanluis.com\/index.php\/2024\/03\/17\/morales-y-varios-historicos-del-radicalismo-apoyaron-a-lousteau-tras-su-voto-contra-el-dnu-de-milei\/#primaryimage\"},\"thumbnailUrl\":\"https:\/\/apuntesdesanluis.com\/wp-content\/uploads\/2024\/03\/morales-con-lousteau.png\",\"datePublished\":\"2024-03-18T00:09:21+00:00\",\"breadcrumb\":{\"@id\":\"https:\/\/apuntesdesanluis.com\/index.php\/2024\/03\/17\/morales-y-varios-historicos-del-radicalismo-apoyaron-a-lousteau-tras-su-voto-contra-el-dnu-de-milei\/#breadcrumb\"},\"inLanguage\":\"es-AR\",\"potentialAction\":[{\"@type\":\"ReadAction\",\"target\":[\"https:\/\/apuntesdesanluis.com\/index.php\/2024\/03\/17\/morales-y-varios-historicos-del-radicalismo-apoyaron-a-lousteau-tras-su-voto-contra-el-dnu-de-milei\/\"]}]},{\"@type\":\"ImageObject\",\"inLanguage\":\"es-AR\",\"@id\":\"https:\/\/apuntesdesanluis.com\/index.php\/2024\/03\/17\/morales-y-varios-historicos-del-radicalismo-apoyaron-a-lousteau-tras-su-voto-contra-el-dnu-de-milei\/#primaryimage\",\"url\":\"https:\/\/apuntesdesanluis.com\/wp-content\/uploads\/2024\/03\/morales-con-lousteau.png\",\"contentUrl\":\"https:\/\/apuntesdesanluis.com\/wp-content\/uploads\/2024\/03\/morales-con-lousteau.png\",\"width\":662,\"height\":386},{\"@type\":\"BreadcrumbList\",\"@id\":\"https:\/\/apuntesdesanluis.com\/index.php\/2024\/03\/17\/morales-y-varios-historicos-del-radicalismo-apoyaron-a-lousteau-tras-su-voto-contra-el-dnu-de-milei\/#breadcrumb\",\"itemListElement\":[{\"@type\":\"ListItem\",\"position\":1,\"name\":\"Inicio\",\"item\":\"https:\/\/apuntesdesanluis.com\/\"},{\"@type\":\"ListItem\",\"position\":2,\"name\":\"MORALES Y VARIOS HIST\u00d3RICOS DEL RADICALISMO APOYARON A LOUSTEAU TRAS SU VOTO CONTRA EL DNU DE MILEI\"}]},{\"@type\":\"WebSite\",\"@id\":\"https:\/\/apuntesdesanluis.com\/#website\",\"url\":\"https:\/\/apuntesdesanluis.com\/\",\"name\":\"Apuntes de San Luis\",\"description\":\"\",\"publisher\":{\"@id\":\"https:\/\/apuntesdesanluis.com\/#\/schema\/person\/b55151d52296fcce64d1a72538a70b90\"},\"potentialAction\":[{\"@type\":\"SearchAction\",\"target\":{\"@type\":\"EntryPoint\",\"urlTemplate\":\"https:\/\/apuntesdesanluis.com\/?s={search_term_string}\"},\"query-input\":{\"@type\":\"PropertyValueSpecification\",\"valueRequired\":true,\"valueName\":\"search_term_string\"}}],\"inLanguage\":\"es-AR\"},{\"@type\":[\"Person\",\"Organization\"],\"@id\":\"https:\/\/apuntesdesanluis.com\/#\/schema\/person\/b55151d52296fcce64d1a72538a70b90\",\"name\":\"apuntesdesanluis.com\",\"image\":{\"@type\":\"ImageObject\",\"inLanguage\":\"es-AR\",\"@id\":\"https:\/\/apuntesdesanluis.com\/#\/schema\/person\/image\/\",\"url\":\"https:\/\/apuntesdesanluis.com\/wp-content\/uploads\/2023\/07\/cropped-apuntesdesanluis.png\",\"contentUrl\":\"https:\/\/apuntesdesanluis.com\/wp-content\/uploads\/2023\/07\/cropped-apuntesdesanluis.png\",\"width\":450,\"height\":112,\"caption\":\"apuntesdesanluis.com\"},\"logo\":{\"@id\":\"https:\/\/apuntesdesanluis.com\/#\/schema\/person\/image\/\"},\"sameAs\":[\"https:\/\/apuntesdesanluis.com\"],\"url\":\"https:\/\/apuntesdesanluis.com\/index.php\/author\/apuntesdesanluis-com\/\"}]}<\/script>\n<!-- \/ Yoast SEO plugin. -->","yoast_head_json":{"title":"MORALES Y VARIOS HIST\u00d3RICOS DEL RADICALISMO APOYARON A LOUSTEAU TRAS SU VOTO CONTRA EL DNU DE MILEI - Apuntes de San Luis","robots":{"index":"index","follow":"follow","max-snippet":"max-snippet:-1","max-image-preview":"max-image-preview:large","max-video-preview":"max-video-preview:-1"},"canonical":"https:\/\/apuntesdesanluis.com\/index.php\/2024\/03\/17\/morales-y-varios-historicos-del-radicalismo-apoyaron-a-lousteau-tras-su-voto-contra-el-dnu-de-milei\/","og_locale":"es_ES","og_type":"article","og_title":"MORALES Y VARIOS HIST\u00d3RICOS DEL RADICALISMO APOYARON A LOUSTEAU TRAS SU VOTO CONTRA EL DNU DE MILEI - Apuntes de San Luis","og_description":"Numerosos referentes de la UCR, entre ellos Walter Ceballos, firmaron un comunicado en el que...","og_url":"https:\/\/apuntesdesanluis.com\/index.php\/2024\/03\/17\/morales-y-varios-historicos-del-radicalismo-apoyaron-a-lousteau-tras-su-voto-contra-el-dnu-de-milei\/","og_site_name":"Apuntes de San Luis","article_published_time":"2024-03-18T00:09:21+00:00","og_image":[{"width":662,"height":386,"url":"https:\/\/apuntesdesanluis.com\/wp-content\/uploads\/2024\/03\/morales-con-lousteau.png","type":"image\/png"}],"author":"apuntesdesanluis.com","twitter_card":"summary_large_image","twitter_misc":{"Escrito por":"apuntesdesanluis.com","Tiempo de lectura":"3 minutos"},"schema":{"@context":"https:\/\/schema.org","@graph":[{"@type":"Article","@id":"https:\/\/apuntesdesanluis.com\/index.php\/2024\/03\/17\/morales-y-varios-historicos-del-radicalismo-apoyaron-a-lousteau-tras-su-voto-contra-el-dnu-de-milei\/#article","isPartOf":{"@id":"https:\/\/apuntesdesanluis.com\/index.php\/2024\/03\/17\/morales-y-varios-historicos-del-radicalismo-apoyaron-a-lousteau-tras-su-voto-contra-el-dnu-de-milei\/"},"author":{"name":"apuntesdesanluis.com","@id":"https:\/\/apuntesdesanluis.com\/#\/schema\/person\/b55151d52296fcce64d1a72538a70b90"},"headline":"MORALES Y VARIOS HIST\u00d3RICOS DEL RADICALISMO APOYARON A LOUSTEAU TRAS SU VOTO CONTRA EL DNU DE MILEI","datePublished":"2024-03-18T00:09:21+00:00","mainEntityOfPage":{"@id":"https:\/\/apuntesdesanluis.com\/index.php\/2024\/03\/17\/morales-y-varios-historicos-del-radicalismo-apoyaron-a-lousteau-tras-su-voto-contra-el-dnu-de-milei\/"},"wordCount":533,"publisher":{"@id":"https:\/\/apuntesdesanluis.com\/#\/schema\/person\/b55151d52296fcce64d1a72538a70b90"},"image":{"@id":"https:\/\/apuntesdesanluis.com\/index.php\/2024\/03\/17\/morales-y-varios-historicos-del-radicalismo-apoyaron-a-lousteau-tras-su-voto-contra-el-dnu-de-milei\/#primaryimage"},"thumbnailUrl":"https:\/\/apuntesdesanluis.com\/wp-content\/uploads\/2024\/03\/morales-con-lousteau.png","articleSection":["Nacionales\/Internacionales"],"inLanguage":"es-AR"},{"@type":"WebPage","@id":"https:\/\/apuntesdesanluis.com\/index.php\/2024\/03\/17\/morales-y-varios-historicos-del-radicalismo-apoyaron-a-lousteau-tras-su-voto-contra-el-dnu-de-milei\/","url":"https:\/\/apuntesdesanluis.com\/index.php\/2024\/03\/17\/morales-y-varios-historicos-del-radicalismo-apoyaron-a-lousteau-tras-su-voto-contra-el-dnu-de-milei\/","name":"MORALES Y VARIOS HIST\u00d3RICOS DEL RADICALISMO APOYARON A LOUSTEAU TRAS SU VOTO CONTRA EL DNU DE MILEI - Apuntes de San Luis","isPartOf":{"@id":"https:\/\/apuntesdesanluis.com\/#website"},"primaryImageOfPage":{"@id":"https:\/\/apuntesdesanluis.com\/index.php\/2024\/03\/17\/morales-y-varios-historicos-del-radicalismo-apoyaron-a-lousteau-tras-su-voto-contra-el-dnu-de-milei\/#primaryimage"},"image":{"@id":"https:\/\/apuntesdesanluis.com\/index.php\/2024\/03\/17\/morales-y-varios-historicos-del-radicalismo-apoyaron-a-lousteau-tras-su-voto-contra-el-dnu-de-milei\/#primaryimage"},"thumbnailUrl":"https:\/\/apuntesdesanluis.com\/wp-content\/uploads\/2024\/03\/morales-con-lousteau.png","datePublished":"2024-03-18T00:09:21+00:00","breadcrumb":{"@id":"https:\/\/apuntesdesanluis.com\/index.php\/2024\/03\/17\/morales-y-varios-historicos-del-radicalismo-apoyaron-a-lousteau-tras-su-voto-contra-el-dnu-de-milei\/#breadcrumb"},"inLanguage":"es-AR","potentialAction":[{"@type":"ReadAction","target":["https:\/\/apuntesdesanluis.com\/index.php\/2024\/03\/17\/morales-y-varios-historicos-del-radicalismo-apoyaron-a-lousteau-tras-su-voto-contra-el-dnu-de-milei\/"]}]},{"@type":"ImageObject","inLanguage":"es-AR","@id":"https:\/\/apuntesdesanluis.com\/index.php\/2024\/03\/17\/morales-y-varios-historicos-del-radicalismo-apoyaron-a-lousteau-tras-su-voto-contra-el-dnu-de-milei\/#primaryimage","url":"https:\/\/apuntesdesanluis.com\/wp-content\/uploads\/2024\/03\/morales-con-lousteau.png","contentUrl":"https:\/\/apuntesdesanluis.com\/wp-content\/uploads\/2024\/03\/morales-con-lousteau.png","width":662,"height":386},{"@type":"BreadcrumbList","@id":"https:\/\/apuntesdesanluis.com\/index.php\/2024\/03\/17\/morales-y-varios-historicos-del-radicalismo-apoyaron-a-lousteau-tras-su-voto-contra-el-dnu-de-milei\/#breadcrumb","itemListElement":[{"@type":"ListItem","position":1,"name":"Inicio","item":"https:\/\/apuntesdesanluis.com\/"},{"@type":"ListItem","position":2,"name":"MORALES Y VARIOS HIST\u00d3RICOS DEL RADICALISMO APOYARON A LOUSTEAU TRAS SU VOTO CONTRA EL DNU DE MILEI"}]},{"@type":"WebSite","@id":"https:\/\/apuntesdesanluis.com\/#website","url":"https:\/\/apuntesdesanluis.com\/","name":"Apuntes de San Luis","description":"","publisher":{"@id":"https:\/\/apuntesdesanluis.com\/#\/schema\/person\/b55151d52296fcce64d1a72538a70b90"},"potentialAction":[{"@type":"SearchAction","target":{"@type":"EntryPoint","urlTemplate":"https:\/\/apuntesdesanluis.com\/?s={search_term_string}"},"query-input":{"@type":"PropertyValueSpecification","valueRequired":true,"valueName":"search_term_string"}}],"inLanguage":"es-AR"},{"@type":["Person","Organization"],"@id":"https:\/\/apuntesdesanluis.com\/#\/schema\/person\/b55151d52296fcce64d1a72538a70b90","name":"apuntesdesanluis.com","image":{"@type":"ImageObject","inLanguage":"es-AR","@id":"https:\/\/apuntesdesanluis.com\/#\/schema\/person\/image\/","url":"https:\/\/apuntesdesanluis.com\/wp-content\/uploads\/2023\/07\/cropped-apuntesdesanluis.png","contentUrl":"https:\/\/apuntesdesanluis.com\/wp-content\/uploads\/2023\/07\/cropped-apuntesdesanluis.png","width":450,"height":112,"caption":"apuntesdesanluis.com"},"logo":{"@id":"https:\/\/apuntesdesanluis.com\/#\/schema\/person\/image\/"},"sameAs":["https:\/\/apuntesdesanluis.com"],"url":"https:\/\/apuntesdesanluis.com\/index.php\/author\/apuntesdesanluis-com\/"}]}},"featured_image_urls":{"full":["https:\/\/apuntesdesanluis.com\/wp-content\/uploads\/2024\/03\/morales-con-lousteau.png",662,386,false],"thumbnail":["https:\/\/apuntesdesanluis.com\/wp-content\/uploads\/2024\/03\/morales-con-lousteau-150x150.png",150,150,true],"medium":["https:\/\/apuntesdesanluis.com\/wp-content\/uploads\/2024\/03\/morales-con-lousteau-300x175.png",300,175,true],"medium_large":["https:\/\/apuntesdesanluis.com\/wp-content\/uploads\/2024\/03\/morales-con-lousteau.png",640,373,false],"large":["https:\/\/apuntesdesanluis.com\/wp-content\/uploads\/2024\/03\/morales-con-lousteau.png",640,373,false],"1536x1536":["https:\/\/apuntesdesanluis.com\/wp-content\/uploads\/2024\/03\/morales-con-lousteau.png",662,386,false],"2048x2048":["https:\/\/apuntesdesanluis.com\/wp-content\/uploads\/2024\/03\/morales-con-lousteau.png",662,386,false],"newsever-slider-full":["https:\/\/apuntesdesanluis.com\/wp-content\/uploads\/2024\/03\/morales-con-lousteau.png",662,386,false],"newsever-featured":["https:\/\/apuntesdesanluis.com\/wp-content\/uploads\/2024\/03\/morales-con-lousteau.png",662,386,false],"newsever-medium":["https:\/\/apuntesdesanluis.com\/wp-content\/uploads\/2024\/03\/morales-con-lousteau.png",662,386,false]},"author_info":{"display_name":"apuntesdesanluis.com","author_link":"https:\/\/apuntesdesanluis.com\/index.php\/author\/apuntesdesanluis-com\/"},"category_info":"<a href=\"https:\/\/apuntesdesanluis.com\/index.php\/category\/nacionales-internacionales\/\" rel=\"category tag\">Nacionales\/Internacionales<\/a>","tag_info":"Nacionales\/Internacionales","comment_count":"0","_links":{"self":[{"href":"https:\/\/apuntesdesanluis.com\/index.php\/wp-json\/wp\/v2\/posts\/13312","targetHints":{"allow":["GET"]}}],"collection":[{"href":"https:\/\/apuntesdesanluis.com\/index.php\/wp-json\/wp\/v2\/posts"}],"about":[{"href":"https:\/\/apuntesdesanluis.com\/index.php\/wp-json\/wp\/v2\/types\/post"}],"author":[{"embeddable":true,"href":"https:\/\/apuntesdesanluis.com\/index.php\/wp-json\/wp\/v2\/users\/1"}],"replies":[{"embeddable":true,"href":"https:\/\/apuntesdesanluis.com\/index.php\/wp-json\/wp\/v2\/comments?post=13312"}],"version-history":[{"count":1,"href":"https:\/\/apuntesdesanluis.com\/index.php\/wp-json\/wp\/v2\/posts\/13312\/revisions"}],"predecessor-version":[{"id":13314,"href":"https:\/\/apuntesdesanluis.com\/index.php\/wp-json\/wp\/v2\/posts\/13312\/revisions\/13314"}],"wp:featuredmedia":[{"embeddable":true,"href":"https:\/\/apuntesdesanluis.com\/index.php\/wp-json\/wp\/v2\/media\/13313"}],"wp:attachment":[{"href":"https:\/\/apuntesdesanluis.com\/index.php\/wp-json\/wp\/v2\/media?parent=13312"}],"wp:term":[{"taxonomy":"category","embeddable":true,"href":"https:\/\/apuntesdesanluis.com\/index.php\/wp-json\/wp\/v2\/categories?post=13312"},{"taxonomy":"post_tag","embeddable":true,"href":"https:\/\/apuntesdesanluis.com\/index.php\/wp-json\/wp\/v2\/tags?post=13312"}],"curies":[{"name":"wp","href":"https:\/\/api.w.org\/{rel}","templated":true}]}}