{"id":13315,"date":"2024-03-18T11:47:34","date_gmt":"2024-03-18T14:47:34","guid":{"rendered":"https:\/\/apuntesdesanluis.com\/?p=13315"},"modified":"2024-03-18T14:47:33","modified_gmt":"2024-03-18T17:47:33","slug":"un-hombre-perdio-el-control-de-su-moto-cayo-y-se-mato","status":"publish","type":"post","link":"https:\/\/apuntesdesanluis.com\/index.php\/2024\/03\/18\/un-hombre-perdio-el-control-de-su-moto-cayo-y-se-mato\/","title":{"rendered":"UN HOMBRE PERDI\u00d3 EL CONTROL DE SU MOTO, CAY\u00d3 Y SE MAT\u00d3"},"content":{"rendered":"<h3>El tr\u00e1gico accidente ocurri\u00f3 este domingo por la noche, en la colectora noreste de avenida Santos Ortiz, a la altura del sector de ingreso y egreso del hipermercado Chango M\u00e1s. La informaci\u00f3n policial no dio a conocer su identidad.<\/h3>\n<h3>De acuerdo a las primeras averiguaciones, un hombre de 46 a\u00f1os de edad que circulaba en una moto Voge 300, perdi\u00f3 el control del rodado tras morder el cord\u00f3n y luego cay\u00f3 a la carpeta asf\u00e1ltica.<\/h3>\n<h3>En el lugar se hizo presente personal de salud en una ambulancia del SEMPRO, quienes trasladaron al hombre al Hospital Central \u201cDr. Ram\u00f3n Carrillo\u201d, donde luego perdi\u00f3 la vida en el shock room, a pesar de las maniobras de RCP.<\/h3>\n<h3>Tom\u00f3 intervenci\u00f3n el fiscal de Instrucci\u00f3n de turno de la Primera Circunscripci\u00f3n Judicial, Dr. Juan Pablo D\u00edaz Estopi\u00f1\u00e1n, y el hecho est\u00e1 caratulado como \u201caveriguaci\u00f3n muerte en accidente de tr\u00e1nsito\u201d.<\/h3>\n<p>&nbsp;<\/p>\n<p>&nbsp;<\/p>\n<p>&nbsp;<\/p>\n<p>&nbsp;<\/p>\n","protected":false},"excerpt":{"rendered":"<p>El tr\u00e1gico accidente ocurri\u00f3 este domingo por la noche, en la colectora noreste de avenida&#8230;<\/p>\n","protected":false},"author":1,"featured_media":13316,"comment_status":"closed","ping_status":"closed","sticky":false,"template":"","format":"standard","meta":{"footnotes":""},"categories":[6],"tags":[],"class_list":["post-13315","post","type-post","status-publish","format-standard","has-post-thumbnail","hentry","category-ciudad-provincia"],"yoast_head":"<!-- This site is optimized with the Yoast SEO plugin v26.1.1 - https:\/\/yoast.com\/wordpress\/plugins\/seo\/ -->\n<title>UN HOMBRE PERDI\u00d3 EL CONTROL DE SU MOTO, CAY\u00d3 Y SE MAT\u00d3 - Apuntes de San Luis<\/title>\n<meta name=\"robots\" content=\"index, follow, max-snippet:-1, max-image-preview:large, max-video-preview:-1\" \/>\n<link rel=\"canonical\" href=\"https:\/\/apuntesdesanluis.com\/index.php\/2024\/03\/18\/un-hombre-perdio-el-control-de-su-moto-cayo-y-se-mato\/\" \/>\n<meta property=\"og:locale\" content=\"es_ES\" \/>\n<meta property=\"og:type\" content=\"article\" \/>\n<meta property=\"og:title\" content=\"UN HOMBRE PERDI\u00d3 EL CONTROL DE SU MOTO, CAY\u00d3 Y SE MAT\u00d3 - Apuntes de San Luis\" \/>\n<meta property=\"og:description\" content=\"El tr\u00e1gico accidente ocurri\u00f3 este domingo por la noche, en la colectora noreste de avenida...\" \/>\n<meta property=\"og:url\" content=\"https:\/\/apuntesdesanluis.com\/index.php\/2024\/03\/18\/un-hombre-perdio-el-control-de-su-moto-cayo-y-se-mato\/\" \/>\n<meta property=\"og:site_name\" content=\"Apuntes de San Luis\" \/>\n<meta property=\"article:published_time\" content=\"2024-03-18T14:47:34+00:00\" \/>\n<meta property=\"article:modified_time\" content=\"2024-03-18T17:47:33+00:00\" \/>\n<meta property=\"og:image\" content=\"https:\/\/apuntesdesanluis.com\/wp-content\/uploads\/2024\/03\/accidente.jpg\" \/>\n\t<meta property=\"og:image:width\" content=\"600\" \/>\n\t<meta property=\"og:image:height\" content=\"313\" \/>\n\t<meta property=\"og:image:type\" content=\"image\/jpeg\" \/>\n<meta name=\"author\" content=\"apuntesdesanluis.com\" \/>\n<meta name=\"twitter:card\" content=\"summary_large_image\" \/>\n<meta name=\"twitter:label1\" content=\"Escrito por\" \/>\n\t<meta name=\"twitter:data1\" content=\"apuntesdesanluis.com\" \/>\n\t<meta name=\"twitter:label2\" content=\"Tiempo de lectura\" \/>\n\t<meta name=\"twitter:data2\" content=\"1 minuto\" \/>\n<script type=\"application\/ld+json\" class=\"yoast-schema-graph\">{\"@context\":\"https:\/\/schema.org\",\"@graph\":[{\"@type\":\"Article\",\"@id\":\"https:\/\/apuntesdesanluis.com\/index.php\/2024\/03\/18\/un-hombre-perdio-el-control-de-su-moto-cayo-y-se-mato\/#article\",\"isPartOf\":{\"@id\":\"https:\/\/apuntesdesanluis.com\/index.php\/2024\/03\/18\/un-hombre-perdio-el-control-de-su-moto-cayo-y-se-mato\/\"},\"author\":{\"name\":\"apuntesdesanluis.com\",\"@id\":\"https:\/\/apuntesdesanluis.com\/#\/schema\/person\/b55151d52296fcce64d1a72538a70b90\"},\"headline\":\"UN HOMBRE PERDI\u00d3 EL CONTROL DE SU MOTO, CAY\u00d3 Y SE MAT\u00d3\",\"datePublished\":\"2024-03-18T14:47:34+00:00\",\"dateModified\":\"2024-03-18T17:47:33+00:00\",\"mainEntityOfPage\":{\"@id\":\"https:\/\/apuntesdesanluis.com\/index.php\/2024\/03\/18\/un-hombre-perdio-el-control-de-su-moto-cayo-y-se-mato\/\"},\"wordCount\":173,\"publisher\":{\"@id\":\"https:\/\/apuntesdesanluis.com\/#\/schema\/person\/b55151d52296fcce64d1a72538a70b90\"},\"image\":{\"@id\":\"https:\/\/apuntesdesanluis.com\/index.php\/2024\/03\/18\/un-hombre-perdio-el-control-de-su-moto-cayo-y-se-mato\/#primaryimage\"},\"thumbnailUrl\":\"https:\/\/apuntesdesanluis.com\/wp-content\/uploads\/2024\/03\/accidente.jpg\",\"articleSection\":[\"Ciudad\/Provincia\"],\"inLanguage\":\"es-AR\"},{\"@type\":\"WebPage\",\"@id\":\"https:\/\/apuntesdesanluis.com\/index.php\/2024\/03\/18\/un-hombre-perdio-el-control-de-su-moto-cayo-y-se-mato\/\",\"url\":\"https:\/\/apuntesdesanluis.com\/index.php\/2024\/03\/18\/un-hombre-perdio-el-control-de-su-moto-cayo-y-se-mato\/\",\"name\":\"UN HOMBRE PERDI\u00d3 EL CONTROL DE SU MOTO, CAY\u00d3 Y SE MAT\u00d3 - Apuntes de San Luis\",\"isPartOf\":{\"@id\":\"https:\/\/apuntesdesanluis.com\/#website\"},\"primaryImageOfPage\":{\"@id\":\"https:\/\/apuntesdesanluis.com\/index.php\/2024\/03\/18\/un-hombre-perdio-el-control-de-su-moto-cayo-y-se-mato\/#primaryimage\"},\"image\":{\"@id\":\"https:\/\/apuntesdesanluis.com\/index.php\/2024\/03\/18\/un-hombre-perdio-el-control-de-su-moto-cayo-y-se-mato\/#primaryimage\"},\"thumbnailUrl\":\"https:\/\/apuntesdesanluis.com\/wp-content\/uploads\/2024\/03\/accidente.jpg\",\"datePublished\":\"2024-03-18T14:47:34+00:00\",\"dateModified\":\"2024-03-18T17:47:33+00:00\",\"breadcrumb\":{\"@id\":\"https:\/\/apuntesdesanluis.com\/index.php\/2024\/03\/18\/un-hombre-perdio-el-control-de-su-moto-cayo-y-se-mato\/#breadcrumb\"},\"inLanguage\":\"es-AR\",\"potentialAction\":[{\"@type\":\"ReadAction\",\"target\":[\"https:\/\/apuntesdesanluis.com\/index.php\/2024\/03\/18\/un-hombre-perdio-el-control-de-su-moto-cayo-y-se-mato\/\"]}]},{\"@type\":\"ImageObject\",\"inLanguage\":\"es-AR\",\"@id\":\"https:\/\/apuntesdesanluis.com\/index.php\/2024\/03\/18\/un-hombre-perdio-el-control-de-su-moto-cayo-y-se-mato\/#primaryimage\",\"url\":\"https:\/\/apuntesdesanluis.com\/wp-content\/uploads\/2024\/03\/accidente.jpg\",\"contentUrl\":\"https:\/\/apuntesdesanluis.com\/wp-content\/uploads\/2024\/03\/accidente.jpg\",\"width\":600,\"height\":313},{\"@type\":\"BreadcrumbList\",\"@id\":\"https:\/\/apuntesdesanluis.com\/index.php\/2024\/03\/18\/un-hombre-perdio-el-control-de-su-moto-cayo-y-se-mato\/#breadcrumb\",\"itemListElement\":[{\"@type\":\"ListItem\",\"position\":1,\"name\":\"Inicio\",\"item\":\"https:\/\/apuntesdesanluis.com\/\"},{\"@type\":\"ListItem\",\"position\":2,\"name\":\"UN HOMBRE PERDI\u00d3 EL CONTROL DE SU MOTO, CAY\u00d3 Y SE MAT\u00d3\"}]},{\"@type\":\"WebSite\",\"@id\":\"https:\/\/apuntesdesanluis.com\/#website\",\"url\":\"https:\/\/apuntesdesanluis.com\/\",\"name\":\"Apuntes de San Luis\",\"description\":\"\",\"publisher\":{\"@id\":\"https:\/\/apuntesdesanluis.com\/#\/schema\/person\/b55151d52296fcce64d1a72538a70b90\"},\"potentialAction\":[{\"@type\":\"SearchAction\",\"target\":{\"@type\":\"EntryPoint\",\"urlTemplate\":\"https:\/\/apuntesdesanluis.com\/?s={search_term_string}\"},\"query-input\":{\"@type\":\"PropertyValueSpecification\",\"valueRequired\":true,\"valueName\":\"search_term_string\"}}],\"inLanguage\":\"es-AR\"},{\"@type\":[\"Person\",\"Organization\"],\"@id\":\"https:\/\/apuntesdesanluis.com\/#\/schema\/person\/b55151d52296fcce64d1a72538a70b90\",\"name\":\"apuntesdesanluis.com\",\"image\":{\"@type\":\"ImageObject\",\"inLanguage\":\"es-AR\",\"@id\":\"https:\/\/apuntesdesanluis.com\/#\/schema\/person\/image\/\",\"url\":\"https:\/\/apuntesdesanluis.com\/wp-content\/uploads\/2023\/07\/cropped-apuntesdesanluis.png\",\"contentUrl\":\"https:\/\/apuntesdesanluis.com\/wp-content\/uploads\/2023\/07\/cropped-apuntesdesanluis.png\",\"width\":450,\"height\":112,\"caption\":\"apuntesdesanluis.com\"},\"logo\":{\"@id\":\"https:\/\/apuntesdesanluis.com\/#\/schema\/person\/image\/\"},\"sameAs\":[\"https:\/\/apuntesdesanluis.com\"],\"url\":\"https:\/\/apuntesdesanluis.com\/index.php\/author\/apuntesdesanluis-com\/\"}]}<\/script>\n<!-- \/ Yoast SEO plugin. -->","yoast_head_json":{"title":"UN HOMBRE PERDI\u00d3 EL CONTROL DE SU MOTO, CAY\u00d3 Y SE MAT\u00d3 - Apuntes de San Luis","robots":{"index":"index","follow":"follow","max-snippet":"max-snippet:-1","max-image-preview":"max-image-preview:large","max-video-preview":"max-video-preview:-1"},"canonical":"https:\/\/apuntesdesanluis.com\/index.php\/2024\/03\/18\/un-hombre-perdio-el-control-de-su-moto-cayo-y-se-mato\/","og_locale":"es_ES","og_type":"article","og_title":"UN HOMBRE PERDI\u00d3 EL CONTROL DE SU MOTO, CAY\u00d3 Y SE MAT\u00d3 - Apuntes de San Luis","og_description":"El tr\u00e1gico accidente ocurri\u00f3 este domingo por la noche, en la colectora noreste de avenida...","og_url":"https:\/\/apuntesdesanluis.com\/index.php\/2024\/03\/18\/un-hombre-perdio-el-control-de-su-moto-cayo-y-se-mato\/","og_site_name":"Apuntes de San Luis","article_published_time":"2024-03-18T14:47:34+00:00","article_modified_time":"2024-03-18T17:47:33+00:00","og_image":[{"width":600,"height":313,"url":"https:\/\/apuntesdesanluis.com\/wp-content\/uploads\/2024\/03\/accidente.jpg","type":"image\/jpeg"}],"author":"apuntesdesanluis.com","twitter_card":"summary_large_image","twitter_misc":{"Escrito por":"apuntesdesanluis.com","Tiempo de lectura":"1 minuto"},"schema":{"@context":"https:\/\/schema.org","@graph":[{"@type":"Article","@id":"https:\/\/apuntesdesanluis.com\/index.php\/2024\/03\/18\/un-hombre-perdio-el-control-de-su-moto-cayo-y-se-mato\/#article","isPartOf":{"@id":"https:\/\/apuntesdesanluis.com\/index.php\/2024\/03\/18\/un-hombre-perdio-el-control-de-su-moto-cayo-y-se-mato\/"},"author":{"name":"apuntesdesanluis.com","@id":"https:\/\/apuntesdesanluis.com\/#\/schema\/person\/b55151d52296fcce64d1a72538a70b90"},"headline":"UN HOMBRE PERDI\u00d3 EL CONTROL DE SU MOTO, CAY\u00d3 Y SE MAT\u00d3","datePublished":"2024-03-18T14:47:34+00:00","dateModified":"2024-03-18T17:47:33+00:00","mainEntityOfPage":{"@id":"https:\/\/apuntesdesanluis.com\/index.php\/2024\/03\/18\/un-hombre-perdio-el-control-de-su-moto-cayo-y-se-mato\/"},"wordCount":173,"publisher":{"@id":"https:\/\/apuntesdesanluis.com\/#\/schema\/person\/b55151d52296fcce64d1a72538a70b90"},"image":{"@id":"https:\/\/apuntesdesanluis.com\/index.php\/2024\/03\/18\/un-hombre-perdio-el-control-de-su-moto-cayo-y-se-mato\/#primaryimage"},"thumbnailUrl":"https:\/\/apuntesdesanluis.com\/wp-content\/uploads\/2024\/03\/accidente.jpg","articleSection":["Ciudad\/Provincia"],"inLanguage":"es-AR"},{"@type":"WebPage","@id":"https:\/\/apuntesdesanluis.com\/index.php\/2024\/03\/18\/un-hombre-perdio-el-control-de-su-moto-cayo-y-se-mato\/","url":"https:\/\/apuntesdesanluis.com\/index.php\/2024\/03\/18\/un-hombre-perdio-el-control-de-su-moto-cayo-y-se-mato\/","name":"UN HOMBRE PERDI\u00d3 EL CONTROL DE SU MOTO, CAY\u00d3 Y SE MAT\u00d3 - Apuntes de San Luis","isPartOf":{"@id":"https:\/\/apuntesdesanluis.com\/#website"},"primaryImageOfPage":{"@id":"https:\/\/apuntesdesanluis.com\/index.php\/2024\/03\/18\/un-hombre-perdio-el-control-de-su-moto-cayo-y-se-mato\/#primaryimage"},"image":{"@id":"https:\/\/apuntesdesanluis.com\/index.php\/2024\/03\/18\/un-hombre-perdio-el-control-de-su-moto-cayo-y-se-mato\/#primaryimage"},"thumbnailUrl":"https:\/\/apuntesdesanluis.com\/wp-content\/uploads\/2024\/03\/accidente.jpg","datePublished":"2024-03-18T14:47:34+00:00","dateModified":"2024-03-18T17:47:33+00:00","breadcrumb":{"@id":"https:\/\/apuntesdesanluis.com\/index.php\/2024\/03\/18\/un-hombre-perdio-el-control-de-su-moto-cayo-y-se-mato\/#breadcrumb"},"inLanguage":"es-AR","potentialAction":[{"@type":"ReadAction","target":["https:\/\/apuntesdesanluis.com\/index.php\/2024\/03\/18\/un-hombre-perdio-el-control-de-su-moto-cayo-y-se-mato\/"]}]},{"@type":"ImageObject","inLanguage":"es-AR","@id":"https:\/\/apuntesdesanluis.com\/index.php\/2024\/03\/18\/un-hombre-perdio-el-control-de-su-moto-cayo-y-se-mato\/#primaryimage","url":"https:\/\/apuntesdesanluis.com\/wp-content\/uploads\/2024\/03\/accidente.jpg","contentUrl":"https:\/\/apuntesdesanluis.com\/wp-content\/uploads\/2024\/03\/accidente.jpg","width":600,"height":313},{"@type":"BreadcrumbList","@id":"https:\/\/apuntesdesanluis.com\/index.php\/2024\/03\/18\/un-hombre-perdio-el-control-de-su-moto-cayo-y-se-mato\/#breadcrumb","itemListElement":[{"@type":"ListItem","position":1,"name":"Inicio","item":"https:\/\/apuntesdesanluis.com\/"},{"@type":"ListItem","position":2,"name":"UN HOMBRE PERDI\u00d3 EL CONTROL DE SU MOTO, CAY\u00d3 Y SE MAT\u00d3"}]},{"@type":"WebSite","@id":"https:\/\/apuntesdesanluis.com\/#website","url":"https:\/\/apuntesdesanluis.com\/","name":"Apuntes de San Luis","description":"","publisher":{"@id":"https:\/\/apuntesdesanluis.com\/#\/schema\/person\/b55151d52296fcce64d1a72538a70b90"},"potentialAction":[{"@type":"SearchAction","target":{"@type":"EntryPoint","urlTemplate":"https:\/\/apuntesdesanluis.com\/?s={search_term_string}"},"query-input":{"@type":"PropertyValueSpecification","valueRequired":true,"valueName":"search_term_string"}}],"inLanguage":"es-AR"},{"@type":["Person","Organization"],"@id":"https:\/\/apuntesdesanluis.com\/#\/schema\/person\/b55151d52296fcce64d1a72538a70b90","name":"apuntesdesanluis.com","image":{"@type":"ImageObject","inLanguage":"es-AR","@id":"https:\/\/apuntesdesanluis.com\/#\/schema\/person\/image\/","url":"https:\/\/apuntesdesanluis.com\/wp-content\/uploads\/2023\/07\/cropped-apuntesdesanluis.png","contentUrl":"https:\/\/apuntesdesanluis.com\/wp-content\/uploads\/2023\/07\/cropped-apuntesdesanluis.png","width":450,"height":112,"caption":"apuntesdesanluis.com"},"logo":{"@id":"https:\/\/apuntesdesanluis.com\/#\/schema\/person\/image\/"},"sameAs":["https:\/\/apuntesdesanluis.com"],"url":"https:\/\/apuntesdesanluis.com\/index.php\/author\/apuntesdesanluis-com\/"}]}},"featured_image_urls":{"full":["https:\/\/apuntesdesanluis.com\/wp-content\/uploads\/2024\/03\/accidente.jpg",600,313,false],"thumbnail":["https:\/\/apuntesdesanluis.com\/wp-content\/uploads\/2024\/03\/accidente-150x150.jpg",150,150,true],"medium":["https:\/\/apuntesdesanluis.com\/wp-content\/uploads\/2024\/03\/accidente-300x157.jpg",300,157,true],"medium_large":["https:\/\/apuntesdesanluis.com\/wp-content\/uploads\/2024\/03\/accidente.jpg",600,313,false],"large":["https:\/\/apuntesdesanluis.com\/wp-content\/uploads\/2024\/03\/accidente.jpg",600,313,false],"1536x1536":["https:\/\/apuntesdesanluis.com\/wp-content\/uploads\/2024\/03\/accidente.jpg",600,313,false],"2048x2048":["https:\/\/apuntesdesanluis.com\/wp-content\/uploads\/2024\/03\/accidente.jpg",600,313,false],"newsever-slider-full":["https:\/\/apuntesdesanluis.com\/wp-content\/uploads\/2024\/03\/accidente.jpg",600,313,false],"newsever-featured":["https:\/\/apuntesdesanluis.com\/wp-content\/uploads\/2024\/03\/accidente.jpg",600,313,false],"newsever-medium":["https:\/\/apuntesdesanluis.com\/wp-content\/uploads\/2024\/03\/accidente.jpg",600,313,false]},"author_info":{"display_name":"apuntesdesanluis.com","author_link":"https:\/\/apuntesdesanluis.com\/index.php\/author\/apuntesdesanluis-com\/"},"category_info":"<a href=\"https:\/\/apuntesdesanluis.com\/index.php\/category\/ciudad-provincia\/\" rel=\"category tag\">Ciudad\/Provincia<\/a>","tag_info":"Ciudad\/Provincia","comment_count":"0","_links":{"self":[{"href":"https:\/\/apuntesdesanluis.com\/index.php\/wp-json\/wp\/v2\/posts\/13315","targetHints":{"allow":["GET"]}}],"collection":[{"href":"https:\/\/apuntesdesanluis.com\/index.php\/wp-json\/wp\/v2\/posts"}],"about":[{"href":"https:\/\/apuntesdesanluis.com\/index.php\/wp-json\/wp\/v2\/types\/post"}],"author":[{"embeddable":true,"href":"https:\/\/apuntesdesanluis.com\/index.php\/wp-json\/wp\/v2\/users\/1"}],"replies":[{"embeddable":true,"href":"https:\/\/apuntesdesanluis.com\/index.php\/wp-json\/wp\/v2\/comments?post=13315"}],"version-history":[{"count":2,"href":"https:\/\/apuntesdesanluis.com\/index.php\/wp-json\/wp\/v2\/posts\/13315\/revisions"}],"predecessor-version":[{"id":13325,"href":"https:\/\/apuntesdesanluis.com\/index.php\/wp-json\/wp\/v2\/posts\/13315\/revisions\/13325"}],"wp:featuredmedia":[{"embeddable":true,"href":"https:\/\/apuntesdesanluis.com\/index.php\/wp-json\/wp\/v2\/media\/13316"}],"wp:attachment":[{"href":"https:\/\/apuntesdesanluis.com\/index.php\/wp-json\/wp\/v2\/media?parent=13315"}],"wp:term":[{"taxonomy":"category","embeddable":true,"href":"https:\/\/apuntesdesanluis.com\/index.php\/wp-json\/wp\/v2\/categories?post=13315"},{"taxonomy":"post_tag","embeddable":true,"href":"https:\/\/apuntesdesanluis.com\/index.php\/wp-json\/wp\/v2\/tags?post=13315"}],"curies":[{"name":"wp","href":"https:\/\/api.w.org\/{rel}","templated":true}]}}