{"id":13321,"date":"2024-03-17T22:12:17","date_gmt":"2024-03-18T01:12:17","guid":{"rendered":"https:\/\/apuntesdesanluis.com\/?p=13321"},"modified":"2024-03-18T12:19:28","modified_gmt":"2024-03-18T15:19:28","slug":"siete-municipios-de-la-costa-de-los-comechingones-firmaron-convenio-con-la-secretaria-de-personas-con-discapacidad","status":"publish","type":"post","link":"https:\/\/apuntesdesanluis.com\/index.php\/2024\/03\/17\/siete-municipios-de-la-costa-de-los-comechingones-firmaron-convenio-con-la-secretaria-de-personas-con-discapacidad\/","title":{"rendered":"SIETE MUNICIPIOS DE LA COSTA DE LOS COMECHINGONES FIRMARON CONVENIO CON LA SECRETAR\u00cdA DE PERSONAS CON DISCAPACIDAD"},"content":{"rendered":"<h3>&#8220;Este es un paso gigantesco en pos de la inclusi\u00f3n y el reconocimiento de los derechos de las personas discapacitadas. Significa que estos municipios asumen el compromiso de capacitarse en serio para poder brindar un mejor servicio de asesoramiento, contenci\u00f3n y acompa\u00f1amiento al sector de la discapacidad&#8221;, defini\u00f3 el Secretario <strong>Luis Giraudo<\/strong>.<\/h3>\n<h3>Record\u00f3 que &#8220;el gobernador <strong>Claudio Poggi<\/strong> lo dijo el primer d\u00eda que asumi\u00f3 su gesti\u00f3n: que la discapacidad iba a ser una pol\u00edtica de estado. Por eso yo le agradezco infinitamente a estos municipios y a los otros que venimos visitando, que han comprendido que todos los niveles de gobierno deben ayudar y aportar para que esta decisi\u00f3n se concrete en los hechos y no quede en una expresi\u00f3n de deseos&#8221;.<\/h3>\n<h3>En representaci\u00f3n del Gobierno, Luis Giraudo firm\u00f3 un acuerdo de capacitaci\u00f3n con municipios para actualizarlos sobre tr\u00e1mites, programas y prestaciones para personas con discapacidad. A cambio, las comunas pondr\u00e1n a disposici\u00f3n infraestructura y recursos t\u00e9cnicos y humanos.<\/h3>\n<h3>Este s\u00e1bado, en Cortaderas, siete intendentes de localidades de la Costa de los Comechingones firmaron el acuerdo de cooperaci\u00f3n mutua con el Gobierno provincial, para que las comunas se capaciten en tr\u00e1mites, programas y prestaciones que lleva adelante la secretar\u00eda de Discapacidad. El objetivo es establecer una v\u00eda de contacto directa y aportar material informativo.<\/h3>\n<h3>Por su parte, los municipios se comprometieron a poner a disposici\u00f3n su infraestructura, recursos t\u00e9cnicos y humanos para la implementaci\u00f3n de programas y prestaciones ejecutados por la Secretar\u00eda.<\/h3>\n<h3>Participaron de la firma del acuerdo los intendentes Juan \u00c1lvarez Pinto, de la Villa de Merlo, quien estuvo acompa\u00f1ado por la directora de Pol\u00edticas para la Discapacidad, Silvia De Piero; Macarena Dana Ben\u00edtez, de Cortaderas; Jos\u00e9 Luis Gauna, de Papagayos; Mateo Agust\u00edn V\u00edlchez, de Villa Larca; Gast\u00f3n Herrera, de Carpinter\u00eda; Marcelo S\u00e1nchez, de Los Molles; y Mat\u00edas Raboni, de Villa del Carmen. Adem\u00e1s, estuvieron Laureano Landaburu, del \u00e1rea de Transporte, y Claudia Pereyra, asesora legal de la secretar\u00eda de Discapacidad.<\/h3>\n<h3>El secretario Luis Giraudo agradeci\u00f3 el compromiso y la predisposici\u00f3n de cada intendencia, que suma esfuerzos y hechos concretos para una pol\u00edtica de estado que es central para el gobernador Claudio Poggi.<\/h3>\n<h3>El acuerdo ratifica el compromiso de ambas partes con la inclusi\u00f3n y la eliminaci\u00f3n de barreras para las personas con discapacidad. El objetivo es que estas acciones conjuntas mejoren la calidad de vida de este sector de la poblaci\u00f3n y promuevan una sociedad m\u00e1s inclusiva y respetuosa de la diversidad.<\/h3>\n<p>&nbsp;<\/p>\n<p>&nbsp;<\/p>\n<p>&nbsp;<\/p>\n<p>&nbsp;<\/p>\n<p>&nbsp;<\/p>\n<p>&nbsp;<\/p>\n<p>&nbsp;<\/p>\n<p>&nbsp;<\/p>\n","protected":false},"excerpt":{"rendered":"<p>&#8220;Este es un paso gigantesco en pos de la inclusi\u00f3n y el reconocimiento de los&#8230;<\/p>\n","protected":false},"author":1,"featured_media":13322,"comment_status":"closed","ping_status":"closed","sticky":false,"template":"","format":"standard","meta":{"footnotes":""},"categories":[6],"tags":[],"class_list":["post-13321","post","type-post","status-publish","format-standard","has-post-thumbnail","hentry","category-ciudad-provincia"],"yoast_head":"<!-- This site is optimized with the Yoast SEO plugin v26.1.1 - https:\/\/yoast.com\/wordpress\/plugins\/seo\/ -->\n<title>SIETE MUNICIPIOS DE LA COSTA DE LOS COMECHINGONES FIRMARON CONVENIO CON LA SECRETAR\u00cdA DE PERSONAS CON DISCAPACIDAD - Apuntes de San Luis<\/title>\n<meta name=\"robots\" content=\"index, follow, max-snippet:-1, max-image-preview:large, max-video-preview:-1\" \/>\n<link rel=\"canonical\" href=\"https:\/\/apuntesdesanluis.com\/index.php\/2024\/03\/17\/siete-municipios-de-la-costa-de-los-comechingones-firmaron-convenio-con-la-secretaria-de-personas-con-discapacidad\/\" \/>\n<meta property=\"og:locale\" content=\"es_ES\" \/>\n<meta property=\"og:type\" content=\"article\" \/>\n<meta property=\"og:title\" content=\"SIETE MUNICIPIOS DE LA COSTA DE LOS COMECHINGONES FIRMARON CONVENIO CON LA SECRETAR\u00cdA DE PERSONAS CON DISCAPACIDAD - Apuntes de San Luis\" \/>\n<meta property=\"og:description\" content=\"&#8220;Este es un paso gigantesco en pos de la inclusi\u00f3n y el reconocimiento de los...\" \/>\n<meta property=\"og:url\" content=\"https:\/\/apuntesdesanluis.com\/index.php\/2024\/03\/17\/siete-municipios-de-la-costa-de-los-comechingones-firmaron-convenio-con-la-secretaria-de-personas-con-discapacidad\/\" \/>\n<meta property=\"og:site_name\" content=\"Apuntes de San Luis\" \/>\n<meta property=\"article:published_time\" content=\"2024-03-18T01:12:17+00:00\" \/>\n<meta property=\"article:modified_time\" content=\"2024-03-18T15:19:28+00:00\" \/>\n<meta property=\"og:image\" content=\"https:\/\/apuntesdesanluis.com\/wp-content\/uploads\/2024\/03\/cce75a5e-acdd-415d-9dea-9959c3319097.jpg\" \/>\n\t<meta property=\"og:image:width\" content=\"600\" \/>\n\t<meta property=\"og:image:height\" content=\"405\" \/>\n\t<meta property=\"og:image:type\" content=\"image\/jpeg\" \/>\n<meta name=\"author\" content=\"apuntesdesanluis.com\" \/>\n<meta name=\"twitter:card\" content=\"summary_large_image\" \/>\n<meta name=\"twitter:label1\" content=\"Escrito por\" \/>\n\t<meta name=\"twitter:data1\" content=\"apuntesdesanluis.com\" \/>\n\t<meta name=\"twitter:label2\" content=\"Tiempo de lectura\" \/>\n\t<meta name=\"twitter:data2\" content=\"2 minutos\" \/>\n<script type=\"application\/ld+json\" class=\"yoast-schema-graph\">{\"@context\":\"https:\/\/schema.org\",\"@graph\":[{\"@type\":\"Article\",\"@id\":\"https:\/\/apuntesdesanluis.com\/index.php\/2024\/03\/17\/siete-municipios-de-la-costa-de-los-comechingones-firmaron-convenio-con-la-secretaria-de-personas-con-discapacidad\/#article\",\"isPartOf\":{\"@id\":\"https:\/\/apuntesdesanluis.com\/index.php\/2024\/03\/17\/siete-municipios-de-la-costa-de-los-comechingones-firmaron-convenio-con-la-secretaria-de-personas-con-discapacidad\/\"},\"author\":{\"name\":\"apuntesdesanluis.com\",\"@id\":\"https:\/\/apuntesdesanluis.com\/#\/schema\/person\/b55151d52296fcce64d1a72538a70b90\"},\"headline\":\"SIETE MUNICIPIOS DE LA COSTA DE LOS COMECHINGONES FIRMARON CONVENIO CON LA SECRETAR\u00cdA DE PERSONAS CON DISCAPACIDAD\",\"datePublished\":\"2024-03-18T01:12:17+00:00\",\"dateModified\":\"2024-03-18T15:19:28+00:00\",\"mainEntityOfPage\":{\"@id\":\"https:\/\/apuntesdesanluis.com\/index.php\/2024\/03\/17\/siete-municipios-de-la-costa-de-los-comechingones-firmaron-convenio-con-la-secretaria-de-personas-con-discapacidad\/\"},\"wordCount\":471,\"publisher\":{\"@id\":\"https:\/\/apuntesdesanluis.com\/#\/schema\/person\/b55151d52296fcce64d1a72538a70b90\"},\"image\":{\"@id\":\"https:\/\/apuntesdesanluis.com\/index.php\/2024\/03\/17\/siete-municipios-de-la-costa-de-los-comechingones-firmaron-convenio-con-la-secretaria-de-personas-con-discapacidad\/#primaryimage\"},\"thumbnailUrl\":\"https:\/\/apuntesdesanluis.com\/wp-content\/uploads\/2024\/03\/cce75a5e-acdd-415d-9dea-9959c3319097.jpg\",\"articleSection\":[\"Ciudad\/Provincia\"],\"inLanguage\":\"es-AR\"},{\"@type\":\"WebPage\",\"@id\":\"https:\/\/apuntesdesanluis.com\/index.php\/2024\/03\/17\/siete-municipios-de-la-costa-de-los-comechingones-firmaron-convenio-con-la-secretaria-de-personas-con-discapacidad\/\",\"url\":\"https:\/\/apuntesdesanluis.com\/index.php\/2024\/03\/17\/siete-municipios-de-la-costa-de-los-comechingones-firmaron-convenio-con-la-secretaria-de-personas-con-discapacidad\/\",\"name\":\"SIETE MUNICIPIOS DE LA COSTA DE LOS COMECHINGONES FIRMARON CONVENIO CON LA SECRETAR\u00cdA DE PERSONAS CON DISCAPACIDAD - Apuntes de San Luis\",\"isPartOf\":{\"@id\":\"https:\/\/apuntesdesanluis.com\/#website\"},\"primaryImageOfPage\":{\"@id\":\"https:\/\/apuntesdesanluis.com\/index.php\/2024\/03\/17\/siete-municipios-de-la-costa-de-los-comechingones-firmaron-convenio-con-la-secretaria-de-personas-con-discapacidad\/#primaryimage\"},\"image\":{\"@id\":\"https:\/\/apuntesdesanluis.com\/index.php\/2024\/03\/17\/siete-municipios-de-la-costa-de-los-comechingones-firmaron-convenio-con-la-secretaria-de-personas-con-discapacidad\/#primaryimage\"},\"thumbnailUrl\":\"https:\/\/apuntesdesanluis.com\/wp-content\/uploads\/2024\/03\/cce75a5e-acdd-415d-9dea-9959c3319097.jpg\",\"datePublished\":\"2024-03-18T01:12:17+00:00\",\"dateModified\":\"2024-03-18T15:19:28+00:00\",\"breadcrumb\":{\"@id\":\"https:\/\/apuntesdesanluis.com\/index.php\/2024\/03\/17\/siete-municipios-de-la-costa-de-los-comechingones-firmaron-convenio-con-la-secretaria-de-personas-con-discapacidad\/#breadcrumb\"},\"inLanguage\":\"es-AR\",\"potentialAction\":[{\"@type\":\"ReadAction\",\"target\":[\"https:\/\/apuntesdesanluis.com\/index.php\/2024\/03\/17\/siete-municipios-de-la-costa-de-los-comechingones-firmaron-convenio-con-la-secretaria-de-personas-con-discapacidad\/\"]}]},{\"@type\":\"ImageObject\",\"inLanguage\":\"es-AR\",\"@id\":\"https:\/\/apuntesdesanluis.com\/index.php\/2024\/03\/17\/siete-municipios-de-la-costa-de-los-comechingones-firmaron-convenio-con-la-secretaria-de-personas-con-discapacidad\/#primaryimage\",\"url\":\"https:\/\/apuntesdesanluis.com\/wp-content\/uploads\/2024\/03\/cce75a5e-acdd-415d-9dea-9959c3319097.jpg\",\"contentUrl\":\"https:\/\/apuntesdesanluis.com\/wp-content\/uploads\/2024\/03\/cce75a5e-acdd-415d-9dea-9959c3319097.jpg\",\"width\":600,\"height\":405},{\"@type\":\"BreadcrumbList\",\"@id\":\"https:\/\/apuntesdesanluis.com\/index.php\/2024\/03\/17\/siete-municipios-de-la-costa-de-los-comechingones-firmaron-convenio-con-la-secretaria-de-personas-con-discapacidad\/#breadcrumb\",\"itemListElement\":[{\"@type\":\"ListItem\",\"position\":1,\"name\":\"Inicio\",\"item\":\"https:\/\/apuntesdesanluis.com\/\"},{\"@type\":\"ListItem\",\"position\":2,\"name\":\"SIETE MUNICIPIOS DE LA COSTA DE LOS COMECHINGONES FIRMARON CONVENIO CON LA SECRETAR\u00cdA DE PERSONAS CON DISCAPACIDAD\"}]},{\"@type\":\"WebSite\",\"@id\":\"https:\/\/apuntesdesanluis.com\/#website\",\"url\":\"https:\/\/apuntesdesanluis.com\/\",\"name\":\"Apuntes de San Luis\",\"description\":\"\",\"publisher\":{\"@id\":\"https:\/\/apuntesdesanluis.com\/#\/schema\/person\/b55151d52296fcce64d1a72538a70b90\"},\"potentialAction\":[{\"@type\":\"SearchAction\",\"target\":{\"@type\":\"EntryPoint\",\"urlTemplate\":\"https:\/\/apuntesdesanluis.com\/?s={search_term_string}\"},\"query-input\":{\"@type\":\"PropertyValueSpecification\",\"valueRequired\":true,\"valueName\":\"search_term_string\"}}],\"inLanguage\":\"es-AR\"},{\"@type\":[\"Person\",\"Organization\"],\"@id\":\"https:\/\/apuntesdesanluis.com\/#\/schema\/person\/b55151d52296fcce64d1a72538a70b90\",\"name\":\"apuntesdesanluis.com\",\"image\":{\"@type\":\"ImageObject\",\"inLanguage\":\"es-AR\",\"@id\":\"https:\/\/apuntesdesanluis.com\/#\/schema\/person\/image\/\",\"url\":\"https:\/\/apuntesdesanluis.com\/wp-content\/uploads\/2023\/07\/cropped-apuntesdesanluis.png\",\"contentUrl\":\"https:\/\/apuntesdesanluis.com\/wp-content\/uploads\/2023\/07\/cropped-apuntesdesanluis.png\",\"width\":450,\"height\":112,\"caption\":\"apuntesdesanluis.com\"},\"logo\":{\"@id\":\"https:\/\/apuntesdesanluis.com\/#\/schema\/person\/image\/\"},\"sameAs\":[\"https:\/\/apuntesdesanluis.com\"],\"url\":\"https:\/\/apuntesdesanluis.com\/index.php\/author\/apuntesdesanluis-com\/\"}]}<\/script>\n<!-- \/ Yoast SEO plugin. -->","yoast_head_json":{"title":"SIETE MUNICIPIOS DE LA COSTA DE LOS COMECHINGONES FIRMARON CONVENIO CON LA SECRETAR\u00cdA DE PERSONAS CON DISCAPACIDAD - Apuntes de San Luis","robots":{"index":"index","follow":"follow","max-snippet":"max-snippet:-1","max-image-preview":"max-image-preview:large","max-video-preview":"max-video-preview:-1"},"canonical":"https:\/\/apuntesdesanluis.com\/index.php\/2024\/03\/17\/siete-municipios-de-la-costa-de-los-comechingones-firmaron-convenio-con-la-secretaria-de-personas-con-discapacidad\/","og_locale":"es_ES","og_type":"article","og_title":"SIETE MUNICIPIOS DE LA COSTA DE LOS COMECHINGONES FIRMARON CONVENIO CON LA SECRETAR\u00cdA DE PERSONAS CON DISCAPACIDAD - Apuntes de San Luis","og_description":"&#8220;Este es un paso gigantesco en pos de la inclusi\u00f3n y el reconocimiento de los...","og_url":"https:\/\/apuntesdesanluis.com\/index.php\/2024\/03\/17\/siete-municipios-de-la-costa-de-los-comechingones-firmaron-convenio-con-la-secretaria-de-personas-con-discapacidad\/","og_site_name":"Apuntes de San Luis","article_published_time":"2024-03-18T01:12:17+00:00","article_modified_time":"2024-03-18T15:19:28+00:00","og_image":[{"width":600,"height":405,"url":"https:\/\/apuntesdesanluis.com\/wp-content\/uploads\/2024\/03\/cce75a5e-acdd-415d-9dea-9959c3319097.jpg","type":"image\/jpeg"}],"author":"apuntesdesanluis.com","twitter_card":"summary_large_image","twitter_misc":{"Escrito por":"apuntesdesanluis.com","Tiempo de lectura":"2 minutos"},"schema":{"@context":"https:\/\/schema.org","@graph":[{"@type":"Article","@id":"https:\/\/apuntesdesanluis.com\/index.php\/2024\/03\/17\/siete-municipios-de-la-costa-de-los-comechingones-firmaron-convenio-con-la-secretaria-de-personas-con-discapacidad\/#article","isPartOf":{"@id":"https:\/\/apuntesdesanluis.com\/index.php\/2024\/03\/17\/siete-municipios-de-la-costa-de-los-comechingones-firmaron-convenio-con-la-secretaria-de-personas-con-discapacidad\/"},"author":{"name":"apuntesdesanluis.com","@id":"https:\/\/apuntesdesanluis.com\/#\/schema\/person\/b55151d52296fcce64d1a72538a70b90"},"headline":"SIETE MUNICIPIOS DE LA COSTA DE LOS COMECHINGONES FIRMARON CONVENIO CON LA SECRETAR\u00cdA DE PERSONAS CON DISCAPACIDAD","datePublished":"2024-03-18T01:12:17+00:00","dateModified":"2024-03-18T15:19:28+00:00","mainEntityOfPage":{"@id":"https:\/\/apuntesdesanluis.com\/index.php\/2024\/03\/17\/siete-municipios-de-la-costa-de-los-comechingones-firmaron-convenio-con-la-secretaria-de-personas-con-discapacidad\/"},"wordCount":471,"publisher":{"@id":"https:\/\/apuntesdesanluis.com\/#\/schema\/person\/b55151d52296fcce64d1a72538a70b90"},"image":{"@id":"https:\/\/apuntesdesanluis.com\/index.php\/2024\/03\/17\/siete-municipios-de-la-costa-de-los-comechingones-firmaron-convenio-con-la-secretaria-de-personas-con-discapacidad\/#primaryimage"},"thumbnailUrl":"https:\/\/apuntesdesanluis.com\/wp-content\/uploads\/2024\/03\/cce75a5e-acdd-415d-9dea-9959c3319097.jpg","articleSection":["Ciudad\/Provincia"],"inLanguage":"es-AR"},{"@type":"WebPage","@id":"https:\/\/apuntesdesanluis.com\/index.php\/2024\/03\/17\/siete-municipios-de-la-costa-de-los-comechingones-firmaron-convenio-con-la-secretaria-de-personas-con-discapacidad\/","url":"https:\/\/apuntesdesanluis.com\/index.php\/2024\/03\/17\/siete-municipios-de-la-costa-de-los-comechingones-firmaron-convenio-con-la-secretaria-de-personas-con-discapacidad\/","name":"SIETE MUNICIPIOS DE LA COSTA DE LOS COMECHINGONES FIRMARON CONVENIO CON LA SECRETAR\u00cdA DE PERSONAS CON DISCAPACIDAD - Apuntes de San Luis","isPartOf":{"@id":"https:\/\/apuntesdesanluis.com\/#website"},"primaryImageOfPage":{"@id":"https:\/\/apuntesdesanluis.com\/index.php\/2024\/03\/17\/siete-municipios-de-la-costa-de-los-comechingones-firmaron-convenio-con-la-secretaria-de-personas-con-discapacidad\/#primaryimage"},"image":{"@id":"https:\/\/apuntesdesanluis.com\/index.php\/2024\/03\/17\/siete-municipios-de-la-costa-de-los-comechingones-firmaron-convenio-con-la-secretaria-de-personas-con-discapacidad\/#primaryimage"},"thumbnailUrl":"https:\/\/apuntesdesanluis.com\/wp-content\/uploads\/2024\/03\/cce75a5e-acdd-415d-9dea-9959c3319097.jpg","datePublished":"2024-03-18T01:12:17+00:00","dateModified":"2024-03-18T15:19:28+00:00","breadcrumb":{"@id":"https:\/\/apuntesdesanluis.com\/index.php\/2024\/03\/17\/siete-municipios-de-la-costa-de-los-comechingones-firmaron-convenio-con-la-secretaria-de-personas-con-discapacidad\/#breadcrumb"},"inLanguage":"es-AR","potentialAction":[{"@type":"ReadAction","target":["https:\/\/apuntesdesanluis.com\/index.php\/2024\/03\/17\/siete-municipios-de-la-costa-de-los-comechingones-firmaron-convenio-con-la-secretaria-de-personas-con-discapacidad\/"]}]},{"@type":"ImageObject","inLanguage":"es-AR","@id":"https:\/\/apuntesdesanluis.com\/index.php\/2024\/03\/17\/siete-municipios-de-la-costa-de-los-comechingones-firmaron-convenio-con-la-secretaria-de-personas-con-discapacidad\/#primaryimage","url":"https:\/\/apuntesdesanluis.com\/wp-content\/uploads\/2024\/03\/cce75a5e-acdd-415d-9dea-9959c3319097.jpg","contentUrl":"https:\/\/apuntesdesanluis.com\/wp-content\/uploads\/2024\/03\/cce75a5e-acdd-415d-9dea-9959c3319097.jpg","width":600,"height":405},{"@type":"BreadcrumbList","@id":"https:\/\/apuntesdesanluis.com\/index.php\/2024\/03\/17\/siete-municipios-de-la-costa-de-los-comechingones-firmaron-convenio-con-la-secretaria-de-personas-con-discapacidad\/#breadcrumb","itemListElement":[{"@type":"ListItem","position":1,"name":"Inicio","item":"https:\/\/apuntesdesanluis.com\/"},{"@type":"ListItem","position":2,"name":"SIETE MUNICIPIOS DE LA COSTA DE LOS COMECHINGONES FIRMARON CONVENIO CON LA SECRETAR\u00cdA DE PERSONAS CON DISCAPACIDAD"}]},{"@type":"WebSite","@id":"https:\/\/apuntesdesanluis.com\/#website","url":"https:\/\/apuntesdesanluis.com\/","name":"Apuntes de San Luis","description":"","publisher":{"@id":"https:\/\/apuntesdesanluis.com\/#\/schema\/person\/b55151d52296fcce64d1a72538a70b90"},"potentialAction":[{"@type":"SearchAction","target":{"@type":"EntryPoint","urlTemplate":"https:\/\/apuntesdesanluis.com\/?s={search_term_string}"},"query-input":{"@type":"PropertyValueSpecification","valueRequired":true,"valueName":"search_term_string"}}],"inLanguage":"es-AR"},{"@type":["Person","Organization"],"@id":"https:\/\/apuntesdesanluis.com\/#\/schema\/person\/b55151d52296fcce64d1a72538a70b90","name":"apuntesdesanluis.com","image":{"@type":"ImageObject","inLanguage":"es-AR","@id":"https:\/\/apuntesdesanluis.com\/#\/schema\/person\/image\/","url":"https:\/\/apuntesdesanluis.com\/wp-content\/uploads\/2023\/07\/cropped-apuntesdesanluis.png","contentUrl":"https:\/\/apuntesdesanluis.com\/wp-content\/uploads\/2023\/07\/cropped-apuntesdesanluis.png","width":450,"height":112,"caption":"apuntesdesanluis.com"},"logo":{"@id":"https:\/\/apuntesdesanluis.com\/#\/schema\/person\/image\/"},"sameAs":["https:\/\/apuntesdesanluis.com"],"url":"https:\/\/apuntesdesanluis.com\/index.php\/author\/apuntesdesanluis-com\/"}]}},"featured_image_urls":{"full":["https:\/\/apuntesdesanluis.com\/wp-content\/uploads\/2024\/03\/cce75a5e-acdd-415d-9dea-9959c3319097.jpg",600,405,false],"thumbnail":["https:\/\/apuntesdesanluis.com\/wp-content\/uploads\/2024\/03\/cce75a5e-acdd-415d-9dea-9959c3319097-150x150.jpg",150,150,true],"medium":["https:\/\/apuntesdesanluis.com\/wp-content\/uploads\/2024\/03\/cce75a5e-acdd-415d-9dea-9959c3319097-300x203.jpg",300,203,true],"medium_large":["https:\/\/apuntesdesanluis.com\/wp-content\/uploads\/2024\/03\/cce75a5e-acdd-415d-9dea-9959c3319097.jpg",600,405,false],"large":["https:\/\/apuntesdesanluis.com\/wp-content\/uploads\/2024\/03\/cce75a5e-acdd-415d-9dea-9959c3319097.jpg",600,405,false],"1536x1536":["https:\/\/apuntesdesanluis.com\/wp-content\/uploads\/2024\/03\/cce75a5e-acdd-415d-9dea-9959c3319097.jpg",600,405,false],"2048x2048":["https:\/\/apuntesdesanluis.com\/wp-content\/uploads\/2024\/03\/cce75a5e-acdd-415d-9dea-9959c3319097.jpg",600,405,false],"newsever-slider-full":["https:\/\/apuntesdesanluis.com\/wp-content\/uploads\/2024\/03\/cce75a5e-acdd-415d-9dea-9959c3319097.jpg",600,405,false],"newsever-featured":["https:\/\/apuntesdesanluis.com\/wp-content\/uploads\/2024\/03\/cce75a5e-acdd-415d-9dea-9959c3319097.jpg",600,405,false],"newsever-medium":["https:\/\/apuntesdesanluis.com\/wp-content\/uploads\/2024\/03\/cce75a5e-acdd-415d-9dea-9959c3319097.jpg",600,405,false]},"author_info":{"display_name":"apuntesdesanluis.com","author_link":"https:\/\/apuntesdesanluis.com\/index.php\/author\/apuntesdesanluis-com\/"},"category_info":"<a href=\"https:\/\/apuntesdesanluis.com\/index.php\/category\/ciudad-provincia\/\" rel=\"category tag\">Ciudad\/Provincia<\/a>","tag_info":"Ciudad\/Provincia","comment_count":"0","_links":{"self":[{"href":"https:\/\/apuntesdesanluis.com\/index.php\/wp-json\/wp\/v2\/posts\/13321","targetHints":{"allow":["GET"]}}],"collection":[{"href":"https:\/\/apuntesdesanluis.com\/index.php\/wp-json\/wp\/v2\/posts"}],"about":[{"href":"https:\/\/apuntesdesanluis.com\/index.php\/wp-json\/wp\/v2\/types\/post"}],"author":[{"embeddable":true,"href":"https:\/\/apuntesdesanluis.com\/index.php\/wp-json\/wp\/v2\/users\/1"}],"replies":[{"embeddable":true,"href":"https:\/\/apuntesdesanluis.com\/index.php\/wp-json\/wp\/v2\/comments?post=13321"}],"version-history":[{"count":1,"href":"https:\/\/apuntesdesanluis.com\/index.php\/wp-json\/wp\/v2\/posts\/13321\/revisions"}],"predecessor-version":[{"id":13323,"href":"https:\/\/apuntesdesanluis.com\/index.php\/wp-json\/wp\/v2\/posts\/13321\/revisions\/13323"}],"wp:featuredmedia":[{"embeddable":true,"href":"https:\/\/apuntesdesanluis.com\/index.php\/wp-json\/wp\/v2\/media\/13322"}],"wp:attachment":[{"href":"https:\/\/apuntesdesanluis.com\/index.php\/wp-json\/wp\/v2\/media?parent=13321"}],"wp:term":[{"taxonomy":"category","embeddable":true,"href":"https:\/\/apuntesdesanluis.com\/index.php\/wp-json\/wp\/v2\/categories?post=13321"},{"taxonomy":"post_tag","embeddable":true,"href":"https:\/\/apuntesdesanluis.com\/index.php\/wp-json\/wp\/v2\/tags?post=13321"}],"curies":[{"name":"wp","href":"https:\/\/api.w.org\/{rel}","templated":true}]}}