{"id":13337,"date":"2024-03-18T19:48:05","date_gmt":"2024-03-18T22:48:05","guid":{"rendered":"https:\/\/apuntesdesanluis.com\/?p=13337"},"modified":"2024-03-18T19:48:23","modified_gmt":"2024-03-18T22:48:23","slug":"estudiantes-de-la-plata-informo-que-la-convulsion-que-sufrio-javier-altamirano-se-debio-a-una-trombosis","status":"publish","type":"post","link":"https:\/\/apuntesdesanluis.com\/index.php\/2024\/03\/18\/estudiantes-de-la-plata-informo-que-la-convulsion-que-sufrio-javier-altamirano-se-debio-a-una-trombosis\/","title":{"rendered":"ESTUDIANTES DE LA PLATA INFORM\u00d3 QUE LA CONVULSI\u00d3N QUE SUFRI\u00d3 JAVIER ALTAMIRANO SE DEBI\u00d3 A UNA TROMBOSIS"},"content":{"rendered":"<h3>A trav\u00e9s de sus redes sociales, el Pincha dio detalles de la evoluci\u00f3n del mediocampista chileno que sufri\u00f3 una convulsi\u00f3n en el juego ante Boca Juniors, que provoc\u00f3 la suspensi\u00f3n del parido.<\/h3>\n<h3><strong>Javier Altamirano<\/strong> contin\u00faa evolucionando luego de haber sufrido una convulsi\u00f3n en el encuentro que Estudiantes de La Plata disput\u00f3 anoche ante Boca Juniors por la fecha 11 de la Copa de La Liga.<\/h3>\n<h3>Luego de que este lunes se informara que el mediocampista fue trasladado desde el Instituto M\u00e9dico Platense, ubicado a pocos metros de la cancha del Pincha, hacia el Hospital Italiano donde se le realiz\u00f3 un estudio complementario, el elenco platense comunic\u00f3 un nuevo parte m\u00e9dico con el que se confirm\u00f3 qu\u00e9 le provoc\u00f3 la convulsi\u00f3n: \u201cFue una trombosis del seno longitudinal superior (cerebro)\u201d.<\/h3>\n<h3>Asimismo, mediante sus redes sociales, el club Estudiantes de La Plata indic\u00f3 que el futbolista chileno \u201cse encuentra estable, con la medicaci\u00f3n adecuada y a la espera de otros estudios\u201d. Adem\u00e1s, indic\u00f3 que el jugador de 24 a\u00f1os permanecer\u00e1 internado para \u201ccontrol evolutivo\u201d.<\/h3>\n<p>&nbsp;<\/p>\n<p><img fetchpriority=\"high\" decoding=\"async\" class=\"wp-image-13338 aligncenter\" src=\"https:\/\/apuntesdesanluis.com\/wp-content\/uploads\/2024\/03\/posteo-de-estudiantes-287x300.png\" alt=\"\" width=\"629\" height=\"657\" srcset=\"https:\/\/apuntesdesanluis.com\/wp-content\/uploads\/2024\/03\/posteo-de-estudiantes-287x300.png 287w, https:\/\/apuntesdesanluis.com\/wp-content\/uploads\/2024\/03\/posteo-de-estudiantes.png 657w\" sizes=\"(max-width: 629px) 100vw, 629px\" \/><\/p>\n<p>&nbsp;<\/p>\n<p>&nbsp;<\/p>\n<p>&nbsp;<\/p>\n<p>&nbsp;<\/p>\n","protected":false},"excerpt":{"rendered":"<p>A trav\u00e9s de sus redes sociales, el Pincha dio detalles de la evoluci\u00f3n del mediocampista&#8230;<\/p>\n","protected":false},"author":1,"featured_media":13339,"comment_status":"closed","ping_status":"closed","sticky":false,"template":"","format":"standard","meta":{"footnotes":""},"categories":[8,5],"tags":[],"class_list":["post-13337","post","type-post","status-publish","format-standard","has-post-thumbnail","hentry","category-deportes","category-nacionales-internacionales"],"yoast_head":"<!-- This site is optimized with the Yoast SEO plugin v26.1.1 - https:\/\/yoast.com\/wordpress\/plugins\/seo\/ -->\n<title>ESTUDIANTES DE LA PLATA INFORM\u00d3 QUE LA CONVULSI\u00d3N QUE SUFRI\u00d3 JAVIER ALTAMIRANO SE DEBI\u00d3 A UNA TROMBOSIS - Apuntes de San Luis<\/title>\n<meta name=\"robots\" content=\"index, follow, max-snippet:-1, max-image-preview:large, max-video-preview:-1\" \/>\n<link rel=\"canonical\" href=\"https:\/\/apuntesdesanluis.com\/index.php\/2024\/03\/18\/estudiantes-de-la-plata-informo-que-la-convulsion-que-sufrio-javier-altamirano-se-debio-a-una-trombosis\/\" \/>\n<meta property=\"og:locale\" content=\"es_ES\" \/>\n<meta property=\"og:type\" content=\"article\" \/>\n<meta property=\"og:title\" content=\"ESTUDIANTES DE LA PLATA INFORM\u00d3 QUE LA CONVULSI\u00d3N QUE SUFRI\u00d3 JAVIER ALTAMIRANO SE DEBI\u00d3 A UNA TROMBOSIS - Apuntes de San Luis\" \/>\n<meta property=\"og:description\" content=\"A trav\u00e9s de sus redes sociales, el Pincha dio detalles de la evoluci\u00f3n del mediocampista...\" \/>\n<meta property=\"og:url\" content=\"https:\/\/apuntesdesanluis.com\/index.php\/2024\/03\/18\/estudiantes-de-la-plata-informo-que-la-convulsion-que-sufrio-javier-altamirano-se-debio-a-una-trombosis\/\" \/>\n<meta property=\"og:site_name\" content=\"Apuntes de San Luis\" \/>\n<meta property=\"article:published_time\" content=\"2024-03-18T22:48:05+00:00\" \/>\n<meta property=\"article:modified_time\" content=\"2024-03-18T22:48:23+00:00\" \/>\n<meta property=\"og:image\" content=\"https:\/\/apuntesdesanluis.com\/wp-content\/uploads\/2024\/03\/instituto-medico.png\" \/>\n\t<meta property=\"og:image:width\" content=\"590\" \/>\n\t<meta property=\"og:image:height\" content=\"362\" \/>\n\t<meta property=\"og:image:type\" content=\"image\/png\" \/>\n<meta name=\"author\" content=\"apuntesdesanluis.com\" \/>\n<meta name=\"twitter:card\" content=\"summary_large_image\" \/>\n<meta name=\"twitter:label1\" content=\"Escrito por\" \/>\n\t<meta name=\"twitter:data1\" content=\"apuntesdesanluis.com\" \/>\n\t<meta name=\"twitter:label2\" content=\"Tiempo de lectura\" \/>\n\t<meta name=\"twitter:data2\" content=\"1 minuto\" \/>\n<script type=\"application\/ld+json\" class=\"yoast-schema-graph\">{\"@context\":\"https:\/\/schema.org\",\"@graph\":[{\"@type\":\"Article\",\"@id\":\"https:\/\/apuntesdesanluis.com\/index.php\/2024\/03\/18\/estudiantes-de-la-plata-informo-que-la-convulsion-que-sufrio-javier-altamirano-se-debio-a-una-trombosis\/#article\",\"isPartOf\":{\"@id\":\"https:\/\/apuntesdesanluis.com\/index.php\/2024\/03\/18\/estudiantes-de-la-plata-informo-que-la-convulsion-que-sufrio-javier-altamirano-se-debio-a-una-trombosis\/\"},\"author\":{\"name\":\"apuntesdesanluis.com\",\"@id\":\"https:\/\/apuntesdesanluis.com\/#\/schema\/person\/b55151d52296fcce64d1a72538a70b90\"},\"headline\":\"ESTUDIANTES DE LA PLATA INFORM\u00d3 QUE LA CONVULSI\u00d3N QUE SUFRI\u00d3 JAVIER ALTAMIRANO SE DEBI\u00d3 A UNA TROMBOSIS\",\"datePublished\":\"2024-03-18T22:48:05+00:00\",\"dateModified\":\"2024-03-18T22:48:23+00:00\",\"mainEntityOfPage\":{\"@id\":\"https:\/\/apuntesdesanluis.com\/index.php\/2024\/03\/18\/estudiantes-de-la-plata-informo-que-la-convulsion-que-sufrio-javier-altamirano-se-debio-a-una-trombosis\/\"},\"wordCount\":204,\"publisher\":{\"@id\":\"https:\/\/apuntesdesanluis.com\/#\/schema\/person\/b55151d52296fcce64d1a72538a70b90\"},\"image\":{\"@id\":\"https:\/\/apuntesdesanluis.com\/index.php\/2024\/03\/18\/estudiantes-de-la-plata-informo-que-la-convulsion-que-sufrio-javier-altamirano-se-debio-a-una-trombosis\/#primaryimage\"},\"thumbnailUrl\":\"https:\/\/apuntesdesanluis.com\/wp-content\/uploads\/2024\/03\/instituto-medico.png\",\"articleSection\":[\"Deportes\",\"Nacionales\/Internacionales\"],\"inLanguage\":\"es-AR\"},{\"@type\":\"WebPage\",\"@id\":\"https:\/\/apuntesdesanluis.com\/index.php\/2024\/03\/18\/estudiantes-de-la-plata-informo-que-la-convulsion-que-sufrio-javier-altamirano-se-debio-a-una-trombosis\/\",\"url\":\"https:\/\/apuntesdesanluis.com\/index.php\/2024\/03\/18\/estudiantes-de-la-plata-informo-que-la-convulsion-que-sufrio-javier-altamirano-se-debio-a-una-trombosis\/\",\"name\":\"ESTUDIANTES DE LA PLATA INFORM\u00d3 QUE LA CONVULSI\u00d3N QUE SUFRI\u00d3 JAVIER ALTAMIRANO SE DEBI\u00d3 A UNA TROMBOSIS - Apuntes de San Luis\",\"isPartOf\":{\"@id\":\"https:\/\/apuntesdesanluis.com\/#website\"},\"primaryImageOfPage\":{\"@id\":\"https:\/\/apuntesdesanluis.com\/index.php\/2024\/03\/18\/estudiantes-de-la-plata-informo-que-la-convulsion-que-sufrio-javier-altamirano-se-debio-a-una-trombosis\/#primaryimage\"},\"image\":{\"@id\":\"https:\/\/apuntesdesanluis.com\/index.php\/2024\/03\/18\/estudiantes-de-la-plata-informo-que-la-convulsion-que-sufrio-javier-altamirano-se-debio-a-una-trombosis\/#primaryimage\"},\"thumbnailUrl\":\"https:\/\/apuntesdesanluis.com\/wp-content\/uploads\/2024\/03\/instituto-medico.png\",\"datePublished\":\"2024-03-18T22:48:05+00:00\",\"dateModified\":\"2024-03-18T22:48:23+00:00\",\"breadcrumb\":{\"@id\":\"https:\/\/apuntesdesanluis.com\/index.php\/2024\/03\/18\/estudiantes-de-la-plata-informo-que-la-convulsion-que-sufrio-javier-altamirano-se-debio-a-una-trombosis\/#breadcrumb\"},\"inLanguage\":\"es-AR\",\"potentialAction\":[{\"@type\":\"ReadAction\",\"target\":[\"https:\/\/apuntesdesanluis.com\/index.php\/2024\/03\/18\/estudiantes-de-la-plata-informo-que-la-convulsion-que-sufrio-javier-altamirano-se-debio-a-una-trombosis\/\"]}]},{\"@type\":\"ImageObject\",\"inLanguage\":\"es-AR\",\"@id\":\"https:\/\/apuntesdesanluis.com\/index.php\/2024\/03\/18\/estudiantes-de-la-plata-informo-que-la-convulsion-que-sufrio-javier-altamirano-se-debio-a-una-trombosis\/#primaryimage\",\"url\":\"https:\/\/apuntesdesanluis.com\/wp-content\/uploads\/2024\/03\/instituto-medico.png\",\"contentUrl\":\"https:\/\/apuntesdesanluis.com\/wp-content\/uploads\/2024\/03\/instituto-medico.png\",\"width\":590,\"height\":362},{\"@type\":\"BreadcrumbList\",\"@id\":\"https:\/\/apuntesdesanluis.com\/index.php\/2024\/03\/18\/estudiantes-de-la-plata-informo-que-la-convulsion-que-sufrio-javier-altamirano-se-debio-a-una-trombosis\/#breadcrumb\",\"itemListElement\":[{\"@type\":\"ListItem\",\"position\":1,\"name\":\"Inicio\",\"item\":\"https:\/\/apuntesdesanluis.com\/\"},{\"@type\":\"ListItem\",\"position\":2,\"name\":\"ESTUDIANTES DE LA PLATA INFORM\u00d3 QUE LA CONVULSI\u00d3N QUE SUFRI\u00d3 JAVIER ALTAMIRANO SE DEBI\u00d3 A UNA TROMBOSIS\"}]},{\"@type\":\"WebSite\",\"@id\":\"https:\/\/apuntesdesanluis.com\/#website\",\"url\":\"https:\/\/apuntesdesanluis.com\/\",\"name\":\"Apuntes de San Luis\",\"description\":\"\",\"publisher\":{\"@id\":\"https:\/\/apuntesdesanluis.com\/#\/schema\/person\/b55151d52296fcce64d1a72538a70b90\"},\"potentialAction\":[{\"@type\":\"SearchAction\",\"target\":{\"@type\":\"EntryPoint\",\"urlTemplate\":\"https:\/\/apuntesdesanluis.com\/?s={search_term_string}\"},\"query-input\":{\"@type\":\"PropertyValueSpecification\",\"valueRequired\":true,\"valueName\":\"search_term_string\"}}],\"inLanguage\":\"es-AR\"},{\"@type\":[\"Person\",\"Organization\"],\"@id\":\"https:\/\/apuntesdesanluis.com\/#\/schema\/person\/b55151d52296fcce64d1a72538a70b90\",\"name\":\"apuntesdesanluis.com\",\"image\":{\"@type\":\"ImageObject\",\"inLanguage\":\"es-AR\",\"@id\":\"https:\/\/apuntesdesanluis.com\/#\/schema\/person\/image\/\",\"url\":\"https:\/\/apuntesdesanluis.com\/wp-content\/uploads\/2023\/07\/cropped-apuntesdesanluis.png\",\"contentUrl\":\"https:\/\/apuntesdesanluis.com\/wp-content\/uploads\/2023\/07\/cropped-apuntesdesanluis.png\",\"width\":450,\"height\":112,\"caption\":\"apuntesdesanluis.com\"},\"logo\":{\"@id\":\"https:\/\/apuntesdesanluis.com\/#\/schema\/person\/image\/\"},\"sameAs\":[\"https:\/\/apuntesdesanluis.com\"],\"url\":\"https:\/\/apuntesdesanluis.com\/index.php\/author\/apuntesdesanluis-com\/\"}]}<\/script>\n<!-- \/ Yoast SEO plugin. -->","yoast_head_json":{"title":"ESTUDIANTES DE LA PLATA INFORM\u00d3 QUE LA CONVULSI\u00d3N QUE SUFRI\u00d3 JAVIER ALTAMIRANO SE DEBI\u00d3 A UNA TROMBOSIS - Apuntes de San Luis","robots":{"index":"index","follow":"follow","max-snippet":"max-snippet:-1","max-image-preview":"max-image-preview:large","max-video-preview":"max-video-preview:-1"},"canonical":"https:\/\/apuntesdesanluis.com\/index.php\/2024\/03\/18\/estudiantes-de-la-plata-informo-que-la-convulsion-que-sufrio-javier-altamirano-se-debio-a-una-trombosis\/","og_locale":"es_ES","og_type":"article","og_title":"ESTUDIANTES DE LA PLATA INFORM\u00d3 QUE LA CONVULSI\u00d3N QUE SUFRI\u00d3 JAVIER ALTAMIRANO SE DEBI\u00d3 A UNA TROMBOSIS - Apuntes de San Luis","og_description":"A trav\u00e9s de sus redes sociales, el Pincha dio detalles de la evoluci\u00f3n del mediocampista...","og_url":"https:\/\/apuntesdesanluis.com\/index.php\/2024\/03\/18\/estudiantes-de-la-plata-informo-que-la-convulsion-que-sufrio-javier-altamirano-se-debio-a-una-trombosis\/","og_site_name":"Apuntes de San Luis","article_published_time":"2024-03-18T22:48:05+00:00","article_modified_time":"2024-03-18T22:48:23+00:00","og_image":[{"width":590,"height":362,"url":"https:\/\/apuntesdesanluis.com\/wp-content\/uploads\/2024\/03\/instituto-medico.png","type":"image\/png"}],"author":"apuntesdesanluis.com","twitter_card":"summary_large_image","twitter_misc":{"Escrito por":"apuntesdesanluis.com","Tiempo de lectura":"1 minuto"},"schema":{"@context":"https:\/\/schema.org","@graph":[{"@type":"Article","@id":"https:\/\/apuntesdesanluis.com\/index.php\/2024\/03\/18\/estudiantes-de-la-plata-informo-que-la-convulsion-que-sufrio-javier-altamirano-se-debio-a-una-trombosis\/#article","isPartOf":{"@id":"https:\/\/apuntesdesanluis.com\/index.php\/2024\/03\/18\/estudiantes-de-la-plata-informo-que-la-convulsion-que-sufrio-javier-altamirano-se-debio-a-una-trombosis\/"},"author":{"name":"apuntesdesanluis.com","@id":"https:\/\/apuntesdesanluis.com\/#\/schema\/person\/b55151d52296fcce64d1a72538a70b90"},"headline":"ESTUDIANTES DE LA PLATA INFORM\u00d3 QUE LA CONVULSI\u00d3N QUE SUFRI\u00d3 JAVIER ALTAMIRANO SE DEBI\u00d3 A UNA TROMBOSIS","datePublished":"2024-03-18T22:48:05+00:00","dateModified":"2024-03-18T22:48:23+00:00","mainEntityOfPage":{"@id":"https:\/\/apuntesdesanluis.com\/index.php\/2024\/03\/18\/estudiantes-de-la-plata-informo-que-la-convulsion-que-sufrio-javier-altamirano-se-debio-a-una-trombosis\/"},"wordCount":204,"publisher":{"@id":"https:\/\/apuntesdesanluis.com\/#\/schema\/person\/b55151d52296fcce64d1a72538a70b90"},"image":{"@id":"https:\/\/apuntesdesanluis.com\/index.php\/2024\/03\/18\/estudiantes-de-la-plata-informo-que-la-convulsion-que-sufrio-javier-altamirano-se-debio-a-una-trombosis\/#primaryimage"},"thumbnailUrl":"https:\/\/apuntesdesanluis.com\/wp-content\/uploads\/2024\/03\/instituto-medico.png","articleSection":["Deportes","Nacionales\/Internacionales"],"inLanguage":"es-AR"},{"@type":"WebPage","@id":"https:\/\/apuntesdesanluis.com\/index.php\/2024\/03\/18\/estudiantes-de-la-plata-informo-que-la-convulsion-que-sufrio-javier-altamirano-se-debio-a-una-trombosis\/","url":"https:\/\/apuntesdesanluis.com\/index.php\/2024\/03\/18\/estudiantes-de-la-plata-informo-que-la-convulsion-que-sufrio-javier-altamirano-se-debio-a-una-trombosis\/","name":"ESTUDIANTES DE LA PLATA INFORM\u00d3 QUE LA CONVULSI\u00d3N QUE SUFRI\u00d3 JAVIER ALTAMIRANO SE DEBI\u00d3 A UNA TROMBOSIS - Apuntes de San Luis","isPartOf":{"@id":"https:\/\/apuntesdesanluis.com\/#website"},"primaryImageOfPage":{"@id":"https:\/\/apuntesdesanluis.com\/index.php\/2024\/03\/18\/estudiantes-de-la-plata-informo-que-la-convulsion-que-sufrio-javier-altamirano-se-debio-a-una-trombosis\/#primaryimage"},"image":{"@id":"https:\/\/apuntesdesanluis.com\/index.php\/2024\/03\/18\/estudiantes-de-la-plata-informo-que-la-convulsion-que-sufrio-javier-altamirano-se-debio-a-una-trombosis\/#primaryimage"},"thumbnailUrl":"https:\/\/apuntesdesanluis.com\/wp-content\/uploads\/2024\/03\/instituto-medico.png","datePublished":"2024-03-18T22:48:05+00:00","dateModified":"2024-03-18T22:48:23+00:00","breadcrumb":{"@id":"https:\/\/apuntesdesanluis.com\/index.php\/2024\/03\/18\/estudiantes-de-la-plata-informo-que-la-convulsion-que-sufrio-javier-altamirano-se-debio-a-una-trombosis\/#breadcrumb"},"inLanguage":"es-AR","potentialAction":[{"@type":"ReadAction","target":["https:\/\/apuntesdesanluis.com\/index.php\/2024\/03\/18\/estudiantes-de-la-plata-informo-que-la-convulsion-que-sufrio-javier-altamirano-se-debio-a-una-trombosis\/"]}]},{"@type":"ImageObject","inLanguage":"es-AR","@id":"https:\/\/apuntesdesanluis.com\/index.php\/2024\/03\/18\/estudiantes-de-la-plata-informo-que-la-convulsion-que-sufrio-javier-altamirano-se-debio-a-una-trombosis\/#primaryimage","url":"https:\/\/apuntesdesanluis.com\/wp-content\/uploads\/2024\/03\/instituto-medico.png","contentUrl":"https:\/\/apuntesdesanluis.com\/wp-content\/uploads\/2024\/03\/instituto-medico.png","width":590,"height":362},{"@type":"BreadcrumbList","@id":"https:\/\/apuntesdesanluis.com\/index.php\/2024\/03\/18\/estudiantes-de-la-plata-informo-que-la-convulsion-que-sufrio-javier-altamirano-se-debio-a-una-trombosis\/#breadcrumb","itemListElement":[{"@type":"ListItem","position":1,"name":"Inicio","item":"https:\/\/apuntesdesanluis.com\/"},{"@type":"ListItem","position":2,"name":"ESTUDIANTES DE LA PLATA INFORM\u00d3 QUE LA CONVULSI\u00d3N QUE SUFRI\u00d3 JAVIER ALTAMIRANO SE DEBI\u00d3 A UNA TROMBOSIS"}]},{"@type":"WebSite","@id":"https:\/\/apuntesdesanluis.com\/#website","url":"https:\/\/apuntesdesanluis.com\/","name":"Apuntes de San Luis","description":"","publisher":{"@id":"https:\/\/apuntesdesanluis.com\/#\/schema\/person\/b55151d52296fcce64d1a72538a70b90"},"potentialAction":[{"@type":"SearchAction","target":{"@type":"EntryPoint","urlTemplate":"https:\/\/apuntesdesanluis.com\/?s={search_term_string}"},"query-input":{"@type":"PropertyValueSpecification","valueRequired":true,"valueName":"search_term_string"}}],"inLanguage":"es-AR"},{"@type":["Person","Organization"],"@id":"https:\/\/apuntesdesanluis.com\/#\/schema\/person\/b55151d52296fcce64d1a72538a70b90","name":"apuntesdesanluis.com","image":{"@type":"ImageObject","inLanguage":"es-AR","@id":"https:\/\/apuntesdesanluis.com\/#\/schema\/person\/image\/","url":"https:\/\/apuntesdesanluis.com\/wp-content\/uploads\/2023\/07\/cropped-apuntesdesanluis.png","contentUrl":"https:\/\/apuntesdesanluis.com\/wp-content\/uploads\/2023\/07\/cropped-apuntesdesanluis.png","width":450,"height":112,"caption":"apuntesdesanluis.com"},"logo":{"@id":"https:\/\/apuntesdesanluis.com\/#\/schema\/person\/image\/"},"sameAs":["https:\/\/apuntesdesanluis.com"],"url":"https:\/\/apuntesdesanluis.com\/index.php\/author\/apuntesdesanluis-com\/"}]}},"featured_image_urls":{"full":["https:\/\/apuntesdesanluis.com\/wp-content\/uploads\/2024\/03\/instituto-medico.png",590,362,false],"thumbnail":["https:\/\/apuntesdesanluis.com\/wp-content\/uploads\/2024\/03\/instituto-medico-150x150.png",150,150,true],"medium":["https:\/\/apuntesdesanluis.com\/wp-content\/uploads\/2024\/03\/instituto-medico-300x184.png",300,184,true],"medium_large":["https:\/\/apuntesdesanluis.com\/wp-content\/uploads\/2024\/03\/instituto-medico.png",590,362,false],"large":["https:\/\/apuntesdesanluis.com\/wp-content\/uploads\/2024\/03\/instituto-medico.png",590,362,false],"1536x1536":["https:\/\/apuntesdesanluis.com\/wp-content\/uploads\/2024\/03\/instituto-medico.png",590,362,false],"2048x2048":["https:\/\/apuntesdesanluis.com\/wp-content\/uploads\/2024\/03\/instituto-medico.png",590,362,false],"newsever-slider-full":["https:\/\/apuntesdesanluis.com\/wp-content\/uploads\/2024\/03\/instituto-medico.png",590,362,false],"newsever-featured":["https:\/\/apuntesdesanluis.com\/wp-content\/uploads\/2024\/03\/instituto-medico.png",590,362,false],"newsever-medium":["https:\/\/apuntesdesanluis.com\/wp-content\/uploads\/2024\/03\/instituto-medico.png",590,362,false]},"author_info":{"display_name":"apuntesdesanluis.com","author_link":"https:\/\/apuntesdesanluis.com\/index.php\/author\/apuntesdesanluis-com\/"},"category_info":"<a href=\"https:\/\/apuntesdesanluis.com\/index.php\/category\/deportes\/\" rel=\"category tag\">Deportes<\/a> <a href=\"https:\/\/apuntesdesanluis.com\/index.php\/category\/nacionales-internacionales\/\" rel=\"category tag\">Nacionales\/Internacionales<\/a>","tag_info":"Nacionales\/Internacionales","comment_count":"0","_links":{"self":[{"href":"https:\/\/apuntesdesanluis.com\/index.php\/wp-json\/wp\/v2\/posts\/13337","targetHints":{"allow":["GET"]}}],"collection":[{"href":"https:\/\/apuntesdesanluis.com\/index.php\/wp-json\/wp\/v2\/posts"}],"about":[{"href":"https:\/\/apuntesdesanluis.com\/index.php\/wp-json\/wp\/v2\/types\/post"}],"author":[{"embeddable":true,"href":"https:\/\/apuntesdesanluis.com\/index.php\/wp-json\/wp\/v2\/users\/1"}],"replies":[{"embeddable":true,"href":"https:\/\/apuntesdesanluis.com\/index.php\/wp-json\/wp\/v2\/comments?post=13337"}],"version-history":[{"count":2,"href":"https:\/\/apuntesdesanluis.com\/index.php\/wp-json\/wp\/v2\/posts\/13337\/revisions"}],"predecessor-version":[{"id":13341,"href":"https:\/\/apuntesdesanluis.com\/index.php\/wp-json\/wp\/v2\/posts\/13337\/revisions\/13341"}],"wp:featuredmedia":[{"embeddable":true,"href":"https:\/\/apuntesdesanluis.com\/index.php\/wp-json\/wp\/v2\/media\/13339"}],"wp:attachment":[{"href":"https:\/\/apuntesdesanluis.com\/index.php\/wp-json\/wp\/v2\/media?parent=13337"}],"wp:term":[{"taxonomy":"category","embeddable":true,"href":"https:\/\/apuntesdesanluis.com\/index.php\/wp-json\/wp\/v2\/categories?post=13337"},{"taxonomy":"post_tag","embeddable":true,"href":"https:\/\/apuntesdesanluis.com\/index.php\/wp-json\/wp\/v2\/tags?post=13337"}],"curies":[{"name":"wp","href":"https:\/\/api.w.org\/{rel}","templated":true}]}}