{"id":13345,"date":"2024-03-18T20:03:37","date_gmt":"2024-03-18T23:03:37","guid":{"rendered":"https:\/\/apuntesdesanluis.com\/?p=13345"},"modified":"2024-03-18T20:03:37","modified_gmt":"2024-03-18T23:03:37","slug":"adorni-sobre-incorporar-la-vacuna-contra-el-dengue-en-el-calendario-nacional-no-lo-vemos-necesario","status":"publish","type":"post","link":"https:\/\/apuntesdesanluis.com\/index.php\/2024\/03\/18\/adorni-sobre-incorporar-la-vacuna-contra-el-dengue-en-el-calendario-nacional-no-lo-vemos-necesario\/","title":{"rendered":"ADORNI SOBRE INCORPORAR LA VACUNA CONTRA EL DENGUE EN EL CALENDARIO NACIONAL: &#8220;NO LO VEMOS NECESARIO&#8221;"},"content":{"rendered":"<h3>El senador nacional <strong>Maxi Abad<\/strong>, presidente de la UCR bonaerense, present\u00f3 un proyecto de Comunicaci\u00f3n exigiendo la toma de medidas urgentes para prevenir mayores consecuencias.<\/h3>\n<h3>Por su parte el vocero presidencial, <strong>Manuel Adorni<\/strong>, se refiri\u00f3 hoy al preocupante brote de dengue que ya cuenta con 79 v\u00edctimas fatales. A pesar de la recomendaci\u00f3n de la Organizaci\u00f3n Mundial de la Salud sobre la vacunaci\u00f3n contra esta enfermedad, declar\u00f3: &#8220;Por el momento, no consideramos que sea necesario&#8221;.<\/h3>\n<h3>En una conferencia de prensa, Adorni puntualiz\u00f3: &#8220;Es un tema que lo monitorea permanentemente el Ministerio de Salud. Cuando haya que cambiar algo de la normativa o de la obligatoriedad de la vacuna o de que esta se puede incluir en el calendario de vacunaci\u00f3n se va a hacer, por ahora esa decisi\u00f3n no est\u00e1 en agenda&#8221;.<\/h3>\n<div style=\"width: 640px;\" class=\"wp-video\"><!--[if lt IE 9]><script>document.createElement('video');<\/script><![endif]-->\n<video class=\"wp-video-shortcode\" id=\"video-13345-1\" width=\"640\" height=\"360\" preload=\"metadata\" controls=\"controls\"><source type=\"video\/mp4\" src=\"https:\/\/apuntesdesanluis.com\/wp-content\/uploads\/2024\/03\/adorni.mp4?_=1\" \/><a href=\"https:\/\/apuntesdesanluis.com\/wp-content\/uploads\/2024\/03\/adorni.mp4\">https:\/\/apuntesdesanluis.com\/wp-content\/uploads\/2024\/03\/adorni.mp4<\/a><\/video><\/div>\n<h3>Tambi\u00e9n se refiri\u00f3 a la posibilidad de reactivar la publicidad para campa\u00f1as de prevenci\u00f3n: &#8220;Por supuesto que hay pauta publicitaria en caso de que haya alguna emergencia o alguna cuesti\u00f3n que haya que comunicar, por ahora el caso del dengue no est\u00e1 dentro de esa posibilidad&#8221;.<\/h3>\n<h3>Por otro lado, el senador nacional <strong>Maximiliano Abad<\/strong>, presidente de la UCR bonaerense, present\u00f3 un proyecto de Comunicaci\u00f3n instando a tomar medidas urgentes para incluir la vacuna contra el dengue en el Calendario Nacional, con el fin de prevenir mayores consecuencias.<\/h3>\n<h3>\u201cNos encontramos ante una situaci\u00f3n preocupante donde la cantidad de casos comparado al mismo periodo del a\u00f1o pasado aument\u00f3 en un 2546% e impacta en 17 jurisdicciones\u201d, argument\u00f3.<\/h3>\n<h3>\u201cHemos pedido al gobierno que profundice las medidas de prevenci\u00f3n y de combate al Dengue. Como lo est\u00e1n haciendo otros pa\u00edses de la regi\u00f3n, como es el caso de Brasil que ha vacunado de forma gratuita a los grupos m\u00e1s afectados que en su caso son los ni\u00f1os entre 10 y 14 a\u00f1os\u201d, agreg\u00f3.<\/h3>\n<h3>\u201cLo que busco con este proyecto es que el gobierno demuestre una voluntad firme y marque una ruta clara para combatir el dengue que incluya una campa\u00f1a de prevenci\u00f3n y acceso a la vacuna para los grupos m\u00e1s vulnerables\u201d, finaliz\u00f3.<\/h3>\n<p><img fetchpriority=\"high\" decoding=\"async\" class=\"wp-image-13347 aligncenter\" src=\"https:\/\/apuntesdesanluis.com\/wp-content\/uploads\/2024\/03\/abad-300x276.png\" alt=\"\" width=\"646\" height=\"594\" srcset=\"https:\/\/apuntesdesanluis.com\/wp-content\/uploads\/2024\/03\/abad-300x276.png 300w, https:\/\/apuntesdesanluis.com\/wp-content\/uploads\/2024\/03\/abad.png 568w\" sizes=\"(max-width: 646px) 100vw, 646px\" \/><\/p>\n<p>&nbsp;<\/p>\n<p>&nbsp;<\/p>\n<p>&nbsp;<\/p>\n<p>&nbsp;<\/p>\n<p>&nbsp;<\/p>\n<p>&nbsp;<\/p>\n","protected":false},"excerpt":{"rendered":"<p>El senador nacional Maxi Abad, presidente de la UCR bonaerense, present\u00f3 un proyecto de Comunicaci\u00f3n&#8230;<\/p>\n","protected":false},"author":1,"featured_media":8949,"comment_status":"closed","ping_status":"closed","sticky":false,"template":"","format":"standard","meta":{"footnotes":""},"categories":[5],"tags":[],"class_list":["post-13345","post","type-post","status-publish","format-standard","has-post-thumbnail","hentry","category-nacionales-internacionales"],"yoast_head":"<!-- This site is optimized with the Yoast SEO plugin v26.1.1 - https:\/\/yoast.com\/wordpress\/plugins\/seo\/ -->\n<title>ADORNI SOBRE INCORPORAR LA VACUNA CONTRA EL DENGUE EN EL CALENDARIO NACIONAL: &quot;NO LO VEMOS NECESARIO&quot; - Apuntes de San Luis<\/title>\n<meta name=\"robots\" content=\"index, follow, max-snippet:-1, max-image-preview:large, max-video-preview:-1\" \/>\n<link rel=\"canonical\" href=\"https:\/\/apuntesdesanluis.com\/index.php\/2024\/03\/18\/adorni-sobre-incorporar-la-vacuna-contra-el-dengue-en-el-calendario-nacional-no-lo-vemos-necesario\/\" \/>\n<meta property=\"og:locale\" content=\"es_ES\" \/>\n<meta property=\"og:type\" content=\"article\" \/>\n<meta property=\"og:title\" content=\"ADORNI SOBRE INCORPORAR LA VACUNA CONTRA EL DENGUE EN EL CALENDARIO NACIONAL: &quot;NO LO VEMOS NECESARIO&quot; - Apuntes de San Luis\" \/>\n<meta property=\"og:description\" content=\"El senador nacional Maxi Abad, presidente de la UCR bonaerense, present\u00f3 un proyecto de Comunicaci\u00f3n...\" \/>\n<meta property=\"og:url\" content=\"https:\/\/apuntesdesanluis.com\/index.php\/2024\/03\/18\/adorni-sobre-incorporar-la-vacuna-contra-el-dengue-en-el-calendario-nacional-no-lo-vemos-necesario\/\" \/>\n<meta property=\"og:site_name\" content=\"Apuntes de San Luis\" \/>\n<meta property=\"article:published_time\" content=\"2024-03-18T23:03:37+00:00\" \/>\n<meta property=\"og:image\" content=\"https:\/\/apuntesdesanluis.com\/wp-content\/uploads\/2023\/12\/DENGUE.png\" \/>\n\t<meta property=\"og:image:width\" content=\"579\" \/>\n\t<meta property=\"og:image:height\" content=\"339\" \/>\n\t<meta property=\"og:image:type\" content=\"image\/png\" \/>\n<meta name=\"author\" content=\"apuntesdesanluis.com\" \/>\n<meta name=\"twitter:card\" content=\"summary_large_image\" \/>\n<meta name=\"twitter:label1\" content=\"Escrito por\" \/>\n\t<meta name=\"twitter:data1\" content=\"apuntesdesanluis.com\" \/>\n\t<meta name=\"twitter:label2\" content=\"Tiempo de lectura\" \/>\n\t<meta name=\"twitter:data2\" content=\"2 minutos\" \/>\n<script type=\"application\/ld+json\" class=\"yoast-schema-graph\">{\"@context\":\"https:\/\/schema.org\",\"@graph\":[{\"@type\":\"Article\",\"@id\":\"https:\/\/apuntesdesanluis.com\/index.php\/2024\/03\/18\/adorni-sobre-incorporar-la-vacuna-contra-el-dengue-en-el-calendario-nacional-no-lo-vemos-necesario\/#article\",\"isPartOf\":{\"@id\":\"https:\/\/apuntesdesanluis.com\/index.php\/2024\/03\/18\/adorni-sobre-incorporar-la-vacuna-contra-el-dengue-en-el-calendario-nacional-no-lo-vemos-necesario\/\"},\"author\":{\"name\":\"apuntesdesanluis.com\",\"@id\":\"https:\/\/apuntesdesanluis.com\/#\/schema\/person\/b55151d52296fcce64d1a72538a70b90\"},\"headline\":\"ADORNI SOBRE INCORPORAR LA VACUNA CONTRA EL DENGUE EN EL CALENDARIO NACIONAL: &#8220;NO LO VEMOS NECESARIO&#8221;\",\"datePublished\":\"2024-03-18T23:03:37+00:00\",\"mainEntityOfPage\":{\"@id\":\"https:\/\/apuntesdesanluis.com\/index.php\/2024\/03\/18\/adorni-sobre-incorporar-la-vacuna-contra-el-dengue-en-el-calendario-nacional-no-lo-vemos-necesario\/\"},\"wordCount\":394,\"publisher\":{\"@id\":\"https:\/\/apuntesdesanluis.com\/#\/schema\/person\/b55151d52296fcce64d1a72538a70b90\"},\"image\":{\"@id\":\"https:\/\/apuntesdesanluis.com\/index.php\/2024\/03\/18\/adorni-sobre-incorporar-la-vacuna-contra-el-dengue-en-el-calendario-nacional-no-lo-vemos-necesario\/#primaryimage\"},\"thumbnailUrl\":\"https:\/\/apuntesdesanluis.com\/wp-content\/uploads\/2023\/12\/DENGUE.png\",\"articleSection\":[\"Nacionales\/Internacionales\"],\"inLanguage\":\"es-AR\"},{\"@type\":\"WebPage\",\"@id\":\"https:\/\/apuntesdesanluis.com\/index.php\/2024\/03\/18\/adorni-sobre-incorporar-la-vacuna-contra-el-dengue-en-el-calendario-nacional-no-lo-vemos-necesario\/\",\"url\":\"https:\/\/apuntesdesanluis.com\/index.php\/2024\/03\/18\/adorni-sobre-incorporar-la-vacuna-contra-el-dengue-en-el-calendario-nacional-no-lo-vemos-necesario\/\",\"name\":\"ADORNI SOBRE INCORPORAR LA VACUNA CONTRA EL DENGUE EN EL CALENDARIO NACIONAL: \\\"NO LO VEMOS NECESARIO\\\" - Apuntes de San Luis\",\"isPartOf\":{\"@id\":\"https:\/\/apuntesdesanluis.com\/#website\"},\"primaryImageOfPage\":{\"@id\":\"https:\/\/apuntesdesanluis.com\/index.php\/2024\/03\/18\/adorni-sobre-incorporar-la-vacuna-contra-el-dengue-en-el-calendario-nacional-no-lo-vemos-necesario\/#primaryimage\"},\"image\":{\"@id\":\"https:\/\/apuntesdesanluis.com\/index.php\/2024\/03\/18\/adorni-sobre-incorporar-la-vacuna-contra-el-dengue-en-el-calendario-nacional-no-lo-vemos-necesario\/#primaryimage\"},\"thumbnailUrl\":\"https:\/\/apuntesdesanluis.com\/wp-content\/uploads\/2023\/12\/DENGUE.png\",\"datePublished\":\"2024-03-18T23:03:37+00:00\",\"breadcrumb\":{\"@id\":\"https:\/\/apuntesdesanluis.com\/index.php\/2024\/03\/18\/adorni-sobre-incorporar-la-vacuna-contra-el-dengue-en-el-calendario-nacional-no-lo-vemos-necesario\/#breadcrumb\"},\"inLanguage\":\"es-AR\",\"potentialAction\":[{\"@type\":\"ReadAction\",\"target\":[\"https:\/\/apuntesdesanluis.com\/index.php\/2024\/03\/18\/adorni-sobre-incorporar-la-vacuna-contra-el-dengue-en-el-calendario-nacional-no-lo-vemos-necesario\/\"]}]},{\"@type\":\"ImageObject\",\"inLanguage\":\"es-AR\",\"@id\":\"https:\/\/apuntesdesanluis.com\/index.php\/2024\/03\/18\/adorni-sobre-incorporar-la-vacuna-contra-el-dengue-en-el-calendario-nacional-no-lo-vemos-necesario\/#primaryimage\",\"url\":\"https:\/\/apuntesdesanluis.com\/wp-content\/uploads\/2023\/12\/DENGUE.png\",\"contentUrl\":\"https:\/\/apuntesdesanluis.com\/wp-content\/uploads\/2023\/12\/DENGUE.png\",\"width\":579,\"height\":339},{\"@type\":\"BreadcrumbList\",\"@id\":\"https:\/\/apuntesdesanluis.com\/index.php\/2024\/03\/18\/adorni-sobre-incorporar-la-vacuna-contra-el-dengue-en-el-calendario-nacional-no-lo-vemos-necesario\/#breadcrumb\",\"itemListElement\":[{\"@type\":\"ListItem\",\"position\":1,\"name\":\"Inicio\",\"item\":\"https:\/\/apuntesdesanluis.com\/\"},{\"@type\":\"ListItem\",\"position\":2,\"name\":\"ADORNI SOBRE INCORPORAR LA VACUNA CONTRA EL DENGUE EN EL CALENDARIO NACIONAL: &#8220;NO LO VEMOS NECESARIO&#8221;\"}]},{\"@type\":\"WebSite\",\"@id\":\"https:\/\/apuntesdesanluis.com\/#website\",\"url\":\"https:\/\/apuntesdesanluis.com\/\",\"name\":\"Apuntes de San Luis\",\"description\":\"\",\"publisher\":{\"@id\":\"https:\/\/apuntesdesanluis.com\/#\/schema\/person\/b55151d52296fcce64d1a72538a70b90\"},\"potentialAction\":[{\"@type\":\"SearchAction\",\"target\":{\"@type\":\"EntryPoint\",\"urlTemplate\":\"https:\/\/apuntesdesanluis.com\/?s={search_term_string}\"},\"query-input\":{\"@type\":\"PropertyValueSpecification\",\"valueRequired\":true,\"valueName\":\"search_term_string\"}}],\"inLanguage\":\"es-AR\"},{\"@type\":[\"Person\",\"Organization\"],\"@id\":\"https:\/\/apuntesdesanluis.com\/#\/schema\/person\/b55151d52296fcce64d1a72538a70b90\",\"name\":\"apuntesdesanluis.com\",\"image\":{\"@type\":\"ImageObject\",\"inLanguage\":\"es-AR\",\"@id\":\"https:\/\/apuntesdesanluis.com\/#\/schema\/person\/image\/\",\"url\":\"https:\/\/apuntesdesanluis.com\/wp-content\/uploads\/2023\/07\/cropped-apuntesdesanluis.png\",\"contentUrl\":\"https:\/\/apuntesdesanluis.com\/wp-content\/uploads\/2023\/07\/cropped-apuntesdesanluis.png\",\"width\":450,\"height\":112,\"caption\":\"apuntesdesanluis.com\"},\"logo\":{\"@id\":\"https:\/\/apuntesdesanluis.com\/#\/schema\/person\/image\/\"},\"sameAs\":[\"https:\/\/apuntesdesanluis.com\"],\"url\":\"https:\/\/apuntesdesanluis.com\/index.php\/author\/apuntesdesanluis-com\/\"}]}<\/script>\n<!-- \/ Yoast SEO plugin. -->","yoast_head_json":{"title":"ADORNI SOBRE INCORPORAR LA VACUNA CONTRA EL DENGUE EN EL CALENDARIO NACIONAL: \"NO LO VEMOS NECESARIO\" - Apuntes de San Luis","robots":{"index":"index","follow":"follow","max-snippet":"max-snippet:-1","max-image-preview":"max-image-preview:large","max-video-preview":"max-video-preview:-1"},"canonical":"https:\/\/apuntesdesanluis.com\/index.php\/2024\/03\/18\/adorni-sobre-incorporar-la-vacuna-contra-el-dengue-en-el-calendario-nacional-no-lo-vemos-necesario\/","og_locale":"es_ES","og_type":"article","og_title":"ADORNI SOBRE INCORPORAR LA VACUNA CONTRA EL DENGUE EN EL CALENDARIO NACIONAL: \"NO LO VEMOS NECESARIO\" - Apuntes de San Luis","og_description":"El senador nacional Maxi Abad, presidente de la UCR bonaerense, present\u00f3 un proyecto de Comunicaci\u00f3n...","og_url":"https:\/\/apuntesdesanluis.com\/index.php\/2024\/03\/18\/adorni-sobre-incorporar-la-vacuna-contra-el-dengue-en-el-calendario-nacional-no-lo-vemos-necesario\/","og_site_name":"Apuntes de San Luis","article_published_time":"2024-03-18T23:03:37+00:00","og_image":[{"width":579,"height":339,"url":"https:\/\/apuntesdesanluis.com\/wp-content\/uploads\/2023\/12\/DENGUE.png","type":"image\/png"}],"author":"apuntesdesanluis.com","twitter_card":"summary_large_image","twitter_misc":{"Escrito por":"apuntesdesanluis.com","Tiempo de lectura":"2 minutos"},"schema":{"@context":"https:\/\/schema.org","@graph":[{"@type":"Article","@id":"https:\/\/apuntesdesanluis.com\/index.php\/2024\/03\/18\/adorni-sobre-incorporar-la-vacuna-contra-el-dengue-en-el-calendario-nacional-no-lo-vemos-necesario\/#article","isPartOf":{"@id":"https:\/\/apuntesdesanluis.com\/index.php\/2024\/03\/18\/adorni-sobre-incorporar-la-vacuna-contra-el-dengue-en-el-calendario-nacional-no-lo-vemos-necesario\/"},"author":{"name":"apuntesdesanluis.com","@id":"https:\/\/apuntesdesanluis.com\/#\/schema\/person\/b55151d52296fcce64d1a72538a70b90"},"headline":"ADORNI SOBRE INCORPORAR LA VACUNA CONTRA EL DENGUE EN EL CALENDARIO NACIONAL: &#8220;NO LO VEMOS NECESARIO&#8221;","datePublished":"2024-03-18T23:03:37+00:00","mainEntityOfPage":{"@id":"https:\/\/apuntesdesanluis.com\/index.php\/2024\/03\/18\/adorni-sobre-incorporar-la-vacuna-contra-el-dengue-en-el-calendario-nacional-no-lo-vemos-necesario\/"},"wordCount":394,"publisher":{"@id":"https:\/\/apuntesdesanluis.com\/#\/schema\/person\/b55151d52296fcce64d1a72538a70b90"},"image":{"@id":"https:\/\/apuntesdesanluis.com\/index.php\/2024\/03\/18\/adorni-sobre-incorporar-la-vacuna-contra-el-dengue-en-el-calendario-nacional-no-lo-vemos-necesario\/#primaryimage"},"thumbnailUrl":"https:\/\/apuntesdesanluis.com\/wp-content\/uploads\/2023\/12\/DENGUE.png","articleSection":["Nacionales\/Internacionales"],"inLanguage":"es-AR"},{"@type":"WebPage","@id":"https:\/\/apuntesdesanluis.com\/index.php\/2024\/03\/18\/adorni-sobre-incorporar-la-vacuna-contra-el-dengue-en-el-calendario-nacional-no-lo-vemos-necesario\/","url":"https:\/\/apuntesdesanluis.com\/index.php\/2024\/03\/18\/adorni-sobre-incorporar-la-vacuna-contra-el-dengue-en-el-calendario-nacional-no-lo-vemos-necesario\/","name":"ADORNI SOBRE INCORPORAR LA VACUNA CONTRA EL DENGUE EN EL CALENDARIO NACIONAL: \"NO LO VEMOS NECESARIO\" - Apuntes de San Luis","isPartOf":{"@id":"https:\/\/apuntesdesanluis.com\/#website"},"primaryImageOfPage":{"@id":"https:\/\/apuntesdesanluis.com\/index.php\/2024\/03\/18\/adorni-sobre-incorporar-la-vacuna-contra-el-dengue-en-el-calendario-nacional-no-lo-vemos-necesario\/#primaryimage"},"image":{"@id":"https:\/\/apuntesdesanluis.com\/index.php\/2024\/03\/18\/adorni-sobre-incorporar-la-vacuna-contra-el-dengue-en-el-calendario-nacional-no-lo-vemos-necesario\/#primaryimage"},"thumbnailUrl":"https:\/\/apuntesdesanluis.com\/wp-content\/uploads\/2023\/12\/DENGUE.png","datePublished":"2024-03-18T23:03:37+00:00","breadcrumb":{"@id":"https:\/\/apuntesdesanluis.com\/index.php\/2024\/03\/18\/adorni-sobre-incorporar-la-vacuna-contra-el-dengue-en-el-calendario-nacional-no-lo-vemos-necesario\/#breadcrumb"},"inLanguage":"es-AR","potentialAction":[{"@type":"ReadAction","target":["https:\/\/apuntesdesanluis.com\/index.php\/2024\/03\/18\/adorni-sobre-incorporar-la-vacuna-contra-el-dengue-en-el-calendario-nacional-no-lo-vemos-necesario\/"]}]},{"@type":"ImageObject","inLanguage":"es-AR","@id":"https:\/\/apuntesdesanluis.com\/index.php\/2024\/03\/18\/adorni-sobre-incorporar-la-vacuna-contra-el-dengue-en-el-calendario-nacional-no-lo-vemos-necesario\/#primaryimage","url":"https:\/\/apuntesdesanluis.com\/wp-content\/uploads\/2023\/12\/DENGUE.png","contentUrl":"https:\/\/apuntesdesanluis.com\/wp-content\/uploads\/2023\/12\/DENGUE.png","width":579,"height":339},{"@type":"BreadcrumbList","@id":"https:\/\/apuntesdesanluis.com\/index.php\/2024\/03\/18\/adorni-sobre-incorporar-la-vacuna-contra-el-dengue-en-el-calendario-nacional-no-lo-vemos-necesario\/#breadcrumb","itemListElement":[{"@type":"ListItem","position":1,"name":"Inicio","item":"https:\/\/apuntesdesanluis.com\/"},{"@type":"ListItem","position":2,"name":"ADORNI SOBRE INCORPORAR LA VACUNA CONTRA EL DENGUE EN EL CALENDARIO NACIONAL: &#8220;NO LO VEMOS NECESARIO&#8221;"}]},{"@type":"WebSite","@id":"https:\/\/apuntesdesanluis.com\/#website","url":"https:\/\/apuntesdesanluis.com\/","name":"Apuntes de San Luis","description":"","publisher":{"@id":"https:\/\/apuntesdesanluis.com\/#\/schema\/person\/b55151d52296fcce64d1a72538a70b90"},"potentialAction":[{"@type":"SearchAction","target":{"@type":"EntryPoint","urlTemplate":"https:\/\/apuntesdesanluis.com\/?s={search_term_string}"},"query-input":{"@type":"PropertyValueSpecification","valueRequired":true,"valueName":"search_term_string"}}],"inLanguage":"es-AR"},{"@type":["Person","Organization"],"@id":"https:\/\/apuntesdesanluis.com\/#\/schema\/person\/b55151d52296fcce64d1a72538a70b90","name":"apuntesdesanluis.com","image":{"@type":"ImageObject","inLanguage":"es-AR","@id":"https:\/\/apuntesdesanluis.com\/#\/schema\/person\/image\/","url":"https:\/\/apuntesdesanluis.com\/wp-content\/uploads\/2023\/07\/cropped-apuntesdesanluis.png","contentUrl":"https:\/\/apuntesdesanluis.com\/wp-content\/uploads\/2023\/07\/cropped-apuntesdesanluis.png","width":450,"height":112,"caption":"apuntesdesanluis.com"},"logo":{"@id":"https:\/\/apuntesdesanluis.com\/#\/schema\/person\/image\/"},"sameAs":["https:\/\/apuntesdesanluis.com"],"url":"https:\/\/apuntesdesanluis.com\/index.php\/author\/apuntesdesanluis-com\/"}]}},"featured_image_urls":{"full":["https:\/\/apuntesdesanluis.com\/wp-content\/uploads\/2023\/12\/DENGUE.png",579,339,false],"thumbnail":["https:\/\/apuntesdesanluis.com\/wp-content\/uploads\/2023\/12\/DENGUE-150x150.png",150,150,true],"medium":["https:\/\/apuntesdesanluis.com\/wp-content\/uploads\/2023\/12\/DENGUE-300x176.png",300,176,true],"medium_large":["https:\/\/apuntesdesanluis.com\/wp-content\/uploads\/2023\/12\/DENGUE.png",579,339,false],"large":["https:\/\/apuntesdesanluis.com\/wp-content\/uploads\/2023\/12\/DENGUE.png",579,339,false],"1536x1536":["https:\/\/apuntesdesanluis.com\/wp-content\/uploads\/2023\/12\/DENGUE.png",579,339,false],"2048x2048":["https:\/\/apuntesdesanluis.com\/wp-content\/uploads\/2023\/12\/DENGUE.png",579,339,false],"newsever-slider-full":["https:\/\/apuntesdesanluis.com\/wp-content\/uploads\/2023\/12\/DENGUE.png",579,339,false],"newsever-featured":["https:\/\/apuntesdesanluis.com\/wp-content\/uploads\/2023\/12\/DENGUE.png",579,339,false],"newsever-medium":["https:\/\/apuntesdesanluis.com\/wp-content\/uploads\/2023\/12\/DENGUE.png",579,339,false]},"author_info":{"display_name":"apuntesdesanluis.com","author_link":"https:\/\/apuntesdesanluis.com\/index.php\/author\/apuntesdesanluis-com\/"},"category_info":"<a href=\"https:\/\/apuntesdesanluis.com\/index.php\/category\/nacionales-internacionales\/\" rel=\"category tag\">Nacionales\/Internacionales<\/a>","tag_info":"Nacionales\/Internacionales","comment_count":"0","_links":{"self":[{"href":"https:\/\/apuntesdesanluis.com\/index.php\/wp-json\/wp\/v2\/posts\/13345","targetHints":{"allow":["GET"]}}],"collection":[{"href":"https:\/\/apuntesdesanluis.com\/index.php\/wp-json\/wp\/v2\/posts"}],"about":[{"href":"https:\/\/apuntesdesanluis.com\/index.php\/wp-json\/wp\/v2\/types\/post"}],"author":[{"embeddable":true,"href":"https:\/\/apuntesdesanluis.com\/index.php\/wp-json\/wp\/v2\/users\/1"}],"replies":[{"embeddable":true,"href":"https:\/\/apuntesdesanluis.com\/index.php\/wp-json\/wp\/v2\/comments?post=13345"}],"version-history":[{"count":1,"href":"https:\/\/apuntesdesanluis.com\/index.php\/wp-json\/wp\/v2\/posts\/13345\/revisions"}],"predecessor-version":[{"id":13348,"href":"https:\/\/apuntesdesanluis.com\/index.php\/wp-json\/wp\/v2\/posts\/13345\/revisions\/13348"}],"wp:featuredmedia":[{"embeddable":true,"href":"https:\/\/apuntesdesanluis.com\/index.php\/wp-json\/wp\/v2\/media\/8949"}],"wp:attachment":[{"href":"https:\/\/apuntesdesanluis.com\/index.php\/wp-json\/wp\/v2\/media?parent=13345"}],"wp:term":[{"taxonomy":"category","embeddable":true,"href":"https:\/\/apuntesdesanluis.com\/index.php\/wp-json\/wp\/v2\/categories?post=13345"},{"taxonomy":"post_tag","embeddable":true,"href":"https:\/\/apuntesdesanluis.com\/index.php\/wp-json\/wp\/v2\/tags?post=13345"}],"curies":[{"name":"wp","href":"https:\/\/api.w.org\/{rel}","templated":true}]}}