{"id":13349,"date":"2024-03-18T20:11:35","date_gmt":"2024-03-18T23:11:35","guid":{"rendered":"https:\/\/apuntesdesanluis.com\/?p=13349"},"modified":"2024-03-18T20:11:35","modified_gmt":"2024-03-18T23:11:35","slug":"imputaron-a-un-joven-que-presuntamente-robo-una-moto-y-luego-la-cambio-por-un-celular","status":"publish","type":"post","link":"https:\/\/apuntesdesanluis.com\/index.php\/2024\/03\/18\/imputaron-a-un-joven-que-presuntamente-robo-una-moto-y-luego-la-cambio-por-un-celular\/","title":{"rendered":"IMPUTARON A UN JOVEN QUE PRESUNTAMENTE ROB\u00d3 UNA MOTO Y LUEGO LA CAMBI\u00d3 POR UN CELULAR"},"content":{"rendered":"<h3>La investigaci\u00f3n inici\u00f3 a partir de la sustracci\u00f3n de una moto en la Villa de Merlo, que el imputado habr\u00eda intercambiado por un celular.<\/h3>\n<h3>El pasado 15 de marzo, se llev\u00f3 a cabo una audiencia de formulaci\u00f3n de cargos en el marco de una causa de encubrimiento agravado por el \u00e1nimo de lucro.<\/h3>\n<h3>El imputado es<strong> J.D.J.<\/strong>, de 24 a\u00f1os, quien habr\u00eda entregado una moto sustra\u00edda en la Villa de Merlo a cambio de un celular.<\/h3>\n<h3>Seg\u00fan el relato de la fiscal adjunta, Silvina Ayel\u00e9n Arg\u00fcello, el lunes 8 de mayo de 2023 el due\u00f1o de una motocicleta Marca YAMAHA KRIPTON 110 C.C., dej\u00f3 el rodado estacionado al costado del local donde trabaja. Al finalizar la jornada laboral (esto es, alrededor de las 2:00 de la madrugada del martes 9 de mayo), la moto ya no estaba.<\/h3>\n<h3>A partir de tareas investigativas efectuadas por el Departamento de Investigaciones de la Villa de Merlo, se tom\u00f3 conocimiento de una publicaci\u00f3n en redes sociales donde una persona de Santa Rosa del Conlara ofrec\u00eda una motocicleta con similares caracter\u00edsticas a la denunciada.<\/h3>\n<h3>La polic\u00eda logr\u00f3 identificar a esta persona, cuyas iniciales son <strong>E.M.A.<\/strong>, quien manifest\u00f3 que conoci\u00f3 a J.D.J. tiempo atr\u00e1s, cuando le vendi\u00f3 un ca\u00f1o de escape. Dijo que el 9 de mayo de 2023, alrededor de las 20:00 hs., J.D.J. se present\u00f3 en su domicilio a bordo de una moto YAMAHA 110. All\u00ed le propuso hacer un trueque por su moto, refiri\u00e9ndole que la hab\u00eda comprado hace tres meses y que ten\u00eda toda la documentaci\u00f3n en regla. E.M.A. le contest\u00f3 que si le llevaba los papeles \u201cpod\u00edan negociar\u201d. Al d\u00eda siguiente, J.D.J. volvi\u00f3 a Santa Rosa, ofreci\u00e9ndole la moto por 60 mil pesos, aunque finalmente cerraron el trato por un celular Samsung J7. El veh\u00edculo fue entregado sin chapa patente y sin llave de arranque.<\/h3>\n<h3>Al ser informado de que la motocicleta que intercambi\u00f3 fue denunciada como sustra\u00edda; E.M.A. la entreg\u00f3 voluntariamente a la instrucci\u00f3n policial.<\/h3>\n<h3>Luego de la verificaci\u00f3n pertinente, los efectivos informaron que tanto los datos del motor como las dem\u00e1s caracter\u00edsticas del rodado eran coincidentes con la YAMAHA KRIPTON buscada.<\/h3>\n<h3>A ra\u00edz de ello, se orden\u00f3 un allanamiento en la casa del ahora imputado, donde se secuestr\u00f3 la chapa patente, motopartes, y un celular Samsung J7.<\/h3>\n<h3>Por todo lo expuesto, el Ministerio Fiscal formaliz\u00f3 los cargos contra J.D.J., solicitando un plazo de 60 d\u00edas para finalizar la investigaci\u00f3n preparatoria.<\/h3>\n<h3>La defensa del imputado fue ejercida por la Defensora Oficial Adjunta, Mirtha Moreno, quien se opuso a la imputaci\u00f3n al considerar que el relato de hechos del Ministerio Fiscal no ofreci\u00f3 elementos de convicci\u00f3n suficientes para atribuir el delito a su defendido.<\/h3>\n<h3>Luego de escuchar a las partes, el magistrado subrogante del Juzgado de Garant\u00eda N\u00b01 con asiento en Concar\u00e1n, Jorge Pinto, resolvi\u00f3 tener por formulados los cargos en contra de J.D.J. como presunto autor del delito de encubrimiento agravado por el \u00e1nimo de lucro, otorgando a la fiscal\u00eda un plazo de 60 d\u00edas para culminar la investigaci\u00f3n.<\/h3>\n<h3 style=\"text-align: center;\">&#8230;&#8230;&#8230;&#8230;&#8230;&#8230;&#8230;&#8230;<\/h3>\n<p>&nbsp;<\/p>\n<h3><em>Nota aclarativa: en virtud del principio de inocencia, consagrado como garant\u00eda constitucional, no se consignan los datos identificatorios de la persona imputada hasta tanto se resuelva su situaci\u00f3n procesal de manera definitiva.<\/em><\/h3>\n<p>&nbsp;<\/p>\n<p>&nbsp;<\/p>\n<p>&nbsp;<\/p>\n<p>&nbsp;<\/p>\n<p>&nbsp;<\/p>\n<p>&nbsp;<\/p>\n","protected":false},"excerpt":{"rendered":"<p>La investigaci\u00f3n inici\u00f3 a partir de la sustracci\u00f3n de una moto en la Villa de&#8230;<\/p>\n","protected":false},"author":1,"featured_media":13350,"comment_status":"closed","ping_status":"closed","sticky":false,"template":"","format":"standard","meta":{"footnotes":""},"categories":[6],"tags":[],"class_list":["post-13349","post","type-post","status-publish","format-standard","has-post-thumbnail","hentry","category-ciudad-provincia"],"yoast_head":"<!-- This site is optimized with the Yoast SEO plugin v26.1.1 - https:\/\/yoast.com\/wordpress\/plugins\/seo\/ -->\n<title>IMPUTARON A UN JOVEN QUE PRESUNTAMENTE ROB\u00d3 UNA MOTO Y LUEGO LA CAMBI\u00d3 POR UN CELULAR - Apuntes de San Luis<\/title>\n<meta name=\"robots\" content=\"index, follow, max-snippet:-1, max-image-preview:large, max-video-preview:-1\" \/>\n<link rel=\"canonical\" href=\"https:\/\/apuntesdesanluis.com\/index.php\/2024\/03\/18\/imputaron-a-un-joven-que-presuntamente-robo-una-moto-y-luego-la-cambio-por-un-celular\/\" \/>\n<meta property=\"og:locale\" content=\"es_ES\" \/>\n<meta property=\"og:type\" content=\"article\" \/>\n<meta property=\"og:title\" content=\"IMPUTARON A UN JOVEN QUE PRESUNTAMENTE ROB\u00d3 UNA MOTO Y LUEGO LA CAMBI\u00d3 POR UN CELULAR - Apuntes de San Luis\" \/>\n<meta property=\"og:description\" content=\"La investigaci\u00f3n inici\u00f3 a partir de la sustracci\u00f3n de una moto en la Villa de...\" \/>\n<meta property=\"og:url\" content=\"https:\/\/apuntesdesanluis.com\/index.php\/2024\/03\/18\/imputaron-a-un-joven-que-presuntamente-robo-una-moto-y-luego-la-cambio-por-un-celular\/\" \/>\n<meta property=\"og:site_name\" content=\"Apuntes de San Luis\" \/>\n<meta property=\"article:published_time\" content=\"2024-03-18T23:11:35+00:00\" \/>\n<meta property=\"og:image\" content=\"https:\/\/apuntesdesanluis.com\/wp-content\/uploads\/2024\/03\/AUDIENCIA-6.png\" \/>\n\t<meta property=\"og:image:width\" content=\"637\" \/>\n\t<meta property=\"og:image:height\" content=\"378\" \/>\n\t<meta property=\"og:image:type\" content=\"image\/png\" \/>\n<meta name=\"author\" content=\"apuntesdesanluis.com\" \/>\n<meta name=\"twitter:card\" content=\"summary_large_image\" \/>\n<meta name=\"twitter:label1\" content=\"Escrito por\" \/>\n\t<meta name=\"twitter:data1\" content=\"apuntesdesanluis.com\" \/>\n\t<meta name=\"twitter:label2\" content=\"Tiempo de lectura\" \/>\n\t<meta name=\"twitter:data2\" content=\"3 minutos\" \/>\n<script type=\"application\/ld+json\" class=\"yoast-schema-graph\">{\"@context\":\"https:\/\/schema.org\",\"@graph\":[{\"@type\":\"Article\",\"@id\":\"https:\/\/apuntesdesanluis.com\/index.php\/2024\/03\/18\/imputaron-a-un-joven-que-presuntamente-robo-una-moto-y-luego-la-cambio-por-un-celular\/#article\",\"isPartOf\":{\"@id\":\"https:\/\/apuntesdesanluis.com\/index.php\/2024\/03\/18\/imputaron-a-un-joven-que-presuntamente-robo-una-moto-y-luego-la-cambio-por-un-celular\/\"},\"author\":{\"name\":\"apuntesdesanluis.com\",\"@id\":\"https:\/\/apuntesdesanluis.com\/#\/schema\/person\/b55151d52296fcce64d1a72538a70b90\"},\"headline\":\"IMPUTARON A UN JOVEN QUE PRESUNTAMENTE ROB\u00d3 UNA MOTO Y LUEGO LA CAMBI\u00d3 POR UN CELULAR\",\"datePublished\":\"2024-03-18T23:11:35+00:00\",\"mainEntityOfPage\":{\"@id\":\"https:\/\/apuntesdesanluis.com\/index.php\/2024\/03\/18\/imputaron-a-un-joven-que-presuntamente-robo-una-moto-y-luego-la-cambio-por-un-celular\/\"},\"wordCount\":601,\"publisher\":{\"@id\":\"https:\/\/apuntesdesanluis.com\/#\/schema\/person\/b55151d52296fcce64d1a72538a70b90\"},\"image\":{\"@id\":\"https:\/\/apuntesdesanluis.com\/index.php\/2024\/03\/18\/imputaron-a-un-joven-que-presuntamente-robo-una-moto-y-luego-la-cambio-por-un-celular\/#primaryimage\"},\"thumbnailUrl\":\"https:\/\/apuntesdesanluis.com\/wp-content\/uploads\/2024\/03\/AUDIENCIA-6.png\",\"articleSection\":[\"Ciudad\/Provincia\"],\"inLanguage\":\"es-AR\"},{\"@type\":\"WebPage\",\"@id\":\"https:\/\/apuntesdesanluis.com\/index.php\/2024\/03\/18\/imputaron-a-un-joven-que-presuntamente-robo-una-moto-y-luego-la-cambio-por-un-celular\/\",\"url\":\"https:\/\/apuntesdesanluis.com\/index.php\/2024\/03\/18\/imputaron-a-un-joven-que-presuntamente-robo-una-moto-y-luego-la-cambio-por-un-celular\/\",\"name\":\"IMPUTARON A UN JOVEN QUE PRESUNTAMENTE ROB\u00d3 UNA MOTO Y LUEGO LA CAMBI\u00d3 POR UN CELULAR - Apuntes de San Luis\",\"isPartOf\":{\"@id\":\"https:\/\/apuntesdesanluis.com\/#website\"},\"primaryImageOfPage\":{\"@id\":\"https:\/\/apuntesdesanluis.com\/index.php\/2024\/03\/18\/imputaron-a-un-joven-que-presuntamente-robo-una-moto-y-luego-la-cambio-por-un-celular\/#primaryimage\"},\"image\":{\"@id\":\"https:\/\/apuntesdesanluis.com\/index.php\/2024\/03\/18\/imputaron-a-un-joven-que-presuntamente-robo-una-moto-y-luego-la-cambio-por-un-celular\/#primaryimage\"},\"thumbnailUrl\":\"https:\/\/apuntesdesanluis.com\/wp-content\/uploads\/2024\/03\/AUDIENCIA-6.png\",\"datePublished\":\"2024-03-18T23:11:35+00:00\",\"breadcrumb\":{\"@id\":\"https:\/\/apuntesdesanluis.com\/index.php\/2024\/03\/18\/imputaron-a-un-joven-que-presuntamente-robo-una-moto-y-luego-la-cambio-por-un-celular\/#breadcrumb\"},\"inLanguage\":\"es-AR\",\"potentialAction\":[{\"@type\":\"ReadAction\",\"target\":[\"https:\/\/apuntesdesanluis.com\/index.php\/2024\/03\/18\/imputaron-a-un-joven-que-presuntamente-robo-una-moto-y-luego-la-cambio-por-un-celular\/\"]}]},{\"@type\":\"ImageObject\",\"inLanguage\":\"es-AR\",\"@id\":\"https:\/\/apuntesdesanluis.com\/index.php\/2024\/03\/18\/imputaron-a-un-joven-que-presuntamente-robo-una-moto-y-luego-la-cambio-por-un-celular\/#primaryimage\",\"url\":\"https:\/\/apuntesdesanluis.com\/wp-content\/uploads\/2024\/03\/AUDIENCIA-6.png\",\"contentUrl\":\"https:\/\/apuntesdesanluis.com\/wp-content\/uploads\/2024\/03\/AUDIENCIA-6.png\",\"width\":637,\"height\":378},{\"@type\":\"BreadcrumbList\",\"@id\":\"https:\/\/apuntesdesanluis.com\/index.php\/2024\/03\/18\/imputaron-a-un-joven-que-presuntamente-robo-una-moto-y-luego-la-cambio-por-un-celular\/#breadcrumb\",\"itemListElement\":[{\"@type\":\"ListItem\",\"position\":1,\"name\":\"Inicio\",\"item\":\"https:\/\/apuntesdesanluis.com\/\"},{\"@type\":\"ListItem\",\"position\":2,\"name\":\"IMPUTARON A UN JOVEN QUE PRESUNTAMENTE ROB\u00d3 UNA MOTO Y LUEGO LA CAMBI\u00d3 POR UN CELULAR\"}]},{\"@type\":\"WebSite\",\"@id\":\"https:\/\/apuntesdesanluis.com\/#website\",\"url\":\"https:\/\/apuntesdesanluis.com\/\",\"name\":\"Apuntes de San Luis\",\"description\":\"\",\"publisher\":{\"@id\":\"https:\/\/apuntesdesanluis.com\/#\/schema\/person\/b55151d52296fcce64d1a72538a70b90\"},\"potentialAction\":[{\"@type\":\"SearchAction\",\"target\":{\"@type\":\"EntryPoint\",\"urlTemplate\":\"https:\/\/apuntesdesanluis.com\/?s={search_term_string}\"},\"query-input\":{\"@type\":\"PropertyValueSpecification\",\"valueRequired\":true,\"valueName\":\"search_term_string\"}}],\"inLanguage\":\"es-AR\"},{\"@type\":[\"Person\",\"Organization\"],\"@id\":\"https:\/\/apuntesdesanluis.com\/#\/schema\/person\/b55151d52296fcce64d1a72538a70b90\",\"name\":\"apuntesdesanluis.com\",\"image\":{\"@type\":\"ImageObject\",\"inLanguage\":\"es-AR\",\"@id\":\"https:\/\/apuntesdesanluis.com\/#\/schema\/person\/image\/\",\"url\":\"https:\/\/apuntesdesanluis.com\/wp-content\/uploads\/2023\/07\/cropped-apuntesdesanluis.png\",\"contentUrl\":\"https:\/\/apuntesdesanluis.com\/wp-content\/uploads\/2023\/07\/cropped-apuntesdesanluis.png\",\"width\":450,\"height\":112,\"caption\":\"apuntesdesanluis.com\"},\"logo\":{\"@id\":\"https:\/\/apuntesdesanluis.com\/#\/schema\/person\/image\/\"},\"sameAs\":[\"https:\/\/apuntesdesanluis.com\"],\"url\":\"https:\/\/apuntesdesanluis.com\/index.php\/author\/apuntesdesanluis-com\/\"}]}<\/script>\n<!-- \/ Yoast SEO plugin. -->","yoast_head_json":{"title":"IMPUTARON A UN JOVEN QUE PRESUNTAMENTE ROB\u00d3 UNA MOTO Y LUEGO LA CAMBI\u00d3 POR UN CELULAR - Apuntes de San Luis","robots":{"index":"index","follow":"follow","max-snippet":"max-snippet:-1","max-image-preview":"max-image-preview:large","max-video-preview":"max-video-preview:-1"},"canonical":"https:\/\/apuntesdesanluis.com\/index.php\/2024\/03\/18\/imputaron-a-un-joven-que-presuntamente-robo-una-moto-y-luego-la-cambio-por-un-celular\/","og_locale":"es_ES","og_type":"article","og_title":"IMPUTARON A UN JOVEN QUE PRESUNTAMENTE ROB\u00d3 UNA MOTO Y LUEGO LA CAMBI\u00d3 POR UN CELULAR - Apuntes de San Luis","og_description":"La investigaci\u00f3n inici\u00f3 a partir de la sustracci\u00f3n de una moto en la Villa de...","og_url":"https:\/\/apuntesdesanluis.com\/index.php\/2024\/03\/18\/imputaron-a-un-joven-que-presuntamente-robo-una-moto-y-luego-la-cambio-por-un-celular\/","og_site_name":"Apuntes de San Luis","article_published_time":"2024-03-18T23:11:35+00:00","og_image":[{"width":637,"height":378,"url":"https:\/\/apuntesdesanluis.com\/wp-content\/uploads\/2024\/03\/AUDIENCIA-6.png","type":"image\/png"}],"author":"apuntesdesanluis.com","twitter_card":"summary_large_image","twitter_misc":{"Escrito por":"apuntesdesanluis.com","Tiempo de lectura":"3 minutos"},"schema":{"@context":"https:\/\/schema.org","@graph":[{"@type":"Article","@id":"https:\/\/apuntesdesanluis.com\/index.php\/2024\/03\/18\/imputaron-a-un-joven-que-presuntamente-robo-una-moto-y-luego-la-cambio-por-un-celular\/#article","isPartOf":{"@id":"https:\/\/apuntesdesanluis.com\/index.php\/2024\/03\/18\/imputaron-a-un-joven-que-presuntamente-robo-una-moto-y-luego-la-cambio-por-un-celular\/"},"author":{"name":"apuntesdesanluis.com","@id":"https:\/\/apuntesdesanluis.com\/#\/schema\/person\/b55151d52296fcce64d1a72538a70b90"},"headline":"IMPUTARON A UN JOVEN QUE PRESUNTAMENTE ROB\u00d3 UNA MOTO Y LUEGO LA CAMBI\u00d3 POR UN CELULAR","datePublished":"2024-03-18T23:11:35+00:00","mainEntityOfPage":{"@id":"https:\/\/apuntesdesanluis.com\/index.php\/2024\/03\/18\/imputaron-a-un-joven-que-presuntamente-robo-una-moto-y-luego-la-cambio-por-un-celular\/"},"wordCount":601,"publisher":{"@id":"https:\/\/apuntesdesanluis.com\/#\/schema\/person\/b55151d52296fcce64d1a72538a70b90"},"image":{"@id":"https:\/\/apuntesdesanluis.com\/index.php\/2024\/03\/18\/imputaron-a-un-joven-que-presuntamente-robo-una-moto-y-luego-la-cambio-por-un-celular\/#primaryimage"},"thumbnailUrl":"https:\/\/apuntesdesanluis.com\/wp-content\/uploads\/2024\/03\/AUDIENCIA-6.png","articleSection":["Ciudad\/Provincia"],"inLanguage":"es-AR"},{"@type":"WebPage","@id":"https:\/\/apuntesdesanluis.com\/index.php\/2024\/03\/18\/imputaron-a-un-joven-que-presuntamente-robo-una-moto-y-luego-la-cambio-por-un-celular\/","url":"https:\/\/apuntesdesanluis.com\/index.php\/2024\/03\/18\/imputaron-a-un-joven-que-presuntamente-robo-una-moto-y-luego-la-cambio-por-un-celular\/","name":"IMPUTARON A UN JOVEN QUE PRESUNTAMENTE ROB\u00d3 UNA MOTO Y LUEGO LA CAMBI\u00d3 POR UN CELULAR - Apuntes de San Luis","isPartOf":{"@id":"https:\/\/apuntesdesanluis.com\/#website"},"primaryImageOfPage":{"@id":"https:\/\/apuntesdesanluis.com\/index.php\/2024\/03\/18\/imputaron-a-un-joven-que-presuntamente-robo-una-moto-y-luego-la-cambio-por-un-celular\/#primaryimage"},"image":{"@id":"https:\/\/apuntesdesanluis.com\/index.php\/2024\/03\/18\/imputaron-a-un-joven-que-presuntamente-robo-una-moto-y-luego-la-cambio-por-un-celular\/#primaryimage"},"thumbnailUrl":"https:\/\/apuntesdesanluis.com\/wp-content\/uploads\/2024\/03\/AUDIENCIA-6.png","datePublished":"2024-03-18T23:11:35+00:00","breadcrumb":{"@id":"https:\/\/apuntesdesanluis.com\/index.php\/2024\/03\/18\/imputaron-a-un-joven-que-presuntamente-robo-una-moto-y-luego-la-cambio-por-un-celular\/#breadcrumb"},"inLanguage":"es-AR","potentialAction":[{"@type":"ReadAction","target":["https:\/\/apuntesdesanluis.com\/index.php\/2024\/03\/18\/imputaron-a-un-joven-que-presuntamente-robo-una-moto-y-luego-la-cambio-por-un-celular\/"]}]},{"@type":"ImageObject","inLanguage":"es-AR","@id":"https:\/\/apuntesdesanluis.com\/index.php\/2024\/03\/18\/imputaron-a-un-joven-que-presuntamente-robo-una-moto-y-luego-la-cambio-por-un-celular\/#primaryimage","url":"https:\/\/apuntesdesanluis.com\/wp-content\/uploads\/2024\/03\/AUDIENCIA-6.png","contentUrl":"https:\/\/apuntesdesanluis.com\/wp-content\/uploads\/2024\/03\/AUDIENCIA-6.png","width":637,"height":378},{"@type":"BreadcrumbList","@id":"https:\/\/apuntesdesanluis.com\/index.php\/2024\/03\/18\/imputaron-a-un-joven-que-presuntamente-robo-una-moto-y-luego-la-cambio-por-un-celular\/#breadcrumb","itemListElement":[{"@type":"ListItem","position":1,"name":"Inicio","item":"https:\/\/apuntesdesanluis.com\/"},{"@type":"ListItem","position":2,"name":"IMPUTARON A UN JOVEN QUE PRESUNTAMENTE ROB\u00d3 UNA MOTO Y LUEGO LA CAMBI\u00d3 POR UN CELULAR"}]},{"@type":"WebSite","@id":"https:\/\/apuntesdesanluis.com\/#website","url":"https:\/\/apuntesdesanluis.com\/","name":"Apuntes de San Luis","description":"","publisher":{"@id":"https:\/\/apuntesdesanluis.com\/#\/schema\/person\/b55151d52296fcce64d1a72538a70b90"},"potentialAction":[{"@type":"SearchAction","target":{"@type":"EntryPoint","urlTemplate":"https:\/\/apuntesdesanluis.com\/?s={search_term_string}"},"query-input":{"@type":"PropertyValueSpecification","valueRequired":true,"valueName":"search_term_string"}}],"inLanguage":"es-AR"},{"@type":["Person","Organization"],"@id":"https:\/\/apuntesdesanluis.com\/#\/schema\/person\/b55151d52296fcce64d1a72538a70b90","name":"apuntesdesanluis.com","image":{"@type":"ImageObject","inLanguage":"es-AR","@id":"https:\/\/apuntesdesanluis.com\/#\/schema\/person\/image\/","url":"https:\/\/apuntesdesanluis.com\/wp-content\/uploads\/2023\/07\/cropped-apuntesdesanluis.png","contentUrl":"https:\/\/apuntesdesanluis.com\/wp-content\/uploads\/2023\/07\/cropped-apuntesdesanluis.png","width":450,"height":112,"caption":"apuntesdesanluis.com"},"logo":{"@id":"https:\/\/apuntesdesanluis.com\/#\/schema\/person\/image\/"},"sameAs":["https:\/\/apuntesdesanluis.com"],"url":"https:\/\/apuntesdesanluis.com\/index.php\/author\/apuntesdesanluis-com\/"}]}},"featured_image_urls":{"full":["https:\/\/apuntesdesanluis.com\/wp-content\/uploads\/2024\/03\/AUDIENCIA-6.png",637,378,false],"thumbnail":["https:\/\/apuntesdesanluis.com\/wp-content\/uploads\/2024\/03\/AUDIENCIA-6-150x150.png",150,150,true],"medium":["https:\/\/apuntesdesanluis.com\/wp-content\/uploads\/2024\/03\/AUDIENCIA-6-300x178.png",300,178,true],"medium_large":["https:\/\/apuntesdesanluis.com\/wp-content\/uploads\/2024\/03\/AUDIENCIA-6.png",637,378,false],"large":["https:\/\/apuntesdesanluis.com\/wp-content\/uploads\/2024\/03\/AUDIENCIA-6.png",637,378,false],"1536x1536":["https:\/\/apuntesdesanluis.com\/wp-content\/uploads\/2024\/03\/AUDIENCIA-6.png",637,378,false],"2048x2048":["https:\/\/apuntesdesanluis.com\/wp-content\/uploads\/2024\/03\/AUDIENCIA-6.png",637,378,false],"newsever-slider-full":["https:\/\/apuntesdesanluis.com\/wp-content\/uploads\/2024\/03\/AUDIENCIA-6.png",637,378,false],"newsever-featured":["https:\/\/apuntesdesanluis.com\/wp-content\/uploads\/2024\/03\/AUDIENCIA-6.png",637,378,false],"newsever-medium":["https:\/\/apuntesdesanluis.com\/wp-content\/uploads\/2024\/03\/AUDIENCIA-6.png",637,378,false]},"author_info":{"display_name":"apuntesdesanluis.com","author_link":"https:\/\/apuntesdesanluis.com\/index.php\/author\/apuntesdesanluis-com\/"},"category_info":"<a href=\"https:\/\/apuntesdesanluis.com\/index.php\/category\/ciudad-provincia\/\" rel=\"category tag\">Ciudad\/Provincia<\/a>","tag_info":"Ciudad\/Provincia","comment_count":"0","_links":{"self":[{"href":"https:\/\/apuntesdesanluis.com\/index.php\/wp-json\/wp\/v2\/posts\/13349","targetHints":{"allow":["GET"]}}],"collection":[{"href":"https:\/\/apuntesdesanluis.com\/index.php\/wp-json\/wp\/v2\/posts"}],"about":[{"href":"https:\/\/apuntesdesanluis.com\/index.php\/wp-json\/wp\/v2\/types\/post"}],"author":[{"embeddable":true,"href":"https:\/\/apuntesdesanluis.com\/index.php\/wp-json\/wp\/v2\/users\/1"}],"replies":[{"embeddable":true,"href":"https:\/\/apuntesdesanluis.com\/index.php\/wp-json\/wp\/v2\/comments?post=13349"}],"version-history":[{"count":1,"href":"https:\/\/apuntesdesanluis.com\/index.php\/wp-json\/wp\/v2\/posts\/13349\/revisions"}],"predecessor-version":[{"id":13351,"href":"https:\/\/apuntesdesanluis.com\/index.php\/wp-json\/wp\/v2\/posts\/13349\/revisions\/13351"}],"wp:featuredmedia":[{"embeddable":true,"href":"https:\/\/apuntesdesanluis.com\/index.php\/wp-json\/wp\/v2\/media\/13350"}],"wp:attachment":[{"href":"https:\/\/apuntesdesanluis.com\/index.php\/wp-json\/wp\/v2\/media?parent=13349"}],"wp:term":[{"taxonomy":"category","embeddable":true,"href":"https:\/\/apuntesdesanluis.com\/index.php\/wp-json\/wp\/v2\/categories?post=13349"},{"taxonomy":"post_tag","embeddable":true,"href":"https:\/\/apuntesdesanluis.com\/index.php\/wp-json\/wp\/v2\/tags?post=13349"}],"curies":[{"name":"wp","href":"https:\/\/api.w.org\/{rel}","templated":true}]}}