{"id":1335,"date":"2023-08-09T18:16:13","date_gmt":"2023-08-09T21:16:13","guid":{"rendered":"https:\/\/apuntesdesanluis.com\/?p=1335"},"modified":"2023-08-09T23:38:39","modified_gmt":"2023-08-10T02:38:39","slug":"homicidio-de-jesus-oviedo-absolvieron-al-acusado-por-el-beneficio-de-la-duda","status":"publish","type":"post","link":"https:\/\/apuntesdesanluis.com\/index.php\/2023\/08\/09\/homicidio-de-jesus-oviedo-absolvieron-al-acusado-por-el-beneficio-de-la-duda\/","title":{"rendered":"HOMICIDIO DE JES\u00daS OVIEDO: ABSOLVIERON AL ACUSADO POR EL BENEFICIO DE LA DUDA"},"content":{"rendered":"<h3>Este mi\u00e9rcoles, la Sala Penal de la C\u00e1mara de Apelaciones de la Tercera Circunscripci\u00f3n, absolvi\u00f3 a <strong>M.O.R.<\/strong> por el homicidio de <strong>Jes\u00fas Oviedo<\/strong>, hecho ocurrido el 19 de enero de 2016 en el Paraje Los Lobos, perteneciente al Departamento Jun\u00edn.<\/h3>\n<h3>El juicio comenz\u00f3 el pasado 1 de agosto, ocasi\u00f3n en la que el acusado se declar\u00f3 inocente del crimen del anciano de 75 a\u00f1os.<\/h3>\n<h3>El lunes 7 se desarrollaron los alegatos. El Fiscal de Juicio, Dr. Mario N\u00e9stor Zudaire, mantuvo la acusaci\u00f3n en contra de M.O.R. como autor material del delito de homicidio en ocasi\u00f3n de robo, solicitando al tribunal que fuera condenado a la pena 18 a\u00f1os de c\u00e1rcel.<\/h3>\n<h3>En contrapartida, la defensa del acusado, ejercida por Silvana Alejandra Zunini y Adolfo Juli\u00e1n Cafieri, peticion\u00f3 la absoluci\u00f3n de su defendido y su inmediata libertad, por considerar que no hab\u00eda elementos suficientes para atribuirle la autor\u00eda del hecho, sosteniendo su inocencia.<\/h3>\n<h3>Tras valorar la prueba producida a lo largo del debate, el tribunal integrado por Sandra Elizabeth Piguillem, Mar\u00eda Claudia Uccello y Gustavo Daniel Sanchi\u00f1o, emiti\u00f3 su veredicto un\u00e1nime, resolviendo la absoluci\u00f3n de M.O.R. por el beneficio de la duda, en virtud de la insuficiencia probatoria para declararlo autor del delito por el que fue acusado.<\/h3>\n<h3>En efecto, ordenaron su inmediata libertad, revocando la prisi\u00f3n preventiva que cumpl\u00eda desde agosto de 2021.<\/h3>\n<h3>Los fundamentos de la sentencia ser\u00e1n dictados en el t\u00e9rmino de ley.<\/h3>\n<h3>Para m\u00e1s informaci\u00f3n sobre la causa, hacer clic en el siguiente enlace:<\/h3>\n<h3><strong><a href=\"https:\/\/www.periodicojudicial.gov.ar\/comenzo-el-juicio-por-el-homicidio-de-un-anciano-en-el-paraje-los-lobos\/\">https:\/\/www.periodicojudicial.gov.ar\/comenzo-el-juicio-por-el-homicidio-de-un-anciano-en-el-paraje-los-lobos\/<\/a><\/strong><\/h3>\n","protected":false},"excerpt":{"rendered":"<p>Este mi\u00e9rcoles, la Sala Penal de la C\u00e1mara de Apelaciones de la Tercera Circunscripci\u00f3n, absolvi\u00f3&#8230;<\/p>\n","protected":false},"author":1,"featured_media":1337,"comment_status":"closed","ping_status":"closed","sticky":false,"template":"","format":"standard","meta":{"footnotes":""},"categories":[6],"tags":[],"class_list":["post-1335","post","type-post","status-publish","format-standard","has-post-thumbnail","hentry","category-ciudad-provincia"],"yoast_head":"<!-- This site is optimized with the Yoast SEO plugin v26.1.1 - https:\/\/yoast.com\/wordpress\/plugins\/seo\/ -->\n<title>HOMICIDIO DE JES\u00daS OVIEDO: ABSOLVIERON AL ACUSADO POR EL BENEFICIO DE LA DUDA - Apuntes de San Luis<\/title>\n<meta name=\"robots\" content=\"index, follow, max-snippet:-1, max-image-preview:large, max-video-preview:-1\" \/>\n<link rel=\"canonical\" href=\"https:\/\/apuntesdesanluis.com\/index.php\/2023\/08\/09\/homicidio-de-jesus-oviedo-absolvieron-al-acusado-por-el-beneficio-de-la-duda\/\" \/>\n<meta property=\"og:locale\" content=\"es_ES\" \/>\n<meta property=\"og:type\" content=\"article\" \/>\n<meta property=\"og:title\" content=\"HOMICIDIO DE JES\u00daS OVIEDO: ABSOLVIERON AL ACUSADO POR EL BENEFICIO DE LA DUDA - Apuntes de San Luis\" \/>\n<meta property=\"og:description\" content=\"Este mi\u00e9rcoles, la Sala Penal de la C\u00e1mara de Apelaciones de la Tercera Circunscripci\u00f3n, absolvi\u00f3...\" \/>\n<meta property=\"og:url\" content=\"https:\/\/apuntesdesanluis.com\/index.php\/2023\/08\/09\/homicidio-de-jesus-oviedo-absolvieron-al-acusado-por-el-beneficio-de-la-duda\/\" \/>\n<meta property=\"og:site_name\" content=\"Apuntes de San Luis\" \/>\n<meta property=\"article:published_time\" content=\"2023-08-09T21:16:13+00:00\" \/>\n<meta property=\"article:modified_time\" content=\"2023-08-10T02:38:39+00:00\" \/>\n<meta property=\"og:image\" content=\"https:\/\/apuntesdesanluis.com\/wp-content\/uploads\/2023\/08\/juicio-nievas-1.png\" \/>\n\t<meta property=\"og:image:width\" content=\"590\" \/>\n\t<meta property=\"og:image:height\" content=\"361\" \/>\n\t<meta property=\"og:image:type\" content=\"image\/png\" \/>\n<meta name=\"author\" content=\"apuntesdesanluis.com\" \/>\n<meta name=\"twitter:card\" content=\"summary_large_image\" \/>\n<meta name=\"twitter:label1\" content=\"Escrito por\" \/>\n\t<meta name=\"twitter:data1\" content=\"apuntesdesanluis.com\" \/>\n\t<meta name=\"twitter:label2\" content=\"Tiempo de lectura\" \/>\n\t<meta name=\"twitter:data2\" content=\"2 minutos\" \/>\n<script type=\"application\/ld+json\" class=\"yoast-schema-graph\">{\"@context\":\"https:\/\/schema.org\",\"@graph\":[{\"@type\":\"Article\",\"@id\":\"https:\/\/apuntesdesanluis.com\/index.php\/2023\/08\/09\/homicidio-de-jesus-oviedo-absolvieron-al-acusado-por-el-beneficio-de-la-duda\/#article\",\"isPartOf\":{\"@id\":\"https:\/\/apuntesdesanluis.com\/index.php\/2023\/08\/09\/homicidio-de-jesus-oviedo-absolvieron-al-acusado-por-el-beneficio-de-la-duda\/\"},\"author\":{\"name\":\"apuntesdesanluis.com\",\"@id\":\"https:\/\/apuntesdesanluis.com\/#\/schema\/person\/b55151d52296fcce64d1a72538a70b90\"},\"headline\":\"HOMICIDIO DE JES\u00daS OVIEDO: ABSOLVIERON AL ACUSADO POR EL BENEFICIO DE LA DUDA\",\"datePublished\":\"2023-08-09T21:16:13+00:00\",\"dateModified\":\"2023-08-10T02:38:39+00:00\",\"mainEntityOfPage\":{\"@id\":\"https:\/\/apuntesdesanluis.com\/index.php\/2023\/08\/09\/homicidio-de-jesus-oviedo-absolvieron-al-acusado-por-el-beneficio-de-la-duda\/\"},\"wordCount\":291,\"publisher\":{\"@id\":\"https:\/\/apuntesdesanluis.com\/#\/schema\/person\/b55151d52296fcce64d1a72538a70b90\"},\"image\":{\"@id\":\"https:\/\/apuntesdesanluis.com\/index.php\/2023\/08\/09\/homicidio-de-jesus-oviedo-absolvieron-al-acusado-por-el-beneficio-de-la-duda\/#primaryimage\"},\"thumbnailUrl\":\"https:\/\/apuntesdesanluis.com\/wp-content\/uploads\/2023\/08\/juicio-nievas-1.png\",\"articleSection\":[\"Ciudad\/Provincia\"],\"inLanguage\":\"es-AR\"},{\"@type\":\"WebPage\",\"@id\":\"https:\/\/apuntesdesanluis.com\/index.php\/2023\/08\/09\/homicidio-de-jesus-oviedo-absolvieron-al-acusado-por-el-beneficio-de-la-duda\/\",\"url\":\"https:\/\/apuntesdesanluis.com\/index.php\/2023\/08\/09\/homicidio-de-jesus-oviedo-absolvieron-al-acusado-por-el-beneficio-de-la-duda\/\",\"name\":\"HOMICIDIO DE JES\u00daS OVIEDO: ABSOLVIERON AL ACUSADO POR EL BENEFICIO DE LA DUDA - Apuntes de San Luis\",\"isPartOf\":{\"@id\":\"https:\/\/apuntesdesanluis.com\/#website\"},\"primaryImageOfPage\":{\"@id\":\"https:\/\/apuntesdesanluis.com\/index.php\/2023\/08\/09\/homicidio-de-jesus-oviedo-absolvieron-al-acusado-por-el-beneficio-de-la-duda\/#primaryimage\"},\"image\":{\"@id\":\"https:\/\/apuntesdesanluis.com\/index.php\/2023\/08\/09\/homicidio-de-jesus-oviedo-absolvieron-al-acusado-por-el-beneficio-de-la-duda\/#primaryimage\"},\"thumbnailUrl\":\"https:\/\/apuntesdesanluis.com\/wp-content\/uploads\/2023\/08\/juicio-nievas-1.png\",\"datePublished\":\"2023-08-09T21:16:13+00:00\",\"dateModified\":\"2023-08-10T02:38:39+00:00\",\"breadcrumb\":{\"@id\":\"https:\/\/apuntesdesanluis.com\/index.php\/2023\/08\/09\/homicidio-de-jesus-oviedo-absolvieron-al-acusado-por-el-beneficio-de-la-duda\/#breadcrumb\"},\"inLanguage\":\"es-AR\",\"potentialAction\":[{\"@type\":\"ReadAction\",\"target\":[\"https:\/\/apuntesdesanluis.com\/index.php\/2023\/08\/09\/homicidio-de-jesus-oviedo-absolvieron-al-acusado-por-el-beneficio-de-la-duda\/\"]}]},{\"@type\":\"ImageObject\",\"inLanguage\":\"es-AR\",\"@id\":\"https:\/\/apuntesdesanluis.com\/index.php\/2023\/08\/09\/homicidio-de-jesus-oviedo-absolvieron-al-acusado-por-el-beneficio-de-la-duda\/#primaryimage\",\"url\":\"https:\/\/apuntesdesanluis.com\/wp-content\/uploads\/2023\/08\/juicio-nievas-1.png\",\"contentUrl\":\"https:\/\/apuntesdesanluis.com\/wp-content\/uploads\/2023\/08\/juicio-nievas-1.png\",\"width\":590,\"height\":361},{\"@type\":\"BreadcrumbList\",\"@id\":\"https:\/\/apuntesdesanluis.com\/index.php\/2023\/08\/09\/homicidio-de-jesus-oviedo-absolvieron-al-acusado-por-el-beneficio-de-la-duda\/#breadcrumb\",\"itemListElement\":[{\"@type\":\"ListItem\",\"position\":1,\"name\":\"Inicio\",\"item\":\"https:\/\/apuntesdesanluis.com\/\"},{\"@type\":\"ListItem\",\"position\":2,\"name\":\"HOMICIDIO DE JES\u00daS OVIEDO: ABSOLVIERON AL ACUSADO POR EL BENEFICIO DE LA DUDA\"}]},{\"@type\":\"WebSite\",\"@id\":\"https:\/\/apuntesdesanluis.com\/#website\",\"url\":\"https:\/\/apuntesdesanluis.com\/\",\"name\":\"Apuntes de San Luis\",\"description\":\"\",\"publisher\":{\"@id\":\"https:\/\/apuntesdesanluis.com\/#\/schema\/person\/b55151d52296fcce64d1a72538a70b90\"},\"potentialAction\":[{\"@type\":\"SearchAction\",\"target\":{\"@type\":\"EntryPoint\",\"urlTemplate\":\"https:\/\/apuntesdesanluis.com\/?s={search_term_string}\"},\"query-input\":{\"@type\":\"PropertyValueSpecification\",\"valueRequired\":true,\"valueName\":\"search_term_string\"}}],\"inLanguage\":\"es-AR\"},{\"@type\":[\"Person\",\"Organization\"],\"@id\":\"https:\/\/apuntesdesanluis.com\/#\/schema\/person\/b55151d52296fcce64d1a72538a70b90\",\"name\":\"apuntesdesanluis.com\",\"image\":{\"@type\":\"ImageObject\",\"inLanguage\":\"es-AR\",\"@id\":\"https:\/\/apuntesdesanluis.com\/#\/schema\/person\/image\/\",\"url\":\"https:\/\/apuntesdesanluis.com\/wp-content\/uploads\/2023\/07\/cropped-apuntesdesanluis.png\",\"contentUrl\":\"https:\/\/apuntesdesanluis.com\/wp-content\/uploads\/2023\/07\/cropped-apuntesdesanluis.png\",\"width\":450,\"height\":112,\"caption\":\"apuntesdesanluis.com\"},\"logo\":{\"@id\":\"https:\/\/apuntesdesanluis.com\/#\/schema\/person\/image\/\"},\"sameAs\":[\"https:\/\/apuntesdesanluis.com\"],\"url\":\"https:\/\/apuntesdesanluis.com\/index.php\/author\/apuntesdesanluis-com\/\"}]}<\/script>\n<!-- \/ Yoast SEO plugin. -->","yoast_head_json":{"title":"HOMICIDIO DE JES\u00daS OVIEDO: ABSOLVIERON AL ACUSADO POR EL BENEFICIO DE LA DUDA - Apuntes de San Luis","robots":{"index":"index","follow":"follow","max-snippet":"max-snippet:-1","max-image-preview":"max-image-preview:large","max-video-preview":"max-video-preview:-1"},"canonical":"https:\/\/apuntesdesanluis.com\/index.php\/2023\/08\/09\/homicidio-de-jesus-oviedo-absolvieron-al-acusado-por-el-beneficio-de-la-duda\/","og_locale":"es_ES","og_type":"article","og_title":"HOMICIDIO DE JES\u00daS OVIEDO: ABSOLVIERON AL ACUSADO POR EL BENEFICIO DE LA DUDA - Apuntes de San Luis","og_description":"Este mi\u00e9rcoles, la Sala Penal de la C\u00e1mara de Apelaciones de la Tercera Circunscripci\u00f3n, absolvi\u00f3...","og_url":"https:\/\/apuntesdesanluis.com\/index.php\/2023\/08\/09\/homicidio-de-jesus-oviedo-absolvieron-al-acusado-por-el-beneficio-de-la-duda\/","og_site_name":"Apuntes de San Luis","article_published_time":"2023-08-09T21:16:13+00:00","article_modified_time":"2023-08-10T02:38:39+00:00","og_image":[{"width":590,"height":361,"url":"https:\/\/apuntesdesanluis.com\/wp-content\/uploads\/2023\/08\/juicio-nievas-1.png","type":"image\/png"}],"author":"apuntesdesanluis.com","twitter_card":"summary_large_image","twitter_misc":{"Escrito por":"apuntesdesanluis.com","Tiempo de lectura":"2 minutos"},"schema":{"@context":"https:\/\/schema.org","@graph":[{"@type":"Article","@id":"https:\/\/apuntesdesanluis.com\/index.php\/2023\/08\/09\/homicidio-de-jesus-oviedo-absolvieron-al-acusado-por-el-beneficio-de-la-duda\/#article","isPartOf":{"@id":"https:\/\/apuntesdesanluis.com\/index.php\/2023\/08\/09\/homicidio-de-jesus-oviedo-absolvieron-al-acusado-por-el-beneficio-de-la-duda\/"},"author":{"name":"apuntesdesanluis.com","@id":"https:\/\/apuntesdesanluis.com\/#\/schema\/person\/b55151d52296fcce64d1a72538a70b90"},"headline":"HOMICIDIO DE JES\u00daS OVIEDO: ABSOLVIERON AL ACUSADO POR EL BENEFICIO DE LA DUDA","datePublished":"2023-08-09T21:16:13+00:00","dateModified":"2023-08-10T02:38:39+00:00","mainEntityOfPage":{"@id":"https:\/\/apuntesdesanluis.com\/index.php\/2023\/08\/09\/homicidio-de-jesus-oviedo-absolvieron-al-acusado-por-el-beneficio-de-la-duda\/"},"wordCount":291,"publisher":{"@id":"https:\/\/apuntesdesanluis.com\/#\/schema\/person\/b55151d52296fcce64d1a72538a70b90"},"image":{"@id":"https:\/\/apuntesdesanluis.com\/index.php\/2023\/08\/09\/homicidio-de-jesus-oviedo-absolvieron-al-acusado-por-el-beneficio-de-la-duda\/#primaryimage"},"thumbnailUrl":"https:\/\/apuntesdesanluis.com\/wp-content\/uploads\/2023\/08\/juicio-nievas-1.png","articleSection":["Ciudad\/Provincia"],"inLanguage":"es-AR"},{"@type":"WebPage","@id":"https:\/\/apuntesdesanluis.com\/index.php\/2023\/08\/09\/homicidio-de-jesus-oviedo-absolvieron-al-acusado-por-el-beneficio-de-la-duda\/","url":"https:\/\/apuntesdesanluis.com\/index.php\/2023\/08\/09\/homicidio-de-jesus-oviedo-absolvieron-al-acusado-por-el-beneficio-de-la-duda\/","name":"HOMICIDIO DE JES\u00daS OVIEDO: ABSOLVIERON AL ACUSADO POR EL BENEFICIO DE LA DUDA - Apuntes de San Luis","isPartOf":{"@id":"https:\/\/apuntesdesanluis.com\/#website"},"primaryImageOfPage":{"@id":"https:\/\/apuntesdesanluis.com\/index.php\/2023\/08\/09\/homicidio-de-jesus-oviedo-absolvieron-al-acusado-por-el-beneficio-de-la-duda\/#primaryimage"},"image":{"@id":"https:\/\/apuntesdesanluis.com\/index.php\/2023\/08\/09\/homicidio-de-jesus-oviedo-absolvieron-al-acusado-por-el-beneficio-de-la-duda\/#primaryimage"},"thumbnailUrl":"https:\/\/apuntesdesanluis.com\/wp-content\/uploads\/2023\/08\/juicio-nievas-1.png","datePublished":"2023-08-09T21:16:13+00:00","dateModified":"2023-08-10T02:38:39+00:00","breadcrumb":{"@id":"https:\/\/apuntesdesanluis.com\/index.php\/2023\/08\/09\/homicidio-de-jesus-oviedo-absolvieron-al-acusado-por-el-beneficio-de-la-duda\/#breadcrumb"},"inLanguage":"es-AR","potentialAction":[{"@type":"ReadAction","target":["https:\/\/apuntesdesanluis.com\/index.php\/2023\/08\/09\/homicidio-de-jesus-oviedo-absolvieron-al-acusado-por-el-beneficio-de-la-duda\/"]}]},{"@type":"ImageObject","inLanguage":"es-AR","@id":"https:\/\/apuntesdesanluis.com\/index.php\/2023\/08\/09\/homicidio-de-jesus-oviedo-absolvieron-al-acusado-por-el-beneficio-de-la-duda\/#primaryimage","url":"https:\/\/apuntesdesanluis.com\/wp-content\/uploads\/2023\/08\/juicio-nievas-1.png","contentUrl":"https:\/\/apuntesdesanluis.com\/wp-content\/uploads\/2023\/08\/juicio-nievas-1.png","width":590,"height":361},{"@type":"BreadcrumbList","@id":"https:\/\/apuntesdesanluis.com\/index.php\/2023\/08\/09\/homicidio-de-jesus-oviedo-absolvieron-al-acusado-por-el-beneficio-de-la-duda\/#breadcrumb","itemListElement":[{"@type":"ListItem","position":1,"name":"Inicio","item":"https:\/\/apuntesdesanluis.com\/"},{"@type":"ListItem","position":2,"name":"HOMICIDIO DE JES\u00daS OVIEDO: ABSOLVIERON AL ACUSADO POR EL BENEFICIO DE LA DUDA"}]},{"@type":"WebSite","@id":"https:\/\/apuntesdesanluis.com\/#website","url":"https:\/\/apuntesdesanluis.com\/","name":"Apuntes de San Luis","description":"","publisher":{"@id":"https:\/\/apuntesdesanluis.com\/#\/schema\/person\/b55151d52296fcce64d1a72538a70b90"},"potentialAction":[{"@type":"SearchAction","target":{"@type":"EntryPoint","urlTemplate":"https:\/\/apuntesdesanluis.com\/?s={search_term_string}"},"query-input":{"@type":"PropertyValueSpecification","valueRequired":true,"valueName":"search_term_string"}}],"inLanguage":"es-AR"},{"@type":["Person","Organization"],"@id":"https:\/\/apuntesdesanluis.com\/#\/schema\/person\/b55151d52296fcce64d1a72538a70b90","name":"apuntesdesanluis.com","image":{"@type":"ImageObject","inLanguage":"es-AR","@id":"https:\/\/apuntesdesanluis.com\/#\/schema\/person\/image\/","url":"https:\/\/apuntesdesanluis.com\/wp-content\/uploads\/2023\/07\/cropped-apuntesdesanluis.png","contentUrl":"https:\/\/apuntesdesanluis.com\/wp-content\/uploads\/2023\/07\/cropped-apuntesdesanluis.png","width":450,"height":112,"caption":"apuntesdesanluis.com"},"logo":{"@id":"https:\/\/apuntesdesanluis.com\/#\/schema\/person\/image\/"},"sameAs":["https:\/\/apuntesdesanluis.com"],"url":"https:\/\/apuntesdesanluis.com\/index.php\/author\/apuntesdesanluis-com\/"}]}},"featured_image_urls":{"full":["https:\/\/apuntesdesanluis.com\/wp-content\/uploads\/2023\/08\/juicio-nievas-1.png",590,361,false],"thumbnail":["https:\/\/apuntesdesanluis.com\/wp-content\/uploads\/2023\/08\/juicio-nievas-1-150x150.png",150,150,true],"medium":["https:\/\/apuntesdesanluis.com\/wp-content\/uploads\/2023\/08\/juicio-nievas-1-300x184.png",300,184,true],"medium_large":["https:\/\/apuntesdesanluis.com\/wp-content\/uploads\/2023\/08\/juicio-nievas-1.png",590,361,false],"large":["https:\/\/apuntesdesanluis.com\/wp-content\/uploads\/2023\/08\/juicio-nievas-1.png",590,361,false],"1536x1536":["https:\/\/apuntesdesanluis.com\/wp-content\/uploads\/2023\/08\/juicio-nievas-1.png",590,361,false],"2048x2048":["https:\/\/apuntesdesanluis.com\/wp-content\/uploads\/2023\/08\/juicio-nievas-1.png",590,361,false],"newsever-slider-full":["https:\/\/apuntesdesanluis.com\/wp-content\/uploads\/2023\/08\/juicio-nievas-1.png",590,361,false],"newsever-featured":["https:\/\/apuntesdesanluis.com\/wp-content\/uploads\/2023\/08\/juicio-nievas-1.png",590,361,false],"newsever-medium":["https:\/\/apuntesdesanluis.com\/wp-content\/uploads\/2023\/08\/juicio-nievas-1.png",590,361,false]},"author_info":{"display_name":"apuntesdesanluis.com","author_link":"https:\/\/apuntesdesanluis.com\/index.php\/author\/apuntesdesanluis-com\/"},"category_info":"<a href=\"https:\/\/apuntesdesanluis.com\/index.php\/category\/ciudad-provincia\/\" rel=\"category tag\">Ciudad\/Provincia<\/a>","tag_info":"Ciudad\/Provincia","comment_count":"0","_links":{"self":[{"href":"https:\/\/apuntesdesanluis.com\/index.php\/wp-json\/wp\/v2\/posts\/1335","targetHints":{"allow":["GET"]}}],"collection":[{"href":"https:\/\/apuntesdesanluis.com\/index.php\/wp-json\/wp\/v2\/posts"}],"about":[{"href":"https:\/\/apuntesdesanluis.com\/index.php\/wp-json\/wp\/v2\/types\/post"}],"author":[{"embeddable":true,"href":"https:\/\/apuntesdesanluis.com\/index.php\/wp-json\/wp\/v2\/users\/1"}],"replies":[{"embeddable":true,"href":"https:\/\/apuntesdesanluis.com\/index.php\/wp-json\/wp\/v2\/comments?post=1335"}],"version-history":[{"count":2,"href":"https:\/\/apuntesdesanluis.com\/index.php\/wp-json\/wp\/v2\/posts\/1335\/revisions"}],"predecessor-version":[{"id":1365,"href":"https:\/\/apuntesdesanluis.com\/index.php\/wp-json\/wp\/v2\/posts\/1335\/revisions\/1365"}],"wp:featuredmedia":[{"embeddable":true,"href":"https:\/\/apuntesdesanluis.com\/index.php\/wp-json\/wp\/v2\/media\/1337"}],"wp:attachment":[{"href":"https:\/\/apuntesdesanluis.com\/index.php\/wp-json\/wp\/v2\/media?parent=1335"}],"wp:term":[{"taxonomy":"category","embeddable":true,"href":"https:\/\/apuntesdesanluis.com\/index.php\/wp-json\/wp\/v2\/categories?post=1335"},{"taxonomy":"post_tag","embeddable":true,"href":"https:\/\/apuntesdesanluis.com\/index.php\/wp-json\/wp\/v2\/tags?post=1335"}],"curies":[{"name":"wp","href":"https:\/\/api.w.org\/{rel}","templated":true}]}}