{"id":13352,"date":"2024-03-18T20:36:40","date_gmt":"2024-03-18T23:36:40","guid":{"rendered":"https:\/\/apuntesdesanluis.com\/?p=13352"},"modified":"2024-03-18T20:36:40","modified_gmt":"2024-03-18T23:36:40","slug":"unsl-intensa-actividad-en-el-centro-universitario-villa-mercedes","status":"publish","type":"post","link":"https:\/\/apuntesdesanluis.com\/index.php\/2024\/03\/18\/unsl-intensa-actividad-en-el-centro-universitario-villa-mercedes\/","title":{"rendered":"UNSL: INTENSA ACTIVIDAD EN EL CENTRO UNIVERSITARIO VILLA MERCEDES"},"content":{"rendered":"<h3>Este lunes 18 de marzo el <strong>Centro Universitario Villa Mercedes<\/strong> comenz\u00f3 con las primeras actividades del ciclo \u201cElegimos MEMORIA\u201d, a trav\u00e9s de muestras art\u00edsticas, charlas, testimonios y documentos audiovisuales.<\/h3>\n<h3>El programa por el D\u00eda de Memoria, la Verdad y la Justicia, que incluir\u00e1 la participaci\u00f3n de las facultades en el acto del 24 en plaza San Mart\u00edn, se extender\u00e1 durante todo el mes de marzo.<\/h3>\n<h3>A 48 a\u00f1os del Golpe de Estado de 1976 y ante un contexto \u201cdif\u00edcil como el que estamos pasando en nuestro pa\u00eds, con el recrudecimiento de discursos negacionistas, nuestro Centro Universitario eligi\u00f3 construir memoria de manera colectiva\u201d, explic\u00f3 la secretaria de Extensi\u00f3n de la Facultad de Ciencias Econ\u00f3micas, Jur\u00eddicas y Sociales, Pamela Bianco.<\/h3>\n<h3><img fetchpriority=\"high\" decoding=\"async\" class=\"wp-image-13353 aligncenter\" src=\"https:\/\/apuntesdesanluis.com\/wp-content\/uploads\/2024\/03\/pamela-bianco-300x217.png\" alt=\"\" width=\"612\" height=\"443\" srcset=\"https:\/\/apuntesdesanluis.com\/wp-content\/uploads\/2024\/03\/pamela-bianco-300x217.png 300w, https:\/\/apuntesdesanluis.com\/wp-content\/uploads\/2024\/03\/pamela-bianco.png 491w\" sizes=\"(max-width: 612px) 100vw, 612px\" \/><\/h3>\n<h4 style=\"text-align: center;\"><em>Secretaria de Extensi\u00f3n de la FCEJS, Lic. Pamela Bianco.<\/em><\/h4>\n<h3>Con ese prop\u00f3sito se lanz\u00f3 d\u00edas atr\u00e1s una convocatoria abierta para \u201cconstruir una agenda com\u00fan entre la comunidad universitaria e instituciones de la ciudad\u201d y armar un programa amplio para recordar y reflexionar juntos sobre esta fecha. Esta propuesta surgi\u00f3 de la Secretar\u00eda de Extensi\u00f3n Universitaria y la Secretar\u00eda Acad\u00e9mica de la FCEJS, junto con la Secretar\u00eda Acad\u00e9mica y la Coordinaci\u00f3n de Extensi\u00f3n, Vinculaci\u00f3n y Transferencia de la FICA, con la participaci\u00f3n de la Comisi\u00f3n de Derechos Humanos de la UNSL.<\/h3>\n<h3>Durante este mes \u201crealizaremos en el campus muestras fotogr\u00e1ficas, art\u00edsticas e instalaciones audiovisuales que pertenecen a diferentes instituciones y personas que se han acercado con sus propuestas para conmemorar esta fecha y para seguir construyendo esta memoria colectiva\u201d, cont\u00f3 Bianco. Entre otras actividades, se difundir\u00e1n contenidos por redes y radio \u201cque apuntan a recuperar historias de v\u00edctimas de la dictadura de nuestro Centro Universitario\u201d.<\/h3>\n<h3>El 20 de marzo, a las 18, en el Aula Dante Bodo, por iniciativa del Colegio de Profesionales de Servicio Social de la Provincia de San Luis y del Observatorio Social de nuestra Facultad \u201cse realizar\u00e1 un nuevo encuentro del ciclo \u2018Trabajo Social en Contexto\u2019, que se realiza de manera conjunta hace a\u00f1os. Este a\u00f1o se denomina \u2018Las heridas de la dictadura en el Trabajo Social\u2019.<\/h3>\n<h3>El disertante ser\u00e1 el licenciado Jorge Cangiano, trabajador social y art\u00edfice de la creaci\u00f3n de la carrera de Trabajo Social en la facultad y conocedor, por experiencia propia, de las heridas que dej\u00f3 la dictadura en la universidad en general y en la carrera en particular.<\/h3>\n<h3>El 24 de marzo, a partir de las 17, en plaza San Mart\u00edn, el Centro Universitario se sumar\u00e1 al acto organizado por la Multisectorial por la Memoria en conmemoraci\u00f3n de los 48 a\u00f1os del golpe militar de 1976, bajo la consigna \u201cLa Patria no se vende, la vida no se entrega, el pueblo se subleva\u201d. La Secretaria de Extensi\u00f3n remarc\u00f3 \u201cVamos a participar de este encuentro porque es el espacio donde la comunidad de Villa Mercedes construye memoria y, como Centro Universitario consideramos importante estar ah\u00ed\u201d.<\/h3>\n<h3>La agenda Elegimos Memoria contin\u00faa con tres clases abiertas. El 25 de marzo a las 17hs en el Aula 16 se desarrollar\u00e1 la Clase abierta: Memorias de Luces y Sombras: Construyendo Trincheras desde las Ciencias Sociales y el Arte, organizada por los equipos docente de Sociolog\u00eda (LTS), Sociolog\u00eda de la Salud (AT), Sociolog\u00eda (CPN-LAE), Antropolog\u00eda Social y Cultural (LTS), Antropolog\u00eda Social y Cultural de la Salud (AT), Estructura Social Argentina (LTS) y El Arte como herramienta terap\u00e9utica (AT).<\/h3>\n<h3>El 26 de marzo a las 15 hs en el Aula 17 es la clase abierta: El mercado bajo las sombras. Narrativas y estructuras del poder econ\u00f3mico durante la \u00faltima dictadura en Argentina a cargo del Dr. Facundo Corval\u00e1n; organizada por el Proyecto de Investigaci\u00f3n \u201cEntrelazando narrativas: memorias y usos del pasado en San Luis a fines del siglo XX y principios del siglo XXI\u201d; la Asignatura \u201cHistoria Econ\u00f3mica y Social Argentina\u201d y el Observatorio Social FCEJS.<\/h3>\n<h3>Luego, el 27 de marzo a las 14hs en el Aula Magna se realiza el Cine debate: Argentina 1985, organizado por Departamento de Ciencias Jur\u00eddicas y Pol\u00edticas y la Subsecretar\u00eda de Comunicaci\u00f3n.<\/h3>\n<h3><strong>POSGRADO: SEMINARIO DERECHO Y LENGUAJE 2024<\/strong><\/h3>\n<h3>Por otra parte, la Secretar\u00eda de Investigaci\u00f3n y Posgrado informa a la comunidad universitaria, que el jueves 21 de marzo, comenzar\u00e1 el primer encuentro del a\u00f1o del ciclo \u201cSeminario Derecho y Lenguaje\u201d, actividad virtual organizada por el Proyecto de Investigaci\u00f3n Consolidado N\u00ba 1501-20 \u201cDerecho y lenguaje: alcance y delimitaci\u00f3n de criterios judiciales\u201d, con el auspicio de la c\u00e1tedra de Filosof\u00eda del Derecho (UNSL) y la Especializaci\u00f3n en Derechos Humanos y Acceso a la Justicia (FCEJS).<\/h3>\n<p><img decoding=\"async\" class=\"wp-image-13355 aligncenter\" src=\"https:\/\/apuntesdesanluis.com\/wp-content\/uploads\/2024\/03\/DERECHO-Y-LENGUAJE-300x159.png\" alt=\"\" width=\"657\" height=\"348\" srcset=\"https:\/\/apuntesdesanluis.com\/wp-content\/uploads\/2024\/03\/DERECHO-Y-LENGUAJE-300x159.png 300w, https:\/\/apuntesdesanluis.com\/wp-content\/uploads\/2024\/03\/DERECHO-Y-LENGUAJE-768x407.png 768w, https:\/\/apuntesdesanluis.com\/wp-content\/uploads\/2024\/03\/DERECHO-Y-LENGUAJE.png 786w\" sizes=\"(max-width: 657px) 100vw, 657px\" \/><\/p>\n<h3>El primer encuentro del 2024 tendr\u00e1 como protagonista al Lic. Alejandro Guevara Arroyo (Prof. De Filosof\u00eda del Derecho Facultad de Derecho, Universidad De Costa Rica), quien disertar\u00e1 sobre \u201cConceptos Te\u00f3rico-Constitucionales y Conceptos Pr\u00e1ctico- Constitucionales: Una Propuesta Institucionalista\u201d.<\/h3>\n<h3>Se desarrollar\u00e1 el jueves 21 de marzo a partir de las 18 horas, de forma virtual a trav\u00e9s de la plataforma ZOOM. Al pie de esta nota, se comparte el enlace de la reuni\u00f3n para los que deseen participar:<\/h3>\n<h3><span style=\"color: #3366ff;\"><a style=\"color: #3366ff;\" href=\"https:\/\/us06web.zoom.us\/j\/89895359814?pwd=Qa6M29r36LbBzT9wVcvPmlEf2FUoER.1#success\">SEMINARIO DERECHO Y LENGUAJE 2024<\/a><\/span><\/h3>\n<h3>ID de reuni\u00f3n: 898 9535 9814<\/h3>\n<h3>C\u00f3digo de acceso: 401307<\/h3>\n<h3><strong>NUEVA EDITORIAL UNIVERSITARIA<\/strong><\/h3>\n<h3>El Vicerrector de la UNSL, Mgtr. <strong>H\u00e9ctor Flores<\/strong>, se reuni\u00f3 con el nuevo director de la Nueva Editorial Universitaria (NEU), <strong>Mariano P\u00e9rez<\/strong>.<\/h3>\n<h3><img decoding=\"async\" class=\"wp-image-13356 aligncenter\" src=\"https:\/\/apuntesdesanluis.com\/wp-content\/uploads\/2024\/03\/FLORES-1-300x180.png\" alt=\"\" width=\"687\" height=\"412\" srcset=\"https:\/\/apuntesdesanluis.com\/wp-content\/uploads\/2024\/03\/FLORES-1-300x180.png 300w, https:\/\/apuntesdesanluis.com\/wp-content\/uploads\/2024\/03\/FLORES-1-768x460.png 768w, https:\/\/apuntesdesanluis.com\/wp-content\/uploads\/2024\/03\/FLORES-1.png 804w\" sizes=\"(max-width: 687px) 100vw, 687px\" \/><\/h3>\n<h3>En el encuentro dialogaron sobre la necesidad de fortalecer el v\u00ednculo con la comunidad y en particular del acercamiento a las escuelas, con el objetivo de poner en valor el conocimiento construido colectivamente en la Universidad para que esto pueda devenir en libros de textos para estudiantes de instituciones del medio. Tambi\u00e9n hablaron sobre la agenda que se quiere llevar adelante desde la NEU, en relaci\u00f3n al acercamiento a las ferias del libro y sectores de la cultura y el arte.<\/h3>\n<h3><strong>TALLER \u201cVIGILANCIA TECNOL\u00d3GICA\u201d<\/strong><\/h3>\n<h3>La Secretar\u00eda de Vinculaci\u00f3n Tecnol\u00f3gica y Social (SVTS), junto al instituto \u201cEscuela de Econom\u00eda, Negocios y Transferencia Tecnol\u00f3gica (EEN&amp;TT) de la FCEJS, invitan al Taller \u201cVigilancia Tecnol\u00f3gica: Nuevas herramientas para definir estrategias tecnol\u00f3gicas y de mercado\u201d, que ser\u00e1 brindado por la Presidenta de ALTEC, Dra. Nancy P\u00e9rez.<\/h3>\n<h3>Este taller se llevar\u00e1 a cabo el mi\u00e9rcoles 10 de abril de 16 a 19 horas,\u00a0 de manera presencial en el Aula de Programas Especiales (Sede Villa Mercedes), y de manera virtual, en el Microcine (Sede San Luis).<\/h3>\n<h3><img loading=\"lazy\" decoding=\"async\" class=\"wp-image-13357 aligncenter\" src=\"https:\/\/apuntesdesanluis.com\/wp-content\/uploads\/2024\/03\/TALLER-300x161.png\" alt=\"\" width=\"678\" height=\"364\" srcset=\"https:\/\/apuntesdesanluis.com\/wp-content\/uploads\/2024\/03\/TALLER-300x161.png 300w, https:\/\/apuntesdesanluis.com\/wp-content\/uploads\/2024\/03\/TALLER-768x411.png 768w, https:\/\/apuntesdesanluis.com\/wp-content\/uploads\/2024\/03\/TALLER.png 932w\" sizes=\"(max-width: 678px) 100vw, 678px\" \/><\/h3>\n<h3>Durante 45 minutos de teor\u00eda, la Dra. Nancy P\u00e9rez mostrar\u00e1n herramientas en vivo y posteriormente se explicar\u00e1 detalladamente un caso.\u00a0 La expositora es actualmente Presidenta de ALTEC. Durante 11 a\u00f1os fue Coordinadora de Estudios, Vigilancia e Inteligencia Estrat\u00e9gica del Mincyt y responsable del Programa Nacional VINTEC.<\/h3>\n<h3>Este taller es destinado a empresas, tomadores de decisi\u00f3n en CTI en Gobierno y Universidades, investigadores en D+I. Actividad presencial con cupos limitados.<\/h3>\n<h3>Para participar del taller, se solicita completar el siguiente formulario de inscripci\u00f3n:<\/h3>\n<h3><span style=\"color: #3366ff;\"><a style=\"color: #3366ff;\" href=\"https:\/\/docs.google.com\/forms\/d\/e\/1FAIpQLSeHng-Dvqv19l3fTT3iWo1siWjp4WP9wgfROB_dYAAZ9WIVIA\/viewform\">FORMULARIO DE INSCRIPCI\u00d3N<\/a><\/span><\/h3>\n<h3><\/h3>\n<h3><\/h3>\n<h3><\/h3>\n<h3><\/h3>\n","protected":false},"excerpt":{"rendered":"<p>Este lunes 18 de marzo el Centro Universitario Villa Mercedes comenz\u00f3 con las primeras actividades&#8230;<\/p>\n","protected":false},"author":1,"featured_media":13354,"comment_status":"closed","ping_status":"closed","sticky":false,"template":"","format":"standard","meta":{"footnotes":""},"categories":[6],"tags":[],"class_list":["post-13352","post","type-post","status-publish","format-standard","has-post-thumbnail","hentry","category-ciudad-provincia"],"yoast_head":"<!-- This site is optimized with the Yoast SEO plugin v26.1.1 - https:\/\/yoast.com\/wordpress\/plugins\/seo\/ -->\n<title>UNSL: INTENSA ACTIVIDAD EN EL CENTRO UNIVERSITARIO VILLA MERCEDES - Apuntes de San Luis<\/title>\n<meta name=\"robots\" content=\"index, follow, max-snippet:-1, max-image-preview:large, max-video-preview:-1\" \/>\n<link rel=\"canonical\" href=\"https:\/\/apuntesdesanluis.com\/index.php\/2024\/03\/18\/unsl-intensa-actividad-en-el-centro-universitario-villa-mercedes\/\" \/>\n<meta property=\"og:locale\" content=\"es_ES\" \/>\n<meta property=\"og:type\" content=\"article\" \/>\n<meta property=\"og:title\" content=\"UNSL: INTENSA ACTIVIDAD EN EL CENTRO UNIVERSITARIO VILLA MERCEDES - Apuntes de San Luis\" \/>\n<meta property=\"og:description\" content=\"Este lunes 18 de marzo el Centro Universitario Villa Mercedes comenz\u00f3 con las primeras actividades...\" \/>\n<meta property=\"og:url\" content=\"https:\/\/apuntesdesanluis.com\/index.php\/2024\/03\/18\/unsl-intensa-actividad-en-el-centro-universitario-villa-mercedes\/\" \/>\n<meta property=\"og:site_name\" content=\"Apuntes de San Luis\" \/>\n<meta property=\"article:published_time\" content=\"2024-03-18T23:36:40+00:00\" \/>\n<meta property=\"og:image\" content=\"https:\/\/apuntesdesanluis.com\/wp-content\/uploads\/2024\/03\/MEMORIA.png\" \/>\n\t<meta property=\"og:image:width\" content=\"1024\" \/>\n\t<meta property=\"og:image:height\" content=\"564\" \/>\n\t<meta property=\"og:image:type\" content=\"image\/png\" \/>\n<meta name=\"author\" content=\"apuntesdesanluis.com\" \/>\n<meta name=\"twitter:card\" content=\"summary_large_image\" \/>\n<meta name=\"twitter:label1\" content=\"Escrito por\" \/>\n\t<meta name=\"twitter:data1\" content=\"apuntesdesanluis.com\" \/>\n\t<meta name=\"twitter:label2\" content=\"Tiempo de lectura\" \/>\n\t<meta name=\"twitter:data2\" content=\"6 minutos\" \/>\n<script type=\"application\/ld+json\" class=\"yoast-schema-graph\">{\"@context\":\"https:\/\/schema.org\",\"@graph\":[{\"@type\":\"Article\",\"@id\":\"https:\/\/apuntesdesanluis.com\/index.php\/2024\/03\/18\/unsl-intensa-actividad-en-el-centro-universitario-villa-mercedes\/#article\",\"isPartOf\":{\"@id\":\"https:\/\/apuntesdesanluis.com\/index.php\/2024\/03\/18\/unsl-intensa-actividad-en-el-centro-universitario-villa-mercedes\/\"},\"author\":{\"name\":\"apuntesdesanluis.com\",\"@id\":\"https:\/\/apuntesdesanluis.com\/#\/schema\/person\/b55151d52296fcce64d1a72538a70b90\"},\"headline\":\"UNSL: INTENSA ACTIVIDAD EN EL CENTRO UNIVERSITARIO VILLA MERCEDES\",\"datePublished\":\"2024-03-18T23:36:40+00:00\",\"mainEntityOfPage\":{\"@id\":\"https:\/\/apuntesdesanluis.com\/index.php\/2024\/03\/18\/unsl-intensa-actividad-en-el-centro-universitario-villa-mercedes\/\"},\"wordCount\":1179,\"publisher\":{\"@id\":\"https:\/\/apuntesdesanluis.com\/#\/schema\/person\/b55151d52296fcce64d1a72538a70b90\"},\"image\":{\"@id\":\"https:\/\/apuntesdesanluis.com\/index.php\/2024\/03\/18\/unsl-intensa-actividad-en-el-centro-universitario-villa-mercedes\/#primaryimage\"},\"thumbnailUrl\":\"https:\/\/apuntesdesanluis.com\/wp-content\/uploads\/2024\/03\/MEMORIA.png\",\"articleSection\":[\"Ciudad\/Provincia\"],\"inLanguage\":\"es-AR\"},{\"@type\":\"WebPage\",\"@id\":\"https:\/\/apuntesdesanluis.com\/index.php\/2024\/03\/18\/unsl-intensa-actividad-en-el-centro-universitario-villa-mercedes\/\",\"url\":\"https:\/\/apuntesdesanluis.com\/index.php\/2024\/03\/18\/unsl-intensa-actividad-en-el-centro-universitario-villa-mercedes\/\",\"name\":\"UNSL: INTENSA ACTIVIDAD EN EL CENTRO UNIVERSITARIO VILLA MERCEDES - Apuntes de San Luis\",\"isPartOf\":{\"@id\":\"https:\/\/apuntesdesanluis.com\/#website\"},\"primaryImageOfPage\":{\"@id\":\"https:\/\/apuntesdesanluis.com\/index.php\/2024\/03\/18\/unsl-intensa-actividad-en-el-centro-universitario-villa-mercedes\/#primaryimage\"},\"image\":{\"@id\":\"https:\/\/apuntesdesanluis.com\/index.php\/2024\/03\/18\/unsl-intensa-actividad-en-el-centro-universitario-villa-mercedes\/#primaryimage\"},\"thumbnailUrl\":\"https:\/\/apuntesdesanluis.com\/wp-content\/uploads\/2024\/03\/MEMORIA.png\",\"datePublished\":\"2024-03-18T23:36:40+00:00\",\"breadcrumb\":{\"@id\":\"https:\/\/apuntesdesanluis.com\/index.php\/2024\/03\/18\/unsl-intensa-actividad-en-el-centro-universitario-villa-mercedes\/#breadcrumb\"},\"inLanguage\":\"es-AR\",\"potentialAction\":[{\"@type\":\"ReadAction\",\"target\":[\"https:\/\/apuntesdesanluis.com\/index.php\/2024\/03\/18\/unsl-intensa-actividad-en-el-centro-universitario-villa-mercedes\/\"]}]},{\"@type\":\"ImageObject\",\"inLanguage\":\"es-AR\",\"@id\":\"https:\/\/apuntesdesanluis.com\/index.php\/2024\/03\/18\/unsl-intensa-actividad-en-el-centro-universitario-villa-mercedes\/#primaryimage\",\"url\":\"https:\/\/apuntesdesanluis.com\/wp-content\/uploads\/2024\/03\/MEMORIA.png\",\"contentUrl\":\"https:\/\/apuntesdesanluis.com\/wp-content\/uploads\/2024\/03\/MEMORIA.png\",\"width\":1024,\"height\":564},{\"@type\":\"BreadcrumbList\",\"@id\":\"https:\/\/apuntesdesanluis.com\/index.php\/2024\/03\/18\/unsl-intensa-actividad-en-el-centro-universitario-villa-mercedes\/#breadcrumb\",\"itemListElement\":[{\"@type\":\"ListItem\",\"position\":1,\"name\":\"Inicio\",\"item\":\"https:\/\/apuntesdesanluis.com\/\"},{\"@type\":\"ListItem\",\"position\":2,\"name\":\"UNSL: INTENSA ACTIVIDAD EN EL CENTRO UNIVERSITARIO VILLA MERCEDES\"}]},{\"@type\":\"WebSite\",\"@id\":\"https:\/\/apuntesdesanluis.com\/#website\",\"url\":\"https:\/\/apuntesdesanluis.com\/\",\"name\":\"Apuntes de San Luis\",\"description\":\"\",\"publisher\":{\"@id\":\"https:\/\/apuntesdesanluis.com\/#\/schema\/person\/b55151d52296fcce64d1a72538a70b90\"},\"potentialAction\":[{\"@type\":\"SearchAction\",\"target\":{\"@type\":\"EntryPoint\",\"urlTemplate\":\"https:\/\/apuntesdesanluis.com\/?s={search_term_string}\"},\"query-input\":{\"@type\":\"PropertyValueSpecification\",\"valueRequired\":true,\"valueName\":\"search_term_string\"}}],\"inLanguage\":\"es-AR\"},{\"@type\":[\"Person\",\"Organization\"],\"@id\":\"https:\/\/apuntesdesanluis.com\/#\/schema\/person\/b55151d52296fcce64d1a72538a70b90\",\"name\":\"apuntesdesanluis.com\",\"image\":{\"@type\":\"ImageObject\",\"inLanguage\":\"es-AR\",\"@id\":\"https:\/\/apuntesdesanluis.com\/#\/schema\/person\/image\/\",\"url\":\"https:\/\/apuntesdesanluis.com\/wp-content\/uploads\/2023\/07\/cropped-apuntesdesanluis.png\",\"contentUrl\":\"https:\/\/apuntesdesanluis.com\/wp-content\/uploads\/2023\/07\/cropped-apuntesdesanluis.png\",\"width\":450,\"height\":112,\"caption\":\"apuntesdesanluis.com\"},\"logo\":{\"@id\":\"https:\/\/apuntesdesanluis.com\/#\/schema\/person\/image\/\"},\"sameAs\":[\"https:\/\/apuntesdesanluis.com\"],\"url\":\"https:\/\/apuntesdesanluis.com\/index.php\/author\/apuntesdesanluis-com\/\"}]}<\/script>\n<!-- \/ Yoast SEO plugin. -->","yoast_head_json":{"title":"UNSL: INTENSA ACTIVIDAD EN EL CENTRO UNIVERSITARIO VILLA MERCEDES - Apuntes de San Luis","robots":{"index":"index","follow":"follow","max-snippet":"max-snippet:-1","max-image-preview":"max-image-preview:large","max-video-preview":"max-video-preview:-1"},"canonical":"https:\/\/apuntesdesanluis.com\/index.php\/2024\/03\/18\/unsl-intensa-actividad-en-el-centro-universitario-villa-mercedes\/","og_locale":"es_ES","og_type":"article","og_title":"UNSL: INTENSA ACTIVIDAD EN EL CENTRO UNIVERSITARIO VILLA MERCEDES - Apuntes de San Luis","og_description":"Este lunes 18 de marzo el Centro Universitario Villa Mercedes comenz\u00f3 con las primeras actividades...","og_url":"https:\/\/apuntesdesanluis.com\/index.php\/2024\/03\/18\/unsl-intensa-actividad-en-el-centro-universitario-villa-mercedes\/","og_site_name":"Apuntes de San Luis","article_published_time":"2024-03-18T23:36:40+00:00","og_image":[{"width":1024,"height":564,"url":"https:\/\/apuntesdesanluis.com\/wp-content\/uploads\/2024\/03\/MEMORIA.png","type":"image\/png"}],"author":"apuntesdesanluis.com","twitter_card":"summary_large_image","twitter_misc":{"Escrito por":"apuntesdesanluis.com","Tiempo de lectura":"6 minutos"},"schema":{"@context":"https:\/\/schema.org","@graph":[{"@type":"Article","@id":"https:\/\/apuntesdesanluis.com\/index.php\/2024\/03\/18\/unsl-intensa-actividad-en-el-centro-universitario-villa-mercedes\/#article","isPartOf":{"@id":"https:\/\/apuntesdesanluis.com\/index.php\/2024\/03\/18\/unsl-intensa-actividad-en-el-centro-universitario-villa-mercedes\/"},"author":{"name":"apuntesdesanluis.com","@id":"https:\/\/apuntesdesanluis.com\/#\/schema\/person\/b55151d52296fcce64d1a72538a70b90"},"headline":"UNSL: INTENSA ACTIVIDAD EN EL CENTRO UNIVERSITARIO VILLA MERCEDES","datePublished":"2024-03-18T23:36:40+00:00","mainEntityOfPage":{"@id":"https:\/\/apuntesdesanluis.com\/index.php\/2024\/03\/18\/unsl-intensa-actividad-en-el-centro-universitario-villa-mercedes\/"},"wordCount":1179,"publisher":{"@id":"https:\/\/apuntesdesanluis.com\/#\/schema\/person\/b55151d52296fcce64d1a72538a70b90"},"image":{"@id":"https:\/\/apuntesdesanluis.com\/index.php\/2024\/03\/18\/unsl-intensa-actividad-en-el-centro-universitario-villa-mercedes\/#primaryimage"},"thumbnailUrl":"https:\/\/apuntesdesanluis.com\/wp-content\/uploads\/2024\/03\/MEMORIA.png","articleSection":["Ciudad\/Provincia"],"inLanguage":"es-AR"},{"@type":"WebPage","@id":"https:\/\/apuntesdesanluis.com\/index.php\/2024\/03\/18\/unsl-intensa-actividad-en-el-centro-universitario-villa-mercedes\/","url":"https:\/\/apuntesdesanluis.com\/index.php\/2024\/03\/18\/unsl-intensa-actividad-en-el-centro-universitario-villa-mercedes\/","name":"UNSL: INTENSA ACTIVIDAD EN EL CENTRO UNIVERSITARIO VILLA MERCEDES - Apuntes de San Luis","isPartOf":{"@id":"https:\/\/apuntesdesanluis.com\/#website"},"primaryImageOfPage":{"@id":"https:\/\/apuntesdesanluis.com\/index.php\/2024\/03\/18\/unsl-intensa-actividad-en-el-centro-universitario-villa-mercedes\/#primaryimage"},"image":{"@id":"https:\/\/apuntesdesanluis.com\/index.php\/2024\/03\/18\/unsl-intensa-actividad-en-el-centro-universitario-villa-mercedes\/#primaryimage"},"thumbnailUrl":"https:\/\/apuntesdesanluis.com\/wp-content\/uploads\/2024\/03\/MEMORIA.png","datePublished":"2024-03-18T23:36:40+00:00","breadcrumb":{"@id":"https:\/\/apuntesdesanluis.com\/index.php\/2024\/03\/18\/unsl-intensa-actividad-en-el-centro-universitario-villa-mercedes\/#breadcrumb"},"inLanguage":"es-AR","potentialAction":[{"@type":"ReadAction","target":["https:\/\/apuntesdesanluis.com\/index.php\/2024\/03\/18\/unsl-intensa-actividad-en-el-centro-universitario-villa-mercedes\/"]}]},{"@type":"ImageObject","inLanguage":"es-AR","@id":"https:\/\/apuntesdesanluis.com\/index.php\/2024\/03\/18\/unsl-intensa-actividad-en-el-centro-universitario-villa-mercedes\/#primaryimage","url":"https:\/\/apuntesdesanluis.com\/wp-content\/uploads\/2024\/03\/MEMORIA.png","contentUrl":"https:\/\/apuntesdesanluis.com\/wp-content\/uploads\/2024\/03\/MEMORIA.png","width":1024,"height":564},{"@type":"BreadcrumbList","@id":"https:\/\/apuntesdesanluis.com\/index.php\/2024\/03\/18\/unsl-intensa-actividad-en-el-centro-universitario-villa-mercedes\/#breadcrumb","itemListElement":[{"@type":"ListItem","position":1,"name":"Inicio","item":"https:\/\/apuntesdesanluis.com\/"},{"@type":"ListItem","position":2,"name":"UNSL: INTENSA ACTIVIDAD EN EL CENTRO UNIVERSITARIO VILLA MERCEDES"}]},{"@type":"WebSite","@id":"https:\/\/apuntesdesanluis.com\/#website","url":"https:\/\/apuntesdesanluis.com\/","name":"Apuntes de San Luis","description":"","publisher":{"@id":"https:\/\/apuntesdesanluis.com\/#\/schema\/person\/b55151d52296fcce64d1a72538a70b90"},"potentialAction":[{"@type":"SearchAction","target":{"@type":"EntryPoint","urlTemplate":"https:\/\/apuntesdesanluis.com\/?s={search_term_string}"},"query-input":{"@type":"PropertyValueSpecification","valueRequired":true,"valueName":"search_term_string"}}],"inLanguage":"es-AR"},{"@type":["Person","Organization"],"@id":"https:\/\/apuntesdesanluis.com\/#\/schema\/person\/b55151d52296fcce64d1a72538a70b90","name":"apuntesdesanluis.com","image":{"@type":"ImageObject","inLanguage":"es-AR","@id":"https:\/\/apuntesdesanluis.com\/#\/schema\/person\/image\/","url":"https:\/\/apuntesdesanluis.com\/wp-content\/uploads\/2023\/07\/cropped-apuntesdesanluis.png","contentUrl":"https:\/\/apuntesdesanluis.com\/wp-content\/uploads\/2023\/07\/cropped-apuntesdesanluis.png","width":450,"height":112,"caption":"apuntesdesanluis.com"},"logo":{"@id":"https:\/\/apuntesdesanluis.com\/#\/schema\/person\/image\/"},"sameAs":["https:\/\/apuntesdesanluis.com"],"url":"https:\/\/apuntesdesanluis.com\/index.php\/author\/apuntesdesanluis-com\/"}]}},"featured_image_urls":{"full":["https:\/\/apuntesdesanluis.com\/wp-content\/uploads\/2024\/03\/MEMORIA.png",1024,564,false],"thumbnail":["https:\/\/apuntesdesanluis.com\/wp-content\/uploads\/2024\/03\/MEMORIA-150x150.png",150,150,true],"medium":["https:\/\/apuntesdesanluis.com\/wp-content\/uploads\/2024\/03\/MEMORIA-300x165.png",300,165,true],"medium_large":["https:\/\/apuntesdesanluis.com\/wp-content\/uploads\/2024\/03\/MEMORIA-768x423.png",640,353,true],"large":["https:\/\/apuntesdesanluis.com\/wp-content\/uploads\/2024\/03\/MEMORIA.png",640,353,false],"1536x1536":["https:\/\/apuntesdesanluis.com\/wp-content\/uploads\/2024\/03\/MEMORIA.png",1024,564,false],"2048x2048":["https:\/\/apuntesdesanluis.com\/wp-content\/uploads\/2024\/03\/MEMORIA.png",1024,564,false],"newsever-slider-full":["https:\/\/apuntesdesanluis.com\/wp-content\/uploads\/2024\/03\/MEMORIA.png",1024,564,false],"newsever-featured":["https:\/\/apuntesdesanluis.com\/wp-content\/uploads\/2024\/03\/MEMORIA.png",1024,564,false],"newsever-medium":["https:\/\/apuntesdesanluis.com\/wp-content\/uploads\/2024\/03\/MEMORIA-720x475.png",720,475,true]},"author_info":{"display_name":"apuntesdesanluis.com","author_link":"https:\/\/apuntesdesanluis.com\/index.php\/author\/apuntesdesanluis-com\/"},"category_info":"<a href=\"https:\/\/apuntesdesanluis.com\/index.php\/category\/ciudad-provincia\/\" rel=\"category tag\">Ciudad\/Provincia<\/a>","tag_info":"Ciudad\/Provincia","comment_count":"0","_links":{"self":[{"href":"https:\/\/apuntesdesanluis.com\/index.php\/wp-json\/wp\/v2\/posts\/13352","targetHints":{"allow":["GET"]}}],"collection":[{"href":"https:\/\/apuntesdesanluis.com\/index.php\/wp-json\/wp\/v2\/posts"}],"about":[{"href":"https:\/\/apuntesdesanluis.com\/index.php\/wp-json\/wp\/v2\/types\/post"}],"author":[{"embeddable":true,"href":"https:\/\/apuntesdesanluis.com\/index.php\/wp-json\/wp\/v2\/users\/1"}],"replies":[{"embeddable":true,"href":"https:\/\/apuntesdesanluis.com\/index.php\/wp-json\/wp\/v2\/comments?post=13352"}],"version-history":[{"count":2,"href":"https:\/\/apuntesdesanluis.com\/index.php\/wp-json\/wp\/v2\/posts\/13352\/revisions"}],"predecessor-version":[{"id":13359,"href":"https:\/\/apuntesdesanluis.com\/index.php\/wp-json\/wp\/v2\/posts\/13352\/revisions\/13359"}],"wp:featuredmedia":[{"embeddable":true,"href":"https:\/\/apuntesdesanluis.com\/index.php\/wp-json\/wp\/v2\/media\/13354"}],"wp:attachment":[{"href":"https:\/\/apuntesdesanluis.com\/index.php\/wp-json\/wp\/v2\/media?parent=13352"}],"wp:term":[{"taxonomy":"category","embeddable":true,"href":"https:\/\/apuntesdesanluis.com\/index.php\/wp-json\/wp\/v2\/categories?post=13352"},{"taxonomy":"post_tag","embeddable":true,"href":"https:\/\/apuntesdesanluis.com\/index.php\/wp-json\/wp\/v2\/tags?post=13352"}],"curies":[{"name":"wp","href":"https:\/\/api.w.org\/{rel}","templated":true}]}}