{"id":13367,"date":"2024-03-18T21:10:57","date_gmt":"2024-03-19T00:10:57","guid":{"rendered":"https:\/\/apuntesdesanluis.com\/?p=13367"},"modified":"2024-03-18T21:10:57","modified_gmt":"2024-03-19T00:10:57","slug":"el-gobierno-denuncio-a-emilio-persico-acusado-de-facilitar-473-millones-a-dos-cooperativas-que-integraba","status":"publish","type":"post","link":"https:\/\/apuntesdesanluis.com\/index.php\/2024\/03\/18\/el-gobierno-denuncio-a-emilio-persico-acusado-de-facilitar-473-millones-a-dos-cooperativas-que-integraba\/","title":{"rendered":"EL GOBIERNO DENUNCI\u00d3 A EMILIO P\u00c9RSICO, ACUSADO DE &#8220;FACILITAR&#8221; $473 MILLONES A DOS COOPERATIVAS QUE INTEGRABA"},"content":{"rendered":"<h3>El Gobierno denunci\u00f3 este lunes al l\u00edder del <strong>Movimiento Evita<\/strong>, <strong>Emilio P\u00e9rsico<\/strong>, por \u201cfacilitar\u201d el env\u00edo de $473 millones a dos cooperativas de las que \u00e9l mismo hab\u00eda formado parte mientras se desempe\u00f1aba como secretario de Econom\u00eda Social del ex Ministerio de Desarrollo de la Naci\u00f3n, durante la gesti\u00f3n de Alberto Fern\u00e1ndez.<\/h3>\n<h3>La denuncia penal ante la justicia federal fue realizada por el Ministerio de Capital Humano, que conduce <strong>Sandra Pettovello<\/strong>, por medio de la Subsecretar\u00eda Legal y la Secretar\u00eda Nacional de Ni\u00f1ez, Adolescencia y Familia encabezada por <strong>Pablo de La Torre<\/strong>. P\u00e9rsico fue acusado por los delitos de fraude a la administraci\u00f3n p\u00fablica, abuso de autoridad y violaci\u00f3n de los deberes de funcionario p\u00fablico.<\/h3>\n<h3>En ese sentido, el \u00e1rea de Capital Humano se\u00f1al\u00f3 que la Secretar\u00eda de Econom\u00eda Social que \u00e9l conduc\u00eda ejerc\u00eda la supervisi\u00f3n y control de las actividades en el marco del programa Potenciar Trabajo y autorizaba los giros de dinero en concepto de subsidios y\/o cr\u00e9ditos ministeriales a las unidades de gesti\u00f3n para la realizaci\u00f3n de proyectos socio-productivos, socio-laborales y socio-comunitarios.<\/h3>\n<h3>&#8220;Es decir, que dichas unidades de gesti\u00f3n, a fin de poder continuar con el cumplimiento \u2013y por ende con posteriores desembolsos- requer\u00edan un informe t\u00e9cnico favorable por parte de la unidad ejecutora, dentro de la \u00f3rbita de la Secretar\u00eda de Econom\u00eda Social a cargo del Sr. P\u00e9rsico&#8221;, se precis\u00f3.<\/h3>\n<h3>Seg\u00fan la denuncia, Emilio P\u00e9rsico fue presidente de la Federaci\u00f3n de Cooperativas de Trabajo \u201cEvita\u201d LTDA y socio de la cooperativa La Patriada.<\/h3>\n<h3>De esa manera, entre 2020 y 2023, esa Secretar\u00eda autoriz\u00f3 giros por un total de $473 millones a la Federaci\u00f3n de Cooperativas de Trabajo \u201cEvita\u201d LTDA y a la cooperativa La Patriada para diversas actividades en el Potenciar Trabajo a trav\u00e9s de la firma de diversos convenios. Al respecto, se remarc\u00f3 que el hecho de que los fondos que salieron de las arcas del Estado fueran destinados a ambas cooperativas representa un \u201cda\u00f1o patrimonial concreto y\/o real respecto del patrimonio de la administraci\u00f3n p\u00fablica\u201d.<\/h3>\n<h3>Seg\u00fan radica en la denuncia, P\u00e9rsico fue presidente de la primera hasta 2019, lo cual fue confirmado por el acta de la asamblea ordinaria del 12 de abril de 2019, y socio de la segunda. Sin embargo, la Ley 25.188 de \u00e9tica en el ejercicio de la funci\u00f3n p\u00fablica le imped\u00eda intervenir en tr\u00e1mites hasta tres a\u00f1os despu\u00e9s de su renuncia.<\/h3>\n<h3>&#8220;Por lo expuesto, se indica que los fondos del Estado, controlados por el Sr. P\u00e9rsico, eran dirigidos a organizaciones de las cuales form\u00f3 \u2013forma- parte y estaba estrechamente vinculado. Ese era el rol de P\u00e9rsico en toda esta maniobra: provocar el pago de los subsidios estatales a las organizaciones de su inter\u00e9s. Su accionar no s\u00f3lo import\u00f3 una violaci\u00f3n a la \u00e9tica de los funcionarios p\u00fablicos, sino tambi\u00e9n la comisi\u00f3n de delitos penales que deber\u00e1n ser debidamente investigados&#8221;, expresaron desde la cartera de Capital Humano.<\/h3>\n<h3>LA OFICINA ANTICORRUPCI\u00d3N HAB\u00cdA CONDENADO A P\u00c9RSICO<\/h3>\n<h3>La denuncia del Ministerio se dio luego de que la cartera tomara conocimiento de una condena firme existente en la Oficina Anticorrupci\u00f3n (OA) contra P\u00e9rsico que data de diciembre de 2023, seg\u00fan explicaron desde Capital Humano. A ra\u00edz de ese descubrimiento, se realizaron distintas investigaciones y auditor\u00edas tanto en el Instituto Nacional de Asociativismo y Econom\u00eda Social (INAES) como en distintos organismos estatales, todas &#8220;en el marco de la pol\u00edtica anti-corrupci\u00f3n&#8221; del gobierno de Javier Milei.<\/h3>\n<h3>La OA hab\u00eda condenado al piquetero por intervenir como \u201cjuez y parte\u201d en distintos expedientes administrativos durante su gesti\u00f3n al frente de la Secretar\u00eda de Econom\u00eda Social. En ese sentido, &#8220;aprovechaba su cargo para interceder a favor de la Federaci\u00f3n Evita y la Cooperativa la Patriada para concederles a dichas entidades importantes subsidios econ\u00f3micos provenientes de las arcas del Estado&#8221;, indicaron desde Capital Humano.<\/h3>\n<h3>El organismo estableci\u00f3 que P\u00e9rsico \u201cinfringi\u00f3 el deber de abstenci\u00f3n establecido en el art\u00edculo 15 inciso b) de la Ley 25.188. Ello por su intervenci\u00f3n en expedientes particularmente relacionados con la COOPERATIVA DE TRABAJO LA PATRIADA LTDA. y la FEDERACI\u00d3N DE COOPERATIVAS DE TRABAJO EVITA LTDA., respecto de las cuales deb\u00eda excusarse de intervenir en virtud de su calidad de socio de la primera y, respecto de la segunda, en virtud de haber sido directivo sin que transcurrieran TRES (3) a\u00f1os desde su renuncia a tales funciones\u201d.<\/h3>\n<h3>\u201cCuando asum\u00ed hab\u00eda un expediente de la Federaci\u00f3n de Cooperativas de Trabajo Evita LTDA. Yo comet\u00ed el error de renovarle el convenio, no sab\u00eda que no pod\u00eda. Despu\u00e9s de darme cuenta, fui directamente a la Oficina Anticorrupci\u00f3n. Fui y acept\u00e9 mi error, y pregunt\u00e9 c\u00f3mo lo pod\u00eda corregir. Me dijeron que deb\u00eda abstenerme de intervenir de ah\u00ed en m\u00e1s y eso hice. Yo firm\u00e9 el convenio marco. Los desembolsos los firm\u00f3 otro secretario\u201d, se\u00f1al\u00f3 P\u00e9rsico.<\/h3>\n<p>&nbsp;<\/p>\n<p>&nbsp;<\/p>\n<p>&nbsp;<\/p>\n<p>&nbsp;<\/p>\n<p>&nbsp;<\/p>\n<p>&nbsp;<\/p>\n","protected":false},"excerpt":{"rendered":"<p>El Gobierno denunci\u00f3 este lunes al l\u00edder del Movimiento Evita, Emilio P\u00e9rsico, por \u201cfacilitar\u201d el&#8230;<\/p>\n","protected":false},"author":1,"featured_media":13368,"comment_status":"closed","ping_status":"closed","sticky":false,"template":"","format":"standard","meta":{"footnotes":""},"categories":[5],"tags":[],"class_list":["post-13367","post","type-post","status-publish","format-standard","has-post-thumbnail","hentry","category-nacionales-internacionales"],"yoast_head":"<!-- This site is optimized with the Yoast SEO plugin v26.1.1 - https:\/\/yoast.com\/wordpress\/plugins\/seo\/ -->\n<title>EL GOBIERNO DENUNCI\u00d3 A EMILIO P\u00c9RSICO, ACUSADO DE &quot;FACILITAR&quot; $473 MILLONES A DOS COOPERATIVAS QUE INTEGRABA - Apuntes de San Luis<\/title>\n<meta name=\"robots\" content=\"index, follow, max-snippet:-1, max-image-preview:large, max-video-preview:-1\" \/>\n<link rel=\"canonical\" href=\"https:\/\/apuntesdesanluis.com\/index.php\/2024\/03\/18\/el-gobierno-denuncio-a-emilio-persico-acusado-de-facilitar-473-millones-a-dos-cooperativas-que-integraba\/\" \/>\n<meta property=\"og:locale\" content=\"es_ES\" \/>\n<meta property=\"og:type\" content=\"article\" \/>\n<meta property=\"og:title\" content=\"EL GOBIERNO DENUNCI\u00d3 A EMILIO P\u00c9RSICO, ACUSADO DE &quot;FACILITAR&quot; $473 MILLONES A DOS COOPERATIVAS QUE INTEGRABA - Apuntes de San Luis\" \/>\n<meta property=\"og:description\" content=\"El Gobierno denunci\u00f3 este lunes al l\u00edder del Movimiento Evita, Emilio P\u00e9rsico, por \u201cfacilitar\u201d el...\" \/>\n<meta property=\"og:url\" content=\"https:\/\/apuntesdesanluis.com\/index.php\/2024\/03\/18\/el-gobierno-denuncio-a-emilio-persico-acusado-de-facilitar-473-millones-a-dos-cooperativas-que-integraba\/\" \/>\n<meta property=\"og:site_name\" content=\"Apuntes de San Luis\" \/>\n<meta property=\"article:published_time\" content=\"2024-03-19T00:10:57+00:00\" \/>\n<meta property=\"og:image\" content=\"https:\/\/apuntesdesanluis.com\/wp-content\/uploads\/2024\/03\/EMILIO-PERSICO.png\" \/>\n\t<meta property=\"og:image:width\" content=\"725\" \/>\n\t<meta property=\"og:image:height\" content=\"437\" \/>\n\t<meta property=\"og:image:type\" content=\"image\/png\" \/>\n<meta name=\"author\" content=\"apuntesdesanluis.com\" \/>\n<meta name=\"twitter:card\" content=\"summary_large_image\" \/>\n<meta name=\"twitter:label1\" content=\"Escrito por\" \/>\n\t<meta name=\"twitter:data1\" content=\"apuntesdesanluis.com\" \/>\n\t<meta name=\"twitter:label2\" content=\"Tiempo de lectura\" \/>\n\t<meta name=\"twitter:data2\" content=\"4 minutos\" \/>\n<script type=\"application\/ld+json\" class=\"yoast-schema-graph\">{\"@context\":\"https:\/\/schema.org\",\"@graph\":[{\"@type\":\"Article\",\"@id\":\"https:\/\/apuntesdesanluis.com\/index.php\/2024\/03\/18\/el-gobierno-denuncio-a-emilio-persico-acusado-de-facilitar-473-millones-a-dos-cooperativas-que-integraba\/#article\",\"isPartOf\":{\"@id\":\"https:\/\/apuntesdesanluis.com\/index.php\/2024\/03\/18\/el-gobierno-denuncio-a-emilio-persico-acusado-de-facilitar-473-millones-a-dos-cooperativas-que-integraba\/\"},\"author\":{\"name\":\"apuntesdesanluis.com\",\"@id\":\"https:\/\/apuntesdesanluis.com\/#\/schema\/person\/b55151d52296fcce64d1a72538a70b90\"},\"headline\":\"EL GOBIERNO DENUNCI\u00d3 A EMILIO P\u00c9RSICO, ACUSADO DE &#8220;FACILITAR&#8221; $473 MILLONES A DOS COOPERATIVAS QUE INTEGRABA\",\"datePublished\":\"2024-03-19T00:10:57+00:00\",\"mainEntityOfPage\":{\"@id\":\"https:\/\/apuntesdesanluis.com\/index.php\/2024\/03\/18\/el-gobierno-denuncio-a-emilio-persico-acusado-de-facilitar-473-millones-a-dos-cooperativas-que-integraba\/\"},\"wordCount\":892,\"publisher\":{\"@id\":\"https:\/\/apuntesdesanluis.com\/#\/schema\/person\/b55151d52296fcce64d1a72538a70b90\"},\"image\":{\"@id\":\"https:\/\/apuntesdesanluis.com\/index.php\/2024\/03\/18\/el-gobierno-denuncio-a-emilio-persico-acusado-de-facilitar-473-millones-a-dos-cooperativas-que-integraba\/#primaryimage\"},\"thumbnailUrl\":\"https:\/\/apuntesdesanluis.com\/wp-content\/uploads\/2024\/03\/EMILIO-PERSICO.png\",\"articleSection\":[\"Nacionales\/Internacionales\"],\"inLanguage\":\"es-AR\"},{\"@type\":\"WebPage\",\"@id\":\"https:\/\/apuntesdesanluis.com\/index.php\/2024\/03\/18\/el-gobierno-denuncio-a-emilio-persico-acusado-de-facilitar-473-millones-a-dos-cooperativas-que-integraba\/\",\"url\":\"https:\/\/apuntesdesanluis.com\/index.php\/2024\/03\/18\/el-gobierno-denuncio-a-emilio-persico-acusado-de-facilitar-473-millones-a-dos-cooperativas-que-integraba\/\",\"name\":\"EL GOBIERNO DENUNCI\u00d3 A EMILIO P\u00c9RSICO, ACUSADO DE \\\"FACILITAR\\\" $473 MILLONES A DOS COOPERATIVAS QUE INTEGRABA - Apuntes de San Luis\",\"isPartOf\":{\"@id\":\"https:\/\/apuntesdesanluis.com\/#website\"},\"primaryImageOfPage\":{\"@id\":\"https:\/\/apuntesdesanluis.com\/index.php\/2024\/03\/18\/el-gobierno-denuncio-a-emilio-persico-acusado-de-facilitar-473-millones-a-dos-cooperativas-que-integraba\/#primaryimage\"},\"image\":{\"@id\":\"https:\/\/apuntesdesanluis.com\/index.php\/2024\/03\/18\/el-gobierno-denuncio-a-emilio-persico-acusado-de-facilitar-473-millones-a-dos-cooperativas-que-integraba\/#primaryimage\"},\"thumbnailUrl\":\"https:\/\/apuntesdesanluis.com\/wp-content\/uploads\/2024\/03\/EMILIO-PERSICO.png\",\"datePublished\":\"2024-03-19T00:10:57+00:00\",\"breadcrumb\":{\"@id\":\"https:\/\/apuntesdesanluis.com\/index.php\/2024\/03\/18\/el-gobierno-denuncio-a-emilio-persico-acusado-de-facilitar-473-millones-a-dos-cooperativas-que-integraba\/#breadcrumb\"},\"inLanguage\":\"es-AR\",\"potentialAction\":[{\"@type\":\"ReadAction\",\"target\":[\"https:\/\/apuntesdesanluis.com\/index.php\/2024\/03\/18\/el-gobierno-denuncio-a-emilio-persico-acusado-de-facilitar-473-millones-a-dos-cooperativas-que-integraba\/\"]}]},{\"@type\":\"ImageObject\",\"inLanguage\":\"es-AR\",\"@id\":\"https:\/\/apuntesdesanluis.com\/index.php\/2024\/03\/18\/el-gobierno-denuncio-a-emilio-persico-acusado-de-facilitar-473-millones-a-dos-cooperativas-que-integraba\/#primaryimage\",\"url\":\"https:\/\/apuntesdesanluis.com\/wp-content\/uploads\/2024\/03\/EMILIO-PERSICO.png\",\"contentUrl\":\"https:\/\/apuntesdesanluis.com\/wp-content\/uploads\/2024\/03\/EMILIO-PERSICO.png\",\"width\":725,\"height\":437},{\"@type\":\"BreadcrumbList\",\"@id\":\"https:\/\/apuntesdesanluis.com\/index.php\/2024\/03\/18\/el-gobierno-denuncio-a-emilio-persico-acusado-de-facilitar-473-millones-a-dos-cooperativas-que-integraba\/#breadcrumb\",\"itemListElement\":[{\"@type\":\"ListItem\",\"position\":1,\"name\":\"Inicio\",\"item\":\"https:\/\/apuntesdesanluis.com\/\"},{\"@type\":\"ListItem\",\"position\":2,\"name\":\"EL GOBIERNO DENUNCI\u00d3 A EMILIO P\u00c9RSICO, ACUSADO DE &#8220;FACILITAR&#8221; $473 MILLONES A DOS COOPERATIVAS QUE INTEGRABA\"}]},{\"@type\":\"WebSite\",\"@id\":\"https:\/\/apuntesdesanluis.com\/#website\",\"url\":\"https:\/\/apuntesdesanluis.com\/\",\"name\":\"Apuntes de San Luis\",\"description\":\"\",\"publisher\":{\"@id\":\"https:\/\/apuntesdesanluis.com\/#\/schema\/person\/b55151d52296fcce64d1a72538a70b90\"},\"potentialAction\":[{\"@type\":\"SearchAction\",\"target\":{\"@type\":\"EntryPoint\",\"urlTemplate\":\"https:\/\/apuntesdesanluis.com\/?s={search_term_string}\"},\"query-input\":{\"@type\":\"PropertyValueSpecification\",\"valueRequired\":true,\"valueName\":\"search_term_string\"}}],\"inLanguage\":\"es-AR\"},{\"@type\":[\"Person\",\"Organization\"],\"@id\":\"https:\/\/apuntesdesanluis.com\/#\/schema\/person\/b55151d52296fcce64d1a72538a70b90\",\"name\":\"apuntesdesanluis.com\",\"image\":{\"@type\":\"ImageObject\",\"inLanguage\":\"es-AR\",\"@id\":\"https:\/\/apuntesdesanluis.com\/#\/schema\/person\/image\/\",\"url\":\"https:\/\/apuntesdesanluis.com\/wp-content\/uploads\/2023\/07\/cropped-apuntesdesanluis.png\",\"contentUrl\":\"https:\/\/apuntesdesanluis.com\/wp-content\/uploads\/2023\/07\/cropped-apuntesdesanluis.png\",\"width\":450,\"height\":112,\"caption\":\"apuntesdesanluis.com\"},\"logo\":{\"@id\":\"https:\/\/apuntesdesanluis.com\/#\/schema\/person\/image\/\"},\"sameAs\":[\"https:\/\/apuntesdesanluis.com\"],\"url\":\"https:\/\/apuntesdesanluis.com\/index.php\/author\/apuntesdesanluis-com\/\"}]}<\/script>\n<!-- \/ Yoast SEO plugin. -->","yoast_head_json":{"title":"EL GOBIERNO DENUNCI\u00d3 A EMILIO P\u00c9RSICO, ACUSADO DE \"FACILITAR\" $473 MILLONES A DOS COOPERATIVAS QUE INTEGRABA - Apuntes de San Luis","robots":{"index":"index","follow":"follow","max-snippet":"max-snippet:-1","max-image-preview":"max-image-preview:large","max-video-preview":"max-video-preview:-1"},"canonical":"https:\/\/apuntesdesanluis.com\/index.php\/2024\/03\/18\/el-gobierno-denuncio-a-emilio-persico-acusado-de-facilitar-473-millones-a-dos-cooperativas-que-integraba\/","og_locale":"es_ES","og_type":"article","og_title":"EL GOBIERNO DENUNCI\u00d3 A EMILIO P\u00c9RSICO, ACUSADO DE \"FACILITAR\" $473 MILLONES A DOS COOPERATIVAS QUE INTEGRABA - Apuntes de San Luis","og_description":"El Gobierno denunci\u00f3 este lunes al l\u00edder del Movimiento Evita, Emilio P\u00e9rsico, por \u201cfacilitar\u201d el...","og_url":"https:\/\/apuntesdesanluis.com\/index.php\/2024\/03\/18\/el-gobierno-denuncio-a-emilio-persico-acusado-de-facilitar-473-millones-a-dos-cooperativas-que-integraba\/","og_site_name":"Apuntes de San Luis","article_published_time":"2024-03-19T00:10:57+00:00","og_image":[{"width":725,"height":437,"url":"https:\/\/apuntesdesanluis.com\/wp-content\/uploads\/2024\/03\/EMILIO-PERSICO.png","type":"image\/png"}],"author":"apuntesdesanluis.com","twitter_card":"summary_large_image","twitter_misc":{"Escrito por":"apuntesdesanluis.com","Tiempo de lectura":"4 minutos"},"schema":{"@context":"https:\/\/schema.org","@graph":[{"@type":"Article","@id":"https:\/\/apuntesdesanluis.com\/index.php\/2024\/03\/18\/el-gobierno-denuncio-a-emilio-persico-acusado-de-facilitar-473-millones-a-dos-cooperativas-que-integraba\/#article","isPartOf":{"@id":"https:\/\/apuntesdesanluis.com\/index.php\/2024\/03\/18\/el-gobierno-denuncio-a-emilio-persico-acusado-de-facilitar-473-millones-a-dos-cooperativas-que-integraba\/"},"author":{"name":"apuntesdesanluis.com","@id":"https:\/\/apuntesdesanluis.com\/#\/schema\/person\/b55151d52296fcce64d1a72538a70b90"},"headline":"EL GOBIERNO DENUNCI\u00d3 A EMILIO P\u00c9RSICO, ACUSADO DE &#8220;FACILITAR&#8221; $473 MILLONES A DOS COOPERATIVAS QUE INTEGRABA","datePublished":"2024-03-19T00:10:57+00:00","mainEntityOfPage":{"@id":"https:\/\/apuntesdesanluis.com\/index.php\/2024\/03\/18\/el-gobierno-denuncio-a-emilio-persico-acusado-de-facilitar-473-millones-a-dos-cooperativas-que-integraba\/"},"wordCount":892,"publisher":{"@id":"https:\/\/apuntesdesanluis.com\/#\/schema\/person\/b55151d52296fcce64d1a72538a70b90"},"image":{"@id":"https:\/\/apuntesdesanluis.com\/index.php\/2024\/03\/18\/el-gobierno-denuncio-a-emilio-persico-acusado-de-facilitar-473-millones-a-dos-cooperativas-que-integraba\/#primaryimage"},"thumbnailUrl":"https:\/\/apuntesdesanluis.com\/wp-content\/uploads\/2024\/03\/EMILIO-PERSICO.png","articleSection":["Nacionales\/Internacionales"],"inLanguage":"es-AR"},{"@type":"WebPage","@id":"https:\/\/apuntesdesanluis.com\/index.php\/2024\/03\/18\/el-gobierno-denuncio-a-emilio-persico-acusado-de-facilitar-473-millones-a-dos-cooperativas-que-integraba\/","url":"https:\/\/apuntesdesanluis.com\/index.php\/2024\/03\/18\/el-gobierno-denuncio-a-emilio-persico-acusado-de-facilitar-473-millones-a-dos-cooperativas-que-integraba\/","name":"EL GOBIERNO DENUNCI\u00d3 A EMILIO P\u00c9RSICO, ACUSADO DE \"FACILITAR\" $473 MILLONES A DOS COOPERATIVAS QUE INTEGRABA - Apuntes de San Luis","isPartOf":{"@id":"https:\/\/apuntesdesanluis.com\/#website"},"primaryImageOfPage":{"@id":"https:\/\/apuntesdesanluis.com\/index.php\/2024\/03\/18\/el-gobierno-denuncio-a-emilio-persico-acusado-de-facilitar-473-millones-a-dos-cooperativas-que-integraba\/#primaryimage"},"image":{"@id":"https:\/\/apuntesdesanluis.com\/index.php\/2024\/03\/18\/el-gobierno-denuncio-a-emilio-persico-acusado-de-facilitar-473-millones-a-dos-cooperativas-que-integraba\/#primaryimage"},"thumbnailUrl":"https:\/\/apuntesdesanluis.com\/wp-content\/uploads\/2024\/03\/EMILIO-PERSICO.png","datePublished":"2024-03-19T00:10:57+00:00","breadcrumb":{"@id":"https:\/\/apuntesdesanluis.com\/index.php\/2024\/03\/18\/el-gobierno-denuncio-a-emilio-persico-acusado-de-facilitar-473-millones-a-dos-cooperativas-que-integraba\/#breadcrumb"},"inLanguage":"es-AR","potentialAction":[{"@type":"ReadAction","target":["https:\/\/apuntesdesanluis.com\/index.php\/2024\/03\/18\/el-gobierno-denuncio-a-emilio-persico-acusado-de-facilitar-473-millones-a-dos-cooperativas-que-integraba\/"]}]},{"@type":"ImageObject","inLanguage":"es-AR","@id":"https:\/\/apuntesdesanluis.com\/index.php\/2024\/03\/18\/el-gobierno-denuncio-a-emilio-persico-acusado-de-facilitar-473-millones-a-dos-cooperativas-que-integraba\/#primaryimage","url":"https:\/\/apuntesdesanluis.com\/wp-content\/uploads\/2024\/03\/EMILIO-PERSICO.png","contentUrl":"https:\/\/apuntesdesanluis.com\/wp-content\/uploads\/2024\/03\/EMILIO-PERSICO.png","width":725,"height":437},{"@type":"BreadcrumbList","@id":"https:\/\/apuntesdesanluis.com\/index.php\/2024\/03\/18\/el-gobierno-denuncio-a-emilio-persico-acusado-de-facilitar-473-millones-a-dos-cooperativas-que-integraba\/#breadcrumb","itemListElement":[{"@type":"ListItem","position":1,"name":"Inicio","item":"https:\/\/apuntesdesanluis.com\/"},{"@type":"ListItem","position":2,"name":"EL GOBIERNO DENUNCI\u00d3 A EMILIO P\u00c9RSICO, ACUSADO DE &#8220;FACILITAR&#8221; $473 MILLONES A DOS COOPERATIVAS QUE INTEGRABA"}]},{"@type":"WebSite","@id":"https:\/\/apuntesdesanluis.com\/#website","url":"https:\/\/apuntesdesanluis.com\/","name":"Apuntes de San Luis","description":"","publisher":{"@id":"https:\/\/apuntesdesanluis.com\/#\/schema\/person\/b55151d52296fcce64d1a72538a70b90"},"potentialAction":[{"@type":"SearchAction","target":{"@type":"EntryPoint","urlTemplate":"https:\/\/apuntesdesanluis.com\/?s={search_term_string}"},"query-input":{"@type":"PropertyValueSpecification","valueRequired":true,"valueName":"search_term_string"}}],"inLanguage":"es-AR"},{"@type":["Person","Organization"],"@id":"https:\/\/apuntesdesanluis.com\/#\/schema\/person\/b55151d52296fcce64d1a72538a70b90","name":"apuntesdesanluis.com","image":{"@type":"ImageObject","inLanguage":"es-AR","@id":"https:\/\/apuntesdesanluis.com\/#\/schema\/person\/image\/","url":"https:\/\/apuntesdesanluis.com\/wp-content\/uploads\/2023\/07\/cropped-apuntesdesanluis.png","contentUrl":"https:\/\/apuntesdesanluis.com\/wp-content\/uploads\/2023\/07\/cropped-apuntesdesanluis.png","width":450,"height":112,"caption":"apuntesdesanluis.com"},"logo":{"@id":"https:\/\/apuntesdesanluis.com\/#\/schema\/person\/image\/"},"sameAs":["https:\/\/apuntesdesanluis.com"],"url":"https:\/\/apuntesdesanluis.com\/index.php\/author\/apuntesdesanluis-com\/"}]}},"featured_image_urls":{"full":["https:\/\/apuntesdesanluis.com\/wp-content\/uploads\/2024\/03\/EMILIO-PERSICO.png",725,437,false],"thumbnail":["https:\/\/apuntesdesanluis.com\/wp-content\/uploads\/2024\/03\/EMILIO-PERSICO-150x150.png",150,150,true],"medium":["https:\/\/apuntesdesanluis.com\/wp-content\/uploads\/2024\/03\/EMILIO-PERSICO-300x181.png",300,181,true],"medium_large":["https:\/\/apuntesdesanluis.com\/wp-content\/uploads\/2024\/03\/EMILIO-PERSICO.png",640,386,false],"large":["https:\/\/apuntesdesanluis.com\/wp-content\/uploads\/2024\/03\/EMILIO-PERSICO.png",640,386,false],"1536x1536":["https:\/\/apuntesdesanluis.com\/wp-content\/uploads\/2024\/03\/EMILIO-PERSICO.png",725,437,false],"2048x2048":["https:\/\/apuntesdesanluis.com\/wp-content\/uploads\/2024\/03\/EMILIO-PERSICO.png",725,437,false],"newsever-slider-full":["https:\/\/apuntesdesanluis.com\/wp-content\/uploads\/2024\/03\/EMILIO-PERSICO.png",725,437,false],"newsever-featured":["https:\/\/apuntesdesanluis.com\/wp-content\/uploads\/2024\/03\/EMILIO-PERSICO.png",725,437,false],"newsever-medium":["https:\/\/apuntesdesanluis.com\/wp-content\/uploads\/2024\/03\/EMILIO-PERSICO-720x437.png",720,437,true]},"author_info":{"display_name":"apuntesdesanluis.com","author_link":"https:\/\/apuntesdesanluis.com\/index.php\/author\/apuntesdesanluis-com\/"},"category_info":"<a href=\"https:\/\/apuntesdesanluis.com\/index.php\/category\/nacionales-internacionales\/\" rel=\"category tag\">Nacionales\/Internacionales<\/a>","tag_info":"Nacionales\/Internacionales","comment_count":"0","_links":{"self":[{"href":"https:\/\/apuntesdesanluis.com\/index.php\/wp-json\/wp\/v2\/posts\/13367","targetHints":{"allow":["GET"]}}],"collection":[{"href":"https:\/\/apuntesdesanluis.com\/index.php\/wp-json\/wp\/v2\/posts"}],"about":[{"href":"https:\/\/apuntesdesanluis.com\/index.php\/wp-json\/wp\/v2\/types\/post"}],"author":[{"embeddable":true,"href":"https:\/\/apuntesdesanluis.com\/index.php\/wp-json\/wp\/v2\/users\/1"}],"replies":[{"embeddable":true,"href":"https:\/\/apuntesdesanluis.com\/index.php\/wp-json\/wp\/v2\/comments?post=13367"}],"version-history":[{"count":1,"href":"https:\/\/apuntesdesanluis.com\/index.php\/wp-json\/wp\/v2\/posts\/13367\/revisions"}],"predecessor-version":[{"id":13369,"href":"https:\/\/apuntesdesanluis.com\/index.php\/wp-json\/wp\/v2\/posts\/13367\/revisions\/13369"}],"wp:featuredmedia":[{"embeddable":true,"href":"https:\/\/apuntesdesanluis.com\/index.php\/wp-json\/wp\/v2\/media\/13368"}],"wp:attachment":[{"href":"https:\/\/apuntesdesanluis.com\/index.php\/wp-json\/wp\/v2\/media?parent=13367"}],"wp:term":[{"taxonomy":"category","embeddable":true,"href":"https:\/\/apuntesdesanluis.com\/index.php\/wp-json\/wp\/v2\/categories?post=13367"},{"taxonomy":"post_tag","embeddable":true,"href":"https:\/\/apuntesdesanluis.com\/index.php\/wp-json\/wp\/v2\/tags?post=13367"}],"curies":[{"name":"wp","href":"https:\/\/api.w.org\/{rel}","templated":true}]}}