{"id":13372,"date":"2024-03-18T21:32:33","date_gmt":"2024-03-19T00:32:33","guid":{"rendered":"https:\/\/apuntesdesanluis.com\/?p=13372"},"modified":"2024-03-18T21:32:33","modified_gmt":"2024-03-19T00:32:33","slug":"el-juicio-por-la-muerte-de-maradona-empezara-el-4-de-junio-habra-ocho-acusados-y-casi-300-testigos","status":"publish","type":"post","link":"https:\/\/apuntesdesanluis.com\/index.php\/2024\/03\/18\/el-juicio-por-la-muerte-de-maradona-empezara-el-4-de-junio-habra-ocho-acusados-y-casi-300-testigos\/","title":{"rendered":"EL JUICIO POR LA MUERTE DE MARADONA EMPEZAR\u00c1 EL 4 DE JUNIO: HABR\u00c1 OCHO ACUSADOS Y CASI 300 TESTIGOS"},"content":{"rendered":"<h3>El juicio por la muerte del ex astro del f\u00fatbol <strong>Diego Maradona<\/strong> se iniciar\u00e1 el 4 de junio con ocho acusados por &#8220;homicidio simple por dolo eventual&#8221;, los cuales podr\u00edan recibir una pena de hasta 25 a\u00f1os de prisi\u00f3n.<\/h3>\n<h3>Fuentes judiciales informaron que el Tribunal Oral Criminal 3 de San Isidro fij\u00f3 esa fecha de inicio del juicio que tiene -entre otros- al neurocirujano Leopoldo Luque y la psiquiatra Agustina Cosachov como acusados.<\/h3>\n<h3>Adem\u00e1s, tambi\u00e9n se acept\u00f3 la realizaci\u00f3n de una nueva pericia m\u00e9dica sobre Maradona y una inspecci\u00f3n ocular en la casa de Tigre donde muri\u00f3.<\/h3>\n<h3>Seg\u00fan la agenda fijada por el Tribunal Oral Criminal 3 ser\u00e1n los d\u00edas martes, mi\u00e9rcoles y jueves de realizaci\u00f3n de juicio en el cual se prev\u00e9 escuchar a m\u00e1s de 200 testigos.<\/h3>\n<h3>En la prueba aceptada por el TOC3 est\u00e1 la realizaci\u00f3n de una nueva pericia m\u00e9dica tal cual hab\u00edan pedido sobre todo los abogados de Luque y Cosachov, Julio Rivas y Vadim Mischancuh, respectivamente.<\/h3>\n<h3>Hasta el momento, la \u00fanica junta m\u00e9dica realizada fue la que determin\u00f3 que la atenci\u00f3n m\u00e9dica fue &#8220;inadecuada, temeraria y deficiente&#8221; y por eso es tan cuestionada por las defensas.<\/h3>\n<h3>Los jueces hicieron lugar al pedido fiscal para hacer una inspecci\u00f3n ocular durante el juicio en la casa de Tigre donde permaneci\u00f3 Maradona en las \u00faltimas semanas con vida luego de la operaci\u00f3n de un hematoma subdural.<\/h3>\n<h3>Al contrario, rechazaron el pedido para que los ocho acusados sean jugados por un juicio por jurados tal cual hab\u00eda solicitado el abogado Rodolfo Baqu\u00e9, defensor de la enfermera Daiana Madrid.<\/h3>\n<h3>Maradona falleci\u00f3 a los 60 a\u00f1os el 25 de noviembre de 2020 y la autopsia determin\u00f3 que su deceso se produjo como consecuencia de un &#8220;edema agudo de pulm\u00f3n secundario a una insuficiencia card\u00edaca cr\u00f3nica reagudizada&#8221;. Y tambi\u00e9n se descubri\u00f3 que ten\u00eda una &#8220;miocardiopat\u00eda dilatada&#8221;.<\/h3>\n<p><img fetchpriority=\"high\" decoding=\"async\" class=\"wp-image-13374 aligncenter\" src=\"https:\/\/apuntesdesanluis.com\/wp-content\/uploads\/2024\/03\/imputados-300x290.png\" alt=\"\" width=\"632\" height=\"611\" srcset=\"https:\/\/apuntesdesanluis.com\/wp-content\/uploads\/2024\/03\/imputados-300x290.png 300w, https:\/\/apuntesdesanluis.com\/wp-content\/uploads\/2024\/03\/imputados.png 751w\" sizes=\"(max-width: 632px) 100vw, 632px\" \/><\/p>\n<h4 style=\"text-align: center;\"><em>Agustina Cosachov y Leopoldo Luque, dos de los ocho imputados en la causa.\u00a0<\/em><\/h4>\n<h3>El ex jugador, quien adem\u00e1s padec\u00eda problemas de adicci\u00f3n al alcohol, hab\u00eda sido ingresado en una cl\u00ednica de la ciudad de La Plata el 2 de noviembre de 2020, por un cuadro de anemia y deshidrataci\u00f3n, y un d\u00eda despu\u00e9s fue derivado a un sanatorio de la localidad bonaerense de Olivos, donde lo operaron de un hematoma subdural.<\/h3>\n<h3>El 11 de noviembre de ese mismo a\u00f1o recibi\u00f3 el alta y se traslad\u00f3 a una casa en un barrio privado de Tigre, donde estaba al cuidado de un grupo de m\u00e9dicos y enfermeros, pero finalmente falleci\u00f3 dos semanas m\u00e1s tarde.<\/h3>\n<h3>Al momento de morir, Maradona estaba dirigiendo a Gimnasia La Plata, donde hab\u00eda asumido su cargo en septiembre de 2019.<\/h3>\n<h3>TESTIGOS<\/h3>\n<h3>Los prestigiosos conductores Marcelo Tinelli, Alejandro Fantino y Fabi\u00e1n Doman y el presidente de la Asociaci\u00f3n del F\u00fatbol Argentino (AFA), Claudio \u201cChiqui\u201d Tapia, se encuentran en la lista de los 291 testigos del juicio por el homicidio con dolo eventual de Diego Armando Maradona, que comenzar\u00e1 en el Tribunal Oral en lo Criminal N\u00b0 3 de San Isidro el pr\u00f3ximo martes 4 de junio a las 9.30.<\/h3>\n<p><img decoding=\"async\" class=\"wp-image-13373 aligncenter\" src=\"https:\/\/apuntesdesanluis.com\/wp-content\/uploads\/2024\/03\/cuatro-testigos-300x157.png\" alt=\"\" width=\"632\" height=\"331\" srcset=\"https:\/\/apuntesdesanluis.com\/wp-content\/uploads\/2024\/03\/cuatro-testigos-300x157.png 300w, https:\/\/apuntesdesanluis.com\/wp-content\/uploads\/2024\/03\/cuatro-testigos.png 642w\" sizes=\"(max-width: 632px) 100vw, 632px\" \/><\/p>\n<h3>Adem\u00e1s de fijar la fecha, los jueces Ver\u00f3nica Mara Di Tommaso, Maximiliano Savarino y la subrogante Julieta Makintach decidieron que las audiencias ser\u00e1n menos de 30. Se har\u00e1n tres veces por semana: martes, mi\u00e9rcoles y jueves. Son ocho los profesionales de la salud imputados por la muerte del Diez.<\/h3>\n<h3>En ese lapso de tiempo, se estableci\u00f3 que ser\u00e1n 291 personas las que declarar\u00e1n en el debate. Tambi\u00e9n integran la n\u00f3mina de testigos los periodistas Nelson Castro -tambi\u00e9n m\u00e9dico-, Marcela Tauro, Rodrigo Lussich, Sebasti\u00e1n \u201cPampito\u201d Perell\u00f3 Aciar, Juan Cruz Sans y Mart\u00edn Candalaft, de Infobae, realizador del documental \u201cLa muerte de Maradona\u201d (2021). Seg\u00fan detalles en la lista, a la que accedi\u00f3 este medio, todos fueron citados por los abogados de la familia.<\/h3>\n<h3>Tambi\u00e9n fueron convocados Gabriel Pellegrino, ex presidente de Gimnasia de La Plata, que contrat\u00f3 a Diego Maradona como director t\u00e9cnico en 2019; Guillermo C\u00f3ppola, representante y mejor amigo del astro del f\u00fatbol durante casi dos d\u00e9cadas; Mat\u00edas Edgardo Morla, abogado y apoderado del deportista; y V\u00edctor Stinfale, quien tambi\u00e9n supo ser letrado del Diez.<\/h3>\n<h3>Hijos, familiares, ex parejas e integrantes del \u201cc\u00edrculo\u201d de Maradona tambi\u00e9n se sentar\u00e1n frente a los jueces del TOC N\u00b03 para brindar su testimonio. Entre ellos, seg\u00fan figura en el listado de testigos, est\u00e1n sus hijas, Dalma, Gianinna y Jana; sus ex Claudia Villafa\u00f1e, Ver\u00f3nica Ojeda y Roc\u00edo Oliva; algunos de sus hermanos, \u201cLili\u201d Maradona, Rita Mabel Maradona, Claudia Nora Maradona, Ra\u00fal Alfredo \u201cLalo\u201d Maradona; su sobrino, Jorge Ra\u00fal Maradona; Andrea Trimarchi, contadora del \u00eddolo, y su hermano Maximiliano Trimarchi.<\/h3>\n<h3>Como era de esperar, la mayor\u00eda de los testigos son del \u00e1rea de la medicina; m\u00e9dicos, enfermeros, cardi\u00f3logos, kinesi\u00f3logos e instrumentistas. Tambi\u00e9n se convoc\u00f3 especialistas en tratamiento de adicciones, como Carlos Cottaro, quien adem\u00e1s fue acompa\u00f1ante terap\u00e9utico de Maradona.<\/h3>\n<h3>Las enfermeras que asistieron al Diez los d\u00edas previos a su deceso testificar\u00e1n. Se trata de Daiana Loreley C\u00e1ceres, qui\u00e9n a Maradona en la casa del barrio privado San Andr\u00e9s de Tigre en dos oportunidades: el s\u00e1bado 14 y el domingo 22 de noviembre de 2020; y Tamara D\u00e9bora Mansilla, que estuvo en Tigre con Diego el 12 de noviembre entre las 23 y las 7 y luego fue echada.<\/h3>\n<p>&nbsp;<\/p>\n<p>&nbsp;<\/p>\n<p>&nbsp;<\/p>\n<p>&nbsp;<\/p>\n<p>&nbsp;<\/p>\n","protected":false},"excerpt":{"rendered":"<p>El juicio por la muerte del ex astro del f\u00fatbol Diego Maradona se iniciar\u00e1 el&#8230;<\/p>\n","protected":false},"author":1,"featured_media":6469,"comment_status":"closed","ping_status":"closed","sticky":false,"template":"","format":"standard","meta":{"footnotes":""},"categories":[5],"tags":[],"class_list":["post-13372","post","type-post","status-publish","format-standard","has-post-thumbnail","hentry","category-nacionales-internacionales"],"yoast_head":"<!-- This site is optimized with the Yoast SEO plugin v26.1.1 - https:\/\/yoast.com\/wordpress\/plugins\/seo\/ -->\n<title>EL JUICIO POR LA MUERTE DE MARADONA EMPEZAR\u00c1 EL 4 DE JUNIO: HABR\u00c1 OCHO ACUSADOS Y CASI 300 TESTIGOS - Apuntes de San Luis<\/title>\n<meta name=\"robots\" content=\"index, follow, max-snippet:-1, max-image-preview:large, max-video-preview:-1\" \/>\n<link rel=\"canonical\" href=\"https:\/\/apuntesdesanluis.com\/index.php\/2024\/03\/18\/el-juicio-por-la-muerte-de-maradona-empezara-el-4-de-junio-habra-ocho-acusados-y-casi-300-testigos\/\" \/>\n<meta property=\"og:locale\" content=\"es_ES\" \/>\n<meta property=\"og:type\" content=\"article\" \/>\n<meta property=\"og:title\" content=\"EL JUICIO POR LA MUERTE DE MARADONA EMPEZAR\u00c1 EL 4 DE JUNIO: HABR\u00c1 OCHO ACUSADOS Y CASI 300 TESTIGOS - Apuntes de San Luis\" \/>\n<meta property=\"og:description\" content=\"El juicio por la muerte del ex astro del f\u00fatbol Diego Maradona se iniciar\u00e1 el...\" \/>\n<meta property=\"og:url\" content=\"https:\/\/apuntesdesanluis.com\/index.php\/2024\/03\/18\/el-juicio-por-la-muerte-de-maradona-empezara-el-4-de-junio-habra-ocho-acusados-y-casi-300-testigos\/\" \/>\n<meta property=\"og:site_name\" content=\"Apuntes de San Luis\" \/>\n<meta property=\"article:published_time\" content=\"2024-03-19T00:32:33+00:00\" \/>\n<meta property=\"og:image\" content=\"https:\/\/apuntesdesanluis.com\/wp-content\/uploads\/2023\/11\/maradona.png\" \/>\n\t<meta property=\"og:image:width\" content=\"849\" \/>\n\t<meta property=\"og:image:height\" content=\"495\" \/>\n\t<meta property=\"og:image:type\" content=\"image\/png\" \/>\n<meta name=\"author\" content=\"apuntesdesanluis.com\" \/>\n<meta name=\"twitter:card\" content=\"summary_large_image\" \/>\n<meta name=\"twitter:label1\" content=\"Escrito por\" \/>\n\t<meta name=\"twitter:data1\" content=\"apuntesdesanluis.com\" \/>\n\t<meta name=\"twitter:label2\" content=\"Tiempo de lectura\" \/>\n\t<meta name=\"twitter:data2\" content=\"5 minutos\" \/>\n<script type=\"application\/ld+json\" class=\"yoast-schema-graph\">{\"@context\":\"https:\/\/schema.org\",\"@graph\":[{\"@type\":\"Article\",\"@id\":\"https:\/\/apuntesdesanluis.com\/index.php\/2024\/03\/18\/el-juicio-por-la-muerte-de-maradona-empezara-el-4-de-junio-habra-ocho-acusados-y-casi-300-testigos\/#article\",\"isPartOf\":{\"@id\":\"https:\/\/apuntesdesanluis.com\/index.php\/2024\/03\/18\/el-juicio-por-la-muerte-de-maradona-empezara-el-4-de-junio-habra-ocho-acusados-y-casi-300-testigos\/\"},\"author\":{\"name\":\"apuntesdesanluis.com\",\"@id\":\"https:\/\/apuntesdesanluis.com\/#\/schema\/person\/b55151d52296fcce64d1a72538a70b90\"},\"headline\":\"EL JUICIO POR LA MUERTE DE MARADONA EMPEZAR\u00c1 EL 4 DE JUNIO: HABR\u00c1 OCHO ACUSADOS Y CASI 300 TESTIGOS\",\"datePublished\":\"2024-03-19T00:32:33+00:00\",\"mainEntityOfPage\":{\"@id\":\"https:\/\/apuntesdesanluis.com\/index.php\/2024\/03\/18\/el-juicio-por-la-muerte-de-maradona-empezara-el-4-de-junio-habra-ocho-acusados-y-casi-300-testigos\/\"},\"wordCount\":960,\"publisher\":{\"@id\":\"https:\/\/apuntesdesanluis.com\/#\/schema\/person\/b55151d52296fcce64d1a72538a70b90\"},\"image\":{\"@id\":\"https:\/\/apuntesdesanluis.com\/index.php\/2024\/03\/18\/el-juicio-por-la-muerte-de-maradona-empezara-el-4-de-junio-habra-ocho-acusados-y-casi-300-testigos\/#primaryimage\"},\"thumbnailUrl\":\"https:\/\/apuntesdesanluis.com\/wp-content\/uploads\/2023\/11\/maradona.png\",\"articleSection\":[\"Nacionales\/Internacionales\"],\"inLanguage\":\"es-AR\"},{\"@type\":\"WebPage\",\"@id\":\"https:\/\/apuntesdesanluis.com\/index.php\/2024\/03\/18\/el-juicio-por-la-muerte-de-maradona-empezara-el-4-de-junio-habra-ocho-acusados-y-casi-300-testigos\/\",\"url\":\"https:\/\/apuntesdesanluis.com\/index.php\/2024\/03\/18\/el-juicio-por-la-muerte-de-maradona-empezara-el-4-de-junio-habra-ocho-acusados-y-casi-300-testigos\/\",\"name\":\"EL JUICIO POR LA MUERTE DE MARADONA EMPEZAR\u00c1 EL 4 DE JUNIO: HABR\u00c1 OCHO ACUSADOS Y CASI 300 TESTIGOS - Apuntes de San Luis\",\"isPartOf\":{\"@id\":\"https:\/\/apuntesdesanluis.com\/#website\"},\"primaryImageOfPage\":{\"@id\":\"https:\/\/apuntesdesanluis.com\/index.php\/2024\/03\/18\/el-juicio-por-la-muerte-de-maradona-empezara-el-4-de-junio-habra-ocho-acusados-y-casi-300-testigos\/#primaryimage\"},\"image\":{\"@id\":\"https:\/\/apuntesdesanluis.com\/index.php\/2024\/03\/18\/el-juicio-por-la-muerte-de-maradona-empezara-el-4-de-junio-habra-ocho-acusados-y-casi-300-testigos\/#primaryimage\"},\"thumbnailUrl\":\"https:\/\/apuntesdesanluis.com\/wp-content\/uploads\/2023\/11\/maradona.png\",\"datePublished\":\"2024-03-19T00:32:33+00:00\",\"breadcrumb\":{\"@id\":\"https:\/\/apuntesdesanluis.com\/index.php\/2024\/03\/18\/el-juicio-por-la-muerte-de-maradona-empezara-el-4-de-junio-habra-ocho-acusados-y-casi-300-testigos\/#breadcrumb\"},\"inLanguage\":\"es-AR\",\"potentialAction\":[{\"@type\":\"ReadAction\",\"target\":[\"https:\/\/apuntesdesanluis.com\/index.php\/2024\/03\/18\/el-juicio-por-la-muerte-de-maradona-empezara-el-4-de-junio-habra-ocho-acusados-y-casi-300-testigos\/\"]}]},{\"@type\":\"ImageObject\",\"inLanguage\":\"es-AR\",\"@id\":\"https:\/\/apuntesdesanluis.com\/index.php\/2024\/03\/18\/el-juicio-por-la-muerte-de-maradona-empezara-el-4-de-junio-habra-ocho-acusados-y-casi-300-testigos\/#primaryimage\",\"url\":\"https:\/\/apuntesdesanluis.com\/wp-content\/uploads\/2023\/11\/maradona.png\",\"contentUrl\":\"https:\/\/apuntesdesanluis.com\/wp-content\/uploads\/2023\/11\/maradona.png\",\"width\":849,\"height\":495},{\"@type\":\"BreadcrumbList\",\"@id\":\"https:\/\/apuntesdesanluis.com\/index.php\/2024\/03\/18\/el-juicio-por-la-muerte-de-maradona-empezara-el-4-de-junio-habra-ocho-acusados-y-casi-300-testigos\/#breadcrumb\",\"itemListElement\":[{\"@type\":\"ListItem\",\"position\":1,\"name\":\"Inicio\",\"item\":\"https:\/\/apuntesdesanluis.com\/\"},{\"@type\":\"ListItem\",\"position\":2,\"name\":\"EL JUICIO POR LA MUERTE DE MARADONA EMPEZAR\u00c1 EL 4 DE JUNIO: HABR\u00c1 OCHO ACUSADOS Y CASI 300 TESTIGOS\"}]},{\"@type\":\"WebSite\",\"@id\":\"https:\/\/apuntesdesanluis.com\/#website\",\"url\":\"https:\/\/apuntesdesanluis.com\/\",\"name\":\"Apuntes de San Luis\",\"description\":\"\",\"publisher\":{\"@id\":\"https:\/\/apuntesdesanluis.com\/#\/schema\/person\/b55151d52296fcce64d1a72538a70b90\"},\"potentialAction\":[{\"@type\":\"SearchAction\",\"target\":{\"@type\":\"EntryPoint\",\"urlTemplate\":\"https:\/\/apuntesdesanluis.com\/?s={search_term_string}\"},\"query-input\":{\"@type\":\"PropertyValueSpecification\",\"valueRequired\":true,\"valueName\":\"search_term_string\"}}],\"inLanguage\":\"es-AR\"},{\"@type\":[\"Person\",\"Organization\"],\"@id\":\"https:\/\/apuntesdesanluis.com\/#\/schema\/person\/b55151d52296fcce64d1a72538a70b90\",\"name\":\"apuntesdesanluis.com\",\"image\":{\"@type\":\"ImageObject\",\"inLanguage\":\"es-AR\",\"@id\":\"https:\/\/apuntesdesanluis.com\/#\/schema\/person\/image\/\",\"url\":\"https:\/\/apuntesdesanluis.com\/wp-content\/uploads\/2023\/07\/cropped-apuntesdesanluis.png\",\"contentUrl\":\"https:\/\/apuntesdesanluis.com\/wp-content\/uploads\/2023\/07\/cropped-apuntesdesanluis.png\",\"width\":450,\"height\":112,\"caption\":\"apuntesdesanluis.com\"},\"logo\":{\"@id\":\"https:\/\/apuntesdesanluis.com\/#\/schema\/person\/image\/\"},\"sameAs\":[\"https:\/\/apuntesdesanluis.com\"],\"url\":\"https:\/\/apuntesdesanluis.com\/index.php\/author\/apuntesdesanluis-com\/\"}]}<\/script>\n<!-- \/ Yoast SEO plugin. -->","yoast_head_json":{"title":"EL JUICIO POR LA MUERTE DE MARADONA EMPEZAR\u00c1 EL 4 DE JUNIO: HABR\u00c1 OCHO ACUSADOS Y CASI 300 TESTIGOS - Apuntes de San Luis","robots":{"index":"index","follow":"follow","max-snippet":"max-snippet:-1","max-image-preview":"max-image-preview:large","max-video-preview":"max-video-preview:-1"},"canonical":"https:\/\/apuntesdesanluis.com\/index.php\/2024\/03\/18\/el-juicio-por-la-muerte-de-maradona-empezara-el-4-de-junio-habra-ocho-acusados-y-casi-300-testigos\/","og_locale":"es_ES","og_type":"article","og_title":"EL JUICIO POR LA MUERTE DE MARADONA EMPEZAR\u00c1 EL 4 DE JUNIO: HABR\u00c1 OCHO ACUSADOS Y CASI 300 TESTIGOS - Apuntes de San Luis","og_description":"El juicio por la muerte del ex astro del f\u00fatbol Diego Maradona se iniciar\u00e1 el...","og_url":"https:\/\/apuntesdesanluis.com\/index.php\/2024\/03\/18\/el-juicio-por-la-muerte-de-maradona-empezara-el-4-de-junio-habra-ocho-acusados-y-casi-300-testigos\/","og_site_name":"Apuntes de San Luis","article_published_time":"2024-03-19T00:32:33+00:00","og_image":[{"width":849,"height":495,"url":"https:\/\/apuntesdesanluis.com\/wp-content\/uploads\/2023\/11\/maradona.png","type":"image\/png"}],"author":"apuntesdesanluis.com","twitter_card":"summary_large_image","twitter_misc":{"Escrito por":"apuntesdesanluis.com","Tiempo de lectura":"5 minutos"},"schema":{"@context":"https:\/\/schema.org","@graph":[{"@type":"Article","@id":"https:\/\/apuntesdesanluis.com\/index.php\/2024\/03\/18\/el-juicio-por-la-muerte-de-maradona-empezara-el-4-de-junio-habra-ocho-acusados-y-casi-300-testigos\/#article","isPartOf":{"@id":"https:\/\/apuntesdesanluis.com\/index.php\/2024\/03\/18\/el-juicio-por-la-muerte-de-maradona-empezara-el-4-de-junio-habra-ocho-acusados-y-casi-300-testigos\/"},"author":{"name":"apuntesdesanluis.com","@id":"https:\/\/apuntesdesanluis.com\/#\/schema\/person\/b55151d52296fcce64d1a72538a70b90"},"headline":"EL JUICIO POR LA MUERTE DE MARADONA EMPEZAR\u00c1 EL 4 DE JUNIO: HABR\u00c1 OCHO ACUSADOS Y CASI 300 TESTIGOS","datePublished":"2024-03-19T00:32:33+00:00","mainEntityOfPage":{"@id":"https:\/\/apuntesdesanluis.com\/index.php\/2024\/03\/18\/el-juicio-por-la-muerte-de-maradona-empezara-el-4-de-junio-habra-ocho-acusados-y-casi-300-testigos\/"},"wordCount":960,"publisher":{"@id":"https:\/\/apuntesdesanluis.com\/#\/schema\/person\/b55151d52296fcce64d1a72538a70b90"},"image":{"@id":"https:\/\/apuntesdesanluis.com\/index.php\/2024\/03\/18\/el-juicio-por-la-muerte-de-maradona-empezara-el-4-de-junio-habra-ocho-acusados-y-casi-300-testigos\/#primaryimage"},"thumbnailUrl":"https:\/\/apuntesdesanluis.com\/wp-content\/uploads\/2023\/11\/maradona.png","articleSection":["Nacionales\/Internacionales"],"inLanguage":"es-AR"},{"@type":"WebPage","@id":"https:\/\/apuntesdesanluis.com\/index.php\/2024\/03\/18\/el-juicio-por-la-muerte-de-maradona-empezara-el-4-de-junio-habra-ocho-acusados-y-casi-300-testigos\/","url":"https:\/\/apuntesdesanluis.com\/index.php\/2024\/03\/18\/el-juicio-por-la-muerte-de-maradona-empezara-el-4-de-junio-habra-ocho-acusados-y-casi-300-testigos\/","name":"EL JUICIO POR LA MUERTE DE MARADONA EMPEZAR\u00c1 EL 4 DE JUNIO: HABR\u00c1 OCHO ACUSADOS Y CASI 300 TESTIGOS - Apuntes de San Luis","isPartOf":{"@id":"https:\/\/apuntesdesanluis.com\/#website"},"primaryImageOfPage":{"@id":"https:\/\/apuntesdesanluis.com\/index.php\/2024\/03\/18\/el-juicio-por-la-muerte-de-maradona-empezara-el-4-de-junio-habra-ocho-acusados-y-casi-300-testigos\/#primaryimage"},"image":{"@id":"https:\/\/apuntesdesanluis.com\/index.php\/2024\/03\/18\/el-juicio-por-la-muerte-de-maradona-empezara-el-4-de-junio-habra-ocho-acusados-y-casi-300-testigos\/#primaryimage"},"thumbnailUrl":"https:\/\/apuntesdesanluis.com\/wp-content\/uploads\/2023\/11\/maradona.png","datePublished":"2024-03-19T00:32:33+00:00","breadcrumb":{"@id":"https:\/\/apuntesdesanluis.com\/index.php\/2024\/03\/18\/el-juicio-por-la-muerte-de-maradona-empezara-el-4-de-junio-habra-ocho-acusados-y-casi-300-testigos\/#breadcrumb"},"inLanguage":"es-AR","potentialAction":[{"@type":"ReadAction","target":["https:\/\/apuntesdesanluis.com\/index.php\/2024\/03\/18\/el-juicio-por-la-muerte-de-maradona-empezara-el-4-de-junio-habra-ocho-acusados-y-casi-300-testigos\/"]}]},{"@type":"ImageObject","inLanguage":"es-AR","@id":"https:\/\/apuntesdesanluis.com\/index.php\/2024\/03\/18\/el-juicio-por-la-muerte-de-maradona-empezara-el-4-de-junio-habra-ocho-acusados-y-casi-300-testigos\/#primaryimage","url":"https:\/\/apuntesdesanluis.com\/wp-content\/uploads\/2023\/11\/maradona.png","contentUrl":"https:\/\/apuntesdesanluis.com\/wp-content\/uploads\/2023\/11\/maradona.png","width":849,"height":495},{"@type":"BreadcrumbList","@id":"https:\/\/apuntesdesanluis.com\/index.php\/2024\/03\/18\/el-juicio-por-la-muerte-de-maradona-empezara-el-4-de-junio-habra-ocho-acusados-y-casi-300-testigos\/#breadcrumb","itemListElement":[{"@type":"ListItem","position":1,"name":"Inicio","item":"https:\/\/apuntesdesanluis.com\/"},{"@type":"ListItem","position":2,"name":"EL JUICIO POR LA MUERTE DE MARADONA EMPEZAR\u00c1 EL 4 DE JUNIO: HABR\u00c1 OCHO ACUSADOS Y CASI 300 TESTIGOS"}]},{"@type":"WebSite","@id":"https:\/\/apuntesdesanluis.com\/#website","url":"https:\/\/apuntesdesanluis.com\/","name":"Apuntes de San Luis","description":"","publisher":{"@id":"https:\/\/apuntesdesanluis.com\/#\/schema\/person\/b55151d52296fcce64d1a72538a70b90"},"potentialAction":[{"@type":"SearchAction","target":{"@type":"EntryPoint","urlTemplate":"https:\/\/apuntesdesanluis.com\/?s={search_term_string}"},"query-input":{"@type":"PropertyValueSpecification","valueRequired":true,"valueName":"search_term_string"}}],"inLanguage":"es-AR"},{"@type":["Person","Organization"],"@id":"https:\/\/apuntesdesanluis.com\/#\/schema\/person\/b55151d52296fcce64d1a72538a70b90","name":"apuntesdesanluis.com","image":{"@type":"ImageObject","inLanguage":"es-AR","@id":"https:\/\/apuntesdesanluis.com\/#\/schema\/person\/image\/","url":"https:\/\/apuntesdesanluis.com\/wp-content\/uploads\/2023\/07\/cropped-apuntesdesanluis.png","contentUrl":"https:\/\/apuntesdesanluis.com\/wp-content\/uploads\/2023\/07\/cropped-apuntesdesanluis.png","width":450,"height":112,"caption":"apuntesdesanluis.com"},"logo":{"@id":"https:\/\/apuntesdesanluis.com\/#\/schema\/person\/image\/"},"sameAs":["https:\/\/apuntesdesanluis.com"],"url":"https:\/\/apuntesdesanluis.com\/index.php\/author\/apuntesdesanluis-com\/"}]}},"featured_image_urls":{"full":["https:\/\/apuntesdesanluis.com\/wp-content\/uploads\/2023\/11\/maradona.png",849,495,false],"thumbnail":["https:\/\/apuntesdesanluis.com\/wp-content\/uploads\/2023\/11\/maradona-150x150.png",150,150,true],"medium":["https:\/\/apuntesdesanluis.com\/wp-content\/uploads\/2023\/11\/maradona-300x175.png",300,175,true],"medium_large":["https:\/\/apuntesdesanluis.com\/wp-content\/uploads\/2023\/11\/maradona-768x448.png",640,373,true],"large":["https:\/\/apuntesdesanluis.com\/wp-content\/uploads\/2023\/11\/maradona.png",640,373,false],"1536x1536":["https:\/\/apuntesdesanluis.com\/wp-content\/uploads\/2023\/11\/maradona.png",849,495,false],"2048x2048":["https:\/\/apuntesdesanluis.com\/wp-content\/uploads\/2023\/11\/maradona.png",849,495,false],"newsever-slider-full":["https:\/\/apuntesdesanluis.com\/wp-content\/uploads\/2023\/11\/maradona.png",849,495,false],"newsever-featured":["https:\/\/apuntesdesanluis.com\/wp-content\/uploads\/2023\/11\/maradona.png",849,495,false],"newsever-medium":["https:\/\/apuntesdesanluis.com\/wp-content\/uploads\/2023\/11\/maradona-720x475.png",720,475,true]},"author_info":{"display_name":"apuntesdesanluis.com","author_link":"https:\/\/apuntesdesanluis.com\/index.php\/author\/apuntesdesanluis-com\/"},"category_info":"<a href=\"https:\/\/apuntesdesanluis.com\/index.php\/category\/nacionales-internacionales\/\" rel=\"category tag\">Nacionales\/Internacionales<\/a>","tag_info":"Nacionales\/Internacionales","comment_count":"0","_links":{"self":[{"href":"https:\/\/apuntesdesanluis.com\/index.php\/wp-json\/wp\/v2\/posts\/13372","targetHints":{"allow":["GET"]}}],"collection":[{"href":"https:\/\/apuntesdesanluis.com\/index.php\/wp-json\/wp\/v2\/posts"}],"about":[{"href":"https:\/\/apuntesdesanluis.com\/index.php\/wp-json\/wp\/v2\/types\/post"}],"author":[{"embeddable":true,"href":"https:\/\/apuntesdesanluis.com\/index.php\/wp-json\/wp\/v2\/users\/1"}],"replies":[{"embeddable":true,"href":"https:\/\/apuntesdesanluis.com\/index.php\/wp-json\/wp\/v2\/comments?post=13372"}],"version-history":[{"count":1,"href":"https:\/\/apuntesdesanluis.com\/index.php\/wp-json\/wp\/v2\/posts\/13372\/revisions"}],"predecessor-version":[{"id":13375,"href":"https:\/\/apuntesdesanluis.com\/index.php\/wp-json\/wp\/v2\/posts\/13372\/revisions\/13375"}],"wp:featuredmedia":[{"embeddable":true,"href":"https:\/\/apuntesdesanluis.com\/index.php\/wp-json\/wp\/v2\/media\/6469"}],"wp:attachment":[{"href":"https:\/\/apuntesdesanluis.com\/index.php\/wp-json\/wp\/v2\/media?parent=13372"}],"wp:term":[{"taxonomy":"category","embeddable":true,"href":"https:\/\/apuntesdesanluis.com\/index.php\/wp-json\/wp\/v2\/categories?post=13372"},{"taxonomy":"post_tag","embeddable":true,"href":"https:\/\/apuntesdesanluis.com\/index.php\/wp-json\/wp\/v2\/tags?post=13372"}],"curies":[{"name":"wp","href":"https:\/\/api.w.org\/{rel}","templated":true}]}}