{"id":13386,"date":"2024-03-20T09:30:14","date_gmt":"2024-03-20T12:30:14","guid":{"rendered":"https:\/\/apuntesdesanluis.com\/?p=13386"},"modified":"2024-03-20T09:51:02","modified_gmt":"2024-03-20T12:51:02","slug":"declaran-de-interes-legislativo-el-festejo-por-el-24-aniversario-de-las-100-guitarras-mercedinas","status":"publish","type":"post","link":"https:\/\/apuntesdesanluis.com\/index.php\/2024\/03\/20\/declaran-de-interes-legislativo-el-festejo-por-el-24-aniversario-de-las-100-guitarras-mercedinas\/","title":{"rendered":"DECLARAN DE INTER\u00c9S LEGISLATIVO EL FESTEJO POR EL 24\u00b0 ANIVERSARIO DE &#8220;LAS 100 GUITARRAS MERCEDINAS"},"content":{"rendered":"<h3>La aprobaci\u00f3n se dio este martes 19 en la sesi\u00f3n ordinaria del Concejo Deliberante de Villa Mercedes, presidida por la Viceintendenta <strong>Silvina Galetto<\/strong>.<\/h3>\n<p><img fetchpriority=\"high\" decoding=\"async\" class=\"wp-image-13388 aligncenter\" src=\"https:\/\/apuntesdesanluis.com\/wp-content\/uploads\/2024\/03\/Concejo-deliberante-300x173.jpg\" alt=\"\" width=\"479\" height=\"276\" srcset=\"https:\/\/apuntesdesanluis.com\/wp-content\/uploads\/2024\/03\/Concejo-deliberante-300x173.jpg 300w, https:\/\/apuntesdesanluis.com\/wp-content\/uploads\/2024\/03\/Concejo-deliberante.jpg 492w\" sizes=\"(max-width: 479px) 100vw, 479px\" \/><\/p>\n<h3>En el momento de ingresar proyectos al orden del d\u00eda y\/o realizar homenajes, la concejal Claudia Miranda record\u00f3 que el pasado 17 de marzo se conmemor\u00f3 el D\u00eda Internacional de Cestoball. Adem\u00e1s, hizo alusi\u00f3n al\u00a0 20 de marzo,\u00a0 fecha de 44\u00b0Aniversario de trayectoria\u00a0 de Cachin y Pelusa,\u00a0 destacados y pioneros payasos\u00a0 villamercedinos.<\/h3>\n<h3>En los asuntos entrados fueron le\u00eddos por la Secretaria legislativa fundamentados y remitidos a su correspondiente comisi\u00f3n de trabajo, salvo los expedientes que fueron tratados sobre tablas y que a continuaci\u00f3n se detallan:<\/h3>\n<h3>El Expte. N\u00b0 22071-024- Bloque Cambia San Luis- Proyecto de Declaraci\u00f3n referido a El Honorable Concejo Deliberante Reconoce y Distingue a la Asociaci\u00f3n APPSIDO \u201cQuerer Es Poder\u201d, por su valioso aporte a la inclusi\u00f3n de las personas con s\u00edndrome de Down y Declara de Inter\u00e9s Social y Educativo a la &#8220;Fiesta Del Sombrero&#8221;, organizada por dicha asociaci\u00f3n. Fue fundamentado por la concejal Gabriela L\u00f3pez y aprobado de forma un\u00e1nime.<\/h3>\n<h3>La Concejal Margarita Villegas fundament\u00f3 el Proyecto de modificaci\u00f3n del art\u00edculo 1\u00b0 de la Ordenanza N\u00b0 2172\/83, donde qued\u00f3 redactado de la siguiente manera 1\u00b0) des\u00edgnese a lugar p\u00fablico sito en Avenida 25 de Mayo y Ferrocarril Gral. San Mart\u00edn, Plazoleta de Santa Cruz y Madre Cabrini. El mismo tambi\u00e9n se aprob\u00f3 por unanimidad.<\/h3>\n<h3>Los expedientes del departamento ejecutivo municipal a trav\u00e9s de los cuales se tramita autorizaci\u00f3n para la extracci\u00f3n de \u00e1rboles, fueron remitidos de manera conjunta a la comisi\u00f3n de Ecolog\u00eda Medio Ambiente e Higiene.<\/h3>\n<h3>El Expte. N\u00b0 22045-d\/24, Proyecto de Declaraci\u00f3n referido a: El Honorable Concejo Deliberante Reconoce y Destaca la labor deportiva y social de la Asociaci\u00f3n Mercedinos Unidos por Newcom- A.M.U.N, fue fundamentado por la concejal Margarita Villegas y aprobado por todo el cuerpo.<\/h3>\n<h3>El Expte. N\u00b0 22049-d\/24, Proyecto de Declaraci\u00f3n referido a Declarar de Inter\u00e9s Legislativo, Musical, Cultural y Social la celebraci\u00f3n del 24\u00b0 Aniversario de creaci\u00f3n de &#8220;Las 100 Guitarras Mercedinas\u201d, grupo que se cre\u00f3 en marzo del 2000. Las concejalas Virginia Lucero (foto)y Margarita Villegas argumentaron el despacho con la modificaci\u00f3n del art\u00edculo 2\u00b0) realizada por la primera, el cual fue aprobado por unanimidad.<\/h3>\n<p><img decoding=\"async\" class=\"wp-image-13395 aligncenter\" src=\"https:\/\/apuntesdesanluis.com\/wp-content\/uploads\/2024\/03\/VIRGINIA-LUCERO-300x204.jpg\" alt=\"\" width=\"510\" height=\"347\" srcset=\"https:\/\/apuntesdesanluis.com\/wp-content\/uploads\/2024\/03\/VIRGINIA-LUCERO-300x204.jpg 300w, https:\/\/apuntesdesanluis.com\/wp-content\/uploads\/2024\/03\/VIRGINIA-LUCERO.jpg 600w\" sizes=\"(max-width: 510px) 100vw, 510px\" \/><\/p>\n<h3>El Expte. N\u00b0 22054-n\/24. A trav\u00e9s del cual el Sr. Jos\u00e9 Alberto D\u00edaz, miembro de \u00a0Fundhami, solicita se iluminen el edificio municipal y del Honorable Concejo de color p\u00farpura, identificatorio de la afecci\u00f3n &#8220;Epilepsia&#8221;, como respaldo a su labor social y educativa. La Edil Margarita Villegas ley\u00f3 el dictamen del proyecto donde se consider\u00f3 que el d\u00eda 26 de marzo sea el D\u00eda Municipal de &#8220;Epilepsia, el cual se aprob\u00f3 por unanimidad.<\/h3>\n<h3><strong>CONVENIO ENTRE EL MUNICIPIO Y LA FCEJS<\/strong><\/h3>\n<h3>Por otro lado la viceintendenta<strong> Silvina Galetto<\/strong> particip\u00f3 el pasado lunes 18 del acto de firma del Convenio de Cooperaci\u00f3n entre la Facultad de Ciencias Econ\u00f3micas, Jur\u00eddicas y Sociales de la Universidad Nacional de San Luis y la Municipalidad de Villa Mercedes.<\/h3>\n<h3>La r\u00fabrica fue llevada a cabo entre el Intendente de la Ciudad, Dr. Maximiliano Frontera y la Decana de la FCEJS, Mgster. Roxana Camiletti.<\/h3>\n<p><img decoding=\"async\" class=\"wp-image-13390 aligncenter\" src=\"https:\/\/apuntesdesanluis.com\/wp-content\/uploads\/2024\/03\/Firma-1-300x182.jpg\" alt=\"\" width=\"508\" height=\"308\" srcset=\"https:\/\/apuntesdesanluis.com\/wp-content\/uploads\/2024\/03\/Firma-1-300x182.jpg 300w, https:\/\/apuntesdesanluis.com\/wp-content\/uploads\/2024\/03\/Firma-1.jpg 600w\" sizes=\"(max-width: 508px) 100vw, 508px\" \/><\/p>\n<h3>Adem\u00e1s, participaron de la misma la Viceintendenta Silvina Galetto, junto a la Secretar\u00eda de Desarrollo Social, de la Familia, de la Mujer, de la Infancia y la Adolescencia, de los Adultos Mayores y de la Discapacidad Municipal, Lorena Mercado y dem\u00e1s autoridades de la Universidad Nacional de San Luis.<\/h3>\n<h3>Este convenio establece conformar programas que trabajen mancomunadamente y cooperen en acciones referidas al intercambio de informaci\u00f3n cient\u00edfica y tecnol\u00f3gica.<\/h3>\n<p>&nbsp;<\/p>\n<p>&nbsp;<\/p>\n<p>&nbsp;<\/p>\n<p>&nbsp;<\/p>\n","protected":false},"excerpt":{"rendered":"<p>La aprobaci\u00f3n se dio este martes 19 en la sesi\u00f3n ordinaria del Concejo Deliberante de&#8230;<\/p>\n","protected":false},"author":1,"featured_media":13387,"comment_status":"closed","ping_status":"closed","sticky":false,"template":"","format":"standard","meta":{"footnotes":""},"categories":[6],"tags":[],"class_list":["post-13386","post","type-post","status-publish","format-standard","has-post-thumbnail","hentry","category-ciudad-provincia"],"yoast_head":"<!-- This site is optimized with the Yoast SEO plugin v26.1.1 - https:\/\/yoast.com\/wordpress\/plugins\/seo\/ -->\n<title>DECLARAN DE INTER\u00c9S LEGISLATIVO EL FESTEJO POR EL 24\u00b0 ANIVERSARIO DE &quot;LAS 100 GUITARRAS MERCEDINAS - Apuntes de San Luis<\/title>\n<meta name=\"robots\" content=\"index, follow, max-snippet:-1, max-image-preview:large, max-video-preview:-1\" \/>\n<link rel=\"canonical\" href=\"https:\/\/apuntesdesanluis.com\/index.php\/2024\/03\/20\/declaran-de-interes-legislativo-el-festejo-por-el-24-aniversario-de-las-100-guitarras-mercedinas\/\" \/>\n<meta property=\"og:locale\" content=\"es_ES\" \/>\n<meta property=\"og:type\" content=\"article\" \/>\n<meta property=\"og:title\" content=\"DECLARAN DE INTER\u00c9S LEGISLATIVO EL FESTEJO POR EL 24\u00b0 ANIVERSARIO DE &quot;LAS 100 GUITARRAS MERCEDINAS - Apuntes de San Luis\" \/>\n<meta property=\"og:description\" content=\"La aprobaci\u00f3n se dio este martes 19 en la sesi\u00f3n ordinaria del Concejo Deliberante de...\" \/>\n<meta property=\"og:url\" content=\"https:\/\/apuntesdesanluis.com\/index.php\/2024\/03\/20\/declaran-de-interes-legislativo-el-festejo-por-el-24-aniversario-de-las-100-guitarras-mercedinas\/\" \/>\n<meta property=\"og:site_name\" content=\"Apuntes de San Luis\" \/>\n<meta property=\"article:published_time\" content=\"2024-03-20T12:30:14+00:00\" \/>\n<meta property=\"article:modified_time\" content=\"2024-03-20T12:51:02+00:00\" \/>\n<meta property=\"og:image\" content=\"https:\/\/apuntesdesanluis.com\/wp-content\/uploads\/2024\/03\/187090_1710084886_457.jpg\" \/>\n\t<meta property=\"og:image:width\" content=\"617\" \/>\n\t<meta property=\"og:image:height\" content=\"388\" \/>\n\t<meta property=\"og:image:type\" content=\"image\/jpeg\" \/>\n<meta name=\"author\" content=\"apuntesdesanluis.com\" \/>\n<meta name=\"twitter:card\" content=\"summary_large_image\" \/>\n<meta name=\"twitter:label1\" content=\"Escrito por\" \/>\n\t<meta name=\"twitter:data1\" content=\"apuntesdesanluis.com\" \/>\n\t<meta name=\"twitter:label2\" content=\"Tiempo de lectura\" \/>\n\t<meta name=\"twitter:data2\" content=\"4 minutos\" \/>\n<script type=\"application\/ld+json\" class=\"yoast-schema-graph\">{\"@context\":\"https:\/\/schema.org\",\"@graph\":[{\"@type\":\"Article\",\"@id\":\"https:\/\/apuntesdesanluis.com\/index.php\/2024\/03\/20\/declaran-de-interes-legislativo-el-festejo-por-el-24-aniversario-de-las-100-guitarras-mercedinas\/#article\",\"isPartOf\":{\"@id\":\"https:\/\/apuntesdesanluis.com\/index.php\/2024\/03\/20\/declaran-de-interes-legislativo-el-festejo-por-el-24-aniversario-de-las-100-guitarras-mercedinas\/\"},\"author\":{\"name\":\"apuntesdesanluis.com\",\"@id\":\"https:\/\/apuntesdesanluis.com\/#\/schema\/person\/b55151d52296fcce64d1a72538a70b90\"},\"headline\":\"DECLARAN DE INTER\u00c9S LEGISLATIVO EL FESTEJO POR EL 24\u00b0 ANIVERSARIO DE &#8220;LAS 100 GUITARRAS MERCEDINAS\",\"datePublished\":\"2024-03-20T12:30:14+00:00\",\"dateModified\":\"2024-03-20T12:51:02+00:00\",\"mainEntityOfPage\":{\"@id\":\"https:\/\/apuntesdesanluis.com\/index.php\/2024\/03\/20\/declaran-de-interes-legislativo-el-festejo-por-el-24-aniversario-de-las-100-guitarras-mercedinas\/\"},\"wordCount\":646,\"publisher\":{\"@id\":\"https:\/\/apuntesdesanluis.com\/#\/schema\/person\/b55151d52296fcce64d1a72538a70b90\"},\"image\":{\"@id\":\"https:\/\/apuntesdesanluis.com\/index.php\/2024\/03\/20\/declaran-de-interes-legislativo-el-festejo-por-el-24-aniversario-de-las-100-guitarras-mercedinas\/#primaryimage\"},\"thumbnailUrl\":\"https:\/\/apuntesdesanluis.com\/wp-content\/uploads\/2024\/03\/187090_1710084886_457.jpg\",\"articleSection\":[\"Ciudad\/Provincia\"],\"inLanguage\":\"es-AR\"},{\"@type\":\"WebPage\",\"@id\":\"https:\/\/apuntesdesanluis.com\/index.php\/2024\/03\/20\/declaran-de-interes-legislativo-el-festejo-por-el-24-aniversario-de-las-100-guitarras-mercedinas\/\",\"url\":\"https:\/\/apuntesdesanluis.com\/index.php\/2024\/03\/20\/declaran-de-interes-legislativo-el-festejo-por-el-24-aniversario-de-las-100-guitarras-mercedinas\/\",\"name\":\"DECLARAN DE INTER\u00c9S LEGISLATIVO EL FESTEJO POR EL 24\u00b0 ANIVERSARIO DE \\\"LAS 100 GUITARRAS MERCEDINAS - Apuntes de San Luis\",\"isPartOf\":{\"@id\":\"https:\/\/apuntesdesanluis.com\/#website\"},\"primaryImageOfPage\":{\"@id\":\"https:\/\/apuntesdesanluis.com\/index.php\/2024\/03\/20\/declaran-de-interes-legislativo-el-festejo-por-el-24-aniversario-de-las-100-guitarras-mercedinas\/#primaryimage\"},\"image\":{\"@id\":\"https:\/\/apuntesdesanluis.com\/index.php\/2024\/03\/20\/declaran-de-interes-legislativo-el-festejo-por-el-24-aniversario-de-las-100-guitarras-mercedinas\/#primaryimage\"},\"thumbnailUrl\":\"https:\/\/apuntesdesanluis.com\/wp-content\/uploads\/2024\/03\/187090_1710084886_457.jpg\",\"datePublished\":\"2024-03-20T12:30:14+00:00\",\"dateModified\":\"2024-03-20T12:51:02+00:00\",\"breadcrumb\":{\"@id\":\"https:\/\/apuntesdesanluis.com\/index.php\/2024\/03\/20\/declaran-de-interes-legislativo-el-festejo-por-el-24-aniversario-de-las-100-guitarras-mercedinas\/#breadcrumb\"},\"inLanguage\":\"es-AR\",\"potentialAction\":[{\"@type\":\"ReadAction\",\"target\":[\"https:\/\/apuntesdesanluis.com\/index.php\/2024\/03\/20\/declaran-de-interes-legislativo-el-festejo-por-el-24-aniversario-de-las-100-guitarras-mercedinas\/\"]}]},{\"@type\":\"ImageObject\",\"inLanguage\":\"es-AR\",\"@id\":\"https:\/\/apuntesdesanluis.com\/index.php\/2024\/03\/20\/declaran-de-interes-legislativo-el-festejo-por-el-24-aniversario-de-las-100-guitarras-mercedinas\/#primaryimage\",\"url\":\"https:\/\/apuntesdesanluis.com\/wp-content\/uploads\/2024\/03\/187090_1710084886_457.jpg\",\"contentUrl\":\"https:\/\/apuntesdesanluis.com\/wp-content\/uploads\/2024\/03\/187090_1710084886_457.jpg\",\"width\":617,\"height\":388},{\"@type\":\"BreadcrumbList\",\"@id\":\"https:\/\/apuntesdesanluis.com\/index.php\/2024\/03\/20\/declaran-de-interes-legislativo-el-festejo-por-el-24-aniversario-de-las-100-guitarras-mercedinas\/#breadcrumb\",\"itemListElement\":[{\"@type\":\"ListItem\",\"position\":1,\"name\":\"Inicio\",\"item\":\"https:\/\/apuntesdesanluis.com\/\"},{\"@type\":\"ListItem\",\"position\":2,\"name\":\"DECLARAN DE INTER\u00c9S LEGISLATIVO EL FESTEJO POR EL 24\u00b0 ANIVERSARIO DE &#8220;LAS 100 GUITARRAS MERCEDINAS\"}]},{\"@type\":\"WebSite\",\"@id\":\"https:\/\/apuntesdesanluis.com\/#website\",\"url\":\"https:\/\/apuntesdesanluis.com\/\",\"name\":\"Apuntes de San Luis\",\"description\":\"\",\"publisher\":{\"@id\":\"https:\/\/apuntesdesanluis.com\/#\/schema\/person\/b55151d52296fcce64d1a72538a70b90\"},\"potentialAction\":[{\"@type\":\"SearchAction\",\"target\":{\"@type\":\"EntryPoint\",\"urlTemplate\":\"https:\/\/apuntesdesanluis.com\/?s={search_term_string}\"},\"query-input\":{\"@type\":\"PropertyValueSpecification\",\"valueRequired\":true,\"valueName\":\"search_term_string\"}}],\"inLanguage\":\"es-AR\"},{\"@type\":[\"Person\",\"Organization\"],\"@id\":\"https:\/\/apuntesdesanluis.com\/#\/schema\/person\/b55151d52296fcce64d1a72538a70b90\",\"name\":\"apuntesdesanluis.com\",\"image\":{\"@type\":\"ImageObject\",\"inLanguage\":\"es-AR\",\"@id\":\"https:\/\/apuntesdesanluis.com\/#\/schema\/person\/image\/\",\"url\":\"https:\/\/apuntesdesanluis.com\/wp-content\/uploads\/2023\/07\/cropped-apuntesdesanluis.png\",\"contentUrl\":\"https:\/\/apuntesdesanluis.com\/wp-content\/uploads\/2023\/07\/cropped-apuntesdesanluis.png\",\"width\":450,\"height\":112,\"caption\":\"apuntesdesanluis.com\"},\"logo\":{\"@id\":\"https:\/\/apuntesdesanluis.com\/#\/schema\/person\/image\/\"},\"sameAs\":[\"https:\/\/apuntesdesanluis.com\"],\"url\":\"https:\/\/apuntesdesanluis.com\/index.php\/author\/apuntesdesanluis-com\/\"}]}<\/script>\n<!-- \/ Yoast SEO plugin. -->","yoast_head_json":{"title":"DECLARAN DE INTER\u00c9S LEGISLATIVO EL FESTEJO POR EL 24\u00b0 ANIVERSARIO DE \"LAS 100 GUITARRAS MERCEDINAS - Apuntes de San Luis","robots":{"index":"index","follow":"follow","max-snippet":"max-snippet:-1","max-image-preview":"max-image-preview:large","max-video-preview":"max-video-preview:-1"},"canonical":"https:\/\/apuntesdesanluis.com\/index.php\/2024\/03\/20\/declaran-de-interes-legislativo-el-festejo-por-el-24-aniversario-de-las-100-guitarras-mercedinas\/","og_locale":"es_ES","og_type":"article","og_title":"DECLARAN DE INTER\u00c9S LEGISLATIVO EL FESTEJO POR EL 24\u00b0 ANIVERSARIO DE \"LAS 100 GUITARRAS MERCEDINAS - Apuntes de San Luis","og_description":"La aprobaci\u00f3n se dio este martes 19 en la sesi\u00f3n ordinaria del Concejo Deliberante de...","og_url":"https:\/\/apuntesdesanluis.com\/index.php\/2024\/03\/20\/declaran-de-interes-legislativo-el-festejo-por-el-24-aniversario-de-las-100-guitarras-mercedinas\/","og_site_name":"Apuntes de San Luis","article_published_time":"2024-03-20T12:30:14+00:00","article_modified_time":"2024-03-20T12:51:02+00:00","og_image":[{"width":617,"height":388,"url":"https:\/\/apuntesdesanluis.com\/wp-content\/uploads\/2024\/03\/187090_1710084886_457.jpg","type":"image\/jpeg"}],"author":"apuntesdesanluis.com","twitter_card":"summary_large_image","twitter_misc":{"Escrito por":"apuntesdesanluis.com","Tiempo de lectura":"4 minutos"},"schema":{"@context":"https:\/\/schema.org","@graph":[{"@type":"Article","@id":"https:\/\/apuntesdesanluis.com\/index.php\/2024\/03\/20\/declaran-de-interes-legislativo-el-festejo-por-el-24-aniversario-de-las-100-guitarras-mercedinas\/#article","isPartOf":{"@id":"https:\/\/apuntesdesanluis.com\/index.php\/2024\/03\/20\/declaran-de-interes-legislativo-el-festejo-por-el-24-aniversario-de-las-100-guitarras-mercedinas\/"},"author":{"name":"apuntesdesanluis.com","@id":"https:\/\/apuntesdesanluis.com\/#\/schema\/person\/b55151d52296fcce64d1a72538a70b90"},"headline":"DECLARAN DE INTER\u00c9S LEGISLATIVO EL FESTEJO POR EL 24\u00b0 ANIVERSARIO DE &#8220;LAS 100 GUITARRAS MERCEDINAS","datePublished":"2024-03-20T12:30:14+00:00","dateModified":"2024-03-20T12:51:02+00:00","mainEntityOfPage":{"@id":"https:\/\/apuntesdesanluis.com\/index.php\/2024\/03\/20\/declaran-de-interes-legislativo-el-festejo-por-el-24-aniversario-de-las-100-guitarras-mercedinas\/"},"wordCount":646,"publisher":{"@id":"https:\/\/apuntesdesanluis.com\/#\/schema\/person\/b55151d52296fcce64d1a72538a70b90"},"image":{"@id":"https:\/\/apuntesdesanluis.com\/index.php\/2024\/03\/20\/declaran-de-interes-legislativo-el-festejo-por-el-24-aniversario-de-las-100-guitarras-mercedinas\/#primaryimage"},"thumbnailUrl":"https:\/\/apuntesdesanluis.com\/wp-content\/uploads\/2024\/03\/187090_1710084886_457.jpg","articleSection":["Ciudad\/Provincia"],"inLanguage":"es-AR"},{"@type":"WebPage","@id":"https:\/\/apuntesdesanluis.com\/index.php\/2024\/03\/20\/declaran-de-interes-legislativo-el-festejo-por-el-24-aniversario-de-las-100-guitarras-mercedinas\/","url":"https:\/\/apuntesdesanluis.com\/index.php\/2024\/03\/20\/declaran-de-interes-legislativo-el-festejo-por-el-24-aniversario-de-las-100-guitarras-mercedinas\/","name":"DECLARAN DE INTER\u00c9S LEGISLATIVO EL FESTEJO POR EL 24\u00b0 ANIVERSARIO DE \"LAS 100 GUITARRAS MERCEDINAS - Apuntes de San Luis","isPartOf":{"@id":"https:\/\/apuntesdesanluis.com\/#website"},"primaryImageOfPage":{"@id":"https:\/\/apuntesdesanluis.com\/index.php\/2024\/03\/20\/declaran-de-interes-legislativo-el-festejo-por-el-24-aniversario-de-las-100-guitarras-mercedinas\/#primaryimage"},"image":{"@id":"https:\/\/apuntesdesanluis.com\/index.php\/2024\/03\/20\/declaran-de-interes-legislativo-el-festejo-por-el-24-aniversario-de-las-100-guitarras-mercedinas\/#primaryimage"},"thumbnailUrl":"https:\/\/apuntesdesanluis.com\/wp-content\/uploads\/2024\/03\/187090_1710084886_457.jpg","datePublished":"2024-03-20T12:30:14+00:00","dateModified":"2024-03-20T12:51:02+00:00","breadcrumb":{"@id":"https:\/\/apuntesdesanluis.com\/index.php\/2024\/03\/20\/declaran-de-interes-legislativo-el-festejo-por-el-24-aniversario-de-las-100-guitarras-mercedinas\/#breadcrumb"},"inLanguage":"es-AR","potentialAction":[{"@type":"ReadAction","target":["https:\/\/apuntesdesanluis.com\/index.php\/2024\/03\/20\/declaran-de-interes-legislativo-el-festejo-por-el-24-aniversario-de-las-100-guitarras-mercedinas\/"]}]},{"@type":"ImageObject","inLanguage":"es-AR","@id":"https:\/\/apuntesdesanluis.com\/index.php\/2024\/03\/20\/declaran-de-interes-legislativo-el-festejo-por-el-24-aniversario-de-las-100-guitarras-mercedinas\/#primaryimage","url":"https:\/\/apuntesdesanluis.com\/wp-content\/uploads\/2024\/03\/187090_1710084886_457.jpg","contentUrl":"https:\/\/apuntesdesanluis.com\/wp-content\/uploads\/2024\/03\/187090_1710084886_457.jpg","width":617,"height":388},{"@type":"BreadcrumbList","@id":"https:\/\/apuntesdesanluis.com\/index.php\/2024\/03\/20\/declaran-de-interes-legislativo-el-festejo-por-el-24-aniversario-de-las-100-guitarras-mercedinas\/#breadcrumb","itemListElement":[{"@type":"ListItem","position":1,"name":"Inicio","item":"https:\/\/apuntesdesanluis.com\/"},{"@type":"ListItem","position":2,"name":"DECLARAN DE INTER\u00c9S LEGISLATIVO EL FESTEJO POR EL 24\u00b0 ANIVERSARIO DE &#8220;LAS 100 GUITARRAS MERCEDINAS"}]},{"@type":"WebSite","@id":"https:\/\/apuntesdesanluis.com\/#website","url":"https:\/\/apuntesdesanluis.com\/","name":"Apuntes de San Luis","description":"","publisher":{"@id":"https:\/\/apuntesdesanluis.com\/#\/schema\/person\/b55151d52296fcce64d1a72538a70b90"},"potentialAction":[{"@type":"SearchAction","target":{"@type":"EntryPoint","urlTemplate":"https:\/\/apuntesdesanluis.com\/?s={search_term_string}"},"query-input":{"@type":"PropertyValueSpecification","valueRequired":true,"valueName":"search_term_string"}}],"inLanguage":"es-AR"},{"@type":["Person","Organization"],"@id":"https:\/\/apuntesdesanluis.com\/#\/schema\/person\/b55151d52296fcce64d1a72538a70b90","name":"apuntesdesanluis.com","image":{"@type":"ImageObject","inLanguage":"es-AR","@id":"https:\/\/apuntesdesanluis.com\/#\/schema\/person\/image\/","url":"https:\/\/apuntesdesanluis.com\/wp-content\/uploads\/2023\/07\/cropped-apuntesdesanluis.png","contentUrl":"https:\/\/apuntesdesanluis.com\/wp-content\/uploads\/2023\/07\/cropped-apuntesdesanluis.png","width":450,"height":112,"caption":"apuntesdesanluis.com"},"logo":{"@id":"https:\/\/apuntesdesanluis.com\/#\/schema\/person\/image\/"},"sameAs":["https:\/\/apuntesdesanluis.com"],"url":"https:\/\/apuntesdesanluis.com\/index.php\/author\/apuntesdesanluis-com\/"}]}},"featured_image_urls":{"full":["https:\/\/apuntesdesanluis.com\/wp-content\/uploads\/2024\/03\/187090_1710084886_457.jpg",617,388,false],"thumbnail":["https:\/\/apuntesdesanluis.com\/wp-content\/uploads\/2024\/03\/187090_1710084886_457-150x150.jpg",150,150,true],"medium":["https:\/\/apuntesdesanluis.com\/wp-content\/uploads\/2024\/03\/187090_1710084886_457-300x189.jpg",300,189,true],"medium_large":["https:\/\/apuntesdesanluis.com\/wp-content\/uploads\/2024\/03\/187090_1710084886_457.jpg",617,388,false],"large":["https:\/\/apuntesdesanluis.com\/wp-content\/uploads\/2024\/03\/187090_1710084886_457.jpg",617,388,false],"1536x1536":["https:\/\/apuntesdesanluis.com\/wp-content\/uploads\/2024\/03\/187090_1710084886_457.jpg",617,388,false],"2048x2048":["https:\/\/apuntesdesanluis.com\/wp-content\/uploads\/2024\/03\/187090_1710084886_457.jpg",617,388,false],"newsever-slider-full":["https:\/\/apuntesdesanluis.com\/wp-content\/uploads\/2024\/03\/187090_1710084886_457.jpg",617,388,false],"newsever-featured":["https:\/\/apuntesdesanluis.com\/wp-content\/uploads\/2024\/03\/187090_1710084886_457.jpg",617,388,false],"newsever-medium":["https:\/\/apuntesdesanluis.com\/wp-content\/uploads\/2024\/03\/187090_1710084886_457.jpg",617,388,false]},"author_info":{"display_name":"apuntesdesanluis.com","author_link":"https:\/\/apuntesdesanluis.com\/index.php\/author\/apuntesdesanluis-com\/"},"category_info":"<a href=\"https:\/\/apuntesdesanluis.com\/index.php\/category\/ciudad-provincia\/\" rel=\"category tag\">Ciudad\/Provincia<\/a>","tag_info":"Ciudad\/Provincia","comment_count":"0","_links":{"self":[{"href":"https:\/\/apuntesdesanluis.com\/index.php\/wp-json\/wp\/v2\/posts\/13386","targetHints":{"allow":["GET"]}}],"collection":[{"href":"https:\/\/apuntesdesanluis.com\/index.php\/wp-json\/wp\/v2\/posts"}],"about":[{"href":"https:\/\/apuntesdesanluis.com\/index.php\/wp-json\/wp\/v2\/types\/post"}],"author":[{"embeddable":true,"href":"https:\/\/apuntesdesanluis.com\/index.php\/wp-json\/wp\/v2\/users\/1"}],"replies":[{"embeddable":true,"href":"https:\/\/apuntesdesanluis.com\/index.php\/wp-json\/wp\/v2\/comments?post=13386"}],"version-history":[{"count":3,"href":"https:\/\/apuntesdesanluis.com\/index.php\/wp-json\/wp\/v2\/posts\/13386\/revisions"}],"predecessor-version":[{"id":13397,"href":"https:\/\/apuntesdesanluis.com\/index.php\/wp-json\/wp\/v2\/posts\/13386\/revisions\/13397"}],"wp:featuredmedia":[{"embeddable":true,"href":"https:\/\/apuntesdesanluis.com\/index.php\/wp-json\/wp\/v2\/media\/13387"}],"wp:attachment":[{"href":"https:\/\/apuntesdesanluis.com\/index.php\/wp-json\/wp\/v2\/media?parent=13386"}],"wp:term":[{"taxonomy":"category","embeddable":true,"href":"https:\/\/apuntesdesanluis.com\/index.php\/wp-json\/wp\/v2\/categories?post=13386"},{"taxonomy":"post_tag","embeddable":true,"href":"https:\/\/apuntesdesanluis.com\/index.php\/wp-json\/wp\/v2\/tags?post=13386"}],"curies":[{"name":"wp","href":"https:\/\/api.w.org\/{rel}","templated":true}]}}