{"id":13411,"date":"2024-03-20T20:27:27","date_gmt":"2024-03-20T23:27:27","guid":{"rendered":"https:\/\/apuntesdesanluis.com\/?p=13411"},"modified":"2024-03-20T20:34:04","modified_gmt":"2024-03-20T23:34:04","slug":"el-secretario-de-personas-con-discapacidad-se-reunio-con-autoridad-nacional","status":"publish","type":"post","link":"https:\/\/apuntesdesanluis.com\/index.php\/2024\/03\/20\/el-secretario-de-personas-con-discapacidad-se-reunio-con-autoridad-nacional\/","title":{"rendered":"EL SECRETARIO DE PERSONAS CON DISCAPACIDAD SE REUNI\u00d3 CON AUTORIDAD NACIONAL"},"content":{"rendered":"<h3>El secretario de Personas con Discapacidad, <strong>Luis Giraudo<\/strong>, viaj\u00f3 a la ciudad de Buenos Aires para dialogar con el director de la Agencia Nacional de Discapacidad (ANDIS), <strong>Diego Spagnuolo<\/strong>, sobre diversos temas que son de inter\u00e9s para la comunidad de personas con discapacidad, tales como transporte, certificado \u00fanico de discapacidad (CUD), pensiones no contributivas, programa Incluir Salud e inclusi\u00f3n laboral.<\/h3>\n<h3>Con respecto al transporte dentro del programa Incluir Salud, Spagnuolo inform\u00f3 que est\u00e1n al d\u00eda con los proveedores y que piensan establecer una relaci\u00f3n directa con ellos, sin intermediaci\u00f3n de las provincias.<\/h3>\n<h3>Sobre el tema de los CUD, la agencia est\u00e1 en proceso de definir el alcance de sus beneficios. El ANDIS determin\u00f3 que el otorgamiento de los CUD ser\u00e1 estrictamente controlado y que dar\u00e1n de baja los certificados en los casos en que se compruebe que no hay un fundamento real de discapacidad. Adem\u00e1s, abrieron un canal de di\u00e1logo permanente con el \u00e1rea espec\u00edfica de ANDIS que atiende esa problem\u00e1tica.<\/h3>\n<h3><img fetchpriority=\"high\" decoding=\"async\" class=\"wp-image-13415 aligncenter\" src=\"https:\/\/apuntesdesanluis.com\/wp-content\/uploads\/2024\/03\/GIRAUDO-CON-BACHEY-ENN-BS-AS-300x176.jpg\" alt=\"\" width=\"631\" height=\"370\" srcset=\"https:\/\/apuntesdesanluis.com\/wp-content\/uploads\/2024\/03\/GIRAUDO-CON-BACHEY-ENN-BS-AS-300x176.jpg 300w, https:\/\/apuntesdesanluis.com\/wp-content\/uploads\/2024\/03\/GIRAUDO-CON-BACHEY-ENN-BS-AS.jpg 599w\" sizes=\"(max-width: 631px) 100vw, 631px\" \/><\/h3>\n<h3>En cuanto a las pensiones por discapacidad, Spagnuolo coment\u00f3 que los requisitos para su obtenci\u00f3n no han variado. Giraudo plante\u00f3 que hay demoras y, en este encuentro, logr\u00f3 establecer una comunicaci\u00f3n directa en el \u00e1rea correspondiente de ANDIS, a los fines de lograr mayor fluidez y agilidad en los reclamos y tr\u00e1mites.<\/h3>\n<h3>\u201cIncluir Salud es un programa que tiene como beneficiarios a las personas con discapacidad que no poseen obra social y son de bajos recursos, pero no es una mutual ni una obra social\u201d, explic\u00f3 el director. Aclar\u00f3 que este programa otorga beneficios siempre que cuente con recursos y que articula esta tarea a trav\u00e9s de los ministerios de Salud de las provincias, una metodolog\u00eda que estudian modificar.<\/h3>\n<h3>En materia de inclusi\u00f3n laboral, ANDIS no tiene una pol\u00edtica definida, pero sus autoridades trabajan sobre la posibilidad de que las personas que consigan un trabajo formal no pierdan el beneficio de la pensi\u00f3n.<\/h3>\n<h3>Adem\u00e1s, Spagnuolo ofreci\u00f3 la capacitaci\u00f3n para todo el personal del Estado provincial a trav\u00e9s de un programa financiado por el Banco Interamericano de Desarrollo (BID), que provee fondos para la implementaci\u00f3n de pol\u00edticas inclusivas vinculadas a la discapacidad. Giraudo remarc\u00f3 la importancia de recibir esta formaci\u00f3n, que acerca recursos que reforzar\u00e1n la ejecuci\u00f3n de proyectos y pol\u00edticas inclusivas en la provincia.<\/h3>\n<h3>Al finalizar la reuni\u00f3n, Giraudo invit\u00f3 al director ejecutivo a visitar San Luis para que conozca personalmente las instituciones que trabajan en el \u00e1rea de discapacidad y ver de primera mano las iniciativas que hay en la provincia.<\/h3>\n<h3>Del encuentro con Spagnuolo tambi\u00e9n particip\u00f3 la diputada puntana Karina Bachey, integrante de la Comisi\u00f3n de Discapacidad de la C\u00e1mara de Diputados de la Naci\u00f3n.<\/h3>\n<p><img decoding=\"async\" class=\"wp-image-13414 aligncenter\" src=\"https:\/\/apuntesdesanluis.com\/wp-content\/uploads\/2024\/03\/GIRAUDO-300x248.jpg\" alt=\"\" width=\"556\" height=\"460\" srcset=\"https:\/\/apuntesdesanluis.com\/wp-content\/uploads\/2024\/03\/GIRAUDO-300x248.jpg 300w, https:\/\/apuntesdesanluis.com\/wp-content\/uploads\/2024\/03\/GIRAUDO.jpg 600w\" sizes=\"(max-width: 556px) 100vw, 556px\" \/><\/p>\n<h3>Por otro lado, Giraudo aprovech\u00f3 la visita a Buenos Aires para mantener una reuni\u00f3n con la secretaria de Estado de Vinculaci\u00f3n Interjurisdiccional, Gabriela Gonz\u00e1lez Riollo, en la Casa de San Luis en Buenos Aires.<\/h3>\n<h3><strong>D\u00cdA MUNDIAL DEL S\u00cdNDROME DE DOWN<\/strong><\/h3>\n<h3>La actividad ser\u00e1 este jueves 21 de marzo, a las 9:00, en el <strong>Centro de Equinoterapia del Parque La Pedrera<\/strong>. Es organizada por la secretar\u00eda de Personas con Discapacidad en conjunto con la cartera de Ambiente y Desarrollo Sustentable.<\/h3>\n<h3><img decoding=\"async\" class=\"wp-image-13413 aligncenter\" src=\"https:\/\/apuntesdesanluis.com\/wp-content\/uploads\/2024\/03\/RAices-300x300.jpg\" alt=\"\" width=\"543\" height=\"543\" srcset=\"https:\/\/apuntesdesanluis.com\/wp-content\/uploads\/2024\/03\/RAices-300x300.jpg 300w, https:\/\/apuntesdesanluis.com\/wp-content\/uploads\/2024\/03\/RAices-150x150.jpg 150w, https:\/\/apuntesdesanluis.com\/wp-content\/uploads\/2024\/03\/RAices.jpg 600w\" sizes=\"(max-width: 543px) 100vw, 543px\" \/><\/h3>\n<h3>Con el objetivo principal de concientizar y reflexionar sobre la inclusi\u00f3n de personas con S\u00edndrome de Down, se realizar\u00e1 una plantaci\u00f3n de \u00e1rboles en el Centro de Equinoterapia de La Pedrera, de la que participar\u00e1n personas con discapacidad intelectual, motriz, sensorial y psicosocial de todas las edades.<\/h3>\n<h3>Esta forestaci\u00f3n inclusiva se realizar\u00e1 por el D\u00eda Mundial del S\u00edndrome de Down, que se conmemora todos los 21 de marzo y se lleva a cabo en conjunto con la secretar\u00eda de Ambiente y Desarrollo Sustentable, ya que tambi\u00e9n es el D\u00eda Internacional de los Bosques, proclamada por la Asamblea Internacional de las Naciones Unidas.<\/h3>\n<h3>Est\u00e1n invitados a la jornada de actividades, las autoridades municipales, provinciales, las escuelas especiales de la ciudad y contar\u00e1 con la presencia de la Polic\u00eda Montada y participaci\u00f3n de la Escuela de Equinoterapia de la ciudad de San Luis.<\/h3>\n<h3><strong>CRONOGRAMA DE ATENCI\u00d3N<\/strong><\/h3>\n<h3>De la oficina de la Secretaria de Personas con Discapacidad, ubicada en el hospital Ver\u00f3nica Bailone de Villa Mercedes, de dio a conocer el cronograma semanal de atenci\u00f3n.<\/h3>\n<h3>Lunes: Recepci\u00f3n de los relevamientos, con la organizaci\u00f3n, derivaci\u00f3n a las \u00e1reas correspondientes y seguimientos de cada caso tomado realizados de la semana anterior<\/h3>\n<h3>Martes: Atenci\u00f3n de la doctora Armando Mabel de 10:00 a 12:00 horas, tramita pensiones no contributiva y CMO (certificado m\u00e9dico oficial)<\/h3>\n<h3>Mi\u00e9rcoles: Atenci\u00f3n Atunia In\u00e9s, Asistente social, de 09:00 a 10:00 horas. Sturba, Lorena, asesoramiento legal, de 10:30 a 11:30 horas.<\/h3>\n<h3>Jueves: gesti\u00f3n del CUD (Certificado \u00danico de Discapacidad), con el doctor Saber Diego, de 08:30 a 10:00 horas.<\/h3>\n<h3>Viernes: Atenci\u00f3n de la Doctora Aguilera Silvia de 11:30 a 12:30 horas, asesoramiento general.<\/h3>\n<p>&nbsp;<\/p>\n<p>&nbsp;<\/p>\n<p>&nbsp;<\/p>\n<p>&nbsp;<\/p>\n<p>&nbsp;<\/p>\n<p>&nbsp;<\/p>\n<p>&nbsp;<\/p>\n<p>&nbsp;<\/p>\n","protected":false},"excerpt":{"rendered":"<p>El secretario de Personas con Discapacidad, Luis Giraudo, viaj\u00f3 a la ciudad de Buenos Aires&#8230;<\/p>\n","protected":false},"author":1,"featured_media":13417,"comment_status":"closed","ping_status":"closed","sticky":false,"template":"","format":"standard","meta":{"footnotes":""},"categories":[6],"tags":[],"class_list":["post-13411","post","type-post","status-publish","format-standard","has-post-thumbnail","hentry","category-ciudad-provincia"],"yoast_head":"<!-- This site is optimized with the Yoast SEO plugin v26.1.1 - https:\/\/yoast.com\/wordpress\/plugins\/seo\/ -->\n<title>EL SECRETARIO DE PERSONAS CON DISCAPACIDAD SE REUNI\u00d3 CON AUTORIDAD NACIONAL - Apuntes de San Luis<\/title>\n<meta name=\"robots\" content=\"index, follow, max-snippet:-1, max-image-preview:large, max-video-preview:-1\" \/>\n<link rel=\"canonical\" href=\"https:\/\/apuntesdesanluis.com\/index.php\/2024\/03\/20\/el-secretario-de-personas-con-discapacidad-se-reunio-con-autoridad-nacional\/\" \/>\n<meta property=\"og:locale\" content=\"es_ES\" \/>\n<meta property=\"og:type\" content=\"article\" \/>\n<meta property=\"og:title\" content=\"EL SECRETARIO DE PERSONAS CON DISCAPACIDAD SE REUNI\u00d3 CON AUTORIDAD NACIONAL - Apuntes de San Luis\" \/>\n<meta property=\"og:description\" content=\"El secretario de Personas con Discapacidad, Luis Giraudo, viaj\u00f3 a la ciudad de Buenos Aires...\" \/>\n<meta property=\"og:url\" content=\"https:\/\/apuntesdesanluis.com\/index.php\/2024\/03\/20\/el-secretario-de-personas-con-discapacidad-se-reunio-con-autoridad-nacional\/\" \/>\n<meta property=\"og:site_name\" content=\"Apuntes de San Luis\" \/>\n<meta property=\"article:published_time\" content=\"2024-03-20T23:27:27+00:00\" \/>\n<meta property=\"article:modified_time\" content=\"2024-03-20T23:34:04+00:00\" \/>\n<meta property=\"og:image\" content=\"https:\/\/apuntesdesanluis.com\/wp-content\/uploads\/2024\/03\/GIRAUDO-CON-SPGANUOLO-1.png\" \/>\n\t<meta property=\"og:image:width\" content=\"600\" \/>\n\t<meta property=\"og:image:height\" content=\"314\" \/>\n\t<meta property=\"og:image:type\" content=\"image\/png\" \/>\n<meta name=\"author\" content=\"apuntesdesanluis.com\" \/>\n<meta name=\"twitter:card\" content=\"summary_large_image\" \/>\n<meta name=\"twitter:label1\" content=\"Escrito por\" \/>\n\t<meta name=\"twitter:data1\" content=\"apuntesdesanluis.com\" \/>\n\t<meta name=\"twitter:label2\" content=\"Tiempo de lectura\" \/>\n\t<meta name=\"twitter:data2\" content=\"5 minutos\" \/>\n<script type=\"application\/ld+json\" class=\"yoast-schema-graph\">{\"@context\":\"https:\/\/schema.org\",\"@graph\":[{\"@type\":\"Article\",\"@id\":\"https:\/\/apuntesdesanluis.com\/index.php\/2024\/03\/20\/el-secretario-de-personas-con-discapacidad-se-reunio-con-autoridad-nacional\/#article\",\"isPartOf\":{\"@id\":\"https:\/\/apuntesdesanluis.com\/index.php\/2024\/03\/20\/el-secretario-de-personas-con-discapacidad-se-reunio-con-autoridad-nacional\/\"},\"author\":{\"name\":\"apuntesdesanluis.com\",\"@id\":\"https:\/\/apuntesdesanluis.com\/#\/schema\/person\/b55151d52296fcce64d1a72538a70b90\"},\"headline\":\"EL SECRETARIO DE PERSONAS CON DISCAPACIDAD SE REUNI\u00d3 CON AUTORIDAD NACIONAL\",\"datePublished\":\"2024-03-20T23:27:27+00:00\",\"dateModified\":\"2024-03-20T23:34:04+00:00\",\"mainEntityOfPage\":{\"@id\":\"https:\/\/apuntesdesanluis.com\/index.php\/2024\/03\/20\/el-secretario-de-personas-con-discapacidad-se-reunio-con-autoridad-nacional\/\"},\"wordCount\":857,\"publisher\":{\"@id\":\"https:\/\/apuntesdesanluis.com\/#\/schema\/person\/b55151d52296fcce64d1a72538a70b90\"},\"image\":{\"@id\":\"https:\/\/apuntesdesanluis.com\/index.php\/2024\/03\/20\/el-secretario-de-personas-con-discapacidad-se-reunio-con-autoridad-nacional\/#primaryimage\"},\"thumbnailUrl\":\"https:\/\/apuntesdesanluis.com\/wp-content\/uploads\/2024\/03\/GIRAUDO-CON-SPGANUOLO-1.png\",\"articleSection\":[\"Ciudad\/Provincia\"],\"inLanguage\":\"es-AR\"},{\"@type\":\"WebPage\",\"@id\":\"https:\/\/apuntesdesanluis.com\/index.php\/2024\/03\/20\/el-secretario-de-personas-con-discapacidad-se-reunio-con-autoridad-nacional\/\",\"url\":\"https:\/\/apuntesdesanluis.com\/index.php\/2024\/03\/20\/el-secretario-de-personas-con-discapacidad-se-reunio-con-autoridad-nacional\/\",\"name\":\"EL SECRETARIO DE PERSONAS CON DISCAPACIDAD SE REUNI\u00d3 CON AUTORIDAD NACIONAL - Apuntes de San Luis\",\"isPartOf\":{\"@id\":\"https:\/\/apuntesdesanluis.com\/#website\"},\"primaryImageOfPage\":{\"@id\":\"https:\/\/apuntesdesanluis.com\/index.php\/2024\/03\/20\/el-secretario-de-personas-con-discapacidad-se-reunio-con-autoridad-nacional\/#primaryimage\"},\"image\":{\"@id\":\"https:\/\/apuntesdesanluis.com\/index.php\/2024\/03\/20\/el-secretario-de-personas-con-discapacidad-se-reunio-con-autoridad-nacional\/#primaryimage\"},\"thumbnailUrl\":\"https:\/\/apuntesdesanluis.com\/wp-content\/uploads\/2024\/03\/GIRAUDO-CON-SPGANUOLO-1.png\",\"datePublished\":\"2024-03-20T23:27:27+00:00\",\"dateModified\":\"2024-03-20T23:34:04+00:00\",\"breadcrumb\":{\"@id\":\"https:\/\/apuntesdesanluis.com\/index.php\/2024\/03\/20\/el-secretario-de-personas-con-discapacidad-se-reunio-con-autoridad-nacional\/#breadcrumb\"},\"inLanguage\":\"es-AR\",\"potentialAction\":[{\"@type\":\"ReadAction\",\"target\":[\"https:\/\/apuntesdesanluis.com\/index.php\/2024\/03\/20\/el-secretario-de-personas-con-discapacidad-se-reunio-con-autoridad-nacional\/\"]}]},{\"@type\":\"ImageObject\",\"inLanguage\":\"es-AR\",\"@id\":\"https:\/\/apuntesdesanluis.com\/index.php\/2024\/03\/20\/el-secretario-de-personas-con-discapacidad-se-reunio-con-autoridad-nacional\/#primaryimage\",\"url\":\"https:\/\/apuntesdesanluis.com\/wp-content\/uploads\/2024\/03\/GIRAUDO-CON-SPGANUOLO-1.png\",\"contentUrl\":\"https:\/\/apuntesdesanluis.com\/wp-content\/uploads\/2024\/03\/GIRAUDO-CON-SPGANUOLO-1.png\",\"width\":600,\"height\":314},{\"@type\":\"BreadcrumbList\",\"@id\":\"https:\/\/apuntesdesanluis.com\/index.php\/2024\/03\/20\/el-secretario-de-personas-con-discapacidad-se-reunio-con-autoridad-nacional\/#breadcrumb\",\"itemListElement\":[{\"@type\":\"ListItem\",\"position\":1,\"name\":\"Inicio\",\"item\":\"https:\/\/apuntesdesanluis.com\/\"},{\"@type\":\"ListItem\",\"position\":2,\"name\":\"EL SECRETARIO DE PERSONAS CON DISCAPACIDAD SE REUNI\u00d3 CON AUTORIDAD NACIONAL\"}]},{\"@type\":\"WebSite\",\"@id\":\"https:\/\/apuntesdesanluis.com\/#website\",\"url\":\"https:\/\/apuntesdesanluis.com\/\",\"name\":\"Apuntes de San Luis\",\"description\":\"\",\"publisher\":{\"@id\":\"https:\/\/apuntesdesanluis.com\/#\/schema\/person\/b55151d52296fcce64d1a72538a70b90\"},\"potentialAction\":[{\"@type\":\"SearchAction\",\"target\":{\"@type\":\"EntryPoint\",\"urlTemplate\":\"https:\/\/apuntesdesanluis.com\/?s={search_term_string}\"},\"query-input\":{\"@type\":\"PropertyValueSpecification\",\"valueRequired\":true,\"valueName\":\"search_term_string\"}}],\"inLanguage\":\"es-AR\"},{\"@type\":[\"Person\",\"Organization\"],\"@id\":\"https:\/\/apuntesdesanluis.com\/#\/schema\/person\/b55151d52296fcce64d1a72538a70b90\",\"name\":\"apuntesdesanluis.com\",\"image\":{\"@type\":\"ImageObject\",\"inLanguage\":\"es-AR\",\"@id\":\"https:\/\/apuntesdesanluis.com\/#\/schema\/person\/image\/\",\"url\":\"https:\/\/apuntesdesanluis.com\/wp-content\/uploads\/2023\/07\/cropped-apuntesdesanluis.png\",\"contentUrl\":\"https:\/\/apuntesdesanluis.com\/wp-content\/uploads\/2023\/07\/cropped-apuntesdesanluis.png\",\"width\":450,\"height\":112,\"caption\":\"apuntesdesanluis.com\"},\"logo\":{\"@id\":\"https:\/\/apuntesdesanluis.com\/#\/schema\/person\/image\/\"},\"sameAs\":[\"https:\/\/apuntesdesanluis.com\"],\"url\":\"https:\/\/apuntesdesanluis.com\/index.php\/author\/apuntesdesanluis-com\/\"}]}<\/script>\n<!-- \/ Yoast SEO plugin. -->","yoast_head_json":{"title":"EL SECRETARIO DE PERSONAS CON DISCAPACIDAD SE REUNI\u00d3 CON AUTORIDAD NACIONAL - Apuntes de San Luis","robots":{"index":"index","follow":"follow","max-snippet":"max-snippet:-1","max-image-preview":"max-image-preview:large","max-video-preview":"max-video-preview:-1"},"canonical":"https:\/\/apuntesdesanluis.com\/index.php\/2024\/03\/20\/el-secretario-de-personas-con-discapacidad-se-reunio-con-autoridad-nacional\/","og_locale":"es_ES","og_type":"article","og_title":"EL SECRETARIO DE PERSONAS CON DISCAPACIDAD SE REUNI\u00d3 CON AUTORIDAD NACIONAL - Apuntes de San Luis","og_description":"El secretario de Personas con Discapacidad, Luis Giraudo, viaj\u00f3 a la ciudad de Buenos Aires...","og_url":"https:\/\/apuntesdesanluis.com\/index.php\/2024\/03\/20\/el-secretario-de-personas-con-discapacidad-se-reunio-con-autoridad-nacional\/","og_site_name":"Apuntes de San Luis","article_published_time":"2024-03-20T23:27:27+00:00","article_modified_time":"2024-03-20T23:34:04+00:00","og_image":[{"width":600,"height":314,"url":"https:\/\/apuntesdesanluis.com\/wp-content\/uploads\/2024\/03\/GIRAUDO-CON-SPGANUOLO-1.png","type":"image\/png"}],"author":"apuntesdesanluis.com","twitter_card":"summary_large_image","twitter_misc":{"Escrito por":"apuntesdesanluis.com","Tiempo de lectura":"5 minutos"},"schema":{"@context":"https:\/\/schema.org","@graph":[{"@type":"Article","@id":"https:\/\/apuntesdesanluis.com\/index.php\/2024\/03\/20\/el-secretario-de-personas-con-discapacidad-se-reunio-con-autoridad-nacional\/#article","isPartOf":{"@id":"https:\/\/apuntesdesanluis.com\/index.php\/2024\/03\/20\/el-secretario-de-personas-con-discapacidad-se-reunio-con-autoridad-nacional\/"},"author":{"name":"apuntesdesanluis.com","@id":"https:\/\/apuntesdesanluis.com\/#\/schema\/person\/b55151d52296fcce64d1a72538a70b90"},"headline":"EL SECRETARIO DE PERSONAS CON DISCAPACIDAD SE REUNI\u00d3 CON AUTORIDAD NACIONAL","datePublished":"2024-03-20T23:27:27+00:00","dateModified":"2024-03-20T23:34:04+00:00","mainEntityOfPage":{"@id":"https:\/\/apuntesdesanluis.com\/index.php\/2024\/03\/20\/el-secretario-de-personas-con-discapacidad-se-reunio-con-autoridad-nacional\/"},"wordCount":857,"publisher":{"@id":"https:\/\/apuntesdesanluis.com\/#\/schema\/person\/b55151d52296fcce64d1a72538a70b90"},"image":{"@id":"https:\/\/apuntesdesanluis.com\/index.php\/2024\/03\/20\/el-secretario-de-personas-con-discapacidad-se-reunio-con-autoridad-nacional\/#primaryimage"},"thumbnailUrl":"https:\/\/apuntesdesanluis.com\/wp-content\/uploads\/2024\/03\/GIRAUDO-CON-SPGANUOLO-1.png","articleSection":["Ciudad\/Provincia"],"inLanguage":"es-AR"},{"@type":"WebPage","@id":"https:\/\/apuntesdesanluis.com\/index.php\/2024\/03\/20\/el-secretario-de-personas-con-discapacidad-se-reunio-con-autoridad-nacional\/","url":"https:\/\/apuntesdesanluis.com\/index.php\/2024\/03\/20\/el-secretario-de-personas-con-discapacidad-se-reunio-con-autoridad-nacional\/","name":"EL SECRETARIO DE PERSONAS CON DISCAPACIDAD SE REUNI\u00d3 CON AUTORIDAD NACIONAL - Apuntes de San Luis","isPartOf":{"@id":"https:\/\/apuntesdesanluis.com\/#website"},"primaryImageOfPage":{"@id":"https:\/\/apuntesdesanluis.com\/index.php\/2024\/03\/20\/el-secretario-de-personas-con-discapacidad-se-reunio-con-autoridad-nacional\/#primaryimage"},"image":{"@id":"https:\/\/apuntesdesanluis.com\/index.php\/2024\/03\/20\/el-secretario-de-personas-con-discapacidad-se-reunio-con-autoridad-nacional\/#primaryimage"},"thumbnailUrl":"https:\/\/apuntesdesanluis.com\/wp-content\/uploads\/2024\/03\/GIRAUDO-CON-SPGANUOLO-1.png","datePublished":"2024-03-20T23:27:27+00:00","dateModified":"2024-03-20T23:34:04+00:00","breadcrumb":{"@id":"https:\/\/apuntesdesanluis.com\/index.php\/2024\/03\/20\/el-secretario-de-personas-con-discapacidad-se-reunio-con-autoridad-nacional\/#breadcrumb"},"inLanguage":"es-AR","potentialAction":[{"@type":"ReadAction","target":["https:\/\/apuntesdesanluis.com\/index.php\/2024\/03\/20\/el-secretario-de-personas-con-discapacidad-se-reunio-con-autoridad-nacional\/"]}]},{"@type":"ImageObject","inLanguage":"es-AR","@id":"https:\/\/apuntesdesanluis.com\/index.php\/2024\/03\/20\/el-secretario-de-personas-con-discapacidad-se-reunio-con-autoridad-nacional\/#primaryimage","url":"https:\/\/apuntesdesanluis.com\/wp-content\/uploads\/2024\/03\/GIRAUDO-CON-SPGANUOLO-1.png","contentUrl":"https:\/\/apuntesdesanluis.com\/wp-content\/uploads\/2024\/03\/GIRAUDO-CON-SPGANUOLO-1.png","width":600,"height":314},{"@type":"BreadcrumbList","@id":"https:\/\/apuntesdesanluis.com\/index.php\/2024\/03\/20\/el-secretario-de-personas-con-discapacidad-se-reunio-con-autoridad-nacional\/#breadcrumb","itemListElement":[{"@type":"ListItem","position":1,"name":"Inicio","item":"https:\/\/apuntesdesanluis.com\/"},{"@type":"ListItem","position":2,"name":"EL SECRETARIO DE PERSONAS CON DISCAPACIDAD SE REUNI\u00d3 CON AUTORIDAD NACIONAL"}]},{"@type":"WebSite","@id":"https:\/\/apuntesdesanluis.com\/#website","url":"https:\/\/apuntesdesanluis.com\/","name":"Apuntes de San Luis","description":"","publisher":{"@id":"https:\/\/apuntesdesanluis.com\/#\/schema\/person\/b55151d52296fcce64d1a72538a70b90"},"potentialAction":[{"@type":"SearchAction","target":{"@type":"EntryPoint","urlTemplate":"https:\/\/apuntesdesanluis.com\/?s={search_term_string}"},"query-input":{"@type":"PropertyValueSpecification","valueRequired":true,"valueName":"search_term_string"}}],"inLanguage":"es-AR"},{"@type":["Person","Organization"],"@id":"https:\/\/apuntesdesanluis.com\/#\/schema\/person\/b55151d52296fcce64d1a72538a70b90","name":"apuntesdesanluis.com","image":{"@type":"ImageObject","inLanguage":"es-AR","@id":"https:\/\/apuntesdesanluis.com\/#\/schema\/person\/image\/","url":"https:\/\/apuntesdesanluis.com\/wp-content\/uploads\/2023\/07\/cropped-apuntesdesanluis.png","contentUrl":"https:\/\/apuntesdesanluis.com\/wp-content\/uploads\/2023\/07\/cropped-apuntesdesanluis.png","width":450,"height":112,"caption":"apuntesdesanluis.com"},"logo":{"@id":"https:\/\/apuntesdesanluis.com\/#\/schema\/person\/image\/"},"sameAs":["https:\/\/apuntesdesanluis.com"],"url":"https:\/\/apuntesdesanluis.com\/index.php\/author\/apuntesdesanluis-com\/"}]}},"featured_image_urls":{"full":["https:\/\/apuntesdesanluis.com\/wp-content\/uploads\/2024\/03\/GIRAUDO-CON-SPGANUOLO-1.png",600,314,false],"thumbnail":["https:\/\/apuntesdesanluis.com\/wp-content\/uploads\/2024\/03\/GIRAUDO-CON-SPGANUOLO-1-150x150.png",150,150,true],"medium":["https:\/\/apuntesdesanluis.com\/wp-content\/uploads\/2024\/03\/GIRAUDO-CON-SPGANUOLO-1-300x157.png",300,157,true],"medium_large":["https:\/\/apuntesdesanluis.com\/wp-content\/uploads\/2024\/03\/GIRAUDO-CON-SPGANUOLO-1.png",600,314,false],"large":["https:\/\/apuntesdesanluis.com\/wp-content\/uploads\/2024\/03\/GIRAUDO-CON-SPGANUOLO-1.png",600,314,false],"1536x1536":["https:\/\/apuntesdesanluis.com\/wp-content\/uploads\/2024\/03\/GIRAUDO-CON-SPGANUOLO-1.png",600,314,false],"2048x2048":["https:\/\/apuntesdesanluis.com\/wp-content\/uploads\/2024\/03\/GIRAUDO-CON-SPGANUOLO-1.png",600,314,false],"newsever-slider-full":["https:\/\/apuntesdesanluis.com\/wp-content\/uploads\/2024\/03\/GIRAUDO-CON-SPGANUOLO-1.png",600,314,false],"newsever-featured":["https:\/\/apuntesdesanluis.com\/wp-content\/uploads\/2024\/03\/GIRAUDO-CON-SPGANUOLO-1.png",600,314,false],"newsever-medium":["https:\/\/apuntesdesanluis.com\/wp-content\/uploads\/2024\/03\/GIRAUDO-CON-SPGANUOLO-1.png",600,314,false]},"author_info":{"display_name":"apuntesdesanluis.com","author_link":"https:\/\/apuntesdesanluis.com\/index.php\/author\/apuntesdesanluis-com\/"},"category_info":"<a href=\"https:\/\/apuntesdesanluis.com\/index.php\/category\/ciudad-provincia\/\" rel=\"category tag\">Ciudad\/Provincia<\/a>","tag_info":"Ciudad\/Provincia","comment_count":"0","_links":{"self":[{"href":"https:\/\/apuntesdesanluis.com\/index.php\/wp-json\/wp\/v2\/posts\/13411","targetHints":{"allow":["GET"]}}],"collection":[{"href":"https:\/\/apuntesdesanluis.com\/index.php\/wp-json\/wp\/v2\/posts"}],"about":[{"href":"https:\/\/apuntesdesanluis.com\/index.php\/wp-json\/wp\/v2\/types\/post"}],"author":[{"embeddable":true,"href":"https:\/\/apuntesdesanluis.com\/index.php\/wp-json\/wp\/v2\/users\/1"}],"replies":[{"embeddable":true,"href":"https:\/\/apuntesdesanluis.com\/index.php\/wp-json\/wp\/v2\/comments?post=13411"}],"version-history":[{"count":4,"href":"https:\/\/apuntesdesanluis.com\/index.php\/wp-json\/wp\/v2\/posts\/13411\/revisions"}],"predecessor-version":[{"id":13420,"href":"https:\/\/apuntesdesanluis.com\/index.php\/wp-json\/wp\/v2\/posts\/13411\/revisions\/13420"}],"wp:featuredmedia":[{"embeddable":true,"href":"https:\/\/apuntesdesanluis.com\/index.php\/wp-json\/wp\/v2\/media\/13417"}],"wp:attachment":[{"href":"https:\/\/apuntesdesanluis.com\/index.php\/wp-json\/wp\/v2\/media?parent=13411"}],"wp:term":[{"taxonomy":"category","embeddable":true,"href":"https:\/\/apuntesdesanluis.com\/index.php\/wp-json\/wp\/v2\/categories?post=13411"},{"taxonomy":"post_tag","embeddable":true,"href":"https:\/\/apuntesdesanluis.com\/index.php\/wp-json\/wp\/v2\/tags?post=13411"}],"curies":[{"name":"wp","href":"https:\/\/api.w.org\/{rel}","templated":true}]}}