{"id":13424,"date":"2024-03-20T21:17:40","date_gmt":"2024-03-21T00:17:40","guid":{"rendered":"https:\/\/apuntesdesanluis.com\/?p=13424"},"modified":"2024-03-20T21:17:40","modified_gmt":"2024-03-21T00:17:40","slug":"santa-rosa-prision-preventiva-para-el-hombre-acusado-de-matar-a-su-primo","status":"publish","type":"post","link":"https:\/\/apuntesdesanluis.com\/index.php\/2024\/03\/20\/santa-rosa-prision-preventiva-para-el-hombre-acusado-de-matar-a-su-primo\/","title":{"rendered":"SANTA ROSA: PRISI\u00d3N PREVENTIVA PARA EL HOMBRE ACUSADO DE MATAR A SU PRIMO"},"content":{"rendered":"<h3><strong>V.V.B.<\/strong> est\u00e1 se\u00f1alado como presunto autor del delito de homicidio simple, y permanecer\u00e1 alojado en el Servicio Penitenciario Provincial por un plazo de 45 d\u00edas a la espera de la resoluci\u00f3n procesal.<\/h3>\n<h3>Este 20 de marzo, culmin\u00f3 la pr\u00f3rroga de detenci\u00f3n solicitada por la defensa de V.V.B., el hombre de 42 a\u00f1os imputado por provocar la muerte de su primo con un arma blanca.<\/h3>\n<h3>El hecho que se investiga, ocurri\u00f3 en la madrugada del lunes 11 de marzo en la localidad de Santa Rosa del Conlara, m\u00e1s precisamente, en las inmediaciones de calles Corrientes y Moreno, cerca de la casa del imputado.<\/h3>\n<h3>El 12 de marzo, se llev\u00f3 a cabo la primera parte de la formulaci\u00f3n de cargos, donde la Fiscal D\u00e9bora Roy Gitto inform\u00f3 que testigos vieron a V.V.B. golpear a su primo y atacarlo con un cuchillo.<\/h3>\n<h3>De acuerdo al informe de autopsia, la v\u00edctima recibi\u00f3 una lesi\u00f3n de arma blanca en el t\u00f3rax, y la causa de muerte fue un shock hipovol\u00e9mico. Tambi\u00e9n ten\u00eda heridas en el cuello, manos y cuero cabelludo.<\/h3>\n<h3>Seg\u00fan refiri\u00f3 la fiscal, tiempo atr\u00e1s la v\u00edctima habr\u00eda mantenido una relaci\u00f3n sentimental con una mujer de Santa Rosa, que tambi\u00e9n fue pareja del presunto victimario, con quien tiene dos hijas. En ese contexto se habr\u00eda gestado el conflicto que desencaden\u00f3 en el hecho luctuoso del pasado 11 de marzo.<\/h3>\n<h3>En la audiencia realizada este mi\u00e9rcoles, el imputado pidi\u00f3 declarar. Detall\u00f3 que su vivienda se encuentra en el mismo terreno donde se domicilia su ex pareja y madre de sus dos hijas y que, en la madrugada del 11 de marzo, su primo (cuyas iniciales son R.F.B.) se present\u00f3 en la casa de la mujer pegando patadas y pu\u00f1etazos en la puerta, repitiendo la misma acci\u00f3n en su casa. Al observar que el hombre llevaba un arma blanca en la mano y, ante el peligro de lo que pod\u00eda suceder, se calz\u00f3 un cuchillo en la cintura y abri\u00f3 la puerta. Dijo que su primo le vocifer\u00f3: \u201cVos te quedaste con mi mujer\u201d, y all\u00ed empez\u00f3 el enfrentamiento. Salieron a la calle, su primo lo \u201cencaraba\u201d y \u00e9l retroced\u00eda. Se golpearon y embistieron con los cuchillos, hasta que una persona que iba pasando en un auto le grit\u00f3: \u201c\u00bfQu\u00e9 est\u00e1s haciendo?\u201d, situaci\u00f3n que puso fin al altercado. Su primo hab\u00eda ca\u00eddo al suelo, y \u00e9l tom\u00f3 ambos cuchillos por miedo a que el agresor volviera a su casa. En el camino lo intercept\u00f3 la polic\u00eda, a quien le entreg\u00f3 las dos armas.<\/h3>\n<h3>Relat\u00f3 que la madre de sus hijas tuvo una relaci\u00f3n posterior con R.F.B., y que sus hijas le contaban que \u00e9l la maltrataba, y que tambi\u00e9n sus hijas recibieron malos tratos.<\/h3>\n<h3>La defensa del imputado, Dr. H\u00e9ctor Zavala Ag\u00fcero, consider\u00f3 que su defendido actu\u00f3 en leg\u00edtima defensa, de bienes propios y de terceros, esto es, la vida y la integridad tanto de \u00e9l como de sus hijas y de la madre de \u00e9stas. Para respaldar su argumento, mencion\u00f3 los mensajes que R.F.B. le envi\u00f3 a su ex momentos previos a que se presentara en su casa, donde le dec\u00eda que iba a \u201cromperle todo\u201d. Tambi\u00e9n refiri\u00f3 que, hasta hace un mes atr\u00e1s, el primo de su defendido ten\u00eda una prohibici\u00f3n de acercamiento hacia la mujer por violencia familiar.<\/h3>\n<h3>No obstante, la fiscal\u00eda sostuvo la imputaci\u00f3n en contra de V.V.B. por el delito de homicidio simple y requiri\u00f3 el dictado de la prisi\u00f3n preventiva por un plazo de dos meses a fin de evitar el peligro de fuga y el entorpecimiento de la investigaci\u00f3n. Tambi\u00e9n fundament\u00f3 su pedido en la gravedad del hecho y en la pena de prisi\u00f3n que podr\u00eda recaer sobre el imputado en caso de una eventual condena.<\/h3>\n<h3>La defensa se opuso al dictado de la preventiva, aduciendo que no exist\u00edan tales riesgos procesales y propuso, subsidiariamente, la prisi\u00f3n domiciliaria.<\/h3>\n<h3>Luego de escuchar a las partes, el magistrado subrogante del Juzgado de Garant\u00eda N\u00b01 de la Tercera Circunscripci\u00f3n, Jorge Pinto, resolvi\u00f3 tener por formulados los cargos en contra del imputado; conceder 90 d\u00edas al Ministerio Fiscal para finalizar la investigaci\u00f3n, y dictar la prisi\u00f3n preventiva para V.V.B. por el plazo de 45 d\u00edas, ordenando su traslado al Servicio Penitenciario Provincial.<\/h3>\n<p>,,,,,,,,,,<\/p>\n<h3><em>Nota aclarativa: en virtud del principio de inocencia, consagrado como garant\u00eda constitucional, no se consignan los datos identificatorios de la persona imputada hasta tanto se resuelva su situaci\u00f3n procesal de manera definitiva.<\/em><\/h3>\n<p>&nbsp;<\/p>\n<p>&nbsp;<\/p>\n<p>&nbsp;<\/p>\n","protected":false},"excerpt":{"rendered":"<p>V.V.B. est\u00e1 se\u00f1alado como presunto autor del delito de homicidio simple, y permanecer\u00e1 alojado en&#8230;<\/p>\n","protected":false},"author":1,"featured_media":13427,"comment_status":"closed","ping_status":"closed","sticky":false,"template":"","format":"standard","meta":{"footnotes":""},"categories":[6],"tags":[],"class_list":["post-13424","post","type-post","status-publish","format-standard","has-post-thumbnail","hentry","category-ciudad-provincia"],"yoast_head":"<!-- This site is optimized with the Yoast SEO plugin v26.1.1 - https:\/\/yoast.com\/wordpress\/plugins\/seo\/ -->\n<title>SANTA ROSA: PRISI\u00d3N PREVENTIVA PARA EL HOMBRE ACUSADO DE MATAR A SU PRIMO - Apuntes de San Luis<\/title>\n<meta name=\"robots\" content=\"index, follow, max-snippet:-1, max-image-preview:large, max-video-preview:-1\" \/>\n<link rel=\"canonical\" href=\"https:\/\/apuntesdesanluis.com\/index.php\/2024\/03\/20\/santa-rosa-prision-preventiva-para-el-hombre-acusado-de-matar-a-su-primo\/\" \/>\n<meta property=\"og:locale\" content=\"es_ES\" \/>\n<meta property=\"og:type\" content=\"article\" \/>\n<meta property=\"og:title\" content=\"SANTA ROSA: PRISI\u00d3N PREVENTIVA PARA EL HOMBRE ACUSADO DE MATAR A SU PRIMO - Apuntes de San Luis\" \/>\n<meta property=\"og:description\" content=\"V.V.B. est\u00e1 se\u00f1alado como presunto autor del delito de homicidio simple, y permanecer\u00e1 alojado en...\" \/>\n<meta property=\"og:url\" content=\"https:\/\/apuntesdesanluis.com\/index.php\/2024\/03\/20\/santa-rosa-prision-preventiva-para-el-hombre-acusado-de-matar-a-su-primo\/\" \/>\n<meta property=\"og:site_name\" content=\"Apuntes de San Luis\" \/>\n<meta property=\"article:published_time\" content=\"2024-03-21T00:17:40+00:00\" \/>\n<meta property=\"og:image\" content=\"https:\/\/apuntesdesanluis.com\/wp-content\/uploads\/2024\/03\/AUDIENCIA-7.png\" \/>\n\t<meta property=\"og:image:width\" content=\"716\" \/>\n\t<meta property=\"og:image:height\" content=\"411\" \/>\n\t<meta property=\"og:image:type\" content=\"image\/png\" \/>\n<meta name=\"author\" content=\"apuntesdesanluis.com\" \/>\n<meta name=\"twitter:card\" content=\"summary_large_image\" \/>\n<meta name=\"twitter:label1\" content=\"Escrito por\" \/>\n\t<meta name=\"twitter:data1\" content=\"apuntesdesanluis.com\" \/>\n\t<meta name=\"twitter:label2\" content=\"Tiempo de lectura\" \/>\n\t<meta name=\"twitter:data2\" content=\"4 minutos\" \/>\n<script type=\"application\/ld+json\" class=\"yoast-schema-graph\">{\"@context\":\"https:\/\/schema.org\",\"@graph\":[{\"@type\":\"Article\",\"@id\":\"https:\/\/apuntesdesanluis.com\/index.php\/2024\/03\/20\/santa-rosa-prision-preventiva-para-el-hombre-acusado-de-matar-a-su-primo\/#article\",\"isPartOf\":{\"@id\":\"https:\/\/apuntesdesanluis.com\/index.php\/2024\/03\/20\/santa-rosa-prision-preventiva-para-el-hombre-acusado-de-matar-a-su-primo\/\"},\"author\":{\"name\":\"apuntesdesanluis.com\",\"@id\":\"https:\/\/apuntesdesanluis.com\/#\/schema\/person\/b55151d52296fcce64d1a72538a70b90\"},\"headline\":\"SANTA ROSA: PRISI\u00d3N PREVENTIVA PARA EL HOMBRE ACUSADO DE MATAR A SU PRIMO\",\"datePublished\":\"2024-03-21T00:17:40+00:00\",\"mainEntityOfPage\":{\"@id\":\"https:\/\/apuntesdesanluis.com\/index.php\/2024\/03\/20\/santa-rosa-prision-preventiva-para-el-hombre-acusado-de-matar-a-su-primo\/\"},\"wordCount\":814,\"publisher\":{\"@id\":\"https:\/\/apuntesdesanluis.com\/#\/schema\/person\/b55151d52296fcce64d1a72538a70b90\"},\"image\":{\"@id\":\"https:\/\/apuntesdesanluis.com\/index.php\/2024\/03\/20\/santa-rosa-prision-preventiva-para-el-hombre-acusado-de-matar-a-su-primo\/#primaryimage\"},\"thumbnailUrl\":\"https:\/\/apuntesdesanluis.com\/wp-content\/uploads\/2024\/03\/AUDIENCIA-7.png\",\"articleSection\":[\"Ciudad\/Provincia\"],\"inLanguage\":\"es-AR\"},{\"@type\":\"WebPage\",\"@id\":\"https:\/\/apuntesdesanluis.com\/index.php\/2024\/03\/20\/santa-rosa-prision-preventiva-para-el-hombre-acusado-de-matar-a-su-primo\/\",\"url\":\"https:\/\/apuntesdesanluis.com\/index.php\/2024\/03\/20\/santa-rosa-prision-preventiva-para-el-hombre-acusado-de-matar-a-su-primo\/\",\"name\":\"SANTA ROSA: PRISI\u00d3N PREVENTIVA PARA EL HOMBRE ACUSADO DE MATAR A SU PRIMO - Apuntes de San Luis\",\"isPartOf\":{\"@id\":\"https:\/\/apuntesdesanluis.com\/#website\"},\"primaryImageOfPage\":{\"@id\":\"https:\/\/apuntesdesanluis.com\/index.php\/2024\/03\/20\/santa-rosa-prision-preventiva-para-el-hombre-acusado-de-matar-a-su-primo\/#primaryimage\"},\"image\":{\"@id\":\"https:\/\/apuntesdesanluis.com\/index.php\/2024\/03\/20\/santa-rosa-prision-preventiva-para-el-hombre-acusado-de-matar-a-su-primo\/#primaryimage\"},\"thumbnailUrl\":\"https:\/\/apuntesdesanluis.com\/wp-content\/uploads\/2024\/03\/AUDIENCIA-7.png\",\"datePublished\":\"2024-03-21T00:17:40+00:00\",\"breadcrumb\":{\"@id\":\"https:\/\/apuntesdesanluis.com\/index.php\/2024\/03\/20\/santa-rosa-prision-preventiva-para-el-hombre-acusado-de-matar-a-su-primo\/#breadcrumb\"},\"inLanguage\":\"es-AR\",\"potentialAction\":[{\"@type\":\"ReadAction\",\"target\":[\"https:\/\/apuntesdesanluis.com\/index.php\/2024\/03\/20\/santa-rosa-prision-preventiva-para-el-hombre-acusado-de-matar-a-su-primo\/\"]}]},{\"@type\":\"ImageObject\",\"inLanguage\":\"es-AR\",\"@id\":\"https:\/\/apuntesdesanluis.com\/index.php\/2024\/03\/20\/santa-rosa-prision-preventiva-para-el-hombre-acusado-de-matar-a-su-primo\/#primaryimage\",\"url\":\"https:\/\/apuntesdesanluis.com\/wp-content\/uploads\/2024\/03\/AUDIENCIA-7.png\",\"contentUrl\":\"https:\/\/apuntesdesanluis.com\/wp-content\/uploads\/2024\/03\/AUDIENCIA-7.png\",\"width\":716,\"height\":411},{\"@type\":\"BreadcrumbList\",\"@id\":\"https:\/\/apuntesdesanluis.com\/index.php\/2024\/03\/20\/santa-rosa-prision-preventiva-para-el-hombre-acusado-de-matar-a-su-primo\/#breadcrumb\",\"itemListElement\":[{\"@type\":\"ListItem\",\"position\":1,\"name\":\"Inicio\",\"item\":\"https:\/\/apuntesdesanluis.com\/\"},{\"@type\":\"ListItem\",\"position\":2,\"name\":\"SANTA ROSA: PRISI\u00d3N PREVENTIVA PARA EL HOMBRE ACUSADO DE MATAR A SU PRIMO\"}]},{\"@type\":\"WebSite\",\"@id\":\"https:\/\/apuntesdesanluis.com\/#website\",\"url\":\"https:\/\/apuntesdesanluis.com\/\",\"name\":\"Apuntes de San Luis\",\"description\":\"\",\"publisher\":{\"@id\":\"https:\/\/apuntesdesanluis.com\/#\/schema\/person\/b55151d52296fcce64d1a72538a70b90\"},\"potentialAction\":[{\"@type\":\"SearchAction\",\"target\":{\"@type\":\"EntryPoint\",\"urlTemplate\":\"https:\/\/apuntesdesanluis.com\/?s={search_term_string}\"},\"query-input\":{\"@type\":\"PropertyValueSpecification\",\"valueRequired\":true,\"valueName\":\"search_term_string\"}}],\"inLanguage\":\"es-AR\"},{\"@type\":[\"Person\",\"Organization\"],\"@id\":\"https:\/\/apuntesdesanluis.com\/#\/schema\/person\/b55151d52296fcce64d1a72538a70b90\",\"name\":\"apuntesdesanluis.com\",\"image\":{\"@type\":\"ImageObject\",\"inLanguage\":\"es-AR\",\"@id\":\"https:\/\/apuntesdesanluis.com\/#\/schema\/person\/image\/\",\"url\":\"https:\/\/apuntesdesanluis.com\/wp-content\/uploads\/2023\/07\/cropped-apuntesdesanluis.png\",\"contentUrl\":\"https:\/\/apuntesdesanluis.com\/wp-content\/uploads\/2023\/07\/cropped-apuntesdesanluis.png\",\"width\":450,\"height\":112,\"caption\":\"apuntesdesanluis.com\"},\"logo\":{\"@id\":\"https:\/\/apuntesdesanluis.com\/#\/schema\/person\/image\/\"},\"sameAs\":[\"https:\/\/apuntesdesanluis.com\"],\"url\":\"https:\/\/apuntesdesanluis.com\/index.php\/author\/apuntesdesanluis-com\/\"}]}<\/script>\n<!-- \/ Yoast SEO plugin. -->","yoast_head_json":{"title":"SANTA ROSA: PRISI\u00d3N PREVENTIVA PARA EL HOMBRE ACUSADO DE MATAR A SU PRIMO - Apuntes de San Luis","robots":{"index":"index","follow":"follow","max-snippet":"max-snippet:-1","max-image-preview":"max-image-preview:large","max-video-preview":"max-video-preview:-1"},"canonical":"https:\/\/apuntesdesanluis.com\/index.php\/2024\/03\/20\/santa-rosa-prision-preventiva-para-el-hombre-acusado-de-matar-a-su-primo\/","og_locale":"es_ES","og_type":"article","og_title":"SANTA ROSA: PRISI\u00d3N PREVENTIVA PARA EL HOMBRE ACUSADO DE MATAR A SU PRIMO - Apuntes de San Luis","og_description":"V.V.B. est\u00e1 se\u00f1alado como presunto autor del delito de homicidio simple, y permanecer\u00e1 alojado en...","og_url":"https:\/\/apuntesdesanluis.com\/index.php\/2024\/03\/20\/santa-rosa-prision-preventiva-para-el-hombre-acusado-de-matar-a-su-primo\/","og_site_name":"Apuntes de San Luis","article_published_time":"2024-03-21T00:17:40+00:00","og_image":[{"width":716,"height":411,"url":"https:\/\/apuntesdesanluis.com\/wp-content\/uploads\/2024\/03\/AUDIENCIA-7.png","type":"image\/png"}],"author":"apuntesdesanluis.com","twitter_card":"summary_large_image","twitter_misc":{"Escrito por":"apuntesdesanluis.com","Tiempo de lectura":"4 minutos"},"schema":{"@context":"https:\/\/schema.org","@graph":[{"@type":"Article","@id":"https:\/\/apuntesdesanluis.com\/index.php\/2024\/03\/20\/santa-rosa-prision-preventiva-para-el-hombre-acusado-de-matar-a-su-primo\/#article","isPartOf":{"@id":"https:\/\/apuntesdesanluis.com\/index.php\/2024\/03\/20\/santa-rosa-prision-preventiva-para-el-hombre-acusado-de-matar-a-su-primo\/"},"author":{"name":"apuntesdesanluis.com","@id":"https:\/\/apuntesdesanluis.com\/#\/schema\/person\/b55151d52296fcce64d1a72538a70b90"},"headline":"SANTA ROSA: PRISI\u00d3N PREVENTIVA PARA EL HOMBRE ACUSADO DE MATAR A SU PRIMO","datePublished":"2024-03-21T00:17:40+00:00","mainEntityOfPage":{"@id":"https:\/\/apuntesdesanluis.com\/index.php\/2024\/03\/20\/santa-rosa-prision-preventiva-para-el-hombre-acusado-de-matar-a-su-primo\/"},"wordCount":814,"publisher":{"@id":"https:\/\/apuntesdesanluis.com\/#\/schema\/person\/b55151d52296fcce64d1a72538a70b90"},"image":{"@id":"https:\/\/apuntesdesanluis.com\/index.php\/2024\/03\/20\/santa-rosa-prision-preventiva-para-el-hombre-acusado-de-matar-a-su-primo\/#primaryimage"},"thumbnailUrl":"https:\/\/apuntesdesanluis.com\/wp-content\/uploads\/2024\/03\/AUDIENCIA-7.png","articleSection":["Ciudad\/Provincia"],"inLanguage":"es-AR"},{"@type":"WebPage","@id":"https:\/\/apuntesdesanluis.com\/index.php\/2024\/03\/20\/santa-rosa-prision-preventiva-para-el-hombre-acusado-de-matar-a-su-primo\/","url":"https:\/\/apuntesdesanluis.com\/index.php\/2024\/03\/20\/santa-rosa-prision-preventiva-para-el-hombre-acusado-de-matar-a-su-primo\/","name":"SANTA ROSA: PRISI\u00d3N PREVENTIVA PARA EL HOMBRE ACUSADO DE MATAR A SU PRIMO - Apuntes de San Luis","isPartOf":{"@id":"https:\/\/apuntesdesanluis.com\/#website"},"primaryImageOfPage":{"@id":"https:\/\/apuntesdesanluis.com\/index.php\/2024\/03\/20\/santa-rosa-prision-preventiva-para-el-hombre-acusado-de-matar-a-su-primo\/#primaryimage"},"image":{"@id":"https:\/\/apuntesdesanluis.com\/index.php\/2024\/03\/20\/santa-rosa-prision-preventiva-para-el-hombre-acusado-de-matar-a-su-primo\/#primaryimage"},"thumbnailUrl":"https:\/\/apuntesdesanluis.com\/wp-content\/uploads\/2024\/03\/AUDIENCIA-7.png","datePublished":"2024-03-21T00:17:40+00:00","breadcrumb":{"@id":"https:\/\/apuntesdesanluis.com\/index.php\/2024\/03\/20\/santa-rosa-prision-preventiva-para-el-hombre-acusado-de-matar-a-su-primo\/#breadcrumb"},"inLanguage":"es-AR","potentialAction":[{"@type":"ReadAction","target":["https:\/\/apuntesdesanluis.com\/index.php\/2024\/03\/20\/santa-rosa-prision-preventiva-para-el-hombre-acusado-de-matar-a-su-primo\/"]}]},{"@type":"ImageObject","inLanguage":"es-AR","@id":"https:\/\/apuntesdesanluis.com\/index.php\/2024\/03\/20\/santa-rosa-prision-preventiva-para-el-hombre-acusado-de-matar-a-su-primo\/#primaryimage","url":"https:\/\/apuntesdesanluis.com\/wp-content\/uploads\/2024\/03\/AUDIENCIA-7.png","contentUrl":"https:\/\/apuntesdesanluis.com\/wp-content\/uploads\/2024\/03\/AUDIENCIA-7.png","width":716,"height":411},{"@type":"BreadcrumbList","@id":"https:\/\/apuntesdesanluis.com\/index.php\/2024\/03\/20\/santa-rosa-prision-preventiva-para-el-hombre-acusado-de-matar-a-su-primo\/#breadcrumb","itemListElement":[{"@type":"ListItem","position":1,"name":"Inicio","item":"https:\/\/apuntesdesanluis.com\/"},{"@type":"ListItem","position":2,"name":"SANTA ROSA: PRISI\u00d3N PREVENTIVA PARA EL HOMBRE ACUSADO DE MATAR A SU PRIMO"}]},{"@type":"WebSite","@id":"https:\/\/apuntesdesanluis.com\/#website","url":"https:\/\/apuntesdesanluis.com\/","name":"Apuntes de San Luis","description":"","publisher":{"@id":"https:\/\/apuntesdesanluis.com\/#\/schema\/person\/b55151d52296fcce64d1a72538a70b90"},"potentialAction":[{"@type":"SearchAction","target":{"@type":"EntryPoint","urlTemplate":"https:\/\/apuntesdesanluis.com\/?s={search_term_string}"},"query-input":{"@type":"PropertyValueSpecification","valueRequired":true,"valueName":"search_term_string"}}],"inLanguage":"es-AR"},{"@type":["Person","Organization"],"@id":"https:\/\/apuntesdesanluis.com\/#\/schema\/person\/b55151d52296fcce64d1a72538a70b90","name":"apuntesdesanluis.com","image":{"@type":"ImageObject","inLanguage":"es-AR","@id":"https:\/\/apuntesdesanluis.com\/#\/schema\/person\/image\/","url":"https:\/\/apuntesdesanluis.com\/wp-content\/uploads\/2023\/07\/cropped-apuntesdesanluis.png","contentUrl":"https:\/\/apuntesdesanluis.com\/wp-content\/uploads\/2023\/07\/cropped-apuntesdesanluis.png","width":450,"height":112,"caption":"apuntesdesanluis.com"},"logo":{"@id":"https:\/\/apuntesdesanluis.com\/#\/schema\/person\/image\/"},"sameAs":["https:\/\/apuntesdesanluis.com"],"url":"https:\/\/apuntesdesanluis.com\/index.php\/author\/apuntesdesanluis-com\/"}]}},"featured_image_urls":{"full":["https:\/\/apuntesdesanluis.com\/wp-content\/uploads\/2024\/03\/AUDIENCIA-7.png",716,411,false],"thumbnail":["https:\/\/apuntesdesanluis.com\/wp-content\/uploads\/2024\/03\/AUDIENCIA-7-150x150.png",150,150,true],"medium":["https:\/\/apuntesdesanluis.com\/wp-content\/uploads\/2024\/03\/AUDIENCIA-7-300x172.png",300,172,true],"medium_large":["https:\/\/apuntesdesanluis.com\/wp-content\/uploads\/2024\/03\/AUDIENCIA-7.png",640,367,false],"large":["https:\/\/apuntesdesanluis.com\/wp-content\/uploads\/2024\/03\/AUDIENCIA-7.png",640,367,false],"1536x1536":["https:\/\/apuntesdesanluis.com\/wp-content\/uploads\/2024\/03\/AUDIENCIA-7.png",716,411,false],"2048x2048":["https:\/\/apuntesdesanluis.com\/wp-content\/uploads\/2024\/03\/AUDIENCIA-7.png",716,411,false],"newsever-slider-full":["https:\/\/apuntesdesanluis.com\/wp-content\/uploads\/2024\/03\/AUDIENCIA-7.png",716,411,false],"newsever-featured":["https:\/\/apuntesdesanluis.com\/wp-content\/uploads\/2024\/03\/AUDIENCIA-7.png",716,411,false],"newsever-medium":["https:\/\/apuntesdesanluis.com\/wp-content\/uploads\/2024\/03\/AUDIENCIA-7.png",716,411,false]},"author_info":{"display_name":"apuntesdesanluis.com","author_link":"https:\/\/apuntesdesanluis.com\/index.php\/author\/apuntesdesanluis-com\/"},"category_info":"<a href=\"https:\/\/apuntesdesanluis.com\/index.php\/category\/ciudad-provincia\/\" rel=\"category tag\">Ciudad\/Provincia<\/a>","tag_info":"Ciudad\/Provincia","comment_count":"0","_links":{"self":[{"href":"https:\/\/apuntesdesanluis.com\/index.php\/wp-json\/wp\/v2\/posts\/13424","targetHints":{"allow":["GET"]}}],"collection":[{"href":"https:\/\/apuntesdesanluis.com\/index.php\/wp-json\/wp\/v2\/posts"}],"about":[{"href":"https:\/\/apuntesdesanluis.com\/index.php\/wp-json\/wp\/v2\/types\/post"}],"author":[{"embeddable":true,"href":"https:\/\/apuntesdesanluis.com\/index.php\/wp-json\/wp\/v2\/users\/1"}],"replies":[{"embeddable":true,"href":"https:\/\/apuntesdesanluis.com\/index.php\/wp-json\/wp\/v2\/comments?post=13424"}],"version-history":[{"count":3,"href":"https:\/\/apuntesdesanluis.com\/index.php\/wp-json\/wp\/v2\/posts\/13424\/revisions"}],"predecessor-version":[{"id":13428,"href":"https:\/\/apuntesdesanluis.com\/index.php\/wp-json\/wp\/v2\/posts\/13424\/revisions\/13428"}],"wp:featuredmedia":[{"embeddable":true,"href":"https:\/\/apuntesdesanluis.com\/index.php\/wp-json\/wp\/v2\/media\/13427"}],"wp:attachment":[{"href":"https:\/\/apuntesdesanluis.com\/index.php\/wp-json\/wp\/v2\/media?parent=13424"}],"wp:term":[{"taxonomy":"category","embeddable":true,"href":"https:\/\/apuntesdesanluis.com\/index.php\/wp-json\/wp\/v2\/categories?post=13424"},{"taxonomy":"post_tag","embeddable":true,"href":"https:\/\/apuntesdesanluis.com\/index.php\/wp-json\/wp\/v2\/tags?post=13424"}],"curies":[{"name":"wp","href":"https:\/\/api.w.org\/{rel}","templated":true}]}}