{"id":13466,"date":"2024-03-21T08:23:56","date_gmt":"2024-03-21T11:23:56","guid":{"rendered":"https:\/\/apuntesdesanluis.com\/?p=13466"},"modified":"2024-03-21T08:23:56","modified_gmt":"2024-03-21T11:23:56","slug":"la-policia-recupero-una-camioneta-que-habia-sido-robada-en-mendoza","status":"publish","type":"post","link":"https:\/\/apuntesdesanluis.com\/index.php\/2024\/03\/21\/la-policia-recupero-una-camioneta-que-habia-sido-robada-en-mendoza\/","title":{"rendered":"LA POLIC\u00cdA RECUPER\u00d3 UNA CAMIONETA QUE HAB\u00cdA SIDO ROBADA EN MENDOZA"},"content":{"rendered":"<h3>En base a diversas tareas investigativas y en un trabajo que cont\u00f3 con la colaboraci\u00f3n de personal del SISPRO y Polic\u00eda Caminera, efectivos de la Direcci\u00f3n General de Investigaciones de la Polic\u00eda de la Provincia recuperaron este mi\u00e9rcoles por la noche, en la ciudad de San Luis, una camioneta Volkswagen Amarok, la cual hab\u00eda sido robada en la provincia de Mendoza el pasado 24 de febrero.<\/h3>\n<h3>Mediante distintos seguimientos a trav\u00e9s de las c\u00e1maras de seguridad, se pudo establecer como \u00faltima ubicaci\u00f3n del veh\u00edculo las inmediaciones de calles Don Bosco y Arist\u00f3bulo del Valle.<\/h3>\n<p><img fetchpriority=\"high\" decoding=\"async\" class=\"wp-image-13468 aligncenter\" src=\"https:\/\/apuntesdesanluis.com\/wp-content\/uploads\/2024\/03\/amarok-300x152.jpg\" alt=\"\" width=\"557\" height=\"282\" srcset=\"https:\/\/apuntesdesanluis.com\/wp-content\/uploads\/2024\/03\/amarok-300x152.jpg 300w, https:\/\/apuntesdesanluis.com\/wp-content\/uploads\/2024\/03\/amarok.jpg 600w\" sizes=\"(max-width: 557px) 100vw, 557px\" \/><\/p>\n<h3>Los efectivos policiales observaron el veh\u00edculo estacionado sobre un descampado en la zona, y constataron que estaba sin las medidas de seguridad y sin la llave de arranque.<\/h3>\n<h3>Posteriormente, se procedi\u00f3 al secuestro y traslado de la camioneta.<\/h3>\n<h3>Tom\u00f3 intervenci\u00f3n la Unidad de Abordaje Fiscal de la Primera Circunscripci\u00f3n Judicial, a cargo del Dr. Andr\u00e9s Salas, y la causa est\u00e1 caratulada \u201caveriguaci\u00f3n procedencia de rodado\u201d.<\/h3>\n<p>&nbsp;<\/p>\n<p>&nbsp;<\/p>\n<p>&nbsp;<\/p>\n","protected":false},"excerpt":{"rendered":"<p>En base a diversas tareas investigativas y en un trabajo que cont\u00f3 con la colaboraci\u00f3n&#8230;<\/p>\n","protected":false},"author":1,"featured_media":13467,"comment_status":"closed","ping_status":"closed","sticky":false,"template":"","format":"standard","meta":{"footnotes":""},"categories":[6],"tags":[],"class_list":["post-13466","post","type-post","status-publish","format-standard","has-post-thumbnail","hentry","category-ciudad-provincia"],"yoast_head":"<!-- This site is optimized with the Yoast SEO plugin v26.1.1 - https:\/\/yoast.com\/wordpress\/plugins\/seo\/ -->\n<title>LA POLIC\u00cdA RECUPER\u00d3 UNA CAMIONETA QUE HAB\u00cdA SIDO ROBADA EN MENDOZA - Apuntes de San Luis<\/title>\n<meta name=\"robots\" content=\"index, follow, max-snippet:-1, max-image-preview:large, max-video-preview:-1\" \/>\n<link rel=\"canonical\" href=\"https:\/\/apuntesdesanluis.com\/index.php\/2024\/03\/21\/la-policia-recupero-una-camioneta-que-habia-sido-robada-en-mendoza\/\" \/>\n<meta property=\"og:locale\" content=\"es_ES\" \/>\n<meta property=\"og:type\" content=\"article\" \/>\n<meta property=\"og:title\" content=\"LA POLIC\u00cdA RECUPER\u00d3 UNA CAMIONETA QUE HAB\u00cdA SIDO ROBADA EN MENDOZA - Apuntes de San Luis\" \/>\n<meta property=\"og:description\" content=\"En base a diversas tareas investigativas y en un trabajo que cont\u00f3 con la colaboraci\u00f3n...\" \/>\n<meta property=\"og:url\" content=\"https:\/\/apuntesdesanluis.com\/index.php\/2024\/03\/21\/la-policia-recupero-una-camioneta-que-habia-sido-robada-en-mendoza\/\" \/>\n<meta property=\"og:site_name\" content=\"Apuntes de San Luis\" \/>\n<meta property=\"article:published_time\" content=\"2024-03-21T11:23:56+00:00\" \/>\n<meta property=\"og:image\" content=\"https:\/\/apuntesdesanluis.com\/wp-content\/uploads\/2024\/03\/camioneta-policia.jpg\" \/>\n\t<meta property=\"og:image:width\" content=\"600\" \/>\n\t<meta property=\"og:image:height\" content=\"379\" \/>\n\t<meta property=\"og:image:type\" content=\"image\/jpeg\" \/>\n<meta name=\"author\" content=\"apuntesdesanluis.com\" \/>\n<meta name=\"twitter:card\" content=\"summary_large_image\" \/>\n<meta name=\"twitter:label1\" content=\"Escrito por\" \/>\n\t<meta name=\"twitter:data1\" content=\"apuntesdesanluis.com\" \/>\n\t<meta name=\"twitter:label2\" content=\"Tiempo de lectura\" \/>\n\t<meta name=\"twitter:data2\" content=\"1 minuto\" \/>\n<script type=\"application\/ld+json\" class=\"yoast-schema-graph\">{\"@context\":\"https:\/\/schema.org\",\"@graph\":[{\"@type\":\"Article\",\"@id\":\"https:\/\/apuntesdesanluis.com\/index.php\/2024\/03\/21\/la-policia-recupero-una-camioneta-que-habia-sido-robada-en-mendoza\/#article\",\"isPartOf\":{\"@id\":\"https:\/\/apuntesdesanluis.com\/index.php\/2024\/03\/21\/la-policia-recupero-una-camioneta-que-habia-sido-robada-en-mendoza\/\"},\"author\":{\"name\":\"apuntesdesanluis.com\",\"@id\":\"https:\/\/apuntesdesanluis.com\/#\/schema\/person\/b55151d52296fcce64d1a72538a70b90\"},\"headline\":\"LA POLIC\u00cdA RECUPER\u00d3 UNA CAMIONETA QUE HAB\u00cdA SIDO ROBADA EN MENDOZA\",\"datePublished\":\"2024-03-21T11:23:56+00:00\",\"mainEntityOfPage\":{\"@id\":\"https:\/\/apuntesdesanluis.com\/index.php\/2024\/03\/21\/la-policia-recupero-una-camioneta-que-habia-sido-robada-en-mendoza\/\"},\"wordCount\":190,\"publisher\":{\"@id\":\"https:\/\/apuntesdesanluis.com\/#\/schema\/person\/b55151d52296fcce64d1a72538a70b90\"},\"image\":{\"@id\":\"https:\/\/apuntesdesanluis.com\/index.php\/2024\/03\/21\/la-policia-recupero-una-camioneta-que-habia-sido-robada-en-mendoza\/#primaryimage\"},\"thumbnailUrl\":\"https:\/\/apuntesdesanluis.com\/wp-content\/uploads\/2024\/03\/camioneta-policia.jpg\",\"articleSection\":[\"Ciudad\/Provincia\"],\"inLanguage\":\"es-AR\"},{\"@type\":\"WebPage\",\"@id\":\"https:\/\/apuntesdesanluis.com\/index.php\/2024\/03\/21\/la-policia-recupero-una-camioneta-que-habia-sido-robada-en-mendoza\/\",\"url\":\"https:\/\/apuntesdesanluis.com\/index.php\/2024\/03\/21\/la-policia-recupero-una-camioneta-que-habia-sido-robada-en-mendoza\/\",\"name\":\"LA POLIC\u00cdA RECUPER\u00d3 UNA CAMIONETA QUE HAB\u00cdA SIDO ROBADA EN MENDOZA - Apuntes de San Luis\",\"isPartOf\":{\"@id\":\"https:\/\/apuntesdesanluis.com\/#website\"},\"primaryImageOfPage\":{\"@id\":\"https:\/\/apuntesdesanluis.com\/index.php\/2024\/03\/21\/la-policia-recupero-una-camioneta-que-habia-sido-robada-en-mendoza\/#primaryimage\"},\"image\":{\"@id\":\"https:\/\/apuntesdesanluis.com\/index.php\/2024\/03\/21\/la-policia-recupero-una-camioneta-que-habia-sido-robada-en-mendoza\/#primaryimage\"},\"thumbnailUrl\":\"https:\/\/apuntesdesanluis.com\/wp-content\/uploads\/2024\/03\/camioneta-policia.jpg\",\"datePublished\":\"2024-03-21T11:23:56+00:00\",\"breadcrumb\":{\"@id\":\"https:\/\/apuntesdesanluis.com\/index.php\/2024\/03\/21\/la-policia-recupero-una-camioneta-que-habia-sido-robada-en-mendoza\/#breadcrumb\"},\"inLanguage\":\"es-AR\",\"potentialAction\":[{\"@type\":\"ReadAction\",\"target\":[\"https:\/\/apuntesdesanluis.com\/index.php\/2024\/03\/21\/la-policia-recupero-una-camioneta-que-habia-sido-robada-en-mendoza\/\"]}]},{\"@type\":\"ImageObject\",\"inLanguage\":\"es-AR\",\"@id\":\"https:\/\/apuntesdesanluis.com\/index.php\/2024\/03\/21\/la-policia-recupero-una-camioneta-que-habia-sido-robada-en-mendoza\/#primaryimage\",\"url\":\"https:\/\/apuntesdesanluis.com\/wp-content\/uploads\/2024\/03\/camioneta-policia.jpg\",\"contentUrl\":\"https:\/\/apuntesdesanluis.com\/wp-content\/uploads\/2024\/03\/camioneta-policia.jpg\",\"width\":600,\"height\":379},{\"@type\":\"BreadcrumbList\",\"@id\":\"https:\/\/apuntesdesanluis.com\/index.php\/2024\/03\/21\/la-policia-recupero-una-camioneta-que-habia-sido-robada-en-mendoza\/#breadcrumb\",\"itemListElement\":[{\"@type\":\"ListItem\",\"position\":1,\"name\":\"Inicio\",\"item\":\"https:\/\/apuntesdesanluis.com\/\"},{\"@type\":\"ListItem\",\"position\":2,\"name\":\"LA POLIC\u00cdA RECUPER\u00d3 UNA CAMIONETA QUE HAB\u00cdA SIDO ROBADA EN MENDOZA\"}]},{\"@type\":\"WebSite\",\"@id\":\"https:\/\/apuntesdesanluis.com\/#website\",\"url\":\"https:\/\/apuntesdesanluis.com\/\",\"name\":\"Apuntes de San Luis\",\"description\":\"\",\"publisher\":{\"@id\":\"https:\/\/apuntesdesanluis.com\/#\/schema\/person\/b55151d52296fcce64d1a72538a70b90\"},\"potentialAction\":[{\"@type\":\"SearchAction\",\"target\":{\"@type\":\"EntryPoint\",\"urlTemplate\":\"https:\/\/apuntesdesanluis.com\/?s={search_term_string}\"},\"query-input\":{\"@type\":\"PropertyValueSpecification\",\"valueRequired\":true,\"valueName\":\"search_term_string\"}}],\"inLanguage\":\"es-AR\"},{\"@type\":[\"Person\",\"Organization\"],\"@id\":\"https:\/\/apuntesdesanluis.com\/#\/schema\/person\/b55151d52296fcce64d1a72538a70b90\",\"name\":\"apuntesdesanluis.com\",\"image\":{\"@type\":\"ImageObject\",\"inLanguage\":\"es-AR\",\"@id\":\"https:\/\/apuntesdesanluis.com\/#\/schema\/person\/image\/\",\"url\":\"https:\/\/apuntesdesanluis.com\/wp-content\/uploads\/2023\/07\/cropped-apuntesdesanluis.png\",\"contentUrl\":\"https:\/\/apuntesdesanluis.com\/wp-content\/uploads\/2023\/07\/cropped-apuntesdesanluis.png\",\"width\":450,\"height\":112,\"caption\":\"apuntesdesanluis.com\"},\"logo\":{\"@id\":\"https:\/\/apuntesdesanluis.com\/#\/schema\/person\/image\/\"},\"sameAs\":[\"https:\/\/apuntesdesanluis.com\"],\"url\":\"https:\/\/apuntesdesanluis.com\/index.php\/author\/apuntesdesanluis-com\/\"}]}<\/script>\n<!-- \/ Yoast SEO plugin. -->","yoast_head_json":{"title":"LA POLIC\u00cdA RECUPER\u00d3 UNA CAMIONETA QUE HAB\u00cdA SIDO ROBADA EN MENDOZA - Apuntes de San Luis","robots":{"index":"index","follow":"follow","max-snippet":"max-snippet:-1","max-image-preview":"max-image-preview:large","max-video-preview":"max-video-preview:-1"},"canonical":"https:\/\/apuntesdesanluis.com\/index.php\/2024\/03\/21\/la-policia-recupero-una-camioneta-que-habia-sido-robada-en-mendoza\/","og_locale":"es_ES","og_type":"article","og_title":"LA POLIC\u00cdA RECUPER\u00d3 UNA CAMIONETA QUE HAB\u00cdA SIDO ROBADA EN MENDOZA - Apuntes de San Luis","og_description":"En base a diversas tareas investigativas y en un trabajo que cont\u00f3 con la colaboraci\u00f3n...","og_url":"https:\/\/apuntesdesanluis.com\/index.php\/2024\/03\/21\/la-policia-recupero-una-camioneta-que-habia-sido-robada-en-mendoza\/","og_site_name":"Apuntes de San Luis","article_published_time":"2024-03-21T11:23:56+00:00","og_image":[{"width":600,"height":379,"url":"https:\/\/apuntesdesanluis.com\/wp-content\/uploads\/2024\/03\/camioneta-policia.jpg","type":"image\/jpeg"}],"author":"apuntesdesanluis.com","twitter_card":"summary_large_image","twitter_misc":{"Escrito por":"apuntesdesanluis.com","Tiempo de lectura":"1 minuto"},"schema":{"@context":"https:\/\/schema.org","@graph":[{"@type":"Article","@id":"https:\/\/apuntesdesanluis.com\/index.php\/2024\/03\/21\/la-policia-recupero-una-camioneta-que-habia-sido-robada-en-mendoza\/#article","isPartOf":{"@id":"https:\/\/apuntesdesanluis.com\/index.php\/2024\/03\/21\/la-policia-recupero-una-camioneta-que-habia-sido-robada-en-mendoza\/"},"author":{"name":"apuntesdesanluis.com","@id":"https:\/\/apuntesdesanluis.com\/#\/schema\/person\/b55151d52296fcce64d1a72538a70b90"},"headline":"LA POLIC\u00cdA RECUPER\u00d3 UNA CAMIONETA QUE HAB\u00cdA SIDO ROBADA EN MENDOZA","datePublished":"2024-03-21T11:23:56+00:00","mainEntityOfPage":{"@id":"https:\/\/apuntesdesanluis.com\/index.php\/2024\/03\/21\/la-policia-recupero-una-camioneta-que-habia-sido-robada-en-mendoza\/"},"wordCount":190,"publisher":{"@id":"https:\/\/apuntesdesanluis.com\/#\/schema\/person\/b55151d52296fcce64d1a72538a70b90"},"image":{"@id":"https:\/\/apuntesdesanluis.com\/index.php\/2024\/03\/21\/la-policia-recupero-una-camioneta-que-habia-sido-robada-en-mendoza\/#primaryimage"},"thumbnailUrl":"https:\/\/apuntesdesanluis.com\/wp-content\/uploads\/2024\/03\/camioneta-policia.jpg","articleSection":["Ciudad\/Provincia"],"inLanguage":"es-AR"},{"@type":"WebPage","@id":"https:\/\/apuntesdesanluis.com\/index.php\/2024\/03\/21\/la-policia-recupero-una-camioneta-que-habia-sido-robada-en-mendoza\/","url":"https:\/\/apuntesdesanluis.com\/index.php\/2024\/03\/21\/la-policia-recupero-una-camioneta-que-habia-sido-robada-en-mendoza\/","name":"LA POLIC\u00cdA RECUPER\u00d3 UNA CAMIONETA QUE HAB\u00cdA SIDO ROBADA EN MENDOZA - Apuntes de San Luis","isPartOf":{"@id":"https:\/\/apuntesdesanluis.com\/#website"},"primaryImageOfPage":{"@id":"https:\/\/apuntesdesanluis.com\/index.php\/2024\/03\/21\/la-policia-recupero-una-camioneta-que-habia-sido-robada-en-mendoza\/#primaryimage"},"image":{"@id":"https:\/\/apuntesdesanluis.com\/index.php\/2024\/03\/21\/la-policia-recupero-una-camioneta-que-habia-sido-robada-en-mendoza\/#primaryimage"},"thumbnailUrl":"https:\/\/apuntesdesanluis.com\/wp-content\/uploads\/2024\/03\/camioneta-policia.jpg","datePublished":"2024-03-21T11:23:56+00:00","breadcrumb":{"@id":"https:\/\/apuntesdesanluis.com\/index.php\/2024\/03\/21\/la-policia-recupero-una-camioneta-que-habia-sido-robada-en-mendoza\/#breadcrumb"},"inLanguage":"es-AR","potentialAction":[{"@type":"ReadAction","target":["https:\/\/apuntesdesanluis.com\/index.php\/2024\/03\/21\/la-policia-recupero-una-camioneta-que-habia-sido-robada-en-mendoza\/"]}]},{"@type":"ImageObject","inLanguage":"es-AR","@id":"https:\/\/apuntesdesanluis.com\/index.php\/2024\/03\/21\/la-policia-recupero-una-camioneta-que-habia-sido-robada-en-mendoza\/#primaryimage","url":"https:\/\/apuntesdesanluis.com\/wp-content\/uploads\/2024\/03\/camioneta-policia.jpg","contentUrl":"https:\/\/apuntesdesanluis.com\/wp-content\/uploads\/2024\/03\/camioneta-policia.jpg","width":600,"height":379},{"@type":"BreadcrumbList","@id":"https:\/\/apuntesdesanluis.com\/index.php\/2024\/03\/21\/la-policia-recupero-una-camioneta-que-habia-sido-robada-en-mendoza\/#breadcrumb","itemListElement":[{"@type":"ListItem","position":1,"name":"Inicio","item":"https:\/\/apuntesdesanluis.com\/"},{"@type":"ListItem","position":2,"name":"LA POLIC\u00cdA RECUPER\u00d3 UNA CAMIONETA QUE HAB\u00cdA SIDO ROBADA EN MENDOZA"}]},{"@type":"WebSite","@id":"https:\/\/apuntesdesanluis.com\/#website","url":"https:\/\/apuntesdesanluis.com\/","name":"Apuntes de San Luis","description":"","publisher":{"@id":"https:\/\/apuntesdesanluis.com\/#\/schema\/person\/b55151d52296fcce64d1a72538a70b90"},"potentialAction":[{"@type":"SearchAction","target":{"@type":"EntryPoint","urlTemplate":"https:\/\/apuntesdesanluis.com\/?s={search_term_string}"},"query-input":{"@type":"PropertyValueSpecification","valueRequired":true,"valueName":"search_term_string"}}],"inLanguage":"es-AR"},{"@type":["Person","Organization"],"@id":"https:\/\/apuntesdesanluis.com\/#\/schema\/person\/b55151d52296fcce64d1a72538a70b90","name":"apuntesdesanluis.com","image":{"@type":"ImageObject","inLanguage":"es-AR","@id":"https:\/\/apuntesdesanluis.com\/#\/schema\/person\/image\/","url":"https:\/\/apuntesdesanluis.com\/wp-content\/uploads\/2023\/07\/cropped-apuntesdesanluis.png","contentUrl":"https:\/\/apuntesdesanluis.com\/wp-content\/uploads\/2023\/07\/cropped-apuntesdesanluis.png","width":450,"height":112,"caption":"apuntesdesanluis.com"},"logo":{"@id":"https:\/\/apuntesdesanluis.com\/#\/schema\/person\/image\/"},"sameAs":["https:\/\/apuntesdesanluis.com"],"url":"https:\/\/apuntesdesanluis.com\/index.php\/author\/apuntesdesanluis-com\/"}]}},"featured_image_urls":{"full":["https:\/\/apuntesdesanluis.com\/wp-content\/uploads\/2024\/03\/camioneta-policia.jpg",600,379,false],"thumbnail":["https:\/\/apuntesdesanluis.com\/wp-content\/uploads\/2024\/03\/camioneta-policia-150x150.jpg",150,150,true],"medium":["https:\/\/apuntesdesanluis.com\/wp-content\/uploads\/2024\/03\/camioneta-policia-300x190.jpg",300,190,true],"medium_large":["https:\/\/apuntesdesanluis.com\/wp-content\/uploads\/2024\/03\/camioneta-policia.jpg",600,379,false],"large":["https:\/\/apuntesdesanluis.com\/wp-content\/uploads\/2024\/03\/camioneta-policia.jpg",600,379,false],"1536x1536":["https:\/\/apuntesdesanluis.com\/wp-content\/uploads\/2024\/03\/camioneta-policia.jpg",600,379,false],"2048x2048":["https:\/\/apuntesdesanluis.com\/wp-content\/uploads\/2024\/03\/camioneta-policia.jpg",600,379,false],"newsever-slider-full":["https:\/\/apuntesdesanluis.com\/wp-content\/uploads\/2024\/03\/camioneta-policia.jpg",600,379,false],"newsever-featured":["https:\/\/apuntesdesanluis.com\/wp-content\/uploads\/2024\/03\/camioneta-policia.jpg",600,379,false],"newsever-medium":["https:\/\/apuntesdesanluis.com\/wp-content\/uploads\/2024\/03\/camioneta-policia.jpg",600,379,false]},"author_info":{"display_name":"apuntesdesanluis.com","author_link":"https:\/\/apuntesdesanluis.com\/index.php\/author\/apuntesdesanluis-com\/"},"category_info":"<a href=\"https:\/\/apuntesdesanluis.com\/index.php\/category\/ciudad-provincia\/\" rel=\"category tag\">Ciudad\/Provincia<\/a>","tag_info":"Ciudad\/Provincia","comment_count":"0","_links":{"self":[{"href":"https:\/\/apuntesdesanluis.com\/index.php\/wp-json\/wp\/v2\/posts\/13466","targetHints":{"allow":["GET"]}}],"collection":[{"href":"https:\/\/apuntesdesanluis.com\/index.php\/wp-json\/wp\/v2\/posts"}],"about":[{"href":"https:\/\/apuntesdesanluis.com\/index.php\/wp-json\/wp\/v2\/types\/post"}],"author":[{"embeddable":true,"href":"https:\/\/apuntesdesanluis.com\/index.php\/wp-json\/wp\/v2\/users\/1"}],"replies":[{"embeddable":true,"href":"https:\/\/apuntesdesanluis.com\/index.php\/wp-json\/wp\/v2\/comments?post=13466"}],"version-history":[{"count":1,"href":"https:\/\/apuntesdesanluis.com\/index.php\/wp-json\/wp\/v2\/posts\/13466\/revisions"}],"predecessor-version":[{"id":13469,"href":"https:\/\/apuntesdesanluis.com\/index.php\/wp-json\/wp\/v2\/posts\/13466\/revisions\/13469"}],"wp:featuredmedia":[{"embeddable":true,"href":"https:\/\/apuntesdesanluis.com\/index.php\/wp-json\/wp\/v2\/media\/13467"}],"wp:attachment":[{"href":"https:\/\/apuntesdesanluis.com\/index.php\/wp-json\/wp\/v2\/media?parent=13466"}],"wp:term":[{"taxonomy":"category","embeddable":true,"href":"https:\/\/apuntesdesanluis.com\/index.php\/wp-json\/wp\/v2\/categories?post=13466"},{"taxonomy":"post_tag","embeddable":true,"href":"https:\/\/apuntesdesanluis.com\/index.php\/wp-json\/wp\/v2\/tags?post=13466"}],"curies":[{"name":"wp","href":"https:\/\/api.w.org\/{rel}","templated":true}]}}