{"id":1347,"date":"2023-08-09T19:48:08","date_gmt":"2023-08-09T22:48:08","guid":{"rendered":"https:\/\/apuntesdesanluis.com\/?p=1347"},"modified":"2023-08-09T23:29:02","modified_gmt":"2023-08-10T02:29:02","slug":"el-mejor-socio-politico-que-puede-tener-claudio-poggi-en-la-nacion-es-patricia-bullrich","status":"publish","type":"post","link":"https:\/\/apuntesdesanluis.com\/index.php\/2023\/08\/09\/el-mejor-socio-politico-que-puede-tener-claudio-poggi-en-la-nacion-es-patricia-bullrich\/","title":{"rendered":"\u201cEL MEJOR SOCIO POL\u00cdTICO QUE PUEDE TENER CLAUDIO POGGI EN LA NACI\u00d3N ES PATRICIA BULLRICH\u201d"},"content":{"rendered":"<h3>As\u00ed lo asegur\u00f3 el precandidato al ParlaSur, <strong>Charly Pereyra<\/strong>, por <strong>La Fuerza del Cambio<\/strong>, sector que encabeza <strong>Patricia Bullrich<\/strong>, de cara a las elecciones Primarias, Abiertas, Simult\u00e1neas y Obligatorias que se celebran el pr\u00f3ximo domingo 13, en la que competir\u00e1 contra el jefe de gobierno porte\u00f1o, Horacio Rodr\u00edguez Larreta.<\/h3>\n<h3>El actual legislador se\u00f1al\u00f3 que la campa\u00f1a se est\u00e1 desarrollando \u201ccon mucha vehemencia\u201d, porque existe la presunci\u00f3n de que el ganador de la interna \u201cmuy probablemente ser\u00e1 el pr\u00f3ximo presidente de los argentinos\u201d, en octubre o en el ballotage.<\/h3>\n<h3>Entrevistado por <strong>Apuntes de San Luis<\/strong>, el actual diputado provincial del PRO rese\u00f1\u00f3 que la ex ministra de Seguridad \u201ccomenz\u00f3 a ganarse el coraz\u00f3n de todos los puntanos por sus intervenciones durante la pandemia y luego desde 2021 por su defensa de las libertades y los derechos de los argentinos, a\u00f1o en que se ganaron las elecciones de medio t\u00e9rmino y que incluso nos visitara en San Luis\u201d.<\/h3>\n<h3>En ese marco, record\u00f3 que la semana pasada nuevamente Bullrich lleg\u00f3 a la provincia, \u201coportunidad en que un grupo min\u00fasculo y antidemocr\u00e1tico no dej\u00f3 que se desarrolle la ronda de prensa\u201d, responsabilizando por lo ocurrido a grupos vinculados con el gobierno provincial.<\/h3>\n<h3>Charly Pereyra insisti\u00f3 en que tanto ese hecho como lo que le ocurri\u00f3 a Rodr\u00edguez Larreta \u201cno fueron escraches espont\u00e1neos, sino de grupos agenciados y organizados por el gobierno de la provincia, con la mano medi\u00e1tica de la hija del gobernador que le da difusi\u00f3n\u201d.<\/h3>\n<h3>En otro orden, afirm\u00f3: \u201cEstoy convencido que, en el actual contexto de la provincia, el mejor socio pol\u00edtico que puede tener (el electo gobernador) <strong>Claudio Poggi<\/strong> en la Naci\u00f3n, es Patricia Bullrich. Claudio va a necesitar la determinaci\u00f3n y el coraje de Patricia para asegurar la paz social en San Luis. Para que regrese la Gendarmer\u00eda a la provincia, para tener una lucha valiente y decisiva contra el narcomenudeo en San Luis y el combate al narcotr\u00e1fico, con todos los problemas de inseguridad que eso acarrea\u2026 Creo que para los puntanos, lo mejor que le puede pasar a San Luis es que Patricia Bullrich sea presidente\u201d.<\/h3>\n<h3>Fundament\u00f3 su aseveraci\u00f3n \u201cen la evidencia de que el gobernador Alberto Rodr\u00edguez Sa\u00e1 est\u00e1 alentando un clima de conflictividad institucional, con el prop\u00f3sito de malograr o embromarle el gobierno a Claudio Poggi, y en esa l\u00f3gica, como espacio pol\u00edtico local, vamos a tener que prepararnos para dar esa lucha\u201d.<\/h3>\n<p>&nbsp;<\/p>\n<!--[if lt IE 9]><script>document.createElement('audio');<\/script><![endif]-->\n<audio class=\"wp-audio-shortcode\" id=\"audio-1347-1\" preload=\"none\" style=\"width: 100%;\" controls=\"controls\"><source type=\"audio\/mpeg\" src=\"https:\/\/apuntesdesanluis.com\/wp-content\/uploads\/2023\/08\/CHARLY-PEREYRA.mp3?_=1\" \/><a href=\"https:\/\/apuntesdesanluis.com\/wp-content\/uploads\/2023\/08\/CHARLY-PEREYRA.mp3\">https:\/\/apuntesdesanluis.com\/wp-content\/uploads\/2023\/08\/CHARLY-PEREYRA.mp3<\/a><\/audio>\n<p>&nbsp;<\/p>\n<p>&nbsp;<\/p>\n","protected":false},"excerpt":{"rendered":"<p>As\u00ed lo asegur\u00f3 el precandidato al ParlaSur, Charly Pereyra, por La Fuerza del Cambio, sector&#8230;<\/p>\n","protected":false},"author":1,"featured_media":1348,"comment_status":"closed","ping_status":"closed","sticky":false,"template":"","format":"standard","meta":{"footnotes":""},"categories":[6],"tags":[],"class_list":["post-1347","post","type-post","status-publish","format-standard","has-post-thumbnail","hentry","category-ciudad-provincia"],"yoast_head":"<!-- This site is optimized with the Yoast SEO plugin v26.1.1 - https:\/\/yoast.com\/wordpress\/plugins\/seo\/ -->\n<title>\u201cEL MEJOR SOCIO POL\u00cdTICO QUE PUEDE TENER CLAUDIO POGGI EN LA NACI\u00d3N ES PATRICIA BULLRICH\u201d - Apuntes de San Luis<\/title>\n<meta name=\"robots\" content=\"index, follow, max-snippet:-1, max-image-preview:large, max-video-preview:-1\" \/>\n<link rel=\"canonical\" href=\"https:\/\/apuntesdesanluis.com\/index.php\/2023\/08\/09\/el-mejor-socio-politico-que-puede-tener-claudio-poggi-en-la-nacion-es-patricia-bullrich\/\" \/>\n<meta property=\"og:locale\" content=\"es_ES\" \/>\n<meta property=\"og:type\" content=\"article\" \/>\n<meta property=\"og:title\" content=\"\u201cEL MEJOR SOCIO POL\u00cdTICO QUE PUEDE TENER CLAUDIO POGGI EN LA NACI\u00d3N ES PATRICIA BULLRICH\u201d - Apuntes de San Luis\" \/>\n<meta property=\"og:description\" content=\"As\u00ed lo asegur\u00f3 el precandidato al ParlaSur, Charly Pereyra, por La Fuerza del Cambio, sector...\" \/>\n<meta property=\"og:url\" content=\"https:\/\/apuntesdesanluis.com\/index.php\/2023\/08\/09\/el-mejor-socio-politico-que-puede-tener-claudio-poggi-en-la-nacion-es-patricia-bullrich\/\" \/>\n<meta property=\"og:site_name\" content=\"Apuntes de San Luis\" \/>\n<meta property=\"article:published_time\" content=\"2023-08-09T22:48:08+00:00\" \/>\n<meta property=\"article:modified_time\" content=\"2023-08-10T02:29:02+00:00\" \/>\n<meta property=\"og:image\" content=\"https:\/\/apuntesdesanluis.com\/wp-content\/uploads\/2023\/08\/charly-pereyra.png\" \/>\n\t<meta property=\"og:image:width\" content=\"610\" \/>\n\t<meta property=\"og:image:height\" content=\"422\" \/>\n\t<meta property=\"og:image:type\" content=\"image\/png\" \/>\n<meta name=\"author\" content=\"apuntesdesanluis.com\" \/>\n<meta name=\"twitter:card\" content=\"summary_large_image\" \/>\n<meta name=\"twitter:label1\" content=\"Escrito por\" \/>\n\t<meta name=\"twitter:data1\" content=\"apuntesdesanluis.com\" \/>\n\t<meta name=\"twitter:label2\" content=\"Tiempo de lectura\" \/>\n\t<meta name=\"twitter:data2\" content=\"2 minutos\" \/>\n<script type=\"application\/ld+json\" class=\"yoast-schema-graph\">{\"@context\":\"https:\/\/schema.org\",\"@graph\":[{\"@type\":\"Article\",\"@id\":\"https:\/\/apuntesdesanluis.com\/index.php\/2023\/08\/09\/el-mejor-socio-politico-que-puede-tener-claudio-poggi-en-la-nacion-es-patricia-bullrich\/#article\",\"isPartOf\":{\"@id\":\"https:\/\/apuntesdesanluis.com\/index.php\/2023\/08\/09\/el-mejor-socio-politico-que-puede-tener-claudio-poggi-en-la-nacion-es-patricia-bullrich\/\"},\"author\":{\"name\":\"apuntesdesanluis.com\",\"@id\":\"https:\/\/apuntesdesanluis.com\/#\/schema\/person\/b55151d52296fcce64d1a72538a70b90\"},\"headline\":\"\u201cEL MEJOR SOCIO POL\u00cdTICO QUE PUEDE TENER CLAUDIO POGGI EN LA NACI\u00d3N ES PATRICIA BULLRICH\u201d\",\"datePublished\":\"2023-08-09T22:48:08+00:00\",\"dateModified\":\"2023-08-10T02:29:02+00:00\",\"mainEntityOfPage\":{\"@id\":\"https:\/\/apuntesdesanluis.com\/index.php\/2023\/08\/09\/el-mejor-socio-politico-que-puede-tener-claudio-poggi-en-la-nacion-es-patricia-bullrich\/\"},\"wordCount\":453,\"publisher\":{\"@id\":\"https:\/\/apuntesdesanluis.com\/#\/schema\/person\/b55151d52296fcce64d1a72538a70b90\"},\"image\":{\"@id\":\"https:\/\/apuntesdesanluis.com\/index.php\/2023\/08\/09\/el-mejor-socio-politico-que-puede-tener-claudio-poggi-en-la-nacion-es-patricia-bullrich\/#primaryimage\"},\"thumbnailUrl\":\"https:\/\/apuntesdesanluis.com\/wp-content\/uploads\/2023\/08\/charly-pereyra.png\",\"articleSection\":[\"Ciudad\/Provincia\"],\"inLanguage\":\"es-AR\"},{\"@type\":\"WebPage\",\"@id\":\"https:\/\/apuntesdesanluis.com\/index.php\/2023\/08\/09\/el-mejor-socio-politico-que-puede-tener-claudio-poggi-en-la-nacion-es-patricia-bullrich\/\",\"url\":\"https:\/\/apuntesdesanluis.com\/index.php\/2023\/08\/09\/el-mejor-socio-politico-que-puede-tener-claudio-poggi-en-la-nacion-es-patricia-bullrich\/\",\"name\":\"\u201cEL MEJOR SOCIO POL\u00cdTICO QUE PUEDE TENER CLAUDIO POGGI EN LA NACI\u00d3N ES PATRICIA BULLRICH\u201d - Apuntes de San Luis\",\"isPartOf\":{\"@id\":\"https:\/\/apuntesdesanluis.com\/#website\"},\"primaryImageOfPage\":{\"@id\":\"https:\/\/apuntesdesanluis.com\/index.php\/2023\/08\/09\/el-mejor-socio-politico-que-puede-tener-claudio-poggi-en-la-nacion-es-patricia-bullrich\/#primaryimage\"},\"image\":{\"@id\":\"https:\/\/apuntesdesanluis.com\/index.php\/2023\/08\/09\/el-mejor-socio-politico-que-puede-tener-claudio-poggi-en-la-nacion-es-patricia-bullrich\/#primaryimage\"},\"thumbnailUrl\":\"https:\/\/apuntesdesanluis.com\/wp-content\/uploads\/2023\/08\/charly-pereyra.png\",\"datePublished\":\"2023-08-09T22:48:08+00:00\",\"dateModified\":\"2023-08-10T02:29:02+00:00\",\"breadcrumb\":{\"@id\":\"https:\/\/apuntesdesanluis.com\/index.php\/2023\/08\/09\/el-mejor-socio-politico-que-puede-tener-claudio-poggi-en-la-nacion-es-patricia-bullrich\/#breadcrumb\"},\"inLanguage\":\"es-AR\",\"potentialAction\":[{\"@type\":\"ReadAction\",\"target\":[\"https:\/\/apuntesdesanluis.com\/index.php\/2023\/08\/09\/el-mejor-socio-politico-que-puede-tener-claudio-poggi-en-la-nacion-es-patricia-bullrich\/\"]}]},{\"@type\":\"ImageObject\",\"inLanguage\":\"es-AR\",\"@id\":\"https:\/\/apuntesdesanluis.com\/index.php\/2023\/08\/09\/el-mejor-socio-politico-que-puede-tener-claudio-poggi-en-la-nacion-es-patricia-bullrich\/#primaryimage\",\"url\":\"https:\/\/apuntesdesanluis.com\/wp-content\/uploads\/2023\/08\/charly-pereyra.png\",\"contentUrl\":\"https:\/\/apuntesdesanluis.com\/wp-content\/uploads\/2023\/08\/charly-pereyra.png\",\"width\":610,\"height\":422},{\"@type\":\"BreadcrumbList\",\"@id\":\"https:\/\/apuntesdesanluis.com\/index.php\/2023\/08\/09\/el-mejor-socio-politico-que-puede-tener-claudio-poggi-en-la-nacion-es-patricia-bullrich\/#breadcrumb\",\"itemListElement\":[{\"@type\":\"ListItem\",\"position\":1,\"name\":\"Inicio\",\"item\":\"https:\/\/apuntesdesanluis.com\/\"},{\"@type\":\"ListItem\",\"position\":2,\"name\":\"\u201cEL MEJOR SOCIO POL\u00cdTICO QUE PUEDE TENER CLAUDIO POGGI EN LA NACI\u00d3N ES PATRICIA BULLRICH\u201d\"}]},{\"@type\":\"WebSite\",\"@id\":\"https:\/\/apuntesdesanluis.com\/#website\",\"url\":\"https:\/\/apuntesdesanluis.com\/\",\"name\":\"Apuntes de San Luis\",\"description\":\"\",\"publisher\":{\"@id\":\"https:\/\/apuntesdesanluis.com\/#\/schema\/person\/b55151d52296fcce64d1a72538a70b90\"},\"potentialAction\":[{\"@type\":\"SearchAction\",\"target\":{\"@type\":\"EntryPoint\",\"urlTemplate\":\"https:\/\/apuntesdesanluis.com\/?s={search_term_string}\"},\"query-input\":{\"@type\":\"PropertyValueSpecification\",\"valueRequired\":true,\"valueName\":\"search_term_string\"}}],\"inLanguage\":\"es-AR\"},{\"@type\":[\"Person\",\"Organization\"],\"@id\":\"https:\/\/apuntesdesanluis.com\/#\/schema\/person\/b55151d52296fcce64d1a72538a70b90\",\"name\":\"apuntesdesanluis.com\",\"image\":{\"@type\":\"ImageObject\",\"inLanguage\":\"es-AR\",\"@id\":\"https:\/\/apuntesdesanluis.com\/#\/schema\/person\/image\/\",\"url\":\"https:\/\/apuntesdesanluis.com\/wp-content\/uploads\/2023\/07\/cropped-apuntesdesanluis.png\",\"contentUrl\":\"https:\/\/apuntesdesanluis.com\/wp-content\/uploads\/2023\/07\/cropped-apuntesdesanluis.png\",\"width\":450,\"height\":112,\"caption\":\"apuntesdesanluis.com\"},\"logo\":{\"@id\":\"https:\/\/apuntesdesanluis.com\/#\/schema\/person\/image\/\"},\"sameAs\":[\"https:\/\/apuntesdesanluis.com\"],\"url\":\"https:\/\/apuntesdesanluis.com\/index.php\/author\/apuntesdesanluis-com\/\"}]}<\/script>\n<!-- \/ Yoast SEO plugin. -->","yoast_head_json":{"title":"\u201cEL MEJOR SOCIO POL\u00cdTICO QUE PUEDE TENER CLAUDIO POGGI EN LA NACI\u00d3N ES PATRICIA BULLRICH\u201d - Apuntes de San Luis","robots":{"index":"index","follow":"follow","max-snippet":"max-snippet:-1","max-image-preview":"max-image-preview:large","max-video-preview":"max-video-preview:-1"},"canonical":"https:\/\/apuntesdesanluis.com\/index.php\/2023\/08\/09\/el-mejor-socio-politico-que-puede-tener-claudio-poggi-en-la-nacion-es-patricia-bullrich\/","og_locale":"es_ES","og_type":"article","og_title":"\u201cEL MEJOR SOCIO POL\u00cdTICO QUE PUEDE TENER CLAUDIO POGGI EN LA NACI\u00d3N ES PATRICIA BULLRICH\u201d - Apuntes de San Luis","og_description":"As\u00ed lo asegur\u00f3 el precandidato al ParlaSur, Charly Pereyra, por La Fuerza del Cambio, sector...","og_url":"https:\/\/apuntesdesanluis.com\/index.php\/2023\/08\/09\/el-mejor-socio-politico-que-puede-tener-claudio-poggi-en-la-nacion-es-patricia-bullrich\/","og_site_name":"Apuntes de San Luis","article_published_time":"2023-08-09T22:48:08+00:00","article_modified_time":"2023-08-10T02:29:02+00:00","og_image":[{"width":610,"height":422,"url":"https:\/\/apuntesdesanluis.com\/wp-content\/uploads\/2023\/08\/charly-pereyra.png","type":"image\/png"}],"author":"apuntesdesanluis.com","twitter_card":"summary_large_image","twitter_misc":{"Escrito por":"apuntesdesanluis.com","Tiempo de lectura":"2 minutos"},"schema":{"@context":"https:\/\/schema.org","@graph":[{"@type":"Article","@id":"https:\/\/apuntesdesanluis.com\/index.php\/2023\/08\/09\/el-mejor-socio-politico-que-puede-tener-claudio-poggi-en-la-nacion-es-patricia-bullrich\/#article","isPartOf":{"@id":"https:\/\/apuntesdesanluis.com\/index.php\/2023\/08\/09\/el-mejor-socio-politico-que-puede-tener-claudio-poggi-en-la-nacion-es-patricia-bullrich\/"},"author":{"name":"apuntesdesanluis.com","@id":"https:\/\/apuntesdesanluis.com\/#\/schema\/person\/b55151d52296fcce64d1a72538a70b90"},"headline":"\u201cEL MEJOR SOCIO POL\u00cdTICO QUE PUEDE TENER CLAUDIO POGGI EN LA NACI\u00d3N ES PATRICIA BULLRICH\u201d","datePublished":"2023-08-09T22:48:08+00:00","dateModified":"2023-08-10T02:29:02+00:00","mainEntityOfPage":{"@id":"https:\/\/apuntesdesanluis.com\/index.php\/2023\/08\/09\/el-mejor-socio-politico-que-puede-tener-claudio-poggi-en-la-nacion-es-patricia-bullrich\/"},"wordCount":453,"publisher":{"@id":"https:\/\/apuntesdesanluis.com\/#\/schema\/person\/b55151d52296fcce64d1a72538a70b90"},"image":{"@id":"https:\/\/apuntesdesanluis.com\/index.php\/2023\/08\/09\/el-mejor-socio-politico-que-puede-tener-claudio-poggi-en-la-nacion-es-patricia-bullrich\/#primaryimage"},"thumbnailUrl":"https:\/\/apuntesdesanluis.com\/wp-content\/uploads\/2023\/08\/charly-pereyra.png","articleSection":["Ciudad\/Provincia"],"inLanguage":"es-AR"},{"@type":"WebPage","@id":"https:\/\/apuntesdesanluis.com\/index.php\/2023\/08\/09\/el-mejor-socio-politico-que-puede-tener-claudio-poggi-en-la-nacion-es-patricia-bullrich\/","url":"https:\/\/apuntesdesanluis.com\/index.php\/2023\/08\/09\/el-mejor-socio-politico-que-puede-tener-claudio-poggi-en-la-nacion-es-patricia-bullrich\/","name":"\u201cEL MEJOR SOCIO POL\u00cdTICO QUE PUEDE TENER CLAUDIO POGGI EN LA NACI\u00d3N ES PATRICIA BULLRICH\u201d - Apuntes de San Luis","isPartOf":{"@id":"https:\/\/apuntesdesanluis.com\/#website"},"primaryImageOfPage":{"@id":"https:\/\/apuntesdesanluis.com\/index.php\/2023\/08\/09\/el-mejor-socio-politico-que-puede-tener-claudio-poggi-en-la-nacion-es-patricia-bullrich\/#primaryimage"},"image":{"@id":"https:\/\/apuntesdesanluis.com\/index.php\/2023\/08\/09\/el-mejor-socio-politico-que-puede-tener-claudio-poggi-en-la-nacion-es-patricia-bullrich\/#primaryimage"},"thumbnailUrl":"https:\/\/apuntesdesanluis.com\/wp-content\/uploads\/2023\/08\/charly-pereyra.png","datePublished":"2023-08-09T22:48:08+00:00","dateModified":"2023-08-10T02:29:02+00:00","breadcrumb":{"@id":"https:\/\/apuntesdesanluis.com\/index.php\/2023\/08\/09\/el-mejor-socio-politico-que-puede-tener-claudio-poggi-en-la-nacion-es-patricia-bullrich\/#breadcrumb"},"inLanguage":"es-AR","potentialAction":[{"@type":"ReadAction","target":["https:\/\/apuntesdesanluis.com\/index.php\/2023\/08\/09\/el-mejor-socio-politico-que-puede-tener-claudio-poggi-en-la-nacion-es-patricia-bullrich\/"]}]},{"@type":"ImageObject","inLanguage":"es-AR","@id":"https:\/\/apuntesdesanluis.com\/index.php\/2023\/08\/09\/el-mejor-socio-politico-que-puede-tener-claudio-poggi-en-la-nacion-es-patricia-bullrich\/#primaryimage","url":"https:\/\/apuntesdesanluis.com\/wp-content\/uploads\/2023\/08\/charly-pereyra.png","contentUrl":"https:\/\/apuntesdesanluis.com\/wp-content\/uploads\/2023\/08\/charly-pereyra.png","width":610,"height":422},{"@type":"BreadcrumbList","@id":"https:\/\/apuntesdesanluis.com\/index.php\/2023\/08\/09\/el-mejor-socio-politico-que-puede-tener-claudio-poggi-en-la-nacion-es-patricia-bullrich\/#breadcrumb","itemListElement":[{"@type":"ListItem","position":1,"name":"Inicio","item":"https:\/\/apuntesdesanluis.com\/"},{"@type":"ListItem","position":2,"name":"\u201cEL MEJOR SOCIO POL\u00cdTICO QUE PUEDE TENER CLAUDIO POGGI EN LA NACI\u00d3N ES PATRICIA BULLRICH\u201d"}]},{"@type":"WebSite","@id":"https:\/\/apuntesdesanluis.com\/#website","url":"https:\/\/apuntesdesanluis.com\/","name":"Apuntes de San Luis","description":"","publisher":{"@id":"https:\/\/apuntesdesanluis.com\/#\/schema\/person\/b55151d52296fcce64d1a72538a70b90"},"potentialAction":[{"@type":"SearchAction","target":{"@type":"EntryPoint","urlTemplate":"https:\/\/apuntesdesanluis.com\/?s={search_term_string}"},"query-input":{"@type":"PropertyValueSpecification","valueRequired":true,"valueName":"search_term_string"}}],"inLanguage":"es-AR"},{"@type":["Person","Organization"],"@id":"https:\/\/apuntesdesanluis.com\/#\/schema\/person\/b55151d52296fcce64d1a72538a70b90","name":"apuntesdesanluis.com","image":{"@type":"ImageObject","inLanguage":"es-AR","@id":"https:\/\/apuntesdesanluis.com\/#\/schema\/person\/image\/","url":"https:\/\/apuntesdesanluis.com\/wp-content\/uploads\/2023\/07\/cropped-apuntesdesanluis.png","contentUrl":"https:\/\/apuntesdesanluis.com\/wp-content\/uploads\/2023\/07\/cropped-apuntesdesanluis.png","width":450,"height":112,"caption":"apuntesdesanluis.com"},"logo":{"@id":"https:\/\/apuntesdesanluis.com\/#\/schema\/person\/image\/"},"sameAs":["https:\/\/apuntesdesanluis.com"],"url":"https:\/\/apuntesdesanluis.com\/index.php\/author\/apuntesdesanluis-com\/"}]}},"featured_image_urls":{"full":["https:\/\/apuntesdesanluis.com\/wp-content\/uploads\/2023\/08\/charly-pereyra.png",610,422,false],"thumbnail":["https:\/\/apuntesdesanluis.com\/wp-content\/uploads\/2023\/08\/charly-pereyra-150x150.png",150,150,true],"medium":["https:\/\/apuntesdesanluis.com\/wp-content\/uploads\/2023\/08\/charly-pereyra-300x208.png",300,208,true],"medium_large":["https:\/\/apuntesdesanluis.com\/wp-content\/uploads\/2023\/08\/charly-pereyra.png",610,422,false],"large":["https:\/\/apuntesdesanluis.com\/wp-content\/uploads\/2023\/08\/charly-pereyra.png",610,422,false],"1536x1536":["https:\/\/apuntesdesanluis.com\/wp-content\/uploads\/2023\/08\/charly-pereyra.png",610,422,false],"2048x2048":["https:\/\/apuntesdesanluis.com\/wp-content\/uploads\/2023\/08\/charly-pereyra.png",610,422,false],"newsever-slider-full":["https:\/\/apuntesdesanluis.com\/wp-content\/uploads\/2023\/08\/charly-pereyra.png",610,422,false],"newsever-featured":["https:\/\/apuntesdesanluis.com\/wp-content\/uploads\/2023\/08\/charly-pereyra.png",610,422,false],"newsever-medium":["https:\/\/apuntesdesanluis.com\/wp-content\/uploads\/2023\/08\/charly-pereyra.png",610,422,false]},"author_info":{"display_name":"apuntesdesanluis.com","author_link":"https:\/\/apuntesdesanluis.com\/index.php\/author\/apuntesdesanluis-com\/"},"category_info":"<a href=\"https:\/\/apuntesdesanluis.com\/index.php\/category\/ciudad-provincia\/\" rel=\"category tag\">Ciudad\/Provincia<\/a>","tag_info":"Ciudad\/Provincia","comment_count":"0","_links":{"self":[{"href":"https:\/\/apuntesdesanluis.com\/index.php\/wp-json\/wp\/v2\/posts\/1347","targetHints":{"allow":["GET"]}}],"collection":[{"href":"https:\/\/apuntesdesanluis.com\/index.php\/wp-json\/wp\/v2\/posts"}],"about":[{"href":"https:\/\/apuntesdesanluis.com\/index.php\/wp-json\/wp\/v2\/types\/post"}],"author":[{"embeddable":true,"href":"https:\/\/apuntesdesanluis.com\/index.php\/wp-json\/wp\/v2\/users\/1"}],"replies":[{"embeddable":true,"href":"https:\/\/apuntesdesanluis.com\/index.php\/wp-json\/wp\/v2\/comments?post=1347"}],"version-history":[{"count":4,"href":"https:\/\/apuntesdesanluis.com\/index.php\/wp-json\/wp\/v2\/posts\/1347\/revisions"}],"predecessor-version":[{"id":1353,"href":"https:\/\/apuntesdesanluis.com\/index.php\/wp-json\/wp\/v2\/posts\/1347\/revisions\/1353"}],"wp:featuredmedia":[{"embeddable":true,"href":"https:\/\/apuntesdesanluis.com\/index.php\/wp-json\/wp\/v2\/media\/1348"}],"wp:attachment":[{"href":"https:\/\/apuntesdesanluis.com\/index.php\/wp-json\/wp\/v2\/media?parent=1347"}],"wp:term":[{"taxonomy":"category","embeddable":true,"href":"https:\/\/apuntesdesanluis.com\/index.php\/wp-json\/wp\/v2\/categories?post=1347"},{"taxonomy":"post_tag","embeddable":true,"href":"https:\/\/apuntesdesanluis.com\/index.php\/wp-json\/wp\/v2\/tags?post=1347"}],"curies":[{"name":"wp","href":"https:\/\/api.w.org\/{rel}","templated":true}]}}