{"id":13478,"date":"2024-03-21T20:56:16","date_gmt":"2024-03-21T23:56:16","guid":{"rendered":"https:\/\/apuntesdesanluis.com\/?p=13478"},"modified":"2024-03-21T20:56:16","modified_gmt":"2024-03-21T23:56:16","slug":"la-legislatura-provincial-sanciono-la-moratoria-de-impuestos-provinciales","status":"publish","type":"post","link":"https:\/\/apuntesdesanluis.com\/index.php\/2024\/03\/21\/la-legislatura-provincial-sanciono-la-moratoria-de-impuestos-provinciales\/","title":{"rendered":"LA LEGISLATURA PROVINCIAL SANCION\u00d3 LA MORATORIA DE IMPUESTOS PROVINCIALES"},"content":{"rendered":"<h3>El proyecto de ley de Moratoria de Impuestos Provinciales impulsado por el gobernador, <strong>Claudio Poggi<\/strong>, fue aprobado este jueves en ambas c\u00e1maras de la Legislatura Provincial, en sesiones extraordinarias.<\/h3>\n<h3>Se aprob\u00f3 por unanimidad en el Senado, mientras que en Diputados tuvo 27 votos a favor y 14 en contra. Los resultados de ambas votaciones permiten presagiar que el gobierno ha logrado consolidar un respaldo legislativo que parec\u00eda impensable en diciembre pasado.<\/h3>\n<h3>La norma aprobada representa un r\u00e9gimen de consolidaci\u00f3n que incluye las deudas vencidas al 31 de diciembre del 2023 y exige, para acceder al beneficio, estar al d\u00eda en los vencimientos del a\u00f1o 2024.<\/h3>\n<h3>La moratoria es amplia y ser\u00e1 por \u00fanica vez en esta gesti\u00f3n. Est\u00e1 enmarcada en la emergencia financiera e incluye, adem\u00e1s de los impuestos provinciales, tasas administrativas, multas, construcciones no declaradas, deudas por planes de vivienda y deudas por pr\u00e9stamos otorgados por el Gobierno provincial.<\/h3>\n<h3>Acerca de los fondos recaudados con esta iniciativa tributaria, el Gobernador explic\u00f3 que estar\u00e1n destinados al Plan Alimentario Nutricional Escolar, que asegurar\u00e1 desayuno, merienda y, en los casos de escuelas p\u00fablicas en barrios vulnerables, tambi\u00e9n el almuerzo para los chicos de Nivel Inicial y Primario.<\/h3>\n<h3>La diputada Luciana Perano (Unidos por San Luis), en declaraciones a la prensa, destac\u00f3 que lo recaudado tambi\u00e9n estar\u00e1 destinado por el Gobierno a pol\u00edticas habitacionales y el emprendedurismo.<\/h3>\n<h3>\u201cEs una herramienta muy importante para la Provincia. El fin que persigue esta ley es muy noble. Es una moratoria acotada en el tiempo, amplia, para que todos los contribuyentes puedan adherirse. Va a haber una cuenta espec\u00edfica con un destino espec\u00edfico, por lo tanto, es de f\u00e1cil seguimiento y control\u201d, precis\u00f3.<\/h3>\n<p>&nbsp;<\/p>\n<p>&nbsp;<\/p>\n<p>&nbsp;<\/p>\n<p>&nbsp;<\/p>\n","protected":false},"excerpt":{"rendered":"<p>El proyecto de ley de Moratoria de Impuestos Provinciales impulsado por el gobernador, Claudio Poggi,&#8230;<\/p>\n","protected":false},"author":1,"featured_media":13485,"comment_status":"closed","ping_status":"closed","sticky":false,"template":"","format":"standard","meta":{"footnotes":""},"categories":[6],"tags":[],"class_list":["post-13478","post","type-post","status-publish","format-standard","has-post-thumbnail","hentry","category-ciudad-provincia"],"yoast_head":"<!-- This site is optimized with the Yoast SEO plugin v26.1.1 - https:\/\/yoast.com\/wordpress\/plugins\/seo\/ -->\n<title>LA LEGISLATURA PROVINCIAL SANCION\u00d3 LA MORATORIA DE IMPUESTOS PROVINCIALES - Apuntes de San Luis<\/title>\n<meta name=\"robots\" content=\"index, follow, max-snippet:-1, max-image-preview:large, max-video-preview:-1\" \/>\n<link rel=\"canonical\" href=\"https:\/\/apuntesdesanluis.com\/index.php\/2024\/03\/21\/la-legislatura-provincial-sanciono-la-moratoria-de-impuestos-provinciales\/\" \/>\n<meta property=\"og:locale\" content=\"es_ES\" \/>\n<meta property=\"og:type\" content=\"article\" \/>\n<meta property=\"og:title\" content=\"LA LEGISLATURA PROVINCIAL SANCION\u00d3 LA MORATORIA DE IMPUESTOS PROVINCIALES - Apuntes de San Luis\" \/>\n<meta property=\"og:description\" content=\"El proyecto de ley de Moratoria de Impuestos Provinciales impulsado por el gobernador, Claudio Poggi,...\" \/>\n<meta property=\"og:url\" content=\"https:\/\/apuntesdesanluis.com\/index.php\/2024\/03\/21\/la-legislatura-provincial-sanciono-la-moratoria-de-impuestos-provinciales\/\" \/>\n<meta property=\"og:site_name\" content=\"Apuntes de San Luis\" \/>\n<meta property=\"article:published_time\" content=\"2024-03-21T23:56:16+00:00\" \/>\n<meta property=\"og:image\" content=\"https:\/\/apuntesdesanluis.com\/wp-content\/uploads\/2024\/03\/diputados-san-luis.png\" \/>\n\t<meta property=\"og:image:width\" content=\"600\" \/>\n\t<meta property=\"og:image:height\" content=\"320\" \/>\n\t<meta property=\"og:image:type\" content=\"image\/png\" \/>\n<meta name=\"author\" content=\"apuntesdesanluis.com\" \/>\n<meta name=\"twitter:card\" content=\"summary_large_image\" \/>\n<meta name=\"twitter:label1\" content=\"Escrito por\" \/>\n\t<meta name=\"twitter:data1\" content=\"apuntesdesanluis.com\" \/>\n\t<meta name=\"twitter:label2\" content=\"Tiempo de lectura\" \/>\n\t<meta name=\"twitter:data2\" content=\"2 minutos\" \/>\n<script type=\"application\/ld+json\" class=\"yoast-schema-graph\">{\"@context\":\"https:\/\/schema.org\",\"@graph\":[{\"@type\":\"Article\",\"@id\":\"https:\/\/apuntesdesanluis.com\/index.php\/2024\/03\/21\/la-legislatura-provincial-sanciono-la-moratoria-de-impuestos-provinciales\/#article\",\"isPartOf\":{\"@id\":\"https:\/\/apuntesdesanluis.com\/index.php\/2024\/03\/21\/la-legislatura-provincial-sanciono-la-moratoria-de-impuestos-provinciales\/\"},\"author\":{\"name\":\"apuntesdesanluis.com\",\"@id\":\"https:\/\/apuntesdesanluis.com\/#\/schema\/person\/b55151d52296fcce64d1a72538a70b90\"},\"headline\":\"LA LEGISLATURA PROVINCIAL SANCION\u00d3 LA MORATORIA DE IMPUESTOS PROVINCIALES\",\"datePublished\":\"2024-03-21T23:56:16+00:00\",\"mainEntityOfPage\":{\"@id\":\"https:\/\/apuntesdesanluis.com\/index.php\/2024\/03\/21\/la-legislatura-provincial-sanciono-la-moratoria-de-impuestos-provinciales\/\"},\"wordCount\":301,\"publisher\":{\"@id\":\"https:\/\/apuntesdesanluis.com\/#\/schema\/person\/b55151d52296fcce64d1a72538a70b90\"},\"image\":{\"@id\":\"https:\/\/apuntesdesanluis.com\/index.php\/2024\/03\/21\/la-legislatura-provincial-sanciono-la-moratoria-de-impuestos-provinciales\/#primaryimage\"},\"thumbnailUrl\":\"https:\/\/apuntesdesanluis.com\/wp-content\/uploads\/2024\/03\/diputados-san-luis.png\",\"articleSection\":[\"Ciudad\/Provincia\"],\"inLanguage\":\"es-AR\"},{\"@type\":\"WebPage\",\"@id\":\"https:\/\/apuntesdesanluis.com\/index.php\/2024\/03\/21\/la-legislatura-provincial-sanciono-la-moratoria-de-impuestos-provinciales\/\",\"url\":\"https:\/\/apuntesdesanluis.com\/index.php\/2024\/03\/21\/la-legislatura-provincial-sanciono-la-moratoria-de-impuestos-provinciales\/\",\"name\":\"LA LEGISLATURA PROVINCIAL SANCION\u00d3 LA MORATORIA DE IMPUESTOS PROVINCIALES - Apuntes de San Luis\",\"isPartOf\":{\"@id\":\"https:\/\/apuntesdesanluis.com\/#website\"},\"primaryImageOfPage\":{\"@id\":\"https:\/\/apuntesdesanluis.com\/index.php\/2024\/03\/21\/la-legislatura-provincial-sanciono-la-moratoria-de-impuestos-provinciales\/#primaryimage\"},\"image\":{\"@id\":\"https:\/\/apuntesdesanluis.com\/index.php\/2024\/03\/21\/la-legislatura-provincial-sanciono-la-moratoria-de-impuestos-provinciales\/#primaryimage\"},\"thumbnailUrl\":\"https:\/\/apuntesdesanluis.com\/wp-content\/uploads\/2024\/03\/diputados-san-luis.png\",\"datePublished\":\"2024-03-21T23:56:16+00:00\",\"breadcrumb\":{\"@id\":\"https:\/\/apuntesdesanluis.com\/index.php\/2024\/03\/21\/la-legislatura-provincial-sanciono-la-moratoria-de-impuestos-provinciales\/#breadcrumb\"},\"inLanguage\":\"es-AR\",\"potentialAction\":[{\"@type\":\"ReadAction\",\"target\":[\"https:\/\/apuntesdesanluis.com\/index.php\/2024\/03\/21\/la-legislatura-provincial-sanciono-la-moratoria-de-impuestos-provinciales\/\"]}]},{\"@type\":\"ImageObject\",\"inLanguage\":\"es-AR\",\"@id\":\"https:\/\/apuntesdesanluis.com\/index.php\/2024\/03\/21\/la-legislatura-provincial-sanciono-la-moratoria-de-impuestos-provinciales\/#primaryimage\",\"url\":\"https:\/\/apuntesdesanluis.com\/wp-content\/uploads\/2024\/03\/diputados-san-luis.png\",\"contentUrl\":\"https:\/\/apuntesdesanluis.com\/wp-content\/uploads\/2024\/03\/diputados-san-luis.png\",\"width\":600,\"height\":320},{\"@type\":\"BreadcrumbList\",\"@id\":\"https:\/\/apuntesdesanluis.com\/index.php\/2024\/03\/21\/la-legislatura-provincial-sanciono-la-moratoria-de-impuestos-provinciales\/#breadcrumb\",\"itemListElement\":[{\"@type\":\"ListItem\",\"position\":1,\"name\":\"Inicio\",\"item\":\"https:\/\/apuntesdesanluis.com\/\"},{\"@type\":\"ListItem\",\"position\":2,\"name\":\"LA LEGISLATURA PROVINCIAL SANCION\u00d3 LA MORATORIA DE IMPUESTOS PROVINCIALES\"}]},{\"@type\":\"WebSite\",\"@id\":\"https:\/\/apuntesdesanluis.com\/#website\",\"url\":\"https:\/\/apuntesdesanluis.com\/\",\"name\":\"Apuntes de San Luis\",\"description\":\"\",\"publisher\":{\"@id\":\"https:\/\/apuntesdesanluis.com\/#\/schema\/person\/b55151d52296fcce64d1a72538a70b90\"},\"potentialAction\":[{\"@type\":\"SearchAction\",\"target\":{\"@type\":\"EntryPoint\",\"urlTemplate\":\"https:\/\/apuntesdesanluis.com\/?s={search_term_string}\"},\"query-input\":{\"@type\":\"PropertyValueSpecification\",\"valueRequired\":true,\"valueName\":\"search_term_string\"}}],\"inLanguage\":\"es-AR\"},{\"@type\":[\"Person\",\"Organization\"],\"@id\":\"https:\/\/apuntesdesanluis.com\/#\/schema\/person\/b55151d52296fcce64d1a72538a70b90\",\"name\":\"apuntesdesanluis.com\",\"image\":{\"@type\":\"ImageObject\",\"inLanguage\":\"es-AR\",\"@id\":\"https:\/\/apuntesdesanluis.com\/#\/schema\/person\/image\/\",\"url\":\"https:\/\/apuntesdesanluis.com\/wp-content\/uploads\/2023\/07\/cropped-apuntesdesanluis.png\",\"contentUrl\":\"https:\/\/apuntesdesanluis.com\/wp-content\/uploads\/2023\/07\/cropped-apuntesdesanluis.png\",\"width\":450,\"height\":112,\"caption\":\"apuntesdesanluis.com\"},\"logo\":{\"@id\":\"https:\/\/apuntesdesanluis.com\/#\/schema\/person\/image\/\"},\"sameAs\":[\"https:\/\/apuntesdesanluis.com\"],\"url\":\"https:\/\/apuntesdesanluis.com\/index.php\/author\/apuntesdesanluis-com\/\"}]}<\/script>\n<!-- \/ Yoast SEO plugin. -->","yoast_head_json":{"title":"LA LEGISLATURA PROVINCIAL SANCION\u00d3 LA MORATORIA DE IMPUESTOS PROVINCIALES - Apuntes de San Luis","robots":{"index":"index","follow":"follow","max-snippet":"max-snippet:-1","max-image-preview":"max-image-preview:large","max-video-preview":"max-video-preview:-1"},"canonical":"https:\/\/apuntesdesanluis.com\/index.php\/2024\/03\/21\/la-legislatura-provincial-sanciono-la-moratoria-de-impuestos-provinciales\/","og_locale":"es_ES","og_type":"article","og_title":"LA LEGISLATURA PROVINCIAL SANCION\u00d3 LA MORATORIA DE IMPUESTOS PROVINCIALES - Apuntes de San Luis","og_description":"El proyecto de ley de Moratoria de Impuestos Provinciales impulsado por el gobernador, Claudio Poggi,...","og_url":"https:\/\/apuntesdesanluis.com\/index.php\/2024\/03\/21\/la-legislatura-provincial-sanciono-la-moratoria-de-impuestos-provinciales\/","og_site_name":"Apuntes de San Luis","article_published_time":"2024-03-21T23:56:16+00:00","og_image":[{"width":600,"height":320,"url":"https:\/\/apuntesdesanluis.com\/wp-content\/uploads\/2024\/03\/diputados-san-luis.png","type":"image\/png"}],"author":"apuntesdesanluis.com","twitter_card":"summary_large_image","twitter_misc":{"Escrito por":"apuntesdesanluis.com","Tiempo de lectura":"2 minutos"},"schema":{"@context":"https:\/\/schema.org","@graph":[{"@type":"Article","@id":"https:\/\/apuntesdesanluis.com\/index.php\/2024\/03\/21\/la-legislatura-provincial-sanciono-la-moratoria-de-impuestos-provinciales\/#article","isPartOf":{"@id":"https:\/\/apuntesdesanluis.com\/index.php\/2024\/03\/21\/la-legislatura-provincial-sanciono-la-moratoria-de-impuestos-provinciales\/"},"author":{"name":"apuntesdesanluis.com","@id":"https:\/\/apuntesdesanluis.com\/#\/schema\/person\/b55151d52296fcce64d1a72538a70b90"},"headline":"LA LEGISLATURA PROVINCIAL SANCION\u00d3 LA MORATORIA DE IMPUESTOS PROVINCIALES","datePublished":"2024-03-21T23:56:16+00:00","mainEntityOfPage":{"@id":"https:\/\/apuntesdesanluis.com\/index.php\/2024\/03\/21\/la-legislatura-provincial-sanciono-la-moratoria-de-impuestos-provinciales\/"},"wordCount":301,"publisher":{"@id":"https:\/\/apuntesdesanluis.com\/#\/schema\/person\/b55151d52296fcce64d1a72538a70b90"},"image":{"@id":"https:\/\/apuntesdesanluis.com\/index.php\/2024\/03\/21\/la-legislatura-provincial-sanciono-la-moratoria-de-impuestos-provinciales\/#primaryimage"},"thumbnailUrl":"https:\/\/apuntesdesanluis.com\/wp-content\/uploads\/2024\/03\/diputados-san-luis.png","articleSection":["Ciudad\/Provincia"],"inLanguage":"es-AR"},{"@type":"WebPage","@id":"https:\/\/apuntesdesanluis.com\/index.php\/2024\/03\/21\/la-legislatura-provincial-sanciono-la-moratoria-de-impuestos-provinciales\/","url":"https:\/\/apuntesdesanluis.com\/index.php\/2024\/03\/21\/la-legislatura-provincial-sanciono-la-moratoria-de-impuestos-provinciales\/","name":"LA LEGISLATURA PROVINCIAL SANCION\u00d3 LA MORATORIA DE IMPUESTOS PROVINCIALES - Apuntes de San Luis","isPartOf":{"@id":"https:\/\/apuntesdesanluis.com\/#website"},"primaryImageOfPage":{"@id":"https:\/\/apuntesdesanluis.com\/index.php\/2024\/03\/21\/la-legislatura-provincial-sanciono-la-moratoria-de-impuestos-provinciales\/#primaryimage"},"image":{"@id":"https:\/\/apuntesdesanluis.com\/index.php\/2024\/03\/21\/la-legislatura-provincial-sanciono-la-moratoria-de-impuestos-provinciales\/#primaryimage"},"thumbnailUrl":"https:\/\/apuntesdesanluis.com\/wp-content\/uploads\/2024\/03\/diputados-san-luis.png","datePublished":"2024-03-21T23:56:16+00:00","breadcrumb":{"@id":"https:\/\/apuntesdesanluis.com\/index.php\/2024\/03\/21\/la-legislatura-provincial-sanciono-la-moratoria-de-impuestos-provinciales\/#breadcrumb"},"inLanguage":"es-AR","potentialAction":[{"@type":"ReadAction","target":["https:\/\/apuntesdesanluis.com\/index.php\/2024\/03\/21\/la-legislatura-provincial-sanciono-la-moratoria-de-impuestos-provinciales\/"]}]},{"@type":"ImageObject","inLanguage":"es-AR","@id":"https:\/\/apuntesdesanluis.com\/index.php\/2024\/03\/21\/la-legislatura-provincial-sanciono-la-moratoria-de-impuestos-provinciales\/#primaryimage","url":"https:\/\/apuntesdesanluis.com\/wp-content\/uploads\/2024\/03\/diputados-san-luis.png","contentUrl":"https:\/\/apuntesdesanluis.com\/wp-content\/uploads\/2024\/03\/diputados-san-luis.png","width":600,"height":320},{"@type":"BreadcrumbList","@id":"https:\/\/apuntesdesanluis.com\/index.php\/2024\/03\/21\/la-legislatura-provincial-sanciono-la-moratoria-de-impuestos-provinciales\/#breadcrumb","itemListElement":[{"@type":"ListItem","position":1,"name":"Inicio","item":"https:\/\/apuntesdesanluis.com\/"},{"@type":"ListItem","position":2,"name":"LA LEGISLATURA PROVINCIAL SANCION\u00d3 LA MORATORIA DE IMPUESTOS PROVINCIALES"}]},{"@type":"WebSite","@id":"https:\/\/apuntesdesanluis.com\/#website","url":"https:\/\/apuntesdesanluis.com\/","name":"Apuntes de San Luis","description":"","publisher":{"@id":"https:\/\/apuntesdesanluis.com\/#\/schema\/person\/b55151d52296fcce64d1a72538a70b90"},"potentialAction":[{"@type":"SearchAction","target":{"@type":"EntryPoint","urlTemplate":"https:\/\/apuntesdesanluis.com\/?s={search_term_string}"},"query-input":{"@type":"PropertyValueSpecification","valueRequired":true,"valueName":"search_term_string"}}],"inLanguage":"es-AR"},{"@type":["Person","Organization"],"@id":"https:\/\/apuntesdesanluis.com\/#\/schema\/person\/b55151d52296fcce64d1a72538a70b90","name":"apuntesdesanluis.com","image":{"@type":"ImageObject","inLanguage":"es-AR","@id":"https:\/\/apuntesdesanluis.com\/#\/schema\/person\/image\/","url":"https:\/\/apuntesdesanluis.com\/wp-content\/uploads\/2023\/07\/cropped-apuntesdesanluis.png","contentUrl":"https:\/\/apuntesdesanluis.com\/wp-content\/uploads\/2023\/07\/cropped-apuntesdesanluis.png","width":450,"height":112,"caption":"apuntesdesanluis.com"},"logo":{"@id":"https:\/\/apuntesdesanluis.com\/#\/schema\/person\/image\/"},"sameAs":["https:\/\/apuntesdesanluis.com"],"url":"https:\/\/apuntesdesanluis.com\/index.php\/author\/apuntesdesanluis-com\/"}]}},"featured_image_urls":{"full":["https:\/\/apuntesdesanluis.com\/wp-content\/uploads\/2024\/03\/diputados-san-luis.png",600,320,false],"thumbnail":["https:\/\/apuntesdesanluis.com\/wp-content\/uploads\/2024\/03\/diputados-san-luis-150x150.png",150,150,true],"medium":["https:\/\/apuntesdesanluis.com\/wp-content\/uploads\/2024\/03\/diputados-san-luis-300x160.png",300,160,true],"medium_large":["https:\/\/apuntesdesanluis.com\/wp-content\/uploads\/2024\/03\/diputados-san-luis.png",600,320,false],"large":["https:\/\/apuntesdesanluis.com\/wp-content\/uploads\/2024\/03\/diputados-san-luis.png",600,320,false],"1536x1536":["https:\/\/apuntesdesanluis.com\/wp-content\/uploads\/2024\/03\/diputados-san-luis.png",600,320,false],"2048x2048":["https:\/\/apuntesdesanluis.com\/wp-content\/uploads\/2024\/03\/diputados-san-luis.png",600,320,false],"newsever-slider-full":["https:\/\/apuntesdesanluis.com\/wp-content\/uploads\/2024\/03\/diputados-san-luis.png",600,320,false],"newsever-featured":["https:\/\/apuntesdesanluis.com\/wp-content\/uploads\/2024\/03\/diputados-san-luis.png",600,320,false],"newsever-medium":["https:\/\/apuntesdesanluis.com\/wp-content\/uploads\/2024\/03\/diputados-san-luis.png",600,320,false]},"author_info":{"display_name":"apuntesdesanluis.com","author_link":"https:\/\/apuntesdesanluis.com\/index.php\/author\/apuntesdesanluis-com\/"},"category_info":"<a href=\"https:\/\/apuntesdesanluis.com\/index.php\/category\/ciudad-provincia\/\" rel=\"category tag\">Ciudad\/Provincia<\/a>","tag_info":"Ciudad\/Provincia","comment_count":"0","_links":{"self":[{"href":"https:\/\/apuntesdesanluis.com\/index.php\/wp-json\/wp\/v2\/posts\/13478","targetHints":{"allow":["GET"]}}],"collection":[{"href":"https:\/\/apuntesdesanluis.com\/index.php\/wp-json\/wp\/v2\/posts"}],"about":[{"href":"https:\/\/apuntesdesanluis.com\/index.php\/wp-json\/wp\/v2\/types\/post"}],"author":[{"embeddable":true,"href":"https:\/\/apuntesdesanluis.com\/index.php\/wp-json\/wp\/v2\/users\/1"}],"replies":[{"embeddable":true,"href":"https:\/\/apuntesdesanluis.com\/index.php\/wp-json\/wp\/v2\/comments?post=13478"}],"version-history":[{"count":3,"href":"https:\/\/apuntesdesanluis.com\/index.php\/wp-json\/wp\/v2\/posts\/13478\/revisions"}],"predecessor-version":[{"id":13486,"href":"https:\/\/apuntesdesanluis.com\/index.php\/wp-json\/wp\/v2\/posts\/13478\/revisions\/13486"}],"wp:featuredmedia":[{"embeddable":true,"href":"https:\/\/apuntesdesanluis.com\/index.php\/wp-json\/wp\/v2\/media\/13485"}],"wp:attachment":[{"href":"https:\/\/apuntesdesanluis.com\/index.php\/wp-json\/wp\/v2\/media?parent=13478"}],"wp:term":[{"taxonomy":"category","embeddable":true,"href":"https:\/\/apuntesdesanluis.com\/index.php\/wp-json\/wp\/v2\/categories?post=13478"},{"taxonomy":"post_tag","embeddable":true,"href":"https:\/\/apuntesdesanluis.com\/index.php\/wp-json\/wp\/v2\/tags?post=13478"}],"curies":[{"name":"wp","href":"https:\/\/api.w.org\/{rel}","templated":true}]}}