{"id":13481,"date":"2024-03-21T20:51:06","date_gmt":"2024-03-21T23:51:06","guid":{"rendered":"https:\/\/apuntesdesanluis.com\/?p=13481"},"modified":"2024-03-21T20:57:05","modified_gmt":"2024-03-21T23:57:05","slug":"juicio-abreviado-y-condena-idem-3-anos-y-4-meses-de-prision-efectiva","status":"publish","type":"post","link":"https:\/\/apuntesdesanluis.com\/index.php\/2024\/03\/21\/juicio-abreviado-y-condena-idem-3-anos-y-4-meses-de-prision-efectiva\/","title":{"rendered":"JUICIO ABREVIADO Y CONDENA IDEM: 3 A\u00d1OS Y 4 MESES DE PRISI\u00d3N EFECTIVA"},"content":{"rendered":"<h3>El Ministerio P\u00fablico Fiscal calific\u00f3 al hecho \u2013 ocurrido el pasado 10 de enero en el barrio Viva San Luis-\u00a0 como un robo calificado por el uso de arma en grado de tentativa en concurso real con amenazas.<\/h3>\n<h3>Hoy por la ma\u00f1ana se celebr\u00f3 un juicio abreviado en la Sala de Juicios N\u00ba 1 de la Segunda Circunscripci\u00f3n Judicial.\u00a0 Lucas Javier Becerra fue condenado a sufrir la pena de 3 a\u00f1os y 4 meses de prisi\u00f3n de cumplimiento efectivo.<\/h3>\n<h3>En esta oportunidad, el debate oral estuvo dirigido por la integraci\u00f3n unipersonal del Dr. Sebasti\u00e1n Cadelago Filippi, integrante del Colegio de Jueces de la Segunda Circunscripci\u00f3n Judicial.<\/h3>\n<h3>En primer lugar, en representaci\u00f3n del Ministerio P\u00fablico Fiscal, el Dr. Leandro Estrada relat\u00f3 las circunstancias en las que se produjo el hecho, al que encuadr\u00f3 como robo calificado por el empleo de un arma de fuego apta para el disparo\u00a0 en grado de tentativa, en concurso real con amenazas. Comunic\u00f3 que con las partes \u2013 Dra. Graciela Bernabeu, querella y Dr. Emanuel Correa Otaz\u00fa, defensa \u2013 llegaron a un acuerdo para culminar la causa mediante el procedimiento de juicio abreviado. Solicit\u00f3 una pena de 3 a\u00f1os y\u00a0 4 meses de prisi\u00f3n de cumplimiento efectivo.<\/h3>\n<h3>La querella y la defensa no formularon objeciones mientras que cedida la palabra al acusado, reconoci\u00f3 su participaci\u00f3n en el hecho y acept\u00f3 la pena solicitada por el Ministerio P\u00fablico.<\/h3>\n<h3>Luego de un cuarto intermedio, el Dr. Cadelago Filippi dio a conocer la resoluci\u00f3n, declar\u00f3 la admisibilidad del juicio abreviado y conden\u00f3 a Lucas Javier Becerra a sufrir la pena de 3 a\u00f1os y cuatro meses de prisi\u00f3n de cumplimiento efectivo.<\/h3>\n<h3>El hecho, sucedi\u00f3 el pasado 10 de enero en una vivienda de la ciudad. En ese entonces, con el objetivo de realizar una transacci\u00f3n de compra de d\u00f3lares, el imputado ingres\u00f3 a la casa \u2013donde vive una familia- con un arma de fuego y trat\u00f3 de desapoderar al damnificado del dinero.<\/h3>\n<p>&nbsp;<\/p>\n<p>&nbsp;<\/p>\n<p>&nbsp;<\/p>\n<p>&nbsp;<\/p>\n<p>&nbsp;<\/p>\n<p>&nbsp;<\/p>\n","protected":false},"excerpt":{"rendered":"<p>El Ministerio P\u00fablico Fiscal calific\u00f3 al hecho \u2013 ocurrido el pasado 10 de enero en&#8230;<\/p>\n","protected":false},"author":1,"featured_media":13482,"comment_status":"closed","ping_status":"closed","sticky":false,"template":"","format":"standard","meta":{"footnotes":""},"categories":[6],"tags":[],"class_list":["post-13481","post","type-post","status-publish","format-standard","has-post-thumbnail","hentry","category-ciudad-provincia"],"yoast_head":"<!-- This site is optimized with the Yoast SEO plugin v26.1.1 - https:\/\/yoast.com\/wordpress\/plugins\/seo\/ -->\n<title>JUICIO ABREVIADO Y CONDENA IDEM: 3 A\u00d1OS Y 4 MESES DE PRISI\u00d3N EFECTIVA - Apuntes de San Luis<\/title>\n<meta name=\"robots\" content=\"index, follow, max-snippet:-1, max-image-preview:large, max-video-preview:-1\" \/>\n<link rel=\"canonical\" href=\"https:\/\/apuntesdesanluis.com\/index.php\/2024\/03\/21\/juicio-abreviado-y-condena-idem-3-anos-y-4-meses-de-prision-efectiva\/\" \/>\n<meta property=\"og:locale\" content=\"es_ES\" \/>\n<meta property=\"og:type\" content=\"article\" \/>\n<meta property=\"og:title\" content=\"JUICIO ABREVIADO Y CONDENA IDEM: 3 A\u00d1OS Y 4 MESES DE PRISI\u00d3N EFECTIVA - Apuntes de San Luis\" \/>\n<meta property=\"og:description\" content=\"El Ministerio P\u00fablico Fiscal calific\u00f3 al hecho \u2013 ocurrido el pasado 10 de enero en...\" \/>\n<meta property=\"og:url\" content=\"https:\/\/apuntesdesanluis.com\/index.php\/2024\/03\/21\/juicio-abreviado-y-condena-idem-3-anos-y-4-meses-de-prision-efectiva\/\" \/>\n<meta property=\"og:site_name\" content=\"Apuntes de San Luis\" \/>\n<meta property=\"article:published_time\" content=\"2024-03-21T23:51:06+00:00\" \/>\n<meta property=\"article:modified_time\" content=\"2024-03-21T23:57:05+00:00\" \/>\n<meta property=\"og:image\" content=\"https:\/\/apuntesdesanluis.com\/wp-content\/uploads\/2024\/03\/CONDENA.png\" \/>\n\t<meta property=\"og:image:width\" content=\"600\" \/>\n\t<meta property=\"og:image:height\" content=\"346\" \/>\n\t<meta property=\"og:image:type\" content=\"image\/png\" \/>\n<meta name=\"author\" content=\"apuntesdesanluis.com\" \/>\n<meta name=\"twitter:card\" content=\"summary_large_image\" \/>\n<meta name=\"twitter:label1\" content=\"Escrito por\" \/>\n\t<meta name=\"twitter:data1\" content=\"apuntesdesanluis.com\" \/>\n\t<meta name=\"twitter:label2\" content=\"Tiempo de lectura\" \/>\n\t<meta name=\"twitter:data2\" content=\"2 minutos\" \/>\n<script type=\"application\/ld+json\" class=\"yoast-schema-graph\">{\"@context\":\"https:\/\/schema.org\",\"@graph\":[{\"@type\":\"Article\",\"@id\":\"https:\/\/apuntesdesanluis.com\/index.php\/2024\/03\/21\/juicio-abreviado-y-condena-idem-3-anos-y-4-meses-de-prision-efectiva\/#article\",\"isPartOf\":{\"@id\":\"https:\/\/apuntesdesanluis.com\/index.php\/2024\/03\/21\/juicio-abreviado-y-condena-idem-3-anos-y-4-meses-de-prision-efectiva\/\"},\"author\":{\"name\":\"apuntesdesanluis.com\",\"@id\":\"https:\/\/apuntesdesanluis.com\/#\/schema\/person\/b55151d52296fcce64d1a72538a70b90\"},\"headline\":\"JUICIO ABREVIADO Y CONDENA IDEM: 3 A\u00d1OS Y 4 MESES DE PRISI\u00d3N EFECTIVA\",\"datePublished\":\"2024-03-21T23:51:06+00:00\",\"dateModified\":\"2024-03-21T23:57:05+00:00\",\"mainEntityOfPage\":{\"@id\":\"https:\/\/apuntesdesanluis.com\/index.php\/2024\/03\/21\/juicio-abreviado-y-condena-idem-3-anos-y-4-meses-de-prision-efectiva\/\"},\"wordCount\":350,\"publisher\":{\"@id\":\"https:\/\/apuntesdesanluis.com\/#\/schema\/person\/b55151d52296fcce64d1a72538a70b90\"},\"image\":{\"@id\":\"https:\/\/apuntesdesanluis.com\/index.php\/2024\/03\/21\/juicio-abreviado-y-condena-idem-3-anos-y-4-meses-de-prision-efectiva\/#primaryimage\"},\"thumbnailUrl\":\"https:\/\/apuntesdesanluis.com\/wp-content\/uploads\/2024\/03\/CONDENA.png\",\"articleSection\":[\"Ciudad\/Provincia\"],\"inLanguage\":\"es-AR\"},{\"@type\":\"WebPage\",\"@id\":\"https:\/\/apuntesdesanluis.com\/index.php\/2024\/03\/21\/juicio-abreviado-y-condena-idem-3-anos-y-4-meses-de-prision-efectiva\/\",\"url\":\"https:\/\/apuntesdesanluis.com\/index.php\/2024\/03\/21\/juicio-abreviado-y-condena-idem-3-anos-y-4-meses-de-prision-efectiva\/\",\"name\":\"JUICIO ABREVIADO Y CONDENA IDEM: 3 A\u00d1OS Y 4 MESES DE PRISI\u00d3N EFECTIVA - Apuntes de San Luis\",\"isPartOf\":{\"@id\":\"https:\/\/apuntesdesanluis.com\/#website\"},\"primaryImageOfPage\":{\"@id\":\"https:\/\/apuntesdesanluis.com\/index.php\/2024\/03\/21\/juicio-abreviado-y-condena-idem-3-anos-y-4-meses-de-prision-efectiva\/#primaryimage\"},\"image\":{\"@id\":\"https:\/\/apuntesdesanluis.com\/index.php\/2024\/03\/21\/juicio-abreviado-y-condena-idem-3-anos-y-4-meses-de-prision-efectiva\/#primaryimage\"},\"thumbnailUrl\":\"https:\/\/apuntesdesanluis.com\/wp-content\/uploads\/2024\/03\/CONDENA.png\",\"datePublished\":\"2024-03-21T23:51:06+00:00\",\"dateModified\":\"2024-03-21T23:57:05+00:00\",\"breadcrumb\":{\"@id\":\"https:\/\/apuntesdesanluis.com\/index.php\/2024\/03\/21\/juicio-abreviado-y-condena-idem-3-anos-y-4-meses-de-prision-efectiva\/#breadcrumb\"},\"inLanguage\":\"es-AR\",\"potentialAction\":[{\"@type\":\"ReadAction\",\"target\":[\"https:\/\/apuntesdesanluis.com\/index.php\/2024\/03\/21\/juicio-abreviado-y-condena-idem-3-anos-y-4-meses-de-prision-efectiva\/\"]}]},{\"@type\":\"ImageObject\",\"inLanguage\":\"es-AR\",\"@id\":\"https:\/\/apuntesdesanluis.com\/index.php\/2024\/03\/21\/juicio-abreviado-y-condena-idem-3-anos-y-4-meses-de-prision-efectiva\/#primaryimage\",\"url\":\"https:\/\/apuntesdesanluis.com\/wp-content\/uploads\/2024\/03\/CONDENA.png\",\"contentUrl\":\"https:\/\/apuntesdesanluis.com\/wp-content\/uploads\/2024\/03\/CONDENA.png\",\"width\":600,\"height\":346},{\"@type\":\"BreadcrumbList\",\"@id\":\"https:\/\/apuntesdesanluis.com\/index.php\/2024\/03\/21\/juicio-abreviado-y-condena-idem-3-anos-y-4-meses-de-prision-efectiva\/#breadcrumb\",\"itemListElement\":[{\"@type\":\"ListItem\",\"position\":1,\"name\":\"Inicio\",\"item\":\"https:\/\/apuntesdesanluis.com\/\"},{\"@type\":\"ListItem\",\"position\":2,\"name\":\"JUICIO ABREVIADO Y CONDENA IDEM: 3 A\u00d1OS Y 4 MESES DE PRISI\u00d3N EFECTIVA\"}]},{\"@type\":\"WebSite\",\"@id\":\"https:\/\/apuntesdesanluis.com\/#website\",\"url\":\"https:\/\/apuntesdesanluis.com\/\",\"name\":\"Apuntes de San Luis\",\"description\":\"\",\"publisher\":{\"@id\":\"https:\/\/apuntesdesanluis.com\/#\/schema\/person\/b55151d52296fcce64d1a72538a70b90\"},\"potentialAction\":[{\"@type\":\"SearchAction\",\"target\":{\"@type\":\"EntryPoint\",\"urlTemplate\":\"https:\/\/apuntesdesanluis.com\/?s={search_term_string}\"},\"query-input\":{\"@type\":\"PropertyValueSpecification\",\"valueRequired\":true,\"valueName\":\"search_term_string\"}}],\"inLanguage\":\"es-AR\"},{\"@type\":[\"Person\",\"Organization\"],\"@id\":\"https:\/\/apuntesdesanluis.com\/#\/schema\/person\/b55151d52296fcce64d1a72538a70b90\",\"name\":\"apuntesdesanluis.com\",\"image\":{\"@type\":\"ImageObject\",\"inLanguage\":\"es-AR\",\"@id\":\"https:\/\/apuntesdesanluis.com\/#\/schema\/person\/image\/\",\"url\":\"https:\/\/apuntesdesanluis.com\/wp-content\/uploads\/2023\/07\/cropped-apuntesdesanluis.png\",\"contentUrl\":\"https:\/\/apuntesdesanluis.com\/wp-content\/uploads\/2023\/07\/cropped-apuntesdesanluis.png\",\"width\":450,\"height\":112,\"caption\":\"apuntesdesanluis.com\"},\"logo\":{\"@id\":\"https:\/\/apuntesdesanluis.com\/#\/schema\/person\/image\/\"},\"sameAs\":[\"https:\/\/apuntesdesanluis.com\"],\"url\":\"https:\/\/apuntesdesanluis.com\/index.php\/author\/apuntesdesanluis-com\/\"}]}<\/script>\n<!-- \/ Yoast SEO plugin. -->","yoast_head_json":{"title":"JUICIO ABREVIADO Y CONDENA IDEM: 3 A\u00d1OS Y 4 MESES DE PRISI\u00d3N EFECTIVA - Apuntes de San Luis","robots":{"index":"index","follow":"follow","max-snippet":"max-snippet:-1","max-image-preview":"max-image-preview:large","max-video-preview":"max-video-preview:-1"},"canonical":"https:\/\/apuntesdesanluis.com\/index.php\/2024\/03\/21\/juicio-abreviado-y-condena-idem-3-anos-y-4-meses-de-prision-efectiva\/","og_locale":"es_ES","og_type":"article","og_title":"JUICIO ABREVIADO Y CONDENA IDEM: 3 A\u00d1OS Y 4 MESES DE PRISI\u00d3N EFECTIVA - Apuntes de San Luis","og_description":"El Ministerio P\u00fablico Fiscal calific\u00f3 al hecho \u2013 ocurrido el pasado 10 de enero en...","og_url":"https:\/\/apuntesdesanluis.com\/index.php\/2024\/03\/21\/juicio-abreviado-y-condena-idem-3-anos-y-4-meses-de-prision-efectiva\/","og_site_name":"Apuntes de San Luis","article_published_time":"2024-03-21T23:51:06+00:00","article_modified_time":"2024-03-21T23:57:05+00:00","og_image":[{"width":600,"height":346,"url":"https:\/\/apuntesdesanluis.com\/wp-content\/uploads\/2024\/03\/CONDENA.png","type":"image\/png"}],"author":"apuntesdesanluis.com","twitter_card":"summary_large_image","twitter_misc":{"Escrito por":"apuntesdesanluis.com","Tiempo de lectura":"2 minutos"},"schema":{"@context":"https:\/\/schema.org","@graph":[{"@type":"Article","@id":"https:\/\/apuntesdesanluis.com\/index.php\/2024\/03\/21\/juicio-abreviado-y-condena-idem-3-anos-y-4-meses-de-prision-efectiva\/#article","isPartOf":{"@id":"https:\/\/apuntesdesanluis.com\/index.php\/2024\/03\/21\/juicio-abreviado-y-condena-idem-3-anos-y-4-meses-de-prision-efectiva\/"},"author":{"name":"apuntesdesanluis.com","@id":"https:\/\/apuntesdesanluis.com\/#\/schema\/person\/b55151d52296fcce64d1a72538a70b90"},"headline":"JUICIO ABREVIADO Y CONDENA IDEM: 3 A\u00d1OS Y 4 MESES DE PRISI\u00d3N EFECTIVA","datePublished":"2024-03-21T23:51:06+00:00","dateModified":"2024-03-21T23:57:05+00:00","mainEntityOfPage":{"@id":"https:\/\/apuntesdesanluis.com\/index.php\/2024\/03\/21\/juicio-abreviado-y-condena-idem-3-anos-y-4-meses-de-prision-efectiva\/"},"wordCount":350,"publisher":{"@id":"https:\/\/apuntesdesanluis.com\/#\/schema\/person\/b55151d52296fcce64d1a72538a70b90"},"image":{"@id":"https:\/\/apuntesdesanluis.com\/index.php\/2024\/03\/21\/juicio-abreviado-y-condena-idem-3-anos-y-4-meses-de-prision-efectiva\/#primaryimage"},"thumbnailUrl":"https:\/\/apuntesdesanluis.com\/wp-content\/uploads\/2024\/03\/CONDENA.png","articleSection":["Ciudad\/Provincia"],"inLanguage":"es-AR"},{"@type":"WebPage","@id":"https:\/\/apuntesdesanluis.com\/index.php\/2024\/03\/21\/juicio-abreviado-y-condena-idem-3-anos-y-4-meses-de-prision-efectiva\/","url":"https:\/\/apuntesdesanluis.com\/index.php\/2024\/03\/21\/juicio-abreviado-y-condena-idem-3-anos-y-4-meses-de-prision-efectiva\/","name":"JUICIO ABREVIADO Y CONDENA IDEM: 3 A\u00d1OS Y 4 MESES DE PRISI\u00d3N EFECTIVA - Apuntes de San Luis","isPartOf":{"@id":"https:\/\/apuntesdesanluis.com\/#website"},"primaryImageOfPage":{"@id":"https:\/\/apuntesdesanluis.com\/index.php\/2024\/03\/21\/juicio-abreviado-y-condena-idem-3-anos-y-4-meses-de-prision-efectiva\/#primaryimage"},"image":{"@id":"https:\/\/apuntesdesanluis.com\/index.php\/2024\/03\/21\/juicio-abreviado-y-condena-idem-3-anos-y-4-meses-de-prision-efectiva\/#primaryimage"},"thumbnailUrl":"https:\/\/apuntesdesanluis.com\/wp-content\/uploads\/2024\/03\/CONDENA.png","datePublished":"2024-03-21T23:51:06+00:00","dateModified":"2024-03-21T23:57:05+00:00","breadcrumb":{"@id":"https:\/\/apuntesdesanluis.com\/index.php\/2024\/03\/21\/juicio-abreviado-y-condena-idem-3-anos-y-4-meses-de-prision-efectiva\/#breadcrumb"},"inLanguage":"es-AR","potentialAction":[{"@type":"ReadAction","target":["https:\/\/apuntesdesanluis.com\/index.php\/2024\/03\/21\/juicio-abreviado-y-condena-idem-3-anos-y-4-meses-de-prision-efectiva\/"]}]},{"@type":"ImageObject","inLanguage":"es-AR","@id":"https:\/\/apuntesdesanluis.com\/index.php\/2024\/03\/21\/juicio-abreviado-y-condena-idem-3-anos-y-4-meses-de-prision-efectiva\/#primaryimage","url":"https:\/\/apuntesdesanluis.com\/wp-content\/uploads\/2024\/03\/CONDENA.png","contentUrl":"https:\/\/apuntesdesanluis.com\/wp-content\/uploads\/2024\/03\/CONDENA.png","width":600,"height":346},{"@type":"BreadcrumbList","@id":"https:\/\/apuntesdesanluis.com\/index.php\/2024\/03\/21\/juicio-abreviado-y-condena-idem-3-anos-y-4-meses-de-prision-efectiva\/#breadcrumb","itemListElement":[{"@type":"ListItem","position":1,"name":"Inicio","item":"https:\/\/apuntesdesanluis.com\/"},{"@type":"ListItem","position":2,"name":"JUICIO ABREVIADO Y CONDENA IDEM: 3 A\u00d1OS Y 4 MESES DE PRISI\u00d3N EFECTIVA"}]},{"@type":"WebSite","@id":"https:\/\/apuntesdesanluis.com\/#website","url":"https:\/\/apuntesdesanluis.com\/","name":"Apuntes de San Luis","description":"","publisher":{"@id":"https:\/\/apuntesdesanluis.com\/#\/schema\/person\/b55151d52296fcce64d1a72538a70b90"},"potentialAction":[{"@type":"SearchAction","target":{"@type":"EntryPoint","urlTemplate":"https:\/\/apuntesdesanluis.com\/?s={search_term_string}"},"query-input":{"@type":"PropertyValueSpecification","valueRequired":true,"valueName":"search_term_string"}}],"inLanguage":"es-AR"},{"@type":["Person","Organization"],"@id":"https:\/\/apuntesdesanluis.com\/#\/schema\/person\/b55151d52296fcce64d1a72538a70b90","name":"apuntesdesanluis.com","image":{"@type":"ImageObject","inLanguage":"es-AR","@id":"https:\/\/apuntesdesanluis.com\/#\/schema\/person\/image\/","url":"https:\/\/apuntesdesanluis.com\/wp-content\/uploads\/2023\/07\/cropped-apuntesdesanluis.png","contentUrl":"https:\/\/apuntesdesanluis.com\/wp-content\/uploads\/2023\/07\/cropped-apuntesdesanluis.png","width":450,"height":112,"caption":"apuntesdesanluis.com"},"logo":{"@id":"https:\/\/apuntesdesanluis.com\/#\/schema\/person\/image\/"},"sameAs":["https:\/\/apuntesdesanluis.com"],"url":"https:\/\/apuntesdesanluis.com\/index.php\/author\/apuntesdesanluis-com\/"}]}},"featured_image_urls":{"full":["https:\/\/apuntesdesanluis.com\/wp-content\/uploads\/2024\/03\/CONDENA.png",600,346,false],"thumbnail":["https:\/\/apuntesdesanluis.com\/wp-content\/uploads\/2024\/03\/CONDENA-150x150.png",150,150,true],"medium":["https:\/\/apuntesdesanluis.com\/wp-content\/uploads\/2024\/03\/CONDENA-300x173.png",300,173,true],"medium_large":["https:\/\/apuntesdesanluis.com\/wp-content\/uploads\/2024\/03\/CONDENA.png",600,346,false],"large":["https:\/\/apuntesdesanluis.com\/wp-content\/uploads\/2024\/03\/CONDENA.png",600,346,false],"1536x1536":["https:\/\/apuntesdesanluis.com\/wp-content\/uploads\/2024\/03\/CONDENA.png",600,346,false],"2048x2048":["https:\/\/apuntesdesanluis.com\/wp-content\/uploads\/2024\/03\/CONDENA.png",600,346,false],"newsever-slider-full":["https:\/\/apuntesdesanluis.com\/wp-content\/uploads\/2024\/03\/CONDENA.png",600,346,false],"newsever-featured":["https:\/\/apuntesdesanluis.com\/wp-content\/uploads\/2024\/03\/CONDENA.png",600,346,false],"newsever-medium":["https:\/\/apuntesdesanluis.com\/wp-content\/uploads\/2024\/03\/CONDENA.png",600,346,false]},"author_info":{"display_name":"apuntesdesanluis.com","author_link":"https:\/\/apuntesdesanluis.com\/index.php\/author\/apuntesdesanluis-com\/"},"category_info":"<a href=\"https:\/\/apuntesdesanluis.com\/index.php\/category\/ciudad-provincia\/\" rel=\"category tag\">Ciudad\/Provincia<\/a>","tag_info":"Ciudad\/Provincia","comment_count":"0","_links":{"self":[{"href":"https:\/\/apuntesdesanluis.com\/index.php\/wp-json\/wp\/v2\/posts\/13481","targetHints":{"allow":["GET"]}}],"collection":[{"href":"https:\/\/apuntesdesanluis.com\/index.php\/wp-json\/wp\/v2\/posts"}],"about":[{"href":"https:\/\/apuntesdesanluis.com\/index.php\/wp-json\/wp\/v2\/types\/post"}],"author":[{"embeddable":true,"href":"https:\/\/apuntesdesanluis.com\/index.php\/wp-json\/wp\/v2\/users\/1"}],"replies":[{"embeddable":true,"href":"https:\/\/apuntesdesanluis.com\/index.php\/wp-json\/wp\/v2\/comments?post=13481"}],"version-history":[{"count":2,"href":"https:\/\/apuntesdesanluis.com\/index.php\/wp-json\/wp\/v2\/posts\/13481\/revisions"}],"predecessor-version":[{"id":13484,"href":"https:\/\/apuntesdesanluis.com\/index.php\/wp-json\/wp\/v2\/posts\/13481\/revisions\/13484"}],"wp:featuredmedia":[{"embeddable":true,"href":"https:\/\/apuntesdesanluis.com\/index.php\/wp-json\/wp\/v2\/media\/13482"}],"wp:attachment":[{"href":"https:\/\/apuntesdesanluis.com\/index.php\/wp-json\/wp\/v2\/media?parent=13481"}],"wp:term":[{"taxonomy":"category","embeddable":true,"href":"https:\/\/apuntesdesanluis.com\/index.php\/wp-json\/wp\/v2\/categories?post=13481"},{"taxonomy":"post_tag","embeddable":true,"href":"https:\/\/apuntesdesanluis.com\/index.php\/wp-json\/wp\/v2\/tags?post=13481"}],"curies":[{"name":"wp","href":"https:\/\/api.w.org\/{rel}","templated":true}]}}