{"id":13487,"date":"2024-03-21T23:58:31","date_gmt":"2024-03-22T02:58:31","guid":{"rendered":"https:\/\/apuntesdesanluis.com\/?p=13487"},"modified":"2024-03-22T00:09:00","modified_gmt":"2024-03-22T03:09:00","slug":"el-gobernador-visito-la-upro-y-participo-en-inauguracion-de-plazoleta","status":"publish","type":"post","link":"https:\/\/apuntesdesanluis.com\/index.php\/2024\/03\/21\/el-gobernador-visito-la-upro-y-participo-en-inauguracion-de-plazoleta\/","title":{"rendered":"EL GOBERNADOR VISIT\u00d3 LA UPRO Y  PARTICIP\u00d3 EN INAUGURACI\u00d3N DE PLAZOLETA"},"content":{"rendered":"<h3><strong>Claudio Poggi<\/strong> visit\u00f3 este jueves la casa matriz de la <strong>Universidad Provincial de Oficios<\/strong>, se reuni\u00f3 con su rector <strong>Rudy C\u00e1mera<\/strong>, con el cuerpo docente y con alumnos que cursar\u00e1n distintas tecnicaturas. Luego recorri\u00f3 las diversas instalaciones para interiorizarse sobre los proyectos de la casa formadora.<\/h3>\n<h3>Para el Gobernador Poggi volver a recorrer las naves, aulas y talleres de la Universidad Provincial de Oficios (UPrO) fue un volver a vivir, porque fue \u00e9l quien fund\u00f3 la casa de estudios hace casi una d\u00e9cada. Hoy la universidad ha crecido, prendi\u00f3 su idea de capacitar en oficios y por eso cuenta con extensiones \u00e1ulicas en distintos puntos de la provincia.<\/h3>\n<h3>La sede central se encuentra ubicada en el complejo coloquialmente conocido como el Ex Hogar Escuela, en la calle B\u00e9lgica al mil de Villa Mercedes. El rector Rudy C\u00e1mera, junto con el secretario general, Cristian Pecorari, detallaron los distintos planes de estudios, como tambi\u00e9n le explicaron al Jefe de Estado c\u00f3mo se prev\u00e9 dise\u00f1ar las futuras ofertas acad\u00e9micas, conforme a las necesidades y demandas que surjan por parte de la comunidad y de los sectores productivos.<\/h3>\n<h3><img fetchpriority=\"high\" decoding=\"async\" class=\"wp-image-13494 aligncenter\" src=\"https:\/\/apuntesdesanluis.com\/wp-content\/uploads\/2024\/03\/poggi-upro-300x180.png\" alt=\"\" width=\"637\" height=\"382\" srcset=\"https:\/\/apuntesdesanluis.com\/wp-content\/uploads\/2024\/03\/poggi-upro-300x180.png 300w, https:\/\/apuntesdesanluis.com\/wp-content\/uploads\/2024\/03\/poggi-upro.png 600w\" sizes=\"(max-width: 637px) 100vw, 637px\" \/><\/h3>\n<h3>Actualmente en la casa matriz se brindan capacitaciones tanto en cursos cortos como en t\u00e9cnicaturas que ense\u00f1an los secretos relacionados con Electricidad, Soldadura y Energ\u00edas Renovables; adem\u00e1s que prepara a los futuros sanitaristas, gasistas, carpinteros; m\u00e1s el dictado de las carreras de Electr\u00f3nica Industrial, Impresi\u00f3n 3D, Construye tu casa, y Rob\u00f3tica.<\/h3>\n<h3>Adem\u00e1s, se destacaron las caracter\u00edsticas y oportunidades que brindan estas carreras para el desarrollo profesional de los estudiantes.<\/h3>\n<h3>PLAZOLETA DE LA CRUZ Y SANTA FRANCISCA JAVIER CABRINI<\/h3>\n<h3>La Municipalidad de Villa Mercedes celebr\u00f3 la apertura oficial de la Plazoleta de la Cruz y Santa Francisca Javier Cabrini, ubicada frente a la Terminal de \u00d3mnibus, sobre la avenida 25 de Mayo. El acto fue presidido por el gobernador Claudio Poggi, invitado especial del intendente <strong>Maximiliano Frontera<\/strong>, quien estuvo acompa\u00f1ado por miembros de su gabinete, legisladores y vecinos.<\/h3>\n<h3>La ceremonia comenz\u00f3 con el ingreso de las banderas de ceremonia, seguido por emotivas palabras de la hermana Bel\u00e9n. Uno de los momentos m\u00e1s significativos fue la entronizaci\u00f3n de la imagen de la Madre Cabrini, la santa que en los inicios del siglo XX fund\u00f3 el colegio \u2018Sagrado Coraz\u00f3n\u2019. El reconocimiento incluy\u00f3 el descubrimiento de una placa recordatoria de su vida y obra. La bendici\u00f3n estuvo a cargo del padre Sergio Simunovich, mientras que la hermana Laura S\u00e1nchez fue reconocida por recibir los Votos Perpetuos.<\/h3>\n<h3><img decoding=\"async\" class=\"wp-image-13495 aligncenter\" src=\"https:\/\/apuntesdesanluis.com\/wp-content\/uploads\/2024\/03\/placa-300x198.png\" alt=\"\" width=\"661\" height=\"436\" srcset=\"https:\/\/apuntesdesanluis.com\/wp-content\/uploads\/2024\/03\/placa-300x198.png 300w, https:\/\/apuntesdesanluis.com\/wp-content\/uploads\/2024\/03\/placa.png 600w\" sizes=\"(max-width: 661px) 100vw, 661px\" \/><\/h3>\n<h3>El intendente Frontera resalt\u00f3 la importancia de este espacio p\u00fablico para la comunidad, destacando su relevancia hist\u00f3rica y cultural. \u201cTienen que ver con la idiosincrasia de sus pueblos. Hoy estamos inaugurando una obra trascendental en lo identitario que atesora nuestra comunidad. Es una obra que define todo el simbolismo y la espiritualidad que atesoran estos tiempos. La figura et\u00e9rea, religiosa, brinda su santo nombre para que aquella identidad se evidencie con toda la fuerza que la Santa Francisca Javier Cabrini nos legara desde el ejemplo inclaudicable de su obra, se\u00f1al\u00e1ndonos el camino que toda realizaci\u00f3n nos demanda transitar\u201d, dijo Frontera.<\/h3>\n<h3>La hermana Bel\u00e9n les agradeci\u00f3 a Frontera y al gobernador Poggi \u201cen nombre de las misioneras del Sagrado Coraz\u00f3n de Jes\u00fas el haber tenido este gesto tan hermoso de poder colocar la imagen de nuestra querida madre Cabrini junto a la cruz en esta plazoleta tan preciada por los villamercedinos. De esta manera promueve la devoci\u00f3n a nuestra santa fundadora y misionera Santa Francisca Javier Cabrini\u201d.<\/h3>\n<h3><\/h3>\n<h3><\/h3>\n<h3><\/h3>\n","protected":false},"excerpt":{"rendered":"<p>Claudio Poggi visit\u00f3 este jueves la casa matriz de la Universidad Provincial de Oficios, se&#8230;<\/p>\n","protected":false},"author":1,"featured_media":13493,"comment_status":"closed","ping_status":"closed","sticky":false,"template":"","format":"standard","meta":{"footnotes":""},"categories":[6],"tags":[],"class_list":["post-13487","post","type-post","status-publish","format-standard","has-post-thumbnail","hentry","category-ciudad-provincia"],"yoast_head":"<!-- This site is optimized with the Yoast SEO plugin v26.1.1 - https:\/\/yoast.com\/wordpress\/plugins\/seo\/ -->\n<title>EL GOBERNADOR VISIT\u00d3 LA UPRO Y PARTICIP\u00d3 EN INAUGURACI\u00d3N DE PLAZOLETA - Apuntes de San Luis<\/title>\n<meta name=\"robots\" content=\"index, follow, max-snippet:-1, max-image-preview:large, max-video-preview:-1\" \/>\n<link rel=\"canonical\" href=\"https:\/\/apuntesdesanluis.com\/index.php\/2024\/03\/21\/el-gobernador-visito-la-upro-y-participo-en-inauguracion-de-plazoleta\/\" \/>\n<meta property=\"og:locale\" content=\"es_ES\" \/>\n<meta property=\"og:type\" content=\"article\" \/>\n<meta property=\"og:title\" content=\"EL GOBERNADOR VISIT\u00d3 LA UPRO Y PARTICIP\u00d3 EN INAUGURACI\u00d3N DE PLAZOLETA - Apuntes de San Luis\" \/>\n<meta property=\"og:description\" content=\"Claudio Poggi visit\u00f3 este jueves la casa matriz de la Universidad Provincial de Oficios, se...\" \/>\n<meta property=\"og:url\" content=\"https:\/\/apuntesdesanluis.com\/index.php\/2024\/03\/21\/el-gobernador-visito-la-upro-y-participo-en-inauguracion-de-plazoleta\/\" \/>\n<meta property=\"og:site_name\" content=\"Apuntes de San Luis\" \/>\n<meta property=\"article:published_time\" content=\"2024-03-22T02:58:31+00:00\" \/>\n<meta property=\"article:modified_time\" content=\"2024-03-22T03:09:00+00:00\" \/>\n<meta property=\"og:image\" content=\"https:\/\/apuntesdesanluis.com\/wp-content\/uploads\/2024\/03\/poggi-con-bridger.png\" \/>\n\t<meta property=\"og:image:width\" content=\"600\" \/>\n\t<meta property=\"og:image:height\" content=\"384\" \/>\n\t<meta property=\"og:image:type\" content=\"image\/png\" \/>\n<meta name=\"author\" content=\"apuntesdesanluis.com\" \/>\n<meta name=\"twitter:card\" content=\"summary_large_image\" \/>\n<meta name=\"twitter:label1\" content=\"Escrito por\" \/>\n\t<meta name=\"twitter:data1\" content=\"apuntesdesanluis.com\" \/>\n\t<meta name=\"twitter:label2\" content=\"Tiempo de lectura\" \/>\n\t<meta name=\"twitter:data2\" content=\"4 minutos\" \/>\n<script type=\"application\/ld+json\" class=\"yoast-schema-graph\">{\"@context\":\"https:\/\/schema.org\",\"@graph\":[{\"@type\":\"Article\",\"@id\":\"https:\/\/apuntesdesanluis.com\/index.php\/2024\/03\/21\/el-gobernador-visito-la-upro-y-participo-en-inauguracion-de-plazoleta\/#article\",\"isPartOf\":{\"@id\":\"https:\/\/apuntesdesanluis.com\/index.php\/2024\/03\/21\/el-gobernador-visito-la-upro-y-participo-en-inauguracion-de-plazoleta\/\"},\"author\":{\"name\":\"apuntesdesanluis.com\",\"@id\":\"https:\/\/apuntesdesanluis.com\/#\/schema\/person\/b55151d52296fcce64d1a72538a70b90\"},\"headline\":\"EL GOBERNADOR VISIT\u00d3 LA UPRO Y PARTICIP\u00d3 EN INAUGURACI\u00d3N DE PLAZOLETA\",\"datePublished\":\"2024-03-22T02:58:31+00:00\",\"dateModified\":\"2024-03-22T03:09:00+00:00\",\"mainEntityOfPage\":{\"@id\":\"https:\/\/apuntesdesanluis.com\/index.php\/2024\/03\/21\/el-gobernador-visito-la-upro-y-participo-en-inauguracion-de-plazoleta\/\"},\"wordCount\":619,\"publisher\":{\"@id\":\"https:\/\/apuntesdesanluis.com\/#\/schema\/person\/b55151d52296fcce64d1a72538a70b90\"},\"image\":{\"@id\":\"https:\/\/apuntesdesanluis.com\/index.php\/2024\/03\/21\/el-gobernador-visito-la-upro-y-participo-en-inauguracion-de-plazoleta\/#primaryimage\"},\"thumbnailUrl\":\"https:\/\/apuntesdesanluis.com\/wp-content\/uploads\/2024\/03\/poggi-con-bridger.png\",\"articleSection\":[\"Ciudad\/Provincia\"],\"inLanguage\":\"es-AR\"},{\"@type\":\"WebPage\",\"@id\":\"https:\/\/apuntesdesanluis.com\/index.php\/2024\/03\/21\/el-gobernador-visito-la-upro-y-participo-en-inauguracion-de-plazoleta\/\",\"url\":\"https:\/\/apuntesdesanluis.com\/index.php\/2024\/03\/21\/el-gobernador-visito-la-upro-y-participo-en-inauguracion-de-plazoleta\/\",\"name\":\"EL GOBERNADOR VISIT\u00d3 LA UPRO Y PARTICIP\u00d3 EN INAUGURACI\u00d3N DE PLAZOLETA - Apuntes de San Luis\",\"isPartOf\":{\"@id\":\"https:\/\/apuntesdesanluis.com\/#website\"},\"primaryImageOfPage\":{\"@id\":\"https:\/\/apuntesdesanluis.com\/index.php\/2024\/03\/21\/el-gobernador-visito-la-upro-y-participo-en-inauguracion-de-plazoleta\/#primaryimage\"},\"image\":{\"@id\":\"https:\/\/apuntesdesanluis.com\/index.php\/2024\/03\/21\/el-gobernador-visito-la-upro-y-participo-en-inauguracion-de-plazoleta\/#primaryimage\"},\"thumbnailUrl\":\"https:\/\/apuntesdesanluis.com\/wp-content\/uploads\/2024\/03\/poggi-con-bridger.png\",\"datePublished\":\"2024-03-22T02:58:31+00:00\",\"dateModified\":\"2024-03-22T03:09:00+00:00\",\"breadcrumb\":{\"@id\":\"https:\/\/apuntesdesanluis.com\/index.php\/2024\/03\/21\/el-gobernador-visito-la-upro-y-participo-en-inauguracion-de-plazoleta\/#breadcrumb\"},\"inLanguage\":\"es-AR\",\"potentialAction\":[{\"@type\":\"ReadAction\",\"target\":[\"https:\/\/apuntesdesanluis.com\/index.php\/2024\/03\/21\/el-gobernador-visito-la-upro-y-participo-en-inauguracion-de-plazoleta\/\"]}]},{\"@type\":\"ImageObject\",\"inLanguage\":\"es-AR\",\"@id\":\"https:\/\/apuntesdesanluis.com\/index.php\/2024\/03\/21\/el-gobernador-visito-la-upro-y-participo-en-inauguracion-de-plazoleta\/#primaryimage\",\"url\":\"https:\/\/apuntesdesanluis.com\/wp-content\/uploads\/2024\/03\/poggi-con-bridger.png\",\"contentUrl\":\"https:\/\/apuntesdesanluis.com\/wp-content\/uploads\/2024\/03\/poggi-con-bridger.png\",\"width\":600,\"height\":384},{\"@type\":\"BreadcrumbList\",\"@id\":\"https:\/\/apuntesdesanluis.com\/index.php\/2024\/03\/21\/el-gobernador-visito-la-upro-y-participo-en-inauguracion-de-plazoleta\/#breadcrumb\",\"itemListElement\":[{\"@type\":\"ListItem\",\"position\":1,\"name\":\"Inicio\",\"item\":\"https:\/\/apuntesdesanluis.com\/\"},{\"@type\":\"ListItem\",\"position\":2,\"name\":\"EL GOBERNADOR VISIT\u00d3 LA UPRO Y PARTICIP\u00d3 EN INAUGURACI\u00d3N DE PLAZOLETA\"}]},{\"@type\":\"WebSite\",\"@id\":\"https:\/\/apuntesdesanluis.com\/#website\",\"url\":\"https:\/\/apuntesdesanluis.com\/\",\"name\":\"Apuntes de San Luis\",\"description\":\"\",\"publisher\":{\"@id\":\"https:\/\/apuntesdesanluis.com\/#\/schema\/person\/b55151d52296fcce64d1a72538a70b90\"},\"potentialAction\":[{\"@type\":\"SearchAction\",\"target\":{\"@type\":\"EntryPoint\",\"urlTemplate\":\"https:\/\/apuntesdesanluis.com\/?s={search_term_string}\"},\"query-input\":{\"@type\":\"PropertyValueSpecification\",\"valueRequired\":true,\"valueName\":\"search_term_string\"}}],\"inLanguage\":\"es-AR\"},{\"@type\":[\"Person\",\"Organization\"],\"@id\":\"https:\/\/apuntesdesanluis.com\/#\/schema\/person\/b55151d52296fcce64d1a72538a70b90\",\"name\":\"apuntesdesanluis.com\",\"image\":{\"@type\":\"ImageObject\",\"inLanguage\":\"es-AR\",\"@id\":\"https:\/\/apuntesdesanluis.com\/#\/schema\/person\/image\/\",\"url\":\"https:\/\/apuntesdesanluis.com\/wp-content\/uploads\/2023\/07\/cropped-apuntesdesanluis.png\",\"contentUrl\":\"https:\/\/apuntesdesanluis.com\/wp-content\/uploads\/2023\/07\/cropped-apuntesdesanluis.png\",\"width\":450,\"height\":112,\"caption\":\"apuntesdesanluis.com\"},\"logo\":{\"@id\":\"https:\/\/apuntesdesanluis.com\/#\/schema\/person\/image\/\"},\"sameAs\":[\"https:\/\/apuntesdesanluis.com\"],\"url\":\"https:\/\/apuntesdesanluis.com\/index.php\/author\/apuntesdesanluis-com\/\"}]}<\/script>\n<!-- \/ Yoast SEO plugin. -->","yoast_head_json":{"title":"EL GOBERNADOR VISIT\u00d3 LA UPRO Y PARTICIP\u00d3 EN INAUGURACI\u00d3N DE PLAZOLETA - Apuntes de San Luis","robots":{"index":"index","follow":"follow","max-snippet":"max-snippet:-1","max-image-preview":"max-image-preview:large","max-video-preview":"max-video-preview:-1"},"canonical":"https:\/\/apuntesdesanluis.com\/index.php\/2024\/03\/21\/el-gobernador-visito-la-upro-y-participo-en-inauguracion-de-plazoleta\/","og_locale":"es_ES","og_type":"article","og_title":"EL GOBERNADOR VISIT\u00d3 LA UPRO Y PARTICIP\u00d3 EN INAUGURACI\u00d3N DE PLAZOLETA - Apuntes de San Luis","og_description":"Claudio Poggi visit\u00f3 este jueves la casa matriz de la Universidad Provincial de Oficios, se...","og_url":"https:\/\/apuntesdesanluis.com\/index.php\/2024\/03\/21\/el-gobernador-visito-la-upro-y-participo-en-inauguracion-de-plazoleta\/","og_site_name":"Apuntes de San Luis","article_published_time":"2024-03-22T02:58:31+00:00","article_modified_time":"2024-03-22T03:09:00+00:00","og_image":[{"width":600,"height":384,"url":"https:\/\/apuntesdesanluis.com\/wp-content\/uploads\/2024\/03\/poggi-con-bridger.png","type":"image\/png"}],"author":"apuntesdesanluis.com","twitter_card":"summary_large_image","twitter_misc":{"Escrito por":"apuntesdesanluis.com","Tiempo de lectura":"4 minutos"},"schema":{"@context":"https:\/\/schema.org","@graph":[{"@type":"Article","@id":"https:\/\/apuntesdesanluis.com\/index.php\/2024\/03\/21\/el-gobernador-visito-la-upro-y-participo-en-inauguracion-de-plazoleta\/#article","isPartOf":{"@id":"https:\/\/apuntesdesanluis.com\/index.php\/2024\/03\/21\/el-gobernador-visito-la-upro-y-participo-en-inauguracion-de-plazoleta\/"},"author":{"name":"apuntesdesanluis.com","@id":"https:\/\/apuntesdesanluis.com\/#\/schema\/person\/b55151d52296fcce64d1a72538a70b90"},"headline":"EL GOBERNADOR VISIT\u00d3 LA UPRO Y PARTICIP\u00d3 EN INAUGURACI\u00d3N DE PLAZOLETA","datePublished":"2024-03-22T02:58:31+00:00","dateModified":"2024-03-22T03:09:00+00:00","mainEntityOfPage":{"@id":"https:\/\/apuntesdesanluis.com\/index.php\/2024\/03\/21\/el-gobernador-visito-la-upro-y-participo-en-inauguracion-de-plazoleta\/"},"wordCount":619,"publisher":{"@id":"https:\/\/apuntesdesanluis.com\/#\/schema\/person\/b55151d52296fcce64d1a72538a70b90"},"image":{"@id":"https:\/\/apuntesdesanluis.com\/index.php\/2024\/03\/21\/el-gobernador-visito-la-upro-y-participo-en-inauguracion-de-plazoleta\/#primaryimage"},"thumbnailUrl":"https:\/\/apuntesdesanluis.com\/wp-content\/uploads\/2024\/03\/poggi-con-bridger.png","articleSection":["Ciudad\/Provincia"],"inLanguage":"es-AR"},{"@type":"WebPage","@id":"https:\/\/apuntesdesanluis.com\/index.php\/2024\/03\/21\/el-gobernador-visito-la-upro-y-participo-en-inauguracion-de-plazoleta\/","url":"https:\/\/apuntesdesanluis.com\/index.php\/2024\/03\/21\/el-gobernador-visito-la-upro-y-participo-en-inauguracion-de-plazoleta\/","name":"EL GOBERNADOR VISIT\u00d3 LA UPRO Y PARTICIP\u00d3 EN INAUGURACI\u00d3N DE PLAZOLETA - Apuntes de San Luis","isPartOf":{"@id":"https:\/\/apuntesdesanluis.com\/#website"},"primaryImageOfPage":{"@id":"https:\/\/apuntesdesanluis.com\/index.php\/2024\/03\/21\/el-gobernador-visito-la-upro-y-participo-en-inauguracion-de-plazoleta\/#primaryimage"},"image":{"@id":"https:\/\/apuntesdesanluis.com\/index.php\/2024\/03\/21\/el-gobernador-visito-la-upro-y-participo-en-inauguracion-de-plazoleta\/#primaryimage"},"thumbnailUrl":"https:\/\/apuntesdesanluis.com\/wp-content\/uploads\/2024\/03\/poggi-con-bridger.png","datePublished":"2024-03-22T02:58:31+00:00","dateModified":"2024-03-22T03:09:00+00:00","breadcrumb":{"@id":"https:\/\/apuntesdesanluis.com\/index.php\/2024\/03\/21\/el-gobernador-visito-la-upro-y-participo-en-inauguracion-de-plazoleta\/#breadcrumb"},"inLanguage":"es-AR","potentialAction":[{"@type":"ReadAction","target":["https:\/\/apuntesdesanluis.com\/index.php\/2024\/03\/21\/el-gobernador-visito-la-upro-y-participo-en-inauguracion-de-plazoleta\/"]}]},{"@type":"ImageObject","inLanguage":"es-AR","@id":"https:\/\/apuntesdesanluis.com\/index.php\/2024\/03\/21\/el-gobernador-visito-la-upro-y-participo-en-inauguracion-de-plazoleta\/#primaryimage","url":"https:\/\/apuntesdesanluis.com\/wp-content\/uploads\/2024\/03\/poggi-con-bridger.png","contentUrl":"https:\/\/apuntesdesanluis.com\/wp-content\/uploads\/2024\/03\/poggi-con-bridger.png","width":600,"height":384},{"@type":"BreadcrumbList","@id":"https:\/\/apuntesdesanluis.com\/index.php\/2024\/03\/21\/el-gobernador-visito-la-upro-y-participo-en-inauguracion-de-plazoleta\/#breadcrumb","itemListElement":[{"@type":"ListItem","position":1,"name":"Inicio","item":"https:\/\/apuntesdesanluis.com\/"},{"@type":"ListItem","position":2,"name":"EL GOBERNADOR VISIT\u00d3 LA UPRO Y PARTICIP\u00d3 EN INAUGURACI\u00d3N DE PLAZOLETA"}]},{"@type":"WebSite","@id":"https:\/\/apuntesdesanluis.com\/#website","url":"https:\/\/apuntesdesanluis.com\/","name":"Apuntes de San Luis","description":"","publisher":{"@id":"https:\/\/apuntesdesanluis.com\/#\/schema\/person\/b55151d52296fcce64d1a72538a70b90"},"potentialAction":[{"@type":"SearchAction","target":{"@type":"EntryPoint","urlTemplate":"https:\/\/apuntesdesanluis.com\/?s={search_term_string}"},"query-input":{"@type":"PropertyValueSpecification","valueRequired":true,"valueName":"search_term_string"}}],"inLanguage":"es-AR"},{"@type":["Person","Organization"],"@id":"https:\/\/apuntesdesanluis.com\/#\/schema\/person\/b55151d52296fcce64d1a72538a70b90","name":"apuntesdesanluis.com","image":{"@type":"ImageObject","inLanguage":"es-AR","@id":"https:\/\/apuntesdesanluis.com\/#\/schema\/person\/image\/","url":"https:\/\/apuntesdesanluis.com\/wp-content\/uploads\/2023\/07\/cropped-apuntesdesanluis.png","contentUrl":"https:\/\/apuntesdesanluis.com\/wp-content\/uploads\/2023\/07\/cropped-apuntesdesanluis.png","width":450,"height":112,"caption":"apuntesdesanluis.com"},"logo":{"@id":"https:\/\/apuntesdesanluis.com\/#\/schema\/person\/image\/"},"sameAs":["https:\/\/apuntesdesanluis.com"],"url":"https:\/\/apuntesdesanluis.com\/index.php\/author\/apuntesdesanluis-com\/"}]}},"featured_image_urls":{"full":["https:\/\/apuntesdesanluis.com\/wp-content\/uploads\/2024\/03\/poggi-con-bridger.png",600,384,false],"thumbnail":["https:\/\/apuntesdesanluis.com\/wp-content\/uploads\/2024\/03\/poggi-con-bridger-150x150.png",150,150,true],"medium":["https:\/\/apuntesdesanluis.com\/wp-content\/uploads\/2024\/03\/poggi-con-bridger-300x192.png",300,192,true],"medium_large":["https:\/\/apuntesdesanluis.com\/wp-content\/uploads\/2024\/03\/poggi-con-bridger.png",600,384,false],"large":["https:\/\/apuntesdesanluis.com\/wp-content\/uploads\/2024\/03\/poggi-con-bridger.png",600,384,false],"1536x1536":["https:\/\/apuntesdesanluis.com\/wp-content\/uploads\/2024\/03\/poggi-con-bridger.png",600,384,false],"2048x2048":["https:\/\/apuntesdesanluis.com\/wp-content\/uploads\/2024\/03\/poggi-con-bridger.png",600,384,false],"newsever-slider-full":["https:\/\/apuntesdesanluis.com\/wp-content\/uploads\/2024\/03\/poggi-con-bridger.png",600,384,false],"newsever-featured":["https:\/\/apuntesdesanluis.com\/wp-content\/uploads\/2024\/03\/poggi-con-bridger.png",600,384,false],"newsever-medium":["https:\/\/apuntesdesanluis.com\/wp-content\/uploads\/2024\/03\/poggi-con-bridger.png",600,384,false]},"author_info":{"display_name":"apuntesdesanluis.com","author_link":"https:\/\/apuntesdesanluis.com\/index.php\/author\/apuntesdesanluis-com\/"},"category_info":"<a href=\"https:\/\/apuntesdesanluis.com\/index.php\/category\/ciudad-provincia\/\" rel=\"category tag\">Ciudad\/Provincia<\/a>","tag_info":"Ciudad\/Provincia","comment_count":"0","_links":{"self":[{"href":"https:\/\/apuntesdesanluis.com\/index.php\/wp-json\/wp\/v2\/posts\/13487","targetHints":{"allow":["GET"]}}],"collection":[{"href":"https:\/\/apuntesdesanluis.com\/index.php\/wp-json\/wp\/v2\/posts"}],"about":[{"href":"https:\/\/apuntesdesanluis.com\/index.php\/wp-json\/wp\/v2\/types\/post"}],"author":[{"embeddable":true,"href":"https:\/\/apuntesdesanluis.com\/index.php\/wp-json\/wp\/v2\/users\/1"}],"replies":[{"embeddable":true,"href":"https:\/\/apuntesdesanluis.com\/index.php\/wp-json\/wp\/v2\/comments?post=13487"}],"version-history":[{"count":4,"href":"https:\/\/apuntesdesanluis.com\/index.php\/wp-json\/wp\/v2\/posts\/13487\/revisions"}],"predecessor-version":[{"id":13498,"href":"https:\/\/apuntesdesanluis.com\/index.php\/wp-json\/wp\/v2\/posts\/13487\/revisions\/13498"}],"wp:featuredmedia":[{"embeddable":true,"href":"https:\/\/apuntesdesanluis.com\/index.php\/wp-json\/wp\/v2\/media\/13493"}],"wp:attachment":[{"href":"https:\/\/apuntesdesanluis.com\/index.php\/wp-json\/wp\/v2\/media?parent=13487"}],"wp:term":[{"taxonomy":"category","embeddable":true,"href":"https:\/\/apuntesdesanluis.com\/index.php\/wp-json\/wp\/v2\/categories?post=13487"},{"taxonomy":"post_tag","embeddable":true,"href":"https:\/\/apuntesdesanluis.com\/index.php\/wp-json\/wp\/v2\/tags?post=13487"}],"curies":[{"name":"wp","href":"https:\/\/api.w.org\/{rel}","templated":true}]}}