{"id":13489,"date":"2024-03-21T23:54:16","date_gmt":"2024-03-22T02:54:16","guid":{"rendered":"https:\/\/apuntesdesanluis.com\/?p=13489"},"modified":"2024-03-21T23:54:16","modified_gmt":"2024-03-22T02:54:16","slug":"fcejs-dictara-el-curso-de-ascenso-en-el-instituto-de-seguridad-publica","status":"publish","type":"post","link":"https:\/\/apuntesdesanluis.com\/index.php\/2024\/03\/21\/fcejs-dictara-el-curso-de-ascenso-en-el-instituto-de-seguridad-publica\/","title":{"rendered":"FCEJS DICTAR\u00c1 EL CURSO DE ASCENSO EN EL INSTITUTO DE SEGURIDAD P\u00daBLICA"},"content":{"rendered":"<h3>Docentes de la <strong>Facultad de Ciencias Econ\u00f3micas Jur\u00eddicas y Sociales<\/strong> dictar\u00e1n el Curso de Ascenso en los Rangos Jer\u00e1rquicos del <strong>Instituto Superior de Seguridad P\u00fablica<\/strong> de la Provincia (ISSP) de San Luis, seg\u00fan lo dispuesto en un convenio que firmaron el pasado mi\u00e9rcoles la Decana de la FCEJS, Roxanna Camiletti, y el rector del ISSP, Gerardo Vel\u00e1zquez, en representaci\u00f3n de ambas instituciones.<\/h3>\n<h3>El acuerdo espec\u00edfico surgi\u00f3 del trabajo de los equipos t\u00e9cnicos de la FCEJS y del ISSP, en base a objetivos trazados luego del di\u00e1logo iniciado a principio de febrero pasado con la Ministra de Seguridad,<strong> Nancy Sosa<\/strong>. El Curso de Ascenso se dictar\u00e1 este a\u00f1o y se encuentra organizado en cinco m\u00f3dulos.<\/h3>\n<h3>\u201cEs para felicitar la celeridad y la excelencia del trabajo que han hecho\u201d, resalt\u00f3 el Vicerrector, <strong>H\u00e9ctor Flores<\/strong>, al referirse a la tarea desarrollada por los equipos de ambas instituciones. El encuentro se desarroll\u00f3 en el campus del Centro Universitario, al que asistieron la decana de la FCEJS, <strong>Roxanna Camiletti<\/strong>; el rector del ISSP, <strong>Gerardo Vel\u00e1zquez<\/strong>, y docentes del Instituto; la secretaria Acad\u00e9mica de la Facultad, <strong>Patricia Mor\u00e1n<\/strong>; de Extensi\u00f3n Universitaria, <strong>Pamela Bianco<\/strong>, y la Subsecretaria de Comunicaci\u00f3n, Ceremonial y Protocolo (coordinadora del Curso de Ascenso), <strong>Ailin Umpierrez<\/strong>, entre otras autoridades.<\/h3>\n<p><img fetchpriority=\"high\" decoding=\"async\" class=\"wp-image-13491 aligncenter\" src=\"https:\/\/apuntesdesanluis.com\/wp-content\/uploads\/2024\/03\/flores-camiletti-300x175.png\" alt=\"\" width=\"681\" height=\"397\" srcset=\"https:\/\/apuntesdesanluis.com\/wp-content\/uploads\/2024\/03\/flores-camiletti-300x175.png 300w, https:\/\/apuntesdesanluis.com\/wp-content\/uploads\/2024\/03\/flores-camiletti.png 600w\" sizes=\"(max-width: 681px) 100vw, 681px\" \/><\/p>\n<h3>\u201cHoy materializamos uno de los compromisos que hab\u00edamos asumido cuando nos reunimos anteriormente con la Ministra de Seguridad de la provincia, Nancy Sosa. En este caso lo hicimos con el Instituto Superior de Seguridad P\u00fablica, por el cual ya se concreta el dictado de determinados m\u00f3dulos para que el personal de Seguridad de la provincia pueda tener los ascensos en los rangos jer\u00e1rquicos correspondientes\u201d, explic\u00f3 Roxanna Camiletti.<\/h3>\n<h3>La decana elogi\u00f3 el trabajo de los equipos t\u00e9cnicos \u201cya que nos permite plasmar en los hechos lo que hab\u00eda comenzado a planificarse con el Ministerio de Seguridad\u201d. Por eso, calific\u00f3 el convenio como \u201cun logro\u201d y un \u201cgran avance\u201d en los objetivos de vinculaci\u00f3n de Facultad con instituciones del medio.<\/h3>\n<h3>En cuanto a la tarea de los docentes de la FCEJS, detall\u00f3 que se abocar\u00e1n al dictado de cinco m\u00f3dulos enfocados en tem\u00e1ticas espec\u00edficas: Deontolog\u00eda Profesional, Liderazgo, Oratoria y Comunicaci\u00f3n, Planificaci\u00f3n Estrat\u00e9gica y Normativas. \u201cObviamente que esto hace a la actualizaci\u00f3n e incorporaci\u00f3n de conocimientos por parte del personal del Instituto, con todos los requisitos que nosotros tenemos para nuestros estudiantes en general. Por eso, la importancia de la objetividad que se dar\u00e1 en cuanto a quienes aprueben para ir logrando estos ascensos\u201d, aclar\u00f3.<\/h3>\n<h3><strong>ACUERDO Y EXPECTATIVAS<\/strong><\/h3>\n<h3>Tambi\u00e9n el rector del ISSP, Gerardo Velazquez, mostr\u00f3 su satisfacci\u00f3n por el acuerdo con la FCEJS, una vinculaci\u00f3n que sostuvo, va insertar al Instituto en un plan de capacitaci\u00f3n acorde a los requerimientos de la sociedad. Destac\u00f3 que a patir de estos encuentros entre ambas instituciones, lo que se busca es avanzar en un ambicioso plan de capacitaci\u00f3n, que anhela concretar para todo el personal de seguridad.<\/h3>\n<h3>Cont\u00f3 Vel\u00e1zquez que \u201clos equipos se van a poner a trabajar para que podamos contar pronto con esta oferta educativa y que arranquemos en el segundo cuatrimestre de este a\u00f1o\u201d.<\/h3>\n<h3>\u201cNosotros hablamos fundamentalmente de una transformaci\u00f3n educativa en el ISSP, que ya estamos implementando en la Tecnicatura del Instituto. Ahora queremos avanzar en la formaci\u00f3n continua, es decir, en la totalidad de la formaci\u00f3n policial, que tiene potencialmente 4.500 alumnos\u201d, indic\u00f3.<\/h3>\n<h3>Por \u00faltimo, el rector agradeci\u00f3 la apertura de la UNSL, y de la FCEJS en particular, para trabajar en conjunto en vistas a satisfacer las necesidades educativas en la formaci\u00f3n del personal policial. \u201cPara nosotros estos acuerdos tienen un valor y una trascendencia muy significativos\u201d.<\/h3>\n<p>&nbsp;<\/p>\n<p>&nbsp;<\/p>\n<p>&nbsp;<\/p>\n<p>&nbsp;<\/p>\n<p>&nbsp;<\/p>\n<p>&nbsp;<\/p>\n<p>&nbsp;<\/p>\n<p>&nbsp;<\/p>\n<p>&nbsp;<\/p>\n","protected":false},"excerpt":{"rendered":"<p>Docentes de la Facultad de Ciencias Econ\u00f3micas Jur\u00eddicas y Sociales dictar\u00e1n el Curso de Ascenso&#8230;<\/p>\n","protected":false},"author":1,"featured_media":13490,"comment_status":"closed","ping_status":"closed","sticky":false,"template":"","format":"standard","meta":{"footnotes":""},"categories":[6],"tags":[],"class_list":["post-13489","post","type-post","status-publish","format-standard","has-post-thumbnail","hentry","category-ciudad-provincia"],"yoast_head":"<!-- This site is optimized with the Yoast SEO plugin v26.1.1 - https:\/\/yoast.com\/wordpress\/plugins\/seo\/ -->\n<title>FCEJS DICTAR\u00c1 EL CURSO DE ASCENSO EN EL INSTITUTO DE SEGURIDAD P\u00daBLICA - Apuntes de San Luis<\/title>\n<meta name=\"robots\" content=\"index, follow, max-snippet:-1, max-image-preview:large, max-video-preview:-1\" \/>\n<link rel=\"canonical\" href=\"https:\/\/apuntesdesanluis.com\/index.php\/2024\/03\/21\/fcejs-dictara-el-curso-de-ascenso-en-el-instituto-de-seguridad-publica\/\" \/>\n<meta property=\"og:locale\" content=\"es_ES\" \/>\n<meta property=\"og:type\" content=\"article\" \/>\n<meta property=\"og:title\" content=\"FCEJS DICTAR\u00c1 EL CURSO DE ASCENSO EN EL INSTITUTO DE SEGURIDAD P\u00daBLICA - Apuntes de San Luis\" \/>\n<meta property=\"og:description\" content=\"Docentes de la Facultad de Ciencias Econ\u00f3micas Jur\u00eddicas y Sociales dictar\u00e1n el Curso de Ascenso...\" \/>\n<meta property=\"og:url\" content=\"https:\/\/apuntesdesanluis.com\/index.php\/2024\/03\/21\/fcejs-dictara-el-curso-de-ascenso-en-el-instituto-de-seguridad-publica\/\" \/>\n<meta property=\"og:site_name\" content=\"Apuntes de San Luis\" \/>\n<meta property=\"article:published_time\" content=\"2024-03-22T02:54:16+00:00\" \/>\n<meta property=\"og:image\" content=\"https:\/\/apuntesdesanluis.com\/wp-content\/uploads\/2024\/03\/FIRMA-CONVENIO.png\" \/>\n\t<meta property=\"og:image:width\" content=\"600\" \/>\n\t<meta property=\"og:image:height\" content=\"334\" \/>\n\t<meta property=\"og:image:type\" content=\"image\/png\" \/>\n<meta name=\"author\" content=\"apuntesdesanluis.com\" \/>\n<meta name=\"twitter:card\" content=\"summary_large_image\" \/>\n<meta name=\"twitter:label1\" content=\"Escrito por\" \/>\n\t<meta name=\"twitter:data1\" content=\"apuntesdesanluis.com\" \/>\n\t<meta name=\"twitter:label2\" content=\"Tiempo de lectura\" \/>\n\t<meta name=\"twitter:data2\" content=\"3 minutos\" \/>\n<script type=\"application\/ld+json\" class=\"yoast-schema-graph\">{\"@context\":\"https:\/\/schema.org\",\"@graph\":[{\"@type\":\"Article\",\"@id\":\"https:\/\/apuntesdesanluis.com\/index.php\/2024\/03\/21\/fcejs-dictara-el-curso-de-ascenso-en-el-instituto-de-seguridad-publica\/#article\",\"isPartOf\":{\"@id\":\"https:\/\/apuntesdesanluis.com\/index.php\/2024\/03\/21\/fcejs-dictara-el-curso-de-ascenso-en-el-instituto-de-seguridad-publica\/\"},\"author\":{\"name\":\"apuntesdesanluis.com\",\"@id\":\"https:\/\/apuntesdesanluis.com\/#\/schema\/person\/b55151d52296fcce64d1a72538a70b90\"},\"headline\":\"FCEJS DICTAR\u00c1 EL CURSO DE ASCENSO EN EL INSTITUTO DE SEGURIDAD P\u00daBLICA\",\"datePublished\":\"2024-03-22T02:54:16+00:00\",\"mainEntityOfPage\":{\"@id\":\"https:\/\/apuntesdesanluis.com\/index.php\/2024\/03\/21\/fcejs-dictara-el-curso-de-ascenso-en-el-instituto-de-seguridad-publica\/\"},\"wordCount\":662,\"publisher\":{\"@id\":\"https:\/\/apuntesdesanluis.com\/#\/schema\/person\/b55151d52296fcce64d1a72538a70b90\"},\"image\":{\"@id\":\"https:\/\/apuntesdesanluis.com\/index.php\/2024\/03\/21\/fcejs-dictara-el-curso-de-ascenso-en-el-instituto-de-seguridad-publica\/#primaryimage\"},\"thumbnailUrl\":\"https:\/\/apuntesdesanluis.com\/wp-content\/uploads\/2024\/03\/FIRMA-CONVENIO.png\",\"articleSection\":[\"Ciudad\/Provincia\"],\"inLanguage\":\"es-AR\"},{\"@type\":\"WebPage\",\"@id\":\"https:\/\/apuntesdesanluis.com\/index.php\/2024\/03\/21\/fcejs-dictara-el-curso-de-ascenso-en-el-instituto-de-seguridad-publica\/\",\"url\":\"https:\/\/apuntesdesanluis.com\/index.php\/2024\/03\/21\/fcejs-dictara-el-curso-de-ascenso-en-el-instituto-de-seguridad-publica\/\",\"name\":\"FCEJS DICTAR\u00c1 EL CURSO DE ASCENSO EN EL INSTITUTO DE SEGURIDAD P\u00daBLICA - Apuntes de San Luis\",\"isPartOf\":{\"@id\":\"https:\/\/apuntesdesanluis.com\/#website\"},\"primaryImageOfPage\":{\"@id\":\"https:\/\/apuntesdesanluis.com\/index.php\/2024\/03\/21\/fcejs-dictara-el-curso-de-ascenso-en-el-instituto-de-seguridad-publica\/#primaryimage\"},\"image\":{\"@id\":\"https:\/\/apuntesdesanluis.com\/index.php\/2024\/03\/21\/fcejs-dictara-el-curso-de-ascenso-en-el-instituto-de-seguridad-publica\/#primaryimage\"},\"thumbnailUrl\":\"https:\/\/apuntesdesanluis.com\/wp-content\/uploads\/2024\/03\/FIRMA-CONVENIO.png\",\"datePublished\":\"2024-03-22T02:54:16+00:00\",\"breadcrumb\":{\"@id\":\"https:\/\/apuntesdesanluis.com\/index.php\/2024\/03\/21\/fcejs-dictara-el-curso-de-ascenso-en-el-instituto-de-seguridad-publica\/#breadcrumb\"},\"inLanguage\":\"es-AR\",\"potentialAction\":[{\"@type\":\"ReadAction\",\"target\":[\"https:\/\/apuntesdesanluis.com\/index.php\/2024\/03\/21\/fcejs-dictara-el-curso-de-ascenso-en-el-instituto-de-seguridad-publica\/\"]}]},{\"@type\":\"ImageObject\",\"inLanguage\":\"es-AR\",\"@id\":\"https:\/\/apuntesdesanluis.com\/index.php\/2024\/03\/21\/fcejs-dictara-el-curso-de-ascenso-en-el-instituto-de-seguridad-publica\/#primaryimage\",\"url\":\"https:\/\/apuntesdesanluis.com\/wp-content\/uploads\/2024\/03\/FIRMA-CONVENIO.png\",\"contentUrl\":\"https:\/\/apuntesdesanluis.com\/wp-content\/uploads\/2024\/03\/FIRMA-CONVENIO.png\",\"width\":600,\"height\":334},{\"@type\":\"BreadcrumbList\",\"@id\":\"https:\/\/apuntesdesanluis.com\/index.php\/2024\/03\/21\/fcejs-dictara-el-curso-de-ascenso-en-el-instituto-de-seguridad-publica\/#breadcrumb\",\"itemListElement\":[{\"@type\":\"ListItem\",\"position\":1,\"name\":\"Inicio\",\"item\":\"https:\/\/apuntesdesanluis.com\/\"},{\"@type\":\"ListItem\",\"position\":2,\"name\":\"FCEJS DICTAR\u00c1 EL CURSO DE ASCENSO EN EL INSTITUTO DE SEGURIDAD P\u00daBLICA\"}]},{\"@type\":\"WebSite\",\"@id\":\"https:\/\/apuntesdesanluis.com\/#website\",\"url\":\"https:\/\/apuntesdesanluis.com\/\",\"name\":\"Apuntes de San Luis\",\"description\":\"\",\"publisher\":{\"@id\":\"https:\/\/apuntesdesanluis.com\/#\/schema\/person\/b55151d52296fcce64d1a72538a70b90\"},\"potentialAction\":[{\"@type\":\"SearchAction\",\"target\":{\"@type\":\"EntryPoint\",\"urlTemplate\":\"https:\/\/apuntesdesanluis.com\/?s={search_term_string}\"},\"query-input\":{\"@type\":\"PropertyValueSpecification\",\"valueRequired\":true,\"valueName\":\"search_term_string\"}}],\"inLanguage\":\"es-AR\"},{\"@type\":[\"Person\",\"Organization\"],\"@id\":\"https:\/\/apuntesdesanluis.com\/#\/schema\/person\/b55151d52296fcce64d1a72538a70b90\",\"name\":\"apuntesdesanluis.com\",\"image\":{\"@type\":\"ImageObject\",\"inLanguage\":\"es-AR\",\"@id\":\"https:\/\/apuntesdesanluis.com\/#\/schema\/person\/image\/\",\"url\":\"https:\/\/apuntesdesanluis.com\/wp-content\/uploads\/2023\/07\/cropped-apuntesdesanluis.png\",\"contentUrl\":\"https:\/\/apuntesdesanluis.com\/wp-content\/uploads\/2023\/07\/cropped-apuntesdesanluis.png\",\"width\":450,\"height\":112,\"caption\":\"apuntesdesanluis.com\"},\"logo\":{\"@id\":\"https:\/\/apuntesdesanluis.com\/#\/schema\/person\/image\/\"},\"sameAs\":[\"https:\/\/apuntesdesanluis.com\"],\"url\":\"https:\/\/apuntesdesanluis.com\/index.php\/author\/apuntesdesanluis-com\/\"}]}<\/script>\n<!-- \/ Yoast SEO plugin. -->","yoast_head_json":{"title":"FCEJS DICTAR\u00c1 EL CURSO DE ASCENSO EN EL INSTITUTO DE SEGURIDAD P\u00daBLICA - Apuntes de San Luis","robots":{"index":"index","follow":"follow","max-snippet":"max-snippet:-1","max-image-preview":"max-image-preview:large","max-video-preview":"max-video-preview:-1"},"canonical":"https:\/\/apuntesdesanluis.com\/index.php\/2024\/03\/21\/fcejs-dictara-el-curso-de-ascenso-en-el-instituto-de-seguridad-publica\/","og_locale":"es_ES","og_type":"article","og_title":"FCEJS DICTAR\u00c1 EL CURSO DE ASCENSO EN EL INSTITUTO DE SEGURIDAD P\u00daBLICA - Apuntes de San Luis","og_description":"Docentes de la Facultad de Ciencias Econ\u00f3micas Jur\u00eddicas y Sociales dictar\u00e1n el Curso de Ascenso...","og_url":"https:\/\/apuntesdesanluis.com\/index.php\/2024\/03\/21\/fcejs-dictara-el-curso-de-ascenso-en-el-instituto-de-seguridad-publica\/","og_site_name":"Apuntes de San Luis","article_published_time":"2024-03-22T02:54:16+00:00","og_image":[{"width":600,"height":334,"url":"https:\/\/apuntesdesanluis.com\/wp-content\/uploads\/2024\/03\/FIRMA-CONVENIO.png","type":"image\/png"}],"author":"apuntesdesanluis.com","twitter_card":"summary_large_image","twitter_misc":{"Escrito por":"apuntesdesanluis.com","Tiempo de lectura":"3 minutos"},"schema":{"@context":"https:\/\/schema.org","@graph":[{"@type":"Article","@id":"https:\/\/apuntesdesanluis.com\/index.php\/2024\/03\/21\/fcejs-dictara-el-curso-de-ascenso-en-el-instituto-de-seguridad-publica\/#article","isPartOf":{"@id":"https:\/\/apuntesdesanluis.com\/index.php\/2024\/03\/21\/fcejs-dictara-el-curso-de-ascenso-en-el-instituto-de-seguridad-publica\/"},"author":{"name":"apuntesdesanluis.com","@id":"https:\/\/apuntesdesanluis.com\/#\/schema\/person\/b55151d52296fcce64d1a72538a70b90"},"headline":"FCEJS DICTAR\u00c1 EL CURSO DE ASCENSO EN EL INSTITUTO DE SEGURIDAD P\u00daBLICA","datePublished":"2024-03-22T02:54:16+00:00","mainEntityOfPage":{"@id":"https:\/\/apuntesdesanluis.com\/index.php\/2024\/03\/21\/fcejs-dictara-el-curso-de-ascenso-en-el-instituto-de-seguridad-publica\/"},"wordCount":662,"publisher":{"@id":"https:\/\/apuntesdesanluis.com\/#\/schema\/person\/b55151d52296fcce64d1a72538a70b90"},"image":{"@id":"https:\/\/apuntesdesanluis.com\/index.php\/2024\/03\/21\/fcejs-dictara-el-curso-de-ascenso-en-el-instituto-de-seguridad-publica\/#primaryimage"},"thumbnailUrl":"https:\/\/apuntesdesanluis.com\/wp-content\/uploads\/2024\/03\/FIRMA-CONVENIO.png","articleSection":["Ciudad\/Provincia"],"inLanguage":"es-AR"},{"@type":"WebPage","@id":"https:\/\/apuntesdesanluis.com\/index.php\/2024\/03\/21\/fcejs-dictara-el-curso-de-ascenso-en-el-instituto-de-seguridad-publica\/","url":"https:\/\/apuntesdesanluis.com\/index.php\/2024\/03\/21\/fcejs-dictara-el-curso-de-ascenso-en-el-instituto-de-seguridad-publica\/","name":"FCEJS DICTAR\u00c1 EL CURSO DE ASCENSO EN EL INSTITUTO DE SEGURIDAD P\u00daBLICA - Apuntes de San Luis","isPartOf":{"@id":"https:\/\/apuntesdesanluis.com\/#website"},"primaryImageOfPage":{"@id":"https:\/\/apuntesdesanluis.com\/index.php\/2024\/03\/21\/fcejs-dictara-el-curso-de-ascenso-en-el-instituto-de-seguridad-publica\/#primaryimage"},"image":{"@id":"https:\/\/apuntesdesanluis.com\/index.php\/2024\/03\/21\/fcejs-dictara-el-curso-de-ascenso-en-el-instituto-de-seguridad-publica\/#primaryimage"},"thumbnailUrl":"https:\/\/apuntesdesanluis.com\/wp-content\/uploads\/2024\/03\/FIRMA-CONVENIO.png","datePublished":"2024-03-22T02:54:16+00:00","breadcrumb":{"@id":"https:\/\/apuntesdesanluis.com\/index.php\/2024\/03\/21\/fcejs-dictara-el-curso-de-ascenso-en-el-instituto-de-seguridad-publica\/#breadcrumb"},"inLanguage":"es-AR","potentialAction":[{"@type":"ReadAction","target":["https:\/\/apuntesdesanluis.com\/index.php\/2024\/03\/21\/fcejs-dictara-el-curso-de-ascenso-en-el-instituto-de-seguridad-publica\/"]}]},{"@type":"ImageObject","inLanguage":"es-AR","@id":"https:\/\/apuntesdesanluis.com\/index.php\/2024\/03\/21\/fcejs-dictara-el-curso-de-ascenso-en-el-instituto-de-seguridad-publica\/#primaryimage","url":"https:\/\/apuntesdesanluis.com\/wp-content\/uploads\/2024\/03\/FIRMA-CONVENIO.png","contentUrl":"https:\/\/apuntesdesanluis.com\/wp-content\/uploads\/2024\/03\/FIRMA-CONVENIO.png","width":600,"height":334},{"@type":"BreadcrumbList","@id":"https:\/\/apuntesdesanluis.com\/index.php\/2024\/03\/21\/fcejs-dictara-el-curso-de-ascenso-en-el-instituto-de-seguridad-publica\/#breadcrumb","itemListElement":[{"@type":"ListItem","position":1,"name":"Inicio","item":"https:\/\/apuntesdesanluis.com\/"},{"@type":"ListItem","position":2,"name":"FCEJS DICTAR\u00c1 EL CURSO DE ASCENSO EN EL INSTITUTO DE SEGURIDAD P\u00daBLICA"}]},{"@type":"WebSite","@id":"https:\/\/apuntesdesanluis.com\/#website","url":"https:\/\/apuntesdesanluis.com\/","name":"Apuntes de San Luis","description":"","publisher":{"@id":"https:\/\/apuntesdesanluis.com\/#\/schema\/person\/b55151d52296fcce64d1a72538a70b90"},"potentialAction":[{"@type":"SearchAction","target":{"@type":"EntryPoint","urlTemplate":"https:\/\/apuntesdesanluis.com\/?s={search_term_string}"},"query-input":{"@type":"PropertyValueSpecification","valueRequired":true,"valueName":"search_term_string"}}],"inLanguage":"es-AR"},{"@type":["Person","Organization"],"@id":"https:\/\/apuntesdesanluis.com\/#\/schema\/person\/b55151d52296fcce64d1a72538a70b90","name":"apuntesdesanluis.com","image":{"@type":"ImageObject","inLanguage":"es-AR","@id":"https:\/\/apuntesdesanluis.com\/#\/schema\/person\/image\/","url":"https:\/\/apuntesdesanluis.com\/wp-content\/uploads\/2023\/07\/cropped-apuntesdesanluis.png","contentUrl":"https:\/\/apuntesdesanluis.com\/wp-content\/uploads\/2023\/07\/cropped-apuntesdesanluis.png","width":450,"height":112,"caption":"apuntesdesanluis.com"},"logo":{"@id":"https:\/\/apuntesdesanluis.com\/#\/schema\/person\/image\/"},"sameAs":["https:\/\/apuntesdesanluis.com"],"url":"https:\/\/apuntesdesanluis.com\/index.php\/author\/apuntesdesanluis-com\/"}]}},"featured_image_urls":{"full":["https:\/\/apuntesdesanluis.com\/wp-content\/uploads\/2024\/03\/FIRMA-CONVENIO.png",600,334,false],"thumbnail":["https:\/\/apuntesdesanluis.com\/wp-content\/uploads\/2024\/03\/FIRMA-CONVENIO-150x150.png",150,150,true],"medium":["https:\/\/apuntesdesanluis.com\/wp-content\/uploads\/2024\/03\/FIRMA-CONVENIO-300x167.png",300,167,true],"medium_large":["https:\/\/apuntesdesanluis.com\/wp-content\/uploads\/2024\/03\/FIRMA-CONVENIO.png",600,334,false],"large":["https:\/\/apuntesdesanluis.com\/wp-content\/uploads\/2024\/03\/FIRMA-CONVENIO.png",600,334,false],"1536x1536":["https:\/\/apuntesdesanluis.com\/wp-content\/uploads\/2024\/03\/FIRMA-CONVENIO.png",600,334,false],"2048x2048":["https:\/\/apuntesdesanluis.com\/wp-content\/uploads\/2024\/03\/FIRMA-CONVENIO.png",600,334,false],"newsever-slider-full":["https:\/\/apuntesdesanluis.com\/wp-content\/uploads\/2024\/03\/FIRMA-CONVENIO.png",600,334,false],"newsever-featured":["https:\/\/apuntesdesanluis.com\/wp-content\/uploads\/2024\/03\/FIRMA-CONVENIO.png",600,334,false],"newsever-medium":["https:\/\/apuntesdesanluis.com\/wp-content\/uploads\/2024\/03\/FIRMA-CONVENIO.png",600,334,false]},"author_info":{"display_name":"apuntesdesanluis.com","author_link":"https:\/\/apuntesdesanluis.com\/index.php\/author\/apuntesdesanluis-com\/"},"category_info":"<a href=\"https:\/\/apuntesdesanluis.com\/index.php\/category\/ciudad-provincia\/\" rel=\"category tag\">Ciudad\/Provincia<\/a>","tag_info":"Ciudad\/Provincia","comment_count":"0","_links":{"self":[{"href":"https:\/\/apuntesdesanluis.com\/index.php\/wp-json\/wp\/v2\/posts\/13489","targetHints":{"allow":["GET"]}}],"collection":[{"href":"https:\/\/apuntesdesanluis.com\/index.php\/wp-json\/wp\/v2\/posts"}],"about":[{"href":"https:\/\/apuntesdesanluis.com\/index.php\/wp-json\/wp\/v2\/types\/post"}],"author":[{"embeddable":true,"href":"https:\/\/apuntesdesanluis.com\/index.php\/wp-json\/wp\/v2\/users\/1"}],"replies":[{"embeddable":true,"href":"https:\/\/apuntesdesanluis.com\/index.php\/wp-json\/wp\/v2\/comments?post=13489"}],"version-history":[{"count":1,"href":"https:\/\/apuntesdesanluis.com\/index.php\/wp-json\/wp\/v2\/posts\/13489\/revisions"}],"predecessor-version":[{"id":13492,"href":"https:\/\/apuntesdesanluis.com\/index.php\/wp-json\/wp\/v2\/posts\/13489\/revisions\/13492"}],"wp:featuredmedia":[{"embeddable":true,"href":"https:\/\/apuntesdesanluis.com\/index.php\/wp-json\/wp\/v2\/media\/13490"}],"wp:attachment":[{"href":"https:\/\/apuntesdesanluis.com\/index.php\/wp-json\/wp\/v2\/media?parent=13489"}],"wp:term":[{"taxonomy":"category","embeddable":true,"href":"https:\/\/apuntesdesanluis.com\/index.php\/wp-json\/wp\/v2\/categories?post=13489"},{"taxonomy":"post_tag","embeddable":true,"href":"https:\/\/apuntesdesanluis.com\/index.php\/wp-json\/wp\/v2\/tags?post=13489"}],"curies":[{"name":"wp","href":"https:\/\/api.w.org\/{rel}","templated":true}]}}