{"id":13499,"date":"2024-03-21T22:11:42","date_gmt":"2024-03-22T01:11:42","guid":{"rendered":"https:\/\/apuntesdesanluis.com\/?p=13499"},"modified":"2024-03-22T00:14:30","modified_gmt":"2024-03-22T03:14:30","slug":"villarruel-considero-que-los-legisladores-no-ganan-bien-y-que-el-aumento-se-deberia-haber-dado","status":"publish","type":"post","link":"https:\/\/apuntesdesanluis.com\/index.php\/2024\/03\/21\/villarruel-considero-que-los-legisladores-no-ganan-bien-y-que-el-aumento-se-deberia-haber-dado\/","title":{"rendered":"VILLARRUEL CONSIDER\u00d3 QUE LOS LEGISLADORES &#8220;NO GANAN BIEN&#8221; Y QUE EL AUMENTO &#8220;SE DEBER\u00cdA HABER DADO&#8221;"},"content":{"rendered":"<h3>La vicepresidente <strong>Victoria Villarruel<\/strong> reflot\u00f3 la pol\u00e9mica del aumento a los legisladores y consider\u00f3 que tanto senadores como diputados &#8220;no ganan bien&#8221;, por lo que afirm\u00f3 que el incremento &#8220;se deber\u00eda haber dado&#8221;.<\/h3>\n<h3>La titular del Senado brind\u00f3 su primera entrevista desde que asumi\u00f3 su rol, el cual la hace sentir &#8220;orgullosa&#8221;. Sobre su presencia en las sesiones, dijo que &#8220;pongo la cara&#8221; y que &#8220;no nos votaron para que nos escapemos&#8221;.<\/h3>\n<h3>Acerca de la suba de las dietas de diputados y senadores semanas atr\u00e1s que despert\u00f3 pol\u00e9mica, expres\u00f3 en TN: &#8220;Un legislador es la persona que no solamente va a modificar, promulgar y derogar leyes, es la persona que va a representar a las provincias en el caso del Senado y al pueblo argentino en la C\u00e1mara de Diputados&#8221;.<\/h3>\n<h3>&#8220;Tienen que ser retribuidos en forma digna&#8221;, asegur\u00f3. &#8220;Si no reciben un sueldo para la important\u00edsima tarea que le delegamos los argentinos. Solo van a poder ser diputados y senadores los ricos, los corruptos, los narcos o los que tengan un sponsor atr\u00e1s&#8221;, agreg\u00f3.<\/h3>\n<h3>&#8220;Para m\u00ed tienen que ganar bien. No ganan bien&#8221;, apunt\u00f3 y marc\u00f3 como ejemplo que &#8220;Cristina Kirchner como pensionada gana m\u00e1s de siete veces lo que gana un senador, que gana menos de 2 millones&#8221;.<\/h3>\n<h3>&#8220;No me parece bien tampoco lo que ganan los jubilados&#8221;, dijo Villarruel. &#8220;No estoy de acuerdo en seguir equiparando para abajo&#8221;, argument\u00f3.<\/h3>\n<h3>En ese sentido, la vicepresidenta, remarc\u00f3: &#8220;La funci\u00f3n que les estamos entregando es vital Todos tienen que ganar de acuerdo a la funci\u00f3n y responsabilidad que tienen. El aumento se deber\u00eda haber dado&#8221;.<\/h3>\n<h3>&#8220;Di marcha atr\u00e1s porque me lo dio el presidente y \u00e9l es el presidente de la naci\u00f3n&#8221;, explic\u00f3 y agreg\u00f3 que &#8220;el aumento que se les dio estaba por debajo de la inflaci\u00f3n&#8221;.<\/h3>\n<h3>As\u00ed, mencion\u00f3 lo que le dijo Milei para que diera de baja el aumento a legisladores: &#8220;Dado que el pueblo argentino estaba haciendo un esfuerzo sobrehumano para sostener esto, la clase pol\u00edtica tambi\u00e9n ten\u00eda que acompa\u00f1arlo a\u00fan en desmedro de la responsabilidad que les est\u00e1 dando el pueblo argentino&#8221;.<\/h3>\n<h3><strong>MODIFICACI\u00d3N DE LA LEY DE SEGURIDAD INTERIOR<\/strong><\/h3>\n<h3>Por otro lado, expres\u00f3 su desacuerdo con la propuesta anunciada por el ministro de Defensa, Luis Petri, acerca de modificar la ley de Seguridad Interior para ampliar el rol de las Fuerzas Armadas en casos de terrorismo, como el ocurrido recientemente en Rosario.<\/h3>\n<h3>\u201cNo estoy de acuerdo. La funci\u00f3n de las FFAA no es combatir a los civiles, creo que hab\u00eda quedado claro con el tema de los \u201870. El narco, para el derecho, es un civil\u201d, apunt\u00f3 y argument\u00f3: \u201cEn los \u201870 se combati\u00f3 al terrorismo. \u00bfD\u00f3nde est\u00e1n los que los combatieron? Presos\u201d.<\/h3>\n<h3>Y explic\u00f3 que con la legislaci\u00f3n vigente si un agente del Estado lucha contra el terrorismo \u201cel plexo legal no lo permite\u201d ya que \u201clos militares solo pueden combatir dentro de nuestro pa\u00eds ante una una declaraci\u00f3n de sitio o ante un enemigo estatal del exterior\u201d.<\/h3>\n<h3>La vicepresidente se\u00f1al\u00f3 que en caso de modificarse la ley, el Estado debe respaldar las acciones de las Fuerzas Armadas y asumir la responsabilidad por las decisiones tomadas: \u201cEn caso de repeler el terrorismo, narcoterrorismo o cualquiera de las nuevas amenazas, los militares van a tener el respaldo estatal en la orden que se les est\u00e1 impartiendo sino pasa lo que pas\u00f3 despu\u00e9s en los 70\u2032: un gobierno democr\u00e1tico que hab\u00eda dado una orden y luego esos agentes del Estado fueron inculpados. Incluso, hoy tenes gente que est\u00e1 pagando penas m\u00e1s gravosas que Videla o Massera\u201d.<\/h3>\n<p>&nbsp;<\/p>\n<p>&nbsp;<\/p>\n<p>&nbsp;<\/p>\n","protected":false},"excerpt":{"rendered":"<p>La vicepresidente Victoria Villarruel reflot\u00f3 la pol\u00e9mica del aumento a los legisladores y consider\u00f3 que&#8230;<\/p>\n","protected":false},"author":1,"featured_media":13131,"comment_status":"closed","ping_status":"closed","sticky":false,"template":"","format":"standard","meta":{"footnotes":""},"categories":[5],"tags":[],"class_list":["post-13499","post","type-post","status-publish","format-standard","has-post-thumbnail","hentry","category-nacionales-internacionales"],"yoast_head":"<!-- This site is optimized with the Yoast SEO plugin v26.1.1 - https:\/\/yoast.com\/wordpress\/plugins\/seo\/ -->\n<title>VILLARRUEL CONSIDER\u00d3 QUE LOS LEGISLADORES &quot;NO GANAN BIEN&quot; Y QUE EL AUMENTO &quot;SE DEBER\u00cdA HABER DADO&quot; - Apuntes de San Luis<\/title>\n<meta name=\"robots\" content=\"index, follow, max-snippet:-1, max-image-preview:large, max-video-preview:-1\" \/>\n<link rel=\"canonical\" href=\"https:\/\/apuntesdesanluis.com\/index.php\/2024\/03\/21\/villarruel-considero-que-los-legisladores-no-ganan-bien-y-que-el-aumento-se-deberia-haber-dado\/\" \/>\n<meta property=\"og:locale\" content=\"es_ES\" \/>\n<meta property=\"og:type\" content=\"article\" \/>\n<meta property=\"og:title\" content=\"VILLARRUEL CONSIDER\u00d3 QUE LOS LEGISLADORES &quot;NO GANAN BIEN&quot; Y QUE EL AUMENTO &quot;SE DEBER\u00cdA HABER DADO&quot; - Apuntes de San Luis\" \/>\n<meta property=\"og:description\" content=\"La vicepresidente Victoria Villarruel reflot\u00f3 la pol\u00e9mica del aumento a los legisladores y consider\u00f3 que...\" \/>\n<meta property=\"og:url\" content=\"https:\/\/apuntesdesanluis.com\/index.php\/2024\/03\/21\/villarruel-considero-que-los-legisladores-no-ganan-bien-y-que-el-aumento-se-deberia-haber-dado\/\" \/>\n<meta property=\"og:site_name\" content=\"Apuntes de San Luis\" \/>\n<meta property=\"article:published_time\" content=\"2024-03-22T01:11:42+00:00\" \/>\n<meta property=\"article:modified_time\" content=\"2024-03-22T03:14:30+00:00\" \/>\n<meta property=\"og:image\" content=\"https:\/\/apuntesdesanluis.com\/wp-content\/uploads\/2024\/03\/VILLARRUEL.png\" \/>\n\t<meta property=\"og:image:width\" content=\"842\" \/>\n\t<meta property=\"og:image:height\" content=\"526\" \/>\n\t<meta property=\"og:image:type\" content=\"image\/png\" \/>\n<meta name=\"author\" content=\"apuntesdesanluis.com\" \/>\n<meta name=\"twitter:card\" content=\"summary_large_image\" \/>\n<meta name=\"twitter:label1\" content=\"Escrito por\" \/>\n\t<meta name=\"twitter:data1\" content=\"apuntesdesanluis.com\" \/>\n\t<meta name=\"twitter:label2\" content=\"Tiempo de lectura\" \/>\n\t<meta name=\"twitter:data2\" content=\"3 minutos\" \/>\n<script type=\"application\/ld+json\" class=\"yoast-schema-graph\">{\"@context\":\"https:\/\/schema.org\",\"@graph\":[{\"@type\":\"Article\",\"@id\":\"https:\/\/apuntesdesanluis.com\/index.php\/2024\/03\/21\/villarruel-considero-que-los-legisladores-no-ganan-bien-y-que-el-aumento-se-deberia-haber-dado\/#article\",\"isPartOf\":{\"@id\":\"https:\/\/apuntesdesanluis.com\/index.php\/2024\/03\/21\/villarruel-considero-que-los-legisladores-no-ganan-bien-y-que-el-aumento-se-deberia-haber-dado\/\"},\"author\":{\"name\":\"apuntesdesanluis.com\",\"@id\":\"https:\/\/apuntesdesanluis.com\/#\/schema\/person\/b55151d52296fcce64d1a72538a70b90\"},\"headline\":\"VILLARRUEL CONSIDER\u00d3 QUE LOS LEGISLADORES &#8220;NO GANAN BIEN&#8221; Y QUE EL AUMENTO &#8220;SE DEBER\u00cdA HABER DADO&#8221;\",\"datePublished\":\"2024-03-22T01:11:42+00:00\",\"dateModified\":\"2024-03-22T03:14:30+00:00\",\"mainEntityOfPage\":{\"@id\":\"https:\/\/apuntesdesanluis.com\/index.php\/2024\/03\/21\/villarruel-considero-que-los-legisladores-no-ganan-bien-y-que-el-aumento-se-deberia-haber-dado\/\"},\"wordCount\":637,\"publisher\":{\"@id\":\"https:\/\/apuntesdesanluis.com\/#\/schema\/person\/b55151d52296fcce64d1a72538a70b90\"},\"image\":{\"@id\":\"https:\/\/apuntesdesanluis.com\/index.php\/2024\/03\/21\/villarruel-considero-que-los-legisladores-no-ganan-bien-y-que-el-aumento-se-deberia-haber-dado\/#primaryimage\"},\"thumbnailUrl\":\"https:\/\/apuntesdesanluis.com\/wp-content\/uploads\/2024\/03\/VILLARRUEL.png\",\"articleSection\":[\"Nacionales\/Internacionales\"],\"inLanguage\":\"es-AR\"},{\"@type\":\"WebPage\",\"@id\":\"https:\/\/apuntesdesanluis.com\/index.php\/2024\/03\/21\/villarruel-considero-que-los-legisladores-no-ganan-bien-y-que-el-aumento-se-deberia-haber-dado\/\",\"url\":\"https:\/\/apuntesdesanluis.com\/index.php\/2024\/03\/21\/villarruel-considero-que-los-legisladores-no-ganan-bien-y-que-el-aumento-se-deberia-haber-dado\/\",\"name\":\"VILLARRUEL CONSIDER\u00d3 QUE LOS LEGISLADORES \\\"NO GANAN BIEN\\\" Y QUE EL AUMENTO \\\"SE DEBER\u00cdA HABER DADO\\\" - Apuntes de San Luis\",\"isPartOf\":{\"@id\":\"https:\/\/apuntesdesanluis.com\/#website\"},\"primaryImageOfPage\":{\"@id\":\"https:\/\/apuntesdesanluis.com\/index.php\/2024\/03\/21\/villarruel-considero-que-los-legisladores-no-ganan-bien-y-que-el-aumento-se-deberia-haber-dado\/#primaryimage\"},\"image\":{\"@id\":\"https:\/\/apuntesdesanluis.com\/index.php\/2024\/03\/21\/villarruel-considero-que-los-legisladores-no-ganan-bien-y-que-el-aumento-se-deberia-haber-dado\/#primaryimage\"},\"thumbnailUrl\":\"https:\/\/apuntesdesanluis.com\/wp-content\/uploads\/2024\/03\/VILLARRUEL.png\",\"datePublished\":\"2024-03-22T01:11:42+00:00\",\"dateModified\":\"2024-03-22T03:14:30+00:00\",\"breadcrumb\":{\"@id\":\"https:\/\/apuntesdesanluis.com\/index.php\/2024\/03\/21\/villarruel-considero-que-los-legisladores-no-ganan-bien-y-que-el-aumento-se-deberia-haber-dado\/#breadcrumb\"},\"inLanguage\":\"es-AR\",\"potentialAction\":[{\"@type\":\"ReadAction\",\"target\":[\"https:\/\/apuntesdesanluis.com\/index.php\/2024\/03\/21\/villarruel-considero-que-los-legisladores-no-ganan-bien-y-que-el-aumento-se-deberia-haber-dado\/\"]}]},{\"@type\":\"ImageObject\",\"inLanguage\":\"es-AR\",\"@id\":\"https:\/\/apuntesdesanluis.com\/index.php\/2024\/03\/21\/villarruel-considero-que-los-legisladores-no-ganan-bien-y-que-el-aumento-se-deberia-haber-dado\/#primaryimage\",\"url\":\"https:\/\/apuntesdesanluis.com\/wp-content\/uploads\/2024\/03\/VILLARRUEL.png\",\"contentUrl\":\"https:\/\/apuntesdesanluis.com\/wp-content\/uploads\/2024\/03\/VILLARRUEL.png\",\"width\":842,\"height\":526},{\"@type\":\"BreadcrumbList\",\"@id\":\"https:\/\/apuntesdesanluis.com\/index.php\/2024\/03\/21\/villarruel-considero-que-los-legisladores-no-ganan-bien-y-que-el-aumento-se-deberia-haber-dado\/#breadcrumb\",\"itemListElement\":[{\"@type\":\"ListItem\",\"position\":1,\"name\":\"Inicio\",\"item\":\"https:\/\/apuntesdesanluis.com\/\"},{\"@type\":\"ListItem\",\"position\":2,\"name\":\"VILLARRUEL CONSIDER\u00d3 QUE LOS LEGISLADORES &#8220;NO GANAN BIEN&#8221; Y QUE EL AUMENTO &#8220;SE DEBER\u00cdA HABER DADO&#8221;\"}]},{\"@type\":\"WebSite\",\"@id\":\"https:\/\/apuntesdesanluis.com\/#website\",\"url\":\"https:\/\/apuntesdesanluis.com\/\",\"name\":\"Apuntes de San Luis\",\"description\":\"\",\"publisher\":{\"@id\":\"https:\/\/apuntesdesanluis.com\/#\/schema\/person\/b55151d52296fcce64d1a72538a70b90\"},\"potentialAction\":[{\"@type\":\"SearchAction\",\"target\":{\"@type\":\"EntryPoint\",\"urlTemplate\":\"https:\/\/apuntesdesanluis.com\/?s={search_term_string}\"},\"query-input\":{\"@type\":\"PropertyValueSpecification\",\"valueRequired\":true,\"valueName\":\"search_term_string\"}}],\"inLanguage\":\"es-AR\"},{\"@type\":[\"Person\",\"Organization\"],\"@id\":\"https:\/\/apuntesdesanluis.com\/#\/schema\/person\/b55151d52296fcce64d1a72538a70b90\",\"name\":\"apuntesdesanluis.com\",\"image\":{\"@type\":\"ImageObject\",\"inLanguage\":\"es-AR\",\"@id\":\"https:\/\/apuntesdesanluis.com\/#\/schema\/person\/image\/\",\"url\":\"https:\/\/apuntesdesanluis.com\/wp-content\/uploads\/2023\/07\/cropped-apuntesdesanluis.png\",\"contentUrl\":\"https:\/\/apuntesdesanluis.com\/wp-content\/uploads\/2023\/07\/cropped-apuntesdesanluis.png\",\"width\":450,\"height\":112,\"caption\":\"apuntesdesanluis.com\"},\"logo\":{\"@id\":\"https:\/\/apuntesdesanluis.com\/#\/schema\/person\/image\/\"},\"sameAs\":[\"https:\/\/apuntesdesanluis.com\"],\"url\":\"https:\/\/apuntesdesanluis.com\/index.php\/author\/apuntesdesanluis-com\/\"}]}<\/script>\n<!-- \/ Yoast SEO plugin. -->","yoast_head_json":{"title":"VILLARRUEL CONSIDER\u00d3 QUE LOS LEGISLADORES \"NO GANAN BIEN\" Y QUE EL AUMENTO \"SE DEBER\u00cdA HABER DADO\" - Apuntes de San Luis","robots":{"index":"index","follow":"follow","max-snippet":"max-snippet:-1","max-image-preview":"max-image-preview:large","max-video-preview":"max-video-preview:-1"},"canonical":"https:\/\/apuntesdesanluis.com\/index.php\/2024\/03\/21\/villarruel-considero-que-los-legisladores-no-ganan-bien-y-que-el-aumento-se-deberia-haber-dado\/","og_locale":"es_ES","og_type":"article","og_title":"VILLARRUEL CONSIDER\u00d3 QUE LOS LEGISLADORES \"NO GANAN BIEN\" Y QUE EL AUMENTO \"SE DEBER\u00cdA HABER DADO\" - Apuntes de San Luis","og_description":"La vicepresidente Victoria Villarruel reflot\u00f3 la pol\u00e9mica del aumento a los legisladores y consider\u00f3 que...","og_url":"https:\/\/apuntesdesanluis.com\/index.php\/2024\/03\/21\/villarruel-considero-que-los-legisladores-no-ganan-bien-y-que-el-aumento-se-deberia-haber-dado\/","og_site_name":"Apuntes de San Luis","article_published_time":"2024-03-22T01:11:42+00:00","article_modified_time":"2024-03-22T03:14:30+00:00","og_image":[{"width":842,"height":526,"url":"https:\/\/apuntesdesanluis.com\/wp-content\/uploads\/2024\/03\/VILLARRUEL.png","type":"image\/png"}],"author":"apuntesdesanluis.com","twitter_card":"summary_large_image","twitter_misc":{"Escrito por":"apuntesdesanluis.com","Tiempo de lectura":"3 minutos"},"schema":{"@context":"https:\/\/schema.org","@graph":[{"@type":"Article","@id":"https:\/\/apuntesdesanluis.com\/index.php\/2024\/03\/21\/villarruel-considero-que-los-legisladores-no-ganan-bien-y-que-el-aumento-se-deberia-haber-dado\/#article","isPartOf":{"@id":"https:\/\/apuntesdesanluis.com\/index.php\/2024\/03\/21\/villarruel-considero-que-los-legisladores-no-ganan-bien-y-que-el-aumento-se-deberia-haber-dado\/"},"author":{"name":"apuntesdesanluis.com","@id":"https:\/\/apuntesdesanluis.com\/#\/schema\/person\/b55151d52296fcce64d1a72538a70b90"},"headline":"VILLARRUEL CONSIDER\u00d3 QUE LOS LEGISLADORES &#8220;NO GANAN BIEN&#8221; Y QUE EL AUMENTO &#8220;SE DEBER\u00cdA HABER DADO&#8221;","datePublished":"2024-03-22T01:11:42+00:00","dateModified":"2024-03-22T03:14:30+00:00","mainEntityOfPage":{"@id":"https:\/\/apuntesdesanluis.com\/index.php\/2024\/03\/21\/villarruel-considero-que-los-legisladores-no-ganan-bien-y-que-el-aumento-se-deberia-haber-dado\/"},"wordCount":637,"publisher":{"@id":"https:\/\/apuntesdesanluis.com\/#\/schema\/person\/b55151d52296fcce64d1a72538a70b90"},"image":{"@id":"https:\/\/apuntesdesanluis.com\/index.php\/2024\/03\/21\/villarruel-considero-que-los-legisladores-no-ganan-bien-y-que-el-aumento-se-deberia-haber-dado\/#primaryimage"},"thumbnailUrl":"https:\/\/apuntesdesanluis.com\/wp-content\/uploads\/2024\/03\/VILLARRUEL.png","articleSection":["Nacionales\/Internacionales"],"inLanguage":"es-AR"},{"@type":"WebPage","@id":"https:\/\/apuntesdesanluis.com\/index.php\/2024\/03\/21\/villarruel-considero-que-los-legisladores-no-ganan-bien-y-que-el-aumento-se-deberia-haber-dado\/","url":"https:\/\/apuntesdesanluis.com\/index.php\/2024\/03\/21\/villarruel-considero-que-los-legisladores-no-ganan-bien-y-que-el-aumento-se-deberia-haber-dado\/","name":"VILLARRUEL CONSIDER\u00d3 QUE LOS LEGISLADORES \"NO GANAN BIEN\" Y QUE EL AUMENTO \"SE DEBER\u00cdA HABER DADO\" - Apuntes de San Luis","isPartOf":{"@id":"https:\/\/apuntesdesanluis.com\/#website"},"primaryImageOfPage":{"@id":"https:\/\/apuntesdesanluis.com\/index.php\/2024\/03\/21\/villarruel-considero-que-los-legisladores-no-ganan-bien-y-que-el-aumento-se-deberia-haber-dado\/#primaryimage"},"image":{"@id":"https:\/\/apuntesdesanluis.com\/index.php\/2024\/03\/21\/villarruel-considero-que-los-legisladores-no-ganan-bien-y-que-el-aumento-se-deberia-haber-dado\/#primaryimage"},"thumbnailUrl":"https:\/\/apuntesdesanluis.com\/wp-content\/uploads\/2024\/03\/VILLARRUEL.png","datePublished":"2024-03-22T01:11:42+00:00","dateModified":"2024-03-22T03:14:30+00:00","breadcrumb":{"@id":"https:\/\/apuntesdesanluis.com\/index.php\/2024\/03\/21\/villarruel-considero-que-los-legisladores-no-ganan-bien-y-que-el-aumento-se-deberia-haber-dado\/#breadcrumb"},"inLanguage":"es-AR","potentialAction":[{"@type":"ReadAction","target":["https:\/\/apuntesdesanluis.com\/index.php\/2024\/03\/21\/villarruel-considero-que-los-legisladores-no-ganan-bien-y-que-el-aumento-se-deberia-haber-dado\/"]}]},{"@type":"ImageObject","inLanguage":"es-AR","@id":"https:\/\/apuntesdesanluis.com\/index.php\/2024\/03\/21\/villarruel-considero-que-los-legisladores-no-ganan-bien-y-que-el-aumento-se-deberia-haber-dado\/#primaryimage","url":"https:\/\/apuntesdesanluis.com\/wp-content\/uploads\/2024\/03\/VILLARRUEL.png","contentUrl":"https:\/\/apuntesdesanluis.com\/wp-content\/uploads\/2024\/03\/VILLARRUEL.png","width":842,"height":526},{"@type":"BreadcrumbList","@id":"https:\/\/apuntesdesanluis.com\/index.php\/2024\/03\/21\/villarruel-considero-que-los-legisladores-no-ganan-bien-y-que-el-aumento-se-deberia-haber-dado\/#breadcrumb","itemListElement":[{"@type":"ListItem","position":1,"name":"Inicio","item":"https:\/\/apuntesdesanluis.com\/"},{"@type":"ListItem","position":2,"name":"VILLARRUEL CONSIDER\u00d3 QUE LOS LEGISLADORES &#8220;NO GANAN BIEN&#8221; Y QUE EL AUMENTO &#8220;SE DEBER\u00cdA HABER DADO&#8221;"}]},{"@type":"WebSite","@id":"https:\/\/apuntesdesanluis.com\/#website","url":"https:\/\/apuntesdesanluis.com\/","name":"Apuntes de San Luis","description":"","publisher":{"@id":"https:\/\/apuntesdesanluis.com\/#\/schema\/person\/b55151d52296fcce64d1a72538a70b90"},"potentialAction":[{"@type":"SearchAction","target":{"@type":"EntryPoint","urlTemplate":"https:\/\/apuntesdesanluis.com\/?s={search_term_string}"},"query-input":{"@type":"PropertyValueSpecification","valueRequired":true,"valueName":"search_term_string"}}],"inLanguage":"es-AR"},{"@type":["Person","Organization"],"@id":"https:\/\/apuntesdesanluis.com\/#\/schema\/person\/b55151d52296fcce64d1a72538a70b90","name":"apuntesdesanluis.com","image":{"@type":"ImageObject","inLanguage":"es-AR","@id":"https:\/\/apuntesdesanluis.com\/#\/schema\/person\/image\/","url":"https:\/\/apuntesdesanluis.com\/wp-content\/uploads\/2023\/07\/cropped-apuntesdesanluis.png","contentUrl":"https:\/\/apuntesdesanluis.com\/wp-content\/uploads\/2023\/07\/cropped-apuntesdesanluis.png","width":450,"height":112,"caption":"apuntesdesanluis.com"},"logo":{"@id":"https:\/\/apuntesdesanluis.com\/#\/schema\/person\/image\/"},"sameAs":["https:\/\/apuntesdesanluis.com"],"url":"https:\/\/apuntesdesanluis.com\/index.php\/author\/apuntesdesanluis-com\/"}]}},"featured_image_urls":{"full":["https:\/\/apuntesdesanluis.com\/wp-content\/uploads\/2024\/03\/VILLARRUEL.png",842,526,false],"thumbnail":["https:\/\/apuntesdesanluis.com\/wp-content\/uploads\/2024\/03\/VILLARRUEL-150x150.png",150,150,true],"medium":["https:\/\/apuntesdesanluis.com\/wp-content\/uploads\/2024\/03\/VILLARRUEL-300x187.png",300,187,true],"medium_large":["https:\/\/apuntesdesanluis.com\/wp-content\/uploads\/2024\/03\/VILLARRUEL-768x480.png",640,400,true],"large":["https:\/\/apuntesdesanluis.com\/wp-content\/uploads\/2024\/03\/VILLARRUEL.png",640,400,false],"1536x1536":["https:\/\/apuntesdesanluis.com\/wp-content\/uploads\/2024\/03\/VILLARRUEL.png",842,526,false],"2048x2048":["https:\/\/apuntesdesanluis.com\/wp-content\/uploads\/2024\/03\/VILLARRUEL.png",842,526,false],"newsever-slider-full":["https:\/\/apuntesdesanluis.com\/wp-content\/uploads\/2024\/03\/VILLARRUEL.png",842,526,false],"newsever-featured":["https:\/\/apuntesdesanluis.com\/wp-content\/uploads\/2024\/03\/VILLARRUEL.png",842,526,false],"newsever-medium":["https:\/\/apuntesdesanluis.com\/wp-content\/uploads\/2024\/03\/VILLARRUEL-720x475.png",720,475,true]},"author_info":{"display_name":"apuntesdesanluis.com","author_link":"https:\/\/apuntesdesanluis.com\/index.php\/author\/apuntesdesanluis-com\/"},"category_info":"<a href=\"https:\/\/apuntesdesanluis.com\/index.php\/category\/nacionales-internacionales\/\" rel=\"category tag\">Nacionales\/Internacionales<\/a>","tag_info":"Nacionales\/Internacionales","comment_count":"0","_links":{"self":[{"href":"https:\/\/apuntesdesanluis.com\/index.php\/wp-json\/wp\/v2\/posts\/13499","targetHints":{"allow":["GET"]}}],"collection":[{"href":"https:\/\/apuntesdesanluis.com\/index.php\/wp-json\/wp\/v2\/posts"}],"about":[{"href":"https:\/\/apuntesdesanluis.com\/index.php\/wp-json\/wp\/v2\/types\/post"}],"author":[{"embeddable":true,"href":"https:\/\/apuntesdesanluis.com\/index.php\/wp-json\/wp\/v2\/users\/1"}],"replies":[{"embeddable":true,"href":"https:\/\/apuntesdesanluis.com\/index.php\/wp-json\/wp\/v2\/comments?post=13499"}],"version-history":[{"count":1,"href":"https:\/\/apuntesdesanluis.com\/index.php\/wp-json\/wp\/v2\/posts\/13499\/revisions"}],"predecessor-version":[{"id":13500,"href":"https:\/\/apuntesdesanluis.com\/index.php\/wp-json\/wp\/v2\/posts\/13499\/revisions\/13500"}],"wp:featuredmedia":[{"embeddable":true,"href":"https:\/\/apuntesdesanluis.com\/index.php\/wp-json\/wp\/v2\/media\/13131"}],"wp:attachment":[{"href":"https:\/\/apuntesdesanluis.com\/index.php\/wp-json\/wp\/v2\/media?parent=13499"}],"wp:term":[{"taxonomy":"category","embeddable":true,"href":"https:\/\/apuntesdesanluis.com\/index.php\/wp-json\/wp\/v2\/categories?post=13499"},{"taxonomy":"post_tag","embeddable":true,"href":"https:\/\/apuntesdesanluis.com\/index.php\/wp-json\/wp\/v2\/tags?post=13499"}],"curies":[{"name":"wp","href":"https:\/\/api.w.org\/{rel}","templated":true}]}}