{"id":13504,"date":"2024-03-21T20:27:58","date_gmt":"2024-03-21T23:27:58","guid":{"rendered":"https:\/\/apuntesdesanluis.com\/?p=13504"},"modified":"2024-03-22T00:31:39","modified_gmt":"2024-03-22T03:31:39","slug":"horror-mataron-de-un-tiro-en-la-cabeza-a-un-empleado-de-una-peluqueria-tras-una-discusion","status":"publish","type":"post","link":"https:\/\/apuntesdesanluis.com\/index.php\/2024\/03\/21\/horror-mataron-de-un-tiro-en-la-cabeza-a-un-empleado-de-una-peluqueria-tras-una-discusion\/","title":{"rendered":"HORROR: MATARON DE UN TIRO EN LA CABEZA A UN EMPLEADO DE UNA PELUQUER\u00cdA TRAS UNA DISCUSI\u00d3N"},"content":{"rendered":"<h3>Una reconocida peluquer\u00eda del barrio porte\u00f1o de Recoleta fue escenario del horror. En medio de una discusi\u00f3n entre compa\u00f1eros de trabajo, el coiffeur Abel Guzm\u00e1n mat\u00f3 al colorista Germ\u00e1n Medina de un tiro en la cabeza y huy\u00f3 del lugar.<\/h3>\n<h3>El impactante hecho ocurri\u00f3 este mi\u00e9rcoles al anochecer en Verdini, ubicada en Beruti al 3017, a la que suelen ir personas reconocidas del espect\u00e1culo. El comercio ya hab\u00eda cerrado sus persianas cuando comenz\u00f3 a gestarse la situaci\u00f3n.<\/h3>\n<h3>El episodio fue registrado por una c\u00e1mara de seguridad del local. En un video de dos minutos y medio, se ve a tres hombres y una mujer sentados en ronda, mientras el que termin\u00f3 jalando del gatillo se encuentra de pie. All\u00ed, Guzm\u00e1n toma un arma y comienza a increpar a sus compa\u00f1eros. Por lo que se puede deducir, le ordena a la joven y a dos de los hombres que se levanten de sus respectivas sillas y se hagan a un lado.<\/h3>\n<p><iframe title=\"Crimen en Recoleta: el agresor contin\u00faa pr\u00f3fugo\" width=\"640\" height=\"360\" src=\"https:\/\/www.youtube.com\/embed\/DjbWvfbV0wA?feature=oembed\" frameborder=\"0\" allow=\"accelerometer; autoplay; clipboard-write; encrypted-media; gyroscope; picture-in-picture; web-share\" referrerpolicy=\"strict-origin-when-cross-origin\" allowfullscreen><\/iframe><\/p>\n<h3>Guzm\u00e1n termina quedando cara a cara con Germ\u00e1n Gabriel Medina, quien por su comportamiento, pese a que su compa\u00f1ero mostraba el arma, se manten\u00eda calmo. Se nota la tensi\u00f3n en el ambiente, sin embargo a pesar de estar siendo apuntado Medina no atina a moverse ni levantarse de la silla. Con total frialdad, de acuerdo a las im\u00e1genes. Guzm\u00e1n le dispara en la cabeza y termina huyendo de la escena al igual que el resto de sus compa\u00f1eros, aterrados por lo que presenciaron. Al minuto se ve como uno de los testigos reaparece, abre una venta y permite que el asesino huya de la peluquer\u00eda, lo que podr\u00eda valerle una acusaci\u00f3n.<\/h3>\n<p><img fetchpriority=\"high\" decoding=\"async\" class=\"wp-image-13506 aligncenter\" src=\"https:\/\/apuntesdesanluis.com\/wp-content\/uploads\/2024\/03\/GUZMAN-300x288.png\" alt=\"\" width=\"693\" height=\"665\" srcset=\"https:\/\/apuntesdesanluis.com\/wp-content\/uploads\/2024\/03\/GUZMAN-300x288.png 300w, https:\/\/apuntesdesanluis.com\/wp-content\/uploads\/2024\/03\/GUZMAN.png 600w\" sizes=\"(max-width: 693px) 100vw, 693px\" \/><\/p>\n<h4 style=\"text-align: center;\"><em>Guzm\u00e1n se encuentra pr\u00f3fugo.<\/em><\/h4>\n<h3>Alertados por lo sucedido, acude al lugar Polic\u00eda de la Ciudad. Herido de bala en el cr\u00e1neo, Medina es trasladado todav\u00eda con vida por personal del SAME al Hospital Fern\u00e1ndez. A los pocos minutos, el joven de 33 a\u00f1os, vecino de Merlo, falleci\u00f3. La causa para esclarecer el homicidio est\u00e1 a cargo del Juzgado N\u00b058.<\/h3>\n<h3>\u201cRecibimos una llamada sobre que hab\u00eda un herido por arma de fuego. La ambulancia fue a los pocos minutos y se encontr\u00f3 con el hombre con un disparo en el cr\u00e1neo. R\u00e1pidamente, se inici\u00f3 el traslado. Estaba con un paro card\u00edaco y lo llevamos al Hospital Fern\u00e1ndez\u201d, dijo el titular del SAME, Alberto Crescenti en di\u00e1logo con Todo Noticias (TN).<\/h3>\n<h3>\u201cEl paciente estaba en grave estado y lo hab\u00edamos trasladado con un paro cardiorrespiratorio, se sigui\u00f3 con la maniobras en el shock room del Fern\u00e1ndez tratando de revertir la situaci\u00f3n, pero lamentablemente este hombre falleci\u00f3\u201d, lament\u00f3 el m\u00e9dico.<\/h3>\n<p><img decoding=\"async\" class=\"wp-image-13505 aligncenter\" src=\"https:\/\/apuntesdesanluis.com\/wp-content\/uploads\/2024\/03\/MEDINA-300x171.png\" alt=\"\" width=\"651\" height=\"371\" srcset=\"https:\/\/apuntesdesanluis.com\/wp-content\/uploads\/2024\/03\/MEDINA-300x171.png 300w, https:\/\/apuntesdesanluis.com\/wp-content\/uploads\/2024\/03\/MEDINA.png 625w\" sizes=\"(max-width: 651px) 100vw, 651px\" \/><\/p>\n<h4 style=\"text-align: center;\"><em>Germ\u00e1n Medina, el colorista asesinado.<\/em><\/h4>\n<h3>El personal policial de la Comisar\u00eda Vecinal 2A de CABA se entrevist\u00f3 con Facundo Ram\u00f3n Verdini, el due\u00f1o del comercio, quien afirm\u00f3 que al cerrar el local se quedaron tomando bebidas y posteriormente se produjo una incidencia laboral entre dos empleados. Seg\u00fan fuentes policiales todo sucedi\u00f3 \u201cde un momento a otro\u201d: Guzm\u00e1n sac\u00f3 el arma de fuego y efectu\u00f3 el disparo en la cabeza de su compa\u00f1ero.<\/h3>\n<h3>Por estas horas, Guzm\u00e1n es intensamente buscado por la Polic\u00eda de la Ciudad, con la Divisi\u00f3n Homicidios a cargo de hallarlo.<\/h3>\n<p>&nbsp;<\/p>\n<p>&nbsp;<\/p>\n<p>&nbsp;<\/p>\n","protected":false},"excerpt":{"rendered":"<p>Una reconocida peluquer\u00eda del barrio porte\u00f1o de Recoleta fue escenario del horror. En medio de&#8230;<\/p>\n","protected":false},"author":1,"featured_media":13507,"comment_status":"closed","ping_status":"closed","sticky":false,"template":"","format":"standard","meta":{"footnotes":""},"categories":[5],"tags":[],"class_list":["post-13504","post","type-post","status-publish","format-standard","has-post-thumbnail","hentry","category-nacionales-internacionales"],"yoast_head":"<!-- This site is optimized with the Yoast SEO plugin v26.1.1 - https:\/\/yoast.com\/wordpress\/plugins\/seo\/ -->\n<title>HORROR: MATARON DE UN TIRO EN LA CABEZA A UN EMPLEADO DE UNA PELUQUER\u00cdA TRAS UNA DISCUSI\u00d3N - Apuntes de San Luis<\/title>\n<meta name=\"robots\" content=\"index, follow, max-snippet:-1, max-image-preview:large, max-video-preview:-1\" \/>\n<link rel=\"canonical\" href=\"https:\/\/apuntesdesanluis.com\/index.php\/2024\/03\/21\/horror-mataron-de-un-tiro-en-la-cabeza-a-un-empleado-de-una-peluqueria-tras-una-discusion\/\" \/>\n<meta property=\"og:locale\" content=\"es_ES\" \/>\n<meta property=\"og:type\" content=\"article\" \/>\n<meta property=\"og:title\" content=\"HORROR: MATARON DE UN TIRO EN LA CABEZA A UN EMPLEADO DE UNA PELUQUER\u00cdA TRAS UNA DISCUSI\u00d3N - Apuntes de San Luis\" \/>\n<meta property=\"og:description\" content=\"Una reconocida peluquer\u00eda del barrio porte\u00f1o de Recoleta fue escenario del horror. En medio de...\" \/>\n<meta property=\"og:url\" content=\"https:\/\/apuntesdesanluis.com\/index.php\/2024\/03\/21\/horror-mataron-de-un-tiro-en-la-cabeza-a-un-empleado-de-una-peluqueria-tras-una-discusion\/\" \/>\n<meta property=\"og:site_name\" content=\"Apuntes de San Luis\" \/>\n<meta property=\"article:published_time\" content=\"2024-03-21T23:27:58+00:00\" \/>\n<meta property=\"article:modified_time\" content=\"2024-03-22T03:31:39+00:00\" \/>\n<meta property=\"og:image\" content=\"https:\/\/apuntesdesanluis.com\/wp-content\/uploads\/2024\/03\/crimen-del-colorista.png\" \/>\n\t<meta property=\"og:image:width\" content=\"694\" \/>\n\t<meta property=\"og:image:height\" content=\"415\" \/>\n\t<meta property=\"og:image:type\" content=\"image\/png\" \/>\n<meta name=\"author\" content=\"apuntesdesanluis.com\" \/>\n<meta name=\"twitter:card\" content=\"summary_large_image\" \/>\n<meta name=\"twitter:label1\" content=\"Escrito por\" \/>\n\t<meta name=\"twitter:data1\" content=\"apuntesdesanluis.com\" \/>\n\t<meta name=\"twitter:label2\" content=\"Tiempo de lectura\" \/>\n\t<meta name=\"twitter:data2\" content=\"3 minutos\" \/>\n<script type=\"application\/ld+json\" class=\"yoast-schema-graph\">{\"@context\":\"https:\/\/schema.org\",\"@graph\":[{\"@type\":\"Article\",\"@id\":\"https:\/\/apuntesdesanluis.com\/index.php\/2024\/03\/21\/horror-mataron-de-un-tiro-en-la-cabeza-a-un-empleado-de-una-peluqueria-tras-una-discusion\/#article\",\"isPartOf\":{\"@id\":\"https:\/\/apuntesdesanluis.com\/index.php\/2024\/03\/21\/horror-mataron-de-un-tiro-en-la-cabeza-a-un-empleado-de-una-peluqueria-tras-una-discusion\/\"},\"author\":{\"name\":\"apuntesdesanluis.com\",\"@id\":\"https:\/\/apuntesdesanluis.com\/#\/schema\/person\/b55151d52296fcce64d1a72538a70b90\"},\"headline\":\"HORROR: MATARON DE UN TIRO EN LA CABEZA A UN EMPLEADO DE UNA PELUQUER\u00cdA TRAS UNA DISCUSI\u00d3N\",\"datePublished\":\"2024-03-21T23:27:58+00:00\",\"dateModified\":\"2024-03-22T03:31:39+00:00\",\"mainEntityOfPage\":{\"@id\":\"https:\/\/apuntesdesanluis.com\/index.php\/2024\/03\/21\/horror-mataron-de-un-tiro-en-la-cabeza-a-un-empleado-de-una-peluqueria-tras-una-discusion\/\"},\"wordCount\":602,\"publisher\":{\"@id\":\"https:\/\/apuntesdesanluis.com\/#\/schema\/person\/b55151d52296fcce64d1a72538a70b90\"},\"image\":{\"@id\":\"https:\/\/apuntesdesanluis.com\/index.php\/2024\/03\/21\/horror-mataron-de-un-tiro-en-la-cabeza-a-un-empleado-de-una-peluqueria-tras-una-discusion\/#primaryimage\"},\"thumbnailUrl\":\"https:\/\/apuntesdesanluis.com\/wp-content\/uploads\/2024\/03\/crimen-del-colorista.png\",\"articleSection\":[\"Nacionales\/Internacionales\"],\"inLanguage\":\"es-AR\"},{\"@type\":\"WebPage\",\"@id\":\"https:\/\/apuntesdesanluis.com\/index.php\/2024\/03\/21\/horror-mataron-de-un-tiro-en-la-cabeza-a-un-empleado-de-una-peluqueria-tras-una-discusion\/\",\"url\":\"https:\/\/apuntesdesanluis.com\/index.php\/2024\/03\/21\/horror-mataron-de-un-tiro-en-la-cabeza-a-un-empleado-de-una-peluqueria-tras-una-discusion\/\",\"name\":\"HORROR: MATARON DE UN TIRO EN LA CABEZA A UN EMPLEADO DE UNA PELUQUER\u00cdA TRAS UNA DISCUSI\u00d3N - Apuntes de San Luis\",\"isPartOf\":{\"@id\":\"https:\/\/apuntesdesanluis.com\/#website\"},\"primaryImageOfPage\":{\"@id\":\"https:\/\/apuntesdesanluis.com\/index.php\/2024\/03\/21\/horror-mataron-de-un-tiro-en-la-cabeza-a-un-empleado-de-una-peluqueria-tras-una-discusion\/#primaryimage\"},\"image\":{\"@id\":\"https:\/\/apuntesdesanluis.com\/index.php\/2024\/03\/21\/horror-mataron-de-un-tiro-en-la-cabeza-a-un-empleado-de-una-peluqueria-tras-una-discusion\/#primaryimage\"},\"thumbnailUrl\":\"https:\/\/apuntesdesanluis.com\/wp-content\/uploads\/2024\/03\/crimen-del-colorista.png\",\"datePublished\":\"2024-03-21T23:27:58+00:00\",\"dateModified\":\"2024-03-22T03:31:39+00:00\",\"breadcrumb\":{\"@id\":\"https:\/\/apuntesdesanluis.com\/index.php\/2024\/03\/21\/horror-mataron-de-un-tiro-en-la-cabeza-a-un-empleado-de-una-peluqueria-tras-una-discusion\/#breadcrumb\"},\"inLanguage\":\"es-AR\",\"potentialAction\":[{\"@type\":\"ReadAction\",\"target\":[\"https:\/\/apuntesdesanluis.com\/index.php\/2024\/03\/21\/horror-mataron-de-un-tiro-en-la-cabeza-a-un-empleado-de-una-peluqueria-tras-una-discusion\/\"]}]},{\"@type\":\"ImageObject\",\"inLanguage\":\"es-AR\",\"@id\":\"https:\/\/apuntesdesanluis.com\/index.php\/2024\/03\/21\/horror-mataron-de-un-tiro-en-la-cabeza-a-un-empleado-de-una-peluqueria-tras-una-discusion\/#primaryimage\",\"url\":\"https:\/\/apuntesdesanluis.com\/wp-content\/uploads\/2024\/03\/crimen-del-colorista.png\",\"contentUrl\":\"https:\/\/apuntesdesanluis.com\/wp-content\/uploads\/2024\/03\/crimen-del-colorista.png\",\"width\":694,\"height\":415},{\"@type\":\"BreadcrumbList\",\"@id\":\"https:\/\/apuntesdesanluis.com\/index.php\/2024\/03\/21\/horror-mataron-de-un-tiro-en-la-cabeza-a-un-empleado-de-una-peluqueria-tras-una-discusion\/#breadcrumb\",\"itemListElement\":[{\"@type\":\"ListItem\",\"position\":1,\"name\":\"Inicio\",\"item\":\"https:\/\/apuntesdesanluis.com\/\"},{\"@type\":\"ListItem\",\"position\":2,\"name\":\"HORROR: MATARON DE UN TIRO EN LA CABEZA A UN EMPLEADO DE UNA PELUQUER\u00cdA TRAS UNA DISCUSI\u00d3N\"}]},{\"@type\":\"WebSite\",\"@id\":\"https:\/\/apuntesdesanluis.com\/#website\",\"url\":\"https:\/\/apuntesdesanluis.com\/\",\"name\":\"Apuntes de San Luis\",\"description\":\"\",\"publisher\":{\"@id\":\"https:\/\/apuntesdesanluis.com\/#\/schema\/person\/b55151d52296fcce64d1a72538a70b90\"},\"potentialAction\":[{\"@type\":\"SearchAction\",\"target\":{\"@type\":\"EntryPoint\",\"urlTemplate\":\"https:\/\/apuntesdesanluis.com\/?s={search_term_string}\"},\"query-input\":{\"@type\":\"PropertyValueSpecification\",\"valueRequired\":true,\"valueName\":\"search_term_string\"}}],\"inLanguage\":\"es-AR\"},{\"@type\":[\"Person\",\"Organization\"],\"@id\":\"https:\/\/apuntesdesanluis.com\/#\/schema\/person\/b55151d52296fcce64d1a72538a70b90\",\"name\":\"apuntesdesanluis.com\",\"image\":{\"@type\":\"ImageObject\",\"inLanguage\":\"es-AR\",\"@id\":\"https:\/\/apuntesdesanluis.com\/#\/schema\/person\/image\/\",\"url\":\"https:\/\/apuntesdesanluis.com\/wp-content\/uploads\/2023\/07\/cropped-apuntesdesanluis.png\",\"contentUrl\":\"https:\/\/apuntesdesanluis.com\/wp-content\/uploads\/2023\/07\/cropped-apuntesdesanluis.png\",\"width\":450,\"height\":112,\"caption\":\"apuntesdesanluis.com\"},\"logo\":{\"@id\":\"https:\/\/apuntesdesanluis.com\/#\/schema\/person\/image\/\"},\"sameAs\":[\"https:\/\/apuntesdesanluis.com\"],\"url\":\"https:\/\/apuntesdesanluis.com\/index.php\/author\/apuntesdesanluis-com\/\"}]}<\/script>\n<!-- \/ Yoast SEO plugin. -->","yoast_head_json":{"title":"HORROR: MATARON DE UN TIRO EN LA CABEZA A UN EMPLEADO DE UNA PELUQUER\u00cdA TRAS UNA DISCUSI\u00d3N - Apuntes de San Luis","robots":{"index":"index","follow":"follow","max-snippet":"max-snippet:-1","max-image-preview":"max-image-preview:large","max-video-preview":"max-video-preview:-1"},"canonical":"https:\/\/apuntesdesanluis.com\/index.php\/2024\/03\/21\/horror-mataron-de-un-tiro-en-la-cabeza-a-un-empleado-de-una-peluqueria-tras-una-discusion\/","og_locale":"es_ES","og_type":"article","og_title":"HORROR: MATARON DE UN TIRO EN LA CABEZA A UN EMPLEADO DE UNA PELUQUER\u00cdA TRAS UNA DISCUSI\u00d3N - Apuntes de San Luis","og_description":"Una reconocida peluquer\u00eda del barrio porte\u00f1o de Recoleta fue escenario del horror. En medio de...","og_url":"https:\/\/apuntesdesanluis.com\/index.php\/2024\/03\/21\/horror-mataron-de-un-tiro-en-la-cabeza-a-un-empleado-de-una-peluqueria-tras-una-discusion\/","og_site_name":"Apuntes de San Luis","article_published_time":"2024-03-21T23:27:58+00:00","article_modified_time":"2024-03-22T03:31:39+00:00","og_image":[{"width":694,"height":415,"url":"https:\/\/apuntesdesanluis.com\/wp-content\/uploads\/2024\/03\/crimen-del-colorista.png","type":"image\/png"}],"author":"apuntesdesanluis.com","twitter_card":"summary_large_image","twitter_misc":{"Escrito por":"apuntesdesanluis.com","Tiempo de lectura":"3 minutos"},"schema":{"@context":"https:\/\/schema.org","@graph":[{"@type":"Article","@id":"https:\/\/apuntesdesanluis.com\/index.php\/2024\/03\/21\/horror-mataron-de-un-tiro-en-la-cabeza-a-un-empleado-de-una-peluqueria-tras-una-discusion\/#article","isPartOf":{"@id":"https:\/\/apuntesdesanluis.com\/index.php\/2024\/03\/21\/horror-mataron-de-un-tiro-en-la-cabeza-a-un-empleado-de-una-peluqueria-tras-una-discusion\/"},"author":{"name":"apuntesdesanluis.com","@id":"https:\/\/apuntesdesanluis.com\/#\/schema\/person\/b55151d52296fcce64d1a72538a70b90"},"headline":"HORROR: MATARON DE UN TIRO EN LA CABEZA A UN EMPLEADO DE UNA PELUQUER\u00cdA TRAS UNA DISCUSI\u00d3N","datePublished":"2024-03-21T23:27:58+00:00","dateModified":"2024-03-22T03:31:39+00:00","mainEntityOfPage":{"@id":"https:\/\/apuntesdesanluis.com\/index.php\/2024\/03\/21\/horror-mataron-de-un-tiro-en-la-cabeza-a-un-empleado-de-una-peluqueria-tras-una-discusion\/"},"wordCount":602,"publisher":{"@id":"https:\/\/apuntesdesanluis.com\/#\/schema\/person\/b55151d52296fcce64d1a72538a70b90"},"image":{"@id":"https:\/\/apuntesdesanluis.com\/index.php\/2024\/03\/21\/horror-mataron-de-un-tiro-en-la-cabeza-a-un-empleado-de-una-peluqueria-tras-una-discusion\/#primaryimage"},"thumbnailUrl":"https:\/\/apuntesdesanluis.com\/wp-content\/uploads\/2024\/03\/crimen-del-colorista.png","articleSection":["Nacionales\/Internacionales"],"inLanguage":"es-AR"},{"@type":"WebPage","@id":"https:\/\/apuntesdesanluis.com\/index.php\/2024\/03\/21\/horror-mataron-de-un-tiro-en-la-cabeza-a-un-empleado-de-una-peluqueria-tras-una-discusion\/","url":"https:\/\/apuntesdesanluis.com\/index.php\/2024\/03\/21\/horror-mataron-de-un-tiro-en-la-cabeza-a-un-empleado-de-una-peluqueria-tras-una-discusion\/","name":"HORROR: MATARON DE UN TIRO EN LA CABEZA A UN EMPLEADO DE UNA PELUQUER\u00cdA TRAS UNA DISCUSI\u00d3N - Apuntes de San Luis","isPartOf":{"@id":"https:\/\/apuntesdesanluis.com\/#website"},"primaryImageOfPage":{"@id":"https:\/\/apuntesdesanluis.com\/index.php\/2024\/03\/21\/horror-mataron-de-un-tiro-en-la-cabeza-a-un-empleado-de-una-peluqueria-tras-una-discusion\/#primaryimage"},"image":{"@id":"https:\/\/apuntesdesanluis.com\/index.php\/2024\/03\/21\/horror-mataron-de-un-tiro-en-la-cabeza-a-un-empleado-de-una-peluqueria-tras-una-discusion\/#primaryimage"},"thumbnailUrl":"https:\/\/apuntesdesanluis.com\/wp-content\/uploads\/2024\/03\/crimen-del-colorista.png","datePublished":"2024-03-21T23:27:58+00:00","dateModified":"2024-03-22T03:31:39+00:00","breadcrumb":{"@id":"https:\/\/apuntesdesanluis.com\/index.php\/2024\/03\/21\/horror-mataron-de-un-tiro-en-la-cabeza-a-un-empleado-de-una-peluqueria-tras-una-discusion\/#breadcrumb"},"inLanguage":"es-AR","potentialAction":[{"@type":"ReadAction","target":["https:\/\/apuntesdesanluis.com\/index.php\/2024\/03\/21\/horror-mataron-de-un-tiro-en-la-cabeza-a-un-empleado-de-una-peluqueria-tras-una-discusion\/"]}]},{"@type":"ImageObject","inLanguage":"es-AR","@id":"https:\/\/apuntesdesanluis.com\/index.php\/2024\/03\/21\/horror-mataron-de-un-tiro-en-la-cabeza-a-un-empleado-de-una-peluqueria-tras-una-discusion\/#primaryimage","url":"https:\/\/apuntesdesanluis.com\/wp-content\/uploads\/2024\/03\/crimen-del-colorista.png","contentUrl":"https:\/\/apuntesdesanluis.com\/wp-content\/uploads\/2024\/03\/crimen-del-colorista.png","width":694,"height":415},{"@type":"BreadcrumbList","@id":"https:\/\/apuntesdesanluis.com\/index.php\/2024\/03\/21\/horror-mataron-de-un-tiro-en-la-cabeza-a-un-empleado-de-una-peluqueria-tras-una-discusion\/#breadcrumb","itemListElement":[{"@type":"ListItem","position":1,"name":"Inicio","item":"https:\/\/apuntesdesanluis.com\/"},{"@type":"ListItem","position":2,"name":"HORROR: MATARON DE UN TIRO EN LA CABEZA A UN EMPLEADO DE UNA PELUQUER\u00cdA TRAS UNA DISCUSI\u00d3N"}]},{"@type":"WebSite","@id":"https:\/\/apuntesdesanluis.com\/#website","url":"https:\/\/apuntesdesanluis.com\/","name":"Apuntes de San Luis","description":"","publisher":{"@id":"https:\/\/apuntesdesanluis.com\/#\/schema\/person\/b55151d52296fcce64d1a72538a70b90"},"potentialAction":[{"@type":"SearchAction","target":{"@type":"EntryPoint","urlTemplate":"https:\/\/apuntesdesanluis.com\/?s={search_term_string}"},"query-input":{"@type":"PropertyValueSpecification","valueRequired":true,"valueName":"search_term_string"}}],"inLanguage":"es-AR"},{"@type":["Person","Organization"],"@id":"https:\/\/apuntesdesanluis.com\/#\/schema\/person\/b55151d52296fcce64d1a72538a70b90","name":"apuntesdesanluis.com","image":{"@type":"ImageObject","inLanguage":"es-AR","@id":"https:\/\/apuntesdesanluis.com\/#\/schema\/person\/image\/","url":"https:\/\/apuntesdesanluis.com\/wp-content\/uploads\/2023\/07\/cropped-apuntesdesanluis.png","contentUrl":"https:\/\/apuntesdesanluis.com\/wp-content\/uploads\/2023\/07\/cropped-apuntesdesanluis.png","width":450,"height":112,"caption":"apuntesdesanluis.com"},"logo":{"@id":"https:\/\/apuntesdesanluis.com\/#\/schema\/person\/image\/"},"sameAs":["https:\/\/apuntesdesanluis.com"],"url":"https:\/\/apuntesdesanluis.com\/index.php\/author\/apuntesdesanluis-com\/"}]}},"featured_image_urls":{"full":["https:\/\/apuntesdesanluis.com\/wp-content\/uploads\/2024\/03\/crimen-del-colorista.png",694,415,false],"thumbnail":["https:\/\/apuntesdesanluis.com\/wp-content\/uploads\/2024\/03\/crimen-del-colorista-150x150.png",150,150,true],"medium":["https:\/\/apuntesdesanluis.com\/wp-content\/uploads\/2024\/03\/crimen-del-colorista-300x179.png",300,179,true],"medium_large":["https:\/\/apuntesdesanluis.com\/wp-content\/uploads\/2024\/03\/crimen-del-colorista.png",640,383,false],"large":["https:\/\/apuntesdesanluis.com\/wp-content\/uploads\/2024\/03\/crimen-del-colorista.png",640,383,false],"1536x1536":["https:\/\/apuntesdesanluis.com\/wp-content\/uploads\/2024\/03\/crimen-del-colorista.png",694,415,false],"2048x2048":["https:\/\/apuntesdesanluis.com\/wp-content\/uploads\/2024\/03\/crimen-del-colorista.png",694,415,false],"newsever-slider-full":["https:\/\/apuntesdesanluis.com\/wp-content\/uploads\/2024\/03\/crimen-del-colorista.png",694,415,false],"newsever-featured":["https:\/\/apuntesdesanluis.com\/wp-content\/uploads\/2024\/03\/crimen-del-colorista.png",694,415,false],"newsever-medium":["https:\/\/apuntesdesanluis.com\/wp-content\/uploads\/2024\/03\/crimen-del-colorista.png",694,415,false]},"author_info":{"display_name":"apuntesdesanluis.com","author_link":"https:\/\/apuntesdesanluis.com\/index.php\/author\/apuntesdesanluis-com\/"},"category_info":"<a href=\"https:\/\/apuntesdesanluis.com\/index.php\/category\/nacionales-internacionales\/\" rel=\"category tag\">Nacionales\/Internacionales<\/a>","tag_info":"Nacionales\/Internacionales","comment_count":"0","_links":{"self":[{"href":"https:\/\/apuntesdesanluis.com\/index.php\/wp-json\/wp\/v2\/posts\/13504","targetHints":{"allow":["GET"]}}],"collection":[{"href":"https:\/\/apuntesdesanluis.com\/index.php\/wp-json\/wp\/v2\/posts"}],"about":[{"href":"https:\/\/apuntesdesanluis.com\/index.php\/wp-json\/wp\/v2\/types\/post"}],"author":[{"embeddable":true,"href":"https:\/\/apuntesdesanluis.com\/index.php\/wp-json\/wp\/v2\/users\/1"}],"replies":[{"embeddable":true,"href":"https:\/\/apuntesdesanluis.com\/index.php\/wp-json\/wp\/v2\/comments?post=13504"}],"version-history":[{"count":1,"href":"https:\/\/apuntesdesanluis.com\/index.php\/wp-json\/wp\/v2\/posts\/13504\/revisions"}],"predecessor-version":[{"id":13508,"href":"https:\/\/apuntesdesanluis.com\/index.php\/wp-json\/wp\/v2\/posts\/13504\/revisions\/13508"}],"wp:featuredmedia":[{"embeddable":true,"href":"https:\/\/apuntesdesanluis.com\/index.php\/wp-json\/wp\/v2\/media\/13507"}],"wp:attachment":[{"href":"https:\/\/apuntesdesanluis.com\/index.php\/wp-json\/wp\/v2\/media?parent=13504"}],"wp:term":[{"taxonomy":"category","embeddable":true,"href":"https:\/\/apuntesdesanluis.com\/index.php\/wp-json\/wp\/v2\/categories?post=13504"},{"taxonomy":"post_tag","embeddable":true,"href":"https:\/\/apuntesdesanluis.com\/index.php\/wp-json\/wp\/v2\/tags?post=13504"}],"curies":[{"name":"wp","href":"https:\/\/api.w.org\/{rel}","templated":true}]}}