{"id":13512,"date":"2024-03-21T23:37:36","date_gmt":"2024-03-22T02:37:36","guid":{"rendered":"https:\/\/apuntesdesanluis.com\/?p=13512"},"modified":"2024-03-22T00:40:03","modified_gmt":"2024-03-22T03:40:03","slug":"el-gobierno-oficializo-los-vouchers-educativos-para-las-familias-que-no-pueden-pagar-aumentos-de-colegios-privados","status":"publish","type":"post","link":"https:\/\/apuntesdesanluis.com\/index.php\/2024\/03\/21\/el-gobierno-oficializo-los-vouchers-educativos-para-las-familias-que-no-pueden-pagar-aumentos-de-colegios-privados\/","title":{"rendered":"EL GOBIERNO OFICIALIZ\u00d3 LOS VOUCHERS EDUCATIVOS PARA LAS FAMILIAS QUE NO PUEDEN PAGAR AUMENTOS DE COLEGIOS PRIVADOS"},"content":{"rendered":"<h3>La medida buscar\u00e1 asistir a alumnos de establecimientos de los niveles inicial, primario y secundario, con una subvenci\u00f3n del 75% o m\u00e1s y una cuota que no supere los 54.396 pesos<\/h3>\n<h3>El gobierno de Javier Milei lanz\u00f3 hoy el Programa de Asistencia \u201cVouchers Educativos\u201d para ayudar a familias que env\u00edan a sus hijos a establecimientos de los niveles inicial, primario y secundario con una subvenci\u00f3n del 75% o m\u00e1s y una cuota que no supere los $54.396.<\/h3>\n<h3>La medida entr\u00f3 en vigencia luego de haberse publicado la Resoluci\u00f3n 61\/2024 en el Bolet\u00edn Oficial. Seg\u00fan la ministra de Capital Humano, Sandra Pettovello, la implementaci\u00f3n de \u00e9sta pol\u00edtica educativa resultaba fundamental para que los alumnos de las instituciones privadas permanecieran en la n\u00f3mina, pese al contexto econ\u00f3mico heredado.<\/h3>\n<h3>Las personas que podr\u00e1n acceder a la asistencia estatal ser\u00e1n aquellas que tengan bajo su responsabilidad parental a estudiantes de hasta 18 a\u00f1os de edad. Asimismo, ser\u00e1 requisito que el colegio cuente con al menos 75% de subvenci\u00f3n estatal y que el ingreso familiar no sea superior a siete salarios m\u00ednimos, vitales y m\u00f3viles.<\/h3>\n<h3>En la actualidad, el ingreso m\u00ednimo establecido es de $202.800 desde que se actualiz\u00f3 el monto a mediados de febrero. En este sentido, la familia que aspire a inscribirse al programa deber\u00e1 tener una entrada de dinero mensual que no supere los $1.419.600.<\/h3>\n<h3>De esta manera, aquellos grupos familiares que sean incluidos en la lista de beneficiarios podr\u00e1n recibir el 50% del valor del arancel de jornada simple, sin incluir actividades extraprogram\u00e1ticas, en funci\u00f3n de la cuota base (marzo 2024) para mayo, junio y julio. Adem\u00e1s, remarcaron que el voucher tendr\u00e1 un tope de $27.198 por hijo.<\/h3>\n<h3>En cuanto al origen de los fondos que se destinar\u00e1n para cubrir el pago a los titulares, la titular de Capital Humano explic\u00f3 que \u00e9stos provendr\u00e1n del Tesoro Nacional. Incluso, remarc\u00f3 que la aplicaci\u00f3n de la prestaci\u00f3n quedar\u00e1 bajo la \u00f3rbita del secretario de Educaci\u00f3n, Carlos Torrendell.<\/h3>\n<h3>\u201cLa educaci\u00f3n y el conocimiento son derechos personales y sociales que deben ser garantizados por el Estado\u201d, sentenciaron al revelar que la asistencia alcanzar\u00eda a 2.409.006 de chicos que asisten a m\u00e1s de 6 mil escuelas en todo el pa\u00eds, seg\u00fan los datos provisorios obtenidos por la Secretar\u00eda de Educaci\u00f3n.<\/h3>\n<h3>Se explic\u00f3 que las familias que quieran acceder al beneficio deber\u00e1n completar un formulario disponible en argentina.gob.ar, desde el 3 hasta el 30 de abril, donde deber\u00e1n incluir el CBU donde se acreditar\u00e1 el dinero e informar el establecimiento educativo.<\/h3>\n<h3>El anuncio lo hizo el Ministerio de Capital Humano, que encabeza Sandra Pettovello, en l\u00ednea con lo que hab\u00eda anunciado el presidente Javier Milei a mediados de febrero. \u201cVa a haber vouchers y financiamiento para alumnos. Est\u00e1n trabajando los ministros Pettovello y Caputo. Estamos muy cerca de anunciar eso\u201d, dijo el presidente en una entrevista period\u00edstica.<\/h3>\n<h3>Y agreg\u00f3: \u201cVamos a incorporar un mecanismo de asistencia a la clase media para que los chicos no pierdan el colegio, porque la situaci\u00f3n en la cual se te caen los ingresos y ten\u00e9s que cambiar al chico de colegio no solo es traumatizante para los padres sino tambi\u00e9n para los chicos\u201d.<\/h3>\n<h3>La implementaci\u00f3n de vouchers en el sistema educativo hab\u00eda sido una de las promesas de campa\u00f1a de Milei. La propuesta implicaba pasar de un financiamiento a la oferta, mediante el sostenimiento de las escuelas y colegios, al financiamiento de la demanda, es decir de cada alumno. Sin embargo, la propuesta de los vouchers no fue retomada desde que empez\u00f3 la gesti\u00f3n. El anuncio de Milei supone ahora que habr\u00e1 subsidios estatales tanto para la oferta como para la demanda en el circuito de la educaci\u00f3n privada.<\/h3>\n<h3>Es que la educaci\u00f3n siempre es p\u00fablica, aunque puede serlo mediante instituciones p\u00fablicas o privadas. Y dentro de estas \u00faltimas, algunas reciben subvenciones econ\u00f3micas en distintos porcentajes. La mayor\u00eda de estas \u00faltimas entidades son colegios cat\u00f3licos que brindan nivel inicial, primario, secundario, terciario y universitario.<\/h3>\n<h3>LA CUESTI\u00d3N EDUCATIVA<\/h3>\n<h3>La problem\u00e1tica del financiamiento educativo es uno de los temas que atraviesa la gesti\u00f3n de Javier Milei. El mes pasado, se anunci\u00f3 la interrupci\u00f3n del envi\u00f3 de los recursos a las provincias que formaban parte del Fondo de Incentivo Docente, que estaba destinado a los salarios de los maestros de todo el pa\u00eds. Al mismo tiempo, la negociaci\u00f3n paritaria nacional se encuentra empantanada porque la actual administraci\u00f3n considera que la pol\u00edtica salarial es una funci\u00f3n indelegable de las provincias en las que el Estado Nacional no debe intervenir.<\/h3>\n<h3>Adem\u00e1s, en el proyecto de \u201cLey Bases y Puntos de Partida para la Libertad de los Argentinos\u201d -conocida como \u201cLey \u00d3mnibus- se hab\u00eda incluido una serie de art\u00edculos que contemplaba desde el examen final obligatoria para la finalizaci\u00f3n del secundario a la declaraci\u00f3n de la educaci\u00f3n como \u201cservicio esencial\u201d, por lo tanto ininterrumpible por huelgas y manifestaciones sindicales. Finalmente, esos \u00edtems quedaron en el camino pero en el gobierno de La Libertad Avanza anticiparon que volver\u00e1n a insistir con esas propuestas en un futuro.<\/h3>\n<p>&nbsp;<\/p>\n<p>&nbsp;<\/p>\n<p>&nbsp;<\/p>\n<p>&nbsp;<\/p>\n<p>&nbsp;<\/p>\n<p>&nbsp;<\/p>\n","protected":false},"excerpt":{"rendered":"<p>La medida buscar\u00e1 asistir a alumnos de establecimientos de los niveles inicial, primario y secundario,&#8230;<\/p>\n","protected":false},"author":1,"featured_media":13513,"comment_status":"closed","ping_status":"closed","sticky":false,"template":"","format":"standard","meta":{"footnotes":""},"categories":[5],"tags":[],"class_list":["post-13512","post","type-post","status-publish","format-standard","has-post-thumbnail","hentry","category-nacionales-internacionales"],"yoast_head":"<!-- This site is optimized with the Yoast SEO plugin v26.1.1 - https:\/\/yoast.com\/wordpress\/plugins\/seo\/ -->\n<title>EL GOBIERNO OFICIALIZ\u00d3 LOS VOUCHERS EDUCATIVOS PARA LAS FAMILIAS QUE NO PUEDEN PAGAR AUMENTOS DE COLEGIOS PRIVADOS - Apuntes de San Luis<\/title>\n<meta name=\"robots\" content=\"index, follow, max-snippet:-1, max-image-preview:large, max-video-preview:-1\" \/>\n<link rel=\"canonical\" href=\"https:\/\/apuntesdesanluis.com\/index.php\/2024\/03\/21\/el-gobierno-oficializo-los-vouchers-educativos-para-las-familias-que-no-pueden-pagar-aumentos-de-colegios-privados\/\" \/>\n<meta property=\"og:locale\" content=\"es_ES\" \/>\n<meta property=\"og:type\" content=\"article\" \/>\n<meta property=\"og:title\" content=\"EL GOBIERNO OFICIALIZ\u00d3 LOS VOUCHERS EDUCATIVOS PARA LAS FAMILIAS QUE NO PUEDEN PAGAR AUMENTOS DE COLEGIOS PRIVADOS - Apuntes de San Luis\" \/>\n<meta property=\"og:description\" content=\"La medida buscar\u00e1 asistir a alumnos de establecimientos de los niveles inicial, primario y secundario,...\" \/>\n<meta property=\"og:url\" content=\"https:\/\/apuntesdesanluis.com\/index.php\/2024\/03\/21\/el-gobierno-oficializo-los-vouchers-educativos-para-las-familias-que-no-pueden-pagar-aumentos-de-colegios-privados\/\" \/>\n<meta property=\"og:site_name\" content=\"Apuntes de San Luis\" \/>\n<meta property=\"article:published_time\" content=\"2024-03-22T02:37:36+00:00\" \/>\n<meta property=\"article:modified_time\" content=\"2024-03-22T03:40:03+00:00\" \/>\n<meta property=\"og:image\" content=\"https:\/\/apuntesdesanluis.com\/wp-content\/uploads\/2024\/03\/ESCUELA.png\" \/>\n\t<meta property=\"og:image:width\" content=\"791\" \/>\n\t<meta property=\"og:image:height\" content=\"492\" \/>\n\t<meta property=\"og:image:type\" content=\"image\/png\" \/>\n<meta name=\"author\" content=\"apuntesdesanluis.com\" \/>\n<meta name=\"twitter:card\" content=\"summary_large_image\" \/>\n<meta name=\"twitter:label1\" content=\"Escrito por\" \/>\n\t<meta name=\"twitter:data1\" content=\"apuntesdesanluis.com\" \/>\n\t<meta name=\"twitter:label2\" content=\"Tiempo de lectura\" \/>\n\t<meta name=\"twitter:data2\" content=\"4 minutos\" \/>\n<script type=\"application\/ld+json\" class=\"yoast-schema-graph\">{\"@context\":\"https:\/\/schema.org\",\"@graph\":[{\"@type\":\"Article\",\"@id\":\"https:\/\/apuntesdesanluis.com\/index.php\/2024\/03\/21\/el-gobierno-oficializo-los-vouchers-educativos-para-las-familias-que-no-pueden-pagar-aumentos-de-colegios-privados\/#article\",\"isPartOf\":{\"@id\":\"https:\/\/apuntesdesanluis.com\/index.php\/2024\/03\/21\/el-gobierno-oficializo-los-vouchers-educativos-para-las-familias-que-no-pueden-pagar-aumentos-de-colegios-privados\/\"},\"author\":{\"name\":\"apuntesdesanluis.com\",\"@id\":\"https:\/\/apuntesdesanluis.com\/#\/schema\/person\/b55151d52296fcce64d1a72538a70b90\"},\"headline\":\"EL GOBIERNO OFICIALIZ\u00d3 LOS VOUCHERS EDUCATIVOS PARA LAS FAMILIAS QUE NO PUEDEN PAGAR AUMENTOS DE COLEGIOS PRIVADOS\",\"datePublished\":\"2024-03-22T02:37:36+00:00\",\"dateModified\":\"2024-03-22T03:40:03+00:00\",\"mainEntityOfPage\":{\"@id\":\"https:\/\/apuntesdesanluis.com\/index.php\/2024\/03\/21\/el-gobierno-oficializo-los-vouchers-educativos-para-las-familias-que-no-pueden-pagar-aumentos-de-colegios-privados\/\"},\"wordCount\":908,\"publisher\":{\"@id\":\"https:\/\/apuntesdesanluis.com\/#\/schema\/person\/b55151d52296fcce64d1a72538a70b90\"},\"image\":{\"@id\":\"https:\/\/apuntesdesanluis.com\/index.php\/2024\/03\/21\/el-gobierno-oficializo-los-vouchers-educativos-para-las-familias-que-no-pueden-pagar-aumentos-de-colegios-privados\/#primaryimage\"},\"thumbnailUrl\":\"https:\/\/apuntesdesanluis.com\/wp-content\/uploads\/2024\/03\/ESCUELA.png\",\"articleSection\":[\"Nacionales\/Internacionales\"],\"inLanguage\":\"es-AR\"},{\"@type\":\"WebPage\",\"@id\":\"https:\/\/apuntesdesanluis.com\/index.php\/2024\/03\/21\/el-gobierno-oficializo-los-vouchers-educativos-para-las-familias-que-no-pueden-pagar-aumentos-de-colegios-privados\/\",\"url\":\"https:\/\/apuntesdesanluis.com\/index.php\/2024\/03\/21\/el-gobierno-oficializo-los-vouchers-educativos-para-las-familias-que-no-pueden-pagar-aumentos-de-colegios-privados\/\",\"name\":\"EL GOBIERNO OFICIALIZ\u00d3 LOS VOUCHERS EDUCATIVOS PARA LAS FAMILIAS QUE NO PUEDEN PAGAR AUMENTOS DE COLEGIOS PRIVADOS - Apuntes de San Luis\",\"isPartOf\":{\"@id\":\"https:\/\/apuntesdesanluis.com\/#website\"},\"primaryImageOfPage\":{\"@id\":\"https:\/\/apuntesdesanluis.com\/index.php\/2024\/03\/21\/el-gobierno-oficializo-los-vouchers-educativos-para-las-familias-que-no-pueden-pagar-aumentos-de-colegios-privados\/#primaryimage\"},\"image\":{\"@id\":\"https:\/\/apuntesdesanluis.com\/index.php\/2024\/03\/21\/el-gobierno-oficializo-los-vouchers-educativos-para-las-familias-que-no-pueden-pagar-aumentos-de-colegios-privados\/#primaryimage\"},\"thumbnailUrl\":\"https:\/\/apuntesdesanluis.com\/wp-content\/uploads\/2024\/03\/ESCUELA.png\",\"datePublished\":\"2024-03-22T02:37:36+00:00\",\"dateModified\":\"2024-03-22T03:40:03+00:00\",\"breadcrumb\":{\"@id\":\"https:\/\/apuntesdesanluis.com\/index.php\/2024\/03\/21\/el-gobierno-oficializo-los-vouchers-educativos-para-las-familias-que-no-pueden-pagar-aumentos-de-colegios-privados\/#breadcrumb\"},\"inLanguage\":\"es-AR\",\"potentialAction\":[{\"@type\":\"ReadAction\",\"target\":[\"https:\/\/apuntesdesanluis.com\/index.php\/2024\/03\/21\/el-gobierno-oficializo-los-vouchers-educativos-para-las-familias-que-no-pueden-pagar-aumentos-de-colegios-privados\/\"]}]},{\"@type\":\"ImageObject\",\"inLanguage\":\"es-AR\",\"@id\":\"https:\/\/apuntesdesanluis.com\/index.php\/2024\/03\/21\/el-gobierno-oficializo-los-vouchers-educativos-para-las-familias-que-no-pueden-pagar-aumentos-de-colegios-privados\/#primaryimage\",\"url\":\"https:\/\/apuntesdesanluis.com\/wp-content\/uploads\/2024\/03\/ESCUELA.png\",\"contentUrl\":\"https:\/\/apuntesdesanluis.com\/wp-content\/uploads\/2024\/03\/ESCUELA.png\",\"width\":791,\"height\":492},{\"@type\":\"BreadcrumbList\",\"@id\":\"https:\/\/apuntesdesanluis.com\/index.php\/2024\/03\/21\/el-gobierno-oficializo-los-vouchers-educativos-para-las-familias-que-no-pueden-pagar-aumentos-de-colegios-privados\/#breadcrumb\",\"itemListElement\":[{\"@type\":\"ListItem\",\"position\":1,\"name\":\"Inicio\",\"item\":\"https:\/\/apuntesdesanluis.com\/\"},{\"@type\":\"ListItem\",\"position\":2,\"name\":\"EL GOBIERNO OFICIALIZ\u00d3 LOS VOUCHERS EDUCATIVOS PARA LAS FAMILIAS QUE NO PUEDEN PAGAR AUMENTOS DE COLEGIOS PRIVADOS\"}]},{\"@type\":\"WebSite\",\"@id\":\"https:\/\/apuntesdesanluis.com\/#website\",\"url\":\"https:\/\/apuntesdesanluis.com\/\",\"name\":\"Apuntes de San Luis\",\"description\":\"\",\"publisher\":{\"@id\":\"https:\/\/apuntesdesanluis.com\/#\/schema\/person\/b55151d52296fcce64d1a72538a70b90\"},\"potentialAction\":[{\"@type\":\"SearchAction\",\"target\":{\"@type\":\"EntryPoint\",\"urlTemplate\":\"https:\/\/apuntesdesanluis.com\/?s={search_term_string}\"},\"query-input\":{\"@type\":\"PropertyValueSpecification\",\"valueRequired\":true,\"valueName\":\"search_term_string\"}}],\"inLanguage\":\"es-AR\"},{\"@type\":[\"Person\",\"Organization\"],\"@id\":\"https:\/\/apuntesdesanluis.com\/#\/schema\/person\/b55151d52296fcce64d1a72538a70b90\",\"name\":\"apuntesdesanluis.com\",\"image\":{\"@type\":\"ImageObject\",\"inLanguage\":\"es-AR\",\"@id\":\"https:\/\/apuntesdesanluis.com\/#\/schema\/person\/image\/\",\"url\":\"https:\/\/apuntesdesanluis.com\/wp-content\/uploads\/2023\/07\/cropped-apuntesdesanluis.png\",\"contentUrl\":\"https:\/\/apuntesdesanluis.com\/wp-content\/uploads\/2023\/07\/cropped-apuntesdesanluis.png\",\"width\":450,\"height\":112,\"caption\":\"apuntesdesanluis.com\"},\"logo\":{\"@id\":\"https:\/\/apuntesdesanluis.com\/#\/schema\/person\/image\/\"},\"sameAs\":[\"https:\/\/apuntesdesanluis.com\"],\"url\":\"https:\/\/apuntesdesanluis.com\/index.php\/author\/apuntesdesanluis-com\/\"}]}<\/script>\n<!-- \/ Yoast SEO plugin. -->","yoast_head_json":{"title":"EL GOBIERNO OFICIALIZ\u00d3 LOS VOUCHERS EDUCATIVOS PARA LAS FAMILIAS QUE NO PUEDEN PAGAR AUMENTOS DE COLEGIOS PRIVADOS - Apuntes de San Luis","robots":{"index":"index","follow":"follow","max-snippet":"max-snippet:-1","max-image-preview":"max-image-preview:large","max-video-preview":"max-video-preview:-1"},"canonical":"https:\/\/apuntesdesanluis.com\/index.php\/2024\/03\/21\/el-gobierno-oficializo-los-vouchers-educativos-para-las-familias-que-no-pueden-pagar-aumentos-de-colegios-privados\/","og_locale":"es_ES","og_type":"article","og_title":"EL GOBIERNO OFICIALIZ\u00d3 LOS VOUCHERS EDUCATIVOS PARA LAS FAMILIAS QUE NO PUEDEN PAGAR AUMENTOS DE COLEGIOS PRIVADOS - Apuntes de San Luis","og_description":"La medida buscar\u00e1 asistir a alumnos de establecimientos de los niveles inicial, primario y secundario,...","og_url":"https:\/\/apuntesdesanluis.com\/index.php\/2024\/03\/21\/el-gobierno-oficializo-los-vouchers-educativos-para-las-familias-que-no-pueden-pagar-aumentos-de-colegios-privados\/","og_site_name":"Apuntes de San Luis","article_published_time":"2024-03-22T02:37:36+00:00","article_modified_time":"2024-03-22T03:40:03+00:00","og_image":[{"width":791,"height":492,"url":"https:\/\/apuntesdesanluis.com\/wp-content\/uploads\/2024\/03\/ESCUELA.png","type":"image\/png"}],"author":"apuntesdesanluis.com","twitter_card":"summary_large_image","twitter_misc":{"Escrito por":"apuntesdesanluis.com","Tiempo de lectura":"4 minutos"},"schema":{"@context":"https:\/\/schema.org","@graph":[{"@type":"Article","@id":"https:\/\/apuntesdesanluis.com\/index.php\/2024\/03\/21\/el-gobierno-oficializo-los-vouchers-educativos-para-las-familias-que-no-pueden-pagar-aumentos-de-colegios-privados\/#article","isPartOf":{"@id":"https:\/\/apuntesdesanluis.com\/index.php\/2024\/03\/21\/el-gobierno-oficializo-los-vouchers-educativos-para-las-familias-que-no-pueden-pagar-aumentos-de-colegios-privados\/"},"author":{"name":"apuntesdesanluis.com","@id":"https:\/\/apuntesdesanluis.com\/#\/schema\/person\/b55151d52296fcce64d1a72538a70b90"},"headline":"EL GOBIERNO OFICIALIZ\u00d3 LOS VOUCHERS EDUCATIVOS PARA LAS FAMILIAS QUE NO PUEDEN PAGAR AUMENTOS DE COLEGIOS PRIVADOS","datePublished":"2024-03-22T02:37:36+00:00","dateModified":"2024-03-22T03:40:03+00:00","mainEntityOfPage":{"@id":"https:\/\/apuntesdesanluis.com\/index.php\/2024\/03\/21\/el-gobierno-oficializo-los-vouchers-educativos-para-las-familias-que-no-pueden-pagar-aumentos-de-colegios-privados\/"},"wordCount":908,"publisher":{"@id":"https:\/\/apuntesdesanluis.com\/#\/schema\/person\/b55151d52296fcce64d1a72538a70b90"},"image":{"@id":"https:\/\/apuntesdesanluis.com\/index.php\/2024\/03\/21\/el-gobierno-oficializo-los-vouchers-educativos-para-las-familias-que-no-pueden-pagar-aumentos-de-colegios-privados\/#primaryimage"},"thumbnailUrl":"https:\/\/apuntesdesanluis.com\/wp-content\/uploads\/2024\/03\/ESCUELA.png","articleSection":["Nacionales\/Internacionales"],"inLanguage":"es-AR"},{"@type":"WebPage","@id":"https:\/\/apuntesdesanluis.com\/index.php\/2024\/03\/21\/el-gobierno-oficializo-los-vouchers-educativos-para-las-familias-que-no-pueden-pagar-aumentos-de-colegios-privados\/","url":"https:\/\/apuntesdesanluis.com\/index.php\/2024\/03\/21\/el-gobierno-oficializo-los-vouchers-educativos-para-las-familias-que-no-pueden-pagar-aumentos-de-colegios-privados\/","name":"EL GOBIERNO OFICIALIZ\u00d3 LOS VOUCHERS EDUCATIVOS PARA LAS FAMILIAS QUE NO PUEDEN PAGAR AUMENTOS DE COLEGIOS PRIVADOS - Apuntes de San Luis","isPartOf":{"@id":"https:\/\/apuntesdesanluis.com\/#website"},"primaryImageOfPage":{"@id":"https:\/\/apuntesdesanluis.com\/index.php\/2024\/03\/21\/el-gobierno-oficializo-los-vouchers-educativos-para-las-familias-que-no-pueden-pagar-aumentos-de-colegios-privados\/#primaryimage"},"image":{"@id":"https:\/\/apuntesdesanluis.com\/index.php\/2024\/03\/21\/el-gobierno-oficializo-los-vouchers-educativos-para-las-familias-que-no-pueden-pagar-aumentos-de-colegios-privados\/#primaryimage"},"thumbnailUrl":"https:\/\/apuntesdesanluis.com\/wp-content\/uploads\/2024\/03\/ESCUELA.png","datePublished":"2024-03-22T02:37:36+00:00","dateModified":"2024-03-22T03:40:03+00:00","breadcrumb":{"@id":"https:\/\/apuntesdesanluis.com\/index.php\/2024\/03\/21\/el-gobierno-oficializo-los-vouchers-educativos-para-las-familias-que-no-pueden-pagar-aumentos-de-colegios-privados\/#breadcrumb"},"inLanguage":"es-AR","potentialAction":[{"@type":"ReadAction","target":["https:\/\/apuntesdesanluis.com\/index.php\/2024\/03\/21\/el-gobierno-oficializo-los-vouchers-educativos-para-las-familias-que-no-pueden-pagar-aumentos-de-colegios-privados\/"]}]},{"@type":"ImageObject","inLanguage":"es-AR","@id":"https:\/\/apuntesdesanluis.com\/index.php\/2024\/03\/21\/el-gobierno-oficializo-los-vouchers-educativos-para-las-familias-que-no-pueden-pagar-aumentos-de-colegios-privados\/#primaryimage","url":"https:\/\/apuntesdesanluis.com\/wp-content\/uploads\/2024\/03\/ESCUELA.png","contentUrl":"https:\/\/apuntesdesanluis.com\/wp-content\/uploads\/2024\/03\/ESCUELA.png","width":791,"height":492},{"@type":"BreadcrumbList","@id":"https:\/\/apuntesdesanluis.com\/index.php\/2024\/03\/21\/el-gobierno-oficializo-los-vouchers-educativos-para-las-familias-que-no-pueden-pagar-aumentos-de-colegios-privados\/#breadcrumb","itemListElement":[{"@type":"ListItem","position":1,"name":"Inicio","item":"https:\/\/apuntesdesanluis.com\/"},{"@type":"ListItem","position":2,"name":"EL GOBIERNO OFICIALIZ\u00d3 LOS VOUCHERS EDUCATIVOS PARA LAS FAMILIAS QUE NO PUEDEN PAGAR AUMENTOS DE COLEGIOS PRIVADOS"}]},{"@type":"WebSite","@id":"https:\/\/apuntesdesanluis.com\/#website","url":"https:\/\/apuntesdesanluis.com\/","name":"Apuntes de San Luis","description":"","publisher":{"@id":"https:\/\/apuntesdesanluis.com\/#\/schema\/person\/b55151d52296fcce64d1a72538a70b90"},"potentialAction":[{"@type":"SearchAction","target":{"@type":"EntryPoint","urlTemplate":"https:\/\/apuntesdesanluis.com\/?s={search_term_string}"},"query-input":{"@type":"PropertyValueSpecification","valueRequired":true,"valueName":"search_term_string"}}],"inLanguage":"es-AR"},{"@type":["Person","Organization"],"@id":"https:\/\/apuntesdesanluis.com\/#\/schema\/person\/b55151d52296fcce64d1a72538a70b90","name":"apuntesdesanluis.com","image":{"@type":"ImageObject","inLanguage":"es-AR","@id":"https:\/\/apuntesdesanluis.com\/#\/schema\/person\/image\/","url":"https:\/\/apuntesdesanluis.com\/wp-content\/uploads\/2023\/07\/cropped-apuntesdesanluis.png","contentUrl":"https:\/\/apuntesdesanluis.com\/wp-content\/uploads\/2023\/07\/cropped-apuntesdesanluis.png","width":450,"height":112,"caption":"apuntesdesanluis.com"},"logo":{"@id":"https:\/\/apuntesdesanluis.com\/#\/schema\/person\/image\/"},"sameAs":["https:\/\/apuntesdesanluis.com"],"url":"https:\/\/apuntesdesanluis.com\/index.php\/author\/apuntesdesanluis-com\/"}]}},"featured_image_urls":{"full":["https:\/\/apuntesdesanluis.com\/wp-content\/uploads\/2024\/03\/ESCUELA.png",791,492,false],"thumbnail":["https:\/\/apuntesdesanluis.com\/wp-content\/uploads\/2024\/03\/ESCUELA-150x150.png",150,150,true],"medium":["https:\/\/apuntesdesanluis.com\/wp-content\/uploads\/2024\/03\/ESCUELA-300x187.png",300,187,true],"medium_large":["https:\/\/apuntesdesanluis.com\/wp-content\/uploads\/2024\/03\/ESCUELA-768x478.png",640,398,true],"large":["https:\/\/apuntesdesanluis.com\/wp-content\/uploads\/2024\/03\/ESCUELA.png",640,398,false],"1536x1536":["https:\/\/apuntesdesanluis.com\/wp-content\/uploads\/2024\/03\/ESCUELA.png",791,492,false],"2048x2048":["https:\/\/apuntesdesanluis.com\/wp-content\/uploads\/2024\/03\/ESCUELA.png",791,492,false],"newsever-slider-full":["https:\/\/apuntesdesanluis.com\/wp-content\/uploads\/2024\/03\/ESCUELA.png",791,492,false],"newsever-featured":["https:\/\/apuntesdesanluis.com\/wp-content\/uploads\/2024\/03\/ESCUELA.png",791,492,false],"newsever-medium":["https:\/\/apuntesdesanluis.com\/wp-content\/uploads\/2024\/03\/ESCUELA-720x475.png",720,475,true]},"author_info":{"display_name":"apuntesdesanluis.com","author_link":"https:\/\/apuntesdesanluis.com\/index.php\/author\/apuntesdesanluis-com\/"},"category_info":"<a href=\"https:\/\/apuntesdesanluis.com\/index.php\/category\/nacionales-internacionales\/\" rel=\"category tag\">Nacionales\/Internacionales<\/a>","tag_info":"Nacionales\/Internacionales","comment_count":"0","_links":{"self":[{"href":"https:\/\/apuntesdesanluis.com\/index.php\/wp-json\/wp\/v2\/posts\/13512","targetHints":{"allow":["GET"]}}],"collection":[{"href":"https:\/\/apuntesdesanluis.com\/index.php\/wp-json\/wp\/v2\/posts"}],"about":[{"href":"https:\/\/apuntesdesanluis.com\/index.php\/wp-json\/wp\/v2\/types\/post"}],"author":[{"embeddable":true,"href":"https:\/\/apuntesdesanluis.com\/index.php\/wp-json\/wp\/v2\/users\/1"}],"replies":[{"embeddable":true,"href":"https:\/\/apuntesdesanluis.com\/index.php\/wp-json\/wp\/v2\/comments?post=13512"}],"version-history":[{"count":1,"href":"https:\/\/apuntesdesanluis.com\/index.php\/wp-json\/wp\/v2\/posts\/13512\/revisions"}],"predecessor-version":[{"id":13514,"href":"https:\/\/apuntesdesanluis.com\/index.php\/wp-json\/wp\/v2\/posts\/13512\/revisions\/13514"}],"wp:featuredmedia":[{"embeddable":true,"href":"https:\/\/apuntesdesanluis.com\/index.php\/wp-json\/wp\/v2\/media\/13513"}],"wp:attachment":[{"href":"https:\/\/apuntesdesanluis.com\/index.php\/wp-json\/wp\/v2\/media?parent=13512"}],"wp:term":[{"taxonomy":"category","embeddable":true,"href":"https:\/\/apuntesdesanluis.com\/index.php\/wp-json\/wp\/v2\/categories?post=13512"},{"taxonomy":"post_tag","embeddable":true,"href":"https:\/\/apuntesdesanluis.com\/index.php\/wp-json\/wp\/v2\/tags?post=13512"}],"curies":[{"name":"wp","href":"https:\/\/api.w.org\/{rel}","templated":true}]}}