{"id":13535,"date":"2024-03-23T07:47:01","date_gmt":"2024-03-23T10:47:01","guid":{"rendered":"https:\/\/apuntesdesanluis.com\/?p=13535"},"modified":"2024-03-23T11:33:35","modified_gmt":"2024-03-23T14:33:35","slug":"sigue-detenido-el-violento-joven-que-robo-con-un-martillo-un-24-horas","status":"publish","type":"post","link":"https:\/\/apuntesdesanluis.com\/index.php\/2024\/03\/23\/sigue-detenido-el-violento-joven-que-robo-con-un-martillo-un-24-horas\/","title":{"rendered":"SIGUE DETENIDO EL VIOLENTO JOVEN QUE ROB\u00d3 CON UN MARTILLO UN 24 HORAS"},"content":{"rendered":"<h3>Por el hecho ocurrido en la ma\u00f1ana del jueves 21 de marzo, se le formularon cargos por los delitos de robo calificado por el uso de arma en grado de tentativa (2 hechos) y evasi\u00f3n en grado de tentativa (un hecho) en concurso real.<\/h3>\n<h3>En la ma\u00f1ana del viernes el Dr. Santiago Ortiz \u2013 Juez de Garant\u00eda N\u00b0 4\u00a0 de la Segunda Circunscripci\u00f3n Judicial \u2013 dirigi\u00f3 una audiencia de formulaci\u00f3n de cargos.<\/h3>\n<h3>El hecho, seg\u00fan lo relatado por fiscal\u00eda, ocurri\u00f3 en un local comercial -24 Horas- en la zona del Policl\u00ednico Regional de Villa Mercedes, el jueves 21 de marzo a las 7.15 hs aproximadamente.<\/h3>\n<h3>En esa ocasi\u00f3n,\u00a0 el imputado ingres\u00f3 al local comercial con un martillo y\u00a0 amenaz\u00f3 a las trabajadoras para que le entregaran dinero y otros elementos de valor. Al no haber dinero, el denunciado desapoder\u00f3 a una de las comerciantes de su cartera.<\/h3>\n<h3>Luego, en la puerta del comercio, intent\u00f3 sustraer una motocicleta. Una de las personas que circulaba por all\u00ed golpe\u00f3 al imputado para defender a las v\u00edctimas. En esa oportunidad, el denunciado reaccion\u00f3 violentamente en contra de un adolescente y le ocasion\u00f3 lesiones con el martillo. El joven golpe\u00f3 al imputado provoc\u00e1ndole la ca\u00edda al suelo, situaci\u00f3n que fue aprovechada por los transe\u00fantes para reducirlo.<\/h3>\n<h3>La fiscal\u00eda relat\u00f3 que mientras la polic\u00eda trasladaba al imputado, este rode\u00f3 el cuello de un personal de la fuerza a los fines de evadirse.<\/h3>\n<h3>En la audiencia estuvieron presentes la Dra. Andrea Court -Fiscal Adjunta-, en representaci\u00f3n del imputado actu\u00f3 el Dr. Flavio \u00c1vila. Intervino como secretaria la Dra. Nadia Segura.<\/h3>\n<h3>La representante del Ministerio P\u00fablico Fiscal mencion\u00f3 las evidencias, entre ellas, secuencias f\u00edlmicas, acta de procedimiento, requisa, actas de reconocimiento, etc. Formul\u00f3 cargos por el delito de robo calificado por el uso de arma en grado de tentativa (2 hechos) y evasi\u00f3n en grado de tentativa (un hecho) en concurso real.<\/h3>\n<h3>La defensa\u00a0 solicit\u00f3 cinco d\u00edas de pr\u00f3rroga a los fines de fundamentar su teor\u00eda del caso y pidi\u00f3 que su defendido sea revisado por profesionales a los fines de constatar y preservar el estado de salud de su representado.<\/h3>\n<h3>Luego de escuchar a las partes, el juez tuvo por formulado los cargos\u00a0 e hizo lugar a lo solicitado por la defensa.<\/h3>\n<p>&nbsp;<\/p>\n<p>&nbsp;<\/p>\n<p>&nbsp;<\/p>\n","protected":false},"excerpt":{"rendered":"<p>Por el hecho ocurrido en la ma\u00f1ana del jueves 21 de marzo, se le formularon&#8230;<\/p>\n","protected":false},"author":1,"featured_media":13536,"comment_status":"closed","ping_status":"closed","sticky":false,"template":"","format":"standard","meta":{"footnotes":""},"categories":[6],"tags":[],"class_list":["post-13535","post","type-post","status-publish","format-standard","has-post-thumbnail","hentry","category-ciudad-provincia"],"yoast_head":"<!-- This site is optimized with the Yoast SEO plugin v26.1.1 - https:\/\/yoast.com\/wordpress\/plugins\/seo\/ -->\n<title>SIGUE DETENIDO EL VIOLENTO JOVEN QUE ROB\u00d3 CON UN MARTILLO UN 24 HORAS - Apuntes de San Luis<\/title>\n<meta name=\"robots\" content=\"index, follow, max-snippet:-1, max-image-preview:large, max-video-preview:-1\" \/>\n<link rel=\"canonical\" href=\"https:\/\/apuntesdesanluis.com\/index.php\/2024\/03\/23\/sigue-detenido-el-violento-joven-que-robo-con-un-martillo-un-24-horas\/\" \/>\n<meta property=\"og:locale\" content=\"es_ES\" \/>\n<meta property=\"og:type\" content=\"article\" \/>\n<meta property=\"og:title\" content=\"SIGUE DETENIDO EL VIOLENTO JOVEN QUE ROB\u00d3 CON UN MARTILLO UN 24 HORAS - Apuntes de San Luis\" \/>\n<meta property=\"og:description\" content=\"Por el hecho ocurrido en la ma\u00f1ana del jueves 21 de marzo, se le formularon...\" \/>\n<meta property=\"og:url\" content=\"https:\/\/apuntesdesanluis.com\/index.php\/2024\/03\/23\/sigue-detenido-el-violento-joven-que-robo-con-un-martillo-un-24-horas\/\" \/>\n<meta property=\"og:site_name\" content=\"Apuntes de San Luis\" \/>\n<meta property=\"article:published_time\" content=\"2024-03-23T10:47:01+00:00\" \/>\n<meta property=\"article:modified_time\" content=\"2024-03-23T14:33:35+00:00\" \/>\n<meta property=\"og:image\" content=\"https:\/\/apuntesdesanluis.com\/wp-content\/uploads\/2024\/03\/deten-ido.png\" \/>\n\t<meta property=\"og:image:width\" content=\"600\" \/>\n\t<meta property=\"og:image:height\" content=\"340\" \/>\n\t<meta property=\"og:image:type\" content=\"image\/png\" \/>\n<meta name=\"author\" content=\"apuntesdesanluis.com\" \/>\n<meta name=\"twitter:card\" content=\"summary_large_image\" \/>\n<meta name=\"twitter:label1\" content=\"Escrito por\" \/>\n\t<meta name=\"twitter:data1\" content=\"apuntesdesanluis.com\" \/>\n\t<meta name=\"twitter:label2\" content=\"Tiempo de lectura\" \/>\n\t<meta name=\"twitter:data2\" content=\"2 minutos\" \/>\n<script type=\"application\/ld+json\" class=\"yoast-schema-graph\">{\"@context\":\"https:\/\/schema.org\",\"@graph\":[{\"@type\":\"Article\",\"@id\":\"https:\/\/apuntesdesanluis.com\/index.php\/2024\/03\/23\/sigue-detenido-el-violento-joven-que-robo-con-un-martillo-un-24-horas\/#article\",\"isPartOf\":{\"@id\":\"https:\/\/apuntesdesanluis.com\/index.php\/2024\/03\/23\/sigue-detenido-el-violento-joven-que-robo-con-un-martillo-un-24-horas\/\"},\"author\":{\"name\":\"apuntesdesanluis.com\",\"@id\":\"https:\/\/apuntesdesanluis.com\/#\/schema\/person\/b55151d52296fcce64d1a72538a70b90\"},\"headline\":\"SIGUE DETENIDO EL VIOLENTO JOVEN QUE ROB\u00d3 CON UN MARTILLO UN 24 HORAS\",\"datePublished\":\"2024-03-23T10:47:01+00:00\",\"dateModified\":\"2024-03-23T14:33:35+00:00\",\"mainEntityOfPage\":{\"@id\":\"https:\/\/apuntesdesanluis.com\/index.php\/2024\/03\/23\/sigue-detenido-el-violento-joven-que-robo-con-un-martillo-un-24-horas\/\"},\"wordCount\":406,\"publisher\":{\"@id\":\"https:\/\/apuntesdesanluis.com\/#\/schema\/person\/b55151d52296fcce64d1a72538a70b90\"},\"image\":{\"@id\":\"https:\/\/apuntesdesanluis.com\/index.php\/2024\/03\/23\/sigue-detenido-el-violento-joven-que-robo-con-un-martillo-un-24-horas\/#primaryimage\"},\"thumbnailUrl\":\"https:\/\/apuntesdesanluis.com\/wp-content\/uploads\/2024\/03\/deten-ido.png\",\"articleSection\":[\"Ciudad\/Provincia\"],\"inLanguage\":\"es-AR\"},{\"@type\":\"WebPage\",\"@id\":\"https:\/\/apuntesdesanluis.com\/index.php\/2024\/03\/23\/sigue-detenido-el-violento-joven-que-robo-con-un-martillo-un-24-horas\/\",\"url\":\"https:\/\/apuntesdesanluis.com\/index.php\/2024\/03\/23\/sigue-detenido-el-violento-joven-que-robo-con-un-martillo-un-24-horas\/\",\"name\":\"SIGUE DETENIDO EL VIOLENTO JOVEN QUE ROB\u00d3 CON UN MARTILLO UN 24 HORAS - Apuntes de San Luis\",\"isPartOf\":{\"@id\":\"https:\/\/apuntesdesanluis.com\/#website\"},\"primaryImageOfPage\":{\"@id\":\"https:\/\/apuntesdesanluis.com\/index.php\/2024\/03\/23\/sigue-detenido-el-violento-joven-que-robo-con-un-martillo-un-24-horas\/#primaryimage\"},\"image\":{\"@id\":\"https:\/\/apuntesdesanluis.com\/index.php\/2024\/03\/23\/sigue-detenido-el-violento-joven-que-robo-con-un-martillo-un-24-horas\/#primaryimage\"},\"thumbnailUrl\":\"https:\/\/apuntesdesanluis.com\/wp-content\/uploads\/2024\/03\/deten-ido.png\",\"datePublished\":\"2024-03-23T10:47:01+00:00\",\"dateModified\":\"2024-03-23T14:33:35+00:00\",\"breadcrumb\":{\"@id\":\"https:\/\/apuntesdesanluis.com\/index.php\/2024\/03\/23\/sigue-detenido-el-violento-joven-que-robo-con-un-martillo-un-24-horas\/#breadcrumb\"},\"inLanguage\":\"es-AR\",\"potentialAction\":[{\"@type\":\"ReadAction\",\"target\":[\"https:\/\/apuntesdesanluis.com\/index.php\/2024\/03\/23\/sigue-detenido-el-violento-joven-que-robo-con-un-martillo-un-24-horas\/\"]}]},{\"@type\":\"ImageObject\",\"inLanguage\":\"es-AR\",\"@id\":\"https:\/\/apuntesdesanluis.com\/index.php\/2024\/03\/23\/sigue-detenido-el-violento-joven-que-robo-con-un-martillo-un-24-horas\/#primaryimage\",\"url\":\"https:\/\/apuntesdesanluis.com\/wp-content\/uploads\/2024\/03\/deten-ido.png\",\"contentUrl\":\"https:\/\/apuntesdesanluis.com\/wp-content\/uploads\/2024\/03\/deten-ido.png\",\"width\":600,\"height\":340},{\"@type\":\"BreadcrumbList\",\"@id\":\"https:\/\/apuntesdesanluis.com\/index.php\/2024\/03\/23\/sigue-detenido-el-violento-joven-que-robo-con-un-martillo-un-24-horas\/#breadcrumb\",\"itemListElement\":[{\"@type\":\"ListItem\",\"position\":1,\"name\":\"Inicio\",\"item\":\"https:\/\/apuntesdesanluis.com\/\"},{\"@type\":\"ListItem\",\"position\":2,\"name\":\"SIGUE DETENIDO EL VIOLENTO JOVEN QUE ROB\u00d3 CON UN MARTILLO UN 24 HORAS\"}]},{\"@type\":\"WebSite\",\"@id\":\"https:\/\/apuntesdesanluis.com\/#website\",\"url\":\"https:\/\/apuntesdesanluis.com\/\",\"name\":\"Apuntes de San Luis\",\"description\":\"\",\"publisher\":{\"@id\":\"https:\/\/apuntesdesanluis.com\/#\/schema\/person\/b55151d52296fcce64d1a72538a70b90\"},\"potentialAction\":[{\"@type\":\"SearchAction\",\"target\":{\"@type\":\"EntryPoint\",\"urlTemplate\":\"https:\/\/apuntesdesanluis.com\/?s={search_term_string}\"},\"query-input\":{\"@type\":\"PropertyValueSpecification\",\"valueRequired\":true,\"valueName\":\"search_term_string\"}}],\"inLanguage\":\"es-AR\"},{\"@type\":[\"Person\",\"Organization\"],\"@id\":\"https:\/\/apuntesdesanluis.com\/#\/schema\/person\/b55151d52296fcce64d1a72538a70b90\",\"name\":\"apuntesdesanluis.com\",\"image\":{\"@type\":\"ImageObject\",\"inLanguage\":\"es-AR\",\"@id\":\"https:\/\/apuntesdesanluis.com\/#\/schema\/person\/image\/\",\"url\":\"https:\/\/apuntesdesanluis.com\/wp-content\/uploads\/2023\/07\/cropped-apuntesdesanluis.png\",\"contentUrl\":\"https:\/\/apuntesdesanluis.com\/wp-content\/uploads\/2023\/07\/cropped-apuntesdesanluis.png\",\"width\":450,\"height\":112,\"caption\":\"apuntesdesanluis.com\"},\"logo\":{\"@id\":\"https:\/\/apuntesdesanluis.com\/#\/schema\/person\/image\/\"},\"sameAs\":[\"https:\/\/apuntesdesanluis.com\"],\"url\":\"https:\/\/apuntesdesanluis.com\/index.php\/author\/apuntesdesanluis-com\/\"}]}<\/script>\n<!-- \/ Yoast SEO plugin. -->","yoast_head_json":{"title":"SIGUE DETENIDO EL VIOLENTO JOVEN QUE ROB\u00d3 CON UN MARTILLO UN 24 HORAS - Apuntes de San Luis","robots":{"index":"index","follow":"follow","max-snippet":"max-snippet:-1","max-image-preview":"max-image-preview:large","max-video-preview":"max-video-preview:-1"},"canonical":"https:\/\/apuntesdesanluis.com\/index.php\/2024\/03\/23\/sigue-detenido-el-violento-joven-que-robo-con-un-martillo-un-24-horas\/","og_locale":"es_ES","og_type":"article","og_title":"SIGUE DETENIDO EL VIOLENTO JOVEN QUE ROB\u00d3 CON UN MARTILLO UN 24 HORAS - Apuntes de San Luis","og_description":"Por el hecho ocurrido en la ma\u00f1ana del jueves 21 de marzo, se le formularon...","og_url":"https:\/\/apuntesdesanluis.com\/index.php\/2024\/03\/23\/sigue-detenido-el-violento-joven-que-robo-con-un-martillo-un-24-horas\/","og_site_name":"Apuntes de San Luis","article_published_time":"2024-03-23T10:47:01+00:00","article_modified_time":"2024-03-23T14:33:35+00:00","og_image":[{"width":600,"height":340,"url":"https:\/\/apuntesdesanluis.com\/wp-content\/uploads\/2024\/03\/deten-ido.png","type":"image\/png"}],"author":"apuntesdesanluis.com","twitter_card":"summary_large_image","twitter_misc":{"Escrito por":"apuntesdesanluis.com","Tiempo de lectura":"2 minutos"},"schema":{"@context":"https:\/\/schema.org","@graph":[{"@type":"Article","@id":"https:\/\/apuntesdesanluis.com\/index.php\/2024\/03\/23\/sigue-detenido-el-violento-joven-que-robo-con-un-martillo-un-24-horas\/#article","isPartOf":{"@id":"https:\/\/apuntesdesanluis.com\/index.php\/2024\/03\/23\/sigue-detenido-el-violento-joven-que-robo-con-un-martillo-un-24-horas\/"},"author":{"name":"apuntesdesanluis.com","@id":"https:\/\/apuntesdesanluis.com\/#\/schema\/person\/b55151d52296fcce64d1a72538a70b90"},"headline":"SIGUE DETENIDO EL VIOLENTO JOVEN QUE ROB\u00d3 CON UN MARTILLO UN 24 HORAS","datePublished":"2024-03-23T10:47:01+00:00","dateModified":"2024-03-23T14:33:35+00:00","mainEntityOfPage":{"@id":"https:\/\/apuntesdesanluis.com\/index.php\/2024\/03\/23\/sigue-detenido-el-violento-joven-que-robo-con-un-martillo-un-24-horas\/"},"wordCount":406,"publisher":{"@id":"https:\/\/apuntesdesanluis.com\/#\/schema\/person\/b55151d52296fcce64d1a72538a70b90"},"image":{"@id":"https:\/\/apuntesdesanluis.com\/index.php\/2024\/03\/23\/sigue-detenido-el-violento-joven-que-robo-con-un-martillo-un-24-horas\/#primaryimage"},"thumbnailUrl":"https:\/\/apuntesdesanluis.com\/wp-content\/uploads\/2024\/03\/deten-ido.png","articleSection":["Ciudad\/Provincia"],"inLanguage":"es-AR"},{"@type":"WebPage","@id":"https:\/\/apuntesdesanluis.com\/index.php\/2024\/03\/23\/sigue-detenido-el-violento-joven-que-robo-con-un-martillo-un-24-horas\/","url":"https:\/\/apuntesdesanluis.com\/index.php\/2024\/03\/23\/sigue-detenido-el-violento-joven-que-robo-con-un-martillo-un-24-horas\/","name":"SIGUE DETENIDO EL VIOLENTO JOVEN QUE ROB\u00d3 CON UN MARTILLO UN 24 HORAS - Apuntes de San Luis","isPartOf":{"@id":"https:\/\/apuntesdesanluis.com\/#website"},"primaryImageOfPage":{"@id":"https:\/\/apuntesdesanluis.com\/index.php\/2024\/03\/23\/sigue-detenido-el-violento-joven-que-robo-con-un-martillo-un-24-horas\/#primaryimage"},"image":{"@id":"https:\/\/apuntesdesanluis.com\/index.php\/2024\/03\/23\/sigue-detenido-el-violento-joven-que-robo-con-un-martillo-un-24-horas\/#primaryimage"},"thumbnailUrl":"https:\/\/apuntesdesanluis.com\/wp-content\/uploads\/2024\/03\/deten-ido.png","datePublished":"2024-03-23T10:47:01+00:00","dateModified":"2024-03-23T14:33:35+00:00","breadcrumb":{"@id":"https:\/\/apuntesdesanluis.com\/index.php\/2024\/03\/23\/sigue-detenido-el-violento-joven-que-robo-con-un-martillo-un-24-horas\/#breadcrumb"},"inLanguage":"es-AR","potentialAction":[{"@type":"ReadAction","target":["https:\/\/apuntesdesanluis.com\/index.php\/2024\/03\/23\/sigue-detenido-el-violento-joven-que-robo-con-un-martillo-un-24-horas\/"]}]},{"@type":"ImageObject","inLanguage":"es-AR","@id":"https:\/\/apuntesdesanluis.com\/index.php\/2024\/03\/23\/sigue-detenido-el-violento-joven-que-robo-con-un-martillo-un-24-horas\/#primaryimage","url":"https:\/\/apuntesdesanluis.com\/wp-content\/uploads\/2024\/03\/deten-ido.png","contentUrl":"https:\/\/apuntesdesanluis.com\/wp-content\/uploads\/2024\/03\/deten-ido.png","width":600,"height":340},{"@type":"BreadcrumbList","@id":"https:\/\/apuntesdesanluis.com\/index.php\/2024\/03\/23\/sigue-detenido-el-violento-joven-que-robo-con-un-martillo-un-24-horas\/#breadcrumb","itemListElement":[{"@type":"ListItem","position":1,"name":"Inicio","item":"https:\/\/apuntesdesanluis.com\/"},{"@type":"ListItem","position":2,"name":"SIGUE DETENIDO EL VIOLENTO JOVEN QUE ROB\u00d3 CON UN MARTILLO UN 24 HORAS"}]},{"@type":"WebSite","@id":"https:\/\/apuntesdesanluis.com\/#website","url":"https:\/\/apuntesdesanluis.com\/","name":"Apuntes de San Luis","description":"","publisher":{"@id":"https:\/\/apuntesdesanluis.com\/#\/schema\/person\/b55151d52296fcce64d1a72538a70b90"},"potentialAction":[{"@type":"SearchAction","target":{"@type":"EntryPoint","urlTemplate":"https:\/\/apuntesdesanluis.com\/?s={search_term_string}"},"query-input":{"@type":"PropertyValueSpecification","valueRequired":true,"valueName":"search_term_string"}}],"inLanguage":"es-AR"},{"@type":["Person","Organization"],"@id":"https:\/\/apuntesdesanluis.com\/#\/schema\/person\/b55151d52296fcce64d1a72538a70b90","name":"apuntesdesanluis.com","image":{"@type":"ImageObject","inLanguage":"es-AR","@id":"https:\/\/apuntesdesanluis.com\/#\/schema\/person\/image\/","url":"https:\/\/apuntesdesanluis.com\/wp-content\/uploads\/2023\/07\/cropped-apuntesdesanluis.png","contentUrl":"https:\/\/apuntesdesanluis.com\/wp-content\/uploads\/2023\/07\/cropped-apuntesdesanluis.png","width":450,"height":112,"caption":"apuntesdesanluis.com"},"logo":{"@id":"https:\/\/apuntesdesanluis.com\/#\/schema\/person\/image\/"},"sameAs":["https:\/\/apuntesdesanluis.com"],"url":"https:\/\/apuntesdesanluis.com\/index.php\/author\/apuntesdesanluis-com\/"}]}},"featured_image_urls":{"full":["https:\/\/apuntesdesanluis.com\/wp-content\/uploads\/2024\/03\/deten-ido.png",600,340,false],"thumbnail":["https:\/\/apuntesdesanluis.com\/wp-content\/uploads\/2024\/03\/deten-ido-150x150.png",150,150,true],"medium":["https:\/\/apuntesdesanluis.com\/wp-content\/uploads\/2024\/03\/deten-ido-300x170.png",300,170,true],"medium_large":["https:\/\/apuntesdesanluis.com\/wp-content\/uploads\/2024\/03\/deten-ido.png",600,340,false],"large":["https:\/\/apuntesdesanluis.com\/wp-content\/uploads\/2024\/03\/deten-ido.png",600,340,false],"1536x1536":["https:\/\/apuntesdesanluis.com\/wp-content\/uploads\/2024\/03\/deten-ido.png",600,340,false],"2048x2048":["https:\/\/apuntesdesanluis.com\/wp-content\/uploads\/2024\/03\/deten-ido.png",600,340,false],"newsever-slider-full":["https:\/\/apuntesdesanluis.com\/wp-content\/uploads\/2024\/03\/deten-ido.png",600,340,false],"newsever-featured":["https:\/\/apuntesdesanluis.com\/wp-content\/uploads\/2024\/03\/deten-ido.png",600,340,false],"newsever-medium":["https:\/\/apuntesdesanluis.com\/wp-content\/uploads\/2024\/03\/deten-ido.png",600,340,false]},"author_info":{"display_name":"apuntesdesanluis.com","author_link":"https:\/\/apuntesdesanluis.com\/index.php\/author\/apuntesdesanluis-com\/"},"category_info":"<a href=\"https:\/\/apuntesdesanluis.com\/index.php\/category\/ciudad-provincia\/\" rel=\"category tag\">Ciudad\/Provincia<\/a>","tag_info":"Ciudad\/Provincia","comment_count":"0","_links":{"self":[{"href":"https:\/\/apuntesdesanluis.com\/index.php\/wp-json\/wp\/v2\/posts\/13535","targetHints":{"allow":["GET"]}}],"collection":[{"href":"https:\/\/apuntesdesanluis.com\/index.php\/wp-json\/wp\/v2\/posts"}],"about":[{"href":"https:\/\/apuntesdesanluis.com\/index.php\/wp-json\/wp\/v2\/types\/post"}],"author":[{"embeddable":true,"href":"https:\/\/apuntesdesanluis.com\/index.php\/wp-json\/wp\/v2\/users\/1"}],"replies":[{"embeddable":true,"href":"https:\/\/apuntesdesanluis.com\/index.php\/wp-json\/wp\/v2\/comments?post=13535"}],"version-history":[{"count":1,"href":"https:\/\/apuntesdesanluis.com\/index.php\/wp-json\/wp\/v2\/posts\/13535\/revisions"}],"predecessor-version":[{"id":13537,"href":"https:\/\/apuntesdesanluis.com\/index.php\/wp-json\/wp\/v2\/posts\/13535\/revisions\/13537"}],"wp:featuredmedia":[{"embeddable":true,"href":"https:\/\/apuntesdesanluis.com\/index.php\/wp-json\/wp\/v2\/media\/13536"}],"wp:attachment":[{"href":"https:\/\/apuntesdesanluis.com\/index.php\/wp-json\/wp\/v2\/media?parent=13535"}],"wp:term":[{"taxonomy":"category","embeddable":true,"href":"https:\/\/apuntesdesanluis.com\/index.php\/wp-json\/wp\/v2\/categories?post=13535"},{"taxonomy":"post_tag","embeddable":true,"href":"https:\/\/apuntesdesanluis.com\/index.php\/wp-json\/wp\/v2\/tags?post=13535"}],"curies":[{"name":"wp","href":"https:\/\/api.w.org\/{rel}","templated":true}]}}