{"id":13556,"date":"2024-03-23T08:20:43","date_gmt":"2024-03-23T11:20:43","guid":{"rendered":"https:\/\/apuntesdesanluis.com\/?p=13556"},"modified":"2024-03-23T11:36:29","modified_gmt":"2024-03-23T14:36:29","slug":"los-estatales-protagonizaron-una-ruidosa-protesta-frente-a-terrazas-del-portezuelo","status":"publish","type":"post","link":"https:\/\/apuntesdesanluis.com\/index.php\/2024\/03\/23\/los-estatales-protagonizaron-una-ruidosa-protesta-frente-a-terrazas-del-portezuelo\/","title":{"rendered":"LOS ESTATALES PROTAGONIZARON UNA RUIDOSA PROTESTA FRENTE A TERRAZAS DEL PORTEZUELO"},"content":{"rendered":"<h3>Aproximadamente un millar de trabajadores estatales se movilizaron para protestar este viernes al mediod\u00eda frente a Terrazas del Portezuelo, en reclamo de una recomposici\u00f3n salarial ante la p\u00e9rdida de poder adquisitivo producto de inflaci\u00f3n registrada en los \u00faltimos meses y el congelamiento de sueldos.<\/h3>\n<h3>Asimismo, reiteraron su disconformidad con el anuncio del pago del bono de $70.000 que efectu\u00f3 el mi\u00e9rcoles el gobernador Claudio Poggi, a trav\u00e9s de un mensaje a la ciudadan\u00eda. Indicaron que se trata de una cifra no remunerativa que no tiene ninguna incidencia, porque no se agrega al b\u00e1sico ni repercute en otros conceptos como antiguedad o jubilaci\u00f3n.<\/h3>\n<p><img fetchpriority=\"high\" decoding=\"async\" class=\"wp-image-13568 aligncenter\" src=\"https:\/\/apuntesdesanluis.com\/wp-content\/uploads\/2024\/03\/ESTATALES-300x218.png\" alt=\"\" width=\"594\" height=\"432\" srcset=\"https:\/\/apuntesdesanluis.com\/wp-content\/uploads\/2024\/03\/ESTATALES-300x218.png 300w, https:\/\/apuntesdesanluis.com\/wp-content\/uploads\/2024\/03\/ESTATALES-768x558.png 768w, https:\/\/apuntesdesanluis.com\/wp-content\/uploads\/2024\/03\/ESTATALES.png 908w\" sizes=\"(max-width: 594px) 100vw, 594px\" \/><\/p>\n<h3>Con c\u00e1nticos y bombos los manifestantes visibilizaron y reiteraron sus quejas contra la pol\u00edtica salarial del gobierno provincial, que mantiene inalterables las escalas salariales a pesar de la inflaci\u00f3n acumulada de los \u00faltimos 5 meses. Recordaron, en ese sentido, que el \u00faltimo aumento que recibieron fue a comienzos de noviembre, para compensar la suba del costo de vida de octubre 2023.<\/h3>\n<p><img decoding=\"async\" class=\"wp-image-13570 aligncenter\" src=\"https:\/\/apuntesdesanluis.com\/wp-content\/uploads\/2024\/03\/MEDICOS-300x242.png\" alt=\"\" width=\"567\" height=\"457\" srcset=\"https:\/\/apuntesdesanluis.com\/wp-content\/uploads\/2024\/03\/MEDICOS-300x242.png 300w, https:\/\/apuntesdesanluis.com\/wp-content\/uploads\/2024\/03\/MEDICOS.png 600w\" sizes=\"(max-width: 567px) 100vw, 567px\" \/><\/p>\n<h3>La manifestaci\u00f3n fue convocada por sindicatos estatales como el SIJUPU, la Asociaci\u00f3n de Profesionales y T\u00e9cnicos de la Salud (APTS), la Uni\u00f3n de Trabajadores de la Educaci\u00f3n P\u00fablica (UTEP), la Asociaci\u00f3n Sanluise\u00f1a de Docentes Estatales (ASDE), la Asociaci\u00f3n del Magisterio de Ense\u00f1anza T\u00e9cnica (AMET), la Asociaci\u00f3n de Trabajadores del Estado (ATE), el Sindicato de Empleados Provinciales (SIEP), entre otros. Tambi\u00e9n sumaron su apoyo a la manifestaci\u00f3n el Sindicato de Docentes Privados (SADOP) y la Federaci\u00f3n Nacional de Docentes Universitarios (CONADU).<\/h3>\n<p><img decoding=\"async\" class=\"wp-image-13565 aligncenter\" src=\"https:\/\/apuntesdesanluis.com\/wp-content\/uploads\/2024\/03\/movilizacion-203x300.png\" alt=\"\" width=\"468\" height=\"692\" srcset=\"https:\/\/apuntesdesanluis.com\/wp-content\/uploads\/2024\/03\/movilizacion-203x300.png 203w, https:\/\/apuntesdesanluis.com\/wp-content\/uploads\/2024\/03\/movilizacion.png 343w\" sizes=\"(max-width: 468px) 100vw, 468px\" \/><\/p>\n<h3>Los organizadores se mostraron satisfechos con el nivel de la convocatoria, teniendo en cuenta que se dispuso un cese de actividades, no un paro, por lo que muchos estatales no pudieron viajar por encontrarse trabajando o por la distancia.<\/h3>\n<h3>\u201cLa verdad que la gente est\u00e1 harta con la incertidumbre y esperando un anuncio de una recomposici\u00f3n al salario urgente. Anuncian un bono que no soluciona ning\u00fan sector. Seguimos con el \u00edndice de la pobreza muy alto y con la incertidumbre de no saber qu\u00e9 va a pasar el mes entrante. Ante eso, los trabajadores se convocaron y estamos exigiendo una respuesta\u201d, declar\u00f3 Luciano Cardarelli, secretario general del Sindicato de Judiciales Puntanos (SIJUPU).<\/h3>\n<h3>La columna de trabajadores parti\u00f3 poco despu\u00e9s de las 12:00 y estuvo encabezada por los principales referentes de sindicatos estatales, algunos de los cuales se acercaron al port\u00f3n de acceso a Terrazas y pidieron ser recibidos por el gobernador Poggi. Al escuchar que no se encontraba en la sede gubernamental, hicieron entrega de un petitorio.<\/h3>\n<h3>El <strong>Frente de Gremios Estatales<\/strong> anunci\u00f3 que volver\u00e1 a movilizarse el pr\u00f3ximo <strong>lunes 1\u00b0 de abril en la Legislatura<\/strong>, oportunidad en que el Gobernador dar\u00e1 su discurso de apertura de sesiones ordinarias de las C\u00e1maras de Diputados y Senadores.<\/h3>\n<div style=\"width: 640px;\" class=\"wp-video\"><!--[if lt IE 9]><script>document.createElement('video');<\/script><![endif]-->\n<video class=\"wp-video-shortcode\" id=\"video-13556-1\" width=\"640\" height=\"360\" preload=\"metadata\" controls=\"controls\"><source type=\"video\/mp4\" src=\"https:\/\/apuntesdesanluis.com\/wp-content\/uploads\/2024\/03\/GHxkDBmzp58C8kUFAKCtmhNGf0JPbmdjAAAF-1.mp4?_=1\" \/><a href=\"https:\/\/apuntesdesanluis.com\/wp-content\/uploads\/2024\/03\/GHxkDBmzp58C8kUFAKCtmhNGf0JPbmdjAAAF-1.mp4\">https:\/\/apuntesdesanluis.com\/wp-content\/uploads\/2024\/03\/GHxkDBmzp58C8kUFAKCtmhNGf0JPbmdjAAAF-1.mp4<\/a><\/video><\/div>\n<h3><strong>JUDICIALES<\/strong><\/h3>\n<h3>Tras la movilizaci\u00f3n, el Sindicato de Judiciales Puntanos (SiJuPu), una de las columnas m\u00e1s numerosas, emiti\u00f3 el siguiente comunicado:<\/h3>\n<h3>\u201cHoy el Sindicato Judiciales Puntanos fue parte de una jornada hist\u00f3rica de lucha, donde m\u00e1s de mil trabajadores y trabajadoras alzaron la voz en busca de dignidad salarial ante un gobierno que se niega a escuchar nuestras demandas. Es una alegr\u00eda inmensa ser parte de esta haza\u00f1a, tras dos intensos a\u00f1os de b\u00fasqueda de unidad entre los estatales, hoy convergimos en un frente estatal y protagonizamos una movilizaci\u00f3n masiva en defensa de nuestros salarios, exigiendo respuestas inmediatas del gobernador.<\/h3>\n<h3>M\u00e1s de 300 judiciales, en nuestra primera medida de fuerza, nos movilizamos desde las tres circunscripciones, representando tambi\u00e9n a nuestros compa\u00f1eros y compa\u00f1eras que se quedaron en guardia en cada dependencia. A pesar de las dificultades encontradas, como los controles policiales exhaustivos en los peajes y las puertas cerradas de la casa de gobierno, persistimos en nuestro reclamo por una justa recomposici\u00f3n salarial, presentando una nota urgente en ese sentido.<\/h3>\n<p><img loading=\"lazy\" decoding=\"async\" class=\"wp-image-13566 aligncenter\" src=\"https:\/\/apuntesdesanluis.com\/wp-content\/uploads\/2024\/03\/luciano-cardarelli-300x220.png\" alt=\"\" width=\"500\" height=\"367\" srcset=\"https:\/\/apuntesdesanluis.com\/wp-content\/uploads\/2024\/03\/luciano-cardarelli-300x220.png 300w, https:\/\/apuntesdesanluis.com\/wp-content\/uploads\/2024\/03\/luciano-cardarelli.png 346w\" sizes=\"(max-width: 500px) 100vw, 500px\" \/><\/p>\n<h3>Agradecemos profundamente el compromiso admirable de la comunidad afiliada que se sum\u00f3 a esta movilizaci\u00f3n, a quienes viajaron para unirse a nosotros\/as y a los Colegios de Magistrados y Funcionarios de Villa Mercedes y San Luis por su c\u00e1lido apoyo. Esta lucha conjunta es de todos y todas, y juntos y juntas seguiremos el plan de lucha trazado en el plenario y votado por asambleas, reuni\u00e9ndonos nuevamente el primero de abril en la apertura de las Sesiones Legislativas, en unidad con todos los estamentos del estado.<\/h3>\n<h3>La importancia de esta unidad va m\u00e1s all\u00e1 de las palabras; es el latido de la esperanza, la fuerza que nos impulsa a seguir adelante, el v\u00ednculo que nos une en un prop\u00f3sito com\u00fan. En cada paso, en cada voz alzada, en cada gesto de solidaridad, encontramos la fortaleza para continuar luchando por la justicia y la dignidad que merecemos. Juntos, como un solo coraz\u00f3n, seguiremos adelante, firmes y decididos en nuestra causa. \u00a1Porque unidos y unidas, somos invencibles!\u201d.<\/h3>\n<p>&nbsp;<\/p>\n<p>&nbsp;<\/p>\n<p>&nbsp;<\/p>\n<p>&nbsp;<\/p>\n<p>&nbsp;<\/p>\n<p>&nbsp;<\/p>\n","protected":false},"excerpt":{"rendered":"<p>Aproximadamente un millar de trabajadores estatales se movilizaron para protestar este viernes al mediod\u00eda frente&#8230;<\/p>\n","protected":false},"author":1,"featured_media":13564,"comment_status":"closed","ping_status":"closed","sticky":false,"template":"","format":"standard","meta":{"footnotes":""},"categories":[6],"tags":[],"class_list":["post-13556","post","type-post","status-publish","format-standard","has-post-thumbnail","hentry","category-ciudad-provincia"],"yoast_head":"<!-- This site is optimized with the Yoast SEO plugin v26.1.1 - https:\/\/yoast.com\/wordpress\/plugins\/seo\/ -->\n<title>LOS ESTATALES PROTAGONIZARON UNA RUIDOSA PROTESTA FRENTE A TERRAZAS DEL PORTEZUELO - Apuntes de San Luis<\/title>\n<meta name=\"robots\" content=\"index, follow, max-snippet:-1, max-image-preview:large, max-video-preview:-1\" \/>\n<link rel=\"canonical\" href=\"https:\/\/apuntesdesanluis.com\/index.php\/2024\/03\/23\/los-estatales-protagonizaron-una-ruidosa-protesta-frente-a-terrazas-del-portezuelo\/\" \/>\n<meta property=\"og:locale\" content=\"es_ES\" \/>\n<meta property=\"og:type\" content=\"article\" \/>\n<meta property=\"og:title\" content=\"LOS ESTATALES PROTAGONIZARON UNA RUIDOSA PROTESTA FRENTE A TERRAZAS DEL PORTEZUELO - Apuntes de San Luis\" \/>\n<meta property=\"og:description\" content=\"Aproximadamente un millar de trabajadores estatales se movilizaron para protestar este viernes al mediod\u00eda frente...\" \/>\n<meta property=\"og:url\" content=\"https:\/\/apuntesdesanluis.com\/index.php\/2024\/03\/23\/los-estatales-protagonizaron-una-ruidosa-protesta-frente-a-terrazas-del-portezuelo\/\" \/>\n<meta property=\"og:site_name\" content=\"Apuntes de San Luis\" \/>\n<meta property=\"article:published_time\" content=\"2024-03-23T11:20:43+00:00\" \/>\n<meta property=\"article:modified_time\" content=\"2024-03-23T14:36:29+00:00\" \/>\n<meta property=\"og:image\" content=\"https:\/\/apuntesdesanluis.com\/wp-content\/uploads\/2024\/03\/Marcha-estatales.jpg\" \/>\n\t<meta property=\"og:image:width\" content=\"650\" \/>\n\t<meta property=\"og:image:height\" content=\"388\" \/>\n\t<meta property=\"og:image:type\" content=\"image\/jpeg\" \/>\n<meta name=\"author\" content=\"apuntesdesanluis.com\" \/>\n<meta name=\"twitter:card\" content=\"summary_large_image\" \/>\n<meta name=\"twitter:label1\" content=\"Escrito por\" \/>\n\t<meta name=\"twitter:data1\" content=\"apuntesdesanluis.com\" \/>\n\t<meta name=\"twitter:label2\" content=\"Tiempo de lectura\" \/>\n\t<meta name=\"twitter:data2\" content=\"5 minutos\" \/>\n<script type=\"application\/ld+json\" class=\"yoast-schema-graph\">{\"@context\":\"https:\/\/schema.org\",\"@graph\":[{\"@type\":\"Article\",\"@id\":\"https:\/\/apuntesdesanluis.com\/index.php\/2024\/03\/23\/los-estatales-protagonizaron-una-ruidosa-protesta-frente-a-terrazas-del-portezuelo\/#article\",\"isPartOf\":{\"@id\":\"https:\/\/apuntesdesanluis.com\/index.php\/2024\/03\/23\/los-estatales-protagonizaron-una-ruidosa-protesta-frente-a-terrazas-del-portezuelo\/\"},\"author\":{\"name\":\"apuntesdesanluis.com\",\"@id\":\"https:\/\/apuntesdesanluis.com\/#\/schema\/person\/b55151d52296fcce64d1a72538a70b90\"},\"headline\":\"LOS ESTATALES PROTAGONIZARON UNA RUIDOSA PROTESTA FRENTE A TERRAZAS DEL PORTEZUELO\",\"datePublished\":\"2024-03-23T11:20:43+00:00\",\"dateModified\":\"2024-03-23T14:36:29+00:00\",\"mainEntityOfPage\":{\"@id\":\"https:\/\/apuntesdesanluis.com\/index.php\/2024\/03\/23\/los-estatales-protagonizaron-una-ruidosa-protesta-frente-a-terrazas-del-portezuelo\/\"},\"wordCount\":863,\"publisher\":{\"@id\":\"https:\/\/apuntesdesanluis.com\/#\/schema\/person\/b55151d52296fcce64d1a72538a70b90\"},\"image\":{\"@id\":\"https:\/\/apuntesdesanluis.com\/index.php\/2024\/03\/23\/los-estatales-protagonizaron-una-ruidosa-protesta-frente-a-terrazas-del-portezuelo\/#primaryimage\"},\"thumbnailUrl\":\"https:\/\/apuntesdesanluis.com\/wp-content\/uploads\/2024\/03\/Marcha-estatales.jpg\",\"articleSection\":[\"Ciudad\/Provincia\"],\"inLanguage\":\"es-AR\"},{\"@type\":\"WebPage\",\"@id\":\"https:\/\/apuntesdesanluis.com\/index.php\/2024\/03\/23\/los-estatales-protagonizaron-una-ruidosa-protesta-frente-a-terrazas-del-portezuelo\/\",\"url\":\"https:\/\/apuntesdesanluis.com\/index.php\/2024\/03\/23\/los-estatales-protagonizaron-una-ruidosa-protesta-frente-a-terrazas-del-portezuelo\/\",\"name\":\"LOS ESTATALES PROTAGONIZARON UNA RUIDOSA PROTESTA FRENTE A TERRAZAS DEL PORTEZUELO - Apuntes de San Luis\",\"isPartOf\":{\"@id\":\"https:\/\/apuntesdesanluis.com\/#website\"},\"primaryImageOfPage\":{\"@id\":\"https:\/\/apuntesdesanluis.com\/index.php\/2024\/03\/23\/los-estatales-protagonizaron-una-ruidosa-protesta-frente-a-terrazas-del-portezuelo\/#primaryimage\"},\"image\":{\"@id\":\"https:\/\/apuntesdesanluis.com\/index.php\/2024\/03\/23\/los-estatales-protagonizaron-una-ruidosa-protesta-frente-a-terrazas-del-portezuelo\/#primaryimage\"},\"thumbnailUrl\":\"https:\/\/apuntesdesanluis.com\/wp-content\/uploads\/2024\/03\/Marcha-estatales.jpg\",\"datePublished\":\"2024-03-23T11:20:43+00:00\",\"dateModified\":\"2024-03-23T14:36:29+00:00\",\"breadcrumb\":{\"@id\":\"https:\/\/apuntesdesanluis.com\/index.php\/2024\/03\/23\/los-estatales-protagonizaron-una-ruidosa-protesta-frente-a-terrazas-del-portezuelo\/#breadcrumb\"},\"inLanguage\":\"es-AR\",\"potentialAction\":[{\"@type\":\"ReadAction\",\"target\":[\"https:\/\/apuntesdesanluis.com\/index.php\/2024\/03\/23\/los-estatales-protagonizaron-una-ruidosa-protesta-frente-a-terrazas-del-portezuelo\/\"]}]},{\"@type\":\"ImageObject\",\"inLanguage\":\"es-AR\",\"@id\":\"https:\/\/apuntesdesanluis.com\/index.php\/2024\/03\/23\/los-estatales-protagonizaron-una-ruidosa-protesta-frente-a-terrazas-del-portezuelo\/#primaryimage\",\"url\":\"https:\/\/apuntesdesanluis.com\/wp-content\/uploads\/2024\/03\/Marcha-estatales.jpg\",\"contentUrl\":\"https:\/\/apuntesdesanluis.com\/wp-content\/uploads\/2024\/03\/Marcha-estatales.jpg\",\"width\":650,\"height\":388},{\"@type\":\"BreadcrumbList\",\"@id\":\"https:\/\/apuntesdesanluis.com\/index.php\/2024\/03\/23\/los-estatales-protagonizaron-una-ruidosa-protesta-frente-a-terrazas-del-portezuelo\/#breadcrumb\",\"itemListElement\":[{\"@type\":\"ListItem\",\"position\":1,\"name\":\"Inicio\",\"item\":\"https:\/\/apuntesdesanluis.com\/\"},{\"@type\":\"ListItem\",\"position\":2,\"name\":\"LOS ESTATALES PROTAGONIZARON UNA RUIDOSA PROTESTA FRENTE A TERRAZAS DEL PORTEZUELO\"}]},{\"@type\":\"WebSite\",\"@id\":\"https:\/\/apuntesdesanluis.com\/#website\",\"url\":\"https:\/\/apuntesdesanluis.com\/\",\"name\":\"Apuntes de San Luis\",\"description\":\"\",\"publisher\":{\"@id\":\"https:\/\/apuntesdesanluis.com\/#\/schema\/person\/b55151d52296fcce64d1a72538a70b90\"},\"potentialAction\":[{\"@type\":\"SearchAction\",\"target\":{\"@type\":\"EntryPoint\",\"urlTemplate\":\"https:\/\/apuntesdesanluis.com\/?s={search_term_string}\"},\"query-input\":{\"@type\":\"PropertyValueSpecification\",\"valueRequired\":true,\"valueName\":\"search_term_string\"}}],\"inLanguage\":\"es-AR\"},{\"@type\":[\"Person\",\"Organization\"],\"@id\":\"https:\/\/apuntesdesanluis.com\/#\/schema\/person\/b55151d52296fcce64d1a72538a70b90\",\"name\":\"apuntesdesanluis.com\",\"image\":{\"@type\":\"ImageObject\",\"inLanguage\":\"es-AR\",\"@id\":\"https:\/\/apuntesdesanluis.com\/#\/schema\/person\/image\/\",\"url\":\"https:\/\/apuntesdesanluis.com\/wp-content\/uploads\/2023\/07\/cropped-apuntesdesanluis.png\",\"contentUrl\":\"https:\/\/apuntesdesanluis.com\/wp-content\/uploads\/2023\/07\/cropped-apuntesdesanluis.png\",\"width\":450,\"height\":112,\"caption\":\"apuntesdesanluis.com\"},\"logo\":{\"@id\":\"https:\/\/apuntesdesanluis.com\/#\/schema\/person\/image\/\"},\"sameAs\":[\"https:\/\/apuntesdesanluis.com\"],\"url\":\"https:\/\/apuntesdesanluis.com\/index.php\/author\/apuntesdesanluis-com\/\"}]}<\/script>\n<!-- \/ Yoast SEO plugin. -->","yoast_head_json":{"title":"LOS ESTATALES PROTAGONIZARON UNA RUIDOSA PROTESTA FRENTE A TERRAZAS DEL PORTEZUELO - Apuntes de San Luis","robots":{"index":"index","follow":"follow","max-snippet":"max-snippet:-1","max-image-preview":"max-image-preview:large","max-video-preview":"max-video-preview:-1"},"canonical":"https:\/\/apuntesdesanluis.com\/index.php\/2024\/03\/23\/los-estatales-protagonizaron-una-ruidosa-protesta-frente-a-terrazas-del-portezuelo\/","og_locale":"es_ES","og_type":"article","og_title":"LOS ESTATALES PROTAGONIZARON UNA RUIDOSA PROTESTA FRENTE A TERRAZAS DEL PORTEZUELO - Apuntes de San Luis","og_description":"Aproximadamente un millar de trabajadores estatales se movilizaron para protestar este viernes al mediod\u00eda frente...","og_url":"https:\/\/apuntesdesanluis.com\/index.php\/2024\/03\/23\/los-estatales-protagonizaron-una-ruidosa-protesta-frente-a-terrazas-del-portezuelo\/","og_site_name":"Apuntes de San Luis","article_published_time":"2024-03-23T11:20:43+00:00","article_modified_time":"2024-03-23T14:36:29+00:00","og_image":[{"width":650,"height":388,"url":"https:\/\/apuntesdesanluis.com\/wp-content\/uploads\/2024\/03\/Marcha-estatales.jpg","type":"image\/jpeg"}],"author":"apuntesdesanluis.com","twitter_card":"summary_large_image","twitter_misc":{"Escrito por":"apuntesdesanluis.com","Tiempo de lectura":"5 minutos"},"schema":{"@context":"https:\/\/schema.org","@graph":[{"@type":"Article","@id":"https:\/\/apuntesdesanluis.com\/index.php\/2024\/03\/23\/los-estatales-protagonizaron-una-ruidosa-protesta-frente-a-terrazas-del-portezuelo\/#article","isPartOf":{"@id":"https:\/\/apuntesdesanluis.com\/index.php\/2024\/03\/23\/los-estatales-protagonizaron-una-ruidosa-protesta-frente-a-terrazas-del-portezuelo\/"},"author":{"name":"apuntesdesanluis.com","@id":"https:\/\/apuntesdesanluis.com\/#\/schema\/person\/b55151d52296fcce64d1a72538a70b90"},"headline":"LOS ESTATALES PROTAGONIZARON UNA RUIDOSA PROTESTA FRENTE A TERRAZAS DEL PORTEZUELO","datePublished":"2024-03-23T11:20:43+00:00","dateModified":"2024-03-23T14:36:29+00:00","mainEntityOfPage":{"@id":"https:\/\/apuntesdesanluis.com\/index.php\/2024\/03\/23\/los-estatales-protagonizaron-una-ruidosa-protesta-frente-a-terrazas-del-portezuelo\/"},"wordCount":863,"publisher":{"@id":"https:\/\/apuntesdesanluis.com\/#\/schema\/person\/b55151d52296fcce64d1a72538a70b90"},"image":{"@id":"https:\/\/apuntesdesanluis.com\/index.php\/2024\/03\/23\/los-estatales-protagonizaron-una-ruidosa-protesta-frente-a-terrazas-del-portezuelo\/#primaryimage"},"thumbnailUrl":"https:\/\/apuntesdesanluis.com\/wp-content\/uploads\/2024\/03\/Marcha-estatales.jpg","articleSection":["Ciudad\/Provincia"],"inLanguage":"es-AR"},{"@type":"WebPage","@id":"https:\/\/apuntesdesanluis.com\/index.php\/2024\/03\/23\/los-estatales-protagonizaron-una-ruidosa-protesta-frente-a-terrazas-del-portezuelo\/","url":"https:\/\/apuntesdesanluis.com\/index.php\/2024\/03\/23\/los-estatales-protagonizaron-una-ruidosa-protesta-frente-a-terrazas-del-portezuelo\/","name":"LOS ESTATALES PROTAGONIZARON UNA RUIDOSA PROTESTA FRENTE A TERRAZAS DEL PORTEZUELO - Apuntes de San Luis","isPartOf":{"@id":"https:\/\/apuntesdesanluis.com\/#website"},"primaryImageOfPage":{"@id":"https:\/\/apuntesdesanluis.com\/index.php\/2024\/03\/23\/los-estatales-protagonizaron-una-ruidosa-protesta-frente-a-terrazas-del-portezuelo\/#primaryimage"},"image":{"@id":"https:\/\/apuntesdesanluis.com\/index.php\/2024\/03\/23\/los-estatales-protagonizaron-una-ruidosa-protesta-frente-a-terrazas-del-portezuelo\/#primaryimage"},"thumbnailUrl":"https:\/\/apuntesdesanluis.com\/wp-content\/uploads\/2024\/03\/Marcha-estatales.jpg","datePublished":"2024-03-23T11:20:43+00:00","dateModified":"2024-03-23T14:36:29+00:00","breadcrumb":{"@id":"https:\/\/apuntesdesanluis.com\/index.php\/2024\/03\/23\/los-estatales-protagonizaron-una-ruidosa-protesta-frente-a-terrazas-del-portezuelo\/#breadcrumb"},"inLanguage":"es-AR","potentialAction":[{"@type":"ReadAction","target":["https:\/\/apuntesdesanluis.com\/index.php\/2024\/03\/23\/los-estatales-protagonizaron-una-ruidosa-protesta-frente-a-terrazas-del-portezuelo\/"]}]},{"@type":"ImageObject","inLanguage":"es-AR","@id":"https:\/\/apuntesdesanluis.com\/index.php\/2024\/03\/23\/los-estatales-protagonizaron-una-ruidosa-protesta-frente-a-terrazas-del-portezuelo\/#primaryimage","url":"https:\/\/apuntesdesanluis.com\/wp-content\/uploads\/2024\/03\/Marcha-estatales.jpg","contentUrl":"https:\/\/apuntesdesanluis.com\/wp-content\/uploads\/2024\/03\/Marcha-estatales.jpg","width":650,"height":388},{"@type":"BreadcrumbList","@id":"https:\/\/apuntesdesanluis.com\/index.php\/2024\/03\/23\/los-estatales-protagonizaron-una-ruidosa-protesta-frente-a-terrazas-del-portezuelo\/#breadcrumb","itemListElement":[{"@type":"ListItem","position":1,"name":"Inicio","item":"https:\/\/apuntesdesanluis.com\/"},{"@type":"ListItem","position":2,"name":"LOS ESTATALES PROTAGONIZARON UNA RUIDOSA PROTESTA FRENTE A TERRAZAS DEL PORTEZUELO"}]},{"@type":"WebSite","@id":"https:\/\/apuntesdesanluis.com\/#website","url":"https:\/\/apuntesdesanluis.com\/","name":"Apuntes de San Luis","description":"","publisher":{"@id":"https:\/\/apuntesdesanluis.com\/#\/schema\/person\/b55151d52296fcce64d1a72538a70b90"},"potentialAction":[{"@type":"SearchAction","target":{"@type":"EntryPoint","urlTemplate":"https:\/\/apuntesdesanluis.com\/?s={search_term_string}"},"query-input":{"@type":"PropertyValueSpecification","valueRequired":true,"valueName":"search_term_string"}}],"inLanguage":"es-AR"},{"@type":["Person","Organization"],"@id":"https:\/\/apuntesdesanluis.com\/#\/schema\/person\/b55151d52296fcce64d1a72538a70b90","name":"apuntesdesanluis.com","image":{"@type":"ImageObject","inLanguage":"es-AR","@id":"https:\/\/apuntesdesanluis.com\/#\/schema\/person\/image\/","url":"https:\/\/apuntesdesanluis.com\/wp-content\/uploads\/2023\/07\/cropped-apuntesdesanluis.png","contentUrl":"https:\/\/apuntesdesanluis.com\/wp-content\/uploads\/2023\/07\/cropped-apuntesdesanluis.png","width":450,"height":112,"caption":"apuntesdesanluis.com"},"logo":{"@id":"https:\/\/apuntesdesanluis.com\/#\/schema\/person\/image\/"},"sameAs":["https:\/\/apuntesdesanluis.com"],"url":"https:\/\/apuntesdesanluis.com\/index.php\/author\/apuntesdesanluis-com\/"}]}},"featured_image_urls":{"full":["https:\/\/apuntesdesanluis.com\/wp-content\/uploads\/2024\/03\/Marcha-estatales.jpg",650,388,false],"thumbnail":["https:\/\/apuntesdesanluis.com\/wp-content\/uploads\/2024\/03\/Marcha-estatales-150x150.jpg",150,150,true],"medium":["https:\/\/apuntesdesanluis.com\/wp-content\/uploads\/2024\/03\/Marcha-estatales-300x179.jpg",300,179,true],"medium_large":["https:\/\/apuntesdesanluis.com\/wp-content\/uploads\/2024\/03\/Marcha-estatales.jpg",640,382,false],"large":["https:\/\/apuntesdesanluis.com\/wp-content\/uploads\/2024\/03\/Marcha-estatales.jpg",640,382,false],"1536x1536":["https:\/\/apuntesdesanluis.com\/wp-content\/uploads\/2024\/03\/Marcha-estatales.jpg",650,388,false],"2048x2048":["https:\/\/apuntesdesanluis.com\/wp-content\/uploads\/2024\/03\/Marcha-estatales.jpg",650,388,false],"newsever-slider-full":["https:\/\/apuntesdesanluis.com\/wp-content\/uploads\/2024\/03\/Marcha-estatales.jpg",650,388,false],"newsever-featured":["https:\/\/apuntesdesanluis.com\/wp-content\/uploads\/2024\/03\/Marcha-estatales.jpg",650,388,false],"newsever-medium":["https:\/\/apuntesdesanluis.com\/wp-content\/uploads\/2024\/03\/Marcha-estatales.jpg",650,388,false]},"author_info":{"display_name":"apuntesdesanluis.com","author_link":"https:\/\/apuntesdesanluis.com\/index.php\/author\/apuntesdesanluis-com\/"},"category_info":"<a href=\"https:\/\/apuntesdesanluis.com\/index.php\/category\/ciudad-provincia\/\" rel=\"category tag\">Ciudad\/Provincia<\/a>","tag_info":"Ciudad\/Provincia","comment_count":"0","_links":{"self":[{"href":"https:\/\/apuntesdesanluis.com\/index.php\/wp-json\/wp\/v2\/posts\/13556","targetHints":{"allow":["GET"]}}],"collection":[{"href":"https:\/\/apuntesdesanluis.com\/index.php\/wp-json\/wp\/v2\/posts"}],"about":[{"href":"https:\/\/apuntesdesanluis.com\/index.php\/wp-json\/wp\/v2\/types\/post"}],"author":[{"embeddable":true,"href":"https:\/\/apuntesdesanluis.com\/index.php\/wp-json\/wp\/v2\/users\/1"}],"replies":[{"embeddable":true,"href":"https:\/\/apuntesdesanluis.com\/index.php\/wp-json\/wp\/v2\/comments?post=13556"}],"version-history":[{"count":4,"href":"https:\/\/apuntesdesanluis.com\/index.php\/wp-json\/wp\/v2\/posts\/13556\/revisions"}],"predecessor-version":[{"id":13571,"href":"https:\/\/apuntesdesanluis.com\/index.php\/wp-json\/wp\/v2\/posts\/13556\/revisions\/13571"}],"wp:featuredmedia":[{"embeddable":true,"href":"https:\/\/apuntesdesanluis.com\/index.php\/wp-json\/wp\/v2\/media\/13564"}],"wp:attachment":[{"href":"https:\/\/apuntesdesanluis.com\/index.php\/wp-json\/wp\/v2\/media?parent=13556"}],"wp:term":[{"taxonomy":"category","embeddable":true,"href":"https:\/\/apuntesdesanluis.com\/index.php\/wp-json\/wp\/v2\/categories?post=13556"},{"taxonomy":"post_tag","embeddable":true,"href":"https:\/\/apuntesdesanluis.com\/index.php\/wp-json\/wp\/v2\/tags?post=13556"}],"curies":[{"name":"wp","href":"https:\/\/api.w.org\/{rel}","templated":true}]}}