{"id":13572,"date":"2024-03-23T08:24:56","date_gmt":"2024-03-23T11:24:56","guid":{"rendered":"https:\/\/apuntesdesanluis.com\/?p=13572"},"modified":"2024-03-23T14:24:40","modified_gmt":"2024-03-23T17:24:40","slug":"el-gobernador-se-reunio-con-un-grupo-de-extrabajadores-de-la-empresa-danica","status":"publish","type":"post","link":"https:\/\/apuntesdesanluis.com\/index.php\/2024\/03\/23\/el-gobernador-se-reunio-con-un-grupo-de-extrabajadores-de-la-empresa-danica\/","title":{"rendered":"EL GOBERNADOR SE REUNI\u00d3 CON UN GRUPO DE EXTRABAJADORES DE LA EMPRESA D\u00c1NICA"},"content":{"rendered":"<h3><strong>Claudio Poggi<\/strong> mantuvo un encuentro cara a cara con m\u00e1s de 50 trabajadores despedidos por la firma D\u00e1nica, en Villa Mercedes. Los escuch\u00f3 atentamente y les adelant\u00f3 que iniciar\u00e1 las gestiones para que se reconstruya la confianza con la empresa y se priorice la recuperaci\u00f3n de los puestos de trabajo.<\/h3>\n<h3>Como se recordar\u00e1, la empresa comunic\u00f3 el cierre de sus operaciones en noviembre pasado, luego de un extenso conflicto que paraliz\u00f3 la producci\u00f3n, por la exigencia de los trabajadores de que se cumpliera el pago de la escala salarial convenida en paritarias nacionales.<\/h3>\n<h3>La reuni\u00f3n comenz\u00f3 a las 19:00 y tuvo lugar en La Pedrera. Junto al Gobernador, estuvieron presentes el ministro de Producci\u00f3n, <strong>Federico Trombotto<\/strong>, y el director de Relaciones Laborales, <strong>Alberto Lindow<\/strong>.<\/h3>\n<h3>\u201cNosotros solo queremos trabajar y que usted est\u00e9 aqu\u00ed con nosotros es muy valioso\u201d, reconocieron los operarios, quienes destacaron que hablaron frente a frente y que los escuch\u00f3 a todos y cada uno de ellos.<\/h3>\n<h3><img fetchpriority=\"high\" decoding=\"async\" class=\"wp-image-13573 aligncenter\" src=\"https:\/\/apuntesdesanluis.com\/wp-content\/uploads\/2024\/03\/encuentro-con-trabajadores-de-danica-300x175.png\" alt=\"\" width=\"663\" height=\"387\" srcset=\"https:\/\/apuntesdesanluis.com\/wp-content\/uploads\/2024\/03\/encuentro-con-trabajadores-de-danica-300x175.png 300w, https:\/\/apuntesdesanluis.com\/wp-content\/uploads\/2024\/03\/encuentro-con-trabajadores-de-danica.png 600w\" sizes=\"(max-width: 663px) 100vw, 663px\" \/><\/h3>\n<h3>La idea es volver a retomar el di\u00e1logo y generar la confianza para comenzar a abrir un camino de renegociaci\u00f3n. Ese el objetivo que se plantearon. El Gobernador les dijo que interceder\u00e1 para encauzar las negociaciones pensando en la recuperaci\u00f3n de los puestos de trabajo. \u201cAgotaremos las instancias posibles\u201d, les expres\u00f3.<\/h3>\n<h3>Los trabajadores se mostraron muy angustiados, con un futuro que les da miedo. Quieren y saben que si pueden ingresar a la f\u00e1brica podr\u00e1n salir adelante ya que tienen el conocimiento y la experiencia para levantarla. Adem\u00e1s hicieron un an\u00e1lisis de lo sucedido y el papel que desempe\u00f1aron los delegados en ese periodo que termin\u00f3 de la peor manera: con la p\u00e9rdida de los puestos de trabajo.<\/h3>\n<p>&nbsp;<\/p>\n<h3><span style=\"color: #3366ff;\">NOTICIA RELACIONADA:<\/span><\/h3>\n<p><a href=\"https:\/\/apuntesdesanluis.com\/index.php\/2023\/11\/08\/triste-final-de-un-conflicto-danica-comunico-que-cierra-la-fabrica-en-villa-mercedes\/\" target=\"_blank\" rel=\"noopener\"><img decoding=\"async\" class=\"alignnone wp-image-13575\" src=\"https:\/\/apuntesdesanluis.com\/wp-content\/uploads\/2024\/03\/POSTEO-DANICA-300x202.png\" alt=\"\" width=\"428\" height=\"288\" srcset=\"https:\/\/apuntesdesanluis.com\/wp-content\/uploads\/2024\/03\/POSTEO-DANICA-300x202.png 300w, https:\/\/apuntesdesanluis.com\/wp-content\/uploads\/2024\/03\/POSTEO-DANICA.png 581w\" sizes=\"(max-width: 428px) 100vw, 428px\" \/><\/a><\/p>\n<p>&nbsp;<\/p>\n<p>&nbsp;<\/p>\n<p>&nbsp;<\/p>\n<p>&nbsp;<\/p>\n<p>&nbsp;<\/p>\n<p>&nbsp;<\/p>\n","protected":false},"excerpt":{"rendered":"<p>Claudio Poggi mantuvo un encuentro cara a cara con m\u00e1s de 50 trabajadores despedidos por&#8230;<\/p>\n","protected":false},"author":1,"featured_media":13574,"comment_status":"closed","ping_status":"closed","sticky":false,"template":"","format":"standard","meta":{"footnotes":""},"categories":[6],"tags":[],"class_list":["post-13572","post","type-post","status-publish","format-standard","has-post-thumbnail","hentry","category-ciudad-provincia"],"yoast_head":"<!-- This site is optimized with the Yoast SEO plugin v26.1.1 - https:\/\/yoast.com\/wordpress\/plugins\/seo\/ -->\n<title>EL GOBERNADOR SE REUNI\u00d3 CON UN GRUPO DE EXTRABAJADORES DE LA EMPRESA D\u00c1NICA - Apuntes de San Luis<\/title>\n<meta name=\"robots\" content=\"index, follow, max-snippet:-1, max-image-preview:large, max-video-preview:-1\" \/>\n<link rel=\"canonical\" href=\"https:\/\/apuntesdesanluis.com\/index.php\/2024\/03\/23\/el-gobernador-se-reunio-con-un-grupo-de-extrabajadores-de-la-empresa-danica\/\" \/>\n<meta property=\"og:locale\" content=\"es_ES\" \/>\n<meta property=\"og:type\" content=\"article\" \/>\n<meta property=\"og:title\" content=\"EL GOBERNADOR SE REUNI\u00d3 CON UN GRUPO DE EXTRABAJADORES DE LA EMPRESA D\u00c1NICA - Apuntes de San Luis\" \/>\n<meta property=\"og:description\" content=\"Claudio Poggi mantuvo un encuentro cara a cara con m\u00e1s de 50 trabajadores despedidos por...\" \/>\n<meta property=\"og:url\" content=\"https:\/\/apuntesdesanluis.com\/index.php\/2024\/03\/23\/el-gobernador-se-reunio-con-un-grupo-de-extrabajadores-de-la-empresa-danica\/\" \/>\n<meta property=\"og:site_name\" content=\"Apuntes de San Luis\" \/>\n<meta property=\"article:published_time\" content=\"2024-03-23T11:24:56+00:00\" \/>\n<meta property=\"article:modified_time\" content=\"2024-03-23T17:24:40+00:00\" \/>\n<meta property=\"og:image\" content=\"https:\/\/apuntesdesanluis.com\/wp-content\/uploads\/2024\/03\/POGGI-CON-DANICA.png\" \/>\n\t<meta property=\"og:image:width\" content=\"600\" \/>\n\t<meta property=\"og:image:height\" content=\"345\" \/>\n\t<meta property=\"og:image:type\" content=\"image\/png\" \/>\n<meta name=\"author\" content=\"apuntesdesanluis.com\" \/>\n<meta name=\"twitter:card\" content=\"summary_large_image\" \/>\n<meta name=\"twitter:label1\" content=\"Escrito por\" \/>\n\t<meta name=\"twitter:data1\" content=\"apuntesdesanluis.com\" \/>\n\t<meta name=\"twitter:label2\" content=\"Tiempo de lectura\" \/>\n\t<meta name=\"twitter:data2\" content=\"2 minutos\" \/>\n<script type=\"application\/ld+json\" class=\"yoast-schema-graph\">{\"@context\":\"https:\/\/schema.org\",\"@graph\":[{\"@type\":\"Article\",\"@id\":\"https:\/\/apuntesdesanluis.com\/index.php\/2024\/03\/23\/el-gobernador-se-reunio-con-un-grupo-de-extrabajadores-de-la-empresa-danica\/#article\",\"isPartOf\":{\"@id\":\"https:\/\/apuntesdesanluis.com\/index.php\/2024\/03\/23\/el-gobernador-se-reunio-con-un-grupo-de-extrabajadores-de-la-empresa-danica\/\"},\"author\":{\"name\":\"apuntesdesanluis.com\",\"@id\":\"https:\/\/apuntesdesanluis.com\/#\/schema\/person\/b55151d52296fcce64d1a72538a70b90\"},\"headline\":\"EL GOBERNADOR SE REUNI\u00d3 CON UN GRUPO DE EXTRABAJADORES DE LA EMPRESA D\u00c1NICA\",\"datePublished\":\"2024-03-23T11:24:56+00:00\",\"dateModified\":\"2024-03-23T17:24:40+00:00\",\"mainEntityOfPage\":{\"@id\":\"https:\/\/apuntesdesanluis.com\/index.php\/2024\/03\/23\/el-gobernador-se-reunio-con-un-grupo-de-extrabajadores-de-la-empresa-danica\/\"},\"wordCount\":313,\"publisher\":{\"@id\":\"https:\/\/apuntesdesanluis.com\/#\/schema\/person\/b55151d52296fcce64d1a72538a70b90\"},\"image\":{\"@id\":\"https:\/\/apuntesdesanluis.com\/index.php\/2024\/03\/23\/el-gobernador-se-reunio-con-un-grupo-de-extrabajadores-de-la-empresa-danica\/#primaryimage\"},\"thumbnailUrl\":\"https:\/\/apuntesdesanluis.com\/wp-content\/uploads\/2024\/03\/POGGI-CON-DANICA.png\",\"articleSection\":[\"Ciudad\/Provincia\"],\"inLanguage\":\"es-AR\"},{\"@type\":\"WebPage\",\"@id\":\"https:\/\/apuntesdesanluis.com\/index.php\/2024\/03\/23\/el-gobernador-se-reunio-con-un-grupo-de-extrabajadores-de-la-empresa-danica\/\",\"url\":\"https:\/\/apuntesdesanluis.com\/index.php\/2024\/03\/23\/el-gobernador-se-reunio-con-un-grupo-de-extrabajadores-de-la-empresa-danica\/\",\"name\":\"EL GOBERNADOR SE REUNI\u00d3 CON UN GRUPO DE EXTRABAJADORES DE LA EMPRESA D\u00c1NICA - Apuntes de San Luis\",\"isPartOf\":{\"@id\":\"https:\/\/apuntesdesanluis.com\/#website\"},\"primaryImageOfPage\":{\"@id\":\"https:\/\/apuntesdesanluis.com\/index.php\/2024\/03\/23\/el-gobernador-se-reunio-con-un-grupo-de-extrabajadores-de-la-empresa-danica\/#primaryimage\"},\"image\":{\"@id\":\"https:\/\/apuntesdesanluis.com\/index.php\/2024\/03\/23\/el-gobernador-se-reunio-con-un-grupo-de-extrabajadores-de-la-empresa-danica\/#primaryimage\"},\"thumbnailUrl\":\"https:\/\/apuntesdesanluis.com\/wp-content\/uploads\/2024\/03\/POGGI-CON-DANICA.png\",\"datePublished\":\"2024-03-23T11:24:56+00:00\",\"dateModified\":\"2024-03-23T17:24:40+00:00\",\"breadcrumb\":{\"@id\":\"https:\/\/apuntesdesanluis.com\/index.php\/2024\/03\/23\/el-gobernador-se-reunio-con-un-grupo-de-extrabajadores-de-la-empresa-danica\/#breadcrumb\"},\"inLanguage\":\"es-AR\",\"potentialAction\":[{\"@type\":\"ReadAction\",\"target\":[\"https:\/\/apuntesdesanluis.com\/index.php\/2024\/03\/23\/el-gobernador-se-reunio-con-un-grupo-de-extrabajadores-de-la-empresa-danica\/\"]}]},{\"@type\":\"ImageObject\",\"inLanguage\":\"es-AR\",\"@id\":\"https:\/\/apuntesdesanluis.com\/index.php\/2024\/03\/23\/el-gobernador-se-reunio-con-un-grupo-de-extrabajadores-de-la-empresa-danica\/#primaryimage\",\"url\":\"https:\/\/apuntesdesanluis.com\/wp-content\/uploads\/2024\/03\/POGGI-CON-DANICA.png\",\"contentUrl\":\"https:\/\/apuntesdesanluis.com\/wp-content\/uploads\/2024\/03\/POGGI-CON-DANICA.png\",\"width\":600,\"height\":345},{\"@type\":\"BreadcrumbList\",\"@id\":\"https:\/\/apuntesdesanluis.com\/index.php\/2024\/03\/23\/el-gobernador-se-reunio-con-un-grupo-de-extrabajadores-de-la-empresa-danica\/#breadcrumb\",\"itemListElement\":[{\"@type\":\"ListItem\",\"position\":1,\"name\":\"Inicio\",\"item\":\"https:\/\/apuntesdesanluis.com\/\"},{\"@type\":\"ListItem\",\"position\":2,\"name\":\"EL GOBERNADOR SE REUNI\u00d3 CON UN GRUPO DE EXTRABAJADORES DE LA EMPRESA D\u00c1NICA\"}]},{\"@type\":\"WebSite\",\"@id\":\"https:\/\/apuntesdesanluis.com\/#website\",\"url\":\"https:\/\/apuntesdesanluis.com\/\",\"name\":\"Apuntes de San Luis\",\"description\":\"\",\"publisher\":{\"@id\":\"https:\/\/apuntesdesanluis.com\/#\/schema\/person\/b55151d52296fcce64d1a72538a70b90\"},\"potentialAction\":[{\"@type\":\"SearchAction\",\"target\":{\"@type\":\"EntryPoint\",\"urlTemplate\":\"https:\/\/apuntesdesanluis.com\/?s={search_term_string}\"},\"query-input\":{\"@type\":\"PropertyValueSpecification\",\"valueRequired\":true,\"valueName\":\"search_term_string\"}}],\"inLanguage\":\"es-AR\"},{\"@type\":[\"Person\",\"Organization\"],\"@id\":\"https:\/\/apuntesdesanluis.com\/#\/schema\/person\/b55151d52296fcce64d1a72538a70b90\",\"name\":\"apuntesdesanluis.com\",\"image\":{\"@type\":\"ImageObject\",\"inLanguage\":\"es-AR\",\"@id\":\"https:\/\/apuntesdesanluis.com\/#\/schema\/person\/image\/\",\"url\":\"https:\/\/apuntesdesanluis.com\/wp-content\/uploads\/2023\/07\/cropped-apuntesdesanluis.png\",\"contentUrl\":\"https:\/\/apuntesdesanluis.com\/wp-content\/uploads\/2023\/07\/cropped-apuntesdesanluis.png\",\"width\":450,\"height\":112,\"caption\":\"apuntesdesanluis.com\"},\"logo\":{\"@id\":\"https:\/\/apuntesdesanluis.com\/#\/schema\/person\/image\/\"},\"sameAs\":[\"https:\/\/apuntesdesanluis.com\"],\"url\":\"https:\/\/apuntesdesanluis.com\/index.php\/author\/apuntesdesanluis-com\/\"}]}<\/script>\n<!-- \/ Yoast SEO plugin. -->","yoast_head_json":{"title":"EL GOBERNADOR SE REUNI\u00d3 CON UN GRUPO DE EXTRABAJADORES DE LA EMPRESA D\u00c1NICA - Apuntes de San Luis","robots":{"index":"index","follow":"follow","max-snippet":"max-snippet:-1","max-image-preview":"max-image-preview:large","max-video-preview":"max-video-preview:-1"},"canonical":"https:\/\/apuntesdesanluis.com\/index.php\/2024\/03\/23\/el-gobernador-se-reunio-con-un-grupo-de-extrabajadores-de-la-empresa-danica\/","og_locale":"es_ES","og_type":"article","og_title":"EL GOBERNADOR SE REUNI\u00d3 CON UN GRUPO DE EXTRABAJADORES DE LA EMPRESA D\u00c1NICA - Apuntes de San Luis","og_description":"Claudio Poggi mantuvo un encuentro cara a cara con m\u00e1s de 50 trabajadores despedidos por...","og_url":"https:\/\/apuntesdesanluis.com\/index.php\/2024\/03\/23\/el-gobernador-se-reunio-con-un-grupo-de-extrabajadores-de-la-empresa-danica\/","og_site_name":"Apuntes de San Luis","article_published_time":"2024-03-23T11:24:56+00:00","article_modified_time":"2024-03-23T17:24:40+00:00","og_image":[{"width":600,"height":345,"url":"https:\/\/apuntesdesanluis.com\/wp-content\/uploads\/2024\/03\/POGGI-CON-DANICA.png","type":"image\/png"}],"author":"apuntesdesanluis.com","twitter_card":"summary_large_image","twitter_misc":{"Escrito por":"apuntesdesanluis.com","Tiempo de lectura":"2 minutos"},"schema":{"@context":"https:\/\/schema.org","@graph":[{"@type":"Article","@id":"https:\/\/apuntesdesanluis.com\/index.php\/2024\/03\/23\/el-gobernador-se-reunio-con-un-grupo-de-extrabajadores-de-la-empresa-danica\/#article","isPartOf":{"@id":"https:\/\/apuntesdesanluis.com\/index.php\/2024\/03\/23\/el-gobernador-se-reunio-con-un-grupo-de-extrabajadores-de-la-empresa-danica\/"},"author":{"name":"apuntesdesanluis.com","@id":"https:\/\/apuntesdesanluis.com\/#\/schema\/person\/b55151d52296fcce64d1a72538a70b90"},"headline":"EL GOBERNADOR SE REUNI\u00d3 CON UN GRUPO DE EXTRABAJADORES DE LA EMPRESA D\u00c1NICA","datePublished":"2024-03-23T11:24:56+00:00","dateModified":"2024-03-23T17:24:40+00:00","mainEntityOfPage":{"@id":"https:\/\/apuntesdesanluis.com\/index.php\/2024\/03\/23\/el-gobernador-se-reunio-con-un-grupo-de-extrabajadores-de-la-empresa-danica\/"},"wordCount":313,"publisher":{"@id":"https:\/\/apuntesdesanluis.com\/#\/schema\/person\/b55151d52296fcce64d1a72538a70b90"},"image":{"@id":"https:\/\/apuntesdesanluis.com\/index.php\/2024\/03\/23\/el-gobernador-se-reunio-con-un-grupo-de-extrabajadores-de-la-empresa-danica\/#primaryimage"},"thumbnailUrl":"https:\/\/apuntesdesanluis.com\/wp-content\/uploads\/2024\/03\/POGGI-CON-DANICA.png","articleSection":["Ciudad\/Provincia"],"inLanguage":"es-AR"},{"@type":"WebPage","@id":"https:\/\/apuntesdesanluis.com\/index.php\/2024\/03\/23\/el-gobernador-se-reunio-con-un-grupo-de-extrabajadores-de-la-empresa-danica\/","url":"https:\/\/apuntesdesanluis.com\/index.php\/2024\/03\/23\/el-gobernador-se-reunio-con-un-grupo-de-extrabajadores-de-la-empresa-danica\/","name":"EL GOBERNADOR SE REUNI\u00d3 CON UN GRUPO DE EXTRABAJADORES DE LA EMPRESA D\u00c1NICA - Apuntes de San Luis","isPartOf":{"@id":"https:\/\/apuntesdesanluis.com\/#website"},"primaryImageOfPage":{"@id":"https:\/\/apuntesdesanluis.com\/index.php\/2024\/03\/23\/el-gobernador-se-reunio-con-un-grupo-de-extrabajadores-de-la-empresa-danica\/#primaryimage"},"image":{"@id":"https:\/\/apuntesdesanluis.com\/index.php\/2024\/03\/23\/el-gobernador-se-reunio-con-un-grupo-de-extrabajadores-de-la-empresa-danica\/#primaryimage"},"thumbnailUrl":"https:\/\/apuntesdesanluis.com\/wp-content\/uploads\/2024\/03\/POGGI-CON-DANICA.png","datePublished":"2024-03-23T11:24:56+00:00","dateModified":"2024-03-23T17:24:40+00:00","breadcrumb":{"@id":"https:\/\/apuntesdesanluis.com\/index.php\/2024\/03\/23\/el-gobernador-se-reunio-con-un-grupo-de-extrabajadores-de-la-empresa-danica\/#breadcrumb"},"inLanguage":"es-AR","potentialAction":[{"@type":"ReadAction","target":["https:\/\/apuntesdesanluis.com\/index.php\/2024\/03\/23\/el-gobernador-se-reunio-con-un-grupo-de-extrabajadores-de-la-empresa-danica\/"]}]},{"@type":"ImageObject","inLanguage":"es-AR","@id":"https:\/\/apuntesdesanluis.com\/index.php\/2024\/03\/23\/el-gobernador-se-reunio-con-un-grupo-de-extrabajadores-de-la-empresa-danica\/#primaryimage","url":"https:\/\/apuntesdesanluis.com\/wp-content\/uploads\/2024\/03\/POGGI-CON-DANICA.png","contentUrl":"https:\/\/apuntesdesanluis.com\/wp-content\/uploads\/2024\/03\/POGGI-CON-DANICA.png","width":600,"height":345},{"@type":"BreadcrumbList","@id":"https:\/\/apuntesdesanluis.com\/index.php\/2024\/03\/23\/el-gobernador-se-reunio-con-un-grupo-de-extrabajadores-de-la-empresa-danica\/#breadcrumb","itemListElement":[{"@type":"ListItem","position":1,"name":"Inicio","item":"https:\/\/apuntesdesanluis.com\/"},{"@type":"ListItem","position":2,"name":"EL GOBERNADOR SE REUNI\u00d3 CON UN GRUPO DE EXTRABAJADORES DE LA EMPRESA D\u00c1NICA"}]},{"@type":"WebSite","@id":"https:\/\/apuntesdesanluis.com\/#website","url":"https:\/\/apuntesdesanluis.com\/","name":"Apuntes de San Luis","description":"","publisher":{"@id":"https:\/\/apuntesdesanluis.com\/#\/schema\/person\/b55151d52296fcce64d1a72538a70b90"},"potentialAction":[{"@type":"SearchAction","target":{"@type":"EntryPoint","urlTemplate":"https:\/\/apuntesdesanluis.com\/?s={search_term_string}"},"query-input":{"@type":"PropertyValueSpecification","valueRequired":true,"valueName":"search_term_string"}}],"inLanguage":"es-AR"},{"@type":["Person","Organization"],"@id":"https:\/\/apuntesdesanluis.com\/#\/schema\/person\/b55151d52296fcce64d1a72538a70b90","name":"apuntesdesanluis.com","image":{"@type":"ImageObject","inLanguage":"es-AR","@id":"https:\/\/apuntesdesanluis.com\/#\/schema\/person\/image\/","url":"https:\/\/apuntesdesanluis.com\/wp-content\/uploads\/2023\/07\/cropped-apuntesdesanluis.png","contentUrl":"https:\/\/apuntesdesanluis.com\/wp-content\/uploads\/2023\/07\/cropped-apuntesdesanluis.png","width":450,"height":112,"caption":"apuntesdesanluis.com"},"logo":{"@id":"https:\/\/apuntesdesanluis.com\/#\/schema\/person\/image\/"},"sameAs":["https:\/\/apuntesdesanluis.com"],"url":"https:\/\/apuntesdesanluis.com\/index.php\/author\/apuntesdesanluis-com\/"}]}},"featured_image_urls":{"full":["https:\/\/apuntesdesanluis.com\/wp-content\/uploads\/2024\/03\/POGGI-CON-DANICA.png",600,345,false],"thumbnail":["https:\/\/apuntesdesanluis.com\/wp-content\/uploads\/2024\/03\/POGGI-CON-DANICA-150x150.png",150,150,true],"medium":["https:\/\/apuntesdesanluis.com\/wp-content\/uploads\/2024\/03\/POGGI-CON-DANICA-300x173.png",300,173,true],"medium_large":["https:\/\/apuntesdesanluis.com\/wp-content\/uploads\/2024\/03\/POGGI-CON-DANICA.png",600,345,false],"large":["https:\/\/apuntesdesanluis.com\/wp-content\/uploads\/2024\/03\/POGGI-CON-DANICA.png",600,345,false],"1536x1536":["https:\/\/apuntesdesanluis.com\/wp-content\/uploads\/2024\/03\/POGGI-CON-DANICA.png",600,345,false],"2048x2048":["https:\/\/apuntesdesanluis.com\/wp-content\/uploads\/2024\/03\/POGGI-CON-DANICA.png",600,345,false],"newsever-slider-full":["https:\/\/apuntesdesanluis.com\/wp-content\/uploads\/2024\/03\/POGGI-CON-DANICA.png",600,345,false],"newsever-featured":["https:\/\/apuntesdesanluis.com\/wp-content\/uploads\/2024\/03\/POGGI-CON-DANICA.png",600,345,false],"newsever-medium":["https:\/\/apuntesdesanluis.com\/wp-content\/uploads\/2024\/03\/POGGI-CON-DANICA.png",600,345,false]},"author_info":{"display_name":"apuntesdesanluis.com","author_link":"https:\/\/apuntesdesanluis.com\/index.php\/author\/apuntesdesanluis-com\/"},"category_info":"<a href=\"https:\/\/apuntesdesanluis.com\/index.php\/category\/ciudad-provincia\/\" rel=\"category tag\">Ciudad\/Provincia<\/a>","tag_info":"Ciudad\/Provincia","comment_count":"0","_links":{"self":[{"href":"https:\/\/apuntesdesanluis.com\/index.php\/wp-json\/wp\/v2\/posts\/13572","targetHints":{"allow":["GET"]}}],"collection":[{"href":"https:\/\/apuntesdesanluis.com\/index.php\/wp-json\/wp\/v2\/posts"}],"about":[{"href":"https:\/\/apuntesdesanluis.com\/index.php\/wp-json\/wp\/v2\/types\/post"}],"author":[{"embeddable":true,"href":"https:\/\/apuntesdesanluis.com\/index.php\/wp-json\/wp\/v2\/users\/1"}],"replies":[{"embeddable":true,"href":"https:\/\/apuntesdesanluis.com\/index.php\/wp-json\/wp\/v2\/comments?post=13572"}],"version-history":[{"count":2,"href":"https:\/\/apuntesdesanluis.com\/index.php\/wp-json\/wp\/v2\/posts\/13572\/revisions"}],"predecessor-version":[{"id":13602,"href":"https:\/\/apuntesdesanluis.com\/index.php\/wp-json\/wp\/v2\/posts\/13572\/revisions\/13602"}],"wp:featuredmedia":[{"embeddable":true,"href":"https:\/\/apuntesdesanluis.com\/index.php\/wp-json\/wp\/v2\/media\/13574"}],"wp:attachment":[{"href":"https:\/\/apuntesdesanluis.com\/index.php\/wp-json\/wp\/v2\/media?parent=13572"}],"wp:term":[{"taxonomy":"category","embeddable":true,"href":"https:\/\/apuntesdesanluis.com\/index.php\/wp-json\/wp\/v2\/categories?post=13572"},{"taxonomy":"post_tag","embeddable":true,"href":"https:\/\/apuntesdesanluis.com\/index.php\/wp-json\/wp\/v2\/tags?post=13572"}],"curies":[{"name":"wp","href":"https:\/\/api.w.org\/{rel}","templated":true}]}}