{"id":13577,"date":"2024-03-23T11:47:27","date_gmt":"2024-03-23T14:47:27","guid":{"rendered":"https:\/\/apuntesdesanluis.com\/?p=13577"},"modified":"2024-03-23T14:48:01","modified_gmt":"2024-03-23T17:48:01","slug":"terror-en-moscu-la-cifra-de-muertos-asciende-a-133-y-ya-son-11-los-detenidos-por-el-atentado","status":"publish","type":"post","link":"https:\/\/apuntesdesanluis.com\/index.php\/2024\/03\/23\/terror-en-moscu-la-cifra-de-muertos-asciende-a-133-y-ya-son-11-los-detenidos-por-el-atentado\/","title":{"rendered":"TERROR EN MOSC\u00da: LA CIFRA DE MUERTOS ASCIENDE A 143 Y YA SON 11 LOS DETENIDOS POR EL ATENTADO"},"content":{"rendered":"<h3>Un grupo armado irrumpi\u00f3 en una sala de conciertos en Mosc\u00fa y dispar\u00f3 contra los espectadores. ISIS se adjudic\u00f3 el ataque y desde el gobierno ruso apuntaron contra Ucrania.<\/h3>\n<p><iframe title=\"Ataque en una sala de conciertos de Mosc\u00fa\" width=\"640\" height=\"360\" src=\"https:\/\/www.youtube.com\/embed\/V3qFIxGU1tQ?feature=oembed\" frameborder=\"0\" allow=\"accelerometer; autoplay; clipboard-write; encrypted-media; gyroscope; picture-in-picture; web-share\" referrerpolicy=\"strict-origin-when-cross-origin\" allowfullscreen><\/iframe><\/p>\n<h3>El Kremlin anunci\u00f3 este s\u00e1bado la detenci\u00f3n de 11 personas, entre ellas cuatro asaltantes, por el atentado en una sala de conciertos cerca de Mosc\u00fa que fue reivindicado por el grupo ISIS. Hasta el momento se notificaron 143 v\u00edctimas fatales y m\u00e1s de 140 heridos.<\/h3>\n<h3>El ataque se produce tras una serie de amenazas y supone una represalia de la organizaci\u00f3n yihadista ante la participaci\u00f3n de Rusia en los conflictos de Siria y del Sahel africano.<\/h3>\n<p><img fetchpriority=\"high\" decoding=\"async\" class=\"wp-image-13579 aligncenter\" src=\"https:\/\/apuntesdesanluis.com\/wp-content\/uploads\/2024\/03\/DISPAROS-EN-MOSCU-300x188.png\" alt=\"\" width=\"584\" height=\"366\" srcset=\"https:\/\/apuntesdesanluis.com\/wp-content\/uploads\/2024\/03\/DISPAROS-EN-MOSCU-300x188.png 300w, https:\/\/apuntesdesanluis.com\/wp-content\/uploads\/2024\/03\/DISPAROS-EN-MOSCU.png 593w\" sizes=\"(max-width: 584px) 100vw, 584px\" \/><\/p>\n<h3>Los servicios de seguridad rusos (FSB) afirmaron en las \u00faltimas horas que los sospechosos &#8220;ten\u00edan contactos&#8221; en Ucrania, donde planeaban huir.<\/h3>\n<h3>&#8220;Tras cometer el atentado terrorista, los criminales ten\u00edan previsto cruzar la frontera entre Rusia y Ucrania y ten\u00edan contactos adecuados del lado ucraniano&#8221;, indic\u00f3 el FSB, citado por la agencia estatal TASS.<\/h3>\n<h3>Rusia reforz\u00f3 la seguridad en aeropuertos y estaciones y en toda la capital, una vasta \u00e1rea urbana de m\u00e1s de 21 millones de personas.<\/h3>\n<p><img decoding=\"async\" class=\"wp-image-13580 aligncenter\" src=\"https:\/\/apuntesdesanluis.com\/wp-content\/uploads\/2024\/03\/FLORES-2-300x205.png\" alt=\"\" width=\"590\" height=\"403\" srcset=\"https:\/\/apuntesdesanluis.com\/wp-content\/uploads\/2024\/03\/FLORES-2-300x205.png 300w, https:\/\/apuntesdesanluis.com\/wp-content\/uploads\/2024\/03\/FLORES-2.png 600w\" sizes=\"(max-width: 590px) 100vw, 590px\" \/><\/p>\n<h3><strong>LA ADVERTENCIA DE EEUU<\/strong><\/h3>\n<h3>Hace dos semanas, la Embajada de Estados Unidos en Rusia hab\u00eda alertado que \u201cextremistas\u201d ten\u00edan planes inminentes de un ataque en la capital Mosc\u00fa.<\/h3>\n<h3>Putin, reelegido el domingo pasado para un nuevo mandato de seis a\u00f1os, envi\u00f3 miles de tropas a Ucrania en 2022 y advirti\u00f3 en repetidas ocasiones que varias potencias -incluido Occidente- est\u00e1n tratando de sembrar el caos dentro de Rusia.<\/h3>\n<h3>La Casa Blanca expres\u00f3 el viernes que las im\u00e1genes del tiroteo en la capital rusa eran dif\u00edciles de ver. \u201cLas im\u00e1genes son simplemente horribles y dif\u00edciles de ver y nuestros pensamientos obviamente estar\u00e1n con las v\u00edctimas de este terrible, terrible ataque a tiros\u201d, dijo el portavoz de la Casa Blanca, John Kirby.<\/h3>\n<p>&nbsp;<\/p>\n<p>&nbsp;<\/p>\n<p>&nbsp;<\/p>\n","protected":false},"excerpt":{"rendered":"<p>Un grupo armado irrumpi\u00f3 en una sala de conciertos en Mosc\u00fa y dispar\u00f3 contra los&#8230;<\/p>\n","protected":false},"author":1,"featured_media":13578,"comment_status":"closed","ping_status":"closed","sticky":false,"template":"","format":"standard","meta":{"footnotes":""},"categories":[5],"tags":[],"class_list":["post-13577","post","type-post","status-publish","format-standard","has-post-thumbnail","hentry","category-nacionales-internacionales"],"yoast_head":"<!-- This site is optimized with the Yoast SEO plugin v26.1.1 - https:\/\/yoast.com\/wordpress\/plugins\/seo\/ -->\n<title>TERROR EN MOSC\u00da: LA CIFRA DE MUERTOS ASCIENDE A 143 Y YA SON 11 LOS DETENIDOS POR EL ATENTADO - Apuntes de San Luis<\/title>\n<meta name=\"robots\" content=\"index, follow, max-snippet:-1, max-image-preview:large, max-video-preview:-1\" \/>\n<link rel=\"canonical\" href=\"https:\/\/apuntesdesanluis.com\/index.php\/2024\/03\/23\/terror-en-moscu-la-cifra-de-muertos-asciende-a-133-y-ya-son-11-los-detenidos-por-el-atentado\/\" \/>\n<meta property=\"og:locale\" content=\"es_ES\" \/>\n<meta property=\"og:type\" content=\"article\" \/>\n<meta property=\"og:title\" content=\"TERROR EN MOSC\u00da: LA CIFRA DE MUERTOS ASCIENDE A 143 Y YA SON 11 LOS DETENIDOS POR EL ATENTADO - Apuntes de San Luis\" \/>\n<meta property=\"og:description\" content=\"Un grupo armado irrumpi\u00f3 en una sala de conciertos en Mosc\u00fa y dispar\u00f3 contra los...\" \/>\n<meta property=\"og:url\" content=\"https:\/\/apuntesdesanluis.com\/index.php\/2024\/03\/23\/terror-en-moscu-la-cifra-de-muertos-asciende-a-133-y-ya-son-11-los-detenidos-por-el-atentado\/\" \/>\n<meta property=\"og:site_name\" content=\"Apuntes de San Luis\" \/>\n<meta property=\"article:published_time\" content=\"2024-03-23T14:47:27+00:00\" \/>\n<meta property=\"article:modified_time\" content=\"2024-03-23T17:48:01+00:00\" \/>\n<meta property=\"og:image\" content=\"https:\/\/apuntesdesanluis.com\/wp-content\/uploads\/2024\/03\/ATENTADO-EN-MOSCU-TAPA.png\" \/>\n\t<meta property=\"og:image:width\" content=\"600\" \/>\n\t<meta property=\"og:image:height\" content=\"318\" \/>\n\t<meta property=\"og:image:type\" content=\"image\/png\" \/>\n<meta name=\"author\" content=\"apuntesdesanluis.com\" \/>\n<meta name=\"twitter:card\" content=\"summary_large_image\" \/>\n<meta name=\"twitter:label1\" content=\"Escrito por\" \/>\n\t<meta name=\"twitter:data1\" content=\"apuntesdesanluis.com\" \/>\n\t<meta name=\"twitter:label2\" content=\"Tiempo de lectura\" \/>\n\t<meta name=\"twitter:data2\" content=\"2 minutos\" \/>\n<script type=\"application\/ld+json\" class=\"yoast-schema-graph\">{\"@context\":\"https:\/\/schema.org\",\"@graph\":[{\"@type\":\"Article\",\"@id\":\"https:\/\/apuntesdesanluis.com\/index.php\/2024\/03\/23\/terror-en-moscu-la-cifra-de-muertos-asciende-a-133-y-ya-son-11-los-detenidos-por-el-atentado\/#article\",\"isPartOf\":{\"@id\":\"https:\/\/apuntesdesanluis.com\/index.php\/2024\/03\/23\/terror-en-moscu-la-cifra-de-muertos-asciende-a-133-y-ya-son-11-los-detenidos-por-el-atentado\/\"},\"author\":{\"name\":\"apuntesdesanluis.com\",\"@id\":\"https:\/\/apuntesdesanluis.com\/#\/schema\/person\/b55151d52296fcce64d1a72538a70b90\"},\"headline\":\"TERROR EN MOSC\u00da: LA CIFRA DE MUERTOS ASCIENDE A 143 Y YA SON 11 LOS DETENIDOS POR EL ATENTADO\",\"datePublished\":\"2024-03-23T14:47:27+00:00\",\"dateModified\":\"2024-03-23T17:48:01+00:00\",\"mainEntityOfPage\":{\"@id\":\"https:\/\/apuntesdesanluis.com\/index.php\/2024\/03\/23\/terror-en-moscu-la-cifra-de-muertos-asciende-a-133-y-ya-son-11-los-detenidos-por-el-atentado\/\"},\"wordCount\":347,\"publisher\":{\"@id\":\"https:\/\/apuntesdesanluis.com\/#\/schema\/person\/b55151d52296fcce64d1a72538a70b90\"},\"image\":{\"@id\":\"https:\/\/apuntesdesanluis.com\/index.php\/2024\/03\/23\/terror-en-moscu-la-cifra-de-muertos-asciende-a-133-y-ya-son-11-los-detenidos-por-el-atentado\/#primaryimage\"},\"thumbnailUrl\":\"https:\/\/apuntesdesanluis.com\/wp-content\/uploads\/2024\/03\/ATENTADO-EN-MOSCU-TAPA.png\",\"articleSection\":[\"Nacionales\/Internacionales\"],\"inLanguage\":\"es-AR\"},{\"@type\":\"WebPage\",\"@id\":\"https:\/\/apuntesdesanluis.com\/index.php\/2024\/03\/23\/terror-en-moscu-la-cifra-de-muertos-asciende-a-133-y-ya-son-11-los-detenidos-por-el-atentado\/\",\"url\":\"https:\/\/apuntesdesanluis.com\/index.php\/2024\/03\/23\/terror-en-moscu-la-cifra-de-muertos-asciende-a-133-y-ya-son-11-los-detenidos-por-el-atentado\/\",\"name\":\"TERROR EN MOSC\u00da: LA CIFRA DE MUERTOS ASCIENDE A 143 Y YA SON 11 LOS DETENIDOS POR EL ATENTADO - Apuntes de San Luis\",\"isPartOf\":{\"@id\":\"https:\/\/apuntesdesanluis.com\/#website\"},\"primaryImageOfPage\":{\"@id\":\"https:\/\/apuntesdesanluis.com\/index.php\/2024\/03\/23\/terror-en-moscu-la-cifra-de-muertos-asciende-a-133-y-ya-son-11-los-detenidos-por-el-atentado\/#primaryimage\"},\"image\":{\"@id\":\"https:\/\/apuntesdesanluis.com\/index.php\/2024\/03\/23\/terror-en-moscu-la-cifra-de-muertos-asciende-a-133-y-ya-son-11-los-detenidos-por-el-atentado\/#primaryimage\"},\"thumbnailUrl\":\"https:\/\/apuntesdesanluis.com\/wp-content\/uploads\/2024\/03\/ATENTADO-EN-MOSCU-TAPA.png\",\"datePublished\":\"2024-03-23T14:47:27+00:00\",\"dateModified\":\"2024-03-23T17:48:01+00:00\",\"breadcrumb\":{\"@id\":\"https:\/\/apuntesdesanluis.com\/index.php\/2024\/03\/23\/terror-en-moscu-la-cifra-de-muertos-asciende-a-133-y-ya-son-11-los-detenidos-por-el-atentado\/#breadcrumb\"},\"inLanguage\":\"es-AR\",\"potentialAction\":[{\"@type\":\"ReadAction\",\"target\":[\"https:\/\/apuntesdesanluis.com\/index.php\/2024\/03\/23\/terror-en-moscu-la-cifra-de-muertos-asciende-a-133-y-ya-son-11-los-detenidos-por-el-atentado\/\"]}]},{\"@type\":\"ImageObject\",\"inLanguage\":\"es-AR\",\"@id\":\"https:\/\/apuntesdesanluis.com\/index.php\/2024\/03\/23\/terror-en-moscu-la-cifra-de-muertos-asciende-a-133-y-ya-son-11-los-detenidos-por-el-atentado\/#primaryimage\",\"url\":\"https:\/\/apuntesdesanluis.com\/wp-content\/uploads\/2024\/03\/ATENTADO-EN-MOSCU-TAPA.png\",\"contentUrl\":\"https:\/\/apuntesdesanluis.com\/wp-content\/uploads\/2024\/03\/ATENTADO-EN-MOSCU-TAPA.png\",\"width\":600,\"height\":318},{\"@type\":\"BreadcrumbList\",\"@id\":\"https:\/\/apuntesdesanluis.com\/index.php\/2024\/03\/23\/terror-en-moscu-la-cifra-de-muertos-asciende-a-133-y-ya-son-11-los-detenidos-por-el-atentado\/#breadcrumb\",\"itemListElement\":[{\"@type\":\"ListItem\",\"position\":1,\"name\":\"Inicio\",\"item\":\"https:\/\/apuntesdesanluis.com\/\"},{\"@type\":\"ListItem\",\"position\":2,\"name\":\"TERROR EN MOSC\u00da: LA CIFRA DE MUERTOS ASCIENDE A 143 Y YA SON 11 LOS DETENIDOS POR EL ATENTADO\"}]},{\"@type\":\"WebSite\",\"@id\":\"https:\/\/apuntesdesanluis.com\/#website\",\"url\":\"https:\/\/apuntesdesanluis.com\/\",\"name\":\"Apuntes de San Luis\",\"description\":\"\",\"publisher\":{\"@id\":\"https:\/\/apuntesdesanluis.com\/#\/schema\/person\/b55151d52296fcce64d1a72538a70b90\"},\"potentialAction\":[{\"@type\":\"SearchAction\",\"target\":{\"@type\":\"EntryPoint\",\"urlTemplate\":\"https:\/\/apuntesdesanluis.com\/?s={search_term_string}\"},\"query-input\":{\"@type\":\"PropertyValueSpecification\",\"valueRequired\":true,\"valueName\":\"search_term_string\"}}],\"inLanguage\":\"es-AR\"},{\"@type\":[\"Person\",\"Organization\"],\"@id\":\"https:\/\/apuntesdesanluis.com\/#\/schema\/person\/b55151d52296fcce64d1a72538a70b90\",\"name\":\"apuntesdesanluis.com\",\"image\":{\"@type\":\"ImageObject\",\"inLanguage\":\"es-AR\",\"@id\":\"https:\/\/apuntesdesanluis.com\/#\/schema\/person\/image\/\",\"url\":\"https:\/\/apuntesdesanluis.com\/wp-content\/uploads\/2023\/07\/cropped-apuntesdesanluis.png\",\"contentUrl\":\"https:\/\/apuntesdesanluis.com\/wp-content\/uploads\/2023\/07\/cropped-apuntesdesanluis.png\",\"width\":450,\"height\":112,\"caption\":\"apuntesdesanluis.com\"},\"logo\":{\"@id\":\"https:\/\/apuntesdesanluis.com\/#\/schema\/person\/image\/\"},\"sameAs\":[\"https:\/\/apuntesdesanluis.com\"],\"url\":\"https:\/\/apuntesdesanluis.com\/index.php\/author\/apuntesdesanluis-com\/\"}]}<\/script>\n<!-- \/ Yoast SEO plugin. -->","yoast_head_json":{"title":"TERROR EN MOSC\u00da: LA CIFRA DE MUERTOS ASCIENDE A 143 Y YA SON 11 LOS DETENIDOS POR EL ATENTADO - Apuntes de San Luis","robots":{"index":"index","follow":"follow","max-snippet":"max-snippet:-1","max-image-preview":"max-image-preview:large","max-video-preview":"max-video-preview:-1"},"canonical":"https:\/\/apuntesdesanluis.com\/index.php\/2024\/03\/23\/terror-en-moscu-la-cifra-de-muertos-asciende-a-133-y-ya-son-11-los-detenidos-por-el-atentado\/","og_locale":"es_ES","og_type":"article","og_title":"TERROR EN MOSC\u00da: LA CIFRA DE MUERTOS ASCIENDE A 143 Y YA SON 11 LOS DETENIDOS POR EL ATENTADO - Apuntes de San Luis","og_description":"Un grupo armado irrumpi\u00f3 en una sala de conciertos en Mosc\u00fa y dispar\u00f3 contra los...","og_url":"https:\/\/apuntesdesanluis.com\/index.php\/2024\/03\/23\/terror-en-moscu-la-cifra-de-muertos-asciende-a-133-y-ya-son-11-los-detenidos-por-el-atentado\/","og_site_name":"Apuntes de San Luis","article_published_time":"2024-03-23T14:47:27+00:00","article_modified_time":"2024-03-23T17:48:01+00:00","og_image":[{"width":600,"height":318,"url":"https:\/\/apuntesdesanluis.com\/wp-content\/uploads\/2024\/03\/ATENTADO-EN-MOSCU-TAPA.png","type":"image\/png"}],"author":"apuntesdesanluis.com","twitter_card":"summary_large_image","twitter_misc":{"Escrito por":"apuntesdesanluis.com","Tiempo de lectura":"2 minutos"},"schema":{"@context":"https:\/\/schema.org","@graph":[{"@type":"Article","@id":"https:\/\/apuntesdesanluis.com\/index.php\/2024\/03\/23\/terror-en-moscu-la-cifra-de-muertos-asciende-a-133-y-ya-son-11-los-detenidos-por-el-atentado\/#article","isPartOf":{"@id":"https:\/\/apuntesdesanluis.com\/index.php\/2024\/03\/23\/terror-en-moscu-la-cifra-de-muertos-asciende-a-133-y-ya-son-11-los-detenidos-por-el-atentado\/"},"author":{"name":"apuntesdesanluis.com","@id":"https:\/\/apuntesdesanluis.com\/#\/schema\/person\/b55151d52296fcce64d1a72538a70b90"},"headline":"TERROR EN MOSC\u00da: LA CIFRA DE MUERTOS ASCIENDE A 143 Y YA SON 11 LOS DETENIDOS POR EL ATENTADO","datePublished":"2024-03-23T14:47:27+00:00","dateModified":"2024-03-23T17:48:01+00:00","mainEntityOfPage":{"@id":"https:\/\/apuntesdesanluis.com\/index.php\/2024\/03\/23\/terror-en-moscu-la-cifra-de-muertos-asciende-a-133-y-ya-son-11-los-detenidos-por-el-atentado\/"},"wordCount":347,"publisher":{"@id":"https:\/\/apuntesdesanluis.com\/#\/schema\/person\/b55151d52296fcce64d1a72538a70b90"},"image":{"@id":"https:\/\/apuntesdesanluis.com\/index.php\/2024\/03\/23\/terror-en-moscu-la-cifra-de-muertos-asciende-a-133-y-ya-son-11-los-detenidos-por-el-atentado\/#primaryimage"},"thumbnailUrl":"https:\/\/apuntesdesanluis.com\/wp-content\/uploads\/2024\/03\/ATENTADO-EN-MOSCU-TAPA.png","articleSection":["Nacionales\/Internacionales"],"inLanguage":"es-AR"},{"@type":"WebPage","@id":"https:\/\/apuntesdesanluis.com\/index.php\/2024\/03\/23\/terror-en-moscu-la-cifra-de-muertos-asciende-a-133-y-ya-son-11-los-detenidos-por-el-atentado\/","url":"https:\/\/apuntesdesanluis.com\/index.php\/2024\/03\/23\/terror-en-moscu-la-cifra-de-muertos-asciende-a-133-y-ya-son-11-los-detenidos-por-el-atentado\/","name":"TERROR EN MOSC\u00da: LA CIFRA DE MUERTOS ASCIENDE A 143 Y YA SON 11 LOS DETENIDOS POR EL ATENTADO - Apuntes de San Luis","isPartOf":{"@id":"https:\/\/apuntesdesanluis.com\/#website"},"primaryImageOfPage":{"@id":"https:\/\/apuntesdesanluis.com\/index.php\/2024\/03\/23\/terror-en-moscu-la-cifra-de-muertos-asciende-a-133-y-ya-son-11-los-detenidos-por-el-atentado\/#primaryimage"},"image":{"@id":"https:\/\/apuntesdesanluis.com\/index.php\/2024\/03\/23\/terror-en-moscu-la-cifra-de-muertos-asciende-a-133-y-ya-son-11-los-detenidos-por-el-atentado\/#primaryimage"},"thumbnailUrl":"https:\/\/apuntesdesanluis.com\/wp-content\/uploads\/2024\/03\/ATENTADO-EN-MOSCU-TAPA.png","datePublished":"2024-03-23T14:47:27+00:00","dateModified":"2024-03-23T17:48:01+00:00","breadcrumb":{"@id":"https:\/\/apuntesdesanluis.com\/index.php\/2024\/03\/23\/terror-en-moscu-la-cifra-de-muertos-asciende-a-133-y-ya-son-11-los-detenidos-por-el-atentado\/#breadcrumb"},"inLanguage":"es-AR","potentialAction":[{"@type":"ReadAction","target":["https:\/\/apuntesdesanluis.com\/index.php\/2024\/03\/23\/terror-en-moscu-la-cifra-de-muertos-asciende-a-133-y-ya-son-11-los-detenidos-por-el-atentado\/"]}]},{"@type":"ImageObject","inLanguage":"es-AR","@id":"https:\/\/apuntesdesanluis.com\/index.php\/2024\/03\/23\/terror-en-moscu-la-cifra-de-muertos-asciende-a-133-y-ya-son-11-los-detenidos-por-el-atentado\/#primaryimage","url":"https:\/\/apuntesdesanluis.com\/wp-content\/uploads\/2024\/03\/ATENTADO-EN-MOSCU-TAPA.png","contentUrl":"https:\/\/apuntesdesanluis.com\/wp-content\/uploads\/2024\/03\/ATENTADO-EN-MOSCU-TAPA.png","width":600,"height":318},{"@type":"BreadcrumbList","@id":"https:\/\/apuntesdesanluis.com\/index.php\/2024\/03\/23\/terror-en-moscu-la-cifra-de-muertos-asciende-a-133-y-ya-son-11-los-detenidos-por-el-atentado\/#breadcrumb","itemListElement":[{"@type":"ListItem","position":1,"name":"Inicio","item":"https:\/\/apuntesdesanluis.com\/"},{"@type":"ListItem","position":2,"name":"TERROR EN MOSC\u00da: LA CIFRA DE MUERTOS ASCIENDE A 143 Y YA SON 11 LOS DETENIDOS POR EL ATENTADO"}]},{"@type":"WebSite","@id":"https:\/\/apuntesdesanluis.com\/#website","url":"https:\/\/apuntesdesanluis.com\/","name":"Apuntes de San Luis","description":"","publisher":{"@id":"https:\/\/apuntesdesanluis.com\/#\/schema\/person\/b55151d52296fcce64d1a72538a70b90"},"potentialAction":[{"@type":"SearchAction","target":{"@type":"EntryPoint","urlTemplate":"https:\/\/apuntesdesanluis.com\/?s={search_term_string}"},"query-input":{"@type":"PropertyValueSpecification","valueRequired":true,"valueName":"search_term_string"}}],"inLanguage":"es-AR"},{"@type":["Person","Organization"],"@id":"https:\/\/apuntesdesanluis.com\/#\/schema\/person\/b55151d52296fcce64d1a72538a70b90","name":"apuntesdesanluis.com","image":{"@type":"ImageObject","inLanguage":"es-AR","@id":"https:\/\/apuntesdesanluis.com\/#\/schema\/person\/image\/","url":"https:\/\/apuntesdesanluis.com\/wp-content\/uploads\/2023\/07\/cropped-apuntesdesanluis.png","contentUrl":"https:\/\/apuntesdesanluis.com\/wp-content\/uploads\/2023\/07\/cropped-apuntesdesanluis.png","width":450,"height":112,"caption":"apuntesdesanluis.com"},"logo":{"@id":"https:\/\/apuntesdesanluis.com\/#\/schema\/person\/image\/"},"sameAs":["https:\/\/apuntesdesanluis.com"],"url":"https:\/\/apuntesdesanluis.com\/index.php\/author\/apuntesdesanluis-com\/"}]}},"featured_image_urls":{"full":["https:\/\/apuntesdesanluis.com\/wp-content\/uploads\/2024\/03\/ATENTADO-EN-MOSCU-TAPA.png",600,318,false],"thumbnail":["https:\/\/apuntesdesanluis.com\/wp-content\/uploads\/2024\/03\/ATENTADO-EN-MOSCU-TAPA-150x150.png",150,150,true],"medium":["https:\/\/apuntesdesanluis.com\/wp-content\/uploads\/2024\/03\/ATENTADO-EN-MOSCU-TAPA-300x159.png",300,159,true],"medium_large":["https:\/\/apuntesdesanluis.com\/wp-content\/uploads\/2024\/03\/ATENTADO-EN-MOSCU-TAPA.png",600,318,false],"large":["https:\/\/apuntesdesanluis.com\/wp-content\/uploads\/2024\/03\/ATENTADO-EN-MOSCU-TAPA.png",600,318,false],"1536x1536":["https:\/\/apuntesdesanluis.com\/wp-content\/uploads\/2024\/03\/ATENTADO-EN-MOSCU-TAPA.png",600,318,false],"2048x2048":["https:\/\/apuntesdesanluis.com\/wp-content\/uploads\/2024\/03\/ATENTADO-EN-MOSCU-TAPA.png",600,318,false],"newsever-slider-full":["https:\/\/apuntesdesanluis.com\/wp-content\/uploads\/2024\/03\/ATENTADO-EN-MOSCU-TAPA.png",600,318,false],"newsever-featured":["https:\/\/apuntesdesanluis.com\/wp-content\/uploads\/2024\/03\/ATENTADO-EN-MOSCU-TAPA.png",600,318,false],"newsever-medium":["https:\/\/apuntesdesanluis.com\/wp-content\/uploads\/2024\/03\/ATENTADO-EN-MOSCU-TAPA.png",600,318,false]},"author_info":{"display_name":"apuntesdesanluis.com","author_link":"https:\/\/apuntesdesanluis.com\/index.php\/author\/apuntesdesanluis-com\/"},"category_info":"<a href=\"https:\/\/apuntesdesanluis.com\/index.php\/category\/nacionales-internacionales\/\" rel=\"category tag\">Nacionales\/Internacionales<\/a>","tag_info":"Nacionales\/Internacionales","comment_count":"0","_links":{"self":[{"href":"https:\/\/apuntesdesanluis.com\/index.php\/wp-json\/wp\/v2\/posts\/13577","targetHints":{"allow":["GET"]}}],"collection":[{"href":"https:\/\/apuntesdesanluis.com\/index.php\/wp-json\/wp\/v2\/posts"}],"about":[{"href":"https:\/\/apuntesdesanluis.com\/index.php\/wp-json\/wp\/v2\/types\/post"}],"author":[{"embeddable":true,"href":"https:\/\/apuntesdesanluis.com\/index.php\/wp-json\/wp\/v2\/users\/1"}],"replies":[{"embeddable":true,"href":"https:\/\/apuntesdesanluis.com\/index.php\/wp-json\/wp\/v2\/comments?post=13577"}],"version-history":[{"count":3,"href":"https:\/\/apuntesdesanluis.com\/index.php\/wp-json\/wp\/v2\/posts\/13577\/revisions"}],"predecessor-version":[{"id":13607,"href":"https:\/\/apuntesdesanluis.com\/index.php\/wp-json\/wp\/v2\/posts\/13577\/revisions\/13607"}],"wp:featuredmedia":[{"embeddable":true,"href":"https:\/\/apuntesdesanluis.com\/index.php\/wp-json\/wp\/v2\/media\/13578"}],"wp:attachment":[{"href":"https:\/\/apuntesdesanluis.com\/index.php\/wp-json\/wp\/v2\/media?parent=13577"}],"wp:term":[{"taxonomy":"category","embeddable":true,"href":"https:\/\/apuntesdesanluis.com\/index.php\/wp-json\/wp\/v2\/categories?post=13577"},{"taxonomy":"post_tag","embeddable":true,"href":"https:\/\/apuntesdesanluis.com\/index.php\/wp-json\/wp\/v2\/tags?post=13577"}],"curies":[{"name":"wp","href":"https:\/\/api.w.org\/{rel}","templated":true}]}}