{"id":13583,"date":"2024-03-23T11:59:11","date_gmt":"2024-03-23T14:59:11","guid":{"rendered":"https:\/\/apuntesdesanluis.com\/?p=13583"},"modified":"2024-03-23T12:04:53","modified_gmt":"2024-03-23T15:04:53","slug":"renuncio-el-director-de-la-tv-publica-y-cierran-todos-los-programas","status":"publish","type":"post","link":"https:\/\/apuntesdesanluis.com\/index.php\/2024\/03\/23\/renuncio-el-director-de-la-tv-publica-y-cierran-todos-los-programas\/","title":{"rendered":"RENUNCI\u00d3 EL DIRECTOR DE LA TV P\u00daBLICA Y CIERRAN TODOS LOS PROGRAMAS"},"content":{"rendered":"<h3><strong>Juan Parodi<\/strong> renunci\u00f3 a la direcci\u00f3n de la<strong> TV p\u00fablica<\/strong>, que se quedar\u00e1 sin programaci\u00f3n a partir del mi\u00e9rcoles y dejar\u00eda de transmitir.<\/h3>\n<h3>Parodi hab\u00eda sido nombrado en febrero y era hasta este viernes el gerente de programaci\u00f3n del canal estatal y en las \u00faltimas horas se reuni\u00f3 con el secretario de Prensa de la Naci\u00f3n, <strong>Eduardo Serenellini<\/strong>. En la reuni\u00f3n tambi\u00e9n estuvo H\u00e9ctor Cavallero, director de <strong>Radio Nacional<\/strong>, que el Gobierno tambi\u00e9n quiere cerrar.<\/h3>\n<p><img fetchpriority=\"high\" decoding=\"async\" class=\"wp-image-13590 aligncenter\" src=\"https:\/\/apuntesdesanluis.com\/wp-content\/uploads\/2024\/03\/serenellini-300x169.png\" alt=\"\" width=\"588\" height=\"331\" srcset=\"https:\/\/apuntesdesanluis.com\/wp-content\/uploads\/2024\/03\/serenellini-300x169.png 300w, https:\/\/apuntesdesanluis.com\/wp-content\/uploads\/2024\/03\/serenellini-768x433.png 768w, https:\/\/apuntesdesanluis.com\/wp-content\/uploads\/2024\/03\/serenellini.png 899w\" sizes=\"(max-width: 588px) 100vw, 588px\" \/><\/p>\n<h3>A todo el personal t\u00e9cnico y de operaciones de la TV P\u00fablica le pidieron que se tomaran los francos acumulados. Con esto buscan que durante los feriados de Semana Santa no haya nadie en el canal para poner vallas. La idea del Gobierno ser\u00eda poner una pantalla negra. Parecido a lo hecho tras el cierre de la agencia nacional de noticias, <strong>T\u00e9lam<\/strong>, donde se coloc\u00f3 un cartel que dice &#8220;P\u00e1gina en reconstrucci\u00f3n&#8221;.<\/h3>\n<h3>Crece la incertidumbre tanto de los periodistas y t\u00e9cnicos de Telam como del canal p\u00fablico sobre su futuro laboral.<\/h3>\n<h3>La gesti\u00f3n de Juan Parodi en la TV P\u00fablica dur\u00f3 30 d\u00edas ya que este viernes present\u00f3 la renuncia y no llev\u00f3 adelante la implementaci\u00f3n de un riguroso plan de austeridad.<\/h3>\n<p><img decoding=\"async\" class=\"wp-image-13585 aligncenter\" src=\"https:\/\/apuntesdesanluis.com\/wp-content\/uploads\/2024\/03\/juan-parodi-300x211.png\" alt=\"\" width=\"576\" height=\"405\" srcset=\"https:\/\/apuntesdesanluis.com\/wp-content\/uploads\/2024\/03\/juan-parodi-300x211.png 300w, https:\/\/apuntesdesanluis.com\/wp-content\/uploads\/2024\/03\/juan-parodi.png 651w\" sizes=\"(max-width: 576px) 100vw, 576px\" \/><\/p>\n<h3>La breve estancia de Parodi al frente de la TV P\u00fablica ha estado marcada por decisiones que parecen contraponerse frontalmente a las expectativas de austeridad impuestas por la administraci\u00f3n.<\/h3>\n<h3>Durante su gesti\u00f3n, Parodi opt\u00f3 por la incorporaci\u00f3n de nuevo personal, una medida que, seg\u00fan fuentes cercanas, no estaba alineada con las directrices de recorte presupuestario que promueve Milei en los medios estatales.<\/h3>\n<h3>A pesar de la controversia que rodea su partida, Parodi no ha ofrecido declaraciones oficiales.<\/h3>\n<h3>La designaci\u00f3n de Parodi, anunciada a principios de febrero, hab\u00eda generado expectativas dentro y fuera de la TV P\u00fablica, en especial por su perfil orientado a la innovaci\u00f3n en contenidos.<\/h3>\n<h3>Mientras tanto, crecen los rumores de que el gobierno impulsar\u00eda la privatizaci\u00f3n de la se\u00f1al p\u00fablica,\u00a0 con lo cual de concretarse Argentina ser\u00eda uno de los pocos pa\u00edses que dejar\u00eda de tener un canal p\u00fablico de televisi\u00f3n.<\/h3>\n<h3><strong>DESPEDIDA CON PAPAS FRITAS<\/strong><\/h3>\n<h3>La ex ATC cancel\u00f3 sus noticieros del fin de semana y no cubrir\u00e1 la celebraci\u00f3n del 24 de marzo, el D\u00eda de la Memoria, por primera vez.<\/h3>\n<h3>Los pocos programas que quedan terminar\u00e1n el mi\u00e9rcoles. Incluso el programa de perritos que Dani Niremberg cre\u00f3 para congraciarse con Javier Milei, amante de los canes, en un intento admirable de supervivencia. &#8220;Espero que este programa le guste al presidente&#8221;, hab\u00eda dicho la presentadora en el canal.<\/h3>\n<h3>La despedida de Cocineros Argentinos tuvo un momento de venganza: en la edici\u00f3n de este viernes, los cocineros explicaron c\u00f3mo hacer un complejo men\u00fa de &#8230;papas fritas.<\/h3>\n<p><iframe title=\"En Cocineros Argentinos hicieron papas fritas a d\u00edas del fin del\u00a0programa\" width=\"640\" height=\"360\" src=\"https:\/\/www.youtube.com\/embed\/pwD9BdXHzFA?feature=oembed\" frameborder=\"0\" allow=\"accelerometer; autoplay; clipboard-write; encrypted-media; gyroscope; picture-in-picture; web-share\" referrerpolicy=\"strict-origin-when-cross-origin\" allowfullscreen><\/iframe><\/p>\n<p>&nbsp;<\/p>\n<p>&nbsp;<\/p>\n<p>&nbsp;<\/p>\n<p>&nbsp;<\/p>\n","protected":false},"excerpt":{"rendered":"<p>Juan Parodi renunci\u00f3 a la direcci\u00f3n de la TV p\u00fablica, que se quedar\u00e1 sin programaci\u00f3n&#8230;<\/p>\n","protected":false},"author":1,"featured_media":13584,"comment_status":"closed","ping_status":"closed","sticky":false,"template":"","format":"standard","meta":{"footnotes":""},"categories":[5],"tags":[],"class_list":["post-13583","post","type-post","status-publish","format-standard","has-post-thumbnail","hentry","category-nacionales-internacionales"],"yoast_head":"<!-- This site is optimized with the Yoast SEO plugin v26.1.1 - https:\/\/yoast.com\/wordpress\/plugins\/seo\/ -->\n<title>RENUNCI\u00d3 EL DIRECTOR DE LA TV P\u00daBLICA Y CIERRAN TODOS LOS PROGRAMAS - Apuntes de San Luis<\/title>\n<meta name=\"robots\" content=\"index, follow, max-snippet:-1, max-image-preview:large, max-video-preview:-1\" \/>\n<link rel=\"canonical\" href=\"https:\/\/apuntesdesanluis.com\/index.php\/2024\/03\/23\/renuncio-el-director-de-la-tv-publica-y-cierran-todos-los-programas\/\" \/>\n<meta property=\"og:locale\" content=\"es_ES\" \/>\n<meta property=\"og:type\" content=\"article\" \/>\n<meta property=\"og:title\" content=\"RENUNCI\u00d3 EL DIRECTOR DE LA TV P\u00daBLICA Y CIERRAN TODOS LOS PROGRAMAS - Apuntes de San Luis\" \/>\n<meta property=\"og:description\" content=\"Juan Parodi renunci\u00f3 a la direcci\u00f3n de la TV p\u00fablica, que se quedar\u00e1 sin programaci\u00f3n...\" \/>\n<meta property=\"og:url\" content=\"https:\/\/apuntesdesanluis.com\/index.php\/2024\/03\/23\/renuncio-el-director-de-la-tv-publica-y-cierran-todos-los-programas\/\" \/>\n<meta property=\"og:site_name\" content=\"Apuntes de San Luis\" \/>\n<meta property=\"article:published_time\" content=\"2024-03-23T14:59:11+00:00\" \/>\n<meta property=\"article:modified_time\" content=\"2024-03-23T15:04:53+00:00\" \/>\n<meta property=\"og:image\" content=\"https:\/\/apuntesdesanluis.com\/wp-content\/uploads\/2024\/03\/tv-publica.png\" \/>\n\t<meta property=\"og:image:width\" content=\"663\" \/>\n\t<meta property=\"og:image:height\" content=\"373\" \/>\n\t<meta property=\"og:image:type\" content=\"image\/png\" \/>\n<meta name=\"author\" content=\"apuntesdesanluis.com\" \/>\n<meta name=\"twitter:card\" content=\"summary_large_image\" \/>\n<meta name=\"twitter:label1\" content=\"Escrito por\" \/>\n\t<meta name=\"twitter:data1\" content=\"apuntesdesanluis.com\" \/>\n\t<meta name=\"twitter:label2\" content=\"Tiempo de lectura\" \/>\n\t<meta name=\"twitter:data2\" content=\"3 minutos\" \/>\n<script type=\"application\/ld+json\" class=\"yoast-schema-graph\">{\"@context\":\"https:\/\/schema.org\",\"@graph\":[{\"@type\":\"Article\",\"@id\":\"https:\/\/apuntesdesanluis.com\/index.php\/2024\/03\/23\/renuncio-el-director-de-la-tv-publica-y-cierran-todos-los-programas\/#article\",\"isPartOf\":{\"@id\":\"https:\/\/apuntesdesanluis.com\/index.php\/2024\/03\/23\/renuncio-el-director-de-la-tv-publica-y-cierran-todos-los-programas\/\"},\"author\":{\"name\":\"apuntesdesanluis.com\",\"@id\":\"https:\/\/apuntesdesanluis.com\/#\/schema\/person\/b55151d52296fcce64d1a72538a70b90\"},\"headline\":\"RENUNCI\u00d3 EL DIRECTOR DE LA TV P\u00daBLICA Y CIERRAN TODOS LOS PROGRAMAS\",\"datePublished\":\"2024-03-23T14:59:11+00:00\",\"dateModified\":\"2024-03-23T15:04:53+00:00\",\"mainEntityOfPage\":{\"@id\":\"https:\/\/apuntesdesanluis.com\/index.php\/2024\/03\/23\/renuncio-el-director-de-la-tv-publica-y-cierran-todos-los-programas\/\"},\"wordCount\":517,\"publisher\":{\"@id\":\"https:\/\/apuntesdesanluis.com\/#\/schema\/person\/b55151d52296fcce64d1a72538a70b90\"},\"image\":{\"@id\":\"https:\/\/apuntesdesanluis.com\/index.php\/2024\/03\/23\/renuncio-el-director-de-la-tv-publica-y-cierran-todos-los-programas\/#primaryimage\"},\"thumbnailUrl\":\"https:\/\/apuntesdesanluis.com\/wp-content\/uploads\/2024\/03\/tv-publica.png\",\"articleSection\":[\"Nacionales\/Internacionales\"],\"inLanguage\":\"es-AR\"},{\"@type\":\"WebPage\",\"@id\":\"https:\/\/apuntesdesanluis.com\/index.php\/2024\/03\/23\/renuncio-el-director-de-la-tv-publica-y-cierran-todos-los-programas\/\",\"url\":\"https:\/\/apuntesdesanluis.com\/index.php\/2024\/03\/23\/renuncio-el-director-de-la-tv-publica-y-cierran-todos-los-programas\/\",\"name\":\"RENUNCI\u00d3 EL DIRECTOR DE LA TV P\u00daBLICA Y CIERRAN TODOS LOS PROGRAMAS - Apuntes de San Luis\",\"isPartOf\":{\"@id\":\"https:\/\/apuntesdesanluis.com\/#website\"},\"primaryImageOfPage\":{\"@id\":\"https:\/\/apuntesdesanluis.com\/index.php\/2024\/03\/23\/renuncio-el-director-de-la-tv-publica-y-cierran-todos-los-programas\/#primaryimage\"},\"image\":{\"@id\":\"https:\/\/apuntesdesanluis.com\/index.php\/2024\/03\/23\/renuncio-el-director-de-la-tv-publica-y-cierran-todos-los-programas\/#primaryimage\"},\"thumbnailUrl\":\"https:\/\/apuntesdesanluis.com\/wp-content\/uploads\/2024\/03\/tv-publica.png\",\"datePublished\":\"2024-03-23T14:59:11+00:00\",\"dateModified\":\"2024-03-23T15:04:53+00:00\",\"breadcrumb\":{\"@id\":\"https:\/\/apuntesdesanluis.com\/index.php\/2024\/03\/23\/renuncio-el-director-de-la-tv-publica-y-cierran-todos-los-programas\/#breadcrumb\"},\"inLanguage\":\"es-AR\",\"potentialAction\":[{\"@type\":\"ReadAction\",\"target\":[\"https:\/\/apuntesdesanluis.com\/index.php\/2024\/03\/23\/renuncio-el-director-de-la-tv-publica-y-cierran-todos-los-programas\/\"]}]},{\"@type\":\"ImageObject\",\"inLanguage\":\"es-AR\",\"@id\":\"https:\/\/apuntesdesanluis.com\/index.php\/2024\/03\/23\/renuncio-el-director-de-la-tv-publica-y-cierran-todos-los-programas\/#primaryimage\",\"url\":\"https:\/\/apuntesdesanluis.com\/wp-content\/uploads\/2024\/03\/tv-publica.png\",\"contentUrl\":\"https:\/\/apuntesdesanluis.com\/wp-content\/uploads\/2024\/03\/tv-publica.png\",\"width\":663,\"height\":373},{\"@type\":\"BreadcrumbList\",\"@id\":\"https:\/\/apuntesdesanluis.com\/index.php\/2024\/03\/23\/renuncio-el-director-de-la-tv-publica-y-cierran-todos-los-programas\/#breadcrumb\",\"itemListElement\":[{\"@type\":\"ListItem\",\"position\":1,\"name\":\"Inicio\",\"item\":\"https:\/\/apuntesdesanluis.com\/\"},{\"@type\":\"ListItem\",\"position\":2,\"name\":\"RENUNCI\u00d3 EL DIRECTOR DE LA TV P\u00daBLICA Y CIERRAN TODOS LOS PROGRAMAS\"}]},{\"@type\":\"WebSite\",\"@id\":\"https:\/\/apuntesdesanluis.com\/#website\",\"url\":\"https:\/\/apuntesdesanluis.com\/\",\"name\":\"Apuntes de San Luis\",\"description\":\"\",\"publisher\":{\"@id\":\"https:\/\/apuntesdesanluis.com\/#\/schema\/person\/b55151d52296fcce64d1a72538a70b90\"},\"potentialAction\":[{\"@type\":\"SearchAction\",\"target\":{\"@type\":\"EntryPoint\",\"urlTemplate\":\"https:\/\/apuntesdesanluis.com\/?s={search_term_string}\"},\"query-input\":{\"@type\":\"PropertyValueSpecification\",\"valueRequired\":true,\"valueName\":\"search_term_string\"}}],\"inLanguage\":\"es-AR\"},{\"@type\":[\"Person\",\"Organization\"],\"@id\":\"https:\/\/apuntesdesanluis.com\/#\/schema\/person\/b55151d52296fcce64d1a72538a70b90\",\"name\":\"apuntesdesanluis.com\",\"image\":{\"@type\":\"ImageObject\",\"inLanguage\":\"es-AR\",\"@id\":\"https:\/\/apuntesdesanluis.com\/#\/schema\/person\/image\/\",\"url\":\"https:\/\/apuntesdesanluis.com\/wp-content\/uploads\/2023\/07\/cropped-apuntesdesanluis.png\",\"contentUrl\":\"https:\/\/apuntesdesanluis.com\/wp-content\/uploads\/2023\/07\/cropped-apuntesdesanluis.png\",\"width\":450,\"height\":112,\"caption\":\"apuntesdesanluis.com\"},\"logo\":{\"@id\":\"https:\/\/apuntesdesanluis.com\/#\/schema\/person\/image\/\"},\"sameAs\":[\"https:\/\/apuntesdesanluis.com\"],\"url\":\"https:\/\/apuntesdesanluis.com\/index.php\/author\/apuntesdesanluis-com\/\"}]}<\/script>\n<!-- \/ Yoast SEO plugin. -->","yoast_head_json":{"title":"RENUNCI\u00d3 EL DIRECTOR DE LA TV P\u00daBLICA Y CIERRAN TODOS LOS PROGRAMAS - Apuntes de San Luis","robots":{"index":"index","follow":"follow","max-snippet":"max-snippet:-1","max-image-preview":"max-image-preview:large","max-video-preview":"max-video-preview:-1"},"canonical":"https:\/\/apuntesdesanluis.com\/index.php\/2024\/03\/23\/renuncio-el-director-de-la-tv-publica-y-cierran-todos-los-programas\/","og_locale":"es_ES","og_type":"article","og_title":"RENUNCI\u00d3 EL DIRECTOR DE LA TV P\u00daBLICA Y CIERRAN TODOS LOS PROGRAMAS - Apuntes de San Luis","og_description":"Juan Parodi renunci\u00f3 a la direcci\u00f3n de la TV p\u00fablica, que se quedar\u00e1 sin programaci\u00f3n...","og_url":"https:\/\/apuntesdesanluis.com\/index.php\/2024\/03\/23\/renuncio-el-director-de-la-tv-publica-y-cierran-todos-los-programas\/","og_site_name":"Apuntes de San Luis","article_published_time":"2024-03-23T14:59:11+00:00","article_modified_time":"2024-03-23T15:04:53+00:00","og_image":[{"width":663,"height":373,"url":"https:\/\/apuntesdesanluis.com\/wp-content\/uploads\/2024\/03\/tv-publica.png","type":"image\/png"}],"author":"apuntesdesanluis.com","twitter_card":"summary_large_image","twitter_misc":{"Escrito por":"apuntesdesanluis.com","Tiempo de lectura":"3 minutos"},"schema":{"@context":"https:\/\/schema.org","@graph":[{"@type":"Article","@id":"https:\/\/apuntesdesanluis.com\/index.php\/2024\/03\/23\/renuncio-el-director-de-la-tv-publica-y-cierran-todos-los-programas\/#article","isPartOf":{"@id":"https:\/\/apuntesdesanluis.com\/index.php\/2024\/03\/23\/renuncio-el-director-de-la-tv-publica-y-cierran-todos-los-programas\/"},"author":{"name":"apuntesdesanluis.com","@id":"https:\/\/apuntesdesanluis.com\/#\/schema\/person\/b55151d52296fcce64d1a72538a70b90"},"headline":"RENUNCI\u00d3 EL DIRECTOR DE LA TV P\u00daBLICA Y CIERRAN TODOS LOS PROGRAMAS","datePublished":"2024-03-23T14:59:11+00:00","dateModified":"2024-03-23T15:04:53+00:00","mainEntityOfPage":{"@id":"https:\/\/apuntesdesanluis.com\/index.php\/2024\/03\/23\/renuncio-el-director-de-la-tv-publica-y-cierran-todos-los-programas\/"},"wordCount":517,"publisher":{"@id":"https:\/\/apuntesdesanluis.com\/#\/schema\/person\/b55151d52296fcce64d1a72538a70b90"},"image":{"@id":"https:\/\/apuntesdesanluis.com\/index.php\/2024\/03\/23\/renuncio-el-director-de-la-tv-publica-y-cierran-todos-los-programas\/#primaryimage"},"thumbnailUrl":"https:\/\/apuntesdesanluis.com\/wp-content\/uploads\/2024\/03\/tv-publica.png","articleSection":["Nacionales\/Internacionales"],"inLanguage":"es-AR"},{"@type":"WebPage","@id":"https:\/\/apuntesdesanluis.com\/index.php\/2024\/03\/23\/renuncio-el-director-de-la-tv-publica-y-cierran-todos-los-programas\/","url":"https:\/\/apuntesdesanluis.com\/index.php\/2024\/03\/23\/renuncio-el-director-de-la-tv-publica-y-cierran-todos-los-programas\/","name":"RENUNCI\u00d3 EL DIRECTOR DE LA TV P\u00daBLICA Y CIERRAN TODOS LOS PROGRAMAS - Apuntes de San Luis","isPartOf":{"@id":"https:\/\/apuntesdesanluis.com\/#website"},"primaryImageOfPage":{"@id":"https:\/\/apuntesdesanluis.com\/index.php\/2024\/03\/23\/renuncio-el-director-de-la-tv-publica-y-cierran-todos-los-programas\/#primaryimage"},"image":{"@id":"https:\/\/apuntesdesanluis.com\/index.php\/2024\/03\/23\/renuncio-el-director-de-la-tv-publica-y-cierran-todos-los-programas\/#primaryimage"},"thumbnailUrl":"https:\/\/apuntesdesanluis.com\/wp-content\/uploads\/2024\/03\/tv-publica.png","datePublished":"2024-03-23T14:59:11+00:00","dateModified":"2024-03-23T15:04:53+00:00","breadcrumb":{"@id":"https:\/\/apuntesdesanluis.com\/index.php\/2024\/03\/23\/renuncio-el-director-de-la-tv-publica-y-cierran-todos-los-programas\/#breadcrumb"},"inLanguage":"es-AR","potentialAction":[{"@type":"ReadAction","target":["https:\/\/apuntesdesanluis.com\/index.php\/2024\/03\/23\/renuncio-el-director-de-la-tv-publica-y-cierran-todos-los-programas\/"]}]},{"@type":"ImageObject","inLanguage":"es-AR","@id":"https:\/\/apuntesdesanluis.com\/index.php\/2024\/03\/23\/renuncio-el-director-de-la-tv-publica-y-cierran-todos-los-programas\/#primaryimage","url":"https:\/\/apuntesdesanluis.com\/wp-content\/uploads\/2024\/03\/tv-publica.png","contentUrl":"https:\/\/apuntesdesanluis.com\/wp-content\/uploads\/2024\/03\/tv-publica.png","width":663,"height":373},{"@type":"BreadcrumbList","@id":"https:\/\/apuntesdesanluis.com\/index.php\/2024\/03\/23\/renuncio-el-director-de-la-tv-publica-y-cierran-todos-los-programas\/#breadcrumb","itemListElement":[{"@type":"ListItem","position":1,"name":"Inicio","item":"https:\/\/apuntesdesanluis.com\/"},{"@type":"ListItem","position":2,"name":"RENUNCI\u00d3 EL DIRECTOR DE LA TV P\u00daBLICA Y CIERRAN TODOS LOS PROGRAMAS"}]},{"@type":"WebSite","@id":"https:\/\/apuntesdesanluis.com\/#website","url":"https:\/\/apuntesdesanluis.com\/","name":"Apuntes de San Luis","description":"","publisher":{"@id":"https:\/\/apuntesdesanluis.com\/#\/schema\/person\/b55151d52296fcce64d1a72538a70b90"},"potentialAction":[{"@type":"SearchAction","target":{"@type":"EntryPoint","urlTemplate":"https:\/\/apuntesdesanluis.com\/?s={search_term_string}"},"query-input":{"@type":"PropertyValueSpecification","valueRequired":true,"valueName":"search_term_string"}}],"inLanguage":"es-AR"},{"@type":["Person","Organization"],"@id":"https:\/\/apuntesdesanluis.com\/#\/schema\/person\/b55151d52296fcce64d1a72538a70b90","name":"apuntesdesanluis.com","image":{"@type":"ImageObject","inLanguage":"es-AR","@id":"https:\/\/apuntesdesanluis.com\/#\/schema\/person\/image\/","url":"https:\/\/apuntesdesanluis.com\/wp-content\/uploads\/2023\/07\/cropped-apuntesdesanluis.png","contentUrl":"https:\/\/apuntesdesanluis.com\/wp-content\/uploads\/2023\/07\/cropped-apuntesdesanluis.png","width":450,"height":112,"caption":"apuntesdesanluis.com"},"logo":{"@id":"https:\/\/apuntesdesanluis.com\/#\/schema\/person\/image\/"},"sameAs":["https:\/\/apuntesdesanluis.com"],"url":"https:\/\/apuntesdesanluis.com\/index.php\/author\/apuntesdesanluis-com\/"}]}},"featured_image_urls":{"full":["https:\/\/apuntesdesanluis.com\/wp-content\/uploads\/2024\/03\/tv-publica.png",663,373,false],"thumbnail":["https:\/\/apuntesdesanluis.com\/wp-content\/uploads\/2024\/03\/tv-publica-150x150.png",150,150,true],"medium":["https:\/\/apuntesdesanluis.com\/wp-content\/uploads\/2024\/03\/tv-publica-300x169.png",300,169,true],"medium_large":["https:\/\/apuntesdesanluis.com\/wp-content\/uploads\/2024\/03\/tv-publica.png",640,360,false],"large":["https:\/\/apuntesdesanluis.com\/wp-content\/uploads\/2024\/03\/tv-publica.png",640,360,false],"1536x1536":["https:\/\/apuntesdesanluis.com\/wp-content\/uploads\/2024\/03\/tv-publica.png",663,373,false],"2048x2048":["https:\/\/apuntesdesanluis.com\/wp-content\/uploads\/2024\/03\/tv-publica.png",663,373,false],"newsever-slider-full":["https:\/\/apuntesdesanluis.com\/wp-content\/uploads\/2024\/03\/tv-publica.png",663,373,false],"newsever-featured":["https:\/\/apuntesdesanluis.com\/wp-content\/uploads\/2024\/03\/tv-publica.png",663,373,false],"newsever-medium":["https:\/\/apuntesdesanluis.com\/wp-content\/uploads\/2024\/03\/tv-publica.png",663,373,false]},"author_info":{"display_name":"apuntesdesanluis.com","author_link":"https:\/\/apuntesdesanluis.com\/index.php\/author\/apuntesdesanluis-com\/"},"category_info":"<a href=\"https:\/\/apuntesdesanluis.com\/index.php\/category\/nacionales-internacionales\/\" rel=\"category tag\">Nacionales\/Internacionales<\/a>","tag_info":"Nacionales\/Internacionales","comment_count":"0","_links":{"self":[{"href":"https:\/\/apuntesdesanluis.com\/index.php\/wp-json\/wp\/v2\/posts\/13583","targetHints":{"allow":["GET"]}}],"collection":[{"href":"https:\/\/apuntesdesanluis.com\/index.php\/wp-json\/wp\/v2\/posts"}],"about":[{"href":"https:\/\/apuntesdesanluis.com\/index.php\/wp-json\/wp\/v2\/types\/post"}],"author":[{"embeddable":true,"href":"https:\/\/apuntesdesanluis.com\/index.php\/wp-json\/wp\/v2\/users\/1"}],"replies":[{"embeddable":true,"href":"https:\/\/apuntesdesanluis.com\/index.php\/wp-json\/wp\/v2\/comments?post=13583"}],"version-history":[{"count":5,"href":"https:\/\/apuntesdesanluis.com\/index.php\/wp-json\/wp\/v2\/posts\/13583\/revisions"}],"predecessor-version":[{"id":13591,"href":"https:\/\/apuntesdesanluis.com\/index.php\/wp-json\/wp\/v2\/posts\/13583\/revisions\/13591"}],"wp:featuredmedia":[{"embeddable":true,"href":"https:\/\/apuntesdesanluis.com\/index.php\/wp-json\/wp\/v2\/media\/13584"}],"wp:attachment":[{"href":"https:\/\/apuntesdesanluis.com\/index.php\/wp-json\/wp\/v2\/media?parent=13583"}],"wp:term":[{"taxonomy":"category","embeddable":true,"href":"https:\/\/apuntesdesanluis.com\/index.php\/wp-json\/wp\/v2\/categories?post=13583"},{"taxonomy":"post_tag","embeddable":true,"href":"https:\/\/apuntesdesanluis.com\/index.php\/wp-json\/wp\/v2\/tags?post=13583"}],"curies":[{"name":"wp","href":"https:\/\/api.w.org\/{rel}","templated":true}]}}