{"id":13622,"date":"2024-03-23T20:15:18","date_gmt":"2024-03-23T23:15:18","guid":{"rendered":"https:\/\/apuntesdesanluis.com\/?p=13622"},"modified":"2024-03-23T20:21:17","modified_gmt":"2024-03-23T23:21:17","slug":"rodriguez-saa-y-el-congreso-del-pj-haz-lo-que-yo-digo","status":"publish","type":"post","link":"https:\/\/apuntesdesanluis.com\/index.php\/2024\/03\/23\/rodriguez-saa-y-el-congreso-del-pj-haz-lo-que-yo-digo\/","title":{"rendered":"RODR\u00cdGUEZ SA\u00c1 Y EL CONGRESO DEL PJ: HAZ LO QUE YO DIGO\u2026"},"content":{"rendered":"<h3>Por <span style=\"color: #000000;\"><strong><em>Eduardo Gargiulo<\/em><\/strong><\/span><\/h3>\n<h3>Ya era tiempo de convocar al partido, a m\u00e1s de cuatro meses de la dolorosa debacle electoral a manos del libertario <strong>Javier Milei<\/strong>. La principal coincidencia era que hab\u00eda que desplazar al \u201cpadre de la derrota\u201d: <strong>Alberto Fern\u00e1ndez<\/strong>. Se lo hizo prolijamente (el tipo pidi\u00f3 licencia). Pero ahora viene lo m\u00e1s dif\u00edcil: ver c\u00f3mo se reconfigura hacia adentro, se reconstruyen nuevos liderazgos y se define un nuevo perfil de cara al futuro.<\/h3>\n<h3>El Congreso del PJ nacional que deliber\u00f3 el viernes \u00faltimo en el microestadio de Ferrocarril Oeste no dej\u00f3 grandes definiciones. Apenas algunos pases de factura velados a <strong>M\u00e1ximo Kirchner<\/strong> y cero debate en torno de las causas que facilitaron el triunfo libertario. El \u00faltimo candidato presidencial <strong>Sergio Massa<\/strong> prefiri\u00f3 dedicarse a renovar su propio espacio, fiel a su estilo de atender su propio juego.<\/h3>\n<h3>Est\u00e1 todo tan fresco que apenas se consigui\u00f3 aprobar la creaci\u00f3n de una nueva mesa de acci\u00f3n pol\u00edtica que actuar\u00e1 como conducci\u00f3n transitoria, aunque la designaci\u00f3n de sus integrantes qued\u00f3 para m\u00e1s adelante. Ante la carencia de un liderazgo fuerte, el PJ copiar\u00eda el modelo de la CGT, con una conducci\u00f3n colegiada de 3 o hasta 5 integrantes, pero eso reci\u00e9n empez\u00f3 a discutirse.<\/h3>\n<h3>Asistieron la mitad: apenas 466 de 900 congresales con que cuenta el PJ. Entre ellos se encontraba el ex gobernador <strong>Alberto Rodr\u00edguez Sa\u00e1<\/strong> y un grupo de sus m\u00e1s cercanos seguidores. Su postura de que se convocara en forma urgente a elecciones internas no prosper\u00f3. Nadie crey\u00f3 que fuera oportuno ir tan all\u00e1, sin antes ordenar un poco las cargas.<\/h3>\n<p>&nbsp;<\/p>\n<p><img fetchpriority=\"high\" decoding=\"async\" class=\"wp-image-13624 aligncenter\" src=\"https:\/\/apuntesdesanluis.com\/wp-content\/uploads\/2024\/03\/alberto-en-con-congreso-del-pj-300x179.jpg\" alt=\"\" width=\"597\" height=\"356\" srcset=\"https:\/\/apuntesdesanluis.com\/wp-content\/uploads\/2024\/03\/alberto-en-con-congreso-del-pj-300x179.jpg 300w, https:\/\/apuntesdesanluis.com\/wp-content\/uploads\/2024\/03\/alberto-en-con-congreso-del-pj.jpg 596w\" sizes=\"(max-width: 597px) 100vw, 597px\" \/><\/p>\n<h3>Se volvi\u00f3 con bronca, porque nadie le brind\u00f3 el espacio de reconocimiento que cree haberse ganado por haber sido quien cinco a\u00f1os atr\u00e1s plant\u00f3 bandera con aquello de \u201chay 2019\u201d, cuando muchos cre\u00edan que el macrismo era invencible. Seg\u00fan algunos \u00edntimos, estuvo a punto de lanzar un \u201chay 2027\u201d, pero se fren\u00f3.<\/h3>\n<h3>Una de sus acompa\u00f1antes, la ex senadora <strong>Eugenia Catalfamo<\/strong>, efectu\u00f3 un posteo en el que blanque\u00f3 la postura del peronismo de San Luis en el Congreso del PJ Nacional:<\/h3>\n<h3><strong>\u201cManifestamos la necesidad imperiosa de poder llamar a elecciones internas para conducir nuestro movimiento de manera organizada y de cara a lo que nos pide el pueblo argentino en momentos de tant\u00edsima angustia. Como dijo Alberto Rodr\u00edguez Sa\u00e1: convicciones, militancia y concentraci\u00f3n de fuerzas. \u00a1Con el pueblo y por el pueblo, todo!\u201d<\/strong>.<\/h3>\n<h3>Hubo muchos pulgares levantados en su publicaci\u00f3n, aunque tambi\u00e9n cosech\u00f3 \u00e1speros comentarios.<\/h3>\n<h3><img decoding=\"async\" class=\"wp-image-13625 aligncenter\" src=\"https:\/\/apuntesdesanluis.com\/wp-content\/uploads\/2024\/03\/comentarios-284x300.png\" alt=\"\" width=\"526\" height=\"556\" srcset=\"https:\/\/apuntesdesanluis.com\/wp-content\/uploads\/2024\/03\/comentarios-284x300.png 284w, https:\/\/apuntesdesanluis.com\/wp-content\/uploads\/2024\/03\/comentarios.png 605w\" sizes=\"(max-width: 526px) 100vw, 526px\" \/><\/h3>\n<h3><\/h3>\n<h3>En San Luis muchos dirigentes tambi\u00e9n manifestaron su bronca, pero no por lo ocurrido en el congreso de Ferro.<\/h3>\n<h3><strong>&#8211; \u201c\u00bfC\u00f3mo es la cosa? \u00bfA nivel nacional es imperioso convocar a internas y renovar el partido y aqu\u00ed en San Luis se hacen los boludos?\u201d<\/strong>, se pregunt\u00f3 un veterano dirigente con lenguaje llano y mucho sentido com\u00fan.<\/h3>\n<h3>No es el \u00fanico que piensa de este modo.\u00a0Otro, sin conocer esa opini\u00f3n, dijo algo parecido:<\/h3>\n<h3>&#8211; <strong>\u201cEl Alberto no tiene cara. \u00c9l no tiene autoridad moral para reclamar nada, no solo porque tambi\u00e9n perdi\u00f3 y est\u00e1 hace m\u00e1s de 40 a\u00f1os, sino porque maneja todo a su antojo. Miralo ahora: llama a los compa\u00f1eros a la redacci\u00f3n del diario para bajarles l\u00ednea, en lugar de abrir el partido para el debate interno y la renovaci\u00f3n\u201d<\/strong>.<\/h3>\n<h3>Todos en off, \u201cporque los trapitos se lavan adentro, cuando nos convoquen a debatir\u201d.<\/h3>\n<h3>El \u00fanico que habl\u00f3 y dijo lo que piensa, meses atr\u00e1s, por poco lo crucifican. El intendente de Villa Mercedes <strong>Maxi Frontera<\/strong> se anim\u00f3 a proponer como alternativa el llamado a internas abiertas. Nadie lo sali\u00f3 a bancar. Desde \u201cla conducci\u00f3n\u201d, en cambio, est\u00e1n viendo c\u00f3mo convocan al tribunal de disciplina partidaria del PJ para expulsarlo a \u00e9l y a los diputados provinciales que se fueron del bloque.<\/h3>\n<h3>Todo muy constructivo y democr\u00e1tico.<\/h3>\n<h3>Al\u00a0 igual que lo que acontece en el orden nacional, el justicialismo de San Luis tambi\u00e9n ha quedado tambaleante tras la derrota e incapaz de frenar la di\u00e1spora de dirigentes que eligen escindirse en busca de su propio destino (y conveniencias).<\/h3>\n<h3>As\u00ed como ante el presidente han ganado poder y peso propio los gobernadores, ante Terrazas del Portezuelo son los intendentes quienes han sumado centralidad. La \u00faltima votaci\u00f3n en Diputados y Senadores, con amplias mayor\u00edas respaldando el proyecto de ley de moratoria, se adjudica en buena medida a la \u201cmu\u00f1eca\u201d de los jefes comunales.<\/h3>\n<h3>A partir de la relaci\u00f3n que estos han logrado tejer con Poggi, para contar con gobernabilidad y poder gestionar la crisis, los legisladores de cada departamento se han alineado con las necesidades de sus pueblos y ciudades, al margen del mandato partidario.<\/h3>\n<h3>En la C\u00e1mara baja apenas quedaron 14 leales que le responden al ex gobernador. En el Senado ser\u00edan tres, pero para no aparecer perdiendo por goleada prefirieron votar con el oficialismo.<\/h3>\n<h3>Lo ocurrido marca el estado de debilidad extrema en que se encuentra el otrora poderoso Partido Justicialista. Su poder de fuego se reduce cada vez m\u00e1s con el paso de los d\u00edas, al mismo ritmo que la influencia de su conductor.<\/h3>\n<h3>No solo pierde jugadores en cada nueva movida, sino que tampoco consigue sumar \u201csuscriptores\u201d para la edici\u00f3n digital de su diario, antes de cerrar su formato impreso. Un presente muy triste y preocupante, advertir cuando el poder se diluye r\u00e1pidamente sin que nada lo detenga.<\/h3>\n<h3>Avanzado el a\u00f1o 1700, <strong>Catalina la Grande<\/strong> se convirti\u00f3 en la emperatriz reinante m\u00e1s larga del imperio ruso, que convirti\u00f3 a ese pa\u00eds en la potencia dominante de Europa sudoriental y jug\u00f3 un papel importante en la era rusa de la iluminaci\u00f3n. Dej\u00f3 muchas frases, pero una encaja perfectamente en el actual contexto que analizamos. Ella dijo: <strong>\u00abEl poder sin la confianza de una naci\u00f3n no es nada\u00bb<\/strong>.<\/h3>\n<h3>Aunque sea triste y resulte doloroso, Alberto Rodr\u00edguez Sa\u00e1 debe estar apreciando algo parecido.<\/h3>\n<p>&nbsp;<\/p>\n","protected":false},"excerpt":{"rendered":"<p>Por Eduardo Gargiulo Ya era tiempo de convocar al partido, a m\u00e1s de cuatro meses&#8230;<\/p>\n","protected":false},"author":1,"featured_media":13623,"comment_status":"closed","ping_status":"closed","sticky":false,"template":"","format":"standard","meta":{"footnotes":""},"categories":[9],"tags":[],"class_list":["post-13622","post","type-post","status-publish","format-standard","has-post-thumbnail","hentry","category-opinion"],"yoast_head":"<!-- This site is optimized with the Yoast SEO plugin v26.1.1 - https:\/\/yoast.com\/wordpress\/plugins\/seo\/ -->\n<title>RODR\u00cdGUEZ SA\u00c1 Y EL CONGRESO DEL PJ: HAZ LO QUE YO DIGO\u2026 - Apuntes de San Luis<\/title>\n<meta name=\"robots\" content=\"index, follow, max-snippet:-1, max-image-preview:large, max-video-preview:-1\" \/>\n<link rel=\"canonical\" href=\"https:\/\/apuntesdesanluis.com\/index.php\/2024\/03\/23\/rodriguez-saa-y-el-congreso-del-pj-haz-lo-que-yo-digo\/\" \/>\n<meta property=\"og:locale\" content=\"es_ES\" \/>\n<meta property=\"og:type\" content=\"article\" \/>\n<meta property=\"og:title\" content=\"RODR\u00cdGUEZ SA\u00c1 Y EL CONGRESO DEL PJ: HAZ LO QUE YO DIGO\u2026 - Apuntes de San Luis\" \/>\n<meta property=\"og:description\" content=\"Por Eduardo Gargiulo Ya era tiempo de convocar al partido, a m\u00e1s de cuatro meses...\" \/>\n<meta property=\"og:url\" content=\"https:\/\/apuntesdesanluis.com\/index.php\/2024\/03\/23\/rodriguez-saa-y-el-congreso-del-pj-haz-lo-que-yo-digo\/\" \/>\n<meta property=\"og:site_name\" content=\"Apuntes de San Luis\" \/>\n<meta property=\"article:published_time\" content=\"2024-03-23T23:15:18+00:00\" \/>\n<meta property=\"article:modified_time\" content=\"2024-03-23T23:21:17+00:00\" \/>\n<meta property=\"og:image\" content=\"https:\/\/apuntesdesanluis.com\/wp-content\/uploads\/2024\/03\/congreso-del-pj.png\" \/>\n\t<meta property=\"og:image:width\" content=\"600\" \/>\n\t<meta property=\"og:image:height\" content=\"340\" \/>\n\t<meta property=\"og:image:type\" content=\"image\/png\" \/>\n<meta name=\"author\" content=\"apuntesdesanluis.com\" \/>\n<meta name=\"twitter:card\" content=\"summary_large_image\" \/>\n<meta name=\"twitter:label1\" content=\"Escrito por\" \/>\n\t<meta name=\"twitter:data1\" content=\"apuntesdesanluis.com\" \/>\n\t<meta name=\"twitter:label2\" content=\"Tiempo de lectura\" \/>\n\t<meta name=\"twitter:data2\" content=\"5 minutos\" \/>\n<script type=\"application\/ld+json\" class=\"yoast-schema-graph\">{\"@context\":\"https:\/\/schema.org\",\"@graph\":[{\"@type\":\"Article\",\"@id\":\"https:\/\/apuntesdesanluis.com\/index.php\/2024\/03\/23\/rodriguez-saa-y-el-congreso-del-pj-haz-lo-que-yo-digo\/#article\",\"isPartOf\":{\"@id\":\"https:\/\/apuntesdesanluis.com\/index.php\/2024\/03\/23\/rodriguez-saa-y-el-congreso-del-pj-haz-lo-que-yo-digo\/\"},\"author\":{\"name\":\"apuntesdesanluis.com\",\"@id\":\"https:\/\/apuntesdesanluis.com\/#\/schema\/person\/b55151d52296fcce64d1a72538a70b90\"},\"headline\":\"RODR\u00cdGUEZ SA\u00c1 Y EL CONGRESO DEL PJ: HAZ LO QUE YO DIGO\u2026\",\"datePublished\":\"2024-03-23T23:15:18+00:00\",\"dateModified\":\"2024-03-23T23:21:17+00:00\",\"mainEntityOfPage\":{\"@id\":\"https:\/\/apuntesdesanluis.com\/index.php\/2024\/03\/23\/rodriguez-saa-y-el-congreso-del-pj-haz-lo-que-yo-digo\/\"},\"wordCount\":1032,\"publisher\":{\"@id\":\"https:\/\/apuntesdesanluis.com\/#\/schema\/person\/b55151d52296fcce64d1a72538a70b90\"},\"image\":{\"@id\":\"https:\/\/apuntesdesanluis.com\/index.php\/2024\/03\/23\/rodriguez-saa-y-el-congreso-del-pj-haz-lo-que-yo-digo\/#primaryimage\"},\"thumbnailUrl\":\"https:\/\/apuntesdesanluis.com\/wp-content\/uploads\/2024\/03\/congreso-del-pj.png\",\"articleSection\":[\"Opini\u00f3n\"],\"inLanguage\":\"es-AR\"},{\"@type\":\"WebPage\",\"@id\":\"https:\/\/apuntesdesanluis.com\/index.php\/2024\/03\/23\/rodriguez-saa-y-el-congreso-del-pj-haz-lo-que-yo-digo\/\",\"url\":\"https:\/\/apuntesdesanluis.com\/index.php\/2024\/03\/23\/rodriguez-saa-y-el-congreso-del-pj-haz-lo-que-yo-digo\/\",\"name\":\"RODR\u00cdGUEZ SA\u00c1 Y EL CONGRESO DEL PJ: HAZ LO QUE YO DIGO\u2026 - Apuntes de San Luis\",\"isPartOf\":{\"@id\":\"https:\/\/apuntesdesanluis.com\/#website\"},\"primaryImageOfPage\":{\"@id\":\"https:\/\/apuntesdesanluis.com\/index.php\/2024\/03\/23\/rodriguez-saa-y-el-congreso-del-pj-haz-lo-que-yo-digo\/#primaryimage\"},\"image\":{\"@id\":\"https:\/\/apuntesdesanluis.com\/index.php\/2024\/03\/23\/rodriguez-saa-y-el-congreso-del-pj-haz-lo-que-yo-digo\/#primaryimage\"},\"thumbnailUrl\":\"https:\/\/apuntesdesanluis.com\/wp-content\/uploads\/2024\/03\/congreso-del-pj.png\",\"datePublished\":\"2024-03-23T23:15:18+00:00\",\"dateModified\":\"2024-03-23T23:21:17+00:00\",\"breadcrumb\":{\"@id\":\"https:\/\/apuntesdesanluis.com\/index.php\/2024\/03\/23\/rodriguez-saa-y-el-congreso-del-pj-haz-lo-que-yo-digo\/#breadcrumb\"},\"inLanguage\":\"es-AR\",\"potentialAction\":[{\"@type\":\"ReadAction\",\"target\":[\"https:\/\/apuntesdesanluis.com\/index.php\/2024\/03\/23\/rodriguez-saa-y-el-congreso-del-pj-haz-lo-que-yo-digo\/\"]}]},{\"@type\":\"ImageObject\",\"inLanguage\":\"es-AR\",\"@id\":\"https:\/\/apuntesdesanluis.com\/index.php\/2024\/03\/23\/rodriguez-saa-y-el-congreso-del-pj-haz-lo-que-yo-digo\/#primaryimage\",\"url\":\"https:\/\/apuntesdesanluis.com\/wp-content\/uploads\/2024\/03\/congreso-del-pj.png\",\"contentUrl\":\"https:\/\/apuntesdesanluis.com\/wp-content\/uploads\/2024\/03\/congreso-del-pj.png\",\"width\":600,\"height\":340},{\"@type\":\"BreadcrumbList\",\"@id\":\"https:\/\/apuntesdesanluis.com\/index.php\/2024\/03\/23\/rodriguez-saa-y-el-congreso-del-pj-haz-lo-que-yo-digo\/#breadcrumb\",\"itemListElement\":[{\"@type\":\"ListItem\",\"position\":1,\"name\":\"Inicio\",\"item\":\"https:\/\/apuntesdesanluis.com\/\"},{\"@type\":\"ListItem\",\"position\":2,\"name\":\"RODR\u00cdGUEZ SA\u00c1 Y EL CONGRESO DEL PJ: HAZ LO QUE YO DIGO\u2026\"}]},{\"@type\":\"WebSite\",\"@id\":\"https:\/\/apuntesdesanluis.com\/#website\",\"url\":\"https:\/\/apuntesdesanluis.com\/\",\"name\":\"Apuntes de San Luis\",\"description\":\"\",\"publisher\":{\"@id\":\"https:\/\/apuntesdesanluis.com\/#\/schema\/person\/b55151d52296fcce64d1a72538a70b90\"},\"potentialAction\":[{\"@type\":\"SearchAction\",\"target\":{\"@type\":\"EntryPoint\",\"urlTemplate\":\"https:\/\/apuntesdesanluis.com\/?s={search_term_string}\"},\"query-input\":{\"@type\":\"PropertyValueSpecification\",\"valueRequired\":true,\"valueName\":\"search_term_string\"}}],\"inLanguage\":\"es-AR\"},{\"@type\":[\"Person\",\"Organization\"],\"@id\":\"https:\/\/apuntesdesanluis.com\/#\/schema\/person\/b55151d52296fcce64d1a72538a70b90\",\"name\":\"apuntesdesanluis.com\",\"image\":{\"@type\":\"ImageObject\",\"inLanguage\":\"es-AR\",\"@id\":\"https:\/\/apuntesdesanluis.com\/#\/schema\/person\/image\/\",\"url\":\"https:\/\/apuntesdesanluis.com\/wp-content\/uploads\/2023\/07\/cropped-apuntesdesanluis.png\",\"contentUrl\":\"https:\/\/apuntesdesanluis.com\/wp-content\/uploads\/2023\/07\/cropped-apuntesdesanluis.png\",\"width\":450,\"height\":112,\"caption\":\"apuntesdesanluis.com\"},\"logo\":{\"@id\":\"https:\/\/apuntesdesanluis.com\/#\/schema\/person\/image\/\"},\"sameAs\":[\"https:\/\/apuntesdesanluis.com\"],\"url\":\"https:\/\/apuntesdesanluis.com\/index.php\/author\/apuntesdesanluis-com\/\"}]}<\/script>\n<!-- \/ Yoast SEO plugin. -->","yoast_head_json":{"title":"RODR\u00cdGUEZ SA\u00c1 Y EL CONGRESO DEL PJ: HAZ LO QUE YO DIGO\u2026 - Apuntes de San Luis","robots":{"index":"index","follow":"follow","max-snippet":"max-snippet:-1","max-image-preview":"max-image-preview:large","max-video-preview":"max-video-preview:-1"},"canonical":"https:\/\/apuntesdesanluis.com\/index.php\/2024\/03\/23\/rodriguez-saa-y-el-congreso-del-pj-haz-lo-que-yo-digo\/","og_locale":"es_ES","og_type":"article","og_title":"RODR\u00cdGUEZ SA\u00c1 Y EL CONGRESO DEL PJ: HAZ LO QUE YO DIGO\u2026 - Apuntes de San Luis","og_description":"Por Eduardo Gargiulo Ya era tiempo de convocar al partido, a m\u00e1s de cuatro meses...","og_url":"https:\/\/apuntesdesanluis.com\/index.php\/2024\/03\/23\/rodriguez-saa-y-el-congreso-del-pj-haz-lo-que-yo-digo\/","og_site_name":"Apuntes de San Luis","article_published_time":"2024-03-23T23:15:18+00:00","article_modified_time":"2024-03-23T23:21:17+00:00","og_image":[{"width":600,"height":340,"url":"https:\/\/apuntesdesanluis.com\/wp-content\/uploads\/2024\/03\/congreso-del-pj.png","type":"image\/png"}],"author":"apuntesdesanluis.com","twitter_card":"summary_large_image","twitter_misc":{"Escrito por":"apuntesdesanluis.com","Tiempo de lectura":"5 minutos"},"schema":{"@context":"https:\/\/schema.org","@graph":[{"@type":"Article","@id":"https:\/\/apuntesdesanluis.com\/index.php\/2024\/03\/23\/rodriguez-saa-y-el-congreso-del-pj-haz-lo-que-yo-digo\/#article","isPartOf":{"@id":"https:\/\/apuntesdesanluis.com\/index.php\/2024\/03\/23\/rodriguez-saa-y-el-congreso-del-pj-haz-lo-que-yo-digo\/"},"author":{"name":"apuntesdesanluis.com","@id":"https:\/\/apuntesdesanluis.com\/#\/schema\/person\/b55151d52296fcce64d1a72538a70b90"},"headline":"RODR\u00cdGUEZ SA\u00c1 Y EL CONGRESO DEL PJ: HAZ LO QUE YO DIGO\u2026","datePublished":"2024-03-23T23:15:18+00:00","dateModified":"2024-03-23T23:21:17+00:00","mainEntityOfPage":{"@id":"https:\/\/apuntesdesanluis.com\/index.php\/2024\/03\/23\/rodriguez-saa-y-el-congreso-del-pj-haz-lo-que-yo-digo\/"},"wordCount":1032,"publisher":{"@id":"https:\/\/apuntesdesanluis.com\/#\/schema\/person\/b55151d52296fcce64d1a72538a70b90"},"image":{"@id":"https:\/\/apuntesdesanluis.com\/index.php\/2024\/03\/23\/rodriguez-saa-y-el-congreso-del-pj-haz-lo-que-yo-digo\/#primaryimage"},"thumbnailUrl":"https:\/\/apuntesdesanluis.com\/wp-content\/uploads\/2024\/03\/congreso-del-pj.png","articleSection":["Opini\u00f3n"],"inLanguage":"es-AR"},{"@type":"WebPage","@id":"https:\/\/apuntesdesanluis.com\/index.php\/2024\/03\/23\/rodriguez-saa-y-el-congreso-del-pj-haz-lo-que-yo-digo\/","url":"https:\/\/apuntesdesanluis.com\/index.php\/2024\/03\/23\/rodriguez-saa-y-el-congreso-del-pj-haz-lo-que-yo-digo\/","name":"RODR\u00cdGUEZ SA\u00c1 Y EL CONGRESO DEL PJ: HAZ LO QUE YO DIGO\u2026 - Apuntes de San Luis","isPartOf":{"@id":"https:\/\/apuntesdesanluis.com\/#website"},"primaryImageOfPage":{"@id":"https:\/\/apuntesdesanluis.com\/index.php\/2024\/03\/23\/rodriguez-saa-y-el-congreso-del-pj-haz-lo-que-yo-digo\/#primaryimage"},"image":{"@id":"https:\/\/apuntesdesanluis.com\/index.php\/2024\/03\/23\/rodriguez-saa-y-el-congreso-del-pj-haz-lo-que-yo-digo\/#primaryimage"},"thumbnailUrl":"https:\/\/apuntesdesanluis.com\/wp-content\/uploads\/2024\/03\/congreso-del-pj.png","datePublished":"2024-03-23T23:15:18+00:00","dateModified":"2024-03-23T23:21:17+00:00","breadcrumb":{"@id":"https:\/\/apuntesdesanluis.com\/index.php\/2024\/03\/23\/rodriguez-saa-y-el-congreso-del-pj-haz-lo-que-yo-digo\/#breadcrumb"},"inLanguage":"es-AR","potentialAction":[{"@type":"ReadAction","target":["https:\/\/apuntesdesanluis.com\/index.php\/2024\/03\/23\/rodriguez-saa-y-el-congreso-del-pj-haz-lo-que-yo-digo\/"]}]},{"@type":"ImageObject","inLanguage":"es-AR","@id":"https:\/\/apuntesdesanluis.com\/index.php\/2024\/03\/23\/rodriguez-saa-y-el-congreso-del-pj-haz-lo-que-yo-digo\/#primaryimage","url":"https:\/\/apuntesdesanluis.com\/wp-content\/uploads\/2024\/03\/congreso-del-pj.png","contentUrl":"https:\/\/apuntesdesanluis.com\/wp-content\/uploads\/2024\/03\/congreso-del-pj.png","width":600,"height":340},{"@type":"BreadcrumbList","@id":"https:\/\/apuntesdesanluis.com\/index.php\/2024\/03\/23\/rodriguez-saa-y-el-congreso-del-pj-haz-lo-que-yo-digo\/#breadcrumb","itemListElement":[{"@type":"ListItem","position":1,"name":"Inicio","item":"https:\/\/apuntesdesanluis.com\/"},{"@type":"ListItem","position":2,"name":"RODR\u00cdGUEZ SA\u00c1 Y EL CONGRESO DEL PJ: HAZ LO QUE YO DIGO\u2026"}]},{"@type":"WebSite","@id":"https:\/\/apuntesdesanluis.com\/#website","url":"https:\/\/apuntesdesanluis.com\/","name":"Apuntes de San Luis","description":"","publisher":{"@id":"https:\/\/apuntesdesanluis.com\/#\/schema\/person\/b55151d52296fcce64d1a72538a70b90"},"potentialAction":[{"@type":"SearchAction","target":{"@type":"EntryPoint","urlTemplate":"https:\/\/apuntesdesanluis.com\/?s={search_term_string}"},"query-input":{"@type":"PropertyValueSpecification","valueRequired":true,"valueName":"search_term_string"}}],"inLanguage":"es-AR"},{"@type":["Person","Organization"],"@id":"https:\/\/apuntesdesanluis.com\/#\/schema\/person\/b55151d52296fcce64d1a72538a70b90","name":"apuntesdesanluis.com","image":{"@type":"ImageObject","inLanguage":"es-AR","@id":"https:\/\/apuntesdesanluis.com\/#\/schema\/person\/image\/","url":"https:\/\/apuntesdesanluis.com\/wp-content\/uploads\/2023\/07\/cropped-apuntesdesanluis.png","contentUrl":"https:\/\/apuntesdesanluis.com\/wp-content\/uploads\/2023\/07\/cropped-apuntesdesanluis.png","width":450,"height":112,"caption":"apuntesdesanluis.com"},"logo":{"@id":"https:\/\/apuntesdesanluis.com\/#\/schema\/person\/image\/"},"sameAs":["https:\/\/apuntesdesanluis.com"],"url":"https:\/\/apuntesdesanluis.com\/index.php\/author\/apuntesdesanluis-com\/"}]}},"featured_image_urls":{"full":["https:\/\/apuntesdesanluis.com\/wp-content\/uploads\/2024\/03\/congreso-del-pj.png",600,340,false],"thumbnail":["https:\/\/apuntesdesanluis.com\/wp-content\/uploads\/2024\/03\/congreso-del-pj-150x150.png",150,150,true],"medium":["https:\/\/apuntesdesanluis.com\/wp-content\/uploads\/2024\/03\/congreso-del-pj-300x170.png",300,170,true],"medium_large":["https:\/\/apuntesdesanluis.com\/wp-content\/uploads\/2024\/03\/congreso-del-pj.png",600,340,false],"large":["https:\/\/apuntesdesanluis.com\/wp-content\/uploads\/2024\/03\/congreso-del-pj.png",600,340,false],"1536x1536":["https:\/\/apuntesdesanluis.com\/wp-content\/uploads\/2024\/03\/congreso-del-pj.png",600,340,false],"2048x2048":["https:\/\/apuntesdesanluis.com\/wp-content\/uploads\/2024\/03\/congreso-del-pj.png",600,340,false],"newsever-slider-full":["https:\/\/apuntesdesanluis.com\/wp-content\/uploads\/2024\/03\/congreso-del-pj.png",600,340,false],"newsever-featured":["https:\/\/apuntesdesanluis.com\/wp-content\/uploads\/2024\/03\/congreso-del-pj.png",600,340,false],"newsever-medium":["https:\/\/apuntesdesanluis.com\/wp-content\/uploads\/2024\/03\/congreso-del-pj.png",600,340,false]},"author_info":{"display_name":"apuntesdesanluis.com","author_link":"https:\/\/apuntesdesanluis.com\/index.php\/author\/apuntesdesanluis-com\/"},"category_info":"<a href=\"https:\/\/apuntesdesanluis.com\/index.php\/category\/opinion\/\" rel=\"category tag\">Opini\u00f3n<\/a>","tag_info":"Opini\u00f3n","comment_count":"0","_links":{"self":[{"href":"https:\/\/apuntesdesanluis.com\/index.php\/wp-json\/wp\/v2\/posts\/13622","targetHints":{"allow":["GET"]}}],"collection":[{"href":"https:\/\/apuntesdesanluis.com\/index.php\/wp-json\/wp\/v2\/posts"}],"about":[{"href":"https:\/\/apuntesdesanluis.com\/index.php\/wp-json\/wp\/v2\/types\/post"}],"author":[{"embeddable":true,"href":"https:\/\/apuntesdesanluis.com\/index.php\/wp-json\/wp\/v2\/users\/1"}],"replies":[{"embeddable":true,"href":"https:\/\/apuntesdesanluis.com\/index.php\/wp-json\/wp\/v2\/comments?post=13622"}],"version-history":[{"count":9,"href":"https:\/\/apuntesdesanluis.com\/index.php\/wp-json\/wp\/v2\/posts\/13622\/revisions"}],"predecessor-version":[{"id":13634,"href":"https:\/\/apuntesdesanluis.com\/index.php\/wp-json\/wp\/v2\/posts\/13622\/revisions\/13634"}],"wp:featuredmedia":[{"embeddable":true,"href":"https:\/\/apuntesdesanluis.com\/index.php\/wp-json\/wp\/v2\/media\/13623"}],"wp:attachment":[{"href":"https:\/\/apuntesdesanluis.com\/index.php\/wp-json\/wp\/v2\/media?parent=13622"}],"wp:term":[{"taxonomy":"category","embeddable":true,"href":"https:\/\/apuntesdesanluis.com\/index.php\/wp-json\/wp\/v2\/categories?post=13622"},{"taxonomy":"post_tag","embeddable":true,"href":"https:\/\/apuntesdesanluis.com\/index.php\/wp-json\/wp\/v2\/tags?post=13622"}],"curies":[{"name":"wp","href":"https:\/\/api.w.org\/{rel}","templated":true}]}}