{"id":13635,"date":"2024-03-24T18:35:12","date_gmt":"2024-03-24T21:35:12","guid":{"rendered":"https:\/\/apuntesdesanluis.com\/?p=13635"},"modified":"2024-03-24T18:35:12","modified_gmt":"2024-03-24T21:35:12","slug":"el-gobierno-difundio-un-video-a-48-anos-de-la-dictadura-militar","status":"publish","type":"post","link":"https:\/\/apuntesdesanluis.com\/index.php\/2024\/03\/24\/el-gobierno-difundio-un-video-a-48-anos-de-la-dictadura-militar\/","title":{"rendered":"EL GOBIERNO DIFUNDI\u00d3 UN VIDEO A 48 A\u00d1OS DE LA DICTADURA MILITAR"},"content":{"rendered":"<h3>En el marco del 24 de marzo, a 48\u00ba a\u00f1os del Golpe c\u00edvico &#8211; militar encabezado por la Junta Militar y el presidente de facto <strong>Jorge Rafael Videla<\/strong>, el gobierno de <strong>Javier Milei<\/strong> comparti\u00f3 un video por \u201c<strong>la Memoria, la Verdad y la Justicia completa<\/strong>\u201d.<\/h3>\n<h3>Con las voces del periodista <strong>Juan Bautista &#8220;Tata&#8221; Yofre<\/strong>, el exguerrillero <strong>Luis Labra\u00f1a<\/strong>\u00a0y <strong>Mar\u00eda Fernanda Viola<\/strong>, la hija del ex capit\u00e1n <strong>Humberto Viola<\/strong>, la administraci\u00f3n libertaria prioriz\u00f3 darle lugar a los pedidos de justicia para a las v\u00edctimas de agrupaciones armadas, sin hacer menci\u00f3n de las desapariciones, torturas y asesinados propiciados por la dictadura.<\/h3>\n<h3>En la pieza audiovisual que dura m\u00e1s de 12 minutos, se cuestiona la cifra de 30.000 detenidos desaparecidos, se habla de \u201cguerra\u201d respecto a lo sucedido entre 1976 y 1983, reclaman indemnizaciones para las v\u00edctimas de terrorismo y critican con dureza al gobierno de N\u00e9stor y Cristina Kirchner.<\/h3>\n<h3>El video inicia con una cita del escritor Mil\u00e1n Kundera, de su obra El libro de la risa y el olvido, en la que sostiene que \u201cpara liquidar a las naciones lo primero que se hace es quitarles la memoria\u201d. La voz en off que lee el textual es la del &#8220;Tata&#8221; Yofre, quien ampl\u00eda: \u201cSe destruyen sus libros, su cultura, su historia y luego viene alguien y les escribe otros libros, les da otra cultura y les inventa otra historia. Entonces la naci\u00f3n comienza lentamente a olvidar lo que es y lo que ha sido. Y el mundo circundante lo olvida a\u00fan mucho antes\u201d.<\/h3>\n<p><iframe title=\"D\u00eda de la Memoria por la Verdad y la Justicia. Completa.\" width=\"640\" height=\"360\" src=\"https:\/\/www.youtube.com\/embed\/dcHv_BNdVAI?feature=oembed\" frameborder=\"0\" allow=\"accelerometer; autoplay; clipboard-write; encrypted-media; gyroscope; picture-in-picture; web-share\" referrerpolicy=\"strict-origin-when-cross-origin\" allowfullscreen><\/iframe><\/p>\n<h3><\/h3>\n<h3>El video va en sinton\u00eda con el mensaje publicado por la vicepresidenta Victoria Villarruel minutos antes, quien a trav\u00e9s de una pieza comunicacional similar\u00a0 pidi\u00f3 \u201cVerdad, Justicia y Reparaci\u00f3n para las v\u00edctimas del terrorismo\u201d.<\/h3>\n<h3>\u201cLos derechos humanos son para todos. La Memoria tambi\u00e9n. Verdad, Justicia y Reparaci\u00f3n para las v\u00edctimas del terrorismo. Los responsables de estos cr\u00edmenes no pueden quedar impunes. #NoFueron30000\u201d, reclam\u00f3 desde sus redes sociales.<\/h3>\n<p>&nbsp;<\/p>\n<p>&nbsp;<\/p>\n<p>&nbsp;<\/p>\n<p>&nbsp;<\/p>\n<p>&nbsp;<\/p>\n<p>&nbsp;<\/p>\n","protected":false},"excerpt":{"rendered":"<p>En el marco del 24 de marzo, a 48\u00ba a\u00f1os del Golpe c\u00edvico &#8211; militar&#8230;<\/p>\n","protected":false},"author":1,"featured_media":13636,"comment_status":"closed","ping_status":"closed","sticky":false,"template":"","format":"standard","meta":{"footnotes":""},"categories":[5],"tags":[],"class_list":["post-13635","post","type-post","status-publish","format-standard","has-post-thumbnail","hentry","category-nacionales-internacionales"],"yoast_head":"<!-- This site is optimized with the Yoast SEO plugin v26.1.1 - https:\/\/yoast.com\/wordpress\/plugins\/seo\/ -->\n<title>EL GOBIERNO DIFUNDI\u00d3 UN VIDEO A 48 A\u00d1OS DE LA DICTADURA MILITAR - Apuntes de San Luis<\/title>\n<meta name=\"robots\" content=\"index, follow, max-snippet:-1, max-image-preview:large, max-video-preview:-1\" \/>\n<link rel=\"canonical\" href=\"https:\/\/apuntesdesanluis.com\/index.php\/2024\/03\/24\/el-gobierno-difundio-un-video-a-48-anos-de-la-dictadura-militar\/\" \/>\n<meta property=\"og:locale\" content=\"es_ES\" \/>\n<meta property=\"og:type\" content=\"article\" \/>\n<meta property=\"og:title\" content=\"EL GOBIERNO DIFUNDI\u00d3 UN VIDEO A 48 A\u00d1OS DE LA DICTADURA MILITAR - Apuntes de San Luis\" \/>\n<meta property=\"og:description\" content=\"En el marco del 24 de marzo, a 48\u00ba a\u00f1os del Golpe c\u00edvico &#8211; militar...\" \/>\n<meta property=\"og:url\" content=\"https:\/\/apuntesdesanluis.com\/index.php\/2024\/03\/24\/el-gobierno-difundio-un-video-a-48-anos-de-la-dictadura-militar\/\" \/>\n<meta property=\"og:site_name\" content=\"Apuntes de San Luis\" \/>\n<meta property=\"article:published_time\" content=\"2024-03-24T21:35:12+00:00\" \/>\n<meta property=\"og:image\" content=\"https:\/\/apuntesdesanluis.com\/wp-content\/uploads\/2024\/03\/dia.png\" \/>\n\t<meta property=\"og:image:width\" content=\"600\" \/>\n\t<meta property=\"og:image:height\" content=\"358\" \/>\n\t<meta property=\"og:image:type\" content=\"image\/png\" \/>\n<meta name=\"author\" content=\"apuntesdesanluis.com\" \/>\n<meta name=\"twitter:card\" content=\"summary_large_image\" \/>\n<meta name=\"twitter:label1\" content=\"Escrito por\" \/>\n\t<meta name=\"twitter:data1\" content=\"apuntesdesanluis.com\" \/>\n\t<meta name=\"twitter:label2\" content=\"Tiempo de lectura\" \/>\n\t<meta name=\"twitter:data2\" content=\"2 minutos\" \/>\n<script type=\"application\/ld+json\" class=\"yoast-schema-graph\">{\"@context\":\"https:\/\/schema.org\",\"@graph\":[{\"@type\":\"Article\",\"@id\":\"https:\/\/apuntesdesanluis.com\/index.php\/2024\/03\/24\/el-gobierno-difundio-un-video-a-48-anos-de-la-dictadura-militar\/#article\",\"isPartOf\":{\"@id\":\"https:\/\/apuntesdesanluis.com\/index.php\/2024\/03\/24\/el-gobierno-difundio-un-video-a-48-anos-de-la-dictadura-militar\/\"},\"author\":{\"name\":\"apuntesdesanluis.com\",\"@id\":\"https:\/\/apuntesdesanluis.com\/#\/schema\/person\/b55151d52296fcce64d1a72538a70b90\"},\"headline\":\"EL GOBIERNO DIFUNDI\u00d3 UN VIDEO A 48 A\u00d1OS DE LA DICTADURA MILITAR\",\"datePublished\":\"2024-03-24T21:35:12+00:00\",\"mainEntityOfPage\":{\"@id\":\"https:\/\/apuntesdesanluis.com\/index.php\/2024\/03\/24\/el-gobierno-difundio-un-video-a-48-anos-de-la-dictadura-militar\/\"},\"wordCount\":362,\"publisher\":{\"@id\":\"https:\/\/apuntesdesanluis.com\/#\/schema\/person\/b55151d52296fcce64d1a72538a70b90\"},\"image\":{\"@id\":\"https:\/\/apuntesdesanluis.com\/index.php\/2024\/03\/24\/el-gobierno-difundio-un-video-a-48-anos-de-la-dictadura-militar\/#primaryimage\"},\"thumbnailUrl\":\"https:\/\/apuntesdesanluis.com\/wp-content\/uploads\/2024\/03\/dia.png\",\"articleSection\":[\"Nacionales\/Internacionales\"],\"inLanguage\":\"es-AR\"},{\"@type\":\"WebPage\",\"@id\":\"https:\/\/apuntesdesanluis.com\/index.php\/2024\/03\/24\/el-gobierno-difundio-un-video-a-48-anos-de-la-dictadura-militar\/\",\"url\":\"https:\/\/apuntesdesanluis.com\/index.php\/2024\/03\/24\/el-gobierno-difundio-un-video-a-48-anos-de-la-dictadura-militar\/\",\"name\":\"EL GOBIERNO DIFUNDI\u00d3 UN VIDEO A 48 A\u00d1OS DE LA DICTADURA MILITAR - Apuntes de San Luis\",\"isPartOf\":{\"@id\":\"https:\/\/apuntesdesanluis.com\/#website\"},\"primaryImageOfPage\":{\"@id\":\"https:\/\/apuntesdesanluis.com\/index.php\/2024\/03\/24\/el-gobierno-difundio-un-video-a-48-anos-de-la-dictadura-militar\/#primaryimage\"},\"image\":{\"@id\":\"https:\/\/apuntesdesanluis.com\/index.php\/2024\/03\/24\/el-gobierno-difundio-un-video-a-48-anos-de-la-dictadura-militar\/#primaryimage\"},\"thumbnailUrl\":\"https:\/\/apuntesdesanluis.com\/wp-content\/uploads\/2024\/03\/dia.png\",\"datePublished\":\"2024-03-24T21:35:12+00:00\",\"breadcrumb\":{\"@id\":\"https:\/\/apuntesdesanluis.com\/index.php\/2024\/03\/24\/el-gobierno-difundio-un-video-a-48-anos-de-la-dictadura-militar\/#breadcrumb\"},\"inLanguage\":\"es-AR\",\"potentialAction\":[{\"@type\":\"ReadAction\",\"target\":[\"https:\/\/apuntesdesanluis.com\/index.php\/2024\/03\/24\/el-gobierno-difundio-un-video-a-48-anos-de-la-dictadura-militar\/\"]}]},{\"@type\":\"ImageObject\",\"inLanguage\":\"es-AR\",\"@id\":\"https:\/\/apuntesdesanluis.com\/index.php\/2024\/03\/24\/el-gobierno-difundio-un-video-a-48-anos-de-la-dictadura-militar\/#primaryimage\",\"url\":\"https:\/\/apuntesdesanluis.com\/wp-content\/uploads\/2024\/03\/dia.png\",\"contentUrl\":\"https:\/\/apuntesdesanluis.com\/wp-content\/uploads\/2024\/03\/dia.png\",\"width\":600,\"height\":358},{\"@type\":\"BreadcrumbList\",\"@id\":\"https:\/\/apuntesdesanluis.com\/index.php\/2024\/03\/24\/el-gobierno-difundio-un-video-a-48-anos-de-la-dictadura-militar\/#breadcrumb\",\"itemListElement\":[{\"@type\":\"ListItem\",\"position\":1,\"name\":\"Inicio\",\"item\":\"https:\/\/apuntesdesanluis.com\/\"},{\"@type\":\"ListItem\",\"position\":2,\"name\":\"EL GOBIERNO DIFUNDI\u00d3 UN VIDEO A 48 A\u00d1OS DE LA DICTADURA MILITAR\"}]},{\"@type\":\"WebSite\",\"@id\":\"https:\/\/apuntesdesanluis.com\/#website\",\"url\":\"https:\/\/apuntesdesanluis.com\/\",\"name\":\"Apuntes de San Luis\",\"description\":\"\",\"publisher\":{\"@id\":\"https:\/\/apuntesdesanluis.com\/#\/schema\/person\/b55151d52296fcce64d1a72538a70b90\"},\"potentialAction\":[{\"@type\":\"SearchAction\",\"target\":{\"@type\":\"EntryPoint\",\"urlTemplate\":\"https:\/\/apuntesdesanluis.com\/?s={search_term_string}\"},\"query-input\":{\"@type\":\"PropertyValueSpecification\",\"valueRequired\":true,\"valueName\":\"search_term_string\"}}],\"inLanguage\":\"es-AR\"},{\"@type\":[\"Person\",\"Organization\"],\"@id\":\"https:\/\/apuntesdesanluis.com\/#\/schema\/person\/b55151d52296fcce64d1a72538a70b90\",\"name\":\"apuntesdesanluis.com\",\"image\":{\"@type\":\"ImageObject\",\"inLanguage\":\"es-AR\",\"@id\":\"https:\/\/apuntesdesanluis.com\/#\/schema\/person\/image\/\",\"url\":\"https:\/\/apuntesdesanluis.com\/wp-content\/uploads\/2023\/07\/cropped-apuntesdesanluis.png\",\"contentUrl\":\"https:\/\/apuntesdesanluis.com\/wp-content\/uploads\/2023\/07\/cropped-apuntesdesanluis.png\",\"width\":450,\"height\":112,\"caption\":\"apuntesdesanluis.com\"},\"logo\":{\"@id\":\"https:\/\/apuntesdesanluis.com\/#\/schema\/person\/image\/\"},\"sameAs\":[\"https:\/\/apuntesdesanluis.com\"],\"url\":\"https:\/\/apuntesdesanluis.com\/index.php\/author\/apuntesdesanluis-com\/\"}]}<\/script>\n<!-- \/ Yoast SEO plugin. -->","yoast_head_json":{"title":"EL GOBIERNO DIFUNDI\u00d3 UN VIDEO A 48 A\u00d1OS DE LA DICTADURA MILITAR - Apuntes de San Luis","robots":{"index":"index","follow":"follow","max-snippet":"max-snippet:-1","max-image-preview":"max-image-preview:large","max-video-preview":"max-video-preview:-1"},"canonical":"https:\/\/apuntesdesanluis.com\/index.php\/2024\/03\/24\/el-gobierno-difundio-un-video-a-48-anos-de-la-dictadura-militar\/","og_locale":"es_ES","og_type":"article","og_title":"EL GOBIERNO DIFUNDI\u00d3 UN VIDEO A 48 A\u00d1OS DE LA DICTADURA MILITAR - Apuntes de San Luis","og_description":"En el marco del 24 de marzo, a 48\u00ba a\u00f1os del Golpe c\u00edvico &#8211; militar...","og_url":"https:\/\/apuntesdesanluis.com\/index.php\/2024\/03\/24\/el-gobierno-difundio-un-video-a-48-anos-de-la-dictadura-militar\/","og_site_name":"Apuntes de San Luis","article_published_time":"2024-03-24T21:35:12+00:00","og_image":[{"width":600,"height":358,"url":"https:\/\/apuntesdesanluis.com\/wp-content\/uploads\/2024\/03\/dia.png","type":"image\/png"}],"author":"apuntesdesanluis.com","twitter_card":"summary_large_image","twitter_misc":{"Escrito por":"apuntesdesanluis.com","Tiempo de lectura":"2 minutos"},"schema":{"@context":"https:\/\/schema.org","@graph":[{"@type":"Article","@id":"https:\/\/apuntesdesanluis.com\/index.php\/2024\/03\/24\/el-gobierno-difundio-un-video-a-48-anos-de-la-dictadura-militar\/#article","isPartOf":{"@id":"https:\/\/apuntesdesanluis.com\/index.php\/2024\/03\/24\/el-gobierno-difundio-un-video-a-48-anos-de-la-dictadura-militar\/"},"author":{"name":"apuntesdesanluis.com","@id":"https:\/\/apuntesdesanluis.com\/#\/schema\/person\/b55151d52296fcce64d1a72538a70b90"},"headline":"EL GOBIERNO DIFUNDI\u00d3 UN VIDEO A 48 A\u00d1OS DE LA DICTADURA MILITAR","datePublished":"2024-03-24T21:35:12+00:00","mainEntityOfPage":{"@id":"https:\/\/apuntesdesanluis.com\/index.php\/2024\/03\/24\/el-gobierno-difundio-un-video-a-48-anos-de-la-dictadura-militar\/"},"wordCount":362,"publisher":{"@id":"https:\/\/apuntesdesanluis.com\/#\/schema\/person\/b55151d52296fcce64d1a72538a70b90"},"image":{"@id":"https:\/\/apuntesdesanluis.com\/index.php\/2024\/03\/24\/el-gobierno-difundio-un-video-a-48-anos-de-la-dictadura-militar\/#primaryimage"},"thumbnailUrl":"https:\/\/apuntesdesanluis.com\/wp-content\/uploads\/2024\/03\/dia.png","articleSection":["Nacionales\/Internacionales"],"inLanguage":"es-AR"},{"@type":"WebPage","@id":"https:\/\/apuntesdesanluis.com\/index.php\/2024\/03\/24\/el-gobierno-difundio-un-video-a-48-anos-de-la-dictadura-militar\/","url":"https:\/\/apuntesdesanluis.com\/index.php\/2024\/03\/24\/el-gobierno-difundio-un-video-a-48-anos-de-la-dictadura-militar\/","name":"EL GOBIERNO DIFUNDI\u00d3 UN VIDEO A 48 A\u00d1OS DE LA DICTADURA MILITAR - Apuntes de San Luis","isPartOf":{"@id":"https:\/\/apuntesdesanluis.com\/#website"},"primaryImageOfPage":{"@id":"https:\/\/apuntesdesanluis.com\/index.php\/2024\/03\/24\/el-gobierno-difundio-un-video-a-48-anos-de-la-dictadura-militar\/#primaryimage"},"image":{"@id":"https:\/\/apuntesdesanluis.com\/index.php\/2024\/03\/24\/el-gobierno-difundio-un-video-a-48-anos-de-la-dictadura-militar\/#primaryimage"},"thumbnailUrl":"https:\/\/apuntesdesanluis.com\/wp-content\/uploads\/2024\/03\/dia.png","datePublished":"2024-03-24T21:35:12+00:00","breadcrumb":{"@id":"https:\/\/apuntesdesanluis.com\/index.php\/2024\/03\/24\/el-gobierno-difundio-un-video-a-48-anos-de-la-dictadura-militar\/#breadcrumb"},"inLanguage":"es-AR","potentialAction":[{"@type":"ReadAction","target":["https:\/\/apuntesdesanluis.com\/index.php\/2024\/03\/24\/el-gobierno-difundio-un-video-a-48-anos-de-la-dictadura-militar\/"]}]},{"@type":"ImageObject","inLanguage":"es-AR","@id":"https:\/\/apuntesdesanluis.com\/index.php\/2024\/03\/24\/el-gobierno-difundio-un-video-a-48-anos-de-la-dictadura-militar\/#primaryimage","url":"https:\/\/apuntesdesanluis.com\/wp-content\/uploads\/2024\/03\/dia.png","contentUrl":"https:\/\/apuntesdesanluis.com\/wp-content\/uploads\/2024\/03\/dia.png","width":600,"height":358},{"@type":"BreadcrumbList","@id":"https:\/\/apuntesdesanluis.com\/index.php\/2024\/03\/24\/el-gobierno-difundio-un-video-a-48-anos-de-la-dictadura-militar\/#breadcrumb","itemListElement":[{"@type":"ListItem","position":1,"name":"Inicio","item":"https:\/\/apuntesdesanluis.com\/"},{"@type":"ListItem","position":2,"name":"EL GOBIERNO DIFUNDI\u00d3 UN VIDEO A 48 A\u00d1OS DE LA DICTADURA MILITAR"}]},{"@type":"WebSite","@id":"https:\/\/apuntesdesanluis.com\/#website","url":"https:\/\/apuntesdesanluis.com\/","name":"Apuntes de San Luis","description":"","publisher":{"@id":"https:\/\/apuntesdesanluis.com\/#\/schema\/person\/b55151d52296fcce64d1a72538a70b90"},"potentialAction":[{"@type":"SearchAction","target":{"@type":"EntryPoint","urlTemplate":"https:\/\/apuntesdesanluis.com\/?s={search_term_string}"},"query-input":{"@type":"PropertyValueSpecification","valueRequired":true,"valueName":"search_term_string"}}],"inLanguage":"es-AR"},{"@type":["Person","Organization"],"@id":"https:\/\/apuntesdesanluis.com\/#\/schema\/person\/b55151d52296fcce64d1a72538a70b90","name":"apuntesdesanluis.com","image":{"@type":"ImageObject","inLanguage":"es-AR","@id":"https:\/\/apuntesdesanluis.com\/#\/schema\/person\/image\/","url":"https:\/\/apuntesdesanluis.com\/wp-content\/uploads\/2023\/07\/cropped-apuntesdesanluis.png","contentUrl":"https:\/\/apuntesdesanluis.com\/wp-content\/uploads\/2023\/07\/cropped-apuntesdesanluis.png","width":450,"height":112,"caption":"apuntesdesanluis.com"},"logo":{"@id":"https:\/\/apuntesdesanluis.com\/#\/schema\/person\/image\/"},"sameAs":["https:\/\/apuntesdesanluis.com"],"url":"https:\/\/apuntesdesanluis.com\/index.php\/author\/apuntesdesanluis-com\/"}]}},"featured_image_urls":{"full":["https:\/\/apuntesdesanluis.com\/wp-content\/uploads\/2024\/03\/dia.png",600,358,false],"thumbnail":["https:\/\/apuntesdesanluis.com\/wp-content\/uploads\/2024\/03\/dia-150x150.png",150,150,true],"medium":["https:\/\/apuntesdesanluis.com\/wp-content\/uploads\/2024\/03\/dia-300x179.png",300,179,true],"medium_large":["https:\/\/apuntesdesanluis.com\/wp-content\/uploads\/2024\/03\/dia.png",600,358,false],"large":["https:\/\/apuntesdesanluis.com\/wp-content\/uploads\/2024\/03\/dia.png",600,358,false],"1536x1536":["https:\/\/apuntesdesanluis.com\/wp-content\/uploads\/2024\/03\/dia.png",600,358,false],"2048x2048":["https:\/\/apuntesdesanluis.com\/wp-content\/uploads\/2024\/03\/dia.png",600,358,false],"newsever-slider-full":["https:\/\/apuntesdesanluis.com\/wp-content\/uploads\/2024\/03\/dia.png",600,358,false],"newsever-featured":["https:\/\/apuntesdesanluis.com\/wp-content\/uploads\/2024\/03\/dia.png",600,358,false],"newsever-medium":["https:\/\/apuntesdesanluis.com\/wp-content\/uploads\/2024\/03\/dia.png",600,358,false]},"author_info":{"display_name":"apuntesdesanluis.com","author_link":"https:\/\/apuntesdesanluis.com\/index.php\/author\/apuntesdesanluis-com\/"},"category_info":"<a href=\"https:\/\/apuntesdesanluis.com\/index.php\/category\/nacionales-internacionales\/\" rel=\"category tag\">Nacionales\/Internacionales<\/a>","tag_info":"Nacionales\/Internacionales","comment_count":"0","_links":{"self":[{"href":"https:\/\/apuntesdesanluis.com\/index.php\/wp-json\/wp\/v2\/posts\/13635","targetHints":{"allow":["GET"]}}],"collection":[{"href":"https:\/\/apuntesdesanluis.com\/index.php\/wp-json\/wp\/v2\/posts"}],"about":[{"href":"https:\/\/apuntesdesanluis.com\/index.php\/wp-json\/wp\/v2\/types\/post"}],"author":[{"embeddable":true,"href":"https:\/\/apuntesdesanluis.com\/index.php\/wp-json\/wp\/v2\/users\/1"}],"replies":[{"embeddable":true,"href":"https:\/\/apuntesdesanluis.com\/index.php\/wp-json\/wp\/v2\/comments?post=13635"}],"version-history":[{"count":1,"href":"https:\/\/apuntesdesanluis.com\/index.php\/wp-json\/wp\/v2\/posts\/13635\/revisions"}],"predecessor-version":[{"id":13637,"href":"https:\/\/apuntesdesanluis.com\/index.php\/wp-json\/wp\/v2\/posts\/13635\/revisions\/13637"}],"wp:featuredmedia":[{"embeddable":true,"href":"https:\/\/apuntesdesanluis.com\/index.php\/wp-json\/wp\/v2\/media\/13636"}],"wp:attachment":[{"href":"https:\/\/apuntesdesanluis.com\/index.php\/wp-json\/wp\/v2\/media?parent=13635"}],"wp:term":[{"taxonomy":"category","embeddable":true,"href":"https:\/\/apuntesdesanluis.com\/index.php\/wp-json\/wp\/v2\/categories?post=13635"},{"taxonomy":"post_tag","embeddable":true,"href":"https:\/\/apuntesdesanluis.com\/index.php\/wp-json\/wp\/v2\/tags?post=13635"}],"curies":[{"name":"wp","href":"https:\/\/api.w.org\/{rel}","templated":true}]}}