{"id":13642,"date":"2024-03-24T18:54:02","date_gmt":"2024-03-24T21:54:02","guid":{"rendered":"https:\/\/apuntesdesanluis.com\/?p=13642"},"modified":"2024-03-24T18:54:02","modified_gmt":"2024-03-24T21:54:02","slug":"el-papa-francisco-se-salteo-la-homilia-del-domingo-de-ramos-y-repudio-el-ataque-terrorista-en-rusia","status":"publish","type":"post","link":"https:\/\/apuntesdesanluis.com\/index.php\/2024\/03\/24\/el-papa-francisco-se-salteo-la-homilia-del-domingo-de-ramos-y-repudio-el-ataque-terrorista-en-rusia\/","title":{"rendered":"EL PAPA FRANCISCO SE SALTE\u00d3 LA HOMIL\u00cdA DEL DOMINGO DE RAMOS Y REPUDI\u00d3 EL ATAQUE TERRORISTA EN RUSIA"},"content":{"rendered":"<h3>El papa Francisco se salte\u00f3 en el \u00faltimo minuto la lectura de su homil\u00eda durante la misa del Domingo de Ramos para decenas de millas de personas en la plaza de San Pedro, pero continu\u00f3 presidiendo el servicio, ley\u00f3 su oraci\u00f3n del mediod\u00eda y fue conducido entre la multitud en un pap\u00e1 m\u00f3vil.<\/h3>\n<h3>Asimismo, el Sumo Pont\u00edfice conden\u00f3 como un acto vil e inhumano que ofende a Dios el ataque en el que murieron al menos 133 personas en una sala de conciertos cerca de Mosc\u00fa.<\/h3>\n<h3>En las \u00faltimas semanas, el pont\u00edfice, de 87 a\u00f1os, ha padecido de forma bronquitis intermitente y gripe, y ha delegado en un asistente la lectura de sus discursos, pero el domingo no ley\u00f3 el texto que hab\u00eda preparado.<\/h3>\n<h3>Es muy poco habitual que un pap\u00e1 se salte totalmente una homil\u00eda en un acontecimiento tan importante como el Domingo de Ramos, que marca el inicio de la Semana Santa, un per\u00edodo muy ajetreado que conduce a la Pascua.<\/h3>\n<h3>El Vaticano no dio ninguna explicaci\u00f3n inmediata de por qu\u00e9 el papa se salt\u00f3 la homil\u00eda. La cobertura de la televisi\u00f3n vaticana mostr\u00f3 s\u00f3lo a la multitud durante unos minutos, en lugar de un primer plano de Francisco.<\/h3>\n<h3>Un locutor de Radio Vaticano dijo entonces que el papa hab\u00eda decidido no leer la homil\u00eda. El religioso argentino, vestido de rojo, continu\u00f3 presidiendo y leyendo partes de la misa.<\/h3>\n<h3>Cardenales, sacerdotes y obispos participaron en el servicio que conmemora lo que la Biblia dice que fue la entrada de Jes\u00fas en Jerusal\u00e9n d\u00edas antes de ser traicionado, juzgado y ejecutado por crucifixi\u00f3n.<\/h3>\n<p><img fetchpriority=\"high\" decoding=\"async\" class=\"wp-image-13644 aligncenter\" src=\"https:\/\/apuntesdesanluis.com\/wp-content\/uploads\/2024\/03\/GENTE-EN-EL-VATICANO-300x184.png\" alt=\"\" width=\"633\" height=\"388\" srcset=\"https:\/\/apuntesdesanluis.com\/wp-content\/uploads\/2024\/03\/GENTE-EN-EL-VATICANO-300x184.png 300w, https:\/\/apuntesdesanluis.com\/wp-content\/uploads\/2024\/03\/GENTE-EN-EL-VATICANO.png 600w\" sizes=\"(max-width: 633px) 100vw, 633px\" \/><\/p>\n<h3>Los cl\u00e9rigos, junto con los participantes en una multitud estimada por la polic\u00eda vaticana en unas 60.000 personas, sostuvieron palmas y ramas de olivo en el servicio.<\/h3>\n<h3>Francisco tiene una dolencia en la rodilla y desde hace m\u00e1s de un a\u00f1o preside las misas sentado cerca del altar mientras un cardenal act\u00faa como celebrante principal.<\/h3>\n<h3>Despu\u00e9s de la misa, Francisco pronunci\u00f3 su mensaje semanal dominical del \u00c1ngelus y la bendici\u00f3n desde el altar y no desde la ventana del Palacio Apost\u00f3lico que da a la plaza. Esto no es inusual en las grandes ocasiones.<\/h3>\n<h3>En la oraci\u00f3n conden\u00f3 como un acto vil e inhumano que ofende a Dios el ataque en el que murieron al menos 133 personas en una sala de conciertos cerca de Mosc\u00fa.<\/h3>\n<h3>Volvi\u00f3 a pedir oraciones por todos los que sufren a causa de las guerras, mencionando Ucrania y Gaza.<\/h3>\n<h3>Al final de la misa, Francisco recorri\u00f3 la plaza en un veh\u00edculo descapotable. Salud\u00f3 y entusiasmando a la gente entre la multitud y no parec\u00eda tener ninguna dificultad.<\/h3>\n<p>&nbsp;<\/p>\n<p>&nbsp;<\/p>\n<p>&nbsp;<\/p>\n","protected":false},"excerpt":{"rendered":"<p>El papa Francisco se salte\u00f3 en el \u00faltimo minuto la lectura de su homil\u00eda durante&#8230;<\/p>\n","protected":false},"author":1,"featured_media":13643,"comment_status":"closed","ping_status":"closed","sticky":false,"template":"","format":"standard","meta":{"footnotes":""},"categories":[5],"tags":[],"class_list":["post-13642","post","type-post","status-publish","format-standard","has-post-thumbnail","hentry","category-nacionales-internacionales"],"yoast_head":"<!-- This site is optimized with the Yoast SEO plugin v26.1.1 - https:\/\/yoast.com\/wordpress\/plugins\/seo\/ -->\n<title>EL PAPA FRANCISCO SE SALTE\u00d3 LA HOMIL\u00cdA DEL DOMINGO DE RAMOS Y REPUDI\u00d3 EL ATAQUE TERRORISTA EN RUSIA - Apuntes de San Luis<\/title>\n<meta name=\"robots\" content=\"index, follow, max-snippet:-1, max-image-preview:large, max-video-preview:-1\" \/>\n<link rel=\"canonical\" href=\"https:\/\/apuntesdesanluis.com\/index.php\/2024\/03\/24\/el-papa-francisco-se-salteo-la-homilia-del-domingo-de-ramos-y-repudio-el-ataque-terrorista-en-rusia\/\" \/>\n<meta property=\"og:locale\" content=\"es_ES\" \/>\n<meta property=\"og:type\" content=\"article\" \/>\n<meta property=\"og:title\" content=\"EL PAPA FRANCISCO SE SALTE\u00d3 LA HOMIL\u00cdA DEL DOMINGO DE RAMOS Y REPUDI\u00d3 EL ATAQUE TERRORISTA EN RUSIA - Apuntes de San Luis\" \/>\n<meta property=\"og:description\" content=\"El papa Francisco se salte\u00f3 en el \u00faltimo minuto la lectura de su homil\u00eda durante...\" \/>\n<meta property=\"og:url\" content=\"https:\/\/apuntesdesanluis.com\/index.php\/2024\/03\/24\/el-papa-francisco-se-salteo-la-homilia-del-domingo-de-ramos-y-repudio-el-ataque-terrorista-en-rusia\/\" \/>\n<meta property=\"og:site_name\" content=\"Apuntes de San Luis\" \/>\n<meta property=\"article:published_time\" content=\"2024-03-24T21:54:02+00:00\" \/>\n<meta property=\"og:image\" content=\"https:\/\/apuntesdesanluis.com\/wp-content\/uploads\/2024\/03\/PAPA-FRANCISCO-1.png\" \/>\n\t<meta property=\"og:image:width\" content=\"600\" \/>\n\t<meta property=\"og:image:height\" content=\"364\" \/>\n\t<meta property=\"og:image:type\" content=\"image\/png\" \/>\n<meta name=\"author\" content=\"apuntesdesanluis.com\" \/>\n<meta name=\"twitter:card\" content=\"summary_large_image\" \/>\n<meta name=\"twitter:label1\" content=\"Escrito por\" \/>\n\t<meta name=\"twitter:data1\" content=\"apuntesdesanluis.com\" \/>\n\t<meta name=\"twitter:label2\" content=\"Tiempo de lectura\" \/>\n\t<meta name=\"twitter:data2\" content=\"3 minutos\" \/>\n<script type=\"application\/ld+json\" class=\"yoast-schema-graph\">{\"@context\":\"https:\/\/schema.org\",\"@graph\":[{\"@type\":\"Article\",\"@id\":\"https:\/\/apuntesdesanluis.com\/index.php\/2024\/03\/24\/el-papa-francisco-se-salteo-la-homilia-del-domingo-de-ramos-y-repudio-el-ataque-terrorista-en-rusia\/#article\",\"isPartOf\":{\"@id\":\"https:\/\/apuntesdesanluis.com\/index.php\/2024\/03\/24\/el-papa-francisco-se-salteo-la-homilia-del-domingo-de-ramos-y-repudio-el-ataque-terrorista-en-rusia\/\"},\"author\":{\"name\":\"apuntesdesanluis.com\",\"@id\":\"https:\/\/apuntesdesanluis.com\/#\/schema\/person\/b55151d52296fcce64d1a72538a70b90\"},\"headline\":\"EL PAPA FRANCISCO SE SALTE\u00d3 LA HOMIL\u00cdA DEL DOMINGO DE RAMOS Y REPUDI\u00d3 EL ATAQUE TERRORISTA EN RUSIA\",\"datePublished\":\"2024-03-24T21:54:02+00:00\",\"mainEntityOfPage\":{\"@id\":\"https:\/\/apuntesdesanluis.com\/index.php\/2024\/03\/24\/el-papa-francisco-se-salteo-la-homilia-del-domingo-de-ramos-y-repudio-el-ataque-terrorista-en-rusia\/\"},\"wordCount\":485,\"publisher\":{\"@id\":\"https:\/\/apuntesdesanluis.com\/#\/schema\/person\/b55151d52296fcce64d1a72538a70b90\"},\"image\":{\"@id\":\"https:\/\/apuntesdesanluis.com\/index.php\/2024\/03\/24\/el-papa-francisco-se-salteo-la-homilia-del-domingo-de-ramos-y-repudio-el-ataque-terrorista-en-rusia\/#primaryimage\"},\"thumbnailUrl\":\"https:\/\/apuntesdesanluis.com\/wp-content\/uploads\/2024\/03\/PAPA-FRANCISCO-1.png\",\"articleSection\":[\"Nacionales\/Internacionales\"],\"inLanguage\":\"es-AR\"},{\"@type\":\"WebPage\",\"@id\":\"https:\/\/apuntesdesanluis.com\/index.php\/2024\/03\/24\/el-papa-francisco-se-salteo-la-homilia-del-domingo-de-ramos-y-repudio-el-ataque-terrorista-en-rusia\/\",\"url\":\"https:\/\/apuntesdesanluis.com\/index.php\/2024\/03\/24\/el-papa-francisco-se-salteo-la-homilia-del-domingo-de-ramos-y-repudio-el-ataque-terrorista-en-rusia\/\",\"name\":\"EL PAPA FRANCISCO SE SALTE\u00d3 LA HOMIL\u00cdA DEL DOMINGO DE RAMOS Y REPUDI\u00d3 EL ATAQUE TERRORISTA EN RUSIA - Apuntes de San Luis\",\"isPartOf\":{\"@id\":\"https:\/\/apuntesdesanluis.com\/#website\"},\"primaryImageOfPage\":{\"@id\":\"https:\/\/apuntesdesanluis.com\/index.php\/2024\/03\/24\/el-papa-francisco-se-salteo-la-homilia-del-domingo-de-ramos-y-repudio-el-ataque-terrorista-en-rusia\/#primaryimage\"},\"image\":{\"@id\":\"https:\/\/apuntesdesanluis.com\/index.php\/2024\/03\/24\/el-papa-francisco-se-salteo-la-homilia-del-domingo-de-ramos-y-repudio-el-ataque-terrorista-en-rusia\/#primaryimage\"},\"thumbnailUrl\":\"https:\/\/apuntesdesanluis.com\/wp-content\/uploads\/2024\/03\/PAPA-FRANCISCO-1.png\",\"datePublished\":\"2024-03-24T21:54:02+00:00\",\"breadcrumb\":{\"@id\":\"https:\/\/apuntesdesanluis.com\/index.php\/2024\/03\/24\/el-papa-francisco-se-salteo-la-homilia-del-domingo-de-ramos-y-repudio-el-ataque-terrorista-en-rusia\/#breadcrumb\"},\"inLanguage\":\"es-AR\",\"potentialAction\":[{\"@type\":\"ReadAction\",\"target\":[\"https:\/\/apuntesdesanluis.com\/index.php\/2024\/03\/24\/el-papa-francisco-se-salteo-la-homilia-del-domingo-de-ramos-y-repudio-el-ataque-terrorista-en-rusia\/\"]}]},{\"@type\":\"ImageObject\",\"inLanguage\":\"es-AR\",\"@id\":\"https:\/\/apuntesdesanluis.com\/index.php\/2024\/03\/24\/el-papa-francisco-se-salteo-la-homilia-del-domingo-de-ramos-y-repudio-el-ataque-terrorista-en-rusia\/#primaryimage\",\"url\":\"https:\/\/apuntesdesanluis.com\/wp-content\/uploads\/2024\/03\/PAPA-FRANCISCO-1.png\",\"contentUrl\":\"https:\/\/apuntesdesanluis.com\/wp-content\/uploads\/2024\/03\/PAPA-FRANCISCO-1.png\",\"width\":600,\"height\":364},{\"@type\":\"BreadcrumbList\",\"@id\":\"https:\/\/apuntesdesanluis.com\/index.php\/2024\/03\/24\/el-papa-francisco-se-salteo-la-homilia-del-domingo-de-ramos-y-repudio-el-ataque-terrorista-en-rusia\/#breadcrumb\",\"itemListElement\":[{\"@type\":\"ListItem\",\"position\":1,\"name\":\"Inicio\",\"item\":\"https:\/\/apuntesdesanluis.com\/\"},{\"@type\":\"ListItem\",\"position\":2,\"name\":\"EL PAPA FRANCISCO SE SALTE\u00d3 LA HOMIL\u00cdA DEL DOMINGO DE RAMOS Y REPUDI\u00d3 EL ATAQUE TERRORISTA EN RUSIA\"}]},{\"@type\":\"WebSite\",\"@id\":\"https:\/\/apuntesdesanluis.com\/#website\",\"url\":\"https:\/\/apuntesdesanluis.com\/\",\"name\":\"Apuntes de San Luis\",\"description\":\"\",\"publisher\":{\"@id\":\"https:\/\/apuntesdesanluis.com\/#\/schema\/person\/b55151d52296fcce64d1a72538a70b90\"},\"potentialAction\":[{\"@type\":\"SearchAction\",\"target\":{\"@type\":\"EntryPoint\",\"urlTemplate\":\"https:\/\/apuntesdesanluis.com\/?s={search_term_string}\"},\"query-input\":{\"@type\":\"PropertyValueSpecification\",\"valueRequired\":true,\"valueName\":\"search_term_string\"}}],\"inLanguage\":\"es-AR\"},{\"@type\":[\"Person\",\"Organization\"],\"@id\":\"https:\/\/apuntesdesanluis.com\/#\/schema\/person\/b55151d52296fcce64d1a72538a70b90\",\"name\":\"apuntesdesanluis.com\",\"image\":{\"@type\":\"ImageObject\",\"inLanguage\":\"es-AR\",\"@id\":\"https:\/\/apuntesdesanluis.com\/#\/schema\/person\/image\/\",\"url\":\"https:\/\/apuntesdesanluis.com\/wp-content\/uploads\/2023\/07\/cropped-apuntesdesanluis.png\",\"contentUrl\":\"https:\/\/apuntesdesanluis.com\/wp-content\/uploads\/2023\/07\/cropped-apuntesdesanluis.png\",\"width\":450,\"height\":112,\"caption\":\"apuntesdesanluis.com\"},\"logo\":{\"@id\":\"https:\/\/apuntesdesanluis.com\/#\/schema\/person\/image\/\"},\"sameAs\":[\"https:\/\/apuntesdesanluis.com\"],\"url\":\"https:\/\/apuntesdesanluis.com\/index.php\/author\/apuntesdesanluis-com\/\"}]}<\/script>\n<!-- \/ Yoast SEO plugin. -->","yoast_head_json":{"title":"EL PAPA FRANCISCO SE SALTE\u00d3 LA HOMIL\u00cdA DEL DOMINGO DE RAMOS Y REPUDI\u00d3 EL ATAQUE TERRORISTA EN RUSIA - Apuntes de San Luis","robots":{"index":"index","follow":"follow","max-snippet":"max-snippet:-1","max-image-preview":"max-image-preview:large","max-video-preview":"max-video-preview:-1"},"canonical":"https:\/\/apuntesdesanluis.com\/index.php\/2024\/03\/24\/el-papa-francisco-se-salteo-la-homilia-del-domingo-de-ramos-y-repudio-el-ataque-terrorista-en-rusia\/","og_locale":"es_ES","og_type":"article","og_title":"EL PAPA FRANCISCO SE SALTE\u00d3 LA HOMIL\u00cdA DEL DOMINGO DE RAMOS Y REPUDI\u00d3 EL ATAQUE TERRORISTA EN RUSIA - Apuntes de San Luis","og_description":"El papa Francisco se salte\u00f3 en el \u00faltimo minuto la lectura de su homil\u00eda durante...","og_url":"https:\/\/apuntesdesanluis.com\/index.php\/2024\/03\/24\/el-papa-francisco-se-salteo-la-homilia-del-domingo-de-ramos-y-repudio-el-ataque-terrorista-en-rusia\/","og_site_name":"Apuntes de San Luis","article_published_time":"2024-03-24T21:54:02+00:00","og_image":[{"width":600,"height":364,"url":"https:\/\/apuntesdesanluis.com\/wp-content\/uploads\/2024\/03\/PAPA-FRANCISCO-1.png","type":"image\/png"}],"author":"apuntesdesanluis.com","twitter_card":"summary_large_image","twitter_misc":{"Escrito por":"apuntesdesanluis.com","Tiempo de lectura":"3 minutos"},"schema":{"@context":"https:\/\/schema.org","@graph":[{"@type":"Article","@id":"https:\/\/apuntesdesanluis.com\/index.php\/2024\/03\/24\/el-papa-francisco-se-salteo-la-homilia-del-domingo-de-ramos-y-repudio-el-ataque-terrorista-en-rusia\/#article","isPartOf":{"@id":"https:\/\/apuntesdesanluis.com\/index.php\/2024\/03\/24\/el-papa-francisco-se-salteo-la-homilia-del-domingo-de-ramos-y-repudio-el-ataque-terrorista-en-rusia\/"},"author":{"name":"apuntesdesanluis.com","@id":"https:\/\/apuntesdesanluis.com\/#\/schema\/person\/b55151d52296fcce64d1a72538a70b90"},"headline":"EL PAPA FRANCISCO SE SALTE\u00d3 LA HOMIL\u00cdA DEL DOMINGO DE RAMOS Y REPUDI\u00d3 EL ATAQUE TERRORISTA EN RUSIA","datePublished":"2024-03-24T21:54:02+00:00","mainEntityOfPage":{"@id":"https:\/\/apuntesdesanluis.com\/index.php\/2024\/03\/24\/el-papa-francisco-se-salteo-la-homilia-del-domingo-de-ramos-y-repudio-el-ataque-terrorista-en-rusia\/"},"wordCount":485,"publisher":{"@id":"https:\/\/apuntesdesanluis.com\/#\/schema\/person\/b55151d52296fcce64d1a72538a70b90"},"image":{"@id":"https:\/\/apuntesdesanluis.com\/index.php\/2024\/03\/24\/el-papa-francisco-se-salteo-la-homilia-del-domingo-de-ramos-y-repudio-el-ataque-terrorista-en-rusia\/#primaryimage"},"thumbnailUrl":"https:\/\/apuntesdesanluis.com\/wp-content\/uploads\/2024\/03\/PAPA-FRANCISCO-1.png","articleSection":["Nacionales\/Internacionales"],"inLanguage":"es-AR"},{"@type":"WebPage","@id":"https:\/\/apuntesdesanluis.com\/index.php\/2024\/03\/24\/el-papa-francisco-se-salteo-la-homilia-del-domingo-de-ramos-y-repudio-el-ataque-terrorista-en-rusia\/","url":"https:\/\/apuntesdesanluis.com\/index.php\/2024\/03\/24\/el-papa-francisco-se-salteo-la-homilia-del-domingo-de-ramos-y-repudio-el-ataque-terrorista-en-rusia\/","name":"EL PAPA FRANCISCO SE SALTE\u00d3 LA HOMIL\u00cdA DEL DOMINGO DE RAMOS Y REPUDI\u00d3 EL ATAQUE TERRORISTA EN RUSIA - Apuntes de San Luis","isPartOf":{"@id":"https:\/\/apuntesdesanluis.com\/#website"},"primaryImageOfPage":{"@id":"https:\/\/apuntesdesanluis.com\/index.php\/2024\/03\/24\/el-papa-francisco-se-salteo-la-homilia-del-domingo-de-ramos-y-repudio-el-ataque-terrorista-en-rusia\/#primaryimage"},"image":{"@id":"https:\/\/apuntesdesanluis.com\/index.php\/2024\/03\/24\/el-papa-francisco-se-salteo-la-homilia-del-domingo-de-ramos-y-repudio-el-ataque-terrorista-en-rusia\/#primaryimage"},"thumbnailUrl":"https:\/\/apuntesdesanluis.com\/wp-content\/uploads\/2024\/03\/PAPA-FRANCISCO-1.png","datePublished":"2024-03-24T21:54:02+00:00","breadcrumb":{"@id":"https:\/\/apuntesdesanluis.com\/index.php\/2024\/03\/24\/el-papa-francisco-se-salteo-la-homilia-del-domingo-de-ramos-y-repudio-el-ataque-terrorista-en-rusia\/#breadcrumb"},"inLanguage":"es-AR","potentialAction":[{"@type":"ReadAction","target":["https:\/\/apuntesdesanluis.com\/index.php\/2024\/03\/24\/el-papa-francisco-se-salteo-la-homilia-del-domingo-de-ramos-y-repudio-el-ataque-terrorista-en-rusia\/"]}]},{"@type":"ImageObject","inLanguage":"es-AR","@id":"https:\/\/apuntesdesanluis.com\/index.php\/2024\/03\/24\/el-papa-francisco-se-salteo-la-homilia-del-domingo-de-ramos-y-repudio-el-ataque-terrorista-en-rusia\/#primaryimage","url":"https:\/\/apuntesdesanluis.com\/wp-content\/uploads\/2024\/03\/PAPA-FRANCISCO-1.png","contentUrl":"https:\/\/apuntesdesanluis.com\/wp-content\/uploads\/2024\/03\/PAPA-FRANCISCO-1.png","width":600,"height":364},{"@type":"BreadcrumbList","@id":"https:\/\/apuntesdesanluis.com\/index.php\/2024\/03\/24\/el-papa-francisco-se-salteo-la-homilia-del-domingo-de-ramos-y-repudio-el-ataque-terrorista-en-rusia\/#breadcrumb","itemListElement":[{"@type":"ListItem","position":1,"name":"Inicio","item":"https:\/\/apuntesdesanluis.com\/"},{"@type":"ListItem","position":2,"name":"EL PAPA FRANCISCO SE SALTE\u00d3 LA HOMIL\u00cdA DEL DOMINGO DE RAMOS Y REPUDI\u00d3 EL ATAQUE TERRORISTA EN RUSIA"}]},{"@type":"WebSite","@id":"https:\/\/apuntesdesanluis.com\/#website","url":"https:\/\/apuntesdesanluis.com\/","name":"Apuntes de San Luis","description":"","publisher":{"@id":"https:\/\/apuntesdesanluis.com\/#\/schema\/person\/b55151d52296fcce64d1a72538a70b90"},"potentialAction":[{"@type":"SearchAction","target":{"@type":"EntryPoint","urlTemplate":"https:\/\/apuntesdesanluis.com\/?s={search_term_string}"},"query-input":{"@type":"PropertyValueSpecification","valueRequired":true,"valueName":"search_term_string"}}],"inLanguage":"es-AR"},{"@type":["Person","Organization"],"@id":"https:\/\/apuntesdesanluis.com\/#\/schema\/person\/b55151d52296fcce64d1a72538a70b90","name":"apuntesdesanluis.com","image":{"@type":"ImageObject","inLanguage":"es-AR","@id":"https:\/\/apuntesdesanluis.com\/#\/schema\/person\/image\/","url":"https:\/\/apuntesdesanluis.com\/wp-content\/uploads\/2023\/07\/cropped-apuntesdesanluis.png","contentUrl":"https:\/\/apuntesdesanluis.com\/wp-content\/uploads\/2023\/07\/cropped-apuntesdesanluis.png","width":450,"height":112,"caption":"apuntesdesanluis.com"},"logo":{"@id":"https:\/\/apuntesdesanluis.com\/#\/schema\/person\/image\/"},"sameAs":["https:\/\/apuntesdesanluis.com"],"url":"https:\/\/apuntesdesanluis.com\/index.php\/author\/apuntesdesanluis-com\/"}]}},"featured_image_urls":{"full":["https:\/\/apuntesdesanluis.com\/wp-content\/uploads\/2024\/03\/PAPA-FRANCISCO-1.png",600,364,false],"thumbnail":["https:\/\/apuntesdesanluis.com\/wp-content\/uploads\/2024\/03\/PAPA-FRANCISCO-1-150x150.png",150,150,true],"medium":["https:\/\/apuntesdesanluis.com\/wp-content\/uploads\/2024\/03\/PAPA-FRANCISCO-1-300x182.png",300,182,true],"medium_large":["https:\/\/apuntesdesanluis.com\/wp-content\/uploads\/2024\/03\/PAPA-FRANCISCO-1.png",600,364,false],"large":["https:\/\/apuntesdesanluis.com\/wp-content\/uploads\/2024\/03\/PAPA-FRANCISCO-1.png",600,364,false],"1536x1536":["https:\/\/apuntesdesanluis.com\/wp-content\/uploads\/2024\/03\/PAPA-FRANCISCO-1.png",600,364,false],"2048x2048":["https:\/\/apuntesdesanluis.com\/wp-content\/uploads\/2024\/03\/PAPA-FRANCISCO-1.png",600,364,false],"newsever-slider-full":["https:\/\/apuntesdesanluis.com\/wp-content\/uploads\/2024\/03\/PAPA-FRANCISCO-1.png",600,364,false],"newsever-featured":["https:\/\/apuntesdesanluis.com\/wp-content\/uploads\/2024\/03\/PAPA-FRANCISCO-1.png",600,364,false],"newsever-medium":["https:\/\/apuntesdesanluis.com\/wp-content\/uploads\/2024\/03\/PAPA-FRANCISCO-1.png",600,364,false]},"author_info":{"display_name":"apuntesdesanluis.com","author_link":"https:\/\/apuntesdesanluis.com\/index.php\/author\/apuntesdesanluis-com\/"},"category_info":"<a href=\"https:\/\/apuntesdesanluis.com\/index.php\/category\/nacionales-internacionales\/\" rel=\"category tag\">Nacionales\/Internacionales<\/a>","tag_info":"Nacionales\/Internacionales","comment_count":"0","_links":{"self":[{"href":"https:\/\/apuntesdesanluis.com\/index.php\/wp-json\/wp\/v2\/posts\/13642","targetHints":{"allow":["GET"]}}],"collection":[{"href":"https:\/\/apuntesdesanluis.com\/index.php\/wp-json\/wp\/v2\/posts"}],"about":[{"href":"https:\/\/apuntesdesanluis.com\/index.php\/wp-json\/wp\/v2\/types\/post"}],"author":[{"embeddable":true,"href":"https:\/\/apuntesdesanluis.com\/index.php\/wp-json\/wp\/v2\/users\/1"}],"replies":[{"embeddable":true,"href":"https:\/\/apuntesdesanluis.com\/index.php\/wp-json\/wp\/v2\/comments?post=13642"}],"version-history":[{"count":1,"href":"https:\/\/apuntesdesanluis.com\/index.php\/wp-json\/wp\/v2\/posts\/13642\/revisions"}],"predecessor-version":[{"id":13645,"href":"https:\/\/apuntesdesanluis.com\/index.php\/wp-json\/wp\/v2\/posts\/13642\/revisions\/13645"}],"wp:featuredmedia":[{"embeddable":true,"href":"https:\/\/apuntesdesanluis.com\/index.php\/wp-json\/wp\/v2\/media\/13643"}],"wp:attachment":[{"href":"https:\/\/apuntesdesanluis.com\/index.php\/wp-json\/wp\/v2\/media?parent=13642"}],"wp:term":[{"taxonomy":"category","embeddable":true,"href":"https:\/\/apuntesdesanluis.com\/index.php\/wp-json\/wp\/v2\/categories?post=13642"},{"taxonomy":"post_tag","embeddable":true,"href":"https:\/\/apuntesdesanluis.com\/index.php\/wp-json\/wp\/v2\/tags?post=13642"}],"curies":[{"name":"wp","href":"https:\/\/api.w.org\/{rel}","templated":true}]}}