{"id":13653,"date":"2024-03-24T22:24:14","date_gmt":"2024-03-25T01:24:14","guid":{"rendered":"https:\/\/apuntesdesanluis.com\/?p=13653"},"modified":"2024-03-24T22:24:14","modified_gmt":"2024-03-25T01:24:14","slug":"conmemoraron-en-villa-mercedes-el-dia-nacional-de-la-memoria-por-la-verdad-y-la-justicia","status":"publish","type":"post","link":"https:\/\/apuntesdesanluis.com\/index.php\/2024\/03\/24\/conmemoraron-en-villa-mercedes-el-dia-nacional-de-la-memoria-por-la-verdad-y-la-justicia\/","title":{"rendered":"CONMEMORARON EN VILLA MERCEDES EL D\u00cdA NACIONAL DE LA MEMORIA POR LA VERDAD Y LA JUSTICIA"},"content":{"rendered":"<h3>A 48\u00b0 a\u00f1os del \u00faltimo golpe c\u00edvico militar del 24 de marzo de 1976, se conmemor\u00f3 el D\u00eda Nacional de la Memoria por la Verdad y la Justicia con distintas actividades.<\/h3>\n<h3>Participaron de las actividades el Intendente Municipal <strong>Maximiliano Frontera<\/strong>, la Presidenta del Honorable Concejo Deliberante <strong>Silvina Galetto<\/strong>, las Concejalas <strong>Lucia Lacerda Traversi, Claudia Miranda, Margarita Villegas<\/strong> y el Concejal <strong>Miguel Arce<\/strong>, como as\u00ed tambi\u00e9n legisladores nacionales, provinciales, funcionarios, provinciales, municipales e integrantes de Programa de Derechos y Garant\u00edas Constitucionales, y los distintos representantes de las instituciones de la ciudad.<\/h3>\n<h3><img fetchpriority=\"high\" decoding=\"async\" class=\"wp-image-13656 aligncenter\" src=\"https:\/\/apuntesdesanluis.com\/wp-content\/uploads\/2024\/03\/PUBLICO-24-DE-MARZO-300x184.jpg\" alt=\"\" width=\"589\" height=\"361\" srcset=\"https:\/\/apuntesdesanluis.com\/wp-content\/uploads\/2024\/03\/PUBLICO-24-DE-MARZO-300x184.jpg 300w, https:\/\/apuntesdesanluis.com\/wp-content\/uploads\/2024\/03\/PUBLICO-24-DE-MARZO.jpg 600w\" sizes=\"(max-width: 589px) 100vw, 589px\" \/><\/h3>\n<h3>Las actividades comenzaron este domingo 24 de marzo en el cementerio municipal,\u00a0 oportunidad en que se honr\u00f3 a todos los ciudadanos fallecidos que tuvieron distinta participaci\u00f3n para que la democracia volviera a regir en nuestro pa\u00eds.<\/h3>\n<h3>Posteriormente hubo colocaci\u00f3n de ofrendas florales por parte de los representantes de la Municipalidad y el Honorable Concejo Deliberante.<\/h3>\n<h3><img decoding=\"async\" class=\"wp-image-13657 aligncenter\" src=\"https:\/\/apuntesdesanluis.com\/wp-content\/uploads\/2024\/03\/OFRENDA-24-DE-MARZO-300x200.jpg\" alt=\"\" width=\"590\" height=\"393\" srcset=\"https:\/\/apuntesdesanluis.com\/wp-content\/uploads\/2024\/03\/OFRENDA-24-DE-MARZO-300x200.jpg 300w, https:\/\/apuntesdesanluis.com\/wp-content\/uploads\/2024\/03\/OFRENDA-24-DE-MARZO.jpg 600w\" sizes=\"(max-width: 590px) 100vw, 590px\" \/><\/h3>\n<h3>Seguidamente la comitiva se traslad\u00f3 a la Plazoleta de Derechos Humanos del B\u00b0 Jard\u00edn del Sur, all\u00ed se sumaron al acto central los Concejales <strong>Cecilia Lucero<\/strong> y <strong>Roberto Mones Ruiz<\/strong>, oportunidad en que se entonaron las estrofas del Himno Nacional Argentino, como tambi\u00e9n se dio lectura a la n\u00f3mina de personas desaparecidas en la provincia de San Luis, tras lo cual se hizo lo propio con aquellos presos pol\u00edticos ya fallecidos, acompa\u00f1ado al un\u00edsono con un \u201cPRESENTE\u201d generalizado.<\/h3>\n<h3><img decoding=\"async\" class=\"wp-image-13658 aligncenter\" src=\"https:\/\/apuntesdesanluis.com\/wp-content\/uploads\/2024\/03\/paseo-de-ddhh-300x213.jpg\" alt=\"\" width=\"592\" height=\"420\" srcset=\"https:\/\/apuntesdesanluis.com\/wp-content\/uploads\/2024\/03\/paseo-de-ddhh-300x213.jpg 300w, https:\/\/apuntesdesanluis.com\/wp-content\/uploads\/2024\/03\/paseo-de-ddhh.jpg 600w\" sizes=\"(max-width: 592px) 100vw, 592px\" \/><\/h3>\n<h3>Entre las actividades llevadas a cabo, se inaugur\u00f3 el Paseo de los Derechos Humanos en la plazoleta donde se les rinde homenaje a las personas que sufrieron el mal llamado proceso de reorganizaci\u00f3n nacional.<\/h3>\n<h3><img loading=\"lazy\" decoding=\"async\" class=\"wp-image-13659 aligncenter\" src=\"https:\/\/apuntesdesanluis.com\/wp-content\/uploads\/2024\/03\/Paz-heron-ruiz-300x174.jpg\" alt=\"\" width=\"590\" height=\"342\" srcset=\"https:\/\/apuntesdesanluis.com\/wp-content\/uploads\/2024\/03\/Paz-heron-ruiz-300x174.jpg 300w, https:\/\/apuntesdesanluis.com\/wp-content\/uploads\/2024\/03\/Paz-heron-ruiz.jpg 600w\" sizes=\"(max-width: 590px) 100vw, 590px\" \/><\/h3>\n<h3>La escritora <strong>Paz Her\u00f3n Ruiz<\/strong>, hija de madre detenida, y <strong>Juvein Quiroga<\/strong>, quien fuera preso pol\u00edtico, hicieron hincapi\u00e9 a las ultrajadas experiencias de vida, como tambi\u00e9n destacaron el af\u00e1n de trabajar por la libertad y la construcci\u00f3n plena de los derechos humanos, protegiendo los valores democr\u00e1ticos y republicanos de nuestro pa\u00eds.<\/h3>\n<p>&nbsp;<\/p>\n<p>&nbsp;<\/p>\n<p>&nbsp;<\/p>\n<p>&nbsp;<\/p>\n<p>&nbsp;<\/p>\n<p>&nbsp;<\/p>\n<p>&nbsp;<\/p>\n<p>&nbsp;<\/p>\n<p>&nbsp;<\/p>\n<p>&nbsp;<\/p>\n","protected":false},"excerpt":{"rendered":"<p>A 48\u00b0 a\u00f1os del \u00faltimo golpe c\u00edvico militar del 24 de marzo de 1976, se&#8230;<\/p>\n","protected":false},"author":1,"featured_media":13655,"comment_status":"closed","ping_status":"closed","sticky":false,"template":"","format":"standard","meta":{"footnotes":""},"categories":[6],"tags":[],"class_list":["post-13653","post","type-post","status-publish","format-standard","has-post-thumbnail","hentry","category-ciudad-provincia"],"yoast_head":"<!-- This site is optimized with the Yoast SEO plugin v26.1.1 - https:\/\/yoast.com\/wordpress\/plugins\/seo\/ -->\n<title>CONMEMORARON EN VILLA MERCEDES EL D\u00cdA NACIONAL DE LA MEMORIA POR LA VERDAD Y LA JUSTICIA - Apuntes de San Luis<\/title>\n<meta name=\"robots\" content=\"index, follow, max-snippet:-1, max-image-preview:large, max-video-preview:-1\" \/>\n<link rel=\"canonical\" href=\"https:\/\/apuntesdesanluis.com\/index.php\/2024\/03\/24\/conmemoraron-en-villa-mercedes-el-dia-nacional-de-la-memoria-por-la-verdad-y-la-justicia\/\" \/>\n<meta property=\"og:locale\" content=\"es_ES\" \/>\n<meta property=\"og:type\" content=\"article\" \/>\n<meta property=\"og:title\" content=\"CONMEMORARON EN VILLA MERCEDES EL D\u00cdA NACIONAL DE LA MEMORIA POR LA VERDAD Y LA JUSTICIA - Apuntes de San Luis\" \/>\n<meta property=\"og:description\" content=\"A 48\u00b0 a\u00f1os del \u00faltimo golpe c\u00edvico militar del 24 de marzo de 1976, se...\" \/>\n<meta property=\"og:url\" content=\"https:\/\/apuntesdesanluis.com\/index.php\/2024\/03\/24\/conmemoraron-en-villa-mercedes-el-dia-nacional-de-la-memoria-por-la-verdad-y-la-justicia\/\" \/>\n<meta property=\"og:site_name\" content=\"Apuntes de San Luis\" \/>\n<meta property=\"article:published_time\" content=\"2024-03-25T01:24:14+00:00\" \/>\n<meta property=\"og:image\" content=\"https:\/\/apuntesdesanluis.com\/wp-content\/uploads\/2024\/03\/HOMENAJE-A-MUERTOS.jpg\" \/>\n\t<meta property=\"og:image:width\" content=\"600\" \/>\n\t<meta property=\"og:image:height\" content=\"400\" \/>\n\t<meta property=\"og:image:type\" content=\"image\/jpeg\" \/>\n<meta name=\"author\" content=\"apuntesdesanluis.com\" \/>\n<meta name=\"twitter:card\" content=\"summary_large_image\" \/>\n<meta name=\"twitter:label1\" content=\"Escrito por\" \/>\n\t<meta name=\"twitter:data1\" content=\"apuntesdesanluis.com\" \/>\n\t<meta name=\"twitter:label2\" content=\"Tiempo de lectura\" \/>\n\t<meta name=\"twitter:data2\" content=\"3 minutos\" \/>\n<script type=\"application\/ld+json\" class=\"yoast-schema-graph\">{\"@context\":\"https:\/\/schema.org\",\"@graph\":[{\"@type\":\"Article\",\"@id\":\"https:\/\/apuntesdesanluis.com\/index.php\/2024\/03\/24\/conmemoraron-en-villa-mercedes-el-dia-nacional-de-la-memoria-por-la-verdad-y-la-justicia\/#article\",\"isPartOf\":{\"@id\":\"https:\/\/apuntesdesanluis.com\/index.php\/2024\/03\/24\/conmemoraron-en-villa-mercedes-el-dia-nacional-de-la-memoria-por-la-verdad-y-la-justicia\/\"},\"author\":{\"name\":\"apuntesdesanluis.com\",\"@id\":\"https:\/\/apuntesdesanluis.com\/#\/schema\/person\/b55151d52296fcce64d1a72538a70b90\"},\"headline\":\"CONMEMORARON EN VILLA MERCEDES EL D\u00cdA NACIONAL DE LA MEMORIA POR LA VERDAD Y LA JUSTICIA\",\"datePublished\":\"2024-03-25T01:24:14+00:00\",\"mainEntityOfPage\":{\"@id\":\"https:\/\/apuntesdesanluis.com\/index.php\/2024\/03\/24\/conmemoraron-en-villa-mercedes-el-dia-nacional-de-la-memoria-por-la-verdad-y-la-justicia\/\"},\"wordCount\":353,\"publisher\":{\"@id\":\"https:\/\/apuntesdesanluis.com\/#\/schema\/person\/b55151d52296fcce64d1a72538a70b90\"},\"image\":{\"@id\":\"https:\/\/apuntesdesanluis.com\/index.php\/2024\/03\/24\/conmemoraron-en-villa-mercedes-el-dia-nacional-de-la-memoria-por-la-verdad-y-la-justicia\/#primaryimage\"},\"thumbnailUrl\":\"https:\/\/apuntesdesanluis.com\/wp-content\/uploads\/2024\/03\/HOMENAJE-A-MUERTOS.jpg\",\"articleSection\":[\"Ciudad\/Provincia\"],\"inLanguage\":\"es-AR\"},{\"@type\":\"WebPage\",\"@id\":\"https:\/\/apuntesdesanluis.com\/index.php\/2024\/03\/24\/conmemoraron-en-villa-mercedes-el-dia-nacional-de-la-memoria-por-la-verdad-y-la-justicia\/\",\"url\":\"https:\/\/apuntesdesanluis.com\/index.php\/2024\/03\/24\/conmemoraron-en-villa-mercedes-el-dia-nacional-de-la-memoria-por-la-verdad-y-la-justicia\/\",\"name\":\"CONMEMORARON EN VILLA MERCEDES EL D\u00cdA NACIONAL DE LA MEMORIA POR LA VERDAD Y LA JUSTICIA - Apuntes de San Luis\",\"isPartOf\":{\"@id\":\"https:\/\/apuntesdesanluis.com\/#website\"},\"primaryImageOfPage\":{\"@id\":\"https:\/\/apuntesdesanluis.com\/index.php\/2024\/03\/24\/conmemoraron-en-villa-mercedes-el-dia-nacional-de-la-memoria-por-la-verdad-y-la-justicia\/#primaryimage\"},\"image\":{\"@id\":\"https:\/\/apuntesdesanluis.com\/index.php\/2024\/03\/24\/conmemoraron-en-villa-mercedes-el-dia-nacional-de-la-memoria-por-la-verdad-y-la-justicia\/#primaryimage\"},\"thumbnailUrl\":\"https:\/\/apuntesdesanluis.com\/wp-content\/uploads\/2024\/03\/HOMENAJE-A-MUERTOS.jpg\",\"datePublished\":\"2024-03-25T01:24:14+00:00\",\"breadcrumb\":{\"@id\":\"https:\/\/apuntesdesanluis.com\/index.php\/2024\/03\/24\/conmemoraron-en-villa-mercedes-el-dia-nacional-de-la-memoria-por-la-verdad-y-la-justicia\/#breadcrumb\"},\"inLanguage\":\"es-AR\",\"potentialAction\":[{\"@type\":\"ReadAction\",\"target\":[\"https:\/\/apuntesdesanluis.com\/index.php\/2024\/03\/24\/conmemoraron-en-villa-mercedes-el-dia-nacional-de-la-memoria-por-la-verdad-y-la-justicia\/\"]}]},{\"@type\":\"ImageObject\",\"inLanguage\":\"es-AR\",\"@id\":\"https:\/\/apuntesdesanluis.com\/index.php\/2024\/03\/24\/conmemoraron-en-villa-mercedes-el-dia-nacional-de-la-memoria-por-la-verdad-y-la-justicia\/#primaryimage\",\"url\":\"https:\/\/apuntesdesanluis.com\/wp-content\/uploads\/2024\/03\/HOMENAJE-A-MUERTOS.jpg\",\"contentUrl\":\"https:\/\/apuntesdesanluis.com\/wp-content\/uploads\/2024\/03\/HOMENAJE-A-MUERTOS.jpg\",\"width\":600,\"height\":400},{\"@type\":\"BreadcrumbList\",\"@id\":\"https:\/\/apuntesdesanluis.com\/index.php\/2024\/03\/24\/conmemoraron-en-villa-mercedes-el-dia-nacional-de-la-memoria-por-la-verdad-y-la-justicia\/#breadcrumb\",\"itemListElement\":[{\"@type\":\"ListItem\",\"position\":1,\"name\":\"Inicio\",\"item\":\"https:\/\/apuntesdesanluis.com\/\"},{\"@type\":\"ListItem\",\"position\":2,\"name\":\"CONMEMORARON EN VILLA MERCEDES EL D\u00cdA NACIONAL DE LA MEMORIA POR LA VERDAD Y LA JUSTICIA\"}]},{\"@type\":\"WebSite\",\"@id\":\"https:\/\/apuntesdesanluis.com\/#website\",\"url\":\"https:\/\/apuntesdesanluis.com\/\",\"name\":\"Apuntes de San Luis\",\"description\":\"\",\"publisher\":{\"@id\":\"https:\/\/apuntesdesanluis.com\/#\/schema\/person\/b55151d52296fcce64d1a72538a70b90\"},\"potentialAction\":[{\"@type\":\"SearchAction\",\"target\":{\"@type\":\"EntryPoint\",\"urlTemplate\":\"https:\/\/apuntesdesanluis.com\/?s={search_term_string}\"},\"query-input\":{\"@type\":\"PropertyValueSpecification\",\"valueRequired\":true,\"valueName\":\"search_term_string\"}}],\"inLanguage\":\"es-AR\"},{\"@type\":[\"Person\",\"Organization\"],\"@id\":\"https:\/\/apuntesdesanluis.com\/#\/schema\/person\/b55151d52296fcce64d1a72538a70b90\",\"name\":\"apuntesdesanluis.com\",\"image\":{\"@type\":\"ImageObject\",\"inLanguage\":\"es-AR\",\"@id\":\"https:\/\/apuntesdesanluis.com\/#\/schema\/person\/image\/\",\"url\":\"https:\/\/apuntesdesanluis.com\/wp-content\/uploads\/2023\/07\/cropped-apuntesdesanluis.png\",\"contentUrl\":\"https:\/\/apuntesdesanluis.com\/wp-content\/uploads\/2023\/07\/cropped-apuntesdesanluis.png\",\"width\":450,\"height\":112,\"caption\":\"apuntesdesanluis.com\"},\"logo\":{\"@id\":\"https:\/\/apuntesdesanluis.com\/#\/schema\/person\/image\/\"},\"sameAs\":[\"https:\/\/apuntesdesanluis.com\"],\"url\":\"https:\/\/apuntesdesanluis.com\/index.php\/author\/apuntesdesanluis-com\/\"}]}<\/script>\n<!-- \/ Yoast SEO plugin. -->","yoast_head_json":{"title":"CONMEMORARON EN VILLA MERCEDES EL D\u00cdA NACIONAL DE LA MEMORIA POR LA VERDAD Y LA JUSTICIA - Apuntes de San Luis","robots":{"index":"index","follow":"follow","max-snippet":"max-snippet:-1","max-image-preview":"max-image-preview:large","max-video-preview":"max-video-preview:-1"},"canonical":"https:\/\/apuntesdesanluis.com\/index.php\/2024\/03\/24\/conmemoraron-en-villa-mercedes-el-dia-nacional-de-la-memoria-por-la-verdad-y-la-justicia\/","og_locale":"es_ES","og_type":"article","og_title":"CONMEMORARON EN VILLA MERCEDES EL D\u00cdA NACIONAL DE LA MEMORIA POR LA VERDAD Y LA JUSTICIA - Apuntes de San Luis","og_description":"A 48\u00b0 a\u00f1os del \u00faltimo golpe c\u00edvico militar del 24 de marzo de 1976, se...","og_url":"https:\/\/apuntesdesanluis.com\/index.php\/2024\/03\/24\/conmemoraron-en-villa-mercedes-el-dia-nacional-de-la-memoria-por-la-verdad-y-la-justicia\/","og_site_name":"Apuntes de San Luis","article_published_time":"2024-03-25T01:24:14+00:00","og_image":[{"width":600,"height":400,"url":"https:\/\/apuntesdesanluis.com\/wp-content\/uploads\/2024\/03\/HOMENAJE-A-MUERTOS.jpg","type":"image\/jpeg"}],"author":"apuntesdesanluis.com","twitter_card":"summary_large_image","twitter_misc":{"Escrito por":"apuntesdesanluis.com","Tiempo de lectura":"3 minutos"},"schema":{"@context":"https:\/\/schema.org","@graph":[{"@type":"Article","@id":"https:\/\/apuntesdesanluis.com\/index.php\/2024\/03\/24\/conmemoraron-en-villa-mercedes-el-dia-nacional-de-la-memoria-por-la-verdad-y-la-justicia\/#article","isPartOf":{"@id":"https:\/\/apuntesdesanluis.com\/index.php\/2024\/03\/24\/conmemoraron-en-villa-mercedes-el-dia-nacional-de-la-memoria-por-la-verdad-y-la-justicia\/"},"author":{"name":"apuntesdesanluis.com","@id":"https:\/\/apuntesdesanluis.com\/#\/schema\/person\/b55151d52296fcce64d1a72538a70b90"},"headline":"CONMEMORARON EN VILLA MERCEDES EL D\u00cdA NACIONAL DE LA MEMORIA POR LA VERDAD Y LA JUSTICIA","datePublished":"2024-03-25T01:24:14+00:00","mainEntityOfPage":{"@id":"https:\/\/apuntesdesanluis.com\/index.php\/2024\/03\/24\/conmemoraron-en-villa-mercedes-el-dia-nacional-de-la-memoria-por-la-verdad-y-la-justicia\/"},"wordCount":353,"publisher":{"@id":"https:\/\/apuntesdesanluis.com\/#\/schema\/person\/b55151d52296fcce64d1a72538a70b90"},"image":{"@id":"https:\/\/apuntesdesanluis.com\/index.php\/2024\/03\/24\/conmemoraron-en-villa-mercedes-el-dia-nacional-de-la-memoria-por-la-verdad-y-la-justicia\/#primaryimage"},"thumbnailUrl":"https:\/\/apuntesdesanluis.com\/wp-content\/uploads\/2024\/03\/HOMENAJE-A-MUERTOS.jpg","articleSection":["Ciudad\/Provincia"],"inLanguage":"es-AR"},{"@type":"WebPage","@id":"https:\/\/apuntesdesanluis.com\/index.php\/2024\/03\/24\/conmemoraron-en-villa-mercedes-el-dia-nacional-de-la-memoria-por-la-verdad-y-la-justicia\/","url":"https:\/\/apuntesdesanluis.com\/index.php\/2024\/03\/24\/conmemoraron-en-villa-mercedes-el-dia-nacional-de-la-memoria-por-la-verdad-y-la-justicia\/","name":"CONMEMORARON EN VILLA MERCEDES EL D\u00cdA NACIONAL DE LA MEMORIA POR LA VERDAD Y LA JUSTICIA - Apuntes de San Luis","isPartOf":{"@id":"https:\/\/apuntesdesanluis.com\/#website"},"primaryImageOfPage":{"@id":"https:\/\/apuntesdesanluis.com\/index.php\/2024\/03\/24\/conmemoraron-en-villa-mercedes-el-dia-nacional-de-la-memoria-por-la-verdad-y-la-justicia\/#primaryimage"},"image":{"@id":"https:\/\/apuntesdesanluis.com\/index.php\/2024\/03\/24\/conmemoraron-en-villa-mercedes-el-dia-nacional-de-la-memoria-por-la-verdad-y-la-justicia\/#primaryimage"},"thumbnailUrl":"https:\/\/apuntesdesanluis.com\/wp-content\/uploads\/2024\/03\/HOMENAJE-A-MUERTOS.jpg","datePublished":"2024-03-25T01:24:14+00:00","breadcrumb":{"@id":"https:\/\/apuntesdesanluis.com\/index.php\/2024\/03\/24\/conmemoraron-en-villa-mercedes-el-dia-nacional-de-la-memoria-por-la-verdad-y-la-justicia\/#breadcrumb"},"inLanguage":"es-AR","potentialAction":[{"@type":"ReadAction","target":["https:\/\/apuntesdesanluis.com\/index.php\/2024\/03\/24\/conmemoraron-en-villa-mercedes-el-dia-nacional-de-la-memoria-por-la-verdad-y-la-justicia\/"]}]},{"@type":"ImageObject","inLanguage":"es-AR","@id":"https:\/\/apuntesdesanluis.com\/index.php\/2024\/03\/24\/conmemoraron-en-villa-mercedes-el-dia-nacional-de-la-memoria-por-la-verdad-y-la-justicia\/#primaryimage","url":"https:\/\/apuntesdesanluis.com\/wp-content\/uploads\/2024\/03\/HOMENAJE-A-MUERTOS.jpg","contentUrl":"https:\/\/apuntesdesanluis.com\/wp-content\/uploads\/2024\/03\/HOMENAJE-A-MUERTOS.jpg","width":600,"height":400},{"@type":"BreadcrumbList","@id":"https:\/\/apuntesdesanluis.com\/index.php\/2024\/03\/24\/conmemoraron-en-villa-mercedes-el-dia-nacional-de-la-memoria-por-la-verdad-y-la-justicia\/#breadcrumb","itemListElement":[{"@type":"ListItem","position":1,"name":"Inicio","item":"https:\/\/apuntesdesanluis.com\/"},{"@type":"ListItem","position":2,"name":"CONMEMORARON EN VILLA MERCEDES EL D\u00cdA NACIONAL DE LA MEMORIA POR LA VERDAD Y LA JUSTICIA"}]},{"@type":"WebSite","@id":"https:\/\/apuntesdesanluis.com\/#website","url":"https:\/\/apuntesdesanluis.com\/","name":"Apuntes de San Luis","description":"","publisher":{"@id":"https:\/\/apuntesdesanluis.com\/#\/schema\/person\/b55151d52296fcce64d1a72538a70b90"},"potentialAction":[{"@type":"SearchAction","target":{"@type":"EntryPoint","urlTemplate":"https:\/\/apuntesdesanluis.com\/?s={search_term_string}"},"query-input":{"@type":"PropertyValueSpecification","valueRequired":true,"valueName":"search_term_string"}}],"inLanguage":"es-AR"},{"@type":["Person","Organization"],"@id":"https:\/\/apuntesdesanluis.com\/#\/schema\/person\/b55151d52296fcce64d1a72538a70b90","name":"apuntesdesanluis.com","image":{"@type":"ImageObject","inLanguage":"es-AR","@id":"https:\/\/apuntesdesanluis.com\/#\/schema\/person\/image\/","url":"https:\/\/apuntesdesanluis.com\/wp-content\/uploads\/2023\/07\/cropped-apuntesdesanluis.png","contentUrl":"https:\/\/apuntesdesanluis.com\/wp-content\/uploads\/2023\/07\/cropped-apuntesdesanluis.png","width":450,"height":112,"caption":"apuntesdesanluis.com"},"logo":{"@id":"https:\/\/apuntesdesanluis.com\/#\/schema\/person\/image\/"},"sameAs":["https:\/\/apuntesdesanluis.com"],"url":"https:\/\/apuntesdesanluis.com\/index.php\/author\/apuntesdesanluis-com\/"}]}},"featured_image_urls":{"full":["https:\/\/apuntesdesanluis.com\/wp-content\/uploads\/2024\/03\/HOMENAJE-A-MUERTOS.jpg",600,400,false],"thumbnail":["https:\/\/apuntesdesanluis.com\/wp-content\/uploads\/2024\/03\/HOMENAJE-A-MUERTOS-150x150.jpg",150,150,true],"medium":["https:\/\/apuntesdesanluis.com\/wp-content\/uploads\/2024\/03\/HOMENAJE-A-MUERTOS-300x200.jpg",300,200,true],"medium_large":["https:\/\/apuntesdesanluis.com\/wp-content\/uploads\/2024\/03\/HOMENAJE-A-MUERTOS.jpg",600,400,false],"large":["https:\/\/apuntesdesanluis.com\/wp-content\/uploads\/2024\/03\/HOMENAJE-A-MUERTOS.jpg",600,400,false],"1536x1536":["https:\/\/apuntesdesanluis.com\/wp-content\/uploads\/2024\/03\/HOMENAJE-A-MUERTOS.jpg",600,400,false],"2048x2048":["https:\/\/apuntesdesanluis.com\/wp-content\/uploads\/2024\/03\/HOMENAJE-A-MUERTOS.jpg",600,400,false],"newsever-slider-full":["https:\/\/apuntesdesanluis.com\/wp-content\/uploads\/2024\/03\/HOMENAJE-A-MUERTOS.jpg",600,400,false],"newsever-featured":["https:\/\/apuntesdesanluis.com\/wp-content\/uploads\/2024\/03\/HOMENAJE-A-MUERTOS.jpg",600,400,false],"newsever-medium":["https:\/\/apuntesdesanluis.com\/wp-content\/uploads\/2024\/03\/HOMENAJE-A-MUERTOS.jpg",600,400,false]},"author_info":{"display_name":"apuntesdesanluis.com","author_link":"https:\/\/apuntesdesanluis.com\/index.php\/author\/apuntesdesanluis-com\/"},"category_info":"<a href=\"https:\/\/apuntesdesanluis.com\/index.php\/category\/ciudad-provincia\/\" rel=\"category tag\">Ciudad\/Provincia<\/a>","tag_info":"Ciudad\/Provincia","comment_count":"0","_links":{"self":[{"href":"https:\/\/apuntesdesanluis.com\/index.php\/wp-json\/wp\/v2\/posts\/13653","targetHints":{"allow":["GET"]}}],"collection":[{"href":"https:\/\/apuntesdesanluis.com\/index.php\/wp-json\/wp\/v2\/posts"}],"about":[{"href":"https:\/\/apuntesdesanluis.com\/index.php\/wp-json\/wp\/v2\/types\/post"}],"author":[{"embeddable":true,"href":"https:\/\/apuntesdesanluis.com\/index.php\/wp-json\/wp\/v2\/users\/1"}],"replies":[{"embeddable":true,"href":"https:\/\/apuntesdesanluis.com\/index.php\/wp-json\/wp\/v2\/comments?post=13653"}],"version-history":[{"count":2,"href":"https:\/\/apuntesdesanluis.com\/index.php\/wp-json\/wp\/v2\/posts\/13653\/revisions"}],"predecessor-version":[{"id":13660,"href":"https:\/\/apuntesdesanluis.com\/index.php\/wp-json\/wp\/v2\/posts\/13653\/revisions\/13660"}],"wp:featuredmedia":[{"embeddable":true,"href":"https:\/\/apuntesdesanluis.com\/index.php\/wp-json\/wp\/v2\/media\/13655"}],"wp:attachment":[{"href":"https:\/\/apuntesdesanluis.com\/index.php\/wp-json\/wp\/v2\/media?parent=13653"}],"wp:term":[{"taxonomy":"category","embeddable":true,"href":"https:\/\/apuntesdesanluis.com\/index.php\/wp-json\/wp\/v2\/categories?post=13653"},{"taxonomy":"post_tag","embeddable":true,"href":"https:\/\/apuntesdesanluis.com\/index.php\/wp-json\/wp\/v2\/tags?post=13653"}],"curies":[{"name":"wp","href":"https:\/\/api.w.org\/{rel}","templated":true}]}}