{"id":1366,"date":"2023-08-09T23:54:07","date_gmt":"2023-08-10T02:54:07","guid":{"rendered":"https:\/\/apuntesdesanluis.com\/?p=1366"},"modified":"2023-08-09T23:54:07","modified_gmt":"2023-08-10T02:54:07","slug":"homicidio-culposo-la-defensa-de-freixes-h-pidio-la-suspension-del-juicio-a-prueba","status":"publish","type":"post","link":"https:\/\/apuntesdesanluis.com\/index.php\/2023\/08\/09\/homicidio-culposo-la-defensa-de-freixes-h-pidio-la-suspension-del-juicio-a-prueba\/","title":{"rendered":"HOMICIDIO CULPOSO: LA DEFENSA DE FREIXES (H) PIDI\u00d3 LA SUSPENSI\u00d3N DEL JUICIO A PRUEBA"},"content":{"rendered":"<h3>El hecho investigado ocurri\u00f3 en octubre del 2019 en el sur provincial.\u00a0 La defensa ofreci\u00f3 una reparaci\u00f3n econ\u00f3mica, la entrega voluntaria del carnet de conducir\u00a0 del acusado y la realizaci\u00f3n de tareas comunitarias, entre otras medidas que fueron rechazadas por los abogados de los familiares de la v\u00edctima.<\/h3>\n<h3>Los Dres. <strong>Pascual Celdr\u00e1n<\/strong> y <strong>Hugo Scarso<\/strong> plantearon al tribunal integrado por las Dras. Sandra Ehrlich y Virna Eguinoa y por el Dr. Sebasti\u00e1n Cadelago Filippi la suspensi\u00f3n del juicio a prueba en la causa donde se juzgar\u00eda a un joven con domicilio en la localidad de Nueva Galia como presunto autor del delito de homicidio culposo agravado por un hecho ocurrido el 24 de octubre del 2019 en la ruta nacional N\u00ba 188, donde se produjo un accidente de tr\u00e1nsito que\u00a0 caus\u00f3 la muerte del se\u00f1or <strong>Domingo Hugo Barroso<\/strong>.<\/h3>\n<h3>En el hecho se encuentra procesado <strong>Francis \u201cChulo\u201d Freixes<\/strong>, hijo del condenado funcionario provincial <strong>Sergio Freixes<\/strong> y de Viviana Moreira, hermano de la senadora provincial por Dupuy, <strong>Diamela Freixes<\/strong>. Supuestamente regresaba del campo, luego de una noche de cacer\u00eda. Domingo Hugo Barroso, un trabajador municipal de la localidad de Fortuna, falleci\u00f3 en el lugar del accidente, sin que el conductor se detuviera a asistirlo.<\/h3>\n<h3>Seg\u00fan la acusaci\u00f3n fiscal oportunamente efectuada, el acusado y la v\u00edctima circulaban en el mismo sentido por la ruta N\u00ba 188. El acusado lo hac\u00eda a bordo de una camioneta Toyota Hilux, mientras que Barroso se dirig\u00eda a su lugar de trabajo en una motocicleta. De acuerdo a lo relatado por la fiscal de primera instancia, Barroso fue embestido por el acusado y falleci\u00f3 por el impacto, como consecuencia de las lesiones recibidas tras el siniestro. Tambi\u00e9n consider\u00f3 acreditado que luego del accidente el acusado continu\u00f3 su marcha, y\u00e9ndose del lugar del hecho.<\/h3>\n<h3>En la ma\u00f1ana de este mi\u00e9rcoles, en la audiencia que se desarroll\u00f3 en la Sala de juicios orales N\u00ba 1, el tribunal cedi\u00f3 la palabra a la defensa. El Dr. Scarso consider\u00f3 viable la posibilidad de que el tribunal conceda la suspensi\u00f3n del juicio a prueba, cit\u00f3 jurisprudencia\u00a0 y mencion\u00f3 la pena prevista para el delito. Plante\u00f3 la inconstitucionalidad del Art. 76 bis \u00faltima parte del C\u00f3digo Penal Argentino y explic\u00f3 al tribunal que su representado ofrecer\u00eda una reparaci\u00f3n econ\u00f3mica, la entrega voluntaria del carnet de conducir, la realizaci\u00f3n de un curso de capacitaci\u00f3n y de tareas comunitarias. En el mismo sentido se expres\u00f3 el co defensor, Dr. Pascual Celdr\u00e1n. Dejaron planteado recurrir ante Casaci\u00f3n en caso de que el tribunal denegara su pedido.<\/h3>\n<h3>A continuaci\u00f3n, el Dr. <strong>N\u00e9stor Lucero<\/strong>, Fiscal de Juicio, cit\u00f3 el \u00faltimo caso en el que se expres\u00f3 en el mismo sentido y no formul\u00f3 objeciones al planteo de la defensa.<\/h3>\n<p><img fetchpriority=\"high\" decoding=\"async\" class=\"wp-image-1368 aligncenter\" src=\"https:\/\/apuntesdesanluis.com\/wp-content\/uploads\/2023\/08\/juicio-1-300x159.png\" alt=\"\" width=\"764\" height=\"405\" srcset=\"https:\/\/apuntesdesanluis.com\/wp-content\/uploads\/2023\/08\/juicio-1-300x159.png 300w, https:\/\/apuntesdesanluis.com\/wp-content\/uploads\/2023\/08\/juicio-1-768x407.png 768w, https:\/\/apuntesdesanluis.com\/wp-content\/uploads\/2023\/08\/juicio-1.png 1003w\" sizes=\"(max-width: 764px) 100vw, 764px\" \/><\/p>\n<h3>Luego, los Dres. <strong>Lucio Pereira<\/strong> y <strong>Ricardo Bazla<\/strong> hablaron en representaci\u00f3n del particular damnificado ( familiares de la v\u00edctima), y rechazaron el pedido de suspensi\u00f3n de juicio a prueba.<\/h3>\n<h3>\u201cCreemos que es necesaria la apertura del debate para poder determinar cu\u00e1l ha sido la responsabilidad que se le reprocha al acusado en el proceso. Esta parte se opone terminantemente al beneficio de la suspensi\u00f3n de juicio a prueba, creemos que es necesario realizar el debate. Afuera se encuentran familiares de la v\u00edctima quienes pretenden conocer la verdad del hecho\u201d, dijeron.<\/h3>\n<h3>Adem\u00e1s, citaron una causa donde,\u00a0 en un hecho de similares caracter\u00edsticas, el tribunal rechaz\u00f3 el pedido de suspensi\u00f3n de juicio a prueba y orden\u00f3 el desarrollo del debate oral.<\/h3>\n<h3>El Dr. Bazla dijo que el debate es necesario a los fines de dejar probadas las constancias que existen en el expediente, mencion\u00f3 circunstancias del hecho y asegur\u00f3 que el acusado abandon\u00f3 el lugar del accidente, generando una \u201cventana de tiempo\u201d entre que se produjo el impacto y el momento de la muerte de Barroso. Tambi\u00e9n dej\u00f3\u00a0 planteada la posibilidad de recurrir ante Casaci\u00f3n en caso de que el tribunal rechace su petici\u00f3n.<\/h3>\n<h3>Luego de escuchar a las partes, el tribunal\u00a0 pas\u00f3 a resolver e inform\u00f3 que dar\u00e1 a conocer la resoluci\u00f3n a las partes en el plazo de ley.<\/h3>\n","protected":false},"excerpt":{"rendered":"<p>El hecho investigado ocurri\u00f3 en octubre del 2019 en el sur provincial.\u00a0 La defensa ofreci\u00f3&#8230;<\/p>\n","protected":false},"author":1,"featured_media":1367,"comment_status":"closed","ping_status":"closed","sticky":false,"template":"","format":"standard","meta":{"footnotes":""},"categories":[6],"tags":[],"class_list":["post-1366","post","type-post","status-publish","format-standard","has-post-thumbnail","hentry","category-ciudad-provincia"],"yoast_head":"<!-- This site is optimized with the Yoast SEO plugin v26.1.1 - https:\/\/yoast.com\/wordpress\/plugins\/seo\/ -->\n<title>HOMICIDIO CULPOSO: LA DEFENSA DE FREIXES (H) PIDI\u00d3 LA SUSPENSI\u00d3N DEL JUICIO A PRUEBA - Apuntes de San Luis<\/title>\n<meta name=\"robots\" content=\"index, follow, max-snippet:-1, max-image-preview:large, max-video-preview:-1\" \/>\n<link rel=\"canonical\" href=\"https:\/\/apuntesdesanluis.com\/index.php\/2023\/08\/09\/homicidio-culposo-la-defensa-de-freixes-h-pidio-la-suspension-del-juicio-a-prueba\/\" \/>\n<meta property=\"og:locale\" content=\"es_ES\" \/>\n<meta property=\"og:type\" content=\"article\" \/>\n<meta property=\"og:title\" content=\"HOMICIDIO CULPOSO: LA DEFENSA DE FREIXES (H) PIDI\u00d3 LA SUSPENSI\u00d3N DEL JUICIO A PRUEBA - Apuntes de San Luis\" \/>\n<meta property=\"og:description\" content=\"El hecho investigado ocurri\u00f3 en octubre del 2019 en el sur provincial.\u00a0 La defensa ofreci\u00f3...\" \/>\n<meta property=\"og:url\" content=\"https:\/\/apuntesdesanluis.com\/index.php\/2023\/08\/09\/homicidio-culposo-la-defensa-de-freixes-h-pidio-la-suspension-del-juicio-a-prueba\/\" \/>\n<meta property=\"og:site_name\" content=\"Apuntes de San Luis\" \/>\n<meta property=\"article:published_time\" content=\"2023-08-10T02:54:07+00:00\" \/>\n<meta property=\"og:image\" content=\"https:\/\/apuntesdesanluis.com\/wp-content\/uploads\/2023\/08\/hijo-de-freixes.png\" \/>\n\t<meta property=\"og:image:width\" content=\"669\" \/>\n\t<meta property=\"og:image:height\" content=\"350\" \/>\n\t<meta property=\"og:image:type\" content=\"image\/png\" \/>\n<meta name=\"author\" content=\"apuntesdesanluis.com\" \/>\n<meta name=\"twitter:card\" content=\"summary_large_image\" \/>\n<meta name=\"twitter:label1\" content=\"Escrito por\" \/>\n\t<meta name=\"twitter:data1\" content=\"apuntesdesanluis.com\" \/>\n\t<meta name=\"twitter:label2\" content=\"Tiempo de lectura\" \/>\n\t<meta name=\"twitter:data2\" content=\"4 minutos\" \/>\n<script type=\"application\/ld+json\" class=\"yoast-schema-graph\">{\"@context\":\"https:\/\/schema.org\",\"@graph\":[{\"@type\":\"Article\",\"@id\":\"https:\/\/apuntesdesanluis.com\/index.php\/2023\/08\/09\/homicidio-culposo-la-defensa-de-freixes-h-pidio-la-suspension-del-juicio-a-prueba\/#article\",\"isPartOf\":{\"@id\":\"https:\/\/apuntesdesanluis.com\/index.php\/2023\/08\/09\/homicidio-culposo-la-defensa-de-freixes-h-pidio-la-suspension-del-juicio-a-prueba\/\"},\"author\":{\"name\":\"apuntesdesanluis.com\",\"@id\":\"https:\/\/apuntesdesanluis.com\/#\/schema\/person\/b55151d52296fcce64d1a72538a70b90\"},\"headline\":\"HOMICIDIO CULPOSO: LA DEFENSA DE FREIXES (H) PIDI\u00d3 LA SUSPENSI\u00d3N DEL JUICIO A PRUEBA\",\"datePublished\":\"2023-08-10T02:54:07+00:00\",\"mainEntityOfPage\":{\"@id\":\"https:\/\/apuntesdesanluis.com\/index.php\/2023\/08\/09\/homicidio-culposo-la-defensa-de-freixes-h-pidio-la-suspension-del-juicio-a-prueba\/\"},\"wordCount\":720,\"publisher\":{\"@id\":\"https:\/\/apuntesdesanluis.com\/#\/schema\/person\/b55151d52296fcce64d1a72538a70b90\"},\"image\":{\"@id\":\"https:\/\/apuntesdesanluis.com\/index.php\/2023\/08\/09\/homicidio-culposo-la-defensa-de-freixes-h-pidio-la-suspension-del-juicio-a-prueba\/#primaryimage\"},\"thumbnailUrl\":\"https:\/\/apuntesdesanluis.com\/wp-content\/uploads\/2023\/08\/hijo-de-freixes.png\",\"articleSection\":[\"Ciudad\/Provincia\"],\"inLanguage\":\"es-AR\"},{\"@type\":\"WebPage\",\"@id\":\"https:\/\/apuntesdesanluis.com\/index.php\/2023\/08\/09\/homicidio-culposo-la-defensa-de-freixes-h-pidio-la-suspension-del-juicio-a-prueba\/\",\"url\":\"https:\/\/apuntesdesanluis.com\/index.php\/2023\/08\/09\/homicidio-culposo-la-defensa-de-freixes-h-pidio-la-suspension-del-juicio-a-prueba\/\",\"name\":\"HOMICIDIO CULPOSO: LA DEFENSA DE FREIXES (H) PIDI\u00d3 LA SUSPENSI\u00d3N DEL JUICIO A PRUEBA - Apuntes de San Luis\",\"isPartOf\":{\"@id\":\"https:\/\/apuntesdesanluis.com\/#website\"},\"primaryImageOfPage\":{\"@id\":\"https:\/\/apuntesdesanluis.com\/index.php\/2023\/08\/09\/homicidio-culposo-la-defensa-de-freixes-h-pidio-la-suspension-del-juicio-a-prueba\/#primaryimage\"},\"image\":{\"@id\":\"https:\/\/apuntesdesanluis.com\/index.php\/2023\/08\/09\/homicidio-culposo-la-defensa-de-freixes-h-pidio-la-suspension-del-juicio-a-prueba\/#primaryimage\"},\"thumbnailUrl\":\"https:\/\/apuntesdesanluis.com\/wp-content\/uploads\/2023\/08\/hijo-de-freixes.png\",\"datePublished\":\"2023-08-10T02:54:07+00:00\",\"breadcrumb\":{\"@id\":\"https:\/\/apuntesdesanluis.com\/index.php\/2023\/08\/09\/homicidio-culposo-la-defensa-de-freixes-h-pidio-la-suspension-del-juicio-a-prueba\/#breadcrumb\"},\"inLanguage\":\"es-AR\",\"potentialAction\":[{\"@type\":\"ReadAction\",\"target\":[\"https:\/\/apuntesdesanluis.com\/index.php\/2023\/08\/09\/homicidio-culposo-la-defensa-de-freixes-h-pidio-la-suspension-del-juicio-a-prueba\/\"]}]},{\"@type\":\"ImageObject\",\"inLanguage\":\"es-AR\",\"@id\":\"https:\/\/apuntesdesanluis.com\/index.php\/2023\/08\/09\/homicidio-culposo-la-defensa-de-freixes-h-pidio-la-suspension-del-juicio-a-prueba\/#primaryimage\",\"url\":\"https:\/\/apuntesdesanluis.com\/wp-content\/uploads\/2023\/08\/hijo-de-freixes.png\",\"contentUrl\":\"https:\/\/apuntesdesanluis.com\/wp-content\/uploads\/2023\/08\/hijo-de-freixes.png\",\"width\":669,\"height\":350},{\"@type\":\"BreadcrumbList\",\"@id\":\"https:\/\/apuntesdesanluis.com\/index.php\/2023\/08\/09\/homicidio-culposo-la-defensa-de-freixes-h-pidio-la-suspension-del-juicio-a-prueba\/#breadcrumb\",\"itemListElement\":[{\"@type\":\"ListItem\",\"position\":1,\"name\":\"Inicio\",\"item\":\"https:\/\/apuntesdesanluis.com\/\"},{\"@type\":\"ListItem\",\"position\":2,\"name\":\"HOMICIDIO CULPOSO: LA DEFENSA DE FREIXES (H) PIDI\u00d3 LA SUSPENSI\u00d3N DEL JUICIO A PRUEBA\"}]},{\"@type\":\"WebSite\",\"@id\":\"https:\/\/apuntesdesanluis.com\/#website\",\"url\":\"https:\/\/apuntesdesanluis.com\/\",\"name\":\"Apuntes de San Luis\",\"description\":\"\",\"publisher\":{\"@id\":\"https:\/\/apuntesdesanluis.com\/#\/schema\/person\/b55151d52296fcce64d1a72538a70b90\"},\"potentialAction\":[{\"@type\":\"SearchAction\",\"target\":{\"@type\":\"EntryPoint\",\"urlTemplate\":\"https:\/\/apuntesdesanluis.com\/?s={search_term_string}\"},\"query-input\":{\"@type\":\"PropertyValueSpecification\",\"valueRequired\":true,\"valueName\":\"search_term_string\"}}],\"inLanguage\":\"es-AR\"},{\"@type\":[\"Person\",\"Organization\"],\"@id\":\"https:\/\/apuntesdesanluis.com\/#\/schema\/person\/b55151d52296fcce64d1a72538a70b90\",\"name\":\"apuntesdesanluis.com\",\"image\":{\"@type\":\"ImageObject\",\"inLanguage\":\"es-AR\",\"@id\":\"https:\/\/apuntesdesanluis.com\/#\/schema\/person\/image\/\",\"url\":\"https:\/\/apuntesdesanluis.com\/wp-content\/uploads\/2023\/07\/cropped-apuntesdesanluis.png\",\"contentUrl\":\"https:\/\/apuntesdesanluis.com\/wp-content\/uploads\/2023\/07\/cropped-apuntesdesanluis.png\",\"width\":450,\"height\":112,\"caption\":\"apuntesdesanluis.com\"},\"logo\":{\"@id\":\"https:\/\/apuntesdesanluis.com\/#\/schema\/person\/image\/\"},\"sameAs\":[\"https:\/\/apuntesdesanluis.com\"],\"url\":\"https:\/\/apuntesdesanluis.com\/index.php\/author\/apuntesdesanluis-com\/\"}]}<\/script>\n<!-- \/ Yoast SEO plugin. -->","yoast_head_json":{"title":"HOMICIDIO CULPOSO: LA DEFENSA DE FREIXES (H) PIDI\u00d3 LA SUSPENSI\u00d3N DEL JUICIO A PRUEBA - Apuntes de San Luis","robots":{"index":"index","follow":"follow","max-snippet":"max-snippet:-1","max-image-preview":"max-image-preview:large","max-video-preview":"max-video-preview:-1"},"canonical":"https:\/\/apuntesdesanluis.com\/index.php\/2023\/08\/09\/homicidio-culposo-la-defensa-de-freixes-h-pidio-la-suspension-del-juicio-a-prueba\/","og_locale":"es_ES","og_type":"article","og_title":"HOMICIDIO CULPOSO: LA DEFENSA DE FREIXES (H) PIDI\u00d3 LA SUSPENSI\u00d3N DEL JUICIO A PRUEBA - Apuntes de San Luis","og_description":"El hecho investigado ocurri\u00f3 en octubre del 2019 en el sur provincial.\u00a0 La defensa ofreci\u00f3...","og_url":"https:\/\/apuntesdesanluis.com\/index.php\/2023\/08\/09\/homicidio-culposo-la-defensa-de-freixes-h-pidio-la-suspension-del-juicio-a-prueba\/","og_site_name":"Apuntes de San Luis","article_published_time":"2023-08-10T02:54:07+00:00","og_image":[{"width":669,"height":350,"url":"https:\/\/apuntesdesanluis.com\/wp-content\/uploads\/2023\/08\/hijo-de-freixes.png","type":"image\/png"}],"author":"apuntesdesanluis.com","twitter_card":"summary_large_image","twitter_misc":{"Escrito por":"apuntesdesanluis.com","Tiempo de lectura":"4 minutos"},"schema":{"@context":"https:\/\/schema.org","@graph":[{"@type":"Article","@id":"https:\/\/apuntesdesanluis.com\/index.php\/2023\/08\/09\/homicidio-culposo-la-defensa-de-freixes-h-pidio-la-suspension-del-juicio-a-prueba\/#article","isPartOf":{"@id":"https:\/\/apuntesdesanluis.com\/index.php\/2023\/08\/09\/homicidio-culposo-la-defensa-de-freixes-h-pidio-la-suspension-del-juicio-a-prueba\/"},"author":{"name":"apuntesdesanluis.com","@id":"https:\/\/apuntesdesanluis.com\/#\/schema\/person\/b55151d52296fcce64d1a72538a70b90"},"headline":"HOMICIDIO CULPOSO: LA DEFENSA DE FREIXES (H) PIDI\u00d3 LA SUSPENSI\u00d3N DEL JUICIO A PRUEBA","datePublished":"2023-08-10T02:54:07+00:00","mainEntityOfPage":{"@id":"https:\/\/apuntesdesanluis.com\/index.php\/2023\/08\/09\/homicidio-culposo-la-defensa-de-freixes-h-pidio-la-suspension-del-juicio-a-prueba\/"},"wordCount":720,"publisher":{"@id":"https:\/\/apuntesdesanluis.com\/#\/schema\/person\/b55151d52296fcce64d1a72538a70b90"},"image":{"@id":"https:\/\/apuntesdesanluis.com\/index.php\/2023\/08\/09\/homicidio-culposo-la-defensa-de-freixes-h-pidio-la-suspension-del-juicio-a-prueba\/#primaryimage"},"thumbnailUrl":"https:\/\/apuntesdesanluis.com\/wp-content\/uploads\/2023\/08\/hijo-de-freixes.png","articleSection":["Ciudad\/Provincia"],"inLanguage":"es-AR"},{"@type":"WebPage","@id":"https:\/\/apuntesdesanluis.com\/index.php\/2023\/08\/09\/homicidio-culposo-la-defensa-de-freixes-h-pidio-la-suspension-del-juicio-a-prueba\/","url":"https:\/\/apuntesdesanluis.com\/index.php\/2023\/08\/09\/homicidio-culposo-la-defensa-de-freixes-h-pidio-la-suspension-del-juicio-a-prueba\/","name":"HOMICIDIO CULPOSO: LA DEFENSA DE FREIXES (H) PIDI\u00d3 LA SUSPENSI\u00d3N DEL JUICIO A PRUEBA - Apuntes de San Luis","isPartOf":{"@id":"https:\/\/apuntesdesanluis.com\/#website"},"primaryImageOfPage":{"@id":"https:\/\/apuntesdesanluis.com\/index.php\/2023\/08\/09\/homicidio-culposo-la-defensa-de-freixes-h-pidio-la-suspension-del-juicio-a-prueba\/#primaryimage"},"image":{"@id":"https:\/\/apuntesdesanluis.com\/index.php\/2023\/08\/09\/homicidio-culposo-la-defensa-de-freixes-h-pidio-la-suspension-del-juicio-a-prueba\/#primaryimage"},"thumbnailUrl":"https:\/\/apuntesdesanluis.com\/wp-content\/uploads\/2023\/08\/hijo-de-freixes.png","datePublished":"2023-08-10T02:54:07+00:00","breadcrumb":{"@id":"https:\/\/apuntesdesanluis.com\/index.php\/2023\/08\/09\/homicidio-culposo-la-defensa-de-freixes-h-pidio-la-suspension-del-juicio-a-prueba\/#breadcrumb"},"inLanguage":"es-AR","potentialAction":[{"@type":"ReadAction","target":["https:\/\/apuntesdesanluis.com\/index.php\/2023\/08\/09\/homicidio-culposo-la-defensa-de-freixes-h-pidio-la-suspension-del-juicio-a-prueba\/"]}]},{"@type":"ImageObject","inLanguage":"es-AR","@id":"https:\/\/apuntesdesanluis.com\/index.php\/2023\/08\/09\/homicidio-culposo-la-defensa-de-freixes-h-pidio-la-suspension-del-juicio-a-prueba\/#primaryimage","url":"https:\/\/apuntesdesanluis.com\/wp-content\/uploads\/2023\/08\/hijo-de-freixes.png","contentUrl":"https:\/\/apuntesdesanluis.com\/wp-content\/uploads\/2023\/08\/hijo-de-freixes.png","width":669,"height":350},{"@type":"BreadcrumbList","@id":"https:\/\/apuntesdesanluis.com\/index.php\/2023\/08\/09\/homicidio-culposo-la-defensa-de-freixes-h-pidio-la-suspension-del-juicio-a-prueba\/#breadcrumb","itemListElement":[{"@type":"ListItem","position":1,"name":"Inicio","item":"https:\/\/apuntesdesanluis.com\/"},{"@type":"ListItem","position":2,"name":"HOMICIDIO CULPOSO: LA DEFENSA DE FREIXES (H) PIDI\u00d3 LA SUSPENSI\u00d3N DEL JUICIO A PRUEBA"}]},{"@type":"WebSite","@id":"https:\/\/apuntesdesanluis.com\/#website","url":"https:\/\/apuntesdesanluis.com\/","name":"Apuntes de San Luis","description":"","publisher":{"@id":"https:\/\/apuntesdesanluis.com\/#\/schema\/person\/b55151d52296fcce64d1a72538a70b90"},"potentialAction":[{"@type":"SearchAction","target":{"@type":"EntryPoint","urlTemplate":"https:\/\/apuntesdesanluis.com\/?s={search_term_string}"},"query-input":{"@type":"PropertyValueSpecification","valueRequired":true,"valueName":"search_term_string"}}],"inLanguage":"es-AR"},{"@type":["Person","Organization"],"@id":"https:\/\/apuntesdesanluis.com\/#\/schema\/person\/b55151d52296fcce64d1a72538a70b90","name":"apuntesdesanluis.com","image":{"@type":"ImageObject","inLanguage":"es-AR","@id":"https:\/\/apuntesdesanluis.com\/#\/schema\/person\/image\/","url":"https:\/\/apuntesdesanluis.com\/wp-content\/uploads\/2023\/07\/cropped-apuntesdesanluis.png","contentUrl":"https:\/\/apuntesdesanluis.com\/wp-content\/uploads\/2023\/07\/cropped-apuntesdesanluis.png","width":450,"height":112,"caption":"apuntesdesanluis.com"},"logo":{"@id":"https:\/\/apuntesdesanluis.com\/#\/schema\/person\/image\/"},"sameAs":["https:\/\/apuntesdesanluis.com"],"url":"https:\/\/apuntesdesanluis.com\/index.php\/author\/apuntesdesanluis-com\/"}]}},"featured_image_urls":{"full":["https:\/\/apuntesdesanluis.com\/wp-content\/uploads\/2023\/08\/hijo-de-freixes.png",669,350,false],"thumbnail":["https:\/\/apuntesdesanluis.com\/wp-content\/uploads\/2023\/08\/hijo-de-freixes-150x150.png",150,150,true],"medium":["https:\/\/apuntesdesanluis.com\/wp-content\/uploads\/2023\/08\/hijo-de-freixes-300x157.png",300,157,true],"medium_large":["https:\/\/apuntesdesanluis.com\/wp-content\/uploads\/2023\/08\/hijo-de-freixes.png",640,335,false],"large":["https:\/\/apuntesdesanluis.com\/wp-content\/uploads\/2023\/08\/hijo-de-freixes.png",640,335,false],"1536x1536":["https:\/\/apuntesdesanluis.com\/wp-content\/uploads\/2023\/08\/hijo-de-freixes.png",669,350,false],"2048x2048":["https:\/\/apuntesdesanluis.com\/wp-content\/uploads\/2023\/08\/hijo-de-freixes.png",669,350,false],"newsever-slider-full":["https:\/\/apuntesdesanluis.com\/wp-content\/uploads\/2023\/08\/hijo-de-freixes.png",669,350,false],"newsever-featured":["https:\/\/apuntesdesanluis.com\/wp-content\/uploads\/2023\/08\/hijo-de-freixes.png",669,350,false],"newsever-medium":["https:\/\/apuntesdesanluis.com\/wp-content\/uploads\/2023\/08\/hijo-de-freixes.png",669,350,false]},"author_info":{"display_name":"apuntesdesanluis.com","author_link":"https:\/\/apuntesdesanluis.com\/index.php\/author\/apuntesdesanluis-com\/"},"category_info":"<a href=\"https:\/\/apuntesdesanluis.com\/index.php\/category\/ciudad-provincia\/\" rel=\"category tag\">Ciudad\/Provincia<\/a>","tag_info":"Ciudad\/Provincia","comment_count":"0","_links":{"self":[{"href":"https:\/\/apuntesdesanluis.com\/index.php\/wp-json\/wp\/v2\/posts\/1366","targetHints":{"allow":["GET"]}}],"collection":[{"href":"https:\/\/apuntesdesanluis.com\/index.php\/wp-json\/wp\/v2\/posts"}],"about":[{"href":"https:\/\/apuntesdesanluis.com\/index.php\/wp-json\/wp\/v2\/types\/post"}],"author":[{"embeddable":true,"href":"https:\/\/apuntesdesanluis.com\/index.php\/wp-json\/wp\/v2\/users\/1"}],"replies":[{"embeddable":true,"href":"https:\/\/apuntesdesanluis.com\/index.php\/wp-json\/wp\/v2\/comments?post=1366"}],"version-history":[{"count":1,"href":"https:\/\/apuntesdesanluis.com\/index.php\/wp-json\/wp\/v2\/posts\/1366\/revisions"}],"predecessor-version":[{"id":1369,"href":"https:\/\/apuntesdesanluis.com\/index.php\/wp-json\/wp\/v2\/posts\/1366\/revisions\/1369"}],"wp:featuredmedia":[{"embeddable":true,"href":"https:\/\/apuntesdesanluis.com\/index.php\/wp-json\/wp\/v2\/media\/1367"}],"wp:attachment":[{"href":"https:\/\/apuntesdesanluis.com\/index.php\/wp-json\/wp\/v2\/media?parent=1366"}],"wp:term":[{"taxonomy":"category","embeddable":true,"href":"https:\/\/apuntesdesanluis.com\/index.php\/wp-json\/wp\/v2\/categories?post=1366"},{"taxonomy":"post_tag","embeddable":true,"href":"https:\/\/apuntesdesanluis.com\/index.php\/wp-json\/wp\/v2\/tags?post=1366"}],"curies":[{"name":"wp","href":"https:\/\/api.w.org\/{rel}","templated":true}]}}