{"id":13661,"date":"2024-03-24T23:04:40","date_gmt":"2024-03-25T02:04:40","guid":{"rendered":"https:\/\/apuntesdesanluis.com\/?p=13661"},"modified":"2024-03-24T23:06:01","modified_gmt":"2024-03-25T02:06:01","slug":"la-comunidad-universitaria-reafirmo-su-pedido-de-memoria-verdad-y-justicia","status":"publish","type":"post","link":"https:\/\/apuntesdesanluis.com\/index.php\/2024\/03\/24\/la-comunidad-universitaria-reafirmo-su-pedido-de-memoria-verdad-y-justicia\/","title":{"rendered":"LA COMUNIDAD UNIVERSITARIA REAFIRM\u00d3 SU PEDIDO DE MEMORIA, VERDAD Y JUSTICIA"},"content":{"rendered":"<h3>La <strong>Universidad Nacional de San Luis<\/strong> (UNSL), como cada 24 de marzo, realiz\u00f3 el acto de homenaje a detenidos\/as-desaparecidos\/as por el terrorismo de Estado, y en particular a Mauricio <strong>Am\u00edlcar L\u00f3pez<\/strong>, primer rector de la instituci\u00f3n, que permanece desaparecido.<\/h3>\n<h3>El encuentro se desarroll\u00f3 este domingo por la ma\u00f1ana en la explanada del Rectorado, un lugar tan significativo como es el busto del Profesor L\u00f3pez, quien fuera desaparecido en la \u00faltima dictadura militar. A 48 a\u00f1os del golpe de Estado, sigue siendo un emblema de lucha que mantiene viva nuestra memoria y el constante pedido de justicia.<\/h3>\n<h3>Para dar inicio a la actividad, se entonaron las estrofas del Himno Nacional Argentino. Posteriormente el rector de la UNSL, C.P.N. <strong>V\u00edctor Mori\u00f1igo<\/strong>, junto a autoridades y a la representante del Centro de Estudiantes de la Escuela Normal Juan Pascual Pringles (ENJPP), <strong>Delfina Reynoso<\/strong>, realizaron la ofrenda floral ante el busto de Mauricio L\u00f3pez.<\/h3>\n<p><img fetchpriority=\"high\" decoding=\"async\" class=\"wp-image-13663 aligncenter\" src=\"https:\/\/apuntesdesanluis.com\/wp-content\/uploads\/2024\/03\/general-24-de-marzo-300x174.png\" alt=\"\" width=\"574\" height=\"333\" srcset=\"https:\/\/apuntesdesanluis.com\/wp-content\/uploads\/2024\/03\/general-24-de-marzo-300x174.png 300w, https:\/\/apuntesdesanluis.com\/wp-content\/uploads\/2024\/03\/general-24-de-marzo.png 646w\" sizes=\"(max-width: 574px) 100vw, 574px\" \/><\/p>\n<h3>Seguidamente se invit\u00f3 a las personas presentes a realizar un minuto de aplausos en memoria de quienes fueron arrancados\/as de sus pueblos durante el terrorismo de Estado, y sosteniendo a quienes contin\u00faan en la lucha por la promoci\u00f3n y la defensa de los Derechos Humanos.<\/h3>\n<h3>A continuaci\u00f3n se presentaron estudiantes del colegio secundario de Bellas Artes y de la ENJPP, <strong>Mara Resa y Emilio Mart\u00ednez<\/strong>, quienes realizaron una intervenci\u00f3n contando esta parte de la historia y rescatando frases significativas de esa etapa. Por su parte, el coro universitario dirigido por el Prof. Ricardo Marino, dio el cierre art\u00edstico al evento.<\/h3>\n<p><img decoding=\"async\" class=\"wp-image-13664 aligncenter\" src=\"https:\/\/apuntesdesanluis.com\/wp-content\/uploads\/2024\/03\/publico-300x188.png\" alt=\"\" width=\"586\" height=\"367\" srcset=\"https:\/\/apuntesdesanluis.com\/wp-content\/uploads\/2024\/03\/publico-300x188.png 300w, https:\/\/apuntesdesanluis.com\/wp-content\/uploads\/2024\/03\/publico.png 690w\" sizes=\"(max-width: 586px) 100vw, 586px\" \/><\/p>\n<h3>Participaron Decanos, Decanas, Vicedecanos, Vicedecanas, Secretarios y Secretarias de Gesti\u00f3n de Rectorado y de las distintas Unidades Acad\u00e9micas, representantes de Centros de Estudiantes, ex Rectores y Rectora de la Universidad Nacional de San Luis, gremios y asociaciones del personal docente y nodocente, y p\u00fablico en general.<\/h3>\n<h3>Asistieron invitados especiales, entre ellos, el vicegobernador de la Provincia de San Luis, Abg. Ricardo Endeiza; acompa\u00f1ado del Ministro de Gobierno, Abg. Facundo Endeiza; el vicerrector de la Universidad Nacional de Villa Mercedes, Lic. Santiago Farenga; y el presidente del Colegio de Psic\u00f3logos, Patricio Much. Se recibieron las salutaciones del gobernador de San Luis, C.P.N. Claudio Poggi y de la presidenta de la Asamblea Permanente por los Derechos Humanos (APDH filial San Luis), Lilian Videla.<\/h3>\n<h3><strong>DATO<\/strong><\/h3>\n<h3>Seguidamente se realiz\u00f3 la Marcha por la Memoria que inici\u00f3 en la UNSL hasta calle Rivadavia, y continu\u00f3 por Belgrano hacia San Mart\u00edn, para arribar a Plaza Pringles, por el acto central organizado por la Asamblea Permanente por los Derechos Humanos San Luis.<\/h3>\n<p>&nbsp;<\/p>\n<p>&nbsp;<\/p>\n<p>&nbsp;<\/p>\n<p>&nbsp;<\/p>\n<p>&nbsp;<\/p>\n<p>&nbsp;<\/p>\n","protected":false},"excerpt":{"rendered":"<p>La Universidad Nacional de San Luis (UNSL), como cada 24 de marzo, realiz\u00f3 el acto&#8230;<\/p>\n","protected":false},"author":1,"featured_media":13662,"comment_status":"closed","ping_status":"closed","sticky":false,"template":"","format":"standard","meta":{"footnotes":""},"categories":[6],"tags":[],"class_list":["post-13661","post","type-post","status-publish","format-standard","has-post-thumbnail","hentry","category-ciudad-provincia"],"yoast_head":"<!-- This site is optimized with the Yoast SEO plugin v26.1.1 - https:\/\/yoast.com\/wordpress\/plugins\/seo\/ -->\n<title>LA COMUNIDAD UNIVERSITARIA REAFIRM\u00d3 SU PEDIDO DE MEMORIA, VERDAD Y JUSTICIA - Apuntes de San Luis<\/title>\n<meta name=\"robots\" content=\"index, follow, max-snippet:-1, max-image-preview:large, max-video-preview:-1\" \/>\n<link rel=\"canonical\" href=\"https:\/\/apuntesdesanluis.com\/index.php\/2024\/03\/24\/la-comunidad-universitaria-reafirmo-su-pedido-de-memoria-verdad-y-justicia\/\" \/>\n<meta property=\"og:locale\" content=\"es_ES\" \/>\n<meta property=\"og:type\" content=\"article\" \/>\n<meta property=\"og:title\" content=\"LA COMUNIDAD UNIVERSITARIA REAFIRM\u00d3 SU PEDIDO DE MEMORIA, VERDAD Y JUSTICIA - Apuntes de San Luis\" \/>\n<meta property=\"og:description\" content=\"La Universidad Nacional de San Luis (UNSL), como cada 24 de marzo, realiz\u00f3 el acto...\" \/>\n<meta property=\"og:url\" content=\"https:\/\/apuntesdesanluis.com\/index.php\/2024\/03\/24\/la-comunidad-universitaria-reafirmo-su-pedido-de-memoria-verdad-y-justicia\/\" \/>\n<meta property=\"og:site_name\" content=\"Apuntes de San Luis\" \/>\n<meta property=\"article:published_time\" content=\"2024-03-25T02:04:40+00:00\" \/>\n<meta property=\"article:modified_time\" content=\"2024-03-25T02:06:01+00:00\" \/>\n<meta property=\"og:image\" content=\"https:\/\/apuntesdesanluis.com\/wp-content\/uploads\/2024\/03\/ofrenda.png\" \/>\n\t<meta property=\"og:image:width\" content=\"538\" \/>\n\t<meta property=\"og:image:height\" content=\"368\" \/>\n\t<meta property=\"og:image:type\" content=\"image\/png\" \/>\n<meta name=\"author\" content=\"apuntesdesanluis.com\" \/>\n<meta name=\"twitter:card\" content=\"summary_large_image\" \/>\n<meta name=\"twitter:label1\" content=\"Escrito por\" \/>\n\t<meta name=\"twitter:data1\" content=\"apuntesdesanluis.com\" \/>\n\t<meta name=\"twitter:label2\" content=\"Tiempo de lectura\" \/>\n\t<meta name=\"twitter:data2\" content=\"3 minutos\" \/>\n<script type=\"application\/ld+json\" class=\"yoast-schema-graph\">{\"@context\":\"https:\/\/schema.org\",\"@graph\":[{\"@type\":\"Article\",\"@id\":\"https:\/\/apuntesdesanluis.com\/index.php\/2024\/03\/24\/la-comunidad-universitaria-reafirmo-su-pedido-de-memoria-verdad-y-justicia\/#article\",\"isPartOf\":{\"@id\":\"https:\/\/apuntesdesanluis.com\/index.php\/2024\/03\/24\/la-comunidad-universitaria-reafirmo-su-pedido-de-memoria-verdad-y-justicia\/\"},\"author\":{\"name\":\"apuntesdesanluis.com\",\"@id\":\"https:\/\/apuntesdesanluis.com\/#\/schema\/person\/b55151d52296fcce64d1a72538a70b90\"},\"headline\":\"LA COMUNIDAD UNIVERSITARIA REAFIRM\u00d3 SU PEDIDO DE MEMORIA, VERDAD Y JUSTICIA\",\"datePublished\":\"2024-03-25T02:04:40+00:00\",\"dateModified\":\"2024-03-25T02:06:01+00:00\",\"mainEntityOfPage\":{\"@id\":\"https:\/\/apuntesdesanluis.com\/index.php\/2024\/03\/24\/la-comunidad-universitaria-reafirmo-su-pedido-de-memoria-verdad-y-justicia\/\"},\"wordCount\":458,\"publisher\":{\"@id\":\"https:\/\/apuntesdesanluis.com\/#\/schema\/person\/b55151d52296fcce64d1a72538a70b90\"},\"image\":{\"@id\":\"https:\/\/apuntesdesanluis.com\/index.php\/2024\/03\/24\/la-comunidad-universitaria-reafirmo-su-pedido-de-memoria-verdad-y-justicia\/#primaryimage\"},\"thumbnailUrl\":\"https:\/\/apuntesdesanluis.com\/wp-content\/uploads\/2024\/03\/ofrenda.png\",\"articleSection\":[\"Ciudad\/Provincia\"],\"inLanguage\":\"es-AR\"},{\"@type\":\"WebPage\",\"@id\":\"https:\/\/apuntesdesanluis.com\/index.php\/2024\/03\/24\/la-comunidad-universitaria-reafirmo-su-pedido-de-memoria-verdad-y-justicia\/\",\"url\":\"https:\/\/apuntesdesanluis.com\/index.php\/2024\/03\/24\/la-comunidad-universitaria-reafirmo-su-pedido-de-memoria-verdad-y-justicia\/\",\"name\":\"LA COMUNIDAD UNIVERSITARIA REAFIRM\u00d3 SU PEDIDO DE MEMORIA, VERDAD Y JUSTICIA - Apuntes de San Luis\",\"isPartOf\":{\"@id\":\"https:\/\/apuntesdesanluis.com\/#website\"},\"primaryImageOfPage\":{\"@id\":\"https:\/\/apuntesdesanluis.com\/index.php\/2024\/03\/24\/la-comunidad-universitaria-reafirmo-su-pedido-de-memoria-verdad-y-justicia\/#primaryimage\"},\"image\":{\"@id\":\"https:\/\/apuntesdesanluis.com\/index.php\/2024\/03\/24\/la-comunidad-universitaria-reafirmo-su-pedido-de-memoria-verdad-y-justicia\/#primaryimage\"},\"thumbnailUrl\":\"https:\/\/apuntesdesanluis.com\/wp-content\/uploads\/2024\/03\/ofrenda.png\",\"datePublished\":\"2024-03-25T02:04:40+00:00\",\"dateModified\":\"2024-03-25T02:06:01+00:00\",\"breadcrumb\":{\"@id\":\"https:\/\/apuntesdesanluis.com\/index.php\/2024\/03\/24\/la-comunidad-universitaria-reafirmo-su-pedido-de-memoria-verdad-y-justicia\/#breadcrumb\"},\"inLanguage\":\"es-AR\",\"potentialAction\":[{\"@type\":\"ReadAction\",\"target\":[\"https:\/\/apuntesdesanluis.com\/index.php\/2024\/03\/24\/la-comunidad-universitaria-reafirmo-su-pedido-de-memoria-verdad-y-justicia\/\"]}]},{\"@type\":\"ImageObject\",\"inLanguage\":\"es-AR\",\"@id\":\"https:\/\/apuntesdesanluis.com\/index.php\/2024\/03\/24\/la-comunidad-universitaria-reafirmo-su-pedido-de-memoria-verdad-y-justicia\/#primaryimage\",\"url\":\"https:\/\/apuntesdesanluis.com\/wp-content\/uploads\/2024\/03\/ofrenda.png\",\"contentUrl\":\"https:\/\/apuntesdesanluis.com\/wp-content\/uploads\/2024\/03\/ofrenda.png\",\"width\":538,\"height\":368},{\"@type\":\"BreadcrumbList\",\"@id\":\"https:\/\/apuntesdesanluis.com\/index.php\/2024\/03\/24\/la-comunidad-universitaria-reafirmo-su-pedido-de-memoria-verdad-y-justicia\/#breadcrumb\",\"itemListElement\":[{\"@type\":\"ListItem\",\"position\":1,\"name\":\"Inicio\",\"item\":\"https:\/\/apuntesdesanluis.com\/\"},{\"@type\":\"ListItem\",\"position\":2,\"name\":\"LA COMUNIDAD UNIVERSITARIA REAFIRM\u00d3 SU PEDIDO DE MEMORIA, VERDAD Y JUSTICIA\"}]},{\"@type\":\"WebSite\",\"@id\":\"https:\/\/apuntesdesanluis.com\/#website\",\"url\":\"https:\/\/apuntesdesanluis.com\/\",\"name\":\"Apuntes de San Luis\",\"description\":\"\",\"publisher\":{\"@id\":\"https:\/\/apuntesdesanluis.com\/#\/schema\/person\/b55151d52296fcce64d1a72538a70b90\"},\"potentialAction\":[{\"@type\":\"SearchAction\",\"target\":{\"@type\":\"EntryPoint\",\"urlTemplate\":\"https:\/\/apuntesdesanluis.com\/?s={search_term_string}\"},\"query-input\":{\"@type\":\"PropertyValueSpecification\",\"valueRequired\":true,\"valueName\":\"search_term_string\"}}],\"inLanguage\":\"es-AR\"},{\"@type\":[\"Person\",\"Organization\"],\"@id\":\"https:\/\/apuntesdesanluis.com\/#\/schema\/person\/b55151d52296fcce64d1a72538a70b90\",\"name\":\"apuntesdesanluis.com\",\"image\":{\"@type\":\"ImageObject\",\"inLanguage\":\"es-AR\",\"@id\":\"https:\/\/apuntesdesanluis.com\/#\/schema\/person\/image\/\",\"url\":\"https:\/\/apuntesdesanluis.com\/wp-content\/uploads\/2023\/07\/cropped-apuntesdesanluis.png\",\"contentUrl\":\"https:\/\/apuntesdesanluis.com\/wp-content\/uploads\/2023\/07\/cropped-apuntesdesanluis.png\",\"width\":450,\"height\":112,\"caption\":\"apuntesdesanluis.com\"},\"logo\":{\"@id\":\"https:\/\/apuntesdesanluis.com\/#\/schema\/person\/image\/\"},\"sameAs\":[\"https:\/\/apuntesdesanluis.com\"],\"url\":\"https:\/\/apuntesdesanluis.com\/index.php\/author\/apuntesdesanluis-com\/\"}]}<\/script>\n<!-- \/ Yoast SEO plugin. -->","yoast_head_json":{"title":"LA COMUNIDAD UNIVERSITARIA REAFIRM\u00d3 SU PEDIDO DE MEMORIA, VERDAD Y JUSTICIA - Apuntes de San Luis","robots":{"index":"index","follow":"follow","max-snippet":"max-snippet:-1","max-image-preview":"max-image-preview:large","max-video-preview":"max-video-preview:-1"},"canonical":"https:\/\/apuntesdesanluis.com\/index.php\/2024\/03\/24\/la-comunidad-universitaria-reafirmo-su-pedido-de-memoria-verdad-y-justicia\/","og_locale":"es_ES","og_type":"article","og_title":"LA COMUNIDAD UNIVERSITARIA REAFIRM\u00d3 SU PEDIDO DE MEMORIA, VERDAD Y JUSTICIA - Apuntes de San Luis","og_description":"La Universidad Nacional de San Luis (UNSL), como cada 24 de marzo, realiz\u00f3 el acto...","og_url":"https:\/\/apuntesdesanluis.com\/index.php\/2024\/03\/24\/la-comunidad-universitaria-reafirmo-su-pedido-de-memoria-verdad-y-justicia\/","og_site_name":"Apuntes de San Luis","article_published_time":"2024-03-25T02:04:40+00:00","article_modified_time":"2024-03-25T02:06:01+00:00","og_image":[{"width":538,"height":368,"url":"https:\/\/apuntesdesanluis.com\/wp-content\/uploads\/2024\/03\/ofrenda.png","type":"image\/png"}],"author":"apuntesdesanluis.com","twitter_card":"summary_large_image","twitter_misc":{"Escrito por":"apuntesdesanluis.com","Tiempo de lectura":"3 minutos"},"schema":{"@context":"https:\/\/schema.org","@graph":[{"@type":"Article","@id":"https:\/\/apuntesdesanluis.com\/index.php\/2024\/03\/24\/la-comunidad-universitaria-reafirmo-su-pedido-de-memoria-verdad-y-justicia\/#article","isPartOf":{"@id":"https:\/\/apuntesdesanluis.com\/index.php\/2024\/03\/24\/la-comunidad-universitaria-reafirmo-su-pedido-de-memoria-verdad-y-justicia\/"},"author":{"name":"apuntesdesanluis.com","@id":"https:\/\/apuntesdesanluis.com\/#\/schema\/person\/b55151d52296fcce64d1a72538a70b90"},"headline":"LA COMUNIDAD UNIVERSITARIA REAFIRM\u00d3 SU PEDIDO DE MEMORIA, VERDAD Y JUSTICIA","datePublished":"2024-03-25T02:04:40+00:00","dateModified":"2024-03-25T02:06:01+00:00","mainEntityOfPage":{"@id":"https:\/\/apuntesdesanluis.com\/index.php\/2024\/03\/24\/la-comunidad-universitaria-reafirmo-su-pedido-de-memoria-verdad-y-justicia\/"},"wordCount":458,"publisher":{"@id":"https:\/\/apuntesdesanluis.com\/#\/schema\/person\/b55151d52296fcce64d1a72538a70b90"},"image":{"@id":"https:\/\/apuntesdesanluis.com\/index.php\/2024\/03\/24\/la-comunidad-universitaria-reafirmo-su-pedido-de-memoria-verdad-y-justicia\/#primaryimage"},"thumbnailUrl":"https:\/\/apuntesdesanluis.com\/wp-content\/uploads\/2024\/03\/ofrenda.png","articleSection":["Ciudad\/Provincia"],"inLanguage":"es-AR"},{"@type":"WebPage","@id":"https:\/\/apuntesdesanluis.com\/index.php\/2024\/03\/24\/la-comunidad-universitaria-reafirmo-su-pedido-de-memoria-verdad-y-justicia\/","url":"https:\/\/apuntesdesanluis.com\/index.php\/2024\/03\/24\/la-comunidad-universitaria-reafirmo-su-pedido-de-memoria-verdad-y-justicia\/","name":"LA COMUNIDAD UNIVERSITARIA REAFIRM\u00d3 SU PEDIDO DE MEMORIA, VERDAD Y JUSTICIA - Apuntes de San Luis","isPartOf":{"@id":"https:\/\/apuntesdesanluis.com\/#website"},"primaryImageOfPage":{"@id":"https:\/\/apuntesdesanluis.com\/index.php\/2024\/03\/24\/la-comunidad-universitaria-reafirmo-su-pedido-de-memoria-verdad-y-justicia\/#primaryimage"},"image":{"@id":"https:\/\/apuntesdesanluis.com\/index.php\/2024\/03\/24\/la-comunidad-universitaria-reafirmo-su-pedido-de-memoria-verdad-y-justicia\/#primaryimage"},"thumbnailUrl":"https:\/\/apuntesdesanluis.com\/wp-content\/uploads\/2024\/03\/ofrenda.png","datePublished":"2024-03-25T02:04:40+00:00","dateModified":"2024-03-25T02:06:01+00:00","breadcrumb":{"@id":"https:\/\/apuntesdesanluis.com\/index.php\/2024\/03\/24\/la-comunidad-universitaria-reafirmo-su-pedido-de-memoria-verdad-y-justicia\/#breadcrumb"},"inLanguage":"es-AR","potentialAction":[{"@type":"ReadAction","target":["https:\/\/apuntesdesanluis.com\/index.php\/2024\/03\/24\/la-comunidad-universitaria-reafirmo-su-pedido-de-memoria-verdad-y-justicia\/"]}]},{"@type":"ImageObject","inLanguage":"es-AR","@id":"https:\/\/apuntesdesanluis.com\/index.php\/2024\/03\/24\/la-comunidad-universitaria-reafirmo-su-pedido-de-memoria-verdad-y-justicia\/#primaryimage","url":"https:\/\/apuntesdesanluis.com\/wp-content\/uploads\/2024\/03\/ofrenda.png","contentUrl":"https:\/\/apuntesdesanluis.com\/wp-content\/uploads\/2024\/03\/ofrenda.png","width":538,"height":368},{"@type":"BreadcrumbList","@id":"https:\/\/apuntesdesanluis.com\/index.php\/2024\/03\/24\/la-comunidad-universitaria-reafirmo-su-pedido-de-memoria-verdad-y-justicia\/#breadcrumb","itemListElement":[{"@type":"ListItem","position":1,"name":"Inicio","item":"https:\/\/apuntesdesanluis.com\/"},{"@type":"ListItem","position":2,"name":"LA COMUNIDAD UNIVERSITARIA REAFIRM\u00d3 SU PEDIDO DE MEMORIA, VERDAD Y JUSTICIA"}]},{"@type":"WebSite","@id":"https:\/\/apuntesdesanluis.com\/#website","url":"https:\/\/apuntesdesanluis.com\/","name":"Apuntes de San Luis","description":"","publisher":{"@id":"https:\/\/apuntesdesanluis.com\/#\/schema\/person\/b55151d52296fcce64d1a72538a70b90"},"potentialAction":[{"@type":"SearchAction","target":{"@type":"EntryPoint","urlTemplate":"https:\/\/apuntesdesanluis.com\/?s={search_term_string}"},"query-input":{"@type":"PropertyValueSpecification","valueRequired":true,"valueName":"search_term_string"}}],"inLanguage":"es-AR"},{"@type":["Person","Organization"],"@id":"https:\/\/apuntesdesanluis.com\/#\/schema\/person\/b55151d52296fcce64d1a72538a70b90","name":"apuntesdesanluis.com","image":{"@type":"ImageObject","inLanguage":"es-AR","@id":"https:\/\/apuntesdesanluis.com\/#\/schema\/person\/image\/","url":"https:\/\/apuntesdesanluis.com\/wp-content\/uploads\/2023\/07\/cropped-apuntesdesanluis.png","contentUrl":"https:\/\/apuntesdesanluis.com\/wp-content\/uploads\/2023\/07\/cropped-apuntesdesanluis.png","width":450,"height":112,"caption":"apuntesdesanluis.com"},"logo":{"@id":"https:\/\/apuntesdesanluis.com\/#\/schema\/person\/image\/"},"sameAs":["https:\/\/apuntesdesanluis.com"],"url":"https:\/\/apuntesdesanluis.com\/index.php\/author\/apuntesdesanluis-com\/"}]}},"featured_image_urls":{"full":["https:\/\/apuntesdesanluis.com\/wp-content\/uploads\/2024\/03\/ofrenda.png",538,368,false],"thumbnail":["https:\/\/apuntesdesanluis.com\/wp-content\/uploads\/2024\/03\/ofrenda-150x150.png",150,150,true],"medium":["https:\/\/apuntesdesanluis.com\/wp-content\/uploads\/2024\/03\/ofrenda-300x205.png",300,205,true],"medium_large":["https:\/\/apuntesdesanluis.com\/wp-content\/uploads\/2024\/03\/ofrenda.png",538,368,false],"large":["https:\/\/apuntesdesanluis.com\/wp-content\/uploads\/2024\/03\/ofrenda.png",538,368,false],"1536x1536":["https:\/\/apuntesdesanluis.com\/wp-content\/uploads\/2024\/03\/ofrenda.png",538,368,false],"2048x2048":["https:\/\/apuntesdesanluis.com\/wp-content\/uploads\/2024\/03\/ofrenda.png",538,368,false],"newsever-slider-full":["https:\/\/apuntesdesanluis.com\/wp-content\/uploads\/2024\/03\/ofrenda.png",538,368,false],"newsever-featured":["https:\/\/apuntesdesanluis.com\/wp-content\/uploads\/2024\/03\/ofrenda.png",538,368,false],"newsever-medium":["https:\/\/apuntesdesanluis.com\/wp-content\/uploads\/2024\/03\/ofrenda.png",538,368,false]},"author_info":{"display_name":"apuntesdesanluis.com","author_link":"https:\/\/apuntesdesanluis.com\/index.php\/author\/apuntesdesanluis-com\/"},"category_info":"<a href=\"https:\/\/apuntesdesanluis.com\/index.php\/category\/ciudad-provincia\/\" rel=\"category tag\">Ciudad\/Provincia<\/a>","tag_info":"Ciudad\/Provincia","comment_count":"0","_links":{"self":[{"href":"https:\/\/apuntesdesanluis.com\/index.php\/wp-json\/wp\/v2\/posts\/13661","targetHints":{"allow":["GET"]}}],"collection":[{"href":"https:\/\/apuntesdesanluis.com\/index.php\/wp-json\/wp\/v2\/posts"}],"about":[{"href":"https:\/\/apuntesdesanluis.com\/index.php\/wp-json\/wp\/v2\/types\/post"}],"author":[{"embeddable":true,"href":"https:\/\/apuntesdesanluis.com\/index.php\/wp-json\/wp\/v2\/users\/1"}],"replies":[{"embeddable":true,"href":"https:\/\/apuntesdesanluis.com\/index.php\/wp-json\/wp\/v2\/comments?post=13661"}],"version-history":[{"count":4,"href":"https:\/\/apuntesdesanluis.com\/index.php\/wp-json\/wp\/v2\/posts\/13661\/revisions"}],"predecessor-version":[{"id":13668,"href":"https:\/\/apuntesdesanluis.com\/index.php\/wp-json\/wp\/v2\/posts\/13661\/revisions\/13668"}],"wp:featuredmedia":[{"embeddable":true,"href":"https:\/\/apuntesdesanluis.com\/index.php\/wp-json\/wp\/v2\/media\/13662"}],"wp:attachment":[{"href":"https:\/\/apuntesdesanluis.com\/index.php\/wp-json\/wp\/v2\/media?parent=13661"}],"wp:term":[{"taxonomy":"category","embeddable":true,"href":"https:\/\/apuntesdesanluis.com\/index.php\/wp-json\/wp\/v2\/categories?post=13661"},{"taxonomy":"post_tag","embeddable":true,"href":"https:\/\/apuntesdesanluis.com\/index.php\/wp-json\/wp\/v2\/tags?post=13661"}],"curies":[{"name":"wp","href":"https:\/\/api.w.org\/{rel}","templated":true}]}}