{"id":13684,"date":"2024-03-25T20:06:24","date_gmt":"2024-03-25T23:06:24","guid":{"rendered":"https:\/\/apuntesdesanluis.com\/?p=13684"},"modified":"2024-03-25T20:06:24","modified_gmt":"2024-03-25T23:06:24","slug":"formularon-cargos-al-conductor-que-choco-una-moto-y-lesiono-a-madre-e-hija","status":"publish","type":"post","link":"https:\/\/apuntesdesanluis.com\/index.php\/2024\/03\/25\/formularon-cargos-al-conductor-que-choco-una-moto-y-lesiono-a-madre-e-hija\/","title":{"rendered":"FORMULARON CARGOS AL CONDUCTOR QUE CHOC\u00d3 UNA MOTO Y LESION\u00d3 A MADRE E HIJA"},"content":{"rendered":"<h3>El hecho ocurri\u00f3 el s\u00e1bado pasado en la Avenida Jorge Newbery, de Villa Mercedes. El imputado qued\u00f3 inhabilitado para conducir mientras contin\u00fae la investigaci\u00f3n penal preparatoria.<\/h3>\n<h3>Este lunes por la ma\u00f1ana se desarroll\u00f3 una audiencia de formulaci\u00f3n de cargos en el Juzgado de Garant\u00eda N\u00b0 4\u00a0 de la Segunda Circunscripci\u00f3n Judicial \u2013 a cargo del Dr. Santiago Ortiz -. Una persona fue imputada por el delito de lesiones leves culposas, dos hechos en concurso ideal.<\/h3>\n<h3>El accidente, seg\u00fan lo relatado por el Ministerio P\u00fablico Fiscal\u00a0 ocurri\u00f3 el s\u00e1bado 23 de marzo, aproximadamente a las ocho de la ma\u00f1ana sobre la Avenida Jorge Newbey, frente a Lan\u00edn, y a pocos metros de la intersecci\u00f3n con la calle Angel Pes.<\/h3>\n<h3>El imputado se conduc\u00eda en un autom\u00f3vil Chevrolet Onix cuando, desde atr\u00e1s, embisti\u00f3 a una motocicleta que circulaba en la misma direcci\u00f3n. Como resultado del impacto, la conductora de la moto y su madre \u2013 acompa\u00f1ante \u2013 perdieron la estabilidad y cayeron sobre la carpeta asf\u00e1ltica, lo que les produjo lesiones.<\/h3>\n<h3>El fiscal relat\u00f3 que, luego del impacto, el conductor del autom\u00f3vil continu\u00f3 la marcha \u201ccon clara intenci\u00f3n de alejarse del lugar\u201d. Asimismo precis\u00f3 que el test de alcoholemia arroj\u00f3 un resultado de 0.67. Consider\u00f3 que la actitud del imputado fue \u201cimprudente, negligente e inobservante de las normas de tr\u00e1nsito\u201d.<\/h3>\n<h3>Asimismo, el representante del Ministerio P\u00fablico Fiscal explic\u00f3 que el \u00faltimo informe m\u00e9dico, indica que las lesiones sufridas no son de gravedad.<\/h3>\n<h3>En la audiencia estuvieron presentes el Dr. Jos\u00e9 Olguin \u2013 Fiscal de Instrucci\u00f3n N\u00ba 3 y el Dr. Marcelo Palacio \u2013 Fiscal Adjunto -. En representaci\u00f3n del imputado actuaron los Dres. Julio Fern\u00e1ndez Triches y Sergio Bringas. Intervino como secretaria la Dra. Daniela Lopez Mart\u00edn.<\/h3>\n<h3>Por su parte, la defensa solicit\u00f3 la libertad del imputado.<\/h3>\n<h3>En relaci\u00f3n a la situaci\u00f3n procesal del imputado, el Fiscal dijo que, atento la calificaci\u00f3n legal del hecho y la pena en expectativa prevista, no pedir\u00edan prisi\u00f3n preventiva. En cambio, solicitaron que sea inhabilitado para conducir veh\u00edculos, que haga entrega de su carnet de conducir y que firme el libro de presencia en Fiscal\u00eda mientras contin\u00fae la investigaci\u00f3n, del 1 al 10 de cada mes.<\/h3>\n<h3>La defensa por su parte no formul\u00f3 objeciones sobre las medidas solicitadas por el Ministerio P\u00fablico Fiscal.<\/h3>\n<h3>Luego de escuchar a las partes, el juez tuvo por formulados cargos provisorios por el delito de lesiones leves culposas, dos hechos en concurso ideal. Adem\u00e1s, dispuso para el imputado la inhabilitaci\u00f3n para conducir veh\u00edculos de cualquier tipo por el plazo de cuatro meses, la entrega del carnet de conducir y la firma del libro ante Fiscal\u00eda del 1 al 10 de cada mes por el mismo t\u00e9rmino.<\/h3>\n<h3>Asimismo, se fij\u00f3 una nueva audiencia para el pr\u00f3ximo 9 de abril donde el Ministerio P\u00fablico Fiscal solicitar\u00e1 el peritaje del tel\u00e9fono celular del imputado.<\/h3>\n<p>&nbsp;<\/p>\n<p>&nbsp;<\/p>\n<p>&nbsp;<\/p>\n","protected":false},"excerpt":{"rendered":"<p>El hecho ocurri\u00f3 el s\u00e1bado pasado en la Avenida Jorge Newbery, de Villa Mercedes. El&#8230;<\/p>\n","protected":false},"author":1,"featured_media":13685,"comment_status":"closed","ping_status":"closed","sticky":false,"template":"","format":"standard","meta":{"footnotes":""},"categories":[6],"tags":[],"class_list":["post-13684","post","type-post","status-publish","format-standard","has-post-thumbnail","hentry","category-ciudad-provincia"],"yoast_head":"<!-- This site is optimized with the Yoast SEO plugin v26.1.1 - https:\/\/yoast.com\/wordpress\/plugins\/seo\/ -->\n<title>FORMULARON CARGOS AL CONDUCTOR QUE CHOC\u00d3 UNA MOTO Y LESION\u00d3 A MADRE E HIJA - Apuntes de San Luis<\/title>\n<meta name=\"robots\" content=\"index, follow, max-snippet:-1, max-image-preview:large, max-video-preview:-1\" \/>\n<link rel=\"canonical\" href=\"https:\/\/apuntesdesanluis.com\/index.php\/2024\/03\/25\/formularon-cargos-al-conductor-que-choco-una-moto-y-lesiono-a-madre-e-hija\/\" \/>\n<meta property=\"og:locale\" content=\"es_ES\" \/>\n<meta property=\"og:type\" content=\"article\" \/>\n<meta property=\"og:title\" content=\"FORMULARON CARGOS AL CONDUCTOR QUE CHOC\u00d3 UNA MOTO Y LESION\u00d3 A MADRE E HIJA - Apuntes de San Luis\" \/>\n<meta property=\"og:description\" content=\"El hecho ocurri\u00f3 el s\u00e1bado pasado en la Avenida Jorge Newbery, de Villa Mercedes. El...\" \/>\n<meta property=\"og:url\" content=\"https:\/\/apuntesdesanluis.com\/index.php\/2024\/03\/25\/formularon-cargos-al-conductor-que-choco-una-moto-y-lesiono-a-madre-e-hija\/\" \/>\n<meta property=\"og:site_name\" content=\"Apuntes de San Luis\" \/>\n<meta property=\"article:published_time\" content=\"2024-03-25T23:06:24+00:00\" \/>\n<meta property=\"og:image\" content=\"https:\/\/apuntesdesanluis.com\/wp-content\/uploads\/2024\/03\/cargos.png\" \/>\n\t<meta property=\"og:image:width\" content=\"600\" \/>\n\t<meta property=\"og:image:height\" content=\"356\" \/>\n\t<meta property=\"og:image:type\" content=\"image\/png\" \/>\n<meta name=\"author\" content=\"apuntesdesanluis.com\" \/>\n<meta name=\"twitter:card\" content=\"summary_large_image\" \/>\n<meta name=\"twitter:label1\" content=\"Escrito por\" \/>\n\t<meta name=\"twitter:data1\" content=\"apuntesdesanluis.com\" \/>\n\t<meta name=\"twitter:label2\" content=\"Tiempo de lectura\" \/>\n\t<meta name=\"twitter:data2\" content=\"3 minutos\" \/>\n<script type=\"application\/ld+json\" class=\"yoast-schema-graph\">{\"@context\":\"https:\/\/schema.org\",\"@graph\":[{\"@type\":\"Article\",\"@id\":\"https:\/\/apuntesdesanluis.com\/index.php\/2024\/03\/25\/formularon-cargos-al-conductor-que-choco-una-moto-y-lesiono-a-madre-e-hija\/#article\",\"isPartOf\":{\"@id\":\"https:\/\/apuntesdesanluis.com\/index.php\/2024\/03\/25\/formularon-cargos-al-conductor-que-choco-una-moto-y-lesiono-a-madre-e-hija\/\"},\"author\":{\"name\":\"apuntesdesanluis.com\",\"@id\":\"https:\/\/apuntesdesanluis.com\/#\/schema\/person\/b55151d52296fcce64d1a72538a70b90\"},\"headline\":\"FORMULARON CARGOS AL CONDUCTOR QUE CHOC\u00d3 UNA MOTO Y LESION\u00d3 A MADRE E HIJA\",\"datePublished\":\"2024-03-25T23:06:24+00:00\",\"mainEntityOfPage\":{\"@id\":\"https:\/\/apuntesdesanluis.com\/index.php\/2024\/03\/25\/formularon-cargos-al-conductor-que-choco-una-moto-y-lesiono-a-madre-e-hija\/\"},\"wordCount\":519,\"publisher\":{\"@id\":\"https:\/\/apuntesdesanluis.com\/#\/schema\/person\/b55151d52296fcce64d1a72538a70b90\"},\"image\":{\"@id\":\"https:\/\/apuntesdesanluis.com\/index.php\/2024\/03\/25\/formularon-cargos-al-conductor-que-choco-una-moto-y-lesiono-a-madre-e-hija\/#primaryimage\"},\"thumbnailUrl\":\"https:\/\/apuntesdesanluis.com\/wp-content\/uploads\/2024\/03\/cargos.png\",\"articleSection\":[\"Ciudad\/Provincia\"],\"inLanguage\":\"es-AR\"},{\"@type\":\"WebPage\",\"@id\":\"https:\/\/apuntesdesanluis.com\/index.php\/2024\/03\/25\/formularon-cargos-al-conductor-que-choco-una-moto-y-lesiono-a-madre-e-hija\/\",\"url\":\"https:\/\/apuntesdesanluis.com\/index.php\/2024\/03\/25\/formularon-cargos-al-conductor-que-choco-una-moto-y-lesiono-a-madre-e-hija\/\",\"name\":\"FORMULARON CARGOS AL CONDUCTOR QUE CHOC\u00d3 UNA MOTO Y LESION\u00d3 A MADRE E HIJA - Apuntes de San Luis\",\"isPartOf\":{\"@id\":\"https:\/\/apuntesdesanluis.com\/#website\"},\"primaryImageOfPage\":{\"@id\":\"https:\/\/apuntesdesanluis.com\/index.php\/2024\/03\/25\/formularon-cargos-al-conductor-que-choco-una-moto-y-lesiono-a-madre-e-hija\/#primaryimage\"},\"image\":{\"@id\":\"https:\/\/apuntesdesanluis.com\/index.php\/2024\/03\/25\/formularon-cargos-al-conductor-que-choco-una-moto-y-lesiono-a-madre-e-hija\/#primaryimage\"},\"thumbnailUrl\":\"https:\/\/apuntesdesanluis.com\/wp-content\/uploads\/2024\/03\/cargos.png\",\"datePublished\":\"2024-03-25T23:06:24+00:00\",\"breadcrumb\":{\"@id\":\"https:\/\/apuntesdesanluis.com\/index.php\/2024\/03\/25\/formularon-cargos-al-conductor-que-choco-una-moto-y-lesiono-a-madre-e-hija\/#breadcrumb\"},\"inLanguage\":\"es-AR\",\"potentialAction\":[{\"@type\":\"ReadAction\",\"target\":[\"https:\/\/apuntesdesanluis.com\/index.php\/2024\/03\/25\/formularon-cargos-al-conductor-que-choco-una-moto-y-lesiono-a-madre-e-hija\/\"]}]},{\"@type\":\"ImageObject\",\"inLanguage\":\"es-AR\",\"@id\":\"https:\/\/apuntesdesanluis.com\/index.php\/2024\/03\/25\/formularon-cargos-al-conductor-que-choco-una-moto-y-lesiono-a-madre-e-hija\/#primaryimage\",\"url\":\"https:\/\/apuntesdesanluis.com\/wp-content\/uploads\/2024\/03\/cargos.png\",\"contentUrl\":\"https:\/\/apuntesdesanluis.com\/wp-content\/uploads\/2024\/03\/cargos.png\",\"width\":600,\"height\":356},{\"@type\":\"BreadcrumbList\",\"@id\":\"https:\/\/apuntesdesanluis.com\/index.php\/2024\/03\/25\/formularon-cargos-al-conductor-que-choco-una-moto-y-lesiono-a-madre-e-hija\/#breadcrumb\",\"itemListElement\":[{\"@type\":\"ListItem\",\"position\":1,\"name\":\"Inicio\",\"item\":\"https:\/\/apuntesdesanluis.com\/\"},{\"@type\":\"ListItem\",\"position\":2,\"name\":\"FORMULARON CARGOS AL CONDUCTOR QUE CHOC\u00d3 UNA MOTO Y LESION\u00d3 A MADRE E HIJA\"}]},{\"@type\":\"WebSite\",\"@id\":\"https:\/\/apuntesdesanluis.com\/#website\",\"url\":\"https:\/\/apuntesdesanluis.com\/\",\"name\":\"Apuntes de San Luis\",\"description\":\"\",\"publisher\":{\"@id\":\"https:\/\/apuntesdesanluis.com\/#\/schema\/person\/b55151d52296fcce64d1a72538a70b90\"},\"potentialAction\":[{\"@type\":\"SearchAction\",\"target\":{\"@type\":\"EntryPoint\",\"urlTemplate\":\"https:\/\/apuntesdesanluis.com\/?s={search_term_string}\"},\"query-input\":{\"@type\":\"PropertyValueSpecification\",\"valueRequired\":true,\"valueName\":\"search_term_string\"}}],\"inLanguage\":\"es-AR\"},{\"@type\":[\"Person\",\"Organization\"],\"@id\":\"https:\/\/apuntesdesanluis.com\/#\/schema\/person\/b55151d52296fcce64d1a72538a70b90\",\"name\":\"apuntesdesanluis.com\",\"image\":{\"@type\":\"ImageObject\",\"inLanguage\":\"es-AR\",\"@id\":\"https:\/\/apuntesdesanluis.com\/#\/schema\/person\/image\/\",\"url\":\"https:\/\/apuntesdesanluis.com\/wp-content\/uploads\/2023\/07\/cropped-apuntesdesanluis.png\",\"contentUrl\":\"https:\/\/apuntesdesanluis.com\/wp-content\/uploads\/2023\/07\/cropped-apuntesdesanluis.png\",\"width\":450,\"height\":112,\"caption\":\"apuntesdesanluis.com\"},\"logo\":{\"@id\":\"https:\/\/apuntesdesanluis.com\/#\/schema\/person\/image\/\"},\"sameAs\":[\"https:\/\/apuntesdesanluis.com\"],\"url\":\"https:\/\/apuntesdesanluis.com\/index.php\/author\/apuntesdesanluis-com\/\"}]}<\/script>\n<!-- \/ Yoast SEO plugin. -->","yoast_head_json":{"title":"FORMULARON CARGOS AL CONDUCTOR QUE CHOC\u00d3 UNA MOTO Y LESION\u00d3 A MADRE E HIJA - Apuntes de San Luis","robots":{"index":"index","follow":"follow","max-snippet":"max-snippet:-1","max-image-preview":"max-image-preview:large","max-video-preview":"max-video-preview:-1"},"canonical":"https:\/\/apuntesdesanluis.com\/index.php\/2024\/03\/25\/formularon-cargos-al-conductor-que-choco-una-moto-y-lesiono-a-madre-e-hija\/","og_locale":"es_ES","og_type":"article","og_title":"FORMULARON CARGOS AL CONDUCTOR QUE CHOC\u00d3 UNA MOTO Y LESION\u00d3 A MADRE E HIJA - Apuntes de San Luis","og_description":"El hecho ocurri\u00f3 el s\u00e1bado pasado en la Avenida Jorge Newbery, de Villa Mercedes. El...","og_url":"https:\/\/apuntesdesanluis.com\/index.php\/2024\/03\/25\/formularon-cargos-al-conductor-que-choco-una-moto-y-lesiono-a-madre-e-hija\/","og_site_name":"Apuntes de San Luis","article_published_time":"2024-03-25T23:06:24+00:00","og_image":[{"width":600,"height":356,"url":"https:\/\/apuntesdesanluis.com\/wp-content\/uploads\/2024\/03\/cargos.png","type":"image\/png"}],"author":"apuntesdesanluis.com","twitter_card":"summary_large_image","twitter_misc":{"Escrito por":"apuntesdesanluis.com","Tiempo de lectura":"3 minutos"},"schema":{"@context":"https:\/\/schema.org","@graph":[{"@type":"Article","@id":"https:\/\/apuntesdesanluis.com\/index.php\/2024\/03\/25\/formularon-cargos-al-conductor-que-choco-una-moto-y-lesiono-a-madre-e-hija\/#article","isPartOf":{"@id":"https:\/\/apuntesdesanluis.com\/index.php\/2024\/03\/25\/formularon-cargos-al-conductor-que-choco-una-moto-y-lesiono-a-madre-e-hija\/"},"author":{"name":"apuntesdesanluis.com","@id":"https:\/\/apuntesdesanluis.com\/#\/schema\/person\/b55151d52296fcce64d1a72538a70b90"},"headline":"FORMULARON CARGOS AL CONDUCTOR QUE CHOC\u00d3 UNA MOTO Y LESION\u00d3 A MADRE E HIJA","datePublished":"2024-03-25T23:06:24+00:00","mainEntityOfPage":{"@id":"https:\/\/apuntesdesanluis.com\/index.php\/2024\/03\/25\/formularon-cargos-al-conductor-que-choco-una-moto-y-lesiono-a-madre-e-hija\/"},"wordCount":519,"publisher":{"@id":"https:\/\/apuntesdesanluis.com\/#\/schema\/person\/b55151d52296fcce64d1a72538a70b90"},"image":{"@id":"https:\/\/apuntesdesanluis.com\/index.php\/2024\/03\/25\/formularon-cargos-al-conductor-que-choco-una-moto-y-lesiono-a-madre-e-hija\/#primaryimage"},"thumbnailUrl":"https:\/\/apuntesdesanluis.com\/wp-content\/uploads\/2024\/03\/cargos.png","articleSection":["Ciudad\/Provincia"],"inLanguage":"es-AR"},{"@type":"WebPage","@id":"https:\/\/apuntesdesanluis.com\/index.php\/2024\/03\/25\/formularon-cargos-al-conductor-que-choco-una-moto-y-lesiono-a-madre-e-hija\/","url":"https:\/\/apuntesdesanluis.com\/index.php\/2024\/03\/25\/formularon-cargos-al-conductor-que-choco-una-moto-y-lesiono-a-madre-e-hija\/","name":"FORMULARON CARGOS AL CONDUCTOR QUE CHOC\u00d3 UNA MOTO Y LESION\u00d3 A MADRE E HIJA - Apuntes de San Luis","isPartOf":{"@id":"https:\/\/apuntesdesanluis.com\/#website"},"primaryImageOfPage":{"@id":"https:\/\/apuntesdesanluis.com\/index.php\/2024\/03\/25\/formularon-cargos-al-conductor-que-choco-una-moto-y-lesiono-a-madre-e-hija\/#primaryimage"},"image":{"@id":"https:\/\/apuntesdesanluis.com\/index.php\/2024\/03\/25\/formularon-cargos-al-conductor-que-choco-una-moto-y-lesiono-a-madre-e-hija\/#primaryimage"},"thumbnailUrl":"https:\/\/apuntesdesanluis.com\/wp-content\/uploads\/2024\/03\/cargos.png","datePublished":"2024-03-25T23:06:24+00:00","breadcrumb":{"@id":"https:\/\/apuntesdesanluis.com\/index.php\/2024\/03\/25\/formularon-cargos-al-conductor-que-choco-una-moto-y-lesiono-a-madre-e-hija\/#breadcrumb"},"inLanguage":"es-AR","potentialAction":[{"@type":"ReadAction","target":["https:\/\/apuntesdesanluis.com\/index.php\/2024\/03\/25\/formularon-cargos-al-conductor-que-choco-una-moto-y-lesiono-a-madre-e-hija\/"]}]},{"@type":"ImageObject","inLanguage":"es-AR","@id":"https:\/\/apuntesdesanluis.com\/index.php\/2024\/03\/25\/formularon-cargos-al-conductor-que-choco-una-moto-y-lesiono-a-madre-e-hija\/#primaryimage","url":"https:\/\/apuntesdesanluis.com\/wp-content\/uploads\/2024\/03\/cargos.png","contentUrl":"https:\/\/apuntesdesanluis.com\/wp-content\/uploads\/2024\/03\/cargos.png","width":600,"height":356},{"@type":"BreadcrumbList","@id":"https:\/\/apuntesdesanluis.com\/index.php\/2024\/03\/25\/formularon-cargos-al-conductor-que-choco-una-moto-y-lesiono-a-madre-e-hija\/#breadcrumb","itemListElement":[{"@type":"ListItem","position":1,"name":"Inicio","item":"https:\/\/apuntesdesanluis.com\/"},{"@type":"ListItem","position":2,"name":"FORMULARON CARGOS AL CONDUCTOR QUE CHOC\u00d3 UNA MOTO Y LESION\u00d3 A MADRE E HIJA"}]},{"@type":"WebSite","@id":"https:\/\/apuntesdesanluis.com\/#website","url":"https:\/\/apuntesdesanluis.com\/","name":"Apuntes de San Luis","description":"","publisher":{"@id":"https:\/\/apuntesdesanluis.com\/#\/schema\/person\/b55151d52296fcce64d1a72538a70b90"},"potentialAction":[{"@type":"SearchAction","target":{"@type":"EntryPoint","urlTemplate":"https:\/\/apuntesdesanluis.com\/?s={search_term_string}"},"query-input":{"@type":"PropertyValueSpecification","valueRequired":true,"valueName":"search_term_string"}}],"inLanguage":"es-AR"},{"@type":["Person","Organization"],"@id":"https:\/\/apuntesdesanluis.com\/#\/schema\/person\/b55151d52296fcce64d1a72538a70b90","name":"apuntesdesanluis.com","image":{"@type":"ImageObject","inLanguage":"es-AR","@id":"https:\/\/apuntesdesanluis.com\/#\/schema\/person\/image\/","url":"https:\/\/apuntesdesanluis.com\/wp-content\/uploads\/2023\/07\/cropped-apuntesdesanluis.png","contentUrl":"https:\/\/apuntesdesanluis.com\/wp-content\/uploads\/2023\/07\/cropped-apuntesdesanluis.png","width":450,"height":112,"caption":"apuntesdesanluis.com"},"logo":{"@id":"https:\/\/apuntesdesanluis.com\/#\/schema\/person\/image\/"},"sameAs":["https:\/\/apuntesdesanluis.com"],"url":"https:\/\/apuntesdesanluis.com\/index.php\/author\/apuntesdesanluis-com\/"}]}},"featured_image_urls":{"full":["https:\/\/apuntesdesanluis.com\/wp-content\/uploads\/2024\/03\/cargos.png",600,356,false],"thumbnail":["https:\/\/apuntesdesanluis.com\/wp-content\/uploads\/2024\/03\/cargos-150x150.png",150,150,true],"medium":["https:\/\/apuntesdesanluis.com\/wp-content\/uploads\/2024\/03\/cargos-300x178.png",300,178,true],"medium_large":["https:\/\/apuntesdesanluis.com\/wp-content\/uploads\/2024\/03\/cargos.png",600,356,false],"large":["https:\/\/apuntesdesanluis.com\/wp-content\/uploads\/2024\/03\/cargos.png",600,356,false],"1536x1536":["https:\/\/apuntesdesanluis.com\/wp-content\/uploads\/2024\/03\/cargos.png",600,356,false],"2048x2048":["https:\/\/apuntesdesanluis.com\/wp-content\/uploads\/2024\/03\/cargos.png",600,356,false],"newsever-slider-full":["https:\/\/apuntesdesanluis.com\/wp-content\/uploads\/2024\/03\/cargos.png",600,356,false],"newsever-featured":["https:\/\/apuntesdesanluis.com\/wp-content\/uploads\/2024\/03\/cargos.png",600,356,false],"newsever-medium":["https:\/\/apuntesdesanluis.com\/wp-content\/uploads\/2024\/03\/cargos.png",600,356,false]},"author_info":{"display_name":"apuntesdesanluis.com","author_link":"https:\/\/apuntesdesanluis.com\/index.php\/author\/apuntesdesanluis-com\/"},"category_info":"<a href=\"https:\/\/apuntesdesanluis.com\/index.php\/category\/ciudad-provincia\/\" rel=\"category tag\">Ciudad\/Provincia<\/a>","tag_info":"Ciudad\/Provincia","comment_count":"0","_links":{"self":[{"href":"https:\/\/apuntesdesanluis.com\/index.php\/wp-json\/wp\/v2\/posts\/13684","targetHints":{"allow":["GET"]}}],"collection":[{"href":"https:\/\/apuntesdesanluis.com\/index.php\/wp-json\/wp\/v2\/posts"}],"about":[{"href":"https:\/\/apuntesdesanluis.com\/index.php\/wp-json\/wp\/v2\/types\/post"}],"author":[{"embeddable":true,"href":"https:\/\/apuntesdesanluis.com\/index.php\/wp-json\/wp\/v2\/users\/1"}],"replies":[{"embeddable":true,"href":"https:\/\/apuntesdesanluis.com\/index.php\/wp-json\/wp\/v2\/comments?post=13684"}],"version-history":[{"count":1,"href":"https:\/\/apuntesdesanluis.com\/index.php\/wp-json\/wp\/v2\/posts\/13684\/revisions"}],"predecessor-version":[{"id":13686,"href":"https:\/\/apuntesdesanluis.com\/index.php\/wp-json\/wp\/v2\/posts\/13684\/revisions\/13686"}],"wp:featuredmedia":[{"embeddable":true,"href":"https:\/\/apuntesdesanluis.com\/index.php\/wp-json\/wp\/v2\/media\/13685"}],"wp:attachment":[{"href":"https:\/\/apuntesdesanluis.com\/index.php\/wp-json\/wp\/v2\/media?parent=13684"}],"wp:term":[{"taxonomy":"category","embeddable":true,"href":"https:\/\/apuntesdesanluis.com\/index.php\/wp-json\/wp\/v2\/categories?post=13684"},{"taxonomy":"post_tag","embeddable":true,"href":"https:\/\/apuntesdesanluis.com\/index.php\/wp-json\/wp\/v2\/tags?post=13684"}],"curies":[{"name":"wp","href":"https:\/\/api.w.org\/{rel}","templated":true}]}}