{"id":13687,"date":"2024-03-25T20:26:50","date_gmt":"2024-03-25T23:26:50","guid":{"rendered":"https:\/\/apuntesdesanluis.com\/?p=13687"},"modified":"2024-03-25T20:28:51","modified_gmt":"2024-03-25T23:28:51","slug":"la-universidad-de-san-luis-y-el-gobierno-firmaron-un-gigantesco-acuerdo-para-un-trabajo-conjunto-en-47-ambitos","status":"publish","type":"post","link":"https:\/\/apuntesdesanluis.com\/index.php\/2024\/03\/25\/la-universidad-de-san-luis-y-el-gobierno-firmaron-un-gigantesco-acuerdo-para-un-trabajo-conjunto-en-47-ambitos\/","title":{"rendered":"LA UNIVERSIDAD DE SAN LUIS Y EL GOBIERNO FIRMARON UN GIGANTESCO ACUERDO PARA UN TRABAJO CONJUNTO EN 47 \u00c1MBITOS"},"content":{"rendered":"<h3>Un inusual y monumental convenio firmaron este lunes la <strong>Universidad Nacional de San Luis<\/strong> y el <strong>gobierno provincial<\/strong>, a trav\u00e9s del cual pactaron trabajar coordinadamente 47 acciones en el plano de la investigaci\u00f3n, formaci\u00f3n acad\u00e9mica y t\u00e9cnica, para mejorar la calidad de vida y el desarrollo socioecon\u00f3mico de los sanluise\u00f1os.<\/h3>\n<h3>El rector de la casa de altos estudios, <strong>V\u00edctor Mori\u00f1igo<\/strong>, firm\u00f3 el convenio con el gobernador, <strong>Claudio Poggi<\/strong>, que ser\u00e1 el andamiaje y delinear\u00e1 el \u00e1mbito administrativo para concretar acciones espec\u00edficas entre la Provincia y la UNSL.<\/h3>\n<h3>La UNSL y el Gobierno provincial acordaron un convenio que reemplaza al firmado hace 30 a\u00f1os, que por entonces fue el n\u00famero 170\/94.<\/h3>\n<h3>El acto se llev\u00f3 a cabo este lunes en el Microcine de la casa de altos estudios, con una mesa acad\u00e9mica conformada por ambos protagonistas y el acompa\u00f1amiento del vicegobernador, Ricardo Endeiza; el ministro de Educaci\u00f3n, Guillermo Araujo; su par de Desarrollo Productivo, Federico Trombotto; de Gobierno, Facundo Endeiza; de Turismo y Cultura, Juan Manuel Rigau; y el secretario de Ambiente y Desarrollo Sustentable, Federico Cacace.<\/h3>\n<h3>Adem\u00e1s estuvieron decanos, vicedecanos, directores y secretarios rectorales de las las cinco facultades de San Luis capital, las dos de Villa Mercedes y la Facultad de Turismo y Urbanismo de la Villa de Merlo; el secretario general de la Asociaci\u00f3n del Personal de la UNSL (APUNSL), docentes, no docentes, estudiantes y p\u00fablico en general.<\/h3>\n<h3>\u201cEs una gran alegr\u00eda estar hoy aqu\u00ed, desde lo personal, a 100 d\u00edas de comenzar una nueva gesti\u00f3n. Quienes asumimos responsabilidades de servidores p\u00fablicos, tenemos la necesidad y la obligaci\u00f3n de trabajar en cooperaci\u00f3n con un objetivo final, que es el bien com\u00fan\u201d, remarc\u00f3 el mandatario provincial.<\/h3>\n<h3>Poggi sostuvo que estas acciones procuran contribuir a mejorar la calidad de vida de cada uno de los sanluise\u00f1os: \u201cEste convenio est\u00e1 desgranado en much\u00edsimas adendas espec\u00edficas que podemos ir suscribiendo a partir de charlas y avances que ya se han tenido en varios temas que hacen a la realidad econ\u00f3mica y humana de la provincia\u201d<\/h3>\n<p><iframe title=\"Gobernador Claudio Poggi - Convenio\" width=\"640\" height=\"360\" src=\"https:\/\/www.youtube.com\/embed\/dtVFY-nr_80?feature=oembed\" frameborder=\"0\" allow=\"accelerometer; autoplay; clipboard-write; encrypted-media; gyroscope; picture-in-picture; web-share\" referrerpolicy=\"strict-origin-when-cross-origin\" allowfullscreen><\/iframe><\/p>\n<h3>El jefe de Estado, cuestion\u00f3: \u201c\u00bfC\u00f3mo no vamos a trabajar juntos?, \u00bfC\u00f3mo nos vamos a dar el lujo de no trabajar en forma coordinada, articular acciones, unir los presupuestos, unir los recursos humanos para volcarlo al bien com\u00fan? As\u00ed que desde mi posici\u00f3n hoy como Gobernador de San Luis, va toda la disposici\u00f3n para trabajar con la UNSL y con todas las universidades nacionales que tienen una sede aqu\u00ed, las provinciales y los institutos de formaci\u00f3n superior. Hoy tenemos un choque fuerte entre la salida del Secundario y un mundo nuevo, y eso hace que muchos se queden en el camino, en particular lo cuento porque es uno de los temas que podemos llevar adelante. Es una colaboraci\u00f3n y una estrategia com\u00fan, cuyo objetivo final sea que aumentemos sustancialmente la cantidad de chicos que terminan el Secundario y que puedan seguir y terminar en tiempo y forma su carrera universitaria\u201d.<\/h3>\n<h3>Finalmente se refiri\u00f3 a la agenda provincial que tiene cuatro ejes: \u201cUn primer eje es c\u00f3mo desarrollamos o generamos las condiciones para que el sector privado de San Luis crezca, consolide sus puesto de trabajo y genere nuevos. Segundo es una lucha fuerte contra la inseguridad, con todas las herramientas en nuestro poder, tanto las preventivas como las disuasivas. Todo lo que podamos, porque nadie invierte en una provincia que es insegura. Tenemos que recuperar la tranquilidad social, recuperar la tranquilidad de poder sacar la silla afuera a la tardecita y que no nos roben o no estar con el coraz\u00f3n en la boca esperando a nuestro hijo o nuestro nieto que vuelva del club\u201d.<\/h3>\n<h3>Luego, sigui\u00f3 con el tercer eje, que indic\u00f3 que es reconstruir el tejido social que est\u00e1 roto: \u201cTenemos roto el tejido familiar por diferentes causas. Y eso lo tenemos que encarar con educaci\u00f3n, m\u00e1s escuela, m\u00e1s acceso a la vivienda propia, m\u00e1s deporte y cultura para que los chicos salgan de la calle, luchar contra la droga que ha penetrado en forma impresionante en todos los estamentos, sobre todo los m\u00e1s vulnerables, invertir en la primera infancia\u201d.<\/h3>\n<h3>Y como cuarto eje identific\u00f3 \u201crecuperar y fortalecer la institucionalidad. Instituciones s\u00f3lidas, divisi\u00f3n de poderes, municipios aut\u00f3nomos. Eso es institucionalidad, poder hacer un convenio marco y efectivo de acciones conjuntas entre diferentes instituciones. Previsibilidad y reglas de juego claras\u201d.<\/h3>\n<h3>Como mensaje final, puntualiz\u00f3: \u201cEstos ejes regir\u00e1n nuestro norte en esta gesti\u00f3n de cuatro a\u00f1os y todo lo que cada uno de ustedes hace en sus \u00e1mbitos acad\u00e9micos o de la ciencia y la investigaci\u00f3n est\u00e1n perfectamente amoldados a estos ejes de Gobierno que consideramos hoy que son prioritarios: recuperar el empleo privado, luchar contra la inseguridad, reconstruir el tejido social y reestablecer la institucionalidad en la provincia de San Luis. Y m\u00e1s que nunca tenemos que trabajar juntos, porque esto lo sacamos adelante codo a codo\u201d.<\/h3>\n<p><img fetchpriority=\"high\" decoding=\"async\" class=\"wp-image-13690 aligncenter\" src=\"https:\/\/apuntesdesanluis.com\/wp-content\/uploads\/2024\/03\/firnantes-300x156.png\" alt=\"\" width=\"692\" height=\"360\" srcset=\"https:\/\/apuntesdesanluis.com\/wp-content\/uploads\/2024\/03\/firnantes-300x156.png 300w, https:\/\/apuntesdesanluis.com\/wp-content\/uploads\/2024\/03\/firnantes.png 742w\" sizes=\"(max-width: 692px) 100vw, 692px\" \/><\/p>\n<h3>Mori\u00f1igo, por su parte, manifest\u00f3: \u201cNos estamos acostumbrando a trabajar en conjunto en pos de objetivos que tiendan al bien com\u00fan de toda la poblaci\u00f3n de San Luis\u201d, para luego agregar que \u201chemos perdido mucho tiempo en repartir distintas culpas que no vienen al caso, pero creo tambi\u00e9n que hace 10 a\u00f1os quien est\u00e1 hoy aqu\u00ed a mi derecha (por Poggi), junto con F\u00e9lix Nieto romp\u00edan un poco ese status quo, invirtiendo una cifra muy importante en la infraestructura de la Escuela Normal \u2018Juan Pascual Pringles\u2019. Creo que ese fue un momento, un hito en la historia de las relaciones entre la Universidad y el Gobierno, as\u00ed que hoy tenemos todas las posibilidades y herramientas para hacer lo mejor posible para la comunidad\u201d.<\/h3>\n<h3>Muchas de las acciones propuestas ya se vienen trabajando desde el 10 de diciembre pasado: \u201cEs m\u00e1s que un convenio marco, es un pacto para trabajar en conjunto y hoy tenemos aqu\u00ed al menos unas 47 acciones que han trabajado los distintos ministerios con facultades de la Universidad\u201d, se\u00f1al\u00f3 la m\u00e1xima autoridad de la casa de estudios y mencion\u00f3 algunos puntos como la capacitaci\u00f3n en la direcci\u00f3n de Asuntos Municipales para todos los municipios de San Luis, una convocatoria conjunta en proyectos de investigaci\u00f3n en temas ambientales, sociales y culturales.<\/h3>\n<h3>Tambi\u00e9n, se trabajar\u00e1 en una Ley de Financiamiento de Ciencia y Tecnolog\u00eda que le sea \u00fatil a la producci\u00f3n de San Luis en funci\u00f3n de encuentros con la producci\u00f3n privada, se ha acordado con Turismo asesoramiento y un simposio arqueol\u00f3gico cultural con la direcci\u00f3n de Cultura. En colaboraci\u00f3n con la pol\u00edtica minera que lleva adelante el Gobierno; con Seguridad en convenios para proyectar una Licenciatura en Seguridad para el personal policial; planificar la elaboraci\u00f3n y el asesoramiento en lo nutricional y sustentable para los barrios de San Luis; con el ministerio de Educaci\u00f3n el establecimiento de una curr\u00edcula para proteger la salud en las escuelas; tambi\u00e9n el Programa de Discapacidad de adultos mayores y articular la secundaria fuertemente con la universidad, entre otras acciones.<\/h3>\n<h3><img decoding=\"async\" class=\"wp-image-13691 aligncenter\" src=\"https:\/\/apuntesdesanluis.com\/wp-content\/uploads\/2024\/03\/LOS-TRES-1-300x209.png\" alt=\"\" width=\"675\" height=\"470\" srcset=\"https:\/\/apuntesdesanluis.com\/wp-content\/uploads\/2024\/03\/LOS-TRES-1-300x209.png 300w, https:\/\/apuntesdesanluis.com\/wp-content\/uploads\/2024\/03\/LOS-TRES-1.png 768w\" sizes=\"(max-width: 675px) 100vw, 675px\" \/><\/h3>\n<h3><strong>PROYECTOS CONJUNTOS<\/strong><\/h3>\n<h3>Entre las acciones en las que se est\u00e1 trabajando y en las que se operar\u00e1, se encuentran las siguientes:<\/h3>\n<ul>\n<li>\n<h3>Capacitaci\u00f3n en la Direcci\u00f3n de Asuntos Municipales para todos los municipios de San Luis.<\/h3>\n<\/li>\n<li>\n<h3>Convocatoria conjunta en proyectos de investigaci\u00f3n en temas ambientales, sociales y culturales.<\/h3>\n<\/li>\n<li>\n<h3>Ley de financiamiento de ciencia y tecnolog\u00eda que le sirva a la producci\u00f3n de San Luis, en funci\u00f3n de grandes encuentros que han tenido con la producci\u00f3n privada.<\/h3>\n<\/li>\n<li>\n<h3>Simposio arqueol\u00f3gico cultural.<\/h3>\n<\/li>\n<li>\n<h3>Asesoramiento en la potencia de una econom\u00eda naranja con la cultura y la econom\u00eda de San Luis.<\/h3>\n<\/li>\n<li>\n<h3>Colaboraci\u00f3n de la pol\u00edtica minera que lleve adelante el Gobierno.<\/h3>\n<\/li>\n<li>\n<h3>Convenios para una Licenciatura en Seguridad para el personal policial de San Luis.<\/h3>\n<\/li>\n<li>\n<h3>Trabajo en conjunto entre DOSPU y DOSEP.<\/h3>\n<\/li>\n<li>\n<h3>Elaboraci\u00f3n y asesoramiento en materia nutricional y sustentable para los barrios de San Luis.<\/h3>\n<\/li>\n<li>\n<h3>Trabajar con el Ministerio de Educaci\u00f3n la curricularizaci\u00f3n en educaci\u00f3n para la salud en las escuelas.<\/h3>\n<\/li>\n<li>\n<h3>Programa de discapacidad de adultos mayores en el territorio.<\/h3>\n<\/li>\n<li>\n<h3>Articulaci\u00f3n de la secundaria con la Universidad.<\/h3>\n<\/li>\n<li>\n<h3>Desarrollo de sistemas inform\u00e1ticos para San Luis Agua.<\/h3>\n<\/li>\n<li>\n<h3>Diplomatura de abordaje preventivo y asistencial acerca de consumos problem\u00e1ticos.<\/h3>\n<\/li>\n<li>\n<h3>Convenio de cooperaci\u00f3n entre la Universidad y el Hospital por temas de salud mental.<\/h3>\n<\/li>\n<li>\n<h3>Acuerdos espec\u00edficos para capacitar en contextos de encierro con los Ministerio de Gobierno y Seguridad.<\/h3>\n<\/li>\n<li>\n<h3>Capacitaci\u00f3n a directivos de escuelas de la Provincia.<\/h3>\n<\/li>\n<li>\n<h3>Asesoramiento a escuelas para la alfabetizaci\u00f3n de adultos mayores y j\u00f3venes que hayan abandonado la escolaridad.<\/h3>\n<\/li>\n<li>\n<h3>Asesoramiento en las escuelas \u00abde noche\u00bb.<\/h3>\n<\/li>\n<\/ul>\n<h3>Trabajo en conjunto con Laboratorios Puntanos y poner el cannabis medicinal dentro de la agenda de la cuesti\u00f3n social de San Luis.<\/h3>\n<h3><strong>REPELENTE<\/strong><\/h3>\n<h3>Al concluir el acto, el Rector hizo entrega de un presente al Gobernador. Se trat\u00f3 de un repelente para mosquitos, elaborado por el Departamento de Farmacia de la Facultad de Qu\u00edmica, Bioqu\u00edmica y Farmacia (FQByF).<\/h3>\n<h3><\/h3>\n<p><img decoding=\"async\" class=\"wp-image-13689 aligncenter\" src=\"https:\/\/apuntesdesanluis.com\/wp-content\/uploads\/2024\/03\/REPELENTE-300x194.png\" alt=\"\" width=\"673\" height=\"435\" srcset=\"https:\/\/apuntesdesanluis.com\/wp-content\/uploads\/2024\/03\/REPELENTE-300x194.png 300w, https:\/\/apuntesdesanluis.com\/wp-content\/uploads\/2024\/03\/REPELENTE.png 617w\" sizes=\"(max-width: 673px) 100vw, 673px\" \/><\/p>\n<h3>Este producto, es resultado de la primera producci\u00f3n, que ser\u00e1 donada al Ministerio de Salud.<\/h3>\n<h3>\u201cEs para aquellas personas que por ah\u00ed ponen en tela de juicio la investigaci\u00f3n, dicen que son cosas que no sirven para nada. Bueno, les digo que sirven y ojal\u00e1 que podamos colaborar y trabajar juntos en muchas m\u00e1s\u201d, cerr\u00f3 el rector de la UNSL.<\/h3>\n<p>&nbsp;<\/p>\n<p>&nbsp;<\/p>\n<p>&nbsp;<\/p>\n<p>&nbsp;<\/p>\n<h3><\/h3>\n<h3><\/h3>\n<h3><\/h3>\n","protected":false},"excerpt":{"rendered":"<p>Un inusual y monumental convenio firmaron este lunes la Universidad Nacional de San Luis y&#8230;<\/p>\n","protected":false},"author":1,"featured_media":13688,"comment_status":"closed","ping_status":"closed","sticky":false,"template":"","format":"standard","meta":{"footnotes":""},"categories":[6],"tags":[],"class_list":["post-13687","post","type-post","status-publish","format-standard","has-post-thumbnail","hentry","category-ciudad-provincia"],"yoast_head":"<!-- This site is optimized with the Yoast SEO plugin v26.1.1 - https:\/\/yoast.com\/wordpress\/plugins\/seo\/ -->\n<title>LA UNIVERSIDAD DE SAN LUIS Y EL GOBIERNO FIRMARON UN GIGANTESCO ACUERDO PARA UN TRABAJO CONJUNTO EN 47 \u00c1MBITOS - Apuntes de San Luis<\/title>\n<meta name=\"robots\" content=\"index, follow, max-snippet:-1, max-image-preview:large, max-video-preview:-1\" \/>\n<link rel=\"canonical\" href=\"https:\/\/apuntesdesanluis.com\/index.php\/2024\/03\/25\/la-universidad-de-san-luis-y-el-gobierno-firmaron-un-gigantesco-acuerdo-para-un-trabajo-conjunto-en-47-ambitos\/\" \/>\n<meta property=\"og:locale\" content=\"es_ES\" \/>\n<meta property=\"og:type\" content=\"article\" \/>\n<meta property=\"og:title\" content=\"LA UNIVERSIDAD DE SAN LUIS Y EL GOBIERNO FIRMARON UN GIGANTESCO ACUERDO PARA UN TRABAJO CONJUNTO EN 47 \u00c1MBITOS - Apuntes de San Luis\" \/>\n<meta property=\"og:description\" content=\"Un inusual y monumental convenio firmaron este lunes la Universidad Nacional de San Luis y...\" \/>\n<meta property=\"og:url\" content=\"https:\/\/apuntesdesanluis.com\/index.php\/2024\/03\/25\/la-universidad-de-san-luis-y-el-gobierno-firmaron-un-gigantesco-acuerdo-para-un-trabajo-conjunto-en-47-ambitos\/\" \/>\n<meta property=\"og:site_name\" content=\"Apuntes de San Luis\" \/>\n<meta property=\"article:published_time\" content=\"2024-03-25T23:26:50+00:00\" \/>\n<meta property=\"article:modified_time\" content=\"2024-03-25T23:28:51+00:00\" \/>\n<meta property=\"og:image\" content=\"https:\/\/apuntesdesanluis.com\/wp-content\/uploads\/2024\/03\/acuerdo.png\" \/>\n\t<meta property=\"og:image:width\" content=\"576\" \/>\n\t<meta property=\"og:image:height\" content=\"378\" \/>\n\t<meta property=\"og:image:type\" content=\"image\/png\" \/>\n<meta name=\"author\" content=\"apuntesdesanluis.com\" \/>\n<meta name=\"twitter:card\" content=\"summary_large_image\" \/>\n<meta name=\"twitter:label1\" content=\"Escrito por\" \/>\n\t<meta name=\"twitter:data1\" content=\"apuntesdesanluis.com\" \/>\n\t<meta name=\"twitter:label2\" content=\"Tiempo de lectura\" \/>\n\t<meta name=\"twitter:data2\" content=\"8 minutos\" \/>\n<script type=\"application\/ld+json\" class=\"yoast-schema-graph\">{\"@context\":\"https:\/\/schema.org\",\"@graph\":[{\"@type\":\"Article\",\"@id\":\"https:\/\/apuntesdesanluis.com\/index.php\/2024\/03\/25\/la-universidad-de-san-luis-y-el-gobierno-firmaron-un-gigantesco-acuerdo-para-un-trabajo-conjunto-en-47-ambitos\/#article\",\"isPartOf\":{\"@id\":\"https:\/\/apuntesdesanluis.com\/index.php\/2024\/03\/25\/la-universidad-de-san-luis-y-el-gobierno-firmaron-un-gigantesco-acuerdo-para-un-trabajo-conjunto-en-47-ambitos\/\"},\"author\":{\"name\":\"apuntesdesanluis.com\",\"@id\":\"https:\/\/apuntesdesanluis.com\/#\/schema\/person\/b55151d52296fcce64d1a72538a70b90\"},\"headline\":\"LA UNIVERSIDAD DE SAN LUIS Y EL GOBIERNO FIRMARON UN GIGANTESCO ACUERDO PARA UN TRABAJO CONJUNTO EN 47 \u00c1MBITOS\",\"datePublished\":\"2024-03-25T23:26:50+00:00\",\"dateModified\":\"2024-03-25T23:28:51+00:00\",\"mainEntityOfPage\":{\"@id\":\"https:\/\/apuntesdesanluis.com\/index.php\/2024\/03\/25\/la-universidad-de-san-luis-y-el-gobierno-firmaron-un-gigantesco-acuerdo-para-un-trabajo-conjunto-en-47-ambitos\/\"},\"wordCount\":1635,\"publisher\":{\"@id\":\"https:\/\/apuntesdesanluis.com\/#\/schema\/person\/b55151d52296fcce64d1a72538a70b90\"},\"image\":{\"@id\":\"https:\/\/apuntesdesanluis.com\/index.php\/2024\/03\/25\/la-universidad-de-san-luis-y-el-gobierno-firmaron-un-gigantesco-acuerdo-para-un-trabajo-conjunto-en-47-ambitos\/#primaryimage\"},\"thumbnailUrl\":\"https:\/\/apuntesdesanluis.com\/wp-content\/uploads\/2024\/03\/acuerdo.png\",\"articleSection\":[\"Ciudad\/Provincia\"],\"inLanguage\":\"es-AR\"},{\"@type\":\"WebPage\",\"@id\":\"https:\/\/apuntesdesanluis.com\/index.php\/2024\/03\/25\/la-universidad-de-san-luis-y-el-gobierno-firmaron-un-gigantesco-acuerdo-para-un-trabajo-conjunto-en-47-ambitos\/\",\"url\":\"https:\/\/apuntesdesanluis.com\/index.php\/2024\/03\/25\/la-universidad-de-san-luis-y-el-gobierno-firmaron-un-gigantesco-acuerdo-para-un-trabajo-conjunto-en-47-ambitos\/\",\"name\":\"LA UNIVERSIDAD DE SAN LUIS Y EL GOBIERNO FIRMARON UN GIGANTESCO ACUERDO PARA UN TRABAJO CONJUNTO EN 47 \u00c1MBITOS - Apuntes de San Luis\",\"isPartOf\":{\"@id\":\"https:\/\/apuntesdesanluis.com\/#website\"},\"primaryImageOfPage\":{\"@id\":\"https:\/\/apuntesdesanluis.com\/index.php\/2024\/03\/25\/la-universidad-de-san-luis-y-el-gobierno-firmaron-un-gigantesco-acuerdo-para-un-trabajo-conjunto-en-47-ambitos\/#primaryimage\"},\"image\":{\"@id\":\"https:\/\/apuntesdesanluis.com\/index.php\/2024\/03\/25\/la-universidad-de-san-luis-y-el-gobierno-firmaron-un-gigantesco-acuerdo-para-un-trabajo-conjunto-en-47-ambitos\/#primaryimage\"},\"thumbnailUrl\":\"https:\/\/apuntesdesanluis.com\/wp-content\/uploads\/2024\/03\/acuerdo.png\",\"datePublished\":\"2024-03-25T23:26:50+00:00\",\"dateModified\":\"2024-03-25T23:28:51+00:00\",\"breadcrumb\":{\"@id\":\"https:\/\/apuntesdesanluis.com\/index.php\/2024\/03\/25\/la-universidad-de-san-luis-y-el-gobierno-firmaron-un-gigantesco-acuerdo-para-un-trabajo-conjunto-en-47-ambitos\/#breadcrumb\"},\"inLanguage\":\"es-AR\",\"potentialAction\":[{\"@type\":\"ReadAction\",\"target\":[\"https:\/\/apuntesdesanluis.com\/index.php\/2024\/03\/25\/la-universidad-de-san-luis-y-el-gobierno-firmaron-un-gigantesco-acuerdo-para-un-trabajo-conjunto-en-47-ambitos\/\"]}]},{\"@type\":\"ImageObject\",\"inLanguage\":\"es-AR\",\"@id\":\"https:\/\/apuntesdesanluis.com\/index.php\/2024\/03\/25\/la-universidad-de-san-luis-y-el-gobierno-firmaron-un-gigantesco-acuerdo-para-un-trabajo-conjunto-en-47-ambitos\/#primaryimage\",\"url\":\"https:\/\/apuntesdesanluis.com\/wp-content\/uploads\/2024\/03\/acuerdo.png\",\"contentUrl\":\"https:\/\/apuntesdesanluis.com\/wp-content\/uploads\/2024\/03\/acuerdo.png\",\"width\":576,\"height\":378},{\"@type\":\"BreadcrumbList\",\"@id\":\"https:\/\/apuntesdesanluis.com\/index.php\/2024\/03\/25\/la-universidad-de-san-luis-y-el-gobierno-firmaron-un-gigantesco-acuerdo-para-un-trabajo-conjunto-en-47-ambitos\/#breadcrumb\",\"itemListElement\":[{\"@type\":\"ListItem\",\"position\":1,\"name\":\"Inicio\",\"item\":\"https:\/\/apuntesdesanluis.com\/\"},{\"@type\":\"ListItem\",\"position\":2,\"name\":\"LA UNIVERSIDAD DE SAN LUIS Y EL GOBIERNO FIRMARON UN GIGANTESCO ACUERDO PARA UN TRABAJO CONJUNTO EN 47 \u00c1MBITOS\"}]},{\"@type\":\"WebSite\",\"@id\":\"https:\/\/apuntesdesanluis.com\/#website\",\"url\":\"https:\/\/apuntesdesanluis.com\/\",\"name\":\"Apuntes de San Luis\",\"description\":\"\",\"publisher\":{\"@id\":\"https:\/\/apuntesdesanluis.com\/#\/schema\/person\/b55151d52296fcce64d1a72538a70b90\"},\"potentialAction\":[{\"@type\":\"SearchAction\",\"target\":{\"@type\":\"EntryPoint\",\"urlTemplate\":\"https:\/\/apuntesdesanluis.com\/?s={search_term_string}\"},\"query-input\":{\"@type\":\"PropertyValueSpecification\",\"valueRequired\":true,\"valueName\":\"search_term_string\"}}],\"inLanguage\":\"es-AR\"},{\"@type\":[\"Person\",\"Organization\"],\"@id\":\"https:\/\/apuntesdesanluis.com\/#\/schema\/person\/b55151d52296fcce64d1a72538a70b90\",\"name\":\"apuntesdesanluis.com\",\"image\":{\"@type\":\"ImageObject\",\"inLanguage\":\"es-AR\",\"@id\":\"https:\/\/apuntesdesanluis.com\/#\/schema\/person\/image\/\",\"url\":\"https:\/\/apuntesdesanluis.com\/wp-content\/uploads\/2023\/07\/cropped-apuntesdesanluis.png\",\"contentUrl\":\"https:\/\/apuntesdesanluis.com\/wp-content\/uploads\/2023\/07\/cropped-apuntesdesanluis.png\",\"width\":450,\"height\":112,\"caption\":\"apuntesdesanluis.com\"},\"logo\":{\"@id\":\"https:\/\/apuntesdesanluis.com\/#\/schema\/person\/image\/\"},\"sameAs\":[\"https:\/\/apuntesdesanluis.com\"],\"url\":\"https:\/\/apuntesdesanluis.com\/index.php\/author\/apuntesdesanluis-com\/\"}]}<\/script>\n<!-- \/ Yoast SEO plugin. -->","yoast_head_json":{"title":"LA UNIVERSIDAD DE SAN LUIS Y EL GOBIERNO FIRMARON UN GIGANTESCO ACUERDO PARA UN TRABAJO CONJUNTO EN 47 \u00c1MBITOS - Apuntes de San Luis","robots":{"index":"index","follow":"follow","max-snippet":"max-snippet:-1","max-image-preview":"max-image-preview:large","max-video-preview":"max-video-preview:-1"},"canonical":"https:\/\/apuntesdesanluis.com\/index.php\/2024\/03\/25\/la-universidad-de-san-luis-y-el-gobierno-firmaron-un-gigantesco-acuerdo-para-un-trabajo-conjunto-en-47-ambitos\/","og_locale":"es_ES","og_type":"article","og_title":"LA UNIVERSIDAD DE SAN LUIS Y EL GOBIERNO FIRMARON UN GIGANTESCO ACUERDO PARA UN TRABAJO CONJUNTO EN 47 \u00c1MBITOS - Apuntes de San Luis","og_description":"Un inusual y monumental convenio firmaron este lunes la Universidad Nacional de San Luis y...","og_url":"https:\/\/apuntesdesanluis.com\/index.php\/2024\/03\/25\/la-universidad-de-san-luis-y-el-gobierno-firmaron-un-gigantesco-acuerdo-para-un-trabajo-conjunto-en-47-ambitos\/","og_site_name":"Apuntes de San Luis","article_published_time":"2024-03-25T23:26:50+00:00","article_modified_time":"2024-03-25T23:28:51+00:00","og_image":[{"width":576,"height":378,"url":"https:\/\/apuntesdesanluis.com\/wp-content\/uploads\/2024\/03\/acuerdo.png","type":"image\/png"}],"author":"apuntesdesanluis.com","twitter_card":"summary_large_image","twitter_misc":{"Escrito por":"apuntesdesanluis.com","Tiempo de lectura":"8 minutos"},"schema":{"@context":"https:\/\/schema.org","@graph":[{"@type":"Article","@id":"https:\/\/apuntesdesanluis.com\/index.php\/2024\/03\/25\/la-universidad-de-san-luis-y-el-gobierno-firmaron-un-gigantesco-acuerdo-para-un-trabajo-conjunto-en-47-ambitos\/#article","isPartOf":{"@id":"https:\/\/apuntesdesanluis.com\/index.php\/2024\/03\/25\/la-universidad-de-san-luis-y-el-gobierno-firmaron-un-gigantesco-acuerdo-para-un-trabajo-conjunto-en-47-ambitos\/"},"author":{"name":"apuntesdesanluis.com","@id":"https:\/\/apuntesdesanluis.com\/#\/schema\/person\/b55151d52296fcce64d1a72538a70b90"},"headline":"LA UNIVERSIDAD DE SAN LUIS Y EL GOBIERNO FIRMARON UN GIGANTESCO ACUERDO PARA UN TRABAJO CONJUNTO EN 47 \u00c1MBITOS","datePublished":"2024-03-25T23:26:50+00:00","dateModified":"2024-03-25T23:28:51+00:00","mainEntityOfPage":{"@id":"https:\/\/apuntesdesanluis.com\/index.php\/2024\/03\/25\/la-universidad-de-san-luis-y-el-gobierno-firmaron-un-gigantesco-acuerdo-para-un-trabajo-conjunto-en-47-ambitos\/"},"wordCount":1635,"publisher":{"@id":"https:\/\/apuntesdesanluis.com\/#\/schema\/person\/b55151d52296fcce64d1a72538a70b90"},"image":{"@id":"https:\/\/apuntesdesanluis.com\/index.php\/2024\/03\/25\/la-universidad-de-san-luis-y-el-gobierno-firmaron-un-gigantesco-acuerdo-para-un-trabajo-conjunto-en-47-ambitos\/#primaryimage"},"thumbnailUrl":"https:\/\/apuntesdesanluis.com\/wp-content\/uploads\/2024\/03\/acuerdo.png","articleSection":["Ciudad\/Provincia"],"inLanguage":"es-AR"},{"@type":"WebPage","@id":"https:\/\/apuntesdesanluis.com\/index.php\/2024\/03\/25\/la-universidad-de-san-luis-y-el-gobierno-firmaron-un-gigantesco-acuerdo-para-un-trabajo-conjunto-en-47-ambitos\/","url":"https:\/\/apuntesdesanluis.com\/index.php\/2024\/03\/25\/la-universidad-de-san-luis-y-el-gobierno-firmaron-un-gigantesco-acuerdo-para-un-trabajo-conjunto-en-47-ambitos\/","name":"LA UNIVERSIDAD DE SAN LUIS Y EL GOBIERNO FIRMARON UN GIGANTESCO ACUERDO PARA UN TRABAJO CONJUNTO EN 47 \u00c1MBITOS - Apuntes de San Luis","isPartOf":{"@id":"https:\/\/apuntesdesanluis.com\/#website"},"primaryImageOfPage":{"@id":"https:\/\/apuntesdesanluis.com\/index.php\/2024\/03\/25\/la-universidad-de-san-luis-y-el-gobierno-firmaron-un-gigantesco-acuerdo-para-un-trabajo-conjunto-en-47-ambitos\/#primaryimage"},"image":{"@id":"https:\/\/apuntesdesanluis.com\/index.php\/2024\/03\/25\/la-universidad-de-san-luis-y-el-gobierno-firmaron-un-gigantesco-acuerdo-para-un-trabajo-conjunto-en-47-ambitos\/#primaryimage"},"thumbnailUrl":"https:\/\/apuntesdesanluis.com\/wp-content\/uploads\/2024\/03\/acuerdo.png","datePublished":"2024-03-25T23:26:50+00:00","dateModified":"2024-03-25T23:28:51+00:00","breadcrumb":{"@id":"https:\/\/apuntesdesanluis.com\/index.php\/2024\/03\/25\/la-universidad-de-san-luis-y-el-gobierno-firmaron-un-gigantesco-acuerdo-para-un-trabajo-conjunto-en-47-ambitos\/#breadcrumb"},"inLanguage":"es-AR","potentialAction":[{"@type":"ReadAction","target":["https:\/\/apuntesdesanluis.com\/index.php\/2024\/03\/25\/la-universidad-de-san-luis-y-el-gobierno-firmaron-un-gigantesco-acuerdo-para-un-trabajo-conjunto-en-47-ambitos\/"]}]},{"@type":"ImageObject","inLanguage":"es-AR","@id":"https:\/\/apuntesdesanluis.com\/index.php\/2024\/03\/25\/la-universidad-de-san-luis-y-el-gobierno-firmaron-un-gigantesco-acuerdo-para-un-trabajo-conjunto-en-47-ambitos\/#primaryimage","url":"https:\/\/apuntesdesanluis.com\/wp-content\/uploads\/2024\/03\/acuerdo.png","contentUrl":"https:\/\/apuntesdesanluis.com\/wp-content\/uploads\/2024\/03\/acuerdo.png","width":576,"height":378},{"@type":"BreadcrumbList","@id":"https:\/\/apuntesdesanluis.com\/index.php\/2024\/03\/25\/la-universidad-de-san-luis-y-el-gobierno-firmaron-un-gigantesco-acuerdo-para-un-trabajo-conjunto-en-47-ambitos\/#breadcrumb","itemListElement":[{"@type":"ListItem","position":1,"name":"Inicio","item":"https:\/\/apuntesdesanluis.com\/"},{"@type":"ListItem","position":2,"name":"LA UNIVERSIDAD DE SAN LUIS Y EL GOBIERNO FIRMARON UN GIGANTESCO ACUERDO PARA UN TRABAJO CONJUNTO EN 47 \u00c1MBITOS"}]},{"@type":"WebSite","@id":"https:\/\/apuntesdesanluis.com\/#website","url":"https:\/\/apuntesdesanluis.com\/","name":"Apuntes de San Luis","description":"","publisher":{"@id":"https:\/\/apuntesdesanluis.com\/#\/schema\/person\/b55151d52296fcce64d1a72538a70b90"},"potentialAction":[{"@type":"SearchAction","target":{"@type":"EntryPoint","urlTemplate":"https:\/\/apuntesdesanluis.com\/?s={search_term_string}"},"query-input":{"@type":"PropertyValueSpecification","valueRequired":true,"valueName":"search_term_string"}}],"inLanguage":"es-AR"},{"@type":["Person","Organization"],"@id":"https:\/\/apuntesdesanluis.com\/#\/schema\/person\/b55151d52296fcce64d1a72538a70b90","name":"apuntesdesanluis.com","image":{"@type":"ImageObject","inLanguage":"es-AR","@id":"https:\/\/apuntesdesanluis.com\/#\/schema\/person\/image\/","url":"https:\/\/apuntesdesanluis.com\/wp-content\/uploads\/2023\/07\/cropped-apuntesdesanluis.png","contentUrl":"https:\/\/apuntesdesanluis.com\/wp-content\/uploads\/2023\/07\/cropped-apuntesdesanluis.png","width":450,"height":112,"caption":"apuntesdesanluis.com"},"logo":{"@id":"https:\/\/apuntesdesanluis.com\/#\/schema\/person\/image\/"},"sameAs":["https:\/\/apuntesdesanluis.com"],"url":"https:\/\/apuntesdesanluis.com\/index.php\/author\/apuntesdesanluis-com\/"}]}},"featured_image_urls":{"full":["https:\/\/apuntesdesanluis.com\/wp-content\/uploads\/2024\/03\/acuerdo.png",576,378,false],"thumbnail":["https:\/\/apuntesdesanluis.com\/wp-content\/uploads\/2024\/03\/acuerdo-150x150.png",150,150,true],"medium":["https:\/\/apuntesdesanluis.com\/wp-content\/uploads\/2024\/03\/acuerdo-300x197.png",300,197,true],"medium_large":["https:\/\/apuntesdesanluis.com\/wp-content\/uploads\/2024\/03\/acuerdo.png",576,378,false],"large":["https:\/\/apuntesdesanluis.com\/wp-content\/uploads\/2024\/03\/acuerdo.png",576,378,false],"1536x1536":["https:\/\/apuntesdesanluis.com\/wp-content\/uploads\/2024\/03\/acuerdo.png",576,378,false],"2048x2048":["https:\/\/apuntesdesanluis.com\/wp-content\/uploads\/2024\/03\/acuerdo.png",576,378,false],"newsever-slider-full":["https:\/\/apuntesdesanluis.com\/wp-content\/uploads\/2024\/03\/acuerdo.png",576,378,false],"newsever-featured":["https:\/\/apuntesdesanluis.com\/wp-content\/uploads\/2024\/03\/acuerdo.png",576,378,false],"newsever-medium":["https:\/\/apuntesdesanluis.com\/wp-content\/uploads\/2024\/03\/acuerdo.png",576,378,false]},"author_info":{"display_name":"apuntesdesanluis.com","author_link":"https:\/\/apuntesdesanluis.com\/index.php\/author\/apuntesdesanluis-com\/"},"category_info":"<a href=\"https:\/\/apuntesdesanluis.com\/index.php\/category\/ciudad-provincia\/\" rel=\"category tag\">Ciudad\/Provincia<\/a>","tag_info":"Ciudad\/Provincia","comment_count":"0","_links":{"self":[{"href":"https:\/\/apuntesdesanluis.com\/index.php\/wp-json\/wp\/v2\/posts\/13687","targetHints":{"allow":["GET"]}}],"collection":[{"href":"https:\/\/apuntesdesanluis.com\/index.php\/wp-json\/wp\/v2\/posts"}],"about":[{"href":"https:\/\/apuntesdesanluis.com\/index.php\/wp-json\/wp\/v2\/types\/post"}],"author":[{"embeddable":true,"href":"https:\/\/apuntesdesanluis.com\/index.php\/wp-json\/wp\/v2\/users\/1"}],"replies":[{"embeddable":true,"href":"https:\/\/apuntesdesanluis.com\/index.php\/wp-json\/wp\/v2\/comments?post=13687"}],"version-history":[{"count":4,"href":"https:\/\/apuntesdesanluis.com\/index.php\/wp-json\/wp\/v2\/posts\/13687\/revisions"}],"predecessor-version":[{"id":13695,"href":"https:\/\/apuntesdesanluis.com\/index.php\/wp-json\/wp\/v2\/posts\/13687\/revisions\/13695"}],"wp:featuredmedia":[{"embeddable":true,"href":"https:\/\/apuntesdesanluis.com\/index.php\/wp-json\/wp\/v2\/media\/13688"}],"wp:attachment":[{"href":"https:\/\/apuntesdesanluis.com\/index.php\/wp-json\/wp\/v2\/media?parent=13687"}],"wp:term":[{"taxonomy":"category","embeddable":true,"href":"https:\/\/apuntesdesanluis.com\/index.php\/wp-json\/wp\/v2\/categories?post=13687"},{"taxonomy":"post_tag","embeddable":true,"href":"https:\/\/apuntesdesanluis.com\/index.php\/wp-json\/wp\/v2\/tags?post=13687"}],"curies":[{"name":"wp","href":"https:\/\/api.w.org\/{rel}","templated":true}]}}