{"id":13696,"date":"2024-03-25T20:54:26","date_gmt":"2024-03-25T23:54:26","guid":{"rendered":"https:\/\/apuntesdesanluis.com\/?p=13696"},"modified":"2024-03-25T20:54:26","modified_gmt":"2024-03-25T23:54:26","slug":"juzgan-a-la-mujer-por-el-incendio-de-su-vivienda-en-el-que-murio-su-hija","status":"publish","type":"post","link":"https:\/\/apuntesdesanluis.com\/index.php\/2024\/03\/25\/juzgan-a-la-mujer-por-el-incendio-de-su-vivienda-en-el-que-murio-su-hija\/","title":{"rendered":"JUZGAN A LA MUJER POR EL INCENDIO DE SU VIVIENDA EN EL QUE MURI\u00d3 SU HIJA"},"content":{"rendered":"<h3>En la ma\u00f1ana de hoy se desarrollaron los alegatos de inicio y se dispuso la apertura de la etapa probatoria. La mujer es juzgada por un hecho ocurrido el 12 de marzo del 2023, donde perdi\u00f3 la vida Abril Fernandez, una ni\u00f1a de 11 a\u00f1os.<\/h3>\n<h3>Una mujer comenz\u00f3 a ser juzgada este lunes, acusada por el delito de homicidio doblemente calificado por el v\u00ednculo y por ser cometido con alevos\u00eda, por el hecho ocurrido en una vivienda del barrio La Ribera, de Villa Mercedes, donde se registr\u00f3 un incendio en el cual perdi\u00f3 la vida una ni\u00f1a.<\/h3>\n<h3>El debate oral se desarroll\u00f3 en la Sala de Juicios N\u00ba 1 del edificio judicial mercedino. El tribunal lo integraron el Dr. Sebasti\u00e1n Cadelago Filippi \u2013 Presidente \u2013; el Dr. Mauro D`agata Henr\u00edquez y la Dra.\u00a0 Virna Eguinoa \u2013 Vocales \u2013.<\/h3>\n<h3>En representaci\u00f3n de la acusada intervino el Dr. Valent\u00edn Rivadera, mientras que el Dr. N\u00e9stor Lucero estuvo presente en su car\u00e1cter de Fiscal de Juicio. En representaci\u00f3n de la querella actu\u00f3 la Dra. Laura Rodr\u00edguez.<\/h3>\n<h3>El Dr. N\u00e9stor Lucero fue el encargado de iniciar los alegatos de apertura. Adhiri\u00f3 en todo a la acusaci\u00f3n realizada por el Fiscal de Instrucci\u00f3n y encuadr\u00f3\u00a0 al hecho como homicidio doblemente calificado por el v\u00ednculo y por ser cometido con alevos\u00eda.<\/h3>\n<h3>Narr\u00f3 las circunstancias en el que se produjo el hecho. Record\u00f3 que sucedi\u00f3 entre la noche del 12 de marzo y la madrugada del 13 de marzo del 2023. Asegur\u00f3 que la acusada \u201cprodujo la muerte de su hija\u201d y explic\u00f3 que prendi\u00f3 fuego en distintos puntos de la vivienda.\u00a0 Mencion\u00f3 adem\u00e1s, que la mujer ven\u00eda atravesando \u201cuna serie de incumplimientos\u201d respecto al cuidado de la ni\u00f1a.<\/h3>\n<h3>Enumer\u00f3 las pruebas de las que se valdr\u00e1 en el debate, todas ellas mencionadas en la audiencia de control de acusaci\u00f3n, realizada el pasado cuatro de diciembre.<\/h3>\n<h3>Por su parte, la Dra. Rodr\u00edguez adhiri\u00f3 a lo expresado por el Fiscal de Juicio y relat\u00f3 algunas circunstancias personales de su representado \u2013 pap\u00e1 de la ni\u00f1a -. Explic\u00f3 que en el a\u00f1o 2020 el se\u00f1or se divorci\u00f3 de com\u00fan acuerdo de la mam\u00e1 de Abril. \u201cEn el 2021 no pudo criar a su hija, ni disfrutarla\u201d, dijo la abogada. \u201cExist\u00edan denuncias sistem\u00e1ticas cuya finalidad era que el se\u00f1or no se pudiera acercar a su hija. Hab\u00eda un v\u00ednculo fluido que fue interrumpido\u201d, agreg\u00f3. Asegur\u00f3 que durante el debate demostrar\u00e1n que \u201cno fue un accidente, que hubo un plan homicida\u201d.<\/h3>\n<h3>Por \u00faltimo, en representaci\u00f3n de la acusada, el Dr. Valent\u00edn Rivadera dijo: \u201cA lo largo de este proceso esta defensa va a demostrar que no van a lograr quebrantar el principio de inocencia del cual goza mi defendida\u201d. \u201cVoy a solicitar que, una vez finalizado el proceso, se la absuelva por el beneficio de la duda\u201d, agreg\u00f3. Por \u00faltimo, solicit\u00f3 al tribunal que el debate sea abordado con perspectiva de g\u00e9nero.<\/h3>\n<h3>Luego de escuchar los alegatos de apertura, el tribunal declar\u00f3 abierta la etapa probatoria.<\/h3>\n<h3>El hecho sucedi\u00f3 el pasado 12 de marzo en el Barrio La Ribera donde, producto de un incendio, falleci\u00f3 Abril Fern\u00e1ndez de 11 a\u00f1os, quien conviv\u00eda con su mam\u00e1 y seg\u00fan el informe forense, falleci\u00f3 a causa de una broncoaspiraci\u00f3n. En abril, la madre de la ni\u00f1a fue imputada provisoriamente por el delito de homicidio doblemente calificado por el v\u00ednculo y por ser cometido con alevos\u00eda. En diciembre la causa fue elevada a juicio oral y la acusada viene cumpliendo una prisi\u00f3n domiciliaria.<\/h3>\n<h3>Para obtener m\u00e1s informaci\u00f3n sobre esta causa ingrese al siguiente enlace:<\/h3>\n<h3><span style=\"color: #3366ff;\"><a style=\"color: #3366ff;\" href=\"https:\/\/www.periodicojudicial.gov.ar\/caso-incendio-bo-la-ribera-prorrogaron-la-medida-de-coercion-de-la-acusada\/\">https:\/\/www.periodicojudicial.gov.ar\/caso-incendio-bo-la-ribera-prorrogaron-la-medida-de-coercion-de-la-acusada\/<\/a><\/span><\/h3>\n<p>&nbsp;<\/p>\n<p>&nbsp;<\/p>\n<p>&nbsp;<\/p>\n","protected":false},"excerpt":{"rendered":"<p>En la ma\u00f1ana de hoy se desarrollaron los alegatos de inicio y se dispuso la&#8230;<\/p>\n","protected":false},"author":1,"featured_media":13697,"comment_status":"closed","ping_status":"closed","sticky":false,"template":"","format":"standard","meta":{"footnotes":""},"categories":[6],"tags":[],"class_list":["post-13696","post","type-post","status-publish","format-standard","has-post-thumbnail","hentry","category-ciudad-provincia"],"yoast_head":"<!-- This site is optimized with the Yoast SEO plugin v26.1.1 - https:\/\/yoast.com\/wordpress\/plugins\/seo\/ -->\n<title>JUZGAN A LA MUJER POR EL INCENDIO DE SU VIVIENDA EN EL QUE MURI\u00d3 SU HIJA - Apuntes de San Luis<\/title>\n<meta name=\"robots\" content=\"index, follow, max-snippet:-1, max-image-preview:large, max-video-preview:-1\" \/>\n<link rel=\"canonical\" href=\"https:\/\/apuntesdesanluis.com\/index.php\/2024\/03\/25\/juzgan-a-la-mujer-por-el-incendio-de-su-vivienda-en-el-que-murio-su-hija\/\" \/>\n<meta property=\"og:locale\" content=\"es_ES\" \/>\n<meta property=\"og:type\" content=\"article\" \/>\n<meta property=\"og:title\" content=\"JUZGAN A LA MUJER POR EL INCENDIO DE SU VIVIENDA EN EL QUE MURI\u00d3 SU HIJA - Apuntes de San Luis\" \/>\n<meta property=\"og:description\" content=\"En la ma\u00f1ana de hoy se desarrollaron los alegatos de inicio y se dispuso la...\" \/>\n<meta property=\"og:url\" content=\"https:\/\/apuntesdesanluis.com\/index.php\/2024\/03\/25\/juzgan-a-la-mujer-por-el-incendio-de-su-vivienda-en-el-que-murio-su-hija\/\" \/>\n<meta property=\"og:site_name\" content=\"Apuntes de San Luis\" \/>\n<meta property=\"article:published_time\" content=\"2024-03-25T23:54:26+00:00\" \/>\n<meta property=\"og:image\" content=\"https:\/\/apuntesdesanluis.com\/wp-content\/uploads\/2024\/03\/AUDIENCIA-INCENDIO.png\" \/>\n\t<meta property=\"og:image:width\" content=\"671\" \/>\n\t<meta property=\"og:image:height\" content=\"408\" \/>\n\t<meta property=\"og:image:type\" content=\"image\/png\" \/>\n<meta name=\"author\" content=\"apuntesdesanluis.com\" \/>\n<meta name=\"twitter:card\" content=\"summary_large_image\" \/>\n<meta name=\"twitter:label1\" content=\"Escrito por\" \/>\n\t<meta name=\"twitter:data1\" content=\"apuntesdesanluis.com\" \/>\n\t<meta name=\"twitter:label2\" content=\"Tiempo de lectura\" \/>\n\t<meta name=\"twitter:data2\" content=\"3 minutos\" \/>\n<script type=\"application\/ld+json\" class=\"yoast-schema-graph\">{\"@context\":\"https:\/\/schema.org\",\"@graph\":[{\"@type\":\"Article\",\"@id\":\"https:\/\/apuntesdesanluis.com\/index.php\/2024\/03\/25\/juzgan-a-la-mujer-por-el-incendio-de-su-vivienda-en-el-que-murio-su-hija\/#article\",\"isPartOf\":{\"@id\":\"https:\/\/apuntesdesanluis.com\/index.php\/2024\/03\/25\/juzgan-a-la-mujer-por-el-incendio-de-su-vivienda-en-el-que-murio-su-hija\/\"},\"author\":{\"name\":\"apuntesdesanluis.com\",\"@id\":\"https:\/\/apuntesdesanluis.com\/#\/schema\/person\/b55151d52296fcce64d1a72538a70b90\"},\"headline\":\"JUZGAN A LA MUJER POR EL INCENDIO DE SU VIVIENDA EN EL QUE MURI\u00d3 SU HIJA\",\"datePublished\":\"2024-03-25T23:54:26+00:00\",\"mainEntityOfPage\":{\"@id\":\"https:\/\/apuntesdesanluis.com\/index.php\/2024\/03\/25\/juzgan-a-la-mujer-por-el-incendio-de-su-vivienda-en-el-que-murio-su-hija\/\"},\"wordCount\":647,\"publisher\":{\"@id\":\"https:\/\/apuntesdesanluis.com\/#\/schema\/person\/b55151d52296fcce64d1a72538a70b90\"},\"image\":{\"@id\":\"https:\/\/apuntesdesanluis.com\/index.php\/2024\/03\/25\/juzgan-a-la-mujer-por-el-incendio-de-su-vivienda-en-el-que-murio-su-hija\/#primaryimage\"},\"thumbnailUrl\":\"https:\/\/apuntesdesanluis.com\/wp-content\/uploads\/2024\/03\/AUDIENCIA-INCENDIO.png\",\"articleSection\":[\"Ciudad\/Provincia\"],\"inLanguage\":\"es-AR\"},{\"@type\":\"WebPage\",\"@id\":\"https:\/\/apuntesdesanluis.com\/index.php\/2024\/03\/25\/juzgan-a-la-mujer-por-el-incendio-de-su-vivienda-en-el-que-murio-su-hija\/\",\"url\":\"https:\/\/apuntesdesanluis.com\/index.php\/2024\/03\/25\/juzgan-a-la-mujer-por-el-incendio-de-su-vivienda-en-el-que-murio-su-hija\/\",\"name\":\"JUZGAN A LA MUJER POR EL INCENDIO DE SU VIVIENDA EN EL QUE MURI\u00d3 SU HIJA - Apuntes de San Luis\",\"isPartOf\":{\"@id\":\"https:\/\/apuntesdesanluis.com\/#website\"},\"primaryImageOfPage\":{\"@id\":\"https:\/\/apuntesdesanluis.com\/index.php\/2024\/03\/25\/juzgan-a-la-mujer-por-el-incendio-de-su-vivienda-en-el-que-murio-su-hija\/#primaryimage\"},\"image\":{\"@id\":\"https:\/\/apuntesdesanluis.com\/index.php\/2024\/03\/25\/juzgan-a-la-mujer-por-el-incendio-de-su-vivienda-en-el-que-murio-su-hija\/#primaryimage\"},\"thumbnailUrl\":\"https:\/\/apuntesdesanluis.com\/wp-content\/uploads\/2024\/03\/AUDIENCIA-INCENDIO.png\",\"datePublished\":\"2024-03-25T23:54:26+00:00\",\"breadcrumb\":{\"@id\":\"https:\/\/apuntesdesanluis.com\/index.php\/2024\/03\/25\/juzgan-a-la-mujer-por-el-incendio-de-su-vivienda-en-el-que-murio-su-hija\/#breadcrumb\"},\"inLanguage\":\"es-AR\",\"potentialAction\":[{\"@type\":\"ReadAction\",\"target\":[\"https:\/\/apuntesdesanluis.com\/index.php\/2024\/03\/25\/juzgan-a-la-mujer-por-el-incendio-de-su-vivienda-en-el-que-murio-su-hija\/\"]}]},{\"@type\":\"ImageObject\",\"inLanguage\":\"es-AR\",\"@id\":\"https:\/\/apuntesdesanluis.com\/index.php\/2024\/03\/25\/juzgan-a-la-mujer-por-el-incendio-de-su-vivienda-en-el-que-murio-su-hija\/#primaryimage\",\"url\":\"https:\/\/apuntesdesanluis.com\/wp-content\/uploads\/2024\/03\/AUDIENCIA-INCENDIO.png\",\"contentUrl\":\"https:\/\/apuntesdesanluis.com\/wp-content\/uploads\/2024\/03\/AUDIENCIA-INCENDIO.png\",\"width\":671,\"height\":408},{\"@type\":\"BreadcrumbList\",\"@id\":\"https:\/\/apuntesdesanluis.com\/index.php\/2024\/03\/25\/juzgan-a-la-mujer-por-el-incendio-de-su-vivienda-en-el-que-murio-su-hija\/#breadcrumb\",\"itemListElement\":[{\"@type\":\"ListItem\",\"position\":1,\"name\":\"Inicio\",\"item\":\"https:\/\/apuntesdesanluis.com\/\"},{\"@type\":\"ListItem\",\"position\":2,\"name\":\"JUZGAN A LA MUJER POR EL INCENDIO DE SU VIVIENDA EN EL QUE MURI\u00d3 SU HIJA\"}]},{\"@type\":\"WebSite\",\"@id\":\"https:\/\/apuntesdesanluis.com\/#website\",\"url\":\"https:\/\/apuntesdesanluis.com\/\",\"name\":\"Apuntes de San Luis\",\"description\":\"\",\"publisher\":{\"@id\":\"https:\/\/apuntesdesanluis.com\/#\/schema\/person\/b55151d52296fcce64d1a72538a70b90\"},\"potentialAction\":[{\"@type\":\"SearchAction\",\"target\":{\"@type\":\"EntryPoint\",\"urlTemplate\":\"https:\/\/apuntesdesanluis.com\/?s={search_term_string}\"},\"query-input\":{\"@type\":\"PropertyValueSpecification\",\"valueRequired\":true,\"valueName\":\"search_term_string\"}}],\"inLanguage\":\"es-AR\"},{\"@type\":[\"Person\",\"Organization\"],\"@id\":\"https:\/\/apuntesdesanluis.com\/#\/schema\/person\/b55151d52296fcce64d1a72538a70b90\",\"name\":\"apuntesdesanluis.com\",\"image\":{\"@type\":\"ImageObject\",\"inLanguage\":\"es-AR\",\"@id\":\"https:\/\/apuntesdesanluis.com\/#\/schema\/person\/image\/\",\"url\":\"https:\/\/apuntesdesanluis.com\/wp-content\/uploads\/2023\/07\/cropped-apuntesdesanluis.png\",\"contentUrl\":\"https:\/\/apuntesdesanluis.com\/wp-content\/uploads\/2023\/07\/cropped-apuntesdesanluis.png\",\"width\":450,\"height\":112,\"caption\":\"apuntesdesanluis.com\"},\"logo\":{\"@id\":\"https:\/\/apuntesdesanluis.com\/#\/schema\/person\/image\/\"},\"sameAs\":[\"https:\/\/apuntesdesanluis.com\"],\"url\":\"https:\/\/apuntesdesanluis.com\/index.php\/author\/apuntesdesanluis-com\/\"}]}<\/script>\n<!-- \/ Yoast SEO plugin. -->","yoast_head_json":{"title":"JUZGAN A LA MUJER POR EL INCENDIO DE SU VIVIENDA EN EL QUE MURI\u00d3 SU HIJA - Apuntes de San Luis","robots":{"index":"index","follow":"follow","max-snippet":"max-snippet:-1","max-image-preview":"max-image-preview:large","max-video-preview":"max-video-preview:-1"},"canonical":"https:\/\/apuntesdesanluis.com\/index.php\/2024\/03\/25\/juzgan-a-la-mujer-por-el-incendio-de-su-vivienda-en-el-que-murio-su-hija\/","og_locale":"es_ES","og_type":"article","og_title":"JUZGAN A LA MUJER POR EL INCENDIO DE SU VIVIENDA EN EL QUE MURI\u00d3 SU HIJA - Apuntes de San Luis","og_description":"En la ma\u00f1ana de hoy se desarrollaron los alegatos de inicio y se dispuso la...","og_url":"https:\/\/apuntesdesanluis.com\/index.php\/2024\/03\/25\/juzgan-a-la-mujer-por-el-incendio-de-su-vivienda-en-el-que-murio-su-hija\/","og_site_name":"Apuntes de San Luis","article_published_time":"2024-03-25T23:54:26+00:00","og_image":[{"width":671,"height":408,"url":"https:\/\/apuntesdesanluis.com\/wp-content\/uploads\/2024\/03\/AUDIENCIA-INCENDIO.png","type":"image\/png"}],"author":"apuntesdesanluis.com","twitter_card":"summary_large_image","twitter_misc":{"Escrito por":"apuntesdesanluis.com","Tiempo de lectura":"3 minutos"},"schema":{"@context":"https:\/\/schema.org","@graph":[{"@type":"Article","@id":"https:\/\/apuntesdesanluis.com\/index.php\/2024\/03\/25\/juzgan-a-la-mujer-por-el-incendio-de-su-vivienda-en-el-que-murio-su-hija\/#article","isPartOf":{"@id":"https:\/\/apuntesdesanluis.com\/index.php\/2024\/03\/25\/juzgan-a-la-mujer-por-el-incendio-de-su-vivienda-en-el-que-murio-su-hija\/"},"author":{"name":"apuntesdesanluis.com","@id":"https:\/\/apuntesdesanluis.com\/#\/schema\/person\/b55151d52296fcce64d1a72538a70b90"},"headline":"JUZGAN A LA MUJER POR EL INCENDIO DE SU VIVIENDA EN EL QUE MURI\u00d3 SU HIJA","datePublished":"2024-03-25T23:54:26+00:00","mainEntityOfPage":{"@id":"https:\/\/apuntesdesanluis.com\/index.php\/2024\/03\/25\/juzgan-a-la-mujer-por-el-incendio-de-su-vivienda-en-el-que-murio-su-hija\/"},"wordCount":647,"publisher":{"@id":"https:\/\/apuntesdesanluis.com\/#\/schema\/person\/b55151d52296fcce64d1a72538a70b90"},"image":{"@id":"https:\/\/apuntesdesanluis.com\/index.php\/2024\/03\/25\/juzgan-a-la-mujer-por-el-incendio-de-su-vivienda-en-el-que-murio-su-hija\/#primaryimage"},"thumbnailUrl":"https:\/\/apuntesdesanluis.com\/wp-content\/uploads\/2024\/03\/AUDIENCIA-INCENDIO.png","articleSection":["Ciudad\/Provincia"],"inLanguage":"es-AR"},{"@type":"WebPage","@id":"https:\/\/apuntesdesanluis.com\/index.php\/2024\/03\/25\/juzgan-a-la-mujer-por-el-incendio-de-su-vivienda-en-el-que-murio-su-hija\/","url":"https:\/\/apuntesdesanluis.com\/index.php\/2024\/03\/25\/juzgan-a-la-mujer-por-el-incendio-de-su-vivienda-en-el-que-murio-su-hija\/","name":"JUZGAN A LA MUJER POR EL INCENDIO DE SU VIVIENDA EN EL QUE MURI\u00d3 SU HIJA - Apuntes de San Luis","isPartOf":{"@id":"https:\/\/apuntesdesanluis.com\/#website"},"primaryImageOfPage":{"@id":"https:\/\/apuntesdesanluis.com\/index.php\/2024\/03\/25\/juzgan-a-la-mujer-por-el-incendio-de-su-vivienda-en-el-que-murio-su-hija\/#primaryimage"},"image":{"@id":"https:\/\/apuntesdesanluis.com\/index.php\/2024\/03\/25\/juzgan-a-la-mujer-por-el-incendio-de-su-vivienda-en-el-que-murio-su-hija\/#primaryimage"},"thumbnailUrl":"https:\/\/apuntesdesanluis.com\/wp-content\/uploads\/2024\/03\/AUDIENCIA-INCENDIO.png","datePublished":"2024-03-25T23:54:26+00:00","breadcrumb":{"@id":"https:\/\/apuntesdesanluis.com\/index.php\/2024\/03\/25\/juzgan-a-la-mujer-por-el-incendio-de-su-vivienda-en-el-que-murio-su-hija\/#breadcrumb"},"inLanguage":"es-AR","potentialAction":[{"@type":"ReadAction","target":["https:\/\/apuntesdesanluis.com\/index.php\/2024\/03\/25\/juzgan-a-la-mujer-por-el-incendio-de-su-vivienda-en-el-que-murio-su-hija\/"]}]},{"@type":"ImageObject","inLanguage":"es-AR","@id":"https:\/\/apuntesdesanluis.com\/index.php\/2024\/03\/25\/juzgan-a-la-mujer-por-el-incendio-de-su-vivienda-en-el-que-murio-su-hija\/#primaryimage","url":"https:\/\/apuntesdesanluis.com\/wp-content\/uploads\/2024\/03\/AUDIENCIA-INCENDIO.png","contentUrl":"https:\/\/apuntesdesanluis.com\/wp-content\/uploads\/2024\/03\/AUDIENCIA-INCENDIO.png","width":671,"height":408},{"@type":"BreadcrumbList","@id":"https:\/\/apuntesdesanluis.com\/index.php\/2024\/03\/25\/juzgan-a-la-mujer-por-el-incendio-de-su-vivienda-en-el-que-murio-su-hija\/#breadcrumb","itemListElement":[{"@type":"ListItem","position":1,"name":"Inicio","item":"https:\/\/apuntesdesanluis.com\/"},{"@type":"ListItem","position":2,"name":"JUZGAN A LA MUJER POR EL INCENDIO DE SU VIVIENDA EN EL QUE MURI\u00d3 SU HIJA"}]},{"@type":"WebSite","@id":"https:\/\/apuntesdesanluis.com\/#website","url":"https:\/\/apuntesdesanluis.com\/","name":"Apuntes de San Luis","description":"","publisher":{"@id":"https:\/\/apuntesdesanluis.com\/#\/schema\/person\/b55151d52296fcce64d1a72538a70b90"},"potentialAction":[{"@type":"SearchAction","target":{"@type":"EntryPoint","urlTemplate":"https:\/\/apuntesdesanluis.com\/?s={search_term_string}"},"query-input":{"@type":"PropertyValueSpecification","valueRequired":true,"valueName":"search_term_string"}}],"inLanguage":"es-AR"},{"@type":["Person","Organization"],"@id":"https:\/\/apuntesdesanluis.com\/#\/schema\/person\/b55151d52296fcce64d1a72538a70b90","name":"apuntesdesanluis.com","image":{"@type":"ImageObject","inLanguage":"es-AR","@id":"https:\/\/apuntesdesanluis.com\/#\/schema\/person\/image\/","url":"https:\/\/apuntesdesanluis.com\/wp-content\/uploads\/2023\/07\/cropped-apuntesdesanluis.png","contentUrl":"https:\/\/apuntesdesanluis.com\/wp-content\/uploads\/2023\/07\/cropped-apuntesdesanluis.png","width":450,"height":112,"caption":"apuntesdesanluis.com"},"logo":{"@id":"https:\/\/apuntesdesanluis.com\/#\/schema\/person\/image\/"},"sameAs":["https:\/\/apuntesdesanluis.com"],"url":"https:\/\/apuntesdesanluis.com\/index.php\/author\/apuntesdesanluis-com\/"}]}},"featured_image_urls":{"full":["https:\/\/apuntesdesanluis.com\/wp-content\/uploads\/2024\/03\/AUDIENCIA-INCENDIO.png",671,408,false],"thumbnail":["https:\/\/apuntesdesanluis.com\/wp-content\/uploads\/2024\/03\/AUDIENCIA-INCENDIO-150x150.png",150,150,true],"medium":["https:\/\/apuntesdesanluis.com\/wp-content\/uploads\/2024\/03\/AUDIENCIA-INCENDIO-300x182.png",300,182,true],"medium_large":["https:\/\/apuntesdesanluis.com\/wp-content\/uploads\/2024\/03\/AUDIENCIA-INCENDIO.png",640,389,false],"large":["https:\/\/apuntesdesanluis.com\/wp-content\/uploads\/2024\/03\/AUDIENCIA-INCENDIO.png",640,389,false],"1536x1536":["https:\/\/apuntesdesanluis.com\/wp-content\/uploads\/2024\/03\/AUDIENCIA-INCENDIO.png",671,408,false],"2048x2048":["https:\/\/apuntesdesanluis.com\/wp-content\/uploads\/2024\/03\/AUDIENCIA-INCENDIO.png",671,408,false],"newsever-slider-full":["https:\/\/apuntesdesanluis.com\/wp-content\/uploads\/2024\/03\/AUDIENCIA-INCENDIO.png",671,408,false],"newsever-featured":["https:\/\/apuntesdesanluis.com\/wp-content\/uploads\/2024\/03\/AUDIENCIA-INCENDIO.png",671,408,false],"newsever-medium":["https:\/\/apuntesdesanluis.com\/wp-content\/uploads\/2024\/03\/AUDIENCIA-INCENDIO.png",671,408,false]},"author_info":{"display_name":"apuntesdesanluis.com","author_link":"https:\/\/apuntesdesanluis.com\/index.php\/author\/apuntesdesanluis-com\/"},"category_info":"<a href=\"https:\/\/apuntesdesanluis.com\/index.php\/category\/ciudad-provincia\/\" rel=\"category tag\">Ciudad\/Provincia<\/a>","tag_info":"Ciudad\/Provincia","comment_count":"0","_links":{"self":[{"href":"https:\/\/apuntesdesanluis.com\/index.php\/wp-json\/wp\/v2\/posts\/13696","targetHints":{"allow":["GET"]}}],"collection":[{"href":"https:\/\/apuntesdesanluis.com\/index.php\/wp-json\/wp\/v2\/posts"}],"about":[{"href":"https:\/\/apuntesdesanluis.com\/index.php\/wp-json\/wp\/v2\/types\/post"}],"author":[{"embeddable":true,"href":"https:\/\/apuntesdesanluis.com\/index.php\/wp-json\/wp\/v2\/users\/1"}],"replies":[{"embeddable":true,"href":"https:\/\/apuntesdesanluis.com\/index.php\/wp-json\/wp\/v2\/comments?post=13696"}],"version-history":[{"count":1,"href":"https:\/\/apuntesdesanluis.com\/index.php\/wp-json\/wp\/v2\/posts\/13696\/revisions"}],"predecessor-version":[{"id":13698,"href":"https:\/\/apuntesdesanluis.com\/index.php\/wp-json\/wp\/v2\/posts\/13696\/revisions\/13698"}],"wp:featuredmedia":[{"embeddable":true,"href":"https:\/\/apuntesdesanluis.com\/index.php\/wp-json\/wp\/v2\/media\/13697"}],"wp:attachment":[{"href":"https:\/\/apuntesdesanluis.com\/index.php\/wp-json\/wp\/v2\/media?parent=13696"}],"wp:term":[{"taxonomy":"category","embeddable":true,"href":"https:\/\/apuntesdesanluis.com\/index.php\/wp-json\/wp\/v2\/categories?post=13696"},{"taxonomy":"post_tag","embeddable":true,"href":"https:\/\/apuntesdesanluis.com\/index.php\/wp-json\/wp\/v2\/tags?post=13696"}],"curies":[{"name":"wp","href":"https:\/\/api.w.org\/{rel}","templated":true}]}}